{"id":99966,"date":"2024-05-08T10:55:31","date_gmt":"2024-05-08T14:55:31","guid":{"rendered":"https:\/\/editionap.ca\/?p=99966"},"modified":"2026-02-17T20:52:09","modified_gmt":"2026-02-17T19:52:09","slug":"council-strategic-plan-9","status":"publish","type":"post","link":"https:\/\/visionrockland.ca\/en\/sports-loisirs\/council-strategic-plan-9\/","title":{"rendered":"Arm\u00e9 et pr\u00eat : Un adolescent local brille dans les comp\u00e9titions de bras de fer"},"content":{"rendered":"<p><b><span data-contrast=\"none\">Zakary Poupart est d\u00e9j\u00e0 en train de se b\u00e2tir une belle carri\u00e8re au bras de fer. \u202f<\/span><\/b><span data-ccp-props=\"{&quot;201341983&quot;:2,&quot;335551550&quot;:6,&quot;335551620&quot;:6,&quot;335559731&quot;:240,&quot;335559739&quot;:0,&quot;335559740&quot;:240}\">\u00a0<\/span><\/p>\n<p><span data-contrast=\"none\">L&#8217;\u00e9l\u00e8ve de 10e ann\u00e9e, de l&#8217;\u00c9cole secondaire catholique l&#8217;Escale, a r\u00e9cemment remport\u00e9 la premi\u00e8re place dans la cat\u00e9gorie des poids libres de 151 lb et plus (avec son bras gauche), lors du deuxi\u00e8me tournoi annuel de lutte \u00e0 la ferme de Picton Arm Wrestling qui s&#8217;est d\u00e9roul\u00e9 \u00e0 Loha Farms le 27 avril. \u202f<\/span><span data-ccp-props=\"{&quot;201341983&quot;:2,&quot;335551550&quot;:6,&quot;335551620&quot;:6,&quot;335559731&quot;:240,&quot;335559739&quot;:0,&quot;335559740&quot;:240}\">\u00a0<\/span><\/p>\n<p><span data-contrast=\"none\">C&#8217;est la derni\u00e8re d&#8217;une s\u00e9rie de succ\u00e8s pour l&#8217;adolescent, qui s&#8217;est class\u00e9 premier (avec les deux bras) au East Region Arm Wrestling High School Tournament en mars et qui a \u00e9galement termin\u00e9 deuxi\u00e8me (avec les deux bras) au tournoi Capital Fair en ao\u00fbt dernier.\u202f<\/span><span data-ccp-props=\"{&quot;201341983&quot;:2,&quot;335551550&quot;:6,&quot;335551620&quot;:6,&quot;335559731&quot;:240,&quot;335559739&quot;:0,&quot;335559740&quot;:240}\">\u00a0<\/span><\/p>\n<p><span data-contrast=\"none\">Poupart a eu envie d&#8217;essayer ce sport apr\u00e8s avoir vu \u00e0 la t\u00e9l\u00e9vision le champion canadien de bras de fer Devon Larratt lors d&#8217;une comp\u00e9tition. \u202f<\/span><span data-ccp-props=\"{&quot;201341983&quot;:2,&quot;335551550&quot;:6,&quot;335551620&quot;:6,&quot;335559731&quot;:240,&quot;335559739&quot;:0,&quot;335559740&quot;:240}\">\u00a0<\/span><\/p>\n<p><span data-contrast=\"none\">\u00abJ&#8217;ai regard\u00e9 tous ses matchs et je voulais lui ressembler\u00bb, a d\u00e9clar\u00e9 Poupart. \u202f<\/span><span data-ccp-props=\"{&quot;201341983&quot;:2,&quot;335551550&quot;:6,&quot;335551620&quot;:6,&quot;335559731&quot;:240,&quot;335559739&quot;:0,&quot;335559740&quot;:240}\">\u00a0<\/span><\/p>\n<p><span data-contrast=\"none\">Larratt est connu pour se rendre dans les tournois et Poupart a admis avoir \u00e9t\u00e9 frapp\u00e9 par les \u00e9toiles lorsqu&#8217;il a rencontr\u00e9 la star canadienne du bras de fer. \u202f<\/span><span data-ccp-props=\"{&quot;201341983&quot;:2,&quot;335551550&quot;:6,&quot;335551620&quot;:6,&quot;335559731&quot;:240,&quot;335559739&quot;:0,&quot;335559740&quot;:240}\">\u00a0<\/span><\/p>\n<p><span data-contrast=\"none\">Poupart a m\u00eame \u00e9t\u00e9 invit\u00e9 au club d&#8217;entra\u00eenement de Larratt plus t\u00f4t cette ann\u00e9e, o\u00f9 il a eu la chance d&#8217;apprendre de son idole du bras de fer, qui a dit que le jeune espoir a du potentiel et qu&#8217;il voit quelque chose de \u00absp\u00e9cial\u00bb en lui. \u202f<\/span><span data-ccp-props=\"{&quot;201341983&quot;:2,&quot;335551550&quot;:6,&quot;335551620&quot;:6,&quot;335559731&quot;:240,&quot;335559739&quot;:0,&quot;335559740&quot;:240}\">\u00a0<\/span><\/p>\n<p><span data-contrast=\"none\">\u00abJe l&#8217;ai regard\u00e9 \u00e0 la t\u00e9l\u00e9vision et maintenant, il est devant moi, il me parle, me donne des conseils et me soutient, a d\u00e9clar\u00e9 Poupart. Il m&#8217;a fait beaucoup de compliments et n&#8217;a cess\u00e9 de me dire que j&#8217;avais beaucoup de potentiel. J&#8217;ai \u00e9t\u00e9 tr\u00e8s surpris. C&#8217;\u00e9tait une exp\u00e9rience extraordinaire pour moi.\u00bb<\/span><span data-ccp-props=\"{&quot;201341983&quot;:2,&quot;335551550&quot;:6,&quot;335551620&quot;:6,&quot;335559731&quot;:240,&quot;335559739&quot;:0,&quot;335559740&quot;:240}\">\u00a0<\/span><\/p>\n<p><span data-contrast=\"none\">Au d\u00e9but de son p\u00e9riple dans le bras de fer, l&#8217;adolescent a \u00e9t\u00e9 pris sous l&#8217;aile de son cousin, Justin Major de Casselman, qui s&#8217;est fait un nom dans la communaut\u00e9 canadienne du bras de fer. \u202f<\/span><span data-ccp-props=\"{&quot;201341983&quot;:2,&quot;335551550&quot;:6,&quot;335551620&quot;:6,&quot;335559731&quot;:240,&quot;335559739&quot;:0,&quot;335559740&quot;:240}\">\u00a0<\/span><\/p>\n<p><span data-ccp-props=\"{&quot;201341983&quot;:2,&quot;335551550&quot;:6,&quot;335551620&quot;:6,&quot;335559731&quot;:240,&quot;335559739&quot;:0,&quot;335559740&quot;:240}\">\u00a0<\/span><span data-contrast=\"none\">\u00abIl m&#8217;a vraiment aid\u00e9 avec la technique, a d\u00e9clar\u00e9 Poupart. Il m&#8217;a vraiment aid\u00e9 \u00e0 d\u00e9marrer et \u00e0 apprendre ce que je devais savoir sur le bras de fer.\u00bb\u202f<\/span><span data-ccp-props=\"{&quot;201341983&quot;:2,&quot;335551550&quot;:6,&quot;335551620&quot;:6,&quot;335559731&quot;:240,&quot;335559739&quot;:0,&quot;335559740&quot;:240}\">\u00a0<\/span><\/p>\n<p><span data-contrast=\"none\">Poupart esp\u00e8re que ses r\u00e9cents succ\u00e8s en comp\u00e9tition lui permettront de participer aux championnats provinciaux, qui auront lieu le 18 mai \u00e0 Sudbury. \u202f<\/span><span data-ccp-props=\"{&quot;201341983&quot;:2,&quot;335551550&quot;:6,&quot;335551620&quot;:6,&quot;335559731&quot;:240,&quot;335559739&quot;:0,&quot;335559740&quot;:240}\">\u00a0<\/span><\/p>\n<p><span data-contrast=\"none\">Il participe \u00e0 des comp\u00e9titions tout au long de l&#8217;ann\u00e9e et s&#8217;entra\u00eene une fois par semaine avec un groupe de Hammond. \u202f<\/span><span data-ccp-props=\"{&quot;201341983&quot;:2,&quot;335551550&quot;:6,&quot;335551620&quot;:6,&quot;335559731&quot;:240,&quot;335559739&quot;:0,&quot;335559740&quot;:240}\">\u00a0<\/span><\/p>\n<p><span data-contrast=\"none\">\u00abJ&#8217;aime le sentiment que je ressens lorsque je participe \u00e0 une comp\u00e9tition de bras de fer, a d\u00e9clar\u00e9 Poupart, qui joue \u00e9galement au hockey. C&#8217;est tr\u00e8s amusant et nous verrons jusqu&#8217;o\u00f9 cela me m\u00e8nera.\u00bb\u202f<\/span><span data-ccp-props=\"{&quot;201341983&quot;:2,&quot;335551550&quot;:6,&quot;335551620&quot;:6,&quot;335559731&quot;:240,&quot;335559739&quot;:0,&quot;335559740&quot;:240}\">\u00a0<\/span><\/p>\n","protected":false},"excerpt":{"rendered":"<p>Zakary Poupart est d\u00e9j\u00e0 en train de se b\u00e2tir une belle carri\u00e8re au bras de fer. \u202f\u00a0 L&#8217;\u00e9l\u00e8ve de 10e ann\u00e9e, de l&#8217;\u00c9cole secondaire catholique l&#8217;Escale, a r\u00e9cemment remport\u00e9 la premi\u00e8re place dans la cat\u00e9gorie des poids libres de 151 lb et plus (avec son bras gauche), lors du deuxi\u00e8me tournoi annuel de lutte \u00e0 [&hellip;]<\/p>\n","protected":false},"author":27,"featured_media":28693,"comment_status":"closed","ping_status":"open","sticky":false,"template":"","format":"standard","meta":{"_acf_changed":false,"footnotes":""},"categories":[38],"tags":[],"class_list":["post-99966","post","type-post","status-publish","format-standard","has-post-thumbnail","hentry","category-sports-loisirs"],"acf":[],"featured_media_global":[],"yoast_head":"<!-- This site is optimized with the Yoast SEO plugin v27.5 - https:\/\/yoast.com\/product\/yoast-seo-wordpress\/ -->\n<title>Arm\u00e9 et pr\u00eat : Un adolescent local brille dans les comp\u00e9titions de bras de fer - Vision<\/title>\n<meta name=\"description\" content=\"Zakary Poupart est d\u00e9j\u00e0 en train de se b\u00e2tir une belle carri\u00e8re au bras de fer.\" \/>\n<meta name=\"robots\" content=\"index, follow, max-snippet:-1, max-image-preview:large, max-video-preview:-1\" \/>\n<link rel=\"canonical\" href=\"https:\/\/visionrockland.ca\/en\/sports-loisirs\/council-strategic-plan-9\/\" \/>\n<meta property=\"og:locale\" content=\"en_US\" \/>\n<meta property=\"og:type\" content=\"article\" \/>\n<meta property=\"og:title\" content=\"Arm\u00e9 et pr\u00eat : Un adolescent local brille dans les comp\u00e9titions de bras de fer - Vision\" \/>\n<meta property=\"og:description\" content=\"Zakary Poupart est d\u00e9j\u00e0 en train de se b\u00e2tir une belle carri\u00e8re au bras de fer.\" \/>\n<meta property=\"og:url\" content=\"https:\/\/visionrockland.ca\/en\/sports-loisirs\/council-strategic-plan-9\/\" \/>\n<meta property=\"og:site_name\" content=\"Vision\" \/>\n<meta property=\"article:published_time\" content=\"2024-05-08T14:55:31+00:00\" \/>\n<meta property=\"article:modified_time\" content=\"2026-02-17T19:52:09+00:00\" \/>\n<meta property=\"og:image\" content=\"https:\/\/cdn.editionap.ca\/wp-content\/uploads\/sites\/3\/2023\/03\/ARMWRESTLING-pexels-stock-WEB-2.jpg\" \/>\n\t<meta property=\"og:image:width\" content=\"1556\" \/>\n\t<meta property=\"og:image:height\" content=\"1346\" \/>\n\t<meta property=\"og:image:type\" content=\"image\/jpeg\" \/>\n<meta name=\"author\" content=\"Anil Jhalli\" \/>\n<meta name=\"twitter:card\" content=\"summary_large_image\" \/>\n<meta name=\"twitter:label1\" content=\"Written by\" \/>\n\t<meta name=\"twitter:data1\" content=\"Anil Jhalli\" \/>\n\t<meta name=\"twitter:label2\" content=\"Est. reading time\" \/>\n\t<meta name=\"twitter:data2\" content=\"3 minutes\" \/>\n<script type=\"application\/ld+json\" class=\"yoast-schema-graph\">{\"@context\":\"https:\\\/\\\/schema.org\",\"@graph\":[{\"@type\":\"Article\",\"@id\":\"https:\\\/\\\/visionrockland.ca\\\/en\\\/sports-loisirs\\\/council-strategic-plan-9\\\/#article\",\"isPartOf\":{\"@id\":\"https:\\\/\\\/visionrockland.ca\\\/en\\\/sports-loisirs\\\/council-strategic-plan-9\\\/\"},\"author\":{\"name\":\"Anil Jhalli\",\"@id\":\"https:\\\/\\\/visionrockland.ca\\\/en\\\/#\\\/schema\\\/person\\\/a09095fdf65e09e747105760fe90175c\"},\"headline\":\"Arm\u00e9 et pr\u00eat : Un adolescent local brille dans les comp\u00e9titions de bras de fer\",\"datePublished\":\"2024-05-08T14:55:31+00:00\",\"dateModified\":\"2026-02-17T19:52:09+00:00\",\"mainEntityOfPage\":{\"@id\":\"https:\\\/\\\/visionrockland.ca\\\/en\\\/sports-loisirs\\\/council-strategic-plan-9\\\/\"},\"wordCount\":502,\"image\":{\"@id\":\"https:\\\/\\\/visionrockland.ca\\\/en\\\/sports-loisirs\\\/council-strategic-plan-9\\\/#primaryimage\"},\"thumbnailUrl\":\"https:\\\/\\\/cdn.editionap.ca\\\/wp-content\\\/uploads\\\/sites\\\/3\\\/2023\\\/03\\\/ARMWRESTLING-pexels-stock-WEB-2.jpg\",\"articleSection\":[\"Sports et loisirs\"],\"inLanguage\":\"en-US\"},{\"@type\":\"WebPage\",\"@id\":\"https:\\\/\\\/visionrockland.ca\\\/en\\\/sports-loisirs\\\/council-strategic-plan-9\\\/\",\"url\":\"https:\\\/\\\/visionrockland.ca\\\/en\\\/sports-loisirs\\\/council-strategic-plan-9\\\/\",\"name\":\"Arm\u00e9 et pr\u00eat : Un adolescent local brille dans les comp\u00e9titions de bras de fer - Vision\",\"isPartOf\":{\"@id\":\"https:\\\/\\\/visionrockland.ca\\\/en\\\/#website\"},\"primaryImageOfPage\":{\"@id\":\"https:\\\/\\\/visionrockland.ca\\\/en\\\/sports-loisirs\\\/council-strategic-plan-9\\\/#primaryimage\"},\"image\":{\"@id\":\"https:\\\/\\\/visionrockland.ca\\\/en\\\/sports-loisirs\\\/council-strategic-plan-9\\\/#primaryimage\"},\"thumbnailUrl\":\"https:\\\/\\\/cdn.editionap.ca\\\/wp-content\\\/uploads\\\/sites\\\/3\\\/2023\\\/03\\\/ARMWRESTLING-pexels-stock-WEB-2.jpg\",\"datePublished\":\"2024-05-08T14:55:31+00:00\",\"dateModified\":\"2026-02-17T19:52:09+00:00\",\"author\":{\"@id\":\"https:\\\/\\\/visionrockland.ca\\\/en\\\/#\\\/schema\\\/person\\\/a09095fdf65e09e747105760fe90175c\"},\"description\":\"Zakary Poupart est d\u00e9j\u00e0 en train de se b\u00e2tir une belle carri\u00e8re au bras de fer.\",\"breadcrumb\":{\"@id\":\"https:\\\/\\\/visionrockland.ca\\\/en\\\/sports-loisirs\\\/council-strategic-plan-9\\\/#breadcrumb\"},\"inLanguage\":\"en-US\",\"potentialAction\":[{\"@type\":\"ReadAction\",\"target\":[\"https:\\\/\\\/visionrockland.ca\\\/en\\\/sports-loisirs\\\/council-strategic-plan-9\\\/\"]}]},{\"@type\":\"ImageObject\",\"inLanguage\":\"en-US\",\"@id\":\"https:\\\/\\\/visionrockland.ca\\\/en\\\/sports-loisirs\\\/council-strategic-plan-9\\\/#primaryimage\",\"url\":\"https:\\\/\\\/cdn.editionap.ca\\\/wp-content\\\/uploads\\\/sites\\\/3\\\/2023\\\/03\\\/ARMWRESTLING-pexels-stock-WEB-2.jpg\",\"contentUrl\":\"https:\\\/\\\/cdn.editionap.ca\\\/wp-content\\\/uploads\\\/sites\\\/3\\\/2023\\\/03\\\/ARMWRESTLING-pexels-stock-WEB-2.jpg\",\"width\":1556,\"height\":1346,\"caption\":\"Zakary Poupart, \u00e9l\u00e8ve de 10e ann\u00e9e \u00e0 l'\u00c9cole secondaire catholique l'Escale, se pr\u00e9pare \u00e0 participer aux championnats provinciaux de bras de fer qui auront lieu plus tard ce mois-ci \u00e0 Sudbury\"},{\"@type\":\"BreadcrumbList\",\"@id\":\"https:\\\/\\\/visionrockland.ca\\\/en\\\/sports-loisirs\\\/council-strategic-plan-9\\\/#breadcrumb\",\"itemListElement\":[{\"@type\":\"ListItem\",\"position\":1,\"name\":\"Accueil\",\"item\":\"https:\\\/\\\/visionrockland.ca\\\/en\\\/\"},{\"@type\":\"ListItem\",\"position\":2,\"name\":\"Arm\u00e9 et pr\u00eat : Un adolescent local brille dans les comp\u00e9titions de bras de fer\"}]},{\"@type\":\"WebSite\",\"@id\":\"https:\\\/\\\/visionrockland.ca\\\/en\\\/#website\",\"url\":\"https:\\\/\\\/visionrockland.ca\\\/en\\\/\",\"name\":\"Vision\",\"description\":\"\",\"potentialAction\":[{\"@type\":\"SearchAction\",\"target\":{\"@type\":\"EntryPoint\",\"urlTemplate\":\"https:\\\/\\\/visionrockland.ca\\\/en\\\/?s={search_term_string}\"},\"query-input\":{\"@type\":\"PropertyValueSpecification\",\"valueRequired\":true,\"valueName\":\"search_term_string\"}}],\"inLanguage\":\"en-US\"},{\"@type\":\"Person\",\"@id\":\"https:\\\/\\\/visionrockland.ca\\\/en\\\/#\\\/schema\\\/person\\\/a09095fdf65e09e747105760fe90175c\",\"name\":\"Anil Jhalli\",\"image\":{\"@type\":\"ImageObject\",\"inLanguage\":\"en-US\",\"@id\":\"https:\\\/\\\/secure.gravatar.com\\\/avatar\\\/63becc64fff8877a05400459aa003b94a1fdc8d3954acacc688ee6a2bc39fef8?s=96&d=mm&r=g\",\"url\":\"https:\\\/\\\/secure.gravatar.com\\\/avatar\\\/63becc64fff8877a05400459aa003b94a1fdc8d3954acacc688ee6a2bc39fef8?s=96&d=mm&r=g\",\"contentUrl\":\"https:\\\/\\\/secure.gravatar.com\\\/avatar\\\/63becc64fff8877a05400459aa003b94a1fdc8d3954acacc688ee6a2bc39fef8?s=96&d=mm&r=g\",\"caption\":\"Anil Jhalli\"}}]}<\/script>\n<!-- \/ Yoast SEO plugin. -->","yoast_head_json":{"title":"Arm\u00e9 et pr\u00eat : Un adolescent local brille dans les comp\u00e9titions de bras de fer - Vision","description":"Zakary Poupart est d\u00e9j\u00e0 en train de se b\u00e2tir une belle carri\u00e8re au bras de fer.","robots":{"index":"index","follow":"follow","max-snippet":"max-snippet:-1","max-image-preview":"max-image-preview:large","max-video-preview":"max-video-preview:-1"},"canonical":"https:\/\/visionrockland.ca\/en\/sports-loisirs\/council-strategic-plan-9\/","og_locale":"en_US","og_type":"article","og_title":"Arm\u00e9 et pr\u00eat : Un adolescent local brille dans les comp\u00e9titions de bras de fer - Vision","og_description":"Zakary Poupart est d\u00e9j\u00e0 en train de se b\u00e2tir une belle carri\u00e8re au bras de fer.","og_url":"https:\/\/visionrockland.ca\/en\/sports-loisirs\/council-strategic-plan-9\/","og_site_name":"Vision","article_published_time":"2024-05-08T14:55:31+00:00","article_modified_time":"2026-02-17T19:52:09+00:00","og_image":[{"width":1556,"height":1346,"url":"https:\/\/cdn.editionap.ca\/wp-content\/uploads\/sites\/3\/2023\/03\/ARMWRESTLING-pexels-stock-WEB-2.jpg","type":"image\/jpeg"}],"author":"Anil Jhalli","twitter_card":"summary_large_image","twitter_misc":{"Written by":"Anil Jhalli","Est. reading time":"3 minutes"},"schema":{"@context":"https:\/\/schema.org","@graph":[{"@type":"Article","@id":"https:\/\/visionrockland.ca\/en\/sports-loisirs\/council-strategic-plan-9\/#article","isPartOf":{"@id":"https:\/\/visionrockland.ca\/en\/sports-loisirs\/council-strategic-plan-9\/"},"author":{"name":"Anil Jhalli","@id":"https:\/\/visionrockland.ca\/en\/#\/schema\/person\/a09095fdf65e09e747105760fe90175c"},"headline":"Arm\u00e9 et pr\u00eat : Un adolescent local brille dans les comp\u00e9titions de bras de fer","datePublished":"2024-05-08T14:55:31+00:00","dateModified":"2026-02-17T19:52:09+00:00","mainEntityOfPage":{"@id":"https:\/\/visionrockland.ca\/en\/sports-loisirs\/council-strategic-plan-9\/"},"wordCount":502,"image":{"@id":"https:\/\/visionrockland.ca\/en\/sports-loisirs\/council-strategic-plan-9\/#primaryimage"},"thumbnailUrl":"https:\/\/cdn.editionap.ca\/wp-content\/uploads\/sites\/3\/2023\/03\/ARMWRESTLING-pexels-stock-WEB-2.jpg","articleSection":["Sports et loisirs"],"inLanguage":"en-US"},{"@type":"WebPage","@id":"https:\/\/visionrockland.ca\/en\/sports-loisirs\/council-strategic-plan-9\/","url":"https:\/\/visionrockland.ca\/en\/sports-loisirs\/council-strategic-plan-9\/","name":"Arm\u00e9 et pr\u00eat : Un adolescent local brille dans les comp\u00e9titions de bras de fer - Vision","isPartOf":{"@id":"https:\/\/visionrockland.ca\/en\/#website"},"primaryImageOfPage":{"@id":"https:\/\/visionrockland.ca\/en\/sports-loisirs\/council-strategic-plan-9\/#primaryimage"},"image":{"@id":"https:\/\/visionrockland.ca\/en\/sports-loisirs\/council-strategic-plan-9\/#primaryimage"},"thumbnailUrl":"https:\/\/cdn.editionap.ca\/wp-content\/uploads\/sites\/3\/2023\/03\/ARMWRESTLING-pexels-stock-WEB-2.jpg","datePublished":"2024-05-08T14:55:31+00:00","dateModified":"2026-02-17T19:52:09+00:00","author":{"@id":"https:\/\/visionrockland.ca\/en\/#\/schema\/person\/a09095fdf65e09e747105760fe90175c"},"description":"Zakary Poupart est d\u00e9j\u00e0 en train de se b\u00e2tir une belle carri\u00e8re au bras de fer.","breadcrumb":{"@id":"https:\/\/visionrockland.ca\/en\/sports-loisirs\/council-strategic-plan-9\/#breadcrumb"},"inLanguage":"en-US","potentialAction":[{"@type":"ReadAction","target":["https:\/\/visionrockland.ca\/en\/sports-loisirs\/council-strategic-plan-9\/"]}]},{"@type":"ImageObject","inLanguage":"en-US","@id":"https:\/\/visionrockland.ca\/en\/sports-loisirs\/council-strategic-plan-9\/#primaryimage","url":"https:\/\/cdn.editionap.ca\/wp-content\/uploads\/sites\/3\/2023\/03\/ARMWRESTLING-pexels-stock-WEB-2.jpg","contentUrl":"https:\/\/cdn.editionap.ca\/wp-content\/uploads\/sites\/3\/2023\/03\/ARMWRESTLING-pexels-stock-WEB-2.jpg","width":1556,"height":1346,"caption":"Zakary Poupart, \u00e9l\u00e8ve de 10e ann\u00e9e \u00e0 l'\u00c9cole secondaire catholique l'Escale, se pr\u00e9pare \u00e0 participer aux championnats provinciaux de bras de fer qui auront lieu plus tard ce mois-ci \u00e0 Sudbury"},{"@type":"BreadcrumbList","@id":"https:\/\/visionrockland.ca\/en\/sports-loisirs\/council-strategic-plan-9\/#breadcrumb","itemListElement":[{"@type":"ListItem","position":1,"name":"Accueil","item":"https:\/\/visionrockland.ca\/en\/"},{"@type":"ListItem","position":2,"name":"Arm\u00e9 et pr\u00eat : Un adolescent local brille dans les comp\u00e9titions de bras de fer"}]},{"@type":"WebSite","@id":"https:\/\/visionrockland.ca\/en\/#website","url":"https:\/\/visionrockland.ca\/en\/","name":"Vision","description":"","potentialAction":[{"@type":"SearchAction","target":{"@type":"EntryPoint","urlTemplate":"https:\/\/visionrockland.ca\/en\/?s={search_term_string}"},"query-input":{"@type":"PropertyValueSpecification","valueRequired":true,"valueName":"search_term_string"}}],"inLanguage":"en-US"},{"@type":"Person","@id":"https:\/\/visionrockland.ca\/en\/#\/schema\/person\/a09095fdf65e09e747105760fe90175c","name":"Anil Jhalli","image":{"@type":"ImageObject","inLanguage":"en-US","@id":"https:\/\/secure.gravatar.com\/avatar\/63becc64fff8877a05400459aa003b94a1fdc8d3954acacc688ee6a2bc39fef8?s=96&d=mm&r=g","url":"https:\/\/secure.gravatar.com\/avatar\/63becc64fff8877a05400459aa003b94a1fdc8d3954acacc688ee6a2bc39fef8?s=96&d=mm&r=g","contentUrl":"https:\/\/secure.gravatar.com\/avatar\/63becc64fff8877a05400459aa003b94a1fdc8d3954acacc688ee6a2bc39fef8?s=96&d=mm&r=g","caption":"Anil Jhalli"}}]}},"_links":{"self":[{"href":"https:\/\/visionrockland.ca\/en\/wp-json\/wp\/v2\/posts\/99966","targetHints":{"allow":["GET"]}}],"collection":[{"href":"https:\/\/visionrockland.ca\/en\/wp-json\/wp\/v2\/posts"}],"about":[{"href":"https:\/\/visionrockland.ca\/en\/wp-json\/wp\/v2\/types\/post"}],"author":[{"embeddable":true,"href":"https:\/\/visionrockland.ca\/en\/wp-json\/wp\/v2\/users\/27"}],"replies":[{"embeddable":true,"href":"https:\/\/visionrockland.ca\/en\/wp-json\/wp\/v2\/comments?post=99966"}],"version-history":[{"count":1,"href":"https:\/\/visionrockland.ca\/en\/wp-json\/wp\/v2\/posts\/99966\/revisions"}],"predecessor-version":[{"id":132524,"href":"https:\/\/visionrockland.ca\/en\/wp-json\/wp\/v2\/posts\/99966\/revisions\/132524"}],"wp:featuredmedia":[{"embeddable":true,"href":"https:\/\/visionrockland.ca\/en\/wp-json\/wp\/v2\/media\/28693"}],"wp:attachment":[{"href":"https:\/\/visionrockland.ca\/en\/wp-json\/wp\/v2\/media?parent=99966"}],"wp:term":[{"taxonomy":"category","embeddable":true,"href":"https:\/\/visionrockland.ca\/en\/wp-json\/wp\/v2\/categories?post=99966"},{"taxonomy":"post_tag","embeddable":true,"href":"https:\/\/visionrockland.ca\/en\/wp-json\/wp\/v2\/tags?post=99966"}],"curies":[{"name":"wp","href":"https:\/\/api.w.org\/{rel}","templated":true}]}}