{"id":99583,"date":"2024-03-27T15:23:40","date_gmt":"2024-03-27T19:23:40","guid":{"rendered":"https:\/\/editionap.ca\/?p=99583"},"modified":"2026-02-17T20:52:09","modified_gmt":"2026-02-17T19:52:09","slug":"chef_des_pompiers_casselman","status":"publish","type":"post","link":"https:\/\/visionrockland.ca\/en\/actualites\/chef_des_pompiers_casselman\/","title":{"rendered":"Le chef des pompiers de C-R supervisera le service des incendies \u00e0 Casselman en attendant l&#8217;approbation du conseil municipal"},"content":{"rendered":"<p>Le chef des pompiers de Clarence-Rockland superviserales op\u00e9rations dans unemunicipalit\u00e9 voisine, sous r\u00e9serve de l&#8217;approbation du conseil municipal local.<\/p>\n<p>La Cit\u00e9 de Clarence-Rockland et la municipalit\u00e9 de Casselman sont sur le point deconclure une entente selon laquelle la municipalit\u00e9 de Casselman paierait la Cit\u00e9 deClarence-Rockland pour g\u00e9rer son service des incendies, ce qui permettrait \u00e0 lamunicipalit\u00e9 de Casselman de s&#8217;occuper de la gestion de son service des incendies.<\/p>\n<p>Le sujet sera d\u00e9battu lors de la r\u00e9union du conseil municipal de Clarence-Rockland lemois prochain.<\/p>\n<p>\u00abIl s&#8217;agit d&#8217;une question dont nous avons discut\u00e9 et sur laquelle nous travaillons en cemoment m\u00eame\u00bb, a d\u00e9clar\u00e9 le chef des pompiers de Clarence-Rockland, MarioVilleneuve, qui est originaire de la r\u00e9gion de Casselman et qui consid\u00e8re cette occasioncomme une sorte de retour au bercail.<\/p>\n<p>M. Villeneuve supervise actuellement les op\u00e9rations \u00e0 La Nation ainsi qu&#8217;\u00e0 Clarence-Rockland. Si le conseil municipal approuve l&#8217;entente entre les deux municipalit\u00e9s, M.Villeneuve commencera \u00e0 g\u00e9rer le service des incendies de Casselman le 1er mai.<\/p>\n<p>Avec l&#8217;ajout de la gestion du service des incendies de Casselman, M. Villeneuve necroit pas que son emploi du temps sera trop charg\u00e9 pour superviser le service des incendies dans trois r\u00e9gions. Il estimpatient de relever le d\u00e9fi et d&#8217;avoir l&#8217;occasion de travailler dans une communaut\u00e9qu&#8217;il consid\u00e8re comme sa maison, car il conna\u00eet tr\u00e8s bien la r\u00e9gion et ses habitants.<\/p>\n<p>\u00abLes choses vont tr\u00e8s bien \u00e0 La Nation et \u00e0 Clarence-Rockland, et il \u00e9tait logique decommencer \u00e0 Casselman, a ajout\u00e9 M. Villeneuve. Je ne le fais pas seul, j&#8217;ai une \u00e9quipeformidable qui m&#8217;appuie et qui aide la communaut\u00e9.\u00bb<\/p>\n<p>Le conseil municipal discutera de l&#8217;entente entre les deux villes le 20 avril.<\/p>\n","protected":false},"excerpt":{"rendered":"<p>Le chef des pompiers de Clarence-Rockland superviserales op\u00e9rations dans unemunicipalit\u00e9 voisine, sous r\u00e9serve de l&#8217;approbation du conseil municipal local. La Cit\u00e9 de Clarence-Rockland et la municipalit\u00e9 de Casselman sont sur le point deconclure une entente selon laquelle la municipalit\u00e9 de Casselman paierait la Cit\u00e9 deClarence-Rockland pour g\u00e9rer son service des incendies, ce qui permettrait \u00e0 [&hellip;]<\/p>\n","protected":false},"author":27,"featured_media":99594,"comment_status":"closed","ping_status":"open","sticky":false,"template":"","format":"standard","meta":{"_acf_changed":false,"footnotes":""},"categories":[37],"tags":[],"class_list":["post-99583","post","type-post","status-publish","format-standard","has-post-thumbnail","hentry","category-actualites"],"acf":[],"featured_media_global":[],"yoast_head":"<!-- This site is optimized with the Yoast SEO plugin v27.4 - https:\/\/yoast.com\/product\/yoast-seo-wordpress\/ -->\n<title>Le chef des pompiers de C-R supervisera le service des incendies \u00e0 Casselman en attendant l&#039;approbation du conseil municipal - Vision<\/title>\n<meta name=\"description\" content=\"La Cit\u00e9 de Clarence-Rockland et la municipalit\u00e9 de Casselman sont sur le point deconclure une entente selon laquelle la municipalit\u00e9 de Casselman paierait la Cit\u00e9 deClarence-Rockland pour g\u00e9rer son service des incendies, ce qui permettrait \u00e0 lamunicipalit\u00e9 de Casselman de s&#039;occuper de la gestion de son service des incendies.\" \/>\n<meta name=\"robots\" content=\"index, follow, max-snippet:-1, max-image-preview:large, max-video-preview:-1\" \/>\n<link rel=\"canonical\" href=\"https:\/\/visionrockland.ca\/en\/actualites\/chef_des_pompiers_casselman\/\" \/>\n<meta property=\"og:locale\" content=\"en_US\" \/>\n<meta property=\"og:type\" content=\"article\" \/>\n<meta property=\"og:title\" content=\"Le chef des pompiers de C-R supervisera le service des incendies \u00e0 Casselman en attendant l&#039;approbation du conseil municipal - Vision\" \/>\n<meta property=\"og:description\" content=\"La Cit\u00e9 de Clarence-Rockland et la municipalit\u00e9 de Casselman sont sur le point deconclure une entente selon laquelle la municipalit\u00e9 de Casselman paierait la Cit\u00e9 deClarence-Rockland pour g\u00e9rer son service des incendies, ce qui permettrait \u00e0 lamunicipalit\u00e9 de Casselman de s&#039;occuper de la gestion de son service des incendies.\" \/>\n<meta property=\"og:url\" content=\"https:\/\/visionrockland.ca\/en\/actualites\/chef_des_pompiers_casselman\/\" \/>\n<meta property=\"og:site_name\" content=\"Vision\" \/>\n<meta property=\"article:published_time\" content=\"2024-03-27T19:23:40+00:00\" \/>\n<meta property=\"article:modified_time\" content=\"2026-02-17T19:52:09+00:00\" \/>\n<meta property=\"og:image\" content=\"https:\/\/cdn.editionap.ca\/wp-content\/uploads\/sites\/3\/2024\/03\/Rockland-Fire-Hall-scaled-1.jpg\" \/>\n\t<meta property=\"og:image:width\" content=\"2560\" \/>\n\t<meta property=\"og:image:height\" content=\"1920\" \/>\n\t<meta property=\"og:image:type\" content=\"image\/jpeg\" \/>\n<meta name=\"author\" content=\"Anil Jhalli\" \/>\n<meta name=\"twitter:card\" content=\"summary_large_image\" \/>\n<meta name=\"twitter:label1\" content=\"Written by\" \/>\n\t<meta name=\"twitter:data1\" content=\"Anil Jhalli\" \/>\n\t<meta name=\"twitter:label2\" content=\"Est. reading time\" \/>\n\t<meta name=\"twitter:data2\" content=\"2 minutes\" \/>\n<script type=\"application\/ld+json\" class=\"yoast-schema-graph\">{\"@context\":\"https:\\\/\\\/schema.org\",\"@graph\":[{\"@type\":\"Article\",\"@id\":\"https:\\\/\\\/visionrockland.ca\\\/en\\\/actualites\\\/chef_des_pompiers_casselman\\\/#article\",\"isPartOf\":{\"@id\":\"https:\\\/\\\/visionrockland.ca\\\/en\\\/actualites\\\/chef_des_pompiers_casselman\\\/\"},\"author\":{\"name\":\"Anil Jhalli\",\"@id\":\"https:\\\/\\\/visionrockland.ca\\\/en\\\/#\\\/schema\\\/person\\\/a09095fdf65e09e747105760fe90175c\"},\"headline\":\"Le chef des pompiers de C-R supervisera le service des incendies \u00e0 Casselman en attendant l&#8217;approbation du conseil municipal\",\"datePublished\":\"2024-03-27T19:23:40+00:00\",\"dateModified\":\"2026-02-17T19:52:09+00:00\",\"mainEntityOfPage\":{\"@id\":\"https:\\\/\\\/visionrockland.ca\\\/en\\\/actualites\\\/chef_des_pompiers_casselman\\\/\"},\"wordCount\":318,\"image\":{\"@id\":\"https:\\\/\\\/visionrockland.ca\\\/en\\\/actualites\\\/chef_des_pompiers_casselman\\\/#primaryimage\"},\"thumbnailUrl\":\"https:\\\/\\\/cdn.editionap.ca\\\/wp-content\\\/uploads\\\/sites\\\/3\\\/2024\\\/03\\\/Rockland-Fire-Hall-scaled-1.jpg\",\"articleSection\":[\"Actualit\u00e9s\"],\"inLanguage\":\"en-US\"},{\"@type\":\"WebPage\",\"@id\":\"https:\\\/\\\/visionrockland.ca\\\/en\\\/actualites\\\/chef_des_pompiers_casselman\\\/\",\"url\":\"https:\\\/\\\/visionrockland.ca\\\/en\\\/actualites\\\/chef_des_pompiers_casselman\\\/\",\"name\":\"Le chef des pompiers de C-R supervisera le service des incendies \u00e0 Casselman en attendant l'approbation du conseil municipal - Vision\",\"isPartOf\":{\"@id\":\"https:\\\/\\\/visionrockland.ca\\\/en\\\/#website\"},\"primaryImageOfPage\":{\"@id\":\"https:\\\/\\\/visionrockland.ca\\\/en\\\/actualites\\\/chef_des_pompiers_casselman\\\/#primaryimage\"},\"image\":{\"@id\":\"https:\\\/\\\/visionrockland.ca\\\/en\\\/actualites\\\/chef_des_pompiers_casselman\\\/#primaryimage\"},\"thumbnailUrl\":\"https:\\\/\\\/cdn.editionap.ca\\\/wp-content\\\/uploads\\\/sites\\\/3\\\/2024\\\/03\\\/Rockland-Fire-Hall-scaled-1.jpg\",\"datePublished\":\"2024-03-27T19:23:40+00:00\",\"dateModified\":\"2026-02-17T19:52:09+00:00\",\"author\":{\"@id\":\"https:\\\/\\\/visionrockland.ca\\\/en\\\/#\\\/schema\\\/person\\\/a09095fdf65e09e747105760fe90175c\"},\"description\":\"La Cit\u00e9 de Clarence-Rockland et la municipalit\u00e9 de Casselman sont sur le point deconclure une entente selon laquelle la municipalit\u00e9 de Casselman paierait la Cit\u00e9 deClarence-Rockland pour g\u00e9rer son service des incendies, ce qui permettrait \u00e0 lamunicipalit\u00e9 de Casselman de s'occuper de la gestion de son service des incendies.\",\"breadcrumb\":{\"@id\":\"https:\\\/\\\/visionrockland.ca\\\/en\\\/actualites\\\/chef_des_pompiers_casselman\\\/#breadcrumb\"},\"inLanguage\":\"en-US\",\"potentialAction\":[{\"@type\":\"ReadAction\",\"target\":[\"https:\\\/\\\/visionrockland.ca\\\/en\\\/actualites\\\/chef_des_pompiers_casselman\\\/\"]}]},{\"@type\":\"ImageObject\",\"inLanguage\":\"en-US\",\"@id\":\"https:\\\/\\\/visionrockland.ca\\\/en\\\/actualites\\\/chef_des_pompiers_casselman\\\/#primaryimage\",\"url\":\"https:\\\/\\\/cdn.editionap.ca\\\/wp-content\\\/uploads\\\/sites\\\/3\\\/2024\\\/03\\\/Rockland-Fire-Hall-scaled-1.jpg\",\"contentUrl\":\"https:\\\/\\\/cdn.editionap.ca\\\/wp-content\\\/uploads\\\/sites\\\/3\\\/2024\\\/03\\\/Rockland-Fire-Hall-scaled-1.jpg\",\"width\":2560,\"height\":1920,\"caption\":\"Le chef des pompiers Mario Villeneuve supervisera le service des incendies \u00e0 Casselman, sous r\u00e9serve de l'approbation du conseil de Clarence-Rockland. La question sera d\u00e9battue lors de la r\u00e9union du conseil du mois prochain.\"},{\"@type\":\"BreadcrumbList\",\"@id\":\"https:\\\/\\\/visionrockland.ca\\\/en\\\/actualites\\\/chef_des_pompiers_casselman\\\/#breadcrumb\",\"itemListElement\":[{\"@type\":\"ListItem\",\"position\":1,\"name\":\"Accueil\",\"item\":\"https:\\\/\\\/visionrockland.ca\\\/en\\\/\"},{\"@type\":\"ListItem\",\"position\":2,\"name\":\"Le chef des pompiers de C-R supervisera le service des incendies \u00e0 Casselman en attendant l&rsquo;approbation du conseil municipal\"}]},{\"@type\":\"WebSite\",\"@id\":\"https:\\\/\\\/visionrockland.ca\\\/en\\\/#website\",\"url\":\"https:\\\/\\\/visionrockland.ca\\\/en\\\/\",\"name\":\"Vision\",\"description\":\"\",\"potentialAction\":[{\"@type\":\"SearchAction\",\"target\":{\"@type\":\"EntryPoint\",\"urlTemplate\":\"https:\\\/\\\/visionrockland.ca\\\/en\\\/?s={search_term_string}\"},\"query-input\":{\"@type\":\"PropertyValueSpecification\",\"valueRequired\":true,\"valueName\":\"search_term_string\"}}],\"inLanguage\":\"en-US\"},{\"@type\":\"Person\",\"@id\":\"https:\\\/\\\/visionrockland.ca\\\/en\\\/#\\\/schema\\\/person\\\/a09095fdf65e09e747105760fe90175c\",\"name\":\"Anil Jhalli\",\"image\":{\"@type\":\"ImageObject\",\"inLanguage\":\"en-US\",\"@id\":\"https:\\\/\\\/secure.gravatar.com\\\/avatar\\\/63becc64fff8877a05400459aa003b94a1fdc8d3954acacc688ee6a2bc39fef8?s=96&d=mm&r=g\",\"url\":\"https:\\\/\\\/secure.gravatar.com\\\/avatar\\\/63becc64fff8877a05400459aa003b94a1fdc8d3954acacc688ee6a2bc39fef8?s=96&d=mm&r=g\",\"contentUrl\":\"https:\\\/\\\/secure.gravatar.com\\\/avatar\\\/63becc64fff8877a05400459aa003b94a1fdc8d3954acacc688ee6a2bc39fef8?s=96&d=mm&r=g\",\"caption\":\"Anil Jhalli\"}}]}<\/script>\n<!-- \/ Yoast SEO plugin. -->","yoast_head_json":{"title":"Le chef des pompiers de C-R supervisera le service des incendies \u00e0 Casselman en attendant l'approbation du conseil municipal - Vision","description":"La Cit\u00e9 de Clarence-Rockland et la municipalit\u00e9 de Casselman sont sur le point deconclure une entente selon laquelle la municipalit\u00e9 de Casselman paierait la Cit\u00e9 deClarence-Rockland pour g\u00e9rer son service des incendies, ce qui permettrait \u00e0 lamunicipalit\u00e9 de Casselman de s'occuper de la gestion de son service des incendies.","robots":{"index":"index","follow":"follow","max-snippet":"max-snippet:-1","max-image-preview":"max-image-preview:large","max-video-preview":"max-video-preview:-1"},"canonical":"https:\/\/visionrockland.ca\/en\/actualites\/chef_des_pompiers_casselman\/","og_locale":"en_US","og_type":"article","og_title":"Le chef des pompiers de C-R supervisera le service des incendies \u00e0 Casselman en attendant l'approbation du conseil municipal - Vision","og_description":"La Cit\u00e9 de Clarence-Rockland et la municipalit\u00e9 de Casselman sont sur le point deconclure une entente selon laquelle la municipalit\u00e9 de Casselman paierait la Cit\u00e9 deClarence-Rockland pour g\u00e9rer son service des incendies, ce qui permettrait \u00e0 lamunicipalit\u00e9 de Casselman de s'occuper de la gestion de son service des incendies.","og_url":"https:\/\/visionrockland.ca\/en\/actualites\/chef_des_pompiers_casselman\/","og_site_name":"Vision","article_published_time":"2024-03-27T19:23:40+00:00","article_modified_time":"2026-02-17T19:52:09+00:00","og_image":[{"width":2560,"height":1920,"url":"https:\/\/cdn.editionap.ca\/wp-content\/uploads\/sites\/3\/2024\/03\/Rockland-Fire-Hall-scaled-1.jpg","type":"image\/jpeg"}],"author":"Anil Jhalli","twitter_card":"summary_large_image","twitter_misc":{"Written by":"Anil Jhalli","Est. reading time":"2 minutes"},"schema":{"@context":"https:\/\/schema.org","@graph":[{"@type":"Article","@id":"https:\/\/visionrockland.ca\/en\/actualites\/chef_des_pompiers_casselman\/#article","isPartOf":{"@id":"https:\/\/visionrockland.ca\/en\/actualites\/chef_des_pompiers_casselman\/"},"author":{"name":"Anil Jhalli","@id":"https:\/\/visionrockland.ca\/en\/#\/schema\/person\/a09095fdf65e09e747105760fe90175c"},"headline":"Le chef des pompiers de C-R supervisera le service des incendies \u00e0 Casselman en attendant l&#8217;approbation du conseil municipal","datePublished":"2024-03-27T19:23:40+00:00","dateModified":"2026-02-17T19:52:09+00:00","mainEntityOfPage":{"@id":"https:\/\/visionrockland.ca\/en\/actualites\/chef_des_pompiers_casselman\/"},"wordCount":318,"image":{"@id":"https:\/\/visionrockland.ca\/en\/actualites\/chef_des_pompiers_casselman\/#primaryimage"},"thumbnailUrl":"https:\/\/cdn.editionap.ca\/wp-content\/uploads\/sites\/3\/2024\/03\/Rockland-Fire-Hall-scaled-1.jpg","articleSection":["Actualit\u00e9s"],"inLanguage":"en-US"},{"@type":"WebPage","@id":"https:\/\/visionrockland.ca\/en\/actualites\/chef_des_pompiers_casselman\/","url":"https:\/\/visionrockland.ca\/en\/actualites\/chef_des_pompiers_casselman\/","name":"Le chef des pompiers de C-R supervisera le service des incendies \u00e0 Casselman en attendant l'approbation du conseil municipal - Vision","isPartOf":{"@id":"https:\/\/visionrockland.ca\/en\/#website"},"primaryImageOfPage":{"@id":"https:\/\/visionrockland.ca\/en\/actualites\/chef_des_pompiers_casselman\/#primaryimage"},"image":{"@id":"https:\/\/visionrockland.ca\/en\/actualites\/chef_des_pompiers_casselman\/#primaryimage"},"thumbnailUrl":"https:\/\/cdn.editionap.ca\/wp-content\/uploads\/sites\/3\/2024\/03\/Rockland-Fire-Hall-scaled-1.jpg","datePublished":"2024-03-27T19:23:40+00:00","dateModified":"2026-02-17T19:52:09+00:00","author":{"@id":"https:\/\/visionrockland.ca\/en\/#\/schema\/person\/a09095fdf65e09e747105760fe90175c"},"description":"La Cit\u00e9 de Clarence-Rockland et la municipalit\u00e9 de Casselman sont sur le point deconclure une entente selon laquelle la municipalit\u00e9 de Casselman paierait la Cit\u00e9 deClarence-Rockland pour g\u00e9rer son service des incendies, ce qui permettrait \u00e0 lamunicipalit\u00e9 de Casselman de s'occuper de la gestion de son service des incendies.","breadcrumb":{"@id":"https:\/\/visionrockland.ca\/en\/actualites\/chef_des_pompiers_casselman\/#breadcrumb"},"inLanguage":"en-US","potentialAction":[{"@type":"ReadAction","target":["https:\/\/visionrockland.ca\/en\/actualites\/chef_des_pompiers_casselman\/"]}]},{"@type":"ImageObject","inLanguage":"en-US","@id":"https:\/\/visionrockland.ca\/en\/actualites\/chef_des_pompiers_casselman\/#primaryimage","url":"https:\/\/cdn.editionap.ca\/wp-content\/uploads\/sites\/3\/2024\/03\/Rockland-Fire-Hall-scaled-1.jpg","contentUrl":"https:\/\/cdn.editionap.ca\/wp-content\/uploads\/sites\/3\/2024\/03\/Rockland-Fire-Hall-scaled-1.jpg","width":2560,"height":1920,"caption":"Le chef des pompiers Mario Villeneuve supervisera le service des incendies \u00e0 Casselman, sous r\u00e9serve de l'approbation du conseil de Clarence-Rockland. La question sera d\u00e9battue lors de la r\u00e9union du conseil du mois prochain."},{"@type":"BreadcrumbList","@id":"https:\/\/visionrockland.ca\/en\/actualites\/chef_des_pompiers_casselman\/#breadcrumb","itemListElement":[{"@type":"ListItem","position":1,"name":"Accueil","item":"https:\/\/visionrockland.ca\/en\/"},{"@type":"ListItem","position":2,"name":"Le chef des pompiers de C-R supervisera le service des incendies \u00e0 Casselman en attendant l&rsquo;approbation du conseil municipal"}]},{"@type":"WebSite","@id":"https:\/\/visionrockland.ca\/en\/#website","url":"https:\/\/visionrockland.ca\/en\/","name":"Vision","description":"","potentialAction":[{"@type":"SearchAction","target":{"@type":"EntryPoint","urlTemplate":"https:\/\/visionrockland.ca\/en\/?s={search_term_string}"},"query-input":{"@type":"PropertyValueSpecification","valueRequired":true,"valueName":"search_term_string"}}],"inLanguage":"en-US"},{"@type":"Person","@id":"https:\/\/visionrockland.ca\/en\/#\/schema\/person\/a09095fdf65e09e747105760fe90175c","name":"Anil Jhalli","image":{"@type":"ImageObject","inLanguage":"en-US","@id":"https:\/\/secure.gravatar.com\/avatar\/63becc64fff8877a05400459aa003b94a1fdc8d3954acacc688ee6a2bc39fef8?s=96&d=mm&r=g","url":"https:\/\/secure.gravatar.com\/avatar\/63becc64fff8877a05400459aa003b94a1fdc8d3954acacc688ee6a2bc39fef8?s=96&d=mm&r=g","contentUrl":"https:\/\/secure.gravatar.com\/avatar\/63becc64fff8877a05400459aa003b94a1fdc8d3954acacc688ee6a2bc39fef8?s=96&d=mm&r=g","caption":"Anil Jhalli"}}]}},"_links":{"self":[{"href":"https:\/\/visionrockland.ca\/en\/wp-json\/wp\/v2\/posts\/99583","targetHints":{"allow":["GET"]}}],"collection":[{"href":"https:\/\/visionrockland.ca\/en\/wp-json\/wp\/v2\/posts"}],"about":[{"href":"https:\/\/visionrockland.ca\/en\/wp-json\/wp\/v2\/types\/post"}],"author":[{"embeddable":true,"href":"https:\/\/visionrockland.ca\/en\/wp-json\/wp\/v2\/users\/27"}],"replies":[{"embeddable":true,"href":"https:\/\/visionrockland.ca\/en\/wp-json\/wp\/v2\/comments?post=99583"}],"version-history":[{"count":1,"href":"https:\/\/visionrockland.ca\/en\/wp-json\/wp\/v2\/posts\/99583\/revisions"}],"predecessor-version":[{"id":132539,"href":"https:\/\/visionrockland.ca\/en\/wp-json\/wp\/v2\/posts\/99583\/revisions\/132539"}],"wp:featuredmedia":[{"embeddable":true,"href":"https:\/\/visionrockland.ca\/en\/wp-json\/wp\/v2\/media\/99594"}],"wp:attachment":[{"href":"https:\/\/visionrockland.ca\/en\/wp-json\/wp\/v2\/media?parent=99583"}],"wp:term":[{"taxonomy":"category","embeddable":true,"href":"https:\/\/visionrockland.ca\/en\/wp-json\/wp\/v2\/categories?post=99583"},{"taxonomy":"post_tag","embeddable":true,"href":"https:\/\/visionrockland.ca\/en\/wp-json\/wp\/v2\/tags?post=99583"}],"curies":[{"name":"wp","href":"https:\/\/api.w.org\/{rel}","templated":true}]}}