{"id":99417,"date":"2024-03-13T10:17:45","date_gmt":"2024-03-13T14:17:45","guid":{"rendered":"https:\/\/editionap.ca\/?p=99417"},"modified":"2026-02-17T20:52:10","modified_gmt":"2026-02-17T19:52:10","slug":"le-succes-du-marche-de-paques-suscite-lespoir-dune-tradition-annuelle","status":"publish","type":"post","link":"https:\/\/visionrockland.ca\/en\/actualites\/le-succes-du-marche-de-paques-suscite-lespoir-dune-tradition-annuelle\/","title":{"rendered":"Le succ\u00e8s du March\u00e9 de P\u00e2ques suscite l&#8217;espoir d&#8217;une tradition annuelle"},"content":{"rendered":"<p class=\"x_ydpcdf78b8ayiv2623083787ydp70895cbyiv3039463103elementToProof\">La deuxi\u00e8me \u00e9dition du March\u00e9 de P\u00e2ques a connu un succ\u00e8s retentissant. L&#8217;organisatrice esp\u00e8re maintenant en faire une tradition annuelle dans la communaut\u00e9\u00a0o\u00f9 elle vit.<\/p>\n<p class=\"x_ydpcdf78b8ayiv2623083787ydp70895cbyiv3039463103elementToProof\">Organis\u00e9 par Stephanie Burelle, propri\u00e9taire de Crunchy Creations and Sweet Treats, une entreprise sp\u00e9cialis\u00e9e dans le chocolat, le march\u00e9 de l&#8217;Est a \u00e9t\u00e9 une r\u00e9ussite.<\/p>\n<p class=\"x_ydpcdf78b8ayiv2623083787ydp70895cbyiv3039463103elementToProof\">Le March\u00e9 de P\u00e2ques s&#8217;est tenu \u00e0 l&#8217;ar\u00e9na de Clarence Creek, le dimanche 11 mars, de 9 h 30 \u00e0 15 h 30.<\/p>\n<p class=\"x_ydpcdf78b8ayiv2623083787ydp70895cbyiv3039463103elementToProof\">Le march\u00e9 proposait 27 vendeurs et des activit\u00e9s amusantes pour toute la famille, y compris une apparition sp\u00e9ciale du lapin de P\u00e2ques.<\/p>\n<p class=\"x_ydpcdf78b8ayiv2623083787ydp70895cbyiv3039463103elementToProof\">\u00ab J&#8217;ai lanc\u00e9 ce march\u00e9 parce que j&#8217;ai ma propre petite entreprise et que je fais toutes sortes de cr\u00e9ations en chocolat, a d\u00e9clar\u00e9 Mme Burelle. P\u00e2ques est une p\u00e9riode importante pour le chocolat, alors plut\u00f4t que de faire quelque chose de mon c\u00f4t\u00e9, pourquoi ne pas pr\u00e9senter d&#8217;autres petites entreprises et organiser des activit\u00e9s gratuites pour la communaut\u00e9. Les gens sont toujours \u00e0 la recherche d&#8217;activit\u00e9s amusantes et accessibles \u00e0 faire avec leurs enfants. \u00bb<\/p>\n<p class=\"x_ydpcdf78b8ayiv2623083787ydp70895cbyiv3039463103elementToProof\">Susan Kes est propri\u00e9taire de Gift Gear, une petite entreprise qu&#8217;elle a cr\u00e9\u00e9e il y a huit ans. Passionn\u00e9e d&#8217;artisanat depuis son enfance, elle a transform\u00e9 sa passion en une petite entreprise. Mme Kes explique que les march\u00e9s comme celui-ci lui permettent de pr\u00e9senter ses cr\u00e9ations au public.<\/p>\n<p class=\"x_ydpcdf78b8ayiv2623083787ydp70895cbyiv3039463103elementToProof\">Elle n&#8217;a pas pu participer au march\u00e9 de P\u00e2ques l&#8217;ann\u00e9e derni\u00e8re parce qu&#8217;elle s&#8217;\u00e9tait engag\u00e9e dans un autre \u00e9v\u00e9nement, mais elle a saut\u00e9 sur l&#8217;occasion de participer \u00e0 l&#8217;\u00e9dition de cette ann\u00e9e.<\/p>\n<p class=\"x_ydpcdf78b8ayiv2623083787ydp70895cbyiv3039463103elementToProof\">\u00ab J&#8217;adore ces \u00e9v\u00e9nements, j&#8217;aime venir dans les petites villes et rencontrer des gens, a d\u00e9clar\u00e9 Mme Kes. Vous avez l&#8217;occasion non seulement de rencontrer beaucoup de gens, mais aussi de rencontrer d&#8217;autres vendeurs et de voir ce qu&#8217;ils ont cr\u00e9\u00e9. C&#8217;est formidable d&#8217;avoir des \u00e9v\u00e9nements comme ceux-l\u00e0. \u00bb<\/p>\n<p class=\"x_ydpcdf78b8ayiv2623083787ydp70895cbyiv3039463103elementToProof\">Mme Burelle explique qu&#8217;elle commence \u00e0 planifier l&#8217;\u00e9v\u00e9nement au d\u00e9but du mois de janvier. Elle a re\u00e7u 65 demandes de vendeurs, dont pr\u00e8s de 30 se sont install\u00e9s pour la journ\u00e9e.<\/p>\n<p class=\"x_ydpcdf78b8ayiv2623083787ydp70895cbyiv3039463103elementToProof\">Elle a \u00e9t\u00e9 agr\u00e9ablement surprise par l&#8217;affluence, des centaines de personnes ayant franchi les portes tout au long de la journ\u00e9e.<\/p>\n<p class=\"x_ydpcdf78b8ayiv2623083787ydp70895cbyiv3039463103elementToProof\">\u00ab Je ne savais pas vraiment \u00e0 quoi m&#8217;attendre, mais je suis satisfaite du nombre de personnes qui sont venues et de l&#8217;\u00e9ventail de vendeurs que j&#8217;ai pu trouver, a-t-elle d\u00e9clar\u00e9. Il y a tellement de choses \u00e0 faire pour tout le monde, et les enfants ont vraiment aim\u00e9 le fait de pouvoir rencontrer le lapin de P\u00e2ques. \u00bb<\/p>\n<p class=\"x_ydpcdf78b8ayiv2623083787ydp70895cbyiv3039463103elementToProof\">Mme Burelle a indiqu\u00e9 qu&#8217;elle envisageait de recueillir les commentaires des vendeurs et des visiteurs du March\u00e9 de P\u00e2ques afin de d\u00e9terminer ce qui a fonctionn\u00e9 et ce qui n&#8217;a pas fonctionn\u00e9.<\/p>\n<p class=\"x_ydpcdf78b8ayiv2623083787ydp70895cbyiv3039463103elementToProof\">\u00ab Cela nous aidera beaucoup \u00e0 d\u00e9cider si nous allons reconduire l&#8217;op\u00e9ration d&#8217;une ann\u00e9e \u00e0 l&#8217;autre, a-t-elle ajout\u00e9. Mais c&#8217;est en tout cas mon objectif. \u00bb<\/p>\n","protected":false},"excerpt":{"rendered":"<p>La deuxi\u00e8me \u00e9dition du March\u00e9 de P\u00e2ques a connu un succ\u00e8s retentissant. L&#8217;organisatrice esp\u00e8re maintenant en faire une tradition annuelle dans la communaut\u00e9\u00a0o\u00f9 elle vit. Organis\u00e9 par Stephanie Burelle, propri\u00e9taire de Crunchy Creations and Sweet Treats, une entreprise sp\u00e9cialis\u00e9e dans le chocolat, le march\u00e9 de l&#8217;Est a \u00e9t\u00e9 une r\u00e9ussite. Le March\u00e9 de P\u00e2ques s&#8217;est [&hellip;]<\/p>\n","protected":false},"author":20,"featured_media":99418,"comment_status":"closed","ping_status":"open","sticky":false,"template":"","format":"standard","meta":{"_acf_changed":false,"footnotes":""},"categories":[37],"tags":[],"class_list":["post-99417","post","type-post","status-publish","format-standard","has-post-thumbnail","hentry","category-actualites"],"acf":[],"featured_media_global":[],"yoast_head":"<!-- This site is optimized with the Yoast SEO plugin v27.4 - https:\/\/yoast.com\/product\/yoast-seo-wordpress\/ -->\n<title>Le succ\u00e8s du March\u00e9 de P\u00e2ques suscite l&#039;espoir d&#039;une tradition annuelle - Vision<\/title>\n<meta name=\"description\" content=\"La deuxi\u00e8me \u00e9dition du March\u00e9 de P\u00e2ques a connu un succ\u00e8s retentissant. L&#039;organisatrice esp\u00e8re maintenant en faire une tradition annuelle dans la communaut\u00e9\u00a0o\u00f9 elle vit.\" \/>\n<meta name=\"robots\" content=\"index, follow, max-snippet:-1, max-image-preview:large, max-video-preview:-1\" \/>\n<link rel=\"canonical\" href=\"https:\/\/visionrockland.ca\/en\/actualites\/le-succes-du-marche-de-paques-suscite-lespoir-dune-tradition-annuelle\/\" \/>\n<meta property=\"og:locale\" content=\"en_US\" \/>\n<meta property=\"og:type\" content=\"article\" \/>\n<meta property=\"og:title\" content=\"Le succ\u00e8s du March\u00e9 de P\u00e2ques suscite l&#039;espoir d&#039;une tradition annuelle - Vision\" \/>\n<meta property=\"og:description\" content=\"La deuxi\u00e8me \u00e9dition du March\u00e9 de P\u00e2ques a connu un succ\u00e8s retentissant. L&#039;organisatrice esp\u00e8re maintenant en faire une tradition annuelle dans la communaut\u00e9\u00a0o\u00f9 elle vit.\" \/>\n<meta property=\"og:url\" content=\"https:\/\/visionrockland.ca\/en\/actualites\/le-succes-du-marche-de-paques-suscite-lespoir-dune-tradition-annuelle\/\" \/>\n<meta property=\"og:site_name\" content=\"Vision\" \/>\n<meta property=\"article:published_time\" content=\"2024-03-13T14:17:45+00:00\" \/>\n<meta property=\"article:modified_time\" content=\"2026-02-17T19:52:10+00:00\" \/>\n<meta property=\"og:image\" content=\"https:\/\/cdn.editionap.ca\/wp-content\/uploads\/sites\/3\/2024\/03\/ACTAJ_Easter_Market-scaled-1.jpg\" \/>\n\t<meta property=\"og:image:width\" content=\"2560\" \/>\n\t<meta property=\"og:image:height\" content=\"1707\" \/>\n\t<meta property=\"og:image:type\" content=\"image\/jpeg\" \/>\n<meta name=\"author\" content=\"Joseph Coppolino\" \/>\n<meta name=\"twitter:card\" content=\"summary_large_image\" \/>\n<meta name=\"twitter:label1\" content=\"Written by\" \/>\n\t<meta name=\"twitter:data1\" content=\"Joseph Coppolino\" \/>\n\t<meta name=\"twitter:label2\" content=\"Est. reading time\" \/>\n\t<meta name=\"twitter:data2\" content=\"3 minutes\" \/>\n<script type=\"application\/ld+json\" class=\"yoast-schema-graph\">{\"@context\":\"https:\\\/\\\/schema.org\",\"@graph\":[{\"@type\":\"Article\",\"@id\":\"https:\\\/\\\/visionrockland.ca\\\/en\\\/actualites\\\/le-succes-du-marche-de-paques-suscite-lespoir-dune-tradition-annuelle\\\/#article\",\"isPartOf\":{\"@id\":\"https:\\\/\\\/visionrockland.ca\\\/en\\\/actualites\\\/le-succes-du-marche-de-paques-suscite-lespoir-dune-tradition-annuelle\\\/\"},\"author\":{\"name\":\"Joseph Coppolino\",\"@id\":\"https:\\\/\\\/visionrockland.ca\\\/en\\\/#\\\/schema\\\/person\\\/25dbd073b952565ed09ca19dbbfccc27\"},\"headline\":\"Le succ\u00e8s du March\u00e9 de P\u00e2ques suscite l&#8217;espoir d&#8217;une tradition annuelle\",\"datePublished\":\"2024-03-13T14:17:45+00:00\",\"dateModified\":\"2026-02-17T19:52:10+00:00\",\"mainEntityOfPage\":{\"@id\":\"https:\\\/\\\/visionrockland.ca\\\/en\\\/actualites\\\/le-succes-du-marche-de-paques-suscite-lespoir-dune-tradition-annuelle\\\/\"},\"wordCount\":546,\"image\":{\"@id\":\"https:\\\/\\\/visionrockland.ca\\\/en\\\/actualites\\\/le-succes-du-marche-de-paques-suscite-lespoir-dune-tradition-annuelle\\\/#primaryimage\"},\"thumbnailUrl\":\"https:\\\/\\\/cdn.editionap.ca\\\/wp-content\\\/uploads\\\/sites\\\/3\\\/2024\\\/03\\\/ACTAJ_Easter_Market-scaled-1.jpg\",\"articleSection\":[\"Actualit\u00e9s\"],\"inLanguage\":\"en-US\"},{\"@type\":\"WebPage\",\"@id\":\"https:\\\/\\\/visionrockland.ca\\\/en\\\/actualites\\\/le-succes-du-marche-de-paques-suscite-lespoir-dune-tradition-annuelle\\\/\",\"url\":\"https:\\\/\\\/visionrockland.ca\\\/en\\\/actualites\\\/le-succes-du-marche-de-paques-suscite-lespoir-dune-tradition-annuelle\\\/\",\"name\":\"Le succ\u00e8s du March\u00e9 de P\u00e2ques suscite l'espoir d'une tradition annuelle - Vision\",\"isPartOf\":{\"@id\":\"https:\\\/\\\/visionrockland.ca\\\/en\\\/#website\"},\"primaryImageOfPage\":{\"@id\":\"https:\\\/\\\/visionrockland.ca\\\/en\\\/actualites\\\/le-succes-du-marche-de-paques-suscite-lespoir-dune-tradition-annuelle\\\/#primaryimage\"},\"image\":{\"@id\":\"https:\\\/\\\/visionrockland.ca\\\/en\\\/actualites\\\/le-succes-du-marche-de-paques-suscite-lespoir-dune-tradition-annuelle\\\/#primaryimage\"},\"thumbnailUrl\":\"https:\\\/\\\/cdn.editionap.ca\\\/wp-content\\\/uploads\\\/sites\\\/3\\\/2024\\\/03\\\/ACTAJ_Easter_Market-scaled-1.jpg\",\"datePublished\":\"2024-03-13T14:17:45+00:00\",\"dateModified\":\"2026-02-17T19:52:10+00:00\",\"author\":{\"@id\":\"https:\\\/\\\/visionrockland.ca\\\/en\\\/#\\\/schema\\\/person\\\/25dbd073b952565ed09ca19dbbfccc27\"},\"description\":\"La deuxi\u00e8me \u00e9dition du March\u00e9 de P\u00e2ques a connu un succ\u00e8s retentissant. L'organisatrice esp\u00e8re maintenant en faire une tradition annuelle dans la communaut\u00e9\u00a0o\u00f9 elle vit.\",\"breadcrumb\":{\"@id\":\"https:\\\/\\\/visionrockland.ca\\\/en\\\/actualites\\\/le-succes-du-marche-de-paques-suscite-lespoir-dune-tradition-annuelle\\\/#breadcrumb\"},\"inLanguage\":\"en-US\",\"potentialAction\":[{\"@type\":\"ReadAction\",\"target\":[\"https:\\\/\\\/visionrockland.ca\\\/en\\\/actualites\\\/le-succes-du-marche-de-paques-suscite-lespoir-dune-tradition-annuelle\\\/\"]}]},{\"@type\":\"ImageObject\",\"inLanguage\":\"en-US\",\"@id\":\"https:\\\/\\\/visionrockland.ca\\\/en\\\/actualites\\\/le-succes-du-marche-de-paques-suscite-lespoir-dune-tradition-annuelle\\\/#primaryimage\",\"url\":\"https:\\\/\\\/cdn.editionap.ca\\\/wp-content\\\/uploads\\\/sites\\\/3\\\/2024\\\/03\\\/ACTAJ_Easter_Market-scaled-1.jpg\",\"contentUrl\":\"https:\\\/\\\/cdn.editionap.ca\\\/wp-content\\\/uploads\\\/sites\\\/3\\\/2024\\\/03\\\/ACTAJ_Easter_Market-scaled-1.jpg\",\"width\":2560,\"height\":1707,\"caption\":\"Stephanie Burelle, propri\u00e9taire d'une petite entreprise de Rockland, pose avec le lapin de P\u00e2ques lors de la deuxi\u00e8me \u00e9dition du march\u00e9 de P\u00e2ques annuel au Clarence Creek Arena, le dimanche 11 mars. Stephanie Burelle a organis\u00e9 l'\u00e9v\u00e9nement, qui comprenait pr\u00e8s de 30 vendeurs et des activit\u00e9s pour tous les \u00e2ges.\"},{\"@type\":\"BreadcrumbList\",\"@id\":\"https:\\\/\\\/visionrockland.ca\\\/en\\\/actualites\\\/le-succes-du-marche-de-paques-suscite-lespoir-dune-tradition-annuelle\\\/#breadcrumb\",\"itemListElement\":[{\"@type\":\"ListItem\",\"position\":1,\"name\":\"Accueil\",\"item\":\"https:\\\/\\\/visionrockland.ca\\\/en\\\/\"},{\"@type\":\"ListItem\",\"position\":2,\"name\":\"Le succ\u00e8s du March\u00e9 de P\u00e2ques suscite l&rsquo;espoir d&rsquo;une tradition annuelle\"}]},{\"@type\":\"WebSite\",\"@id\":\"https:\\\/\\\/visionrockland.ca\\\/en\\\/#website\",\"url\":\"https:\\\/\\\/visionrockland.ca\\\/en\\\/\",\"name\":\"Vision\",\"description\":\"\",\"potentialAction\":[{\"@type\":\"SearchAction\",\"target\":{\"@type\":\"EntryPoint\",\"urlTemplate\":\"https:\\\/\\\/visionrockland.ca\\\/en\\\/?s={search_term_string}\"},\"query-input\":{\"@type\":\"PropertyValueSpecification\",\"valueRequired\":true,\"valueName\":\"search_term_string\"}}],\"inLanguage\":\"en-US\"},{\"@type\":\"Person\",\"@id\":\"https:\\\/\\\/visionrockland.ca\\\/en\\\/#\\\/schema\\\/person\\\/25dbd073b952565ed09ca19dbbfccc27\",\"name\":\"Joseph Coppolino\",\"image\":{\"@type\":\"ImageObject\",\"inLanguage\":\"en-US\",\"@id\":\"https:\\\/\\\/secure.gravatar.com\\\/avatar\\\/68b588951b507643baa44096457818fb7c15c73a18975a47ba0caf868bab32aa?s=96&d=mm&r=g\",\"url\":\"https:\\\/\\\/secure.gravatar.com\\\/avatar\\\/68b588951b507643baa44096457818fb7c15c73a18975a47ba0caf868bab32aa?s=96&d=mm&r=g\",\"contentUrl\":\"https:\\\/\\\/secure.gravatar.com\\\/avatar\\\/68b588951b507643baa44096457818fb7c15c73a18975a47ba0caf868bab32aa?s=96&d=mm&r=g\",\"caption\":\"Joseph Coppolino\"}}]}<\/script>\n<!-- \/ Yoast SEO plugin. -->","yoast_head_json":{"title":"Le succ\u00e8s du March\u00e9 de P\u00e2ques suscite l'espoir d'une tradition annuelle - Vision","description":"La deuxi\u00e8me \u00e9dition du March\u00e9 de P\u00e2ques a connu un succ\u00e8s retentissant. L'organisatrice esp\u00e8re maintenant en faire une tradition annuelle dans la communaut\u00e9\u00a0o\u00f9 elle vit.","robots":{"index":"index","follow":"follow","max-snippet":"max-snippet:-1","max-image-preview":"max-image-preview:large","max-video-preview":"max-video-preview:-1"},"canonical":"https:\/\/visionrockland.ca\/en\/actualites\/le-succes-du-marche-de-paques-suscite-lespoir-dune-tradition-annuelle\/","og_locale":"en_US","og_type":"article","og_title":"Le succ\u00e8s du March\u00e9 de P\u00e2ques suscite l'espoir d'une tradition annuelle - Vision","og_description":"La deuxi\u00e8me \u00e9dition du March\u00e9 de P\u00e2ques a connu un succ\u00e8s retentissant. L'organisatrice esp\u00e8re maintenant en faire une tradition annuelle dans la communaut\u00e9\u00a0o\u00f9 elle vit.","og_url":"https:\/\/visionrockland.ca\/en\/actualites\/le-succes-du-marche-de-paques-suscite-lespoir-dune-tradition-annuelle\/","og_site_name":"Vision","article_published_time":"2024-03-13T14:17:45+00:00","article_modified_time":"2026-02-17T19:52:10+00:00","og_image":[{"width":2560,"height":1707,"url":"https:\/\/cdn.editionap.ca\/wp-content\/uploads\/sites\/3\/2024\/03\/ACTAJ_Easter_Market-scaled-1.jpg","type":"image\/jpeg"}],"author":"Joseph Coppolino","twitter_card":"summary_large_image","twitter_misc":{"Written by":"Joseph Coppolino","Est. reading time":"3 minutes"},"schema":{"@context":"https:\/\/schema.org","@graph":[{"@type":"Article","@id":"https:\/\/visionrockland.ca\/en\/actualites\/le-succes-du-marche-de-paques-suscite-lespoir-dune-tradition-annuelle\/#article","isPartOf":{"@id":"https:\/\/visionrockland.ca\/en\/actualites\/le-succes-du-marche-de-paques-suscite-lespoir-dune-tradition-annuelle\/"},"author":{"name":"Joseph Coppolino","@id":"https:\/\/visionrockland.ca\/en\/#\/schema\/person\/25dbd073b952565ed09ca19dbbfccc27"},"headline":"Le succ\u00e8s du March\u00e9 de P\u00e2ques suscite l&#8217;espoir d&#8217;une tradition annuelle","datePublished":"2024-03-13T14:17:45+00:00","dateModified":"2026-02-17T19:52:10+00:00","mainEntityOfPage":{"@id":"https:\/\/visionrockland.ca\/en\/actualites\/le-succes-du-marche-de-paques-suscite-lespoir-dune-tradition-annuelle\/"},"wordCount":546,"image":{"@id":"https:\/\/visionrockland.ca\/en\/actualites\/le-succes-du-marche-de-paques-suscite-lespoir-dune-tradition-annuelle\/#primaryimage"},"thumbnailUrl":"https:\/\/cdn.editionap.ca\/wp-content\/uploads\/sites\/3\/2024\/03\/ACTAJ_Easter_Market-scaled-1.jpg","articleSection":["Actualit\u00e9s"],"inLanguage":"en-US"},{"@type":"WebPage","@id":"https:\/\/visionrockland.ca\/en\/actualites\/le-succes-du-marche-de-paques-suscite-lespoir-dune-tradition-annuelle\/","url":"https:\/\/visionrockland.ca\/en\/actualites\/le-succes-du-marche-de-paques-suscite-lespoir-dune-tradition-annuelle\/","name":"Le succ\u00e8s du March\u00e9 de P\u00e2ques suscite l'espoir d'une tradition annuelle - Vision","isPartOf":{"@id":"https:\/\/visionrockland.ca\/en\/#website"},"primaryImageOfPage":{"@id":"https:\/\/visionrockland.ca\/en\/actualites\/le-succes-du-marche-de-paques-suscite-lespoir-dune-tradition-annuelle\/#primaryimage"},"image":{"@id":"https:\/\/visionrockland.ca\/en\/actualites\/le-succes-du-marche-de-paques-suscite-lespoir-dune-tradition-annuelle\/#primaryimage"},"thumbnailUrl":"https:\/\/cdn.editionap.ca\/wp-content\/uploads\/sites\/3\/2024\/03\/ACTAJ_Easter_Market-scaled-1.jpg","datePublished":"2024-03-13T14:17:45+00:00","dateModified":"2026-02-17T19:52:10+00:00","author":{"@id":"https:\/\/visionrockland.ca\/en\/#\/schema\/person\/25dbd073b952565ed09ca19dbbfccc27"},"description":"La deuxi\u00e8me \u00e9dition du March\u00e9 de P\u00e2ques a connu un succ\u00e8s retentissant. L'organisatrice esp\u00e8re maintenant en faire une tradition annuelle dans la communaut\u00e9\u00a0o\u00f9 elle vit.","breadcrumb":{"@id":"https:\/\/visionrockland.ca\/en\/actualites\/le-succes-du-marche-de-paques-suscite-lespoir-dune-tradition-annuelle\/#breadcrumb"},"inLanguage":"en-US","potentialAction":[{"@type":"ReadAction","target":["https:\/\/visionrockland.ca\/en\/actualites\/le-succes-du-marche-de-paques-suscite-lespoir-dune-tradition-annuelle\/"]}]},{"@type":"ImageObject","inLanguage":"en-US","@id":"https:\/\/visionrockland.ca\/en\/actualites\/le-succes-du-marche-de-paques-suscite-lespoir-dune-tradition-annuelle\/#primaryimage","url":"https:\/\/cdn.editionap.ca\/wp-content\/uploads\/sites\/3\/2024\/03\/ACTAJ_Easter_Market-scaled-1.jpg","contentUrl":"https:\/\/cdn.editionap.ca\/wp-content\/uploads\/sites\/3\/2024\/03\/ACTAJ_Easter_Market-scaled-1.jpg","width":2560,"height":1707,"caption":"Stephanie Burelle, propri\u00e9taire d'une petite entreprise de Rockland, pose avec le lapin de P\u00e2ques lors de la deuxi\u00e8me \u00e9dition du march\u00e9 de P\u00e2ques annuel au Clarence Creek Arena, le dimanche 11 mars. Stephanie Burelle a organis\u00e9 l'\u00e9v\u00e9nement, qui comprenait pr\u00e8s de 30 vendeurs et des activit\u00e9s pour tous les \u00e2ges."},{"@type":"BreadcrumbList","@id":"https:\/\/visionrockland.ca\/en\/actualites\/le-succes-du-marche-de-paques-suscite-lespoir-dune-tradition-annuelle\/#breadcrumb","itemListElement":[{"@type":"ListItem","position":1,"name":"Accueil","item":"https:\/\/visionrockland.ca\/en\/"},{"@type":"ListItem","position":2,"name":"Le succ\u00e8s du March\u00e9 de P\u00e2ques suscite l&rsquo;espoir d&rsquo;une tradition annuelle"}]},{"@type":"WebSite","@id":"https:\/\/visionrockland.ca\/en\/#website","url":"https:\/\/visionrockland.ca\/en\/","name":"Vision","description":"","potentialAction":[{"@type":"SearchAction","target":{"@type":"EntryPoint","urlTemplate":"https:\/\/visionrockland.ca\/en\/?s={search_term_string}"},"query-input":{"@type":"PropertyValueSpecification","valueRequired":true,"valueName":"search_term_string"}}],"inLanguage":"en-US"},{"@type":"Person","@id":"https:\/\/visionrockland.ca\/en\/#\/schema\/person\/25dbd073b952565ed09ca19dbbfccc27","name":"Joseph Coppolino","image":{"@type":"ImageObject","inLanguage":"en-US","@id":"https:\/\/secure.gravatar.com\/avatar\/68b588951b507643baa44096457818fb7c15c73a18975a47ba0caf868bab32aa?s=96&d=mm&r=g","url":"https:\/\/secure.gravatar.com\/avatar\/68b588951b507643baa44096457818fb7c15c73a18975a47ba0caf868bab32aa?s=96&d=mm&r=g","contentUrl":"https:\/\/secure.gravatar.com\/avatar\/68b588951b507643baa44096457818fb7c15c73a18975a47ba0caf868bab32aa?s=96&d=mm&r=g","caption":"Joseph Coppolino"}}]}},"_links":{"self":[{"href":"https:\/\/visionrockland.ca\/en\/wp-json\/wp\/v2\/posts\/99417","targetHints":{"allow":["GET"]}}],"collection":[{"href":"https:\/\/visionrockland.ca\/en\/wp-json\/wp\/v2\/posts"}],"about":[{"href":"https:\/\/visionrockland.ca\/en\/wp-json\/wp\/v2\/types\/post"}],"author":[{"embeddable":true,"href":"https:\/\/visionrockland.ca\/en\/wp-json\/wp\/v2\/users\/20"}],"replies":[{"embeddable":true,"href":"https:\/\/visionrockland.ca\/en\/wp-json\/wp\/v2\/comments?post=99417"}],"version-history":[{"count":1,"href":"https:\/\/visionrockland.ca\/en\/wp-json\/wp\/v2\/posts\/99417\/revisions"}],"predecessor-version":[{"id":132545,"href":"https:\/\/visionrockland.ca\/en\/wp-json\/wp\/v2\/posts\/99417\/revisions\/132545"}],"wp:featuredmedia":[{"embeddable":true,"href":"https:\/\/visionrockland.ca\/en\/wp-json\/wp\/v2\/media\/99418"}],"wp:attachment":[{"href":"https:\/\/visionrockland.ca\/en\/wp-json\/wp\/v2\/media?parent=99417"}],"wp:term":[{"taxonomy":"category","embeddable":true,"href":"https:\/\/visionrockland.ca\/en\/wp-json\/wp\/v2\/categories?post=99417"},{"taxonomy":"post_tag","embeddable":true,"href":"https:\/\/visionrockland.ca\/en\/wp-json\/wp\/v2\/tags?post=99417"}],"curies":[{"name":"wp","href":"https:\/\/api.w.org\/{rel}","templated":true}]}}