{"id":99302,"date":"2024-02-28T09:31:36","date_gmt":"2024-02-28T14:31:36","guid":{"rendered":"https:\/\/editionap.ca\/?p=99302"},"modified":"2026-02-17T20:52:10","modified_gmt":"2026-02-17T19:52:10","slug":"violence-entre-partenaires-intimes","status":"publish","type":"post","link":"https:\/\/visionrockland.ca\/en\/societe\/violence-entre-partenaires-intimes\/","title":{"rendered":"Le conseil de Clarence-Rockland d\u00e9clare que la violence entre partenaires intimes est une \u00e9pid\u00e9mie"},"content":{"rendered":"<p><b><span data-contrast=\"none\">La municipalit\u00e9 de Clarence-Rockland a officiellement d\u00e9clar\u00e9 que la violence entre partenaires intimes \u00e9tait une \u00e9pid\u00e9mie. Le conseil de Clarence-Rockland a approuv\u00e9 \u00e0 l&#8217;unanimit\u00e9 une motion pr\u00e9sent\u00e9e par la conseill\u00e8re Diane Choini\u00e8re lors de la r\u00e9union du conseil du 14 f\u00e9vrier.\u00a0<\/span><\/b><span data-ccp-props=\"{&quot;201341983&quot;:0,&quot;335551550&quot;:6,&quot;335551620&quot;:6,&quot;335559739&quot;:0,&quot;335559740&quot;:288}\">\u00a0<\/span><\/p>\n<p><span data-contrast=\"none\">\u00abLes femmes ont encore peur de parler lorsqu&#8217;il leur arrive quelque chose, a d\u00e9clar\u00e9 la conseill\u00e8re du quartier 8. Cela m&#8217;inqui\u00e8te de voir que les femmes ne se manifestent pas parce qu&#8217;elles pensent que les ressources sont insuffisantes.\u00bb\u00a0<\/span><span data-ccp-props=\"{&quot;134233117&quot;:false,&quot;134233118&quot;:false,&quot;201341983&quot;:2,&quot;335551550&quot;:6,&quot;335551620&quot;:6,&quot;335559685&quot;:0,&quot;335559731&quot;:240,&quot;335559737&quot;:0,&quot;335559738&quot;:0,&quot;335559739&quot;:0,&quot;335559740&quot;:240}\">\u00a0<\/span><\/p>\n<p><span data-contrast=\"none\">Mme Choini\u00e8re a indiqu\u00e9 que la r\u00e9gion et les zones avoisinantes ont connu une augmentation constante des cas de violence entre partenaires intimes, selon une \u00e9tude publi\u00e9e r\u00e9cemment et dirig\u00e9e par le Leadership f\u00e9minin Prescott-Russell. Le rapport, publi\u00e9 en octobre 2023, met en \u00e9vidence une tendance \u00e0 la hausse de toutes les formes de violence \u00e0 l&#8217;\u00e9gard des femmes dans la r\u00e9gion.\u00a0<\/span><span data-ccp-props=\"{&quot;134233117&quot;:false,&quot;134233118&quot;:false,&quot;201341983&quot;:2,&quot;335551550&quot;:6,&quot;335551620&quot;:6,&quot;335559685&quot;:0,&quot;335559731&quot;:240,&quot;335559737&quot;:0,&quot;335559738&quot;:0,&quot;335559739&quot;:0,&quot;335559740&quot;:240}\">\u00a0<\/span><\/p>\n<p><span data-contrast=\"none\">Selon le rapport, entre 2022 et 2023, les autorit\u00e9s ont re\u00e7u 312 appels pour violence domestique, sans qu&#8217;aucune accusation ne soit port\u00e9e. D&#8217;apr\u00e8s le d\u00e9tachement de Russell de la PPO, il y a eu 81 appels concernant la violence entre partenaires intimes jusqu&#8217;\u00e0 pr\u00e9sent en 2024, ce qui \u00e9quivaut \u00e0 plus d&#8217;un appel par jour sur l&#8217;ensemble de leur territoire. Seize de ces appels ont donn\u00e9 lieu \u00e0 des accusations criminelles.<\/span><span data-ccp-props=\"{&quot;134233117&quot;:false,&quot;134233118&quot;:false,&quot;201341983&quot;:2,&quot;335551550&quot;:6,&quot;335551620&quot;:6,&quot;335559685&quot;:0,&quot;335559731&quot;:240,&quot;335559737&quot;:0,&quot;335559738&quot;:0,&quot;335559739&quot;:0,&quot;335559740&quot;:240}\">\u00a0<\/span><\/p>\n<p><span data-contrast=\"none\">\u00abLes donn\u00e9es sont concr\u00e8tes, a d\u00e9clar\u00e9 la conseill\u00e8re municipale \u00e0 propos du rapport. Certaines statistiques sont effrayantes. J&#8217;ai pens\u00e9 qu&#8217;il \u00e9tait temps de tirer la sonnette d&#8217;alarme sur cette question.\u00bb\u00a0\u00a0\u00a0\u00a0<\/span><span data-ccp-props=\"{&quot;134233117&quot;:false,&quot;134233118&quot;:false,&quot;201341983&quot;:2,&quot;335551550&quot;:6,&quot;335551620&quot;:6,&quot;335559685&quot;:0,&quot;335559731&quot;:240,&quot;335559737&quot;:0,&quot;335559738&quot;:0,&quot;335559739&quot;:0,&quot;335559740&quot;:240}\">\u00a0<\/span><\/p>\n<p><span data-contrast=\"none\">Mme Choini\u00e8re, la seule femme \u00e9lue au conseil municipal de Clarence Rockland, a f\u00e9licit\u00e9 les membres du conseil d&#8217;avoir soutenu sa motion.\u00a0<\/span><span data-ccp-props=\"{&quot;134233117&quot;:false,&quot;134233118&quot;:false,&quot;201341983&quot;:2,&quot;335551550&quot;:6,&quot;335551620&quot;:6,&quot;335559685&quot;:0,&quot;335559731&quot;:240,&quot;335559737&quot;:0,&quot;335559738&quot;:0,&quot;335559739&quot;:0,&quot;335559740&quot;:240}\">\u00a0<\/span><\/p>\n<p><span data-contrast=\"none\">\u00abJe suis tr\u00e8s fi\u00e8re que mes coll\u00e8gues du conseil aient compris l&#8217;importance de cette question et l&#8217;ampleur du probl\u00e8me dans notre r\u00e9gion\u00bb, a-t-elle d\u00e9clar\u00e9.\u00a0<\/span><span data-ccp-props=\"{&quot;134233117&quot;:false,&quot;134233118&quot;:false,&quot;201341983&quot;:2,&quot;335551550&quot;:6,&quot;335551620&quot;:6,&quot;335559685&quot;:0,&quot;335559731&quot;:240,&quot;335559737&quot;:0,&quot;335559738&quot;:0,&quot;335559739&quot;:0,&quot;335559740&quot;:240}\">\u00a0<\/span><\/p>\n<p><span data-contrast=\"none\">Selon Mme Choini\u00e8re, le fait d&#8217;\u00e9duquer et d&#8217;informer les hommes, lorsqu&#8217;ils sont plus jeunes, et de fournir des ressources dans les \u00e9coles ne fera qu&#8217;accro\u00eetre la prise de conscience et l&#8217;attention port\u00e9e au probl\u00e8me de la violence entre partenaires intimes. \u00abNous avons besoin de plus d&#8217;alli\u00e9s masculins, a-t-elle ajout\u00e9. Si nous pouvons montrer aux jeunes hommes qu&#8217;il s&#8217;agit d&#8217;un probl\u00e8me, nous pourrons en discuter et ils comprendront et sensibiliseront d&#8217;autres hommes \u00e0 ce probl\u00e8me.\u00bb\u00a0<\/span><span data-ccp-props=\"{&quot;134233117&quot;:false,&quot;134233118&quot;:false,&quot;201341983&quot;:2,&quot;335551550&quot;:6,&quot;335551620&quot;:6,&quot;335559685&quot;:0,&quot;335559731&quot;:240,&quot;335559737&quot;:0,&quot;335559738&quot;:0,&quot;335559739&quot;:0,&quot;335559740&quot;:240}\">\u00a0<\/span><\/p>\n<p><span data-contrast=\"none\">Trevor Stewart, conseiller du quartier 7, a d\u00e9clar\u00e9 qu&#8217;il fallait s&#8217;attaquer au probl\u00e8me de la violence entre partenaires intimes dans la r\u00e9gion.\u00a0<\/span><span data-ccp-props=\"{&quot;134233117&quot;:false,&quot;134233118&quot;:false,&quot;201341983&quot;:2,&quot;335551550&quot;:6,&quot;335551620&quot;:6,&quot;335559685&quot;:0,&quot;335559731&quot;:240,&quot;335559737&quot;:0,&quot;335559738&quot;:0,&quot;335559739&quot;:0,&quot;335559740&quot;:240}\">\u00a0<\/span><\/p>\n<p><span data-contrast=\"none\">\u00abLes taux de violence entre partenaires intimes sont mont\u00e9s en fl\u00e8che, a-t-il formul\u00e9. Aujourd&#8217;hui, nous avons besoin de strat\u00e9gies pour lutter contre ce probl\u00e8me. Ce n&#8217;est pas seulement dans notre r\u00e9gion que cela se passe. C&#8217;est un probl\u00e8me qui touche l&#8217;ensemble de la province et du pays.\u00bb\u00a0<\/span><span data-ccp-props=\"{&quot;134233117&quot;:false,&quot;134233118&quot;:false,&quot;201341983&quot;:2,&quot;335551550&quot;:6,&quot;335551620&quot;:6,&quot;335559685&quot;:0,&quot;335559731&quot;:240,&quot;335559737&quot;:0,&quot;335559738&quot;:0,&quot;335559739&quot;:0,&quot;335559740&quot;:240}\">\u00a0<\/span><\/p>\n<p><span data-contrast=\"none\">Le comt\u00e9 de Lanark est devenu la premi\u00e8re municipalit\u00e9 \u00e0 d\u00e9clarer la violence entre partenaires intimes comme une \u00e9pid\u00e9mie en 2022. Depuis, pr\u00e8s de 100 municipalit\u00e9s canadiennes ont embo\u00eet\u00e9 le pas.<\/span><span data-ccp-props=\"{&quot;134233117&quot;:false,&quot;134233118&quot;:false,&quot;201341983&quot;:2,&quot;335551550&quot;:6,&quot;335551620&quot;:6,&quot;335559685&quot;:0,&quot;335559731&quot;:240,&quot;335559737&quot;:0,&quot;335559738&quot;:0,&quot;335559739&quot;:0,&quot;335559740&quot;:240}\">\u00a0<\/span><\/p>\n","protected":false},"excerpt":{"rendered":"<p>La municipalit\u00e9 de Clarence-Rockland a officiellement d\u00e9clar\u00e9 que la violence entre partenaires intimes \u00e9tait une \u00e9pid\u00e9mie. Le conseil de Clarence-Rockland a approuv\u00e9 \u00e0 l&#8217;unanimit\u00e9 une motion pr\u00e9sent\u00e9e par la conseill\u00e8re Diane Choini\u00e8re lors de la r\u00e9union du conseil du 14 f\u00e9vrier.\u00a0\u00a0 \u00abLes femmes ont encore peur de parler lorsqu&#8217;il leur arrive quelque chose, a d\u00e9clar\u00e9 [&hellip;]<\/p>\n","protected":false},"author":20,"featured_media":97493,"comment_status":"closed","ping_status":"open","sticky":false,"template":"","format":"standard","meta":{"_acf_changed":false,"footnotes":""},"categories":[40],"tags":[],"class_list":["post-99302","post","type-post","status-publish","format-standard","has-post-thumbnail","hentry","category-societe"],"acf":[],"featured_media_global":[],"yoast_head":"<!-- This site is optimized with the Yoast SEO plugin v27.4 - https:\/\/yoast.com\/product\/yoast-seo-wordpress\/ -->\n<title>Le conseil de Clarence-Rockland d\u00e9clare que la violence entre partenaires intimes est une \u00e9pid\u00e9mie - Vision<\/title>\n<meta name=\"description\" content=\"La municipalit\u00e9 de Clarence-Rockland a officiellement d\u00e9clar\u00e9 que la violence entre partenaires intimes \u00e9tait une \u00e9pid\u00e9mie. Le conseil de Clarence-Rockland a approuv\u00e9 \u00e0 l&#039;unanimit\u00e9 une motion pr\u00e9sent\u00e9e par la conseill\u00e8re Diane Choini\u00e8re lors de la r\u00e9union du conseil du 14 f\u00e9vrier.\u00a0\u00a0\" \/>\n<meta name=\"robots\" content=\"index, follow, max-snippet:-1, max-image-preview:large, max-video-preview:-1\" \/>\n<link rel=\"canonical\" href=\"https:\/\/visionrockland.ca\/en\/societe\/violence-entre-partenaires-intimes\/\" \/>\n<meta property=\"og:locale\" content=\"en_US\" \/>\n<meta property=\"og:type\" content=\"article\" \/>\n<meta property=\"og:title\" content=\"Le conseil de Clarence-Rockland d\u00e9clare que la violence entre partenaires intimes est une \u00e9pid\u00e9mie - Vision\" \/>\n<meta property=\"og:description\" content=\"La municipalit\u00e9 de Clarence-Rockland a officiellement d\u00e9clar\u00e9 que la violence entre partenaires intimes \u00e9tait une \u00e9pid\u00e9mie. Le conseil de Clarence-Rockland a approuv\u00e9 \u00e0 l&#039;unanimit\u00e9 une motion pr\u00e9sent\u00e9e par la conseill\u00e8re Diane Choini\u00e8re lors de la r\u00e9union du conseil du 14 f\u00e9vrier.\u00a0\u00a0\" \/>\n<meta property=\"og:url\" content=\"https:\/\/visionrockland.ca\/en\/societe\/violence-entre-partenaires-intimes\/\" \/>\n<meta property=\"og:site_name\" content=\"Vision\" \/>\n<meta property=\"article:published_time\" content=\"2024-02-28T14:31:36+00:00\" \/>\n<meta property=\"article:modified_time\" content=\"2026-02-17T19:52:10+00:00\" \/>\n<meta property=\"og:image\" content=\"https:\/\/cdn.editionap.ca\/wp-content\/uploads\/sites\/3\/2023\/09\/DSC_3301-scaled-1.jpg\" \/>\n\t<meta property=\"og:image:width\" content=\"2560\" \/>\n\t<meta property=\"og:image:height\" content=\"1709\" \/>\n\t<meta property=\"og:image:type\" content=\"image\/jpeg\" \/>\n<meta name=\"author\" content=\"Joseph Coppolino\" \/>\n<meta name=\"twitter:card\" content=\"summary_large_image\" \/>\n<meta name=\"twitter:label1\" content=\"Written by\" \/>\n\t<meta name=\"twitter:data1\" content=\"Joseph Coppolino\" \/>\n\t<meta name=\"twitter:label2\" content=\"Est. reading time\" \/>\n\t<meta name=\"twitter:data2\" content=\"3 minutes\" \/>\n<script type=\"application\/ld+json\" class=\"yoast-schema-graph\">{\"@context\":\"https:\\\/\\\/schema.org\",\"@graph\":[{\"@type\":\"Article\",\"@id\":\"https:\\\/\\\/visionrockland.ca\\\/en\\\/societe\\\/violence-entre-partenaires-intimes\\\/#article\",\"isPartOf\":{\"@id\":\"https:\\\/\\\/visionrockland.ca\\\/en\\\/societe\\\/violence-entre-partenaires-intimes\\\/\"},\"author\":{\"name\":\"Joseph Coppolino\",\"@id\":\"https:\\\/\\\/visionrockland.ca\\\/en\\\/#\\\/schema\\\/person\\\/25dbd073b952565ed09ca19dbbfccc27\"},\"headline\":\"Le conseil de Clarence-Rockland d\u00e9clare que la violence entre partenaires intimes est une \u00e9pid\u00e9mie\",\"datePublished\":\"2024-02-28T14:31:36+00:00\",\"dateModified\":\"2026-02-17T19:52:10+00:00\",\"mainEntityOfPage\":{\"@id\":\"https:\\\/\\\/visionrockland.ca\\\/en\\\/societe\\\/violence-entre-partenaires-intimes\\\/\"},\"wordCount\":548,\"image\":{\"@id\":\"https:\\\/\\\/visionrockland.ca\\\/en\\\/societe\\\/violence-entre-partenaires-intimes\\\/#primaryimage\"},\"thumbnailUrl\":\"https:\\\/\\\/cdn.editionap.ca\\\/wp-content\\\/uploads\\\/sites\\\/3\\\/2023\\\/09\\\/DSC_3301-scaled-1.jpg\",\"articleSection\":[\"Soci\u00e9t\u00e9\"],\"inLanguage\":\"en-US\"},{\"@type\":\"WebPage\",\"@id\":\"https:\\\/\\\/visionrockland.ca\\\/en\\\/societe\\\/violence-entre-partenaires-intimes\\\/\",\"url\":\"https:\\\/\\\/visionrockland.ca\\\/en\\\/societe\\\/violence-entre-partenaires-intimes\\\/\",\"name\":\"Le conseil de Clarence-Rockland d\u00e9clare que la violence entre partenaires intimes est une \u00e9pid\u00e9mie - Vision\",\"isPartOf\":{\"@id\":\"https:\\\/\\\/visionrockland.ca\\\/en\\\/#website\"},\"primaryImageOfPage\":{\"@id\":\"https:\\\/\\\/visionrockland.ca\\\/en\\\/societe\\\/violence-entre-partenaires-intimes\\\/#primaryimage\"},\"image\":{\"@id\":\"https:\\\/\\\/visionrockland.ca\\\/en\\\/societe\\\/violence-entre-partenaires-intimes\\\/#primaryimage\"},\"thumbnailUrl\":\"https:\\\/\\\/cdn.editionap.ca\\\/wp-content\\\/uploads\\\/sites\\\/3\\\/2023\\\/09\\\/DSC_3301-scaled-1.jpg\",\"datePublished\":\"2024-02-28T14:31:36+00:00\",\"dateModified\":\"2026-02-17T19:52:10+00:00\",\"author\":{\"@id\":\"https:\\\/\\\/visionrockland.ca\\\/en\\\/#\\\/schema\\\/person\\\/25dbd073b952565ed09ca19dbbfccc27\"},\"description\":\"La municipalit\u00e9 de Clarence-Rockland a officiellement d\u00e9clar\u00e9 que la violence entre partenaires intimes \u00e9tait une \u00e9pid\u00e9mie. Le conseil de Clarence-Rockland a approuv\u00e9 \u00e0 l'unanimit\u00e9 une motion pr\u00e9sent\u00e9e par la conseill\u00e8re Diane Choini\u00e8re lors de la r\u00e9union du conseil du 14 f\u00e9vrier.\u00a0\u00a0\",\"breadcrumb\":{\"@id\":\"https:\\\/\\\/visionrockland.ca\\\/en\\\/societe\\\/violence-entre-partenaires-intimes\\\/#breadcrumb\"},\"inLanguage\":\"en-US\",\"potentialAction\":[{\"@type\":\"ReadAction\",\"target\":[\"https:\\\/\\\/visionrockland.ca\\\/en\\\/societe\\\/violence-entre-partenaires-intimes\\\/\"]}]},{\"@type\":\"ImageObject\",\"inLanguage\":\"en-US\",\"@id\":\"https:\\\/\\\/visionrockland.ca\\\/en\\\/societe\\\/violence-entre-partenaires-intimes\\\/#primaryimage\",\"url\":\"https:\\\/\\\/cdn.editionap.ca\\\/wp-content\\\/uploads\\\/sites\\\/3\\\/2023\\\/09\\\/DSC_3301-scaled-1.jpg\",\"contentUrl\":\"https:\\\/\\\/cdn.editionap.ca\\\/wp-content\\\/uploads\\\/sites\\\/3\\\/2023\\\/09\\\/DSC_3301-scaled-1.jpg\",\"width\":2560,\"height\":1709,\"caption\":\"Martine Lanthier (\u00e0 droite), directrice g\u00e9n\u00e9rale du Centre Novas, marche sur la rue Laurier devant l'h\u00f4tel de ville de Clarence-Rockland pendant la marche des femmes de 2023. Diane Choini\u00e8re, conseill\u00e8re du quartier 8 de la municipalit\u00e9 de Clarence-Rockland, a pr\u00e9sent\u00e9 une motion lors de la r\u00e9union du conseil municipal du 14 f\u00e9vrier pour d\u00e9clarer que la violence entre partenaires intimes est une \u00e9pid\u00e9mie dans la r\u00e9gion.\"},{\"@type\":\"BreadcrumbList\",\"@id\":\"https:\\\/\\\/visionrockland.ca\\\/en\\\/societe\\\/violence-entre-partenaires-intimes\\\/#breadcrumb\",\"itemListElement\":[{\"@type\":\"ListItem\",\"position\":1,\"name\":\"Accueil\",\"item\":\"https:\\\/\\\/visionrockland.ca\\\/en\\\/\"},{\"@type\":\"ListItem\",\"position\":2,\"name\":\"Le conseil de Clarence-Rockland d\u00e9clare que la violence entre partenaires intimes est une \u00e9pid\u00e9mie\"}]},{\"@type\":\"WebSite\",\"@id\":\"https:\\\/\\\/visionrockland.ca\\\/en\\\/#website\",\"url\":\"https:\\\/\\\/visionrockland.ca\\\/en\\\/\",\"name\":\"Vision\",\"description\":\"\",\"potentialAction\":[{\"@type\":\"SearchAction\",\"target\":{\"@type\":\"EntryPoint\",\"urlTemplate\":\"https:\\\/\\\/visionrockland.ca\\\/en\\\/?s={search_term_string}\"},\"query-input\":{\"@type\":\"PropertyValueSpecification\",\"valueRequired\":true,\"valueName\":\"search_term_string\"}}],\"inLanguage\":\"en-US\"},{\"@type\":\"Person\",\"@id\":\"https:\\\/\\\/visionrockland.ca\\\/en\\\/#\\\/schema\\\/person\\\/25dbd073b952565ed09ca19dbbfccc27\",\"name\":\"Joseph Coppolino\",\"image\":{\"@type\":\"ImageObject\",\"inLanguage\":\"en-US\",\"@id\":\"https:\\\/\\\/secure.gravatar.com\\\/avatar\\\/68b588951b507643baa44096457818fb7c15c73a18975a47ba0caf868bab32aa?s=96&d=mm&r=g\",\"url\":\"https:\\\/\\\/secure.gravatar.com\\\/avatar\\\/68b588951b507643baa44096457818fb7c15c73a18975a47ba0caf868bab32aa?s=96&d=mm&r=g\",\"contentUrl\":\"https:\\\/\\\/secure.gravatar.com\\\/avatar\\\/68b588951b507643baa44096457818fb7c15c73a18975a47ba0caf868bab32aa?s=96&d=mm&r=g\",\"caption\":\"Joseph Coppolino\"}}]}<\/script>\n<!-- \/ Yoast SEO plugin. -->","yoast_head_json":{"title":"Le conseil de Clarence-Rockland d\u00e9clare que la violence entre partenaires intimes est une \u00e9pid\u00e9mie - Vision","description":"La municipalit\u00e9 de Clarence-Rockland a officiellement d\u00e9clar\u00e9 que la violence entre partenaires intimes \u00e9tait une \u00e9pid\u00e9mie. Le conseil de Clarence-Rockland a approuv\u00e9 \u00e0 l'unanimit\u00e9 une motion pr\u00e9sent\u00e9e par la conseill\u00e8re Diane Choini\u00e8re lors de la r\u00e9union du conseil du 14 f\u00e9vrier.\u00a0\u00a0","robots":{"index":"index","follow":"follow","max-snippet":"max-snippet:-1","max-image-preview":"max-image-preview:large","max-video-preview":"max-video-preview:-1"},"canonical":"https:\/\/visionrockland.ca\/en\/societe\/violence-entre-partenaires-intimes\/","og_locale":"en_US","og_type":"article","og_title":"Le conseil de Clarence-Rockland d\u00e9clare que la violence entre partenaires intimes est une \u00e9pid\u00e9mie - Vision","og_description":"La municipalit\u00e9 de Clarence-Rockland a officiellement d\u00e9clar\u00e9 que la violence entre partenaires intimes \u00e9tait une \u00e9pid\u00e9mie. Le conseil de Clarence-Rockland a approuv\u00e9 \u00e0 l'unanimit\u00e9 une motion pr\u00e9sent\u00e9e par la conseill\u00e8re Diane Choini\u00e8re lors de la r\u00e9union du conseil du 14 f\u00e9vrier.\u00a0\u00a0","og_url":"https:\/\/visionrockland.ca\/en\/societe\/violence-entre-partenaires-intimes\/","og_site_name":"Vision","article_published_time":"2024-02-28T14:31:36+00:00","article_modified_time":"2026-02-17T19:52:10+00:00","og_image":[{"width":2560,"height":1709,"url":"https:\/\/cdn.editionap.ca\/wp-content\/uploads\/sites\/3\/2023\/09\/DSC_3301-scaled-1.jpg","type":"image\/jpeg"}],"author":"Joseph Coppolino","twitter_card":"summary_large_image","twitter_misc":{"Written by":"Joseph Coppolino","Est. reading time":"3 minutes"},"schema":{"@context":"https:\/\/schema.org","@graph":[{"@type":"Article","@id":"https:\/\/visionrockland.ca\/en\/societe\/violence-entre-partenaires-intimes\/#article","isPartOf":{"@id":"https:\/\/visionrockland.ca\/en\/societe\/violence-entre-partenaires-intimes\/"},"author":{"name":"Joseph Coppolino","@id":"https:\/\/visionrockland.ca\/en\/#\/schema\/person\/25dbd073b952565ed09ca19dbbfccc27"},"headline":"Le conseil de Clarence-Rockland d\u00e9clare que la violence entre partenaires intimes est une \u00e9pid\u00e9mie","datePublished":"2024-02-28T14:31:36+00:00","dateModified":"2026-02-17T19:52:10+00:00","mainEntityOfPage":{"@id":"https:\/\/visionrockland.ca\/en\/societe\/violence-entre-partenaires-intimes\/"},"wordCount":548,"image":{"@id":"https:\/\/visionrockland.ca\/en\/societe\/violence-entre-partenaires-intimes\/#primaryimage"},"thumbnailUrl":"https:\/\/cdn.editionap.ca\/wp-content\/uploads\/sites\/3\/2023\/09\/DSC_3301-scaled-1.jpg","articleSection":["Soci\u00e9t\u00e9"],"inLanguage":"en-US"},{"@type":"WebPage","@id":"https:\/\/visionrockland.ca\/en\/societe\/violence-entre-partenaires-intimes\/","url":"https:\/\/visionrockland.ca\/en\/societe\/violence-entre-partenaires-intimes\/","name":"Le conseil de Clarence-Rockland d\u00e9clare que la violence entre partenaires intimes est une \u00e9pid\u00e9mie - Vision","isPartOf":{"@id":"https:\/\/visionrockland.ca\/en\/#website"},"primaryImageOfPage":{"@id":"https:\/\/visionrockland.ca\/en\/societe\/violence-entre-partenaires-intimes\/#primaryimage"},"image":{"@id":"https:\/\/visionrockland.ca\/en\/societe\/violence-entre-partenaires-intimes\/#primaryimage"},"thumbnailUrl":"https:\/\/cdn.editionap.ca\/wp-content\/uploads\/sites\/3\/2023\/09\/DSC_3301-scaled-1.jpg","datePublished":"2024-02-28T14:31:36+00:00","dateModified":"2026-02-17T19:52:10+00:00","author":{"@id":"https:\/\/visionrockland.ca\/en\/#\/schema\/person\/25dbd073b952565ed09ca19dbbfccc27"},"description":"La municipalit\u00e9 de Clarence-Rockland a officiellement d\u00e9clar\u00e9 que la violence entre partenaires intimes \u00e9tait une \u00e9pid\u00e9mie. Le conseil de Clarence-Rockland a approuv\u00e9 \u00e0 l'unanimit\u00e9 une motion pr\u00e9sent\u00e9e par la conseill\u00e8re Diane Choini\u00e8re lors de la r\u00e9union du conseil du 14 f\u00e9vrier.\u00a0\u00a0","breadcrumb":{"@id":"https:\/\/visionrockland.ca\/en\/societe\/violence-entre-partenaires-intimes\/#breadcrumb"},"inLanguage":"en-US","potentialAction":[{"@type":"ReadAction","target":["https:\/\/visionrockland.ca\/en\/societe\/violence-entre-partenaires-intimes\/"]}]},{"@type":"ImageObject","inLanguage":"en-US","@id":"https:\/\/visionrockland.ca\/en\/societe\/violence-entre-partenaires-intimes\/#primaryimage","url":"https:\/\/cdn.editionap.ca\/wp-content\/uploads\/sites\/3\/2023\/09\/DSC_3301-scaled-1.jpg","contentUrl":"https:\/\/cdn.editionap.ca\/wp-content\/uploads\/sites\/3\/2023\/09\/DSC_3301-scaled-1.jpg","width":2560,"height":1709,"caption":"Martine Lanthier (\u00e0 droite), directrice g\u00e9n\u00e9rale du Centre Novas, marche sur la rue Laurier devant l'h\u00f4tel de ville de Clarence-Rockland pendant la marche des femmes de 2023. Diane Choini\u00e8re, conseill\u00e8re du quartier 8 de la municipalit\u00e9 de Clarence-Rockland, a pr\u00e9sent\u00e9 une motion lors de la r\u00e9union du conseil municipal du 14 f\u00e9vrier pour d\u00e9clarer que la violence entre partenaires intimes est une \u00e9pid\u00e9mie dans la r\u00e9gion."},{"@type":"BreadcrumbList","@id":"https:\/\/visionrockland.ca\/en\/societe\/violence-entre-partenaires-intimes\/#breadcrumb","itemListElement":[{"@type":"ListItem","position":1,"name":"Accueil","item":"https:\/\/visionrockland.ca\/en\/"},{"@type":"ListItem","position":2,"name":"Le conseil de Clarence-Rockland d\u00e9clare que la violence entre partenaires intimes est une \u00e9pid\u00e9mie"}]},{"@type":"WebSite","@id":"https:\/\/visionrockland.ca\/en\/#website","url":"https:\/\/visionrockland.ca\/en\/","name":"Vision","description":"","potentialAction":[{"@type":"SearchAction","target":{"@type":"EntryPoint","urlTemplate":"https:\/\/visionrockland.ca\/en\/?s={search_term_string}"},"query-input":{"@type":"PropertyValueSpecification","valueRequired":true,"valueName":"search_term_string"}}],"inLanguage":"en-US"},{"@type":"Person","@id":"https:\/\/visionrockland.ca\/en\/#\/schema\/person\/25dbd073b952565ed09ca19dbbfccc27","name":"Joseph Coppolino","image":{"@type":"ImageObject","inLanguage":"en-US","@id":"https:\/\/secure.gravatar.com\/avatar\/68b588951b507643baa44096457818fb7c15c73a18975a47ba0caf868bab32aa?s=96&d=mm&r=g","url":"https:\/\/secure.gravatar.com\/avatar\/68b588951b507643baa44096457818fb7c15c73a18975a47ba0caf868bab32aa?s=96&d=mm&r=g","contentUrl":"https:\/\/secure.gravatar.com\/avatar\/68b588951b507643baa44096457818fb7c15c73a18975a47ba0caf868bab32aa?s=96&d=mm&r=g","caption":"Joseph Coppolino"}}]}},"_links":{"self":[{"href":"https:\/\/visionrockland.ca\/en\/wp-json\/wp\/v2\/posts\/99302","targetHints":{"allow":["GET"]}}],"collection":[{"href":"https:\/\/visionrockland.ca\/en\/wp-json\/wp\/v2\/posts"}],"about":[{"href":"https:\/\/visionrockland.ca\/en\/wp-json\/wp\/v2\/types\/post"}],"author":[{"embeddable":true,"href":"https:\/\/visionrockland.ca\/en\/wp-json\/wp\/v2\/users\/20"}],"replies":[{"embeddable":true,"href":"https:\/\/visionrockland.ca\/en\/wp-json\/wp\/v2\/comments?post=99302"}],"version-history":[{"count":1,"href":"https:\/\/visionrockland.ca\/en\/wp-json\/wp\/v2\/posts\/99302\/revisions"}],"predecessor-version":[{"id":132552,"href":"https:\/\/visionrockland.ca\/en\/wp-json\/wp\/v2\/posts\/99302\/revisions\/132552"}],"wp:featuredmedia":[{"embeddable":true,"href":"https:\/\/visionrockland.ca\/en\/wp-json\/wp\/v2\/media\/97493"}],"wp:attachment":[{"href":"https:\/\/visionrockland.ca\/en\/wp-json\/wp\/v2\/media?parent=99302"}],"wp:term":[{"taxonomy":"category","embeddable":true,"href":"https:\/\/visionrockland.ca\/en\/wp-json\/wp\/v2\/categories?post=99302"},{"taxonomy":"post_tag","embeddable":true,"href":"https:\/\/visionrockland.ca\/en\/wp-json\/wp\/v2\/tags?post=99302"}],"curies":[{"name":"wp","href":"https:\/\/api.w.org\/{rel}","templated":true}]}}