{"id":99155,"date":"2024-02-15T10:12:59","date_gmt":"2024-02-15T15:12:59","guid":{"rendered":"https:\/\/editionap.ca\/?p=99155"},"modified":"2026-02-17T20:52:10","modified_gmt":"2026-02-17T19:52:10","slug":"un-incendie-de-trois-alarmes-detruit-deux-maisons-a-bourget","status":"publish","type":"post","link":"https:\/\/visionrockland.ca\/en\/justice-faits-divers\/un-incendie-de-trois-alarmes-detruit-deux-maisons-a-bourget\/","title":{"rendered":"Un incendie de trois alarmes d\u00e9truit deux maisons \u00e0 Bourget"},"content":{"rendered":"<p><b><span data-contrast=\"none\">Un incendie a ravag\u00e9 deux propri\u00e9t\u00e9s r\u00e9sidentielles sur la rue Laval \u00e0 Bourget lundi soir, d\u00e9truisant compl\u00e8tement les deux maisons.\u00a0\u00a0<\/span><\/b><span data-ccp-props=\"{&quot;201341983&quot;:0,&quot;335551550&quot;:6,&quot;335551620&quot;:6,&quot;335559739&quot;:0,&quot;335559740&quot;:288}\">\u00a0<\/span><\/p>\n<p><span data-contrast=\"none\">Le Service des incendies de Clarence-Rockland (SICR) a r\u00e9pondu \u00e0 un appel concernant un incendie r\u00e9sidentiel le long du bloc 2100 de la rue Laval, directement en face de la caserne de pompiers d\u00e9saffect\u00e9e Gilbert Labelle, vers 22 h, le lundi 12 f\u00e9vrier, et \u00e9tait sur les lieux en moins de cinq minutes. L&#8217;incendie a \u00e9t\u00e9 jug\u00e9 ma\u00eetris\u00e9 t\u00f4t mardi matin, vers 0 h 30, et les pompiers ont quitt\u00e9 les lieux vers 4 h.\u00a0<\/span><span data-ccp-props=\"{&quot;201341983&quot;:2,&quot;335551550&quot;:6,&quot;335551620&quot;:6,&quot;335559731&quot;:240,&quot;335559739&quot;:0,&quot;335559740&quot;:240}\">\u00a0<\/span><\/p>\n<p><span data-contrast=\"none\">Le chef des pompiers de Clarence-Rockland, Mario Villeneuve, a d\u00e9clar\u00e9 que 38 pompiers de trois casernes diff\u00e9rentes ont r\u00e9pondu \u00e0 l&#8217;incident. Les r\u00e9sidents des deux immeubles sont sortis de chez eux sains et saufs et n&#8217;ont subi aucune blessure.<\/span><\/p>\n<figure id=\"attachment_99157\" aria-describedby=\"caption-attachment-99157\" style=\"width: 2560px\" class=\"wp-caption aligncenter\"><img fetchpriority=\"high\" decoding=\"async\" class=\"size-full wp-image-99157\" src=\"https:\/\/editionap.ca\/wp-content\/uploads\/sites\/57\/2024\/02\/actjc-bourget_fire_Fev2024-1-scaled.jpg\" alt=\"Les deux maisons ont \u00e9t\u00e9 compl\u00e8tement d\u00e9truites par l'incendie, laissant les habitants sans aucun de leurs biens. Un certain nombre de messages sur Facebook, \u00e9manant de toute la communaut\u00e9, ont \u00e9t\u00e9 envoy\u00e9s aux familles pour leur apporter leur soutien. (Photo: Joseph Coppolino)\" width=\"2560\" height=\"1709\" \/><figcaption id=\"caption-attachment-99157\" class=\"wp-caption-text\">Les deux maisons ont \u00e9t\u00e9 compl\u00e8tement d\u00e9truites par l&#8217;incendie, laissant les habitants sans aucun de leurs biens. Un certain nombre de messages sur Facebook, \u00e9manant de toute la communaut\u00e9, ont \u00e9t\u00e9 envoy\u00e9s aux familles pour leur apporter leur soutien. (Photo: Joseph Coppolino)<\/figcaption><\/figure>\n<p>&nbsp;<\/p>\n<p><span data-contrast=\"none\">\u00ab Je voudrais rappeler \u00e0 chaque propri\u00e9taire et \u00e0 chaque locataire que la loi exige d&#8217;installer et de maintenir en \u00e9tat de marche des d\u00e9tecteurs de fum\u00e9e et de monoxyde de carbone dans chaque unit\u00e9 d&#8217;habitation, a d\u00e9clar\u00e9 M. Villeneuve. Cet incident nous rappelle que chaque minute compte lorsqu&#8217;un incendie se d\u00e9clare et que les occupants doivent \u00e9vacuer leur maison et appeler le 911 d\u00e8s qu&#8217;ils entendent l&#8217;alarme. \u00bb<\/span><span data-ccp-props=\"{&quot;201341983&quot;:2,&quot;335551550&quot;:6,&quot;335551620&quot;:6,&quot;335559731&quot;:240,&quot;335559739&quot;:0,&quot;335559740&quot;:240}\">\u00a0<\/span><\/p>\n<p><span data-contrast=\"none\">\u00ab Nous sommes heureux que tout le monde ait pu sortir sain et sauf avant notre arriv\u00e9e hier soir. \u00bb<\/span><span data-ccp-props=\"{&quot;201341983&quot;:2,&quot;335551550&quot;:6,&quot;335551620&quot;:6,&quot;335559731&quot;:240,&quot;335559739&quot;:0,&quot;335559740&quot;:240}\">\u00a0<\/span><\/p>\n<p><span data-contrast=\"none\">La cause de l&#8217;incendie fait toujours l&#8217;objet d&#8217;une enqu\u00eate.\u00a0<\/span><span data-ccp-props=\"{&quot;201341983&quot;:2,&quot;335551550&quot;:6,&quot;335551620&quot;:6,&quot;335559731&quot;:240,&quot;335559739&quot;:0,&quot;335559740&quot;:240}\">\u00a0<\/span><\/p>\n","protected":false},"excerpt":{"rendered":"<p>Un incendie a ravag\u00e9 deux propri\u00e9t\u00e9s r\u00e9sidentielles sur la rue Laval \u00e0 Bourget lundi soir, d\u00e9truisant compl\u00e8tement les deux maisons.\u00a0\u00a0\u00a0 Le Service des incendies de Clarence-Rockland (SICR) a r\u00e9pondu \u00e0 un appel concernant un incendie r\u00e9sidentiel le long du bloc 2100 de la rue Laval, directement en face de la caserne de pompiers d\u00e9saffect\u00e9e Gilbert [&hellip;]<\/p>\n","protected":false},"author":20,"featured_media":99156,"comment_status":"closed","ping_status":"open","sticky":false,"template":"","format":"standard","meta":{"_acf_changed":false,"footnotes":""},"categories":[41],"tags":[],"class_list":["post-99155","post","type-post","status-publish","format-standard","has-post-thumbnail","hentry","category-justice-faits-divers"],"acf":[],"featured_media_global":[],"yoast_head":"<!-- This site is optimized with the Yoast SEO plugin v27.5 - https:\/\/yoast.com\/product\/yoast-seo-wordpress\/ -->\n<title>Un incendie de trois alarmes d\u00e9truit deux maisons \u00e0 Bourget - Vision<\/title>\n<meta name=\"description\" content=\"Un incendie a ravag\u00e9 deux propri\u00e9t\u00e9s r\u00e9sidentielles sur la rue Laval \u00e0 Bourget lundi soir, d\u00e9truisant compl\u00e8tement les deux maisons.\u00a0\" \/>\n<meta name=\"robots\" content=\"index, follow, max-snippet:-1, max-image-preview:large, max-video-preview:-1\" \/>\n<link rel=\"canonical\" href=\"https:\/\/visionrockland.ca\/en\/justice-faits-divers\/un-incendie-de-trois-alarmes-detruit-deux-maisons-a-bourget\/\" \/>\n<meta property=\"og:locale\" content=\"en_US\" \/>\n<meta property=\"og:type\" content=\"article\" \/>\n<meta property=\"og:title\" content=\"Un incendie de trois alarmes d\u00e9truit deux maisons \u00e0 Bourget - Vision\" \/>\n<meta property=\"og:description\" content=\"Un incendie a ravag\u00e9 deux propri\u00e9t\u00e9s r\u00e9sidentielles sur la rue Laval \u00e0 Bourget lundi soir, d\u00e9truisant compl\u00e8tement les deux maisons.\u00a0\" \/>\n<meta property=\"og:url\" content=\"https:\/\/visionrockland.ca\/en\/justice-faits-divers\/un-incendie-de-trois-alarmes-detruit-deux-maisons-a-bourget\/\" \/>\n<meta property=\"og:site_name\" content=\"Vision\" \/>\n<meta property=\"article:published_time\" content=\"2024-02-15T15:12:59+00:00\" \/>\n<meta property=\"article:modified_time\" content=\"2026-02-17T19:52:10+00:00\" \/>\n<meta property=\"og:image\" content=\"https:\/\/cdn.editionap.ca\/wp-content\/uploads\/sites\/3\/2024\/02\/actjc-bourget_fire_Fev2024-2-scaled-1.jpg\" \/>\n\t<meta property=\"og:image:width\" content=\"2560\" \/>\n\t<meta property=\"og:image:height\" content=\"1709\" \/>\n\t<meta property=\"og:image:type\" content=\"image\/jpeg\" \/>\n<meta name=\"author\" content=\"Joseph Coppolino\" \/>\n<meta name=\"twitter:card\" content=\"summary_large_image\" \/>\n<meta name=\"twitter:label1\" content=\"Written by\" \/>\n\t<meta name=\"twitter:data1\" content=\"Joseph Coppolino\" \/>\n\t<meta name=\"twitter:label2\" content=\"Est. reading time\" \/>\n\t<meta name=\"twitter:data2\" content=\"2 minutes\" \/>\n<script type=\"application\/ld+json\" class=\"yoast-schema-graph\">{\"@context\":\"https:\\\/\\\/schema.org\",\"@graph\":[{\"@type\":\"Article\",\"@id\":\"https:\\\/\\\/visionrockland.ca\\\/en\\\/justice-faits-divers\\\/un-incendie-de-trois-alarmes-detruit-deux-maisons-a-bourget\\\/#article\",\"isPartOf\":{\"@id\":\"https:\\\/\\\/visionrockland.ca\\\/en\\\/justice-faits-divers\\\/un-incendie-de-trois-alarmes-detruit-deux-maisons-a-bourget\\\/\"},\"author\":{\"name\":\"Joseph Coppolino\",\"@id\":\"https:\\\/\\\/visionrockland.ca\\\/en\\\/#\\\/schema\\\/person\\\/25dbd073b952565ed09ca19dbbfccc27\"},\"headline\":\"Un incendie de trois alarmes d\u00e9truit deux maisons \u00e0 Bourget\",\"datePublished\":\"2024-02-15T15:12:59+00:00\",\"dateModified\":\"2026-02-17T19:52:10+00:00\",\"mainEntityOfPage\":{\"@id\":\"https:\\\/\\\/visionrockland.ca\\\/en\\\/justice-faits-divers\\\/un-incendie-de-trois-alarmes-detruit-deux-maisons-a-bourget\\\/\"},\"wordCount\":314,\"image\":{\"@id\":\"https:\\\/\\\/visionrockland.ca\\\/en\\\/justice-faits-divers\\\/un-incendie-de-trois-alarmes-detruit-deux-maisons-a-bourget\\\/#primaryimage\"},\"thumbnailUrl\":\"https:\\\/\\\/cdn.editionap.ca\\\/wp-content\\\/uploads\\\/sites\\\/3\\\/2024\\\/02\\\/actjc-bourget_fire_Fev2024-2-scaled-1.jpg\",\"articleSection\":[\"Faits divers\"],\"inLanguage\":\"en-US\"},{\"@type\":\"WebPage\",\"@id\":\"https:\\\/\\\/visionrockland.ca\\\/en\\\/justice-faits-divers\\\/un-incendie-de-trois-alarmes-detruit-deux-maisons-a-bourget\\\/\",\"url\":\"https:\\\/\\\/visionrockland.ca\\\/en\\\/justice-faits-divers\\\/un-incendie-de-trois-alarmes-detruit-deux-maisons-a-bourget\\\/\",\"name\":\"Un incendie de trois alarmes d\u00e9truit deux maisons \u00e0 Bourget - Vision\",\"isPartOf\":{\"@id\":\"https:\\\/\\\/visionrockland.ca\\\/en\\\/#website\"},\"primaryImageOfPage\":{\"@id\":\"https:\\\/\\\/visionrockland.ca\\\/en\\\/justice-faits-divers\\\/un-incendie-de-trois-alarmes-detruit-deux-maisons-a-bourget\\\/#primaryimage\"},\"image\":{\"@id\":\"https:\\\/\\\/visionrockland.ca\\\/en\\\/justice-faits-divers\\\/un-incendie-de-trois-alarmes-detruit-deux-maisons-a-bourget\\\/#primaryimage\"},\"thumbnailUrl\":\"https:\\\/\\\/cdn.editionap.ca\\\/wp-content\\\/uploads\\\/sites\\\/3\\\/2024\\\/02\\\/actjc-bourget_fire_Fev2024-2-scaled-1.jpg\",\"datePublished\":\"2024-02-15T15:12:59+00:00\",\"dateModified\":\"2026-02-17T19:52:10+00:00\",\"author\":{\"@id\":\"https:\\\/\\\/visionrockland.ca\\\/en\\\/#\\\/schema\\\/person\\\/25dbd073b952565ed09ca19dbbfccc27\"},\"description\":\"Un incendie a ravag\u00e9 deux propri\u00e9t\u00e9s r\u00e9sidentielles sur la rue Laval \u00e0 Bourget lundi soir, d\u00e9truisant compl\u00e8tement les deux maisons.\u00a0\",\"breadcrumb\":{\"@id\":\"https:\\\/\\\/visionrockland.ca\\\/en\\\/justice-faits-divers\\\/un-incendie-de-trois-alarmes-detruit-deux-maisons-a-bourget\\\/#breadcrumb\"},\"inLanguage\":\"en-US\",\"potentialAction\":[{\"@type\":\"ReadAction\",\"target\":[\"https:\\\/\\\/visionrockland.ca\\\/en\\\/justice-faits-divers\\\/un-incendie-de-trois-alarmes-detruit-deux-maisons-a-bourget\\\/\"]}]},{\"@type\":\"ImageObject\",\"inLanguage\":\"en-US\",\"@id\":\"https:\\\/\\\/visionrockland.ca\\\/en\\\/justice-faits-divers\\\/un-incendie-de-trois-alarmes-detruit-deux-maisons-a-bourget\\\/#primaryimage\",\"url\":\"https:\\\/\\\/cdn.editionap.ca\\\/wp-content\\\/uploads\\\/sites\\\/3\\\/2024\\\/02\\\/actjc-bourget_fire_Fev2024-2-scaled-1.jpg\",\"contentUrl\":\"https:\\\/\\\/cdn.editionap.ca\\\/wp-content\\\/uploads\\\/sites\\\/3\\\/2024\\\/02\\\/actjc-bourget_fire_Fev2024-2-scaled-1.jpg\",\"width\":2560,\"height\":1709,\"caption\":\"Pr\u00e8s de 40 pompiers, provenant de trois casernes diff\u00e9rentes, ont \u00e9t\u00e9 mobilis\u00e9s pour combattre un incendie survenu dans la nuit du lundi 12 f\u00e9vrier, rue Laval \u00e0 Bourget. Le feu a \u00e9clat\u00e9 au 2176, rue Laval, puis s'est rapidement propag\u00e9 \u00e0 la maison voisine du c\u00f4t\u00e9 est, entra\u00eenant la destruction des deux structures.\"},{\"@type\":\"BreadcrumbList\",\"@id\":\"https:\\\/\\\/visionrockland.ca\\\/en\\\/justice-faits-divers\\\/un-incendie-de-trois-alarmes-detruit-deux-maisons-a-bourget\\\/#breadcrumb\",\"itemListElement\":[{\"@type\":\"ListItem\",\"position\":1,\"name\":\"Accueil\",\"item\":\"https:\\\/\\\/visionrockland.ca\\\/en\\\/\"},{\"@type\":\"ListItem\",\"position\":2,\"name\":\"Un incendie de trois alarmes d\u00e9truit deux maisons \u00e0 Bourget\"}]},{\"@type\":\"WebSite\",\"@id\":\"https:\\\/\\\/visionrockland.ca\\\/en\\\/#website\",\"url\":\"https:\\\/\\\/visionrockland.ca\\\/en\\\/\",\"name\":\"Vision\",\"description\":\"\",\"potentialAction\":[{\"@type\":\"SearchAction\",\"target\":{\"@type\":\"EntryPoint\",\"urlTemplate\":\"https:\\\/\\\/visionrockland.ca\\\/en\\\/?s={search_term_string}\"},\"query-input\":{\"@type\":\"PropertyValueSpecification\",\"valueRequired\":true,\"valueName\":\"search_term_string\"}}],\"inLanguage\":\"en-US\"},{\"@type\":\"Person\",\"@id\":\"https:\\\/\\\/visionrockland.ca\\\/en\\\/#\\\/schema\\\/person\\\/25dbd073b952565ed09ca19dbbfccc27\",\"name\":\"Joseph Coppolino\",\"image\":{\"@type\":\"ImageObject\",\"inLanguage\":\"en-US\",\"@id\":\"https:\\\/\\\/secure.gravatar.com\\\/avatar\\\/68b588951b507643baa44096457818fb7c15c73a18975a47ba0caf868bab32aa?s=96&d=mm&r=g\",\"url\":\"https:\\\/\\\/secure.gravatar.com\\\/avatar\\\/68b588951b507643baa44096457818fb7c15c73a18975a47ba0caf868bab32aa?s=96&d=mm&r=g\",\"contentUrl\":\"https:\\\/\\\/secure.gravatar.com\\\/avatar\\\/68b588951b507643baa44096457818fb7c15c73a18975a47ba0caf868bab32aa?s=96&d=mm&r=g\",\"caption\":\"Joseph Coppolino\"}}]}<\/script>\n<!-- \/ Yoast SEO plugin. -->","yoast_head_json":{"title":"Un incendie de trois alarmes d\u00e9truit deux maisons \u00e0 Bourget - Vision","description":"Un incendie a ravag\u00e9 deux propri\u00e9t\u00e9s r\u00e9sidentielles sur la rue Laval \u00e0 Bourget lundi soir, d\u00e9truisant compl\u00e8tement les deux maisons.\u00a0","robots":{"index":"index","follow":"follow","max-snippet":"max-snippet:-1","max-image-preview":"max-image-preview:large","max-video-preview":"max-video-preview:-1"},"canonical":"https:\/\/visionrockland.ca\/en\/justice-faits-divers\/un-incendie-de-trois-alarmes-detruit-deux-maisons-a-bourget\/","og_locale":"en_US","og_type":"article","og_title":"Un incendie de trois alarmes d\u00e9truit deux maisons \u00e0 Bourget - Vision","og_description":"Un incendie a ravag\u00e9 deux propri\u00e9t\u00e9s r\u00e9sidentielles sur la rue Laval \u00e0 Bourget lundi soir, d\u00e9truisant compl\u00e8tement les deux maisons.\u00a0","og_url":"https:\/\/visionrockland.ca\/en\/justice-faits-divers\/un-incendie-de-trois-alarmes-detruit-deux-maisons-a-bourget\/","og_site_name":"Vision","article_published_time":"2024-02-15T15:12:59+00:00","article_modified_time":"2026-02-17T19:52:10+00:00","og_image":[{"width":2560,"height":1709,"url":"https:\/\/cdn.editionap.ca\/wp-content\/uploads\/sites\/3\/2024\/02\/actjc-bourget_fire_Fev2024-2-scaled-1.jpg","type":"image\/jpeg"}],"author":"Joseph Coppolino","twitter_card":"summary_large_image","twitter_misc":{"Written by":"Joseph Coppolino","Est. reading time":"2 minutes"},"schema":{"@context":"https:\/\/schema.org","@graph":[{"@type":"Article","@id":"https:\/\/visionrockland.ca\/en\/justice-faits-divers\/un-incendie-de-trois-alarmes-detruit-deux-maisons-a-bourget\/#article","isPartOf":{"@id":"https:\/\/visionrockland.ca\/en\/justice-faits-divers\/un-incendie-de-trois-alarmes-detruit-deux-maisons-a-bourget\/"},"author":{"name":"Joseph Coppolino","@id":"https:\/\/visionrockland.ca\/en\/#\/schema\/person\/25dbd073b952565ed09ca19dbbfccc27"},"headline":"Un incendie de trois alarmes d\u00e9truit deux maisons \u00e0 Bourget","datePublished":"2024-02-15T15:12:59+00:00","dateModified":"2026-02-17T19:52:10+00:00","mainEntityOfPage":{"@id":"https:\/\/visionrockland.ca\/en\/justice-faits-divers\/un-incendie-de-trois-alarmes-detruit-deux-maisons-a-bourget\/"},"wordCount":314,"image":{"@id":"https:\/\/visionrockland.ca\/en\/justice-faits-divers\/un-incendie-de-trois-alarmes-detruit-deux-maisons-a-bourget\/#primaryimage"},"thumbnailUrl":"https:\/\/cdn.editionap.ca\/wp-content\/uploads\/sites\/3\/2024\/02\/actjc-bourget_fire_Fev2024-2-scaled-1.jpg","articleSection":["Faits divers"],"inLanguage":"en-US"},{"@type":"WebPage","@id":"https:\/\/visionrockland.ca\/en\/justice-faits-divers\/un-incendie-de-trois-alarmes-detruit-deux-maisons-a-bourget\/","url":"https:\/\/visionrockland.ca\/en\/justice-faits-divers\/un-incendie-de-trois-alarmes-detruit-deux-maisons-a-bourget\/","name":"Un incendie de trois alarmes d\u00e9truit deux maisons \u00e0 Bourget - Vision","isPartOf":{"@id":"https:\/\/visionrockland.ca\/en\/#website"},"primaryImageOfPage":{"@id":"https:\/\/visionrockland.ca\/en\/justice-faits-divers\/un-incendie-de-trois-alarmes-detruit-deux-maisons-a-bourget\/#primaryimage"},"image":{"@id":"https:\/\/visionrockland.ca\/en\/justice-faits-divers\/un-incendie-de-trois-alarmes-detruit-deux-maisons-a-bourget\/#primaryimage"},"thumbnailUrl":"https:\/\/cdn.editionap.ca\/wp-content\/uploads\/sites\/3\/2024\/02\/actjc-bourget_fire_Fev2024-2-scaled-1.jpg","datePublished":"2024-02-15T15:12:59+00:00","dateModified":"2026-02-17T19:52:10+00:00","author":{"@id":"https:\/\/visionrockland.ca\/en\/#\/schema\/person\/25dbd073b952565ed09ca19dbbfccc27"},"description":"Un incendie a ravag\u00e9 deux propri\u00e9t\u00e9s r\u00e9sidentielles sur la rue Laval \u00e0 Bourget lundi soir, d\u00e9truisant compl\u00e8tement les deux maisons.\u00a0","breadcrumb":{"@id":"https:\/\/visionrockland.ca\/en\/justice-faits-divers\/un-incendie-de-trois-alarmes-detruit-deux-maisons-a-bourget\/#breadcrumb"},"inLanguage":"en-US","potentialAction":[{"@type":"ReadAction","target":["https:\/\/visionrockland.ca\/en\/justice-faits-divers\/un-incendie-de-trois-alarmes-detruit-deux-maisons-a-bourget\/"]}]},{"@type":"ImageObject","inLanguage":"en-US","@id":"https:\/\/visionrockland.ca\/en\/justice-faits-divers\/un-incendie-de-trois-alarmes-detruit-deux-maisons-a-bourget\/#primaryimage","url":"https:\/\/cdn.editionap.ca\/wp-content\/uploads\/sites\/3\/2024\/02\/actjc-bourget_fire_Fev2024-2-scaled-1.jpg","contentUrl":"https:\/\/cdn.editionap.ca\/wp-content\/uploads\/sites\/3\/2024\/02\/actjc-bourget_fire_Fev2024-2-scaled-1.jpg","width":2560,"height":1709,"caption":"Pr\u00e8s de 40 pompiers, provenant de trois casernes diff\u00e9rentes, ont \u00e9t\u00e9 mobilis\u00e9s pour combattre un incendie survenu dans la nuit du lundi 12 f\u00e9vrier, rue Laval \u00e0 Bourget. Le feu a \u00e9clat\u00e9 au 2176, rue Laval, puis s'est rapidement propag\u00e9 \u00e0 la maison voisine du c\u00f4t\u00e9 est, entra\u00eenant la destruction des deux structures."},{"@type":"BreadcrumbList","@id":"https:\/\/visionrockland.ca\/en\/justice-faits-divers\/un-incendie-de-trois-alarmes-detruit-deux-maisons-a-bourget\/#breadcrumb","itemListElement":[{"@type":"ListItem","position":1,"name":"Accueil","item":"https:\/\/visionrockland.ca\/en\/"},{"@type":"ListItem","position":2,"name":"Un incendie de trois alarmes d\u00e9truit deux maisons \u00e0 Bourget"}]},{"@type":"WebSite","@id":"https:\/\/visionrockland.ca\/en\/#website","url":"https:\/\/visionrockland.ca\/en\/","name":"Vision","description":"","potentialAction":[{"@type":"SearchAction","target":{"@type":"EntryPoint","urlTemplate":"https:\/\/visionrockland.ca\/en\/?s={search_term_string}"},"query-input":{"@type":"PropertyValueSpecification","valueRequired":true,"valueName":"search_term_string"}}],"inLanguage":"en-US"},{"@type":"Person","@id":"https:\/\/visionrockland.ca\/en\/#\/schema\/person\/25dbd073b952565ed09ca19dbbfccc27","name":"Joseph Coppolino","image":{"@type":"ImageObject","inLanguage":"en-US","@id":"https:\/\/secure.gravatar.com\/avatar\/68b588951b507643baa44096457818fb7c15c73a18975a47ba0caf868bab32aa?s=96&d=mm&r=g","url":"https:\/\/secure.gravatar.com\/avatar\/68b588951b507643baa44096457818fb7c15c73a18975a47ba0caf868bab32aa?s=96&d=mm&r=g","contentUrl":"https:\/\/secure.gravatar.com\/avatar\/68b588951b507643baa44096457818fb7c15c73a18975a47ba0caf868bab32aa?s=96&d=mm&r=g","caption":"Joseph Coppolino"}}]}},"_links":{"self":[{"href":"https:\/\/visionrockland.ca\/en\/wp-json\/wp\/v2\/posts\/99155","targetHints":{"allow":["GET"]}}],"collection":[{"href":"https:\/\/visionrockland.ca\/en\/wp-json\/wp\/v2\/posts"}],"about":[{"href":"https:\/\/visionrockland.ca\/en\/wp-json\/wp\/v2\/types\/post"}],"author":[{"embeddable":true,"href":"https:\/\/visionrockland.ca\/en\/wp-json\/wp\/v2\/users\/20"}],"replies":[{"embeddable":true,"href":"https:\/\/visionrockland.ca\/en\/wp-json\/wp\/v2\/comments?post=99155"}],"version-history":[{"count":1,"href":"https:\/\/visionrockland.ca\/en\/wp-json\/wp\/v2\/posts\/99155\/revisions"}],"predecessor-version":[{"id":132561,"href":"https:\/\/visionrockland.ca\/en\/wp-json\/wp\/v2\/posts\/99155\/revisions\/132561"}],"wp:featuredmedia":[{"embeddable":true,"href":"https:\/\/visionrockland.ca\/en\/wp-json\/wp\/v2\/media\/99156"}],"wp:attachment":[{"href":"https:\/\/visionrockland.ca\/en\/wp-json\/wp\/v2\/media?parent=99155"}],"wp:term":[{"taxonomy":"category","embeddable":true,"href":"https:\/\/visionrockland.ca\/en\/wp-json\/wp\/v2\/categories?post=99155"},{"taxonomy":"post_tag","embeddable":true,"href":"https:\/\/visionrockland.ca\/en\/wp-json\/wp\/v2\/tags?post=99155"}],"curies":[{"name":"wp","href":"https:\/\/api.w.org\/{rel}","templated":true}]}}