{"id":98971,"date":"2024-01-26T12:10:34","date_gmt":"2024-01-26T17:10:34","guid":{"rendered":"https:\/\/editionap.ca\/?p=98971"},"modified":"2026-02-17T20:52:11","modified_gmt":"2026-02-17T19:52:11","slug":"le-financement-des-municipalites-rurales-devoile-lors-de-la-conference-de-lamro","status":"publish","type":"post","link":"https:\/\/visionrockland.ca\/en\/actualites\/le-financement-des-municipalites-rurales-devoile-lors-de-la-conference-de-lamro\/","title":{"rendered":"Le financement des municipalit\u00e9s rurales d\u00e9voil\u00e9 lors de la conf\u00e9rence de l\u2019AMRO"},"content":{"rendered":"<p><b><span data-contrast=\"none\">L&#8217;Association des municipalit\u00e9s rurales de l&#8217;Ontario (AMRO) a donn\u00e9 le coup d&#8217;envoi de sa conf\u00e9rence annuelle cette semaine avec une annonce du premier ministre de l&#8217;Ontario, Doug Ford, qui a r\u00e9v\u00e9l\u00e9 de nouveaux d\u00e9tails concernant l&#8217;investissement de 1,2 milliard de dollars de la province, pour aider les communaut\u00e9s rurales \u00e0 construire davantage de logements.\u00a0<\/span><\/b><span data-ccp-props=\"{&quot;201341983&quot;:0,&quot;335551550&quot;:6,&quot;335551620&quot;:6,&quot;335559739&quot;:0,&quot;335559740&quot;:259}\">\u00a0<\/span><\/p>\n<p><span data-contrast=\"none\">Dix pour cent (120 millions de dollars) du Building Faster Fund &#8211; destin\u00e9 \u00e0 soutenir et \u00e0 encourager les municipalit\u00e9s qui atteignent leurs objectifs en mati\u00e8re de logement &#8211; sont d\u00e9sormais accessibles aux petites municipalit\u00e9s rurales et nordiques auxquelles la province n&#8217;a pas assign\u00e9 d&#8217;objectifs en mati\u00e8re de logement. Ce fonds est destin\u00e9 \u00e0 aider les municipalit\u00e9s \u00e0 financer les infrastructures essentielles au logement n\u00e9cessaires pour r\u00e9pondre \u00e0 la croissance, telles que la viabilisation des sites et la construction de nouvelles routes.\u00a0<\/span><span data-ccp-props=\"{&quot;201341983&quot;:2,&quot;335551550&quot;:6,&quot;335551620&quot;:6,&quot;335559731&quot;:240,&quot;335559739&quot;:0,&quot;335559740&quot;:240}\">\u00a0<\/span><\/p>\n<p><span data-contrast=\"none\">Les fonds seront distribu\u00e9s par le biais d&#8217;un processus de demande \u00ab\u202fqui donnera la priorit\u00e9 aux projets qui peuvent \u00eatre mis en \u0153uvre plus rapidement\u202f\u00bb, indiquait un communiqu\u00e9 du minist\u00e8re des Affaires municipales et du Logement de l&#8217;Ontario.\u00a0<\/span><span data-ccp-props=\"{&quot;201341983&quot;:2,&quot;335551550&quot;:6,&quot;335551620&quot;:6,&quot;335559731&quot;:240,&quot;335559739&quot;:0,&quot;335559740&quot;:240}\">\u00a0<\/span><\/p>\n<p><span data-contrast=\"none\">\u00ab Notre gouvernement s&#8217;est engag\u00e9 \u00e0 faire tout ce qu&#8217;il faut pour construire plus de logements le plus rapidement possible dans toute la province, a d\u00e9clar\u00e9 Paul Calandra, ministre des Affaires municipales et du Logement. Notre objectif est simple : construire plus de logements que jamais auparavant. Nous le devons aux Ontariens qui travaillent dur, y compris aux milliers de personnes qui sont venues ici pour r\u00e9aliser leur r\u00eave d&#8217;acc\u00e9der \u00e0 la propri\u00e9t\u00e9. Nous continuerons \u00e0 travailler en \u00e9troite collaboration avec nos partenaires municipaux de petite taille, ruraux et du Nord, pour veiller \u00e0 ce qu&#8217;aucune r\u00e9gion de l&#8217;Ontario ne soit laiss\u00e9e pour compte.\u202f\u00bb<\/span><span data-ccp-props=\"{&quot;201341983&quot;:2,&quot;335551550&quot;:6,&quot;335551620&quot;:6,&quot;335559731&quot;:240,&quot;335559739&quot;:0,&quot;335559740&quot;:240}\">\u00a0<\/span><\/p>\n<p><span data-contrast=\"none\">La ministre de l&#8217;Agriculture, de l&#8217;Alimentation et des Affaires rurales, Lisa Thompson, a annonc\u00e9 le d\u00e9but des consultations en vue de l&#8217;\u00e9laboration d&#8217;une strat\u00e9gie de d\u00e9veloppement \u00e9conomique rural, donnant aux municipalit\u00e9s et aux populations rurales une plate-forme pour partager leurs id\u00e9es sur la fa\u00e7on dont la province peut travailler pour am\u00e9liorer les possibilit\u00e9s \u00e9conomiques, cr\u00e9er des emplois et soutenir la croissance dans les communaut\u00e9s rurales de tout l&#8217;Ontario.\u00a0\u00a0<\/span><span data-ccp-props=\"{&quot;201341983&quot;:2,&quot;335551550&quot;:6,&quot;335551620&quot;:6,&quot;335559731&quot;:240,&quot;335559739&quot;:0,&quot;335559740&quot;:240}\">\u00a0<\/span><\/p>\n<p><span data-contrast=\"none\">L&#8217;annonce de Mme. Thompson comprenait \u00e9galement l&#8217;ouverture des demandes pour le programme de d\u00e9veloppement \u00e9conomique rural 2024-2025, qui fournit un financement de partage des co\u00fbts pour les projets de d\u00e9veloppement \u00e9conomique jusqu&#8217;\u00e0 50\u202f% ou 250\u202f000\u202f$ des co\u00fbts associ\u00e9s. Les municipalit\u00e9s, les communaut\u00e9s autochtones et les groupes \u00e0 but non lucratif peuvent pr\u00e9senter une demande jusqu&#8217;au 21 f\u00e9vrier.<\/span><span data-ccp-props=\"{&quot;201341983&quot;:2,&quot;335551550&quot;:6,&quot;335551620&quot;:6,&quot;335559731&quot;:240,&quot;335559739&quot;:0,&quot;335559740&quot;:240}\">\u00a0<\/span><\/p>\n<p><span data-contrast=\"none\">\u00ab\u202fNos communaut\u00e9s rurales sont le c\u0153ur de cette province et sont essentielles au succ\u00e8s de l&#8217;Ontario. En soutenant le d\u00e9veloppement \u00e9conomique dans toute la province par le biais d&#8217;initiatives telles que le programme RED et d&#8217;une strat\u00e9gie r\u00e9fl\u00e9chie, nous pouvons cr\u00e9er de nouvelles opportunit\u00e9s et garantir la prosp\u00e9rit\u00e9 des petites villes et des communaut\u00e9s autochtones \u00bb, a d\u00e9clar\u00e9 Mme. Thompson.<\/span><span data-ccp-props=\"{&quot;201341983&quot;:2,&quot;335551550&quot;:6,&quot;335551620&quot;:6,&quot;335559731&quot;:240,&quot;335559739&quot;:0,&quot;335559740&quot;:240}\">\u00a0<\/span><\/p>\n","protected":false},"excerpt":{"rendered":"<p>L&#8217;Association des municipalit\u00e9s rurales de l&#8217;Ontario (AMRO) a donn\u00e9 le coup d&#8217;envoi de sa conf\u00e9rence annuelle cette semaine avec une annonce du premier ministre de l&#8217;Ontario, Doug Ford, qui a r\u00e9v\u00e9l\u00e9 de nouveaux d\u00e9tails concernant l&#8217;investissement de 1,2 milliard de dollars de la province, pour aider les communaut\u00e9s rurales \u00e0 construire davantage de logements.\u00a0\u00a0 Dix [&hellip;]<\/p>\n","protected":false},"author":20,"featured_media":98972,"comment_status":"closed","ping_status":"open","sticky":false,"template":"","format":"standard","meta":{"_acf_changed":false,"footnotes":""},"categories":[37],"tags":[],"class_list":["post-98971","post","type-post","status-publish","format-standard","has-post-thumbnail","hentry","category-actualites"],"acf":[],"featured_media_global":[],"yoast_head":"<!-- This site is optimized with the Yoast SEO plugin v27.4 - https:\/\/yoast.com\/product\/yoast-seo-wordpress\/ -->\n<title>Le financement des municipalit\u00e9s rurales d\u00e9voil\u00e9 lors de la conf\u00e9rence de l\u2019AMRO - Vision<\/title>\n<meta name=\"description\" content=\"L&#039;Association des municipalit\u00e9s rurales de l&#039;Ontario (AMRO) a donn\u00e9 le coup d&#039;envoi de sa conf\u00e9rence annuelle cette semaine avec une annonce du premier ministre de l&#039;Ontario, Doug Ford, qui a r\u00e9v\u00e9l\u00e9 de nouveaux d\u00e9tails concernant l&#039;investissement de 1,2 milliard de dollars de la province, pour aider les communaut\u00e9s rurales \u00e0 construire davantage de logements.\u00a0\u00a0\" \/>\n<meta name=\"robots\" content=\"index, follow, max-snippet:-1, max-image-preview:large, max-video-preview:-1\" \/>\n<link rel=\"canonical\" href=\"https:\/\/visionrockland.ca\/en\/actualites\/le-financement-des-municipalites-rurales-devoile-lors-de-la-conference-de-lamro\/\" \/>\n<meta property=\"og:locale\" content=\"en_US\" \/>\n<meta property=\"og:type\" content=\"article\" \/>\n<meta property=\"og:title\" content=\"Le financement des municipalit\u00e9s rurales d\u00e9voil\u00e9 lors de la conf\u00e9rence de l\u2019AMRO - Vision\" \/>\n<meta property=\"og:description\" content=\"L&#039;Association des municipalit\u00e9s rurales de l&#039;Ontario (AMRO) a donn\u00e9 le coup d&#039;envoi de sa conf\u00e9rence annuelle cette semaine avec une annonce du premier ministre de l&#039;Ontario, Doug Ford, qui a r\u00e9v\u00e9l\u00e9 de nouveaux d\u00e9tails concernant l&#039;investissement de 1,2 milliard de dollars de la province, pour aider les communaut\u00e9s rurales \u00e0 construire davantage de logements.\u00a0\u00a0\" \/>\n<meta property=\"og:url\" content=\"https:\/\/visionrockland.ca\/en\/actualites\/le-financement-des-municipalites-rurales-devoile-lors-de-la-conference-de-lamro\/\" \/>\n<meta property=\"og:site_name\" content=\"Vision\" \/>\n<meta property=\"article:published_time\" content=\"2024-01-26T17:10:34+00:00\" \/>\n<meta property=\"article:modified_time\" content=\"2026-02-17T19:52:11+00:00\" \/>\n<meta property=\"og:image\" content=\"https:\/\/cdn.editionap.ca\/wp-content\/uploads\/sites\/3\/2024\/01\/GEdTZe_XoAAaHj8.jpeg\" \/>\n\t<meta property=\"og:image:width\" content=\"1920\" \/>\n\t<meta property=\"og:image:height\" content=\"1280\" \/>\n\t<meta property=\"og:image:type\" content=\"image\/jpeg\" \/>\n<meta name=\"author\" content=\"Joseph Coppolino\" \/>\n<meta name=\"twitter:card\" content=\"summary_large_image\" \/>\n<meta name=\"twitter:label1\" content=\"Written by\" \/>\n\t<meta name=\"twitter:data1\" content=\"Joseph Coppolino\" \/>\n\t<meta name=\"twitter:label2\" content=\"Est. reading time\" \/>\n\t<meta name=\"twitter:data2\" content=\"3 minutes\" \/>\n<script type=\"application\/ld+json\" class=\"yoast-schema-graph\">{\"@context\":\"https:\\\/\\\/schema.org\",\"@graph\":[{\"@type\":\"Article\",\"@id\":\"https:\\\/\\\/visionrockland.ca\\\/en\\\/actualites\\\/le-financement-des-municipalites-rurales-devoile-lors-de-la-conference-de-lamro\\\/#article\",\"isPartOf\":{\"@id\":\"https:\\\/\\\/visionrockland.ca\\\/en\\\/actualites\\\/le-financement-des-municipalites-rurales-devoile-lors-de-la-conference-de-lamro\\\/\"},\"author\":{\"name\":\"Joseph Coppolino\",\"@id\":\"https:\\\/\\\/visionrockland.ca\\\/en\\\/#\\\/schema\\\/person\\\/25dbd073b952565ed09ca19dbbfccc27\"},\"headline\":\"Le financement des municipalit\u00e9s rurales d\u00e9voil\u00e9 lors de la conf\u00e9rence de l\u2019AMRO\",\"datePublished\":\"2024-01-26T17:10:34+00:00\",\"dateModified\":\"2026-02-17T19:52:11+00:00\",\"mainEntityOfPage\":{\"@id\":\"https:\\\/\\\/visionrockland.ca\\\/en\\\/actualites\\\/le-financement-des-municipalites-rurales-devoile-lors-de-la-conference-de-lamro\\\/\"},\"wordCount\":539,\"image\":{\"@id\":\"https:\\\/\\\/visionrockland.ca\\\/en\\\/actualites\\\/le-financement-des-municipalites-rurales-devoile-lors-de-la-conference-de-lamro\\\/#primaryimage\"},\"thumbnailUrl\":\"https:\\\/\\\/cdn.editionap.ca\\\/wp-content\\\/uploads\\\/sites\\\/3\\\/2024\\\/01\\\/GEdTZe_XoAAaHj8.jpeg\",\"articleSection\":[\"Actualit\u00e9s\"],\"inLanguage\":\"en-US\"},{\"@type\":\"WebPage\",\"@id\":\"https:\\\/\\\/visionrockland.ca\\\/en\\\/actualites\\\/le-financement-des-municipalites-rurales-devoile-lors-de-la-conference-de-lamro\\\/\",\"url\":\"https:\\\/\\\/visionrockland.ca\\\/en\\\/actualites\\\/le-financement-des-municipalites-rurales-devoile-lors-de-la-conference-de-lamro\\\/\",\"name\":\"Le financement des municipalit\u00e9s rurales d\u00e9voil\u00e9 lors de la conf\u00e9rence de l\u2019AMRO - Vision\",\"isPartOf\":{\"@id\":\"https:\\\/\\\/visionrockland.ca\\\/en\\\/#website\"},\"primaryImageOfPage\":{\"@id\":\"https:\\\/\\\/visionrockland.ca\\\/en\\\/actualites\\\/le-financement-des-municipalites-rurales-devoile-lors-de-la-conference-de-lamro\\\/#primaryimage\"},\"image\":{\"@id\":\"https:\\\/\\\/visionrockland.ca\\\/en\\\/actualites\\\/le-financement-des-municipalites-rurales-devoile-lors-de-la-conference-de-lamro\\\/#primaryimage\"},\"thumbnailUrl\":\"https:\\\/\\\/cdn.editionap.ca\\\/wp-content\\\/uploads\\\/sites\\\/3\\\/2024\\\/01\\\/GEdTZe_XoAAaHj8.jpeg\",\"datePublished\":\"2024-01-26T17:10:34+00:00\",\"dateModified\":\"2026-02-17T19:52:11+00:00\",\"author\":{\"@id\":\"https:\\\/\\\/visionrockland.ca\\\/en\\\/#\\\/schema\\\/person\\\/25dbd073b952565ed09ca19dbbfccc27\"},\"description\":\"L'Association des municipalit\u00e9s rurales de l'Ontario (AMRO) a donn\u00e9 le coup d'envoi de sa conf\u00e9rence annuelle cette semaine avec une annonce du premier ministre de l'Ontario, Doug Ford, qui a r\u00e9v\u00e9l\u00e9 de nouveaux d\u00e9tails concernant l'investissement de 1,2 milliard de dollars de la province, pour aider les communaut\u00e9s rurales \u00e0 construire davantage de logements.\u00a0\u00a0\",\"breadcrumb\":{\"@id\":\"https:\\\/\\\/visionrockland.ca\\\/en\\\/actualites\\\/le-financement-des-municipalites-rurales-devoile-lors-de-la-conference-de-lamro\\\/#breadcrumb\"},\"inLanguage\":\"en-US\",\"potentialAction\":[{\"@type\":\"ReadAction\",\"target\":[\"https:\\\/\\\/visionrockland.ca\\\/en\\\/actualites\\\/le-financement-des-municipalites-rurales-devoile-lors-de-la-conference-de-lamro\\\/\"]}]},{\"@type\":\"ImageObject\",\"inLanguage\":\"en-US\",\"@id\":\"https:\\\/\\\/visionrockland.ca\\\/en\\\/actualites\\\/le-financement-des-municipalites-rurales-devoile-lors-de-la-conference-de-lamro\\\/#primaryimage\",\"url\":\"https:\\\/\\\/cdn.editionap.ca\\\/wp-content\\\/uploads\\\/sites\\\/3\\\/2024\\\/01\\\/GEdTZe_XoAAaHj8.jpeg\",\"contentUrl\":\"https:\\\/\\\/cdn.editionap.ca\\\/wp-content\\\/uploads\\\/sites\\\/3\\\/2024\\\/01\\\/GEdTZe_XoAAaHj8.jpeg\",\"width\":1920,\"height\":1280,\"caption\":\"Le gouvernement de l'Ontario a r\u00e9v\u00e9l\u00e9 de nouveaux d\u00e9tails concernant les possibilit\u00e9s de financement pour les petites municipalit\u00e9s et les municipalit\u00e9s rurales, lors de la conf\u00e9rence annuelle de l'Association des municipalit\u00e9s rurales de l'Ontario (AMRO) qui a d\u00e9but\u00e9 plus t\u00f4t cette semaine.\"},{\"@type\":\"BreadcrumbList\",\"@id\":\"https:\\\/\\\/visionrockland.ca\\\/en\\\/actualites\\\/le-financement-des-municipalites-rurales-devoile-lors-de-la-conference-de-lamro\\\/#breadcrumb\",\"itemListElement\":[{\"@type\":\"ListItem\",\"position\":1,\"name\":\"Accueil\",\"item\":\"https:\\\/\\\/visionrockland.ca\\\/en\\\/\"},{\"@type\":\"ListItem\",\"position\":2,\"name\":\"Le financement des municipalit\u00e9s rurales d\u00e9voil\u00e9 lors de la conf\u00e9rence de l\u2019AMRO\"}]},{\"@type\":\"WebSite\",\"@id\":\"https:\\\/\\\/visionrockland.ca\\\/en\\\/#website\",\"url\":\"https:\\\/\\\/visionrockland.ca\\\/en\\\/\",\"name\":\"Vision\",\"description\":\"\",\"potentialAction\":[{\"@type\":\"SearchAction\",\"target\":{\"@type\":\"EntryPoint\",\"urlTemplate\":\"https:\\\/\\\/visionrockland.ca\\\/en\\\/?s={search_term_string}\"},\"query-input\":{\"@type\":\"PropertyValueSpecification\",\"valueRequired\":true,\"valueName\":\"search_term_string\"}}],\"inLanguage\":\"en-US\"},{\"@type\":\"Person\",\"@id\":\"https:\\\/\\\/visionrockland.ca\\\/en\\\/#\\\/schema\\\/person\\\/25dbd073b952565ed09ca19dbbfccc27\",\"name\":\"Joseph Coppolino\",\"image\":{\"@type\":\"ImageObject\",\"inLanguage\":\"en-US\",\"@id\":\"https:\\\/\\\/secure.gravatar.com\\\/avatar\\\/68b588951b507643baa44096457818fb7c15c73a18975a47ba0caf868bab32aa?s=96&d=mm&r=g\",\"url\":\"https:\\\/\\\/secure.gravatar.com\\\/avatar\\\/68b588951b507643baa44096457818fb7c15c73a18975a47ba0caf868bab32aa?s=96&d=mm&r=g\",\"contentUrl\":\"https:\\\/\\\/secure.gravatar.com\\\/avatar\\\/68b588951b507643baa44096457818fb7c15c73a18975a47ba0caf868bab32aa?s=96&d=mm&r=g\",\"caption\":\"Joseph Coppolino\"}}]}<\/script>\n<!-- \/ Yoast SEO plugin. -->","yoast_head_json":{"title":"Le financement des municipalit\u00e9s rurales d\u00e9voil\u00e9 lors de la conf\u00e9rence de l\u2019AMRO - Vision","description":"L'Association des municipalit\u00e9s rurales de l'Ontario (AMRO) a donn\u00e9 le coup d'envoi de sa conf\u00e9rence annuelle cette semaine avec une annonce du premier ministre de l'Ontario, Doug Ford, qui a r\u00e9v\u00e9l\u00e9 de nouveaux d\u00e9tails concernant l'investissement de 1,2 milliard de dollars de la province, pour aider les communaut\u00e9s rurales \u00e0 construire davantage de logements.\u00a0\u00a0","robots":{"index":"index","follow":"follow","max-snippet":"max-snippet:-1","max-image-preview":"max-image-preview:large","max-video-preview":"max-video-preview:-1"},"canonical":"https:\/\/visionrockland.ca\/en\/actualites\/le-financement-des-municipalites-rurales-devoile-lors-de-la-conference-de-lamro\/","og_locale":"en_US","og_type":"article","og_title":"Le financement des municipalit\u00e9s rurales d\u00e9voil\u00e9 lors de la conf\u00e9rence de l\u2019AMRO - Vision","og_description":"L'Association des municipalit\u00e9s rurales de l'Ontario (AMRO) a donn\u00e9 le coup d'envoi de sa conf\u00e9rence annuelle cette semaine avec une annonce du premier ministre de l'Ontario, Doug Ford, qui a r\u00e9v\u00e9l\u00e9 de nouveaux d\u00e9tails concernant l'investissement de 1,2 milliard de dollars de la province, pour aider les communaut\u00e9s rurales \u00e0 construire davantage de logements.\u00a0\u00a0","og_url":"https:\/\/visionrockland.ca\/en\/actualites\/le-financement-des-municipalites-rurales-devoile-lors-de-la-conference-de-lamro\/","og_site_name":"Vision","article_published_time":"2024-01-26T17:10:34+00:00","article_modified_time":"2026-02-17T19:52:11+00:00","og_image":[{"width":1920,"height":1280,"url":"https:\/\/cdn.editionap.ca\/wp-content\/uploads\/sites\/3\/2024\/01\/GEdTZe_XoAAaHj8.jpeg","type":"image\/jpeg"}],"author":"Joseph Coppolino","twitter_card":"summary_large_image","twitter_misc":{"Written by":"Joseph Coppolino","Est. reading time":"3 minutes"},"schema":{"@context":"https:\/\/schema.org","@graph":[{"@type":"Article","@id":"https:\/\/visionrockland.ca\/en\/actualites\/le-financement-des-municipalites-rurales-devoile-lors-de-la-conference-de-lamro\/#article","isPartOf":{"@id":"https:\/\/visionrockland.ca\/en\/actualites\/le-financement-des-municipalites-rurales-devoile-lors-de-la-conference-de-lamro\/"},"author":{"name":"Joseph Coppolino","@id":"https:\/\/visionrockland.ca\/en\/#\/schema\/person\/25dbd073b952565ed09ca19dbbfccc27"},"headline":"Le financement des municipalit\u00e9s rurales d\u00e9voil\u00e9 lors de la conf\u00e9rence de l\u2019AMRO","datePublished":"2024-01-26T17:10:34+00:00","dateModified":"2026-02-17T19:52:11+00:00","mainEntityOfPage":{"@id":"https:\/\/visionrockland.ca\/en\/actualites\/le-financement-des-municipalites-rurales-devoile-lors-de-la-conference-de-lamro\/"},"wordCount":539,"image":{"@id":"https:\/\/visionrockland.ca\/en\/actualites\/le-financement-des-municipalites-rurales-devoile-lors-de-la-conference-de-lamro\/#primaryimage"},"thumbnailUrl":"https:\/\/cdn.editionap.ca\/wp-content\/uploads\/sites\/3\/2024\/01\/GEdTZe_XoAAaHj8.jpeg","articleSection":["Actualit\u00e9s"],"inLanguage":"en-US"},{"@type":"WebPage","@id":"https:\/\/visionrockland.ca\/en\/actualites\/le-financement-des-municipalites-rurales-devoile-lors-de-la-conference-de-lamro\/","url":"https:\/\/visionrockland.ca\/en\/actualites\/le-financement-des-municipalites-rurales-devoile-lors-de-la-conference-de-lamro\/","name":"Le financement des municipalit\u00e9s rurales d\u00e9voil\u00e9 lors de la conf\u00e9rence de l\u2019AMRO - Vision","isPartOf":{"@id":"https:\/\/visionrockland.ca\/en\/#website"},"primaryImageOfPage":{"@id":"https:\/\/visionrockland.ca\/en\/actualites\/le-financement-des-municipalites-rurales-devoile-lors-de-la-conference-de-lamro\/#primaryimage"},"image":{"@id":"https:\/\/visionrockland.ca\/en\/actualites\/le-financement-des-municipalites-rurales-devoile-lors-de-la-conference-de-lamro\/#primaryimage"},"thumbnailUrl":"https:\/\/cdn.editionap.ca\/wp-content\/uploads\/sites\/3\/2024\/01\/GEdTZe_XoAAaHj8.jpeg","datePublished":"2024-01-26T17:10:34+00:00","dateModified":"2026-02-17T19:52:11+00:00","author":{"@id":"https:\/\/visionrockland.ca\/en\/#\/schema\/person\/25dbd073b952565ed09ca19dbbfccc27"},"description":"L'Association des municipalit\u00e9s rurales de l'Ontario (AMRO) a donn\u00e9 le coup d'envoi de sa conf\u00e9rence annuelle cette semaine avec une annonce du premier ministre de l'Ontario, Doug Ford, qui a r\u00e9v\u00e9l\u00e9 de nouveaux d\u00e9tails concernant l'investissement de 1,2 milliard de dollars de la province, pour aider les communaut\u00e9s rurales \u00e0 construire davantage de logements.\u00a0\u00a0","breadcrumb":{"@id":"https:\/\/visionrockland.ca\/en\/actualites\/le-financement-des-municipalites-rurales-devoile-lors-de-la-conference-de-lamro\/#breadcrumb"},"inLanguage":"en-US","potentialAction":[{"@type":"ReadAction","target":["https:\/\/visionrockland.ca\/en\/actualites\/le-financement-des-municipalites-rurales-devoile-lors-de-la-conference-de-lamro\/"]}]},{"@type":"ImageObject","inLanguage":"en-US","@id":"https:\/\/visionrockland.ca\/en\/actualites\/le-financement-des-municipalites-rurales-devoile-lors-de-la-conference-de-lamro\/#primaryimage","url":"https:\/\/cdn.editionap.ca\/wp-content\/uploads\/sites\/3\/2024\/01\/GEdTZe_XoAAaHj8.jpeg","contentUrl":"https:\/\/cdn.editionap.ca\/wp-content\/uploads\/sites\/3\/2024\/01\/GEdTZe_XoAAaHj8.jpeg","width":1920,"height":1280,"caption":"Le gouvernement de l'Ontario a r\u00e9v\u00e9l\u00e9 de nouveaux d\u00e9tails concernant les possibilit\u00e9s de financement pour les petites municipalit\u00e9s et les municipalit\u00e9s rurales, lors de la conf\u00e9rence annuelle de l'Association des municipalit\u00e9s rurales de l'Ontario (AMRO) qui a d\u00e9but\u00e9 plus t\u00f4t cette semaine."},{"@type":"BreadcrumbList","@id":"https:\/\/visionrockland.ca\/en\/actualites\/le-financement-des-municipalites-rurales-devoile-lors-de-la-conference-de-lamro\/#breadcrumb","itemListElement":[{"@type":"ListItem","position":1,"name":"Accueil","item":"https:\/\/visionrockland.ca\/en\/"},{"@type":"ListItem","position":2,"name":"Le financement des municipalit\u00e9s rurales d\u00e9voil\u00e9 lors de la conf\u00e9rence de l\u2019AMRO"}]},{"@type":"WebSite","@id":"https:\/\/visionrockland.ca\/en\/#website","url":"https:\/\/visionrockland.ca\/en\/","name":"Vision","description":"","potentialAction":[{"@type":"SearchAction","target":{"@type":"EntryPoint","urlTemplate":"https:\/\/visionrockland.ca\/en\/?s={search_term_string}"},"query-input":{"@type":"PropertyValueSpecification","valueRequired":true,"valueName":"search_term_string"}}],"inLanguage":"en-US"},{"@type":"Person","@id":"https:\/\/visionrockland.ca\/en\/#\/schema\/person\/25dbd073b952565ed09ca19dbbfccc27","name":"Joseph Coppolino","image":{"@type":"ImageObject","inLanguage":"en-US","@id":"https:\/\/secure.gravatar.com\/avatar\/68b588951b507643baa44096457818fb7c15c73a18975a47ba0caf868bab32aa?s=96&d=mm&r=g","url":"https:\/\/secure.gravatar.com\/avatar\/68b588951b507643baa44096457818fb7c15c73a18975a47ba0caf868bab32aa?s=96&d=mm&r=g","contentUrl":"https:\/\/secure.gravatar.com\/avatar\/68b588951b507643baa44096457818fb7c15c73a18975a47ba0caf868bab32aa?s=96&d=mm&r=g","caption":"Joseph Coppolino"}}]}},"_links":{"self":[{"href":"https:\/\/visionrockland.ca\/en\/wp-json\/wp\/v2\/posts\/98971","targetHints":{"allow":["GET"]}}],"collection":[{"href":"https:\/\/visionrockland.ca\/en\/wp-json\/wp\/v2\/posts"}],"about":[{"href":"https:\/\/visionrockland.ca\/en\/wp-json\/wp\/v2\/types\/post"}],"author":[{"embeddable":true,"href":"https:\/\/visionrockland.ca\/en\/wp-json\/wp\/v2\/users\/20"}],"replies":[{"embeddable":true,"href":"https:\/\/visionrockland.ca\/en\/wp-json\/wp\/v2\/comments?post=98971"}],"version-history":[{"count":1,"href":"https:\/\/visionrockland.ca\/en\/wp-json\/wp\/v2\/posts\/98971\/revisions"}],"predecessor-version":[{"id":132568,"href":"https:\/\/visionrockland.ca\/en\/wp-json\/wp\/v2\/posts\/98971\/revisions\/132568"}],"wp:featuredmedia":[{"embeddable":true,"href":"https:\/\/visionrockland.ca\/en\/wp-json\/wp\/v2\/media\/98972"}],"wp:attachment":[{"href":"https:\/\/visionrockland.ca\/en\/wp-json\/wp\/v2\/media?parent=98971"}],"wp:term":[{"taxonomy":"category","embeddable":true,"href":"https:\/\/visionrockland.ca\/en\/wp-json\/wp\/v2\/categories?post=98971"},{"taxonomy":"post_tag","embeddable":true,"href":"https:\/\/visionrockland.ca\/en\/wp-json\/wp\/v2\/tags?post=98971"}],"curies":[{"name":"wp","href":"https:\/\/api.w.org\/{rel}","templated":true}]}}