{"id":98617,"date":"2023-12-01T13:10:06","date_gmt":"2023-12-01T18:10:06","guid":{"rendered":"https:\/\/editionap.ca\/?p=98617"},"modified":"2026-02-17T20:52:11","modified_gmt":"2026-02-17T19:52:11","slug":"lalerte-a-la-bombe-contre-le-csdceo-a-ete-lancee-par-un-marocain","status":"publish","type":"post","link":"https:\/\/visionrockland.ca\/en\/actualites\/lalerte-a-la-bombe-contre-le-csdceo-a-ete-lancee-par-un-marocain\/","title":{"rendered":"L&#8217;alerte \u00e0 la bombe contre le CSDCEO a \u00e9t\u00e9 lanc\u00e9e par un Marocain"},"content":{"rendered":"<p><b><span data-contrast=\"none\">Une enqu\u00eate sur les alertes \u00e0 la bombe lanc\u00e9es contre plusieurs conseils scolaires de l&#8217;Ontario a conduit \u00e0 l&#8217;arrestation d&#8217;un Marocain par la police belge, \u00e0 la suite de menaces similaires lanc\u00e9es contre des \u00e9coles en Belgique. <\/span><\/b><span data-ccp-props=\"{&quot;201341983&quot;:0,&quot;335551550&quot;:6,&quot;335551620&quot;:6,&quot;335559739&quot;:0,&quot;335559740&quot;:259}\">\u00a0<\/span><\/p>\n<p><span data-contrast=\"none\">Le 1er novembre, des alertes \u00e0 la bombe ont forc\u00e9 l&#8217;\u00e9vacuation de conseils scolaires de toute la province, y compris tous les conseils scolaires du Nord de l&#8217;Ontario, tant anglophones que francophones, plusieurs \u00e9coles de Toronto et le Catholic District School Board of Eastern Ontario (CDSCEO). Bien qu&#8217;aucune menace n&#8217;ait \u00e9t\u00e9 prof\u00e9r\u00e9e \u00e0 l&#8217;encontre de l\u2019Upper Canada District School Board (UCDSB), les plans d&#8217;\u00e9vacuation ont \u00e9t\u00e9 mis en \u0153uvre par exc\u00e8s de prudence. <\/span><span data-ccp-props=\"{&quot;134233117&quot;:false,&quot;134233118&quot;:false,&quot;201341983&quot;:2,&quot;335551550&quot;:6,&quot;335551620&quot;:6,&quot;335559685&quot;:0,&quot;335559731&quot;:240,&quot;335559737&quot;:0,&quot;335559738&quot;:0,&quot;335559739&quot;:0,&quot;335559740&quot;:240}\">\u00a0<\/span><\/p>\n<p><span data-contrast=\"none\">Selon la police provinciale de l&#8217;Ontario (PPO), les \u00e9coles ont re\u00e7u des messages indiquant que des bombes avaient \u00e9t\u00e9 plac\u00e9es et comprenant une demande d&#8217;argent en \u00e9change de d\u00e9tails sur les explosifs pr\u00e9sum\u00e9s. \u00c0 la suite de l&#8217;enqu\u00eate polici\u00e8re, aucun explosif n&#8217;a \u00e9t\u00e9 trouv\u00e9. <\/span><span data-ccp-props=\"{&quot;134233117&quot;:false,&quot;134233118&quot;:false,&quot;201341983&quot;:2,&quot;335551550&quot;:6,&quot;335551620&quot;:6,&quot;335559685&quot;:0,&quot;335559731&quot;:240,&quot;335559737&quot;:0,&quot;335559738&quot;:0,&quot;335559739&quot;:0,&quot;335559740&quot;:240}\">\u00a0<\/span><\/p>\n<p><span data-contrast=\"none\">Pr\u00e8s d&#8217;un mois plus tard, le PPO a annonc\u00e9 le jeudi 30 novembre que la police belge avait arr\u00eat\u00e9 un individu au Maroc en lien avec une s\u00e9rie d&#8217;alertes \u00e0 la bombe lanc\u00e9es en Belgique au d\u00e9but de la semaine derni\u00e8re. L&#8217;enqu\u00eate de le PPO a donn\u00e9 \u00e0 la police de &#8220;fortes raisons de croire&#8221; que le m\u00eame individu est responsable des menaces faites en Ontario le 1er novembre. <\/span><span data-ccp-props=\"{&quot;134233117&quot;:false,&quot;134233118&quot;:false,&quot;201341983&quot;:2,&quot;335551550&quot;:6,&quot;335551620&quot;:6,&quot;335559685&quot;:0,&quot;335559731&quot;:240,&quot;335559737&quot;:0,&quot;335559738&quot;:0,&quot;335559739&quot;:0,&quot;335559740&quot;:240}\">\u00a0<\/span><\/p>\n<p><span data-contrast=\"none\">Le PPO\u00a0travaille\u00a0en \u00e9troite collaboration avec la police belge pour poursuivre l&#8217;enqu\u00eate. La police ne peut pas dire quand ou si l&#8217;individu sera inculp\u00e9 en Ontario. <\/span><\/p>\n","protected":false},"excerpt":{"rendered":"<p>Une enqu\u00eate sur les alertes \u00e0 la bombe lanc\u00e9es contre plusieurs conseils scolaires de l&#8217;Ontario a conduit \u00e0 l&#8217;arrestation d&#8217;un Marocain par la police belge, \u00e0 la suite de menaces similaires lanc\u00e9es contre des \u00e9coles en Belgique. \u00a0 Le 1er novembre, des alertes \u00e0 la bombe ont forc\u00e9 l&#8217;\u00e9vacuation de conseils scolaires de toute la [&hellip;]<\/p>\n","protected":false},"author":20,"featured_media":98503,"comment_status":"closed","ping_status":"open","sticky":false,"template":"","format":"standard","meta":{"_acf_changed":false,"footnotes":""},"categories":[37],"tags":[],"class_list":["post-98617","post","type-post","status-publish","format-standard","has-post-thumbnail","hentry","category-actualites"],"acf":[],"featured_media_global":[],"yoast_head":"<!-- This site is optimized with the Yoast SEO plugin v27.4 - https:\/\/yoast.com\/product\/yoast-seo-wordpress\/ -->\n<title>L&#039;alerte \u00e0 la bombe contre le CSDCEO a \u00e9t\u00e9 lanc\u00e9e par un Marocain - Vision<\/title>\n<meta name=\"description\" content=\"Une enqu\u00eate sur les alertes \u00e0 la bombe lanc\u00e9es contre plusieurs conseils scolaires de l&#039;Ontario a conduit \u00e0 l&#039;arrestation d&#039;un Marocain par la police belge, \u00e0 la suite de menaces similaires lanc\u00e9es contre des \u00e9coles en Belgique. \u00a0\" \/>\n<meta name=\"robots\" content=\"index, follow, max-snippet:-1, max-image-preview:large, max-video-preview:-1\" \/>\n<link rel=\"canonical\" href=\"https:\/\/visionrockland.ca\/en\/actualites\/lalerte-a-la-bombe-contre-le-csdceo-a-ete-lancee-par-un-marocain\/\" \/>\n<meta property=\"og:locale\" content=\"en_US\" \/>\n<meta property=\"og:type\" content=\"article\" \/>\n<meta property=\"og:title\" content=\"L&#039;alerte \u00e0 la bombe contre le CSDCEO a \u00e9t\u00e9 lanc\u00e9e par un Marocain - Vision\" \/>\n<meta property=\"og:description\" content=\"Une enqu\u00eate sur les alertes \u00e0 la bombe lanc\u00e9es contre plusieurs conseils scolaires de l&#039;Ontario a conduit \u00e0 l&#039;arrestation d&#039;un Marocain par la police belge, \u00e0 la suite de menaces similaires lanc\u00e9es contre des \u00e9coles en Belgique. \u00a0\" \/>\n<meta property=\"og:url\" content=\"https:\/\/visionrockland.ca\/en\/actualites\/lalerte-a-la-bombe-contre-le-csdceo-a-ete-lancee-par-un-marocain\/\" \/>\n<meta property=\"og:site_name\" content=\"Vision\" \/>\n<meta property=\"article:published_time\" content=\"2023-12-01T18:10:06+00:00\" \/>\n<meta property=\"article:modified_time\" content=\"2026-02-17T19:52:11+00:00\" \/>\n<meta property=\"og:image\" content=\"https:\/\/cdn.editionap.ca\/wp-content\/uploads\/sites\/3\/2023\/11\/OPP-1-scaled-1.jpg\" \/>\n\t<meta property=\"og:image:width\" content=\"2560\" \/>\n\t<meta property=\"og:image:height\" content=\"1920\" \/>\n\t<meta property=\"og:image:type\" content=\"image\/jpeg\" \/>\n<meta name=\"author\" content=\"Joseph Coppolino\" \/>\n<meta name=\"twitter:card\" content=\"summary_large_image\" \/>\n<meta name=\"twitter:label1\" content=\"Written by\" \/>\n\t<meta name=\"twitter:data1\" content=\"Joseph Coppolino\" \/>\n\t<meta name=\"twitter:label2\" content=\"Est. reading time\" \/>\n\t<meta name=\"twitter:data2\" content=\"2 minutes\" \/>\n<script type=\"application\/ld+json\" class=\"yoast-schema-graph\">{\"@context\":\"https:\\\/\\\/schema.org\",\"@graph\":[{\"@type\":\"Article\",\"@id\":\"https:\\\/\\\/visionrockland.ca\\\/en\\\/actualites\\\/lalerte-a-la-bombe-contre-le-csdceo-a-ete-lancee-par-un-marocain\\\/#article\",\"isPartOf\":{\"@id\":\"https:\\\/\\\/visionrockland.ca\\\/en\\\/actualites\\\/lalerte-a-la-bombe-contre-le-csdceo-a-ete-lancee-par-un-marocain\\\/\"},\"author\":{\"name\":\"Joseph Coppolino\",\"@id\":\"https:\\\/\\\/visionrockland.ca\\\/en\\\/#\\\/schema\\\/person\\\/25dbd073b952565ed09ca19dbbfccc27\"},\"headline\":\"L&#8217;alerte \u00e0 la bombe contre le CSDCEO a \u00e9t\u00e9 lanc\u00e9e par un Marocain\",\"datePublished\":\"2023-12-01T18:10:06+00:00\",\"dateModified\":\"2026-02-17T19:52:11+00:00\",\"mainEntityOfPage\":{\"@id\":\"https:\\\/\\\/visionrockland.ca\\\/en\\\/actualites\\\/lalerte-a-la-bombe-contre-le-csdceo-a-ete-lancee-par-un-marocain\\\/\"},\"wordCount\":296,\"image\":{\"@id\":\"https:\\\/\\\/visionrockland.ca\\\/en\\\/actualites\\\/lalerte-a-la-bombe-contre-le-csdceo-a-ete-lancee-par-un-marocain\\\/#primaryimage\"},\"thumbnailUrl\":\"https:\\\/\\\/cdn.editionap.ca\\\/wp-content\\\/uploads\\\/sites\\\/3\\\/2023\\\/11\\\/OPP-1-scaled-1.jpg\",\"articleSection\":[\"Actualit\u00e9s\"],\"inLanguage\":\"en-US\"},{\"@type\":\"WebPage\",\"@id\":\"https:\\\/\\\/visionrockland.ca\\\/en\\\/actualites\\\/lalerte-a-la-bombe-contre-le-csdceo-a-ete-lancee-par-un-marocain\\\/\",\"url\":\"https:\\\/\\\/visionrockland.ca\\\/en\\\/actualites\\\/lalerte-a-la-bombe-contre-le-csdceo-a-ete-lancee-par-un-marocain\\\/\",\"name\":\"L'alerte \u00e0 la bombe contre le CSDCEO a \u00e9t\u00e9 lanc\u00e9e par un Marocain - Vision\",\"isPartOf\":{\"@id\":\"https:\\\/\\\/visionrockland.ca\\\/en\\\/#website\"},\"primaryImageOfPage\":{\"@id\":\"https:\\\/\\\/visionrockland.ca\\\/en\\\/actualites\\\/lalerte-a-la-bombe-contre-le-csdceo-a-ete-lancee-par-un-marocain\\\/#primaryimage\"},\"image\":{\"@id\":\"https:\\\/\\\/visionrockland.ca\\\/en\\\/actualites\\\/lalerte-a-la-bombe-contre-le-csdceo-a-ete-lancee-par-un-marocain\\\/#primaryimage\"},\"thumbnailUrl\":\"https:\\\/\\\/cdn.editionap.ca\\\/wp-content\\\/uploads\\\/sites\\\/3\\\/2023\\\/11\\\/OPP-1-scaled-1.jpg\",\"datePublished\":\"2023-12-01T18:10:06+00:00\",\"dateModified\":\"2026-02-17T19:52:11+00:00\",\"author\":{\"@id\":\"https:\\\/\\\/visionrockland.ca\\\/en\\\/#\\\/schema\\\/person\\\/25dbd073b952565ed09ca19dbbfccc27\"},\"description\":\"Une enqu\u00eate sur les alertes \u00e0 la bombe lanc\u00e9es contre plusieurs conseils scolaires de l'Ontario a conduit \u00e0 l'arrestation d'un Marocain par la police belge, \u00e0 la suite de menaces similaires lanc\u00e9es contre des \u00e9coles en Belgique. \u00a0\",\"breadcrumb\":{\"@id\":\"https:\\\/\\\/visionrockland.ca\\\/en\\\/actualites\\\/lalerte-a-la-bombe-contre-le-csdceo-a-ete-lancee-par-un-marocain\\\/#breadcrumb\"},\"inLanguage\":\"en-US\",\"potentialAction\":[{\"@type\":\"ReadAction\",\"target\":[\"https:\\\/\\\/visionrockland.ca\\\/en\\\/actualites\\\/lalerte-a-la-bombe-contre-le-csdceo-a-ete-lancee-par-un-marocain\\\/\"]}]},{\"@type\":\"ImageObject\",\"inLanguage\":\"en-US\",\"@id\":\"https:\\\/\\\/visionrockland.ca\\\/en\\\/actualites\\\/lalerte-a-la-bombe-contre-le-csdceo-a-ete-lancee-par-un-marocain\\\/#primaryimage\",\"url\":\"https:\\\/\\\/cdn.editionap.ca\\\/wp-content\\\/uploads\\\/sites\\\/3\\\/2023\\\/11\\\/OPP-1-scaled-1.jpg\",\"contentUrl\":\"https:\\\/\\\/cdn.editionap.ca\\\/wp-content\\\/uploads\\\/sites\\\/3\\\/2023\\\/11\\\/OPP-1-scaled-1.jpg\",\"width\":2560,\"height\":1920,\"caption\":\"Two drivers from Rockland were charged in the past few weeks.\"},{\"@type\":\"BreadcrumbList\",\"@id\":\"https:\\\/\\\/visionrockland.ca\\\/en\\\/actualites\\\/lalerte-a-la-bombe-contre-le-csdceo-a-ete-lancee-par-un-marocain\\\/#breadcrumb\",\"itemListElement\":[{\"@type\":\"ListItem\",\"position\":1,\"name\":\"Accueil\",\"item\":\"https:\\\/\\\/visionrockland.ca\\\/en\\\/\"},{\"@type\":\"ListItem\",\"position\":2,\"name\":\"L&rsquo;alerte \u00e0 la bombe contre le CSDCEO a \u00e9t\u00e9 lanc\u00e9e par un Marocain\"}]},{\"@type\":\"WebSite\",\"@id\":\"https:\\\/\\\/visionrockland.ca\\\/en\\\/#website\",\"url\":\"https:\\\/\\\/visionrockland.ca\\\/en\\\/\",\"name\":\"Vision\",\"description\":\"\",\"potentialAction\":[{\"@type\":\"SearchAction\",\"target\":{\"@type\":\"EntryPoint\",\"urlTemplate\":\"https:\\\/\\\/visionrockland.ca\\\/en\\\/?s={search_term_string}\"},\"query-input\":{\"@type\":\"PropertyValueSpecification\",\"valueRequired\":true,\"valueName\":\"search_term_string\"}}],\"inLanguage\":\"en-US\"},{\"@type\":\"Person\",\"@id\":\"https:\\\/\\\/visionrockland.ca\\\/en\\\/#\\\/schema\\\/person\\\/25dbd073b952565ed09ca19dbbfccc27\",\"name\":\"Joseph Coppolino\",\"image\":{\"@type\":\"ImageObject\",\"inLanguage\":\"en-US\",\"@id\":\"https:\\\/\\\/secure.gravatar.com\\\/avatar\\\/68b588951b507643baa44096457818fb7c15c73a18975a47ba0caf868bab32aa?s=96&d=mm&r=g\",\"url\":\"https:\\\/\\\/secure.gravatar.com\\\/avatar\\\/68b588951b507643baa44096457818fb7c15c73a18975a47ba0caf868bab32aa?s=96&d=mm&r=g\",\"contentUrl\":\"https:\\\/\\\/secure.gravatar.com\\\/avatar\\\/68b588951b507643baa44096457818fb7c15c73a18975a47ba0caf868bab32aa?s=96&d=mm&r=g\",\"caption\":\"Joseph Coppolino\"}}]}<\/script>\n<!-- \/ Yoast SEO plugin. -->","yoast_head_json":{"title":"L'alerte \u00e0 la bombe contre le CSDCEO a \u00e9t\u00e9 lanc\u00e9e par un Marocain - Vision","description":"Une enqu\u00eate sur les alertes \u00e0 la bombe lanc\u00e9es contre plusieurs conseils scolaires de l'Ontario a conduit \u00e0 l'arrestation d'un Marocain par la police belge, \u00e0 la suite de menaces similaires lanc\u00e9es contre des \u00e9coles en Belgique. \u00a0","robots":{"index":"index","follow":"follow","max-snippet":"max-snippet:-1","max-image-preview":"max-image-preview:large","max-video-preview":"max-video-preview:-1"},"canonical":"https:\/\/visionrockland.ca\/en\/actualites\/lalerte-a-la-bombe-contre-le-csdceo-a-ete-lancee-par-un-marocain\/","og_locale":"en_US","og_type":"article","og_title":"L'alerte \u00e0 la bombe contre le CSDCEO a \u00e9t\u00e9 lanc\u00e9e par un Marocain - Vision","og_description":"Une enqu\u00eate sur les alertes \u00e0 la bombe lanc\u00e9es contre plusieurs conseils scolaires de l'Ontario a conduit \u00e0 l'arrestation d'un Marocain par la police belge, \u00e0 la suite de menaces similaires lanc\u00e9es contre des \u00e9coles en Belgique. \u00a0","og_url":"https:\/\/visionrockland.ca\/en\/actualites\/lalerte-a-la-bombe-contre-le-csdceo-a-ete-lancee-par-un-marocain\/","og_site_name":"Vision","article_published_time":"2023-12-01T18:10:06+00:00","article_modified_time":"2026-02-17T19:52:11+00:00","og_image":[{"width":2560,"height":1920,"url":"https:\/\/cdn.editionap.ca\/wp-content\/uploads\/sites\/3\/2023\/11\/OPP-1-scaled-1.jpg","type":"image\/jpeg"}],"author":"Joseph Coppolino","twitter_card":"summary_large_image","twitter_misc":{"Written by":"Joseph Coppolino","Est. reading time":"2 minutes"},"schema":{"@context":"https:\/\/schema.org","@graph":[{"@type":"Article","@id":"https:\/\/visionrockland.ca\/en\/actualites\/lalerte-a-la-bombe-contre-le-csdceo-a-ete-lancee-par-un-marocain\/#article","isPartOf":{"@id":"https:\/\/visionrockland.ca\/en\/actualites\/lalerte-a-la-bombe-contre-le-csdceo-a-ete-lancee-par-un-marocain\/"},"author":{"name":"Joseph Coppolino","@id":"https:\/\/visionrockland.ca\/en\/#\/schema\/person\/25dbd073b952565ed09ca19dbbfccc27"},"headline":"L&#8217;alerte \u00e0 la bombe contre le CSDCEO a \u00e9t\u00e9 lanc\u00e9e par un Marocain","datePublished":"2023-12-01T18:10:06+00:00","dateModified":"2026-02-17T19:52:11+00:00","mainEntityOfPage":{"@id":"https:\/\/visionrockland.ca\/en\/actualites\/lalerte-a-la-bombe-contre-le-csdceo-a-ete-lancee-par-un-marocain\/"},"wordCount":296,"image":{"@id":"https:\/\/visionrockland.ca\/en\/actualites\/lalerte-a-la-bombe-contre-le-csdceo-a-ete-lancee-par-un-marocain\/#primaryimage"},"thumbnailUrl":"https:\/\/cdn.editionap.ca\/wp-content\/uploads\/sites\/3\/2023\/11\/OPP-1-scaled-1.jpg","articleSection":["Actualit\u00e9s"],"inLanguage":"en-US"},{"@type":"WebPage","@id":"https:\/\/visionrockland.ca\/en\/actualites\/lalerte-a-la-bombe-contre-le-csdceo-a-ete-lancee-par-un-marocain\/","url":"https:\/\/visionrockland.ca\/en\/actualites\/lalerte-a-la-bombe-contre-le-csdceo-a-ete-lancee-par-un-marocain\/","name":"L'alerte \u00e0 la bombe contre le CSDCEO a \u00e9t\u00e9 lanc\u00e9e par un Marocain - Vision","isPartOf":{"@id":"https:\/\/visionrockland.ca\/en\/#website"},"primaryImageOfPage":{"@id":"https:\/\/visionrockland.ca\/en\/actualites\/lalerte-a-la-bombe-contre-le-csdceo-a-ete-lancee-par-un-marocain\/#primaryimage"},"image":{"@id":"https:\/\/visionrockland.ca\/en\/actualites\/lalerte-a-la-bombe-contre-le-csdceo-a-ete-lancee-par-un-marocain\/#primaryimage"},"thumbnailUrl":"https:\/\/cdn.editionap.ca\/wp-content\/uploads\/sites\/3\/2023\/11\/OPP-1-scaled-1.jpg","datePublished":"2023-12-01T18:10:06+00:00","dateModified":"2026-02-17T19:52:11+00:00","author":{"@id":"https:\/\/visionrockland.ca\/en\/#\/schema\/person\/25dbd073b952565ed09ca19dbbfccc27"},"description":"Une enqu\u00eate sur les alertes \u00e0 la bombe lanc\u00e9es contre plusieurs conseils scolaires de l'Ontario a conduit \u00e0 l'arrestation d'un Marocain par la police belge, \u00e0 la suite de menaces similaires lanc\u00e9es contre des \u00e9coles en Belgique. \u00a0","breadcrumb":{"@id":"https:\/\/visionrockland.ca\/en\/actualites\/lalerte-a-la-bombe-contre-le-csdceo-a-ete-lancee-par-un-marocain\/#breadcrumb"},"inLanguage":"en-US","potentialAction":[{"@type":"ReadAction","target":["https:\/\/visionrockland.ca\/en\/actualites\/lalerte-a-la-bombe-contre-le-csdceo-a-ete-lancee-par-un-marocain\/"]}]},{"@type":"ImageObject","inLanguage":"en-US","@id":"https:\/\/visionrockland.ca\/en\/actualites\/lalerte-a-la-bombe-contre-le-csdceo-a-ete-lancee-par-un-marocain\/#primaryimage","url":"https:\/\/cdn.editionap.ca\/wp-content\/uploads\/sites\/3\/2023\/11\/OPP-1-scaled-1.jpg","contentUrl":"https:\/\/cdn.editionap.ca\/wp-content\/uploads\/sites\/3\/2023\/11\/OPP-1-scaled-1.jpg","width":2560,"height":1920,"caption":"Two drivers from Rockland were charged in the past few weeks."},{"@type":"BreadcrumbList","@id":"https:\/\/visionrockland.ca\/en\/actualites\/lalerte-a-la-bombe-contre-le-csdceo-a-ete-lancee-par-un-marocain\/#breadcrumb","itemListElement":[{"@type":"ListItem","position":1,"name":"Accueil","item":"https:\/\/visionrockland.ca\/en\/"},{"@type":"ListItem","position":2,"name":"L&rsquo;alerte \u00e0 la bombe contre le CSDCEO a \u00e9t\u00e9 lanc\u00e9e par un Marocain"}]},{"@type":"WebSite","@id":"https:\/\/visionrockland.ca\/en\/#website","url":"https:\/\/visionrockland.ca\/en\/","name":"Vision","description":"","potentialAction":[{"@type":"SearchAction","target":{"@type":"EntryPoint","urlTemplate":"https:\/\/visionrockland.ca\/en\/?s={search_term_string}"},"query-input":{"@type":"PropertyValueSpecification","valueRequired":true,"valueName":"search_term_string"}}],"inLanguage":"en-US"},{"@type":"Person","@id":"https:\/\/visionrockland.ca\/en\/#\/schema\/person\/25dbd073b952565ed09ca19dbbfccc27","name":"Joseph Coppolino","image":{"@type":"ImageObject","inLanguage":"en-US","@id":"https:\/\/secure.gravatar.com\/avatar\/68b588951b507643baa44096457818fb7c15c73a18975a47ba0caf868bab32aa?s=96&d=mm&r=g","url":"https:\/\/secure.gravatar.com\/avatar\/68b588951b507643baa44096457818fb7c15c73a18975a47ba0caf868bab32aa?s=96&d=mm&r=g","contentUrl":"https:\/\/secure.gravatar.com\/avatar\/68b588951b507643baa44096457818fb7c15c73a18975a47ba0caf868bab32aa?s=96&d=mm&r=g","caption":"Joseph Coppolino"}}]}},"_links":{"self":[{"href":"https:\/\/visionrockland.ca\/en\/wp-json\/wp\/v2\/posts\/98617","targetHints":{"allow":["GET"]}}],"collection":[{"href":"https:\/\/visionrockland.ca\/en\/wp-json\/wp\/v2\/posts"}],"about":[{"href":"https:\/\/visionrockland.ca\/en\/wp-json\/wp\/v2\/types\/post"}],"author":[{"embeddable":true,"href":"https:\/\/visionrockland.ca\/en\/wp-json\/wp\/v2\/users\/20"}],"replies":[{"embeddable":true,"href":"https:\/\/visionrockland.ca\/en\/wp-json\/wp\/v2\/comments?post=98617"}],"version-history":[{"count":1,"href":"https:\/\/visionrockland.ca\/en\/wp-json\/wp\/v2\/posts\/98617\/revisions"}],"predecessor-version":[{"id":132575,"href":"https:\/\/visionrockland.ca\/en\/wp-json\/wp\/v2\/posts\/98617\/revisions\/132575"}],"wp:featuredmedia":[{"embeddable":true,"href":"https:\/\/visionrockland.ca\/en\/wp-json\/wp\/v2\/media\/98503"}],"wp:attachment":[{"href":"https:\/\/visionrockland.ca\/en\/wp-json\/wp\/v2\/media?parent=98617"}],"wp:term":[{"taxonomy":"category","embeddable":true,"href":"https:\/\/visionrockland.ca\/en\/wp-json\/wp\/v2\/categories?post=98617"},{"taxonomy":"post_tag","embeddable":true,"href":"https:\/\/visionrockland.ca\/en\/wp-json\/wp\/v2\/tags?post=98617"}],"curies":[{"name":"wp","href":"https:\/\/api.w.org\/{rel}","templated":true}]}}