{"id":138515,"date":"2026-04-30T21:11:55","date_gmt":"2026-05-01T01:11:55","guid":{"rendered":"https:\/\/visionrockland.ca\/?p=138515"},"modified":"2026-04-30T21:11:57","modified_gmt":"2026-05-01T01:11:57","slug":"la-bibliotheque-de-clarence-rockland-prend-en-charge-la-gestion-du-musee-de-clarence-rockland","status":"publish","type":"post","link":"https:\/\/visionrockland.ca\/en\/actualites\/la-bibliotheque-de-clarence-rockland-prend-en-charge-la-gestion-du-musee-de-clarence-rockland\/","title":{"rendered":"La biblioth\u00e8que de Clarence-Rockland prend en charge la gestion du mus\u00e9e de Clarence-Rockland"},"content":{"rendered":"\n<p><strong>Le mus\u00e9e de Clarence-Rockland est officiellement sous une nouvelle direction.<\/strong><\/p>\n\n\n\n<p>Le lundi 20 avril, la biblioth\u00e8que de Clarence-Rockland a pris en charge la gestion du mus\u00e9e de Clarence-Rockland lors de la remise des cl\u00e9s par la ville de Clarence-Rockland. Cela marque la transition vers une nouvelle structure de gestion et de gouvernance pour le mus\u00e9e, qui rel\u00e8ve d\u00e9sormais de la responsabilit\u00e9 de la biblioth\u00e8que.<\/p>\n\n\n\n<p>\u00ab Je suis reconnaissante que la ville (de Clarence-Rockland) nous ait confi\u00e9 cette responsabilit\u00e9 \u00bb, a d\u00e9clar\u00e9 Catherina Moskau, directrice g\u00e9n\u00e9rale de la biblioth\u00e8que publique de Clarence-Rockland. \u00ab Pour moi, c&#8217;est tr\u00e8s excitant car j&#8217;ai une formation en histoire, ce sera donc un voyage passionnant dans le pass\u00e9 de notre ville. \u00bb<\/p>\n\n\n\n<p><strong>Comment en sommes-nous arriv\u00e9s l\u00e0<\/strong><\/p>\n\n\n\n<p>En 2025, le conseil municipal de Clarence-Rockland a approuv\u00e9 le plan strat\u00e9gique du Mus\u00e9e de Clarence-Rockland, qui soutient la vision du mus\u00e9e pour la p\u00e9riode 2025-2030, d\u00e9finit les enjeux cl\u00e9s et inclut les objectifs strat\u00e9giques ainsi que les orientations recommand\u00e9es pour les cinq prochaines ann\u00e9es. La vision de la ville, telle qu\u2019elle est d\u00e9finie dans le Plan strat\u00e9gique 2024-2028, est que \u00ab Clarence-Rockland continuera d\u2019\u00eatre une communaut\u00e9 en pleine croissance et prosp\u00e8re, tout en conservant l\u2019atmosph\u00e8re chaleureuse d\u2019une petite ville \u00bb. Le Mus\u00e9e de Clarence-Rockland a jou\u00e9 un r\u00f4le essentiel dans la promotion de cette vision gr\u00e2ce \u00e0 des expositions et des programmes captivants qui rassemblent les habitants pour explorer et d\u00e9couvrir l\u2019histoire de Clarence-Rockland.<\/p>\n\n\n\n<p>Ce Plan strat\u00e9gique 2025-2030 pour le mus\u00e9e comprend des \u00e9bauches de d\u00e9claration de vision et de mandat qui compl\u00e8tent les objectifs strat\u00e9giques de la ville et int\u00e8grent les aspirations du mus\u00e9e dans le contexte communautaire plus large.<\/p>\n\n\n\n<p>La planification, qui a dur\u00e9 environ six mois, a \u00e9t\u00e9 men\u00e9e par le cabinet Local Cultural Resources et comprenait une visite du mus\u00e9e. Le cabinet a \u00e9galement men\u00e9 des entretiens avec des parties prenantes cl\u00e9s du secteur public, des arts, de l\u2019\u00e9ducation, de la politique et de la soci\u00e9t\u00e9 civile.<\/p>\n\n\n\n<p>Le cabinet a lanc\u00e9 un sondage public afin de comprendre les priorit\u00e9s et les besoins des r\u00e9sidents. Un \u00e9v\u00e9nement en pr\u00e9sentiel a \u00e9galement permis de recueillir plusieurs r\u00e9ponses sur papier. Au total, 70 participants ont r\u00e9pondu au sondage. Il a \u00e9galement organis\u00e9 des s\u00e9ances de groupes de travail, auxquelles ont particip\u00e9 deux membres suppl\u00e9mentaires de la communaut\u00e9 pour discuter des enjeux et des objectifs cl\u00e9s.<\/p>\n\n\n\n<p><strong>Conclusions et objectifs<\/strong><\/p>\n\n\n\n<p>Une fois le processus achev\u00e9, le cabinet a identifi\u00e9 six enjeux critiques qui retenaient l\u2019attention et pr\u00e9occupaient les participants aux s\u00e9ances de groupes de travail. Les participants aux groupes de travail ont soulign\u00e9 qu\u2019il \u00e9tait important de mettre en place un cadre de gouvernance et de gestion ; de travailler \u00e0 la professionnalisation du personnel et des op\u00e9rations ; d\u2019am\u00e9liorer l\u2019accessibilit\u00e9 physique dans l\u2019ensemble du b\u00e2timent ; d\u2019accro\u00eetre la pr\u00e9sence et la notori\u00e9t\u00e9 du mus\u00e9e ; d\u2019am\u00e9liorer l\u2019acc\u00e8s intellectuel et l\u2019exp\u00e9rience globale des visiteurs au mus\u00e9e ; et de cr\u00e9er des liens et de s\u2019int\u00e9grer \u00e0 la communaut\u00e9.<\/p>\n\n\n\n<p>Une premi\u00e8re \u00e9tape importante consiste pour le mus\u00e9e \u00e0 mettre en place un organe directeur, ce qui lui permettrait d\u2019\u00eatre \u00e9ligible \u00e0 des subventions afin d\u2019apporter les am\u00e9liorations n\u00e9cessaires au b\u00e2timent. Une fois l\u2019organe directeur mis en place, les autres objectifs et \u00e9tapes du plan strat\u00e9gique du mus\u00e9e suivront. Ces objectifs, tels que d\u00e9crits dans le plan, consistent notamment \u00e0 rendre les pratiques et le fonctionnement du mus\u00e9e plus g\u00e9rables et plus professionnels ; \u00e0 faire du mus\u00e9e un centre de services ; \u00e0 am\u00e9liorer l\u2019acc\u00e8s au mus\u00e9e ainsi qu\u2019\u00e0 faire conna\u00eetre ses services et ses programmes ; et \u00e0 \u00e9tablir des liens et \u00e0 int\u00e9grer le mus\u00e9e \u00e0 la communaut\u00e9.<\/p>\n\n\n\n<p><strong>Prochaines \u00e9tapes<\/strong><\/p>\n\n\n\n<p>Selon Mme Moskau, la biblioth\u00e8que proc\u00e9dera \u00e0 l\u2019\u00e9valuation de chaque objet du mus\u00e9e. Les donateurs seront contact\u00e9s si les objets qu\u2019ils ont pr\u00e9c\u00e9demment donn\u00e9s ne sont plus n\u00e9cessaires pour la collection. Le reste des objets sera soigneusement catalogu\u00e9 et stock\u00e9 en vue d\u2019\u00eatre utilis\u00e9 dans de futures expositions et\/ou programmations. La biblioth\u00e8que s\u2019engage \u00e0 pr\u00e9server le pass\u00e9 de la communaut\u00e9 et \u00e0 assurer la conservation de son patrimoine. Au cours des semaines et des mois \u00e0 venir, un appel \u00e0 la communaut\u00e9 pourrait \u00eatre lanc\u00e9 pour recruter des b\u00e9n\u00e9voles, des \u00e9tudiants en stage coop\u00e9ratif et d\u2019autres formes d\u2019aide. La biblioth\u00e8que se r\u00e9jouit de travailler avec les passionn\u00e9s d\u2019histoire locale.<\/p>\n\n\n\n<p>\u00ab Nous allons embaucher un conservateur, quelqu\u2019un qui sait vraiment comment \u00e7a fonctionne \u00bb, a ajout\u00e9 M. Moskau. \u00ab Pour l\u2019ann\u00e9e \u00e0 venir, nous devons nous organiser et tout cataloguer. \u00bb<\/p>\n\n\n\n<p>Le Mus\u00e9e de Clarence-Rockland, qui a ouvert ses portes le 29 avril 2010, occupe actuellement l\u2019ancienne \u00e9cole Sainte-Famille au 687, rue Laurier \u00e0 Rockland et accueille environ 400 visiteurs par an. Il est exploit\u00e9 et g\u00e9r\u00e9 exclusivement par Gilles Chartrand, qui a non seulement consacr\u00e9 son temps et ses efforts \u00e0 l\u2019ouverture et au d\u00e9veloppement du mus\u00e9e, mais dont la plupart des objets expos\u00e9s proviennent de sa propre collection personnelle.<\/p>\n\n\n\n<p>M. Chartrand a particip\u00e9 \u00e0 toutes les \u00e9tapes du processus entrepris par la Ville et la biblioth\u00e8que, y compris l\u2019\u00e9laboration du plan strat\u00e9gique du mus\u00e9e men\u00e9e par la Ville. La biblioth\u00e8que se r\u00e9jouit de collaborer avec M. Chartrand pendant cette p\u00e9riode de transition.<\/p>\n\n\n\n<p>\u00ab C\u2019est un diamant brut, un homme aux multiples talents, motiv\u00e9 et passionn\u00e9 par cette ville \u00bb, a d\u00e9clar\u00e9 Mme Moskau \u00e0 propos de l\u2019engagement de M. Chartrand envers la pr\u00e9servation de l\u2019histoire de Clarence-Rockland.<\/p>\n\n\n\n<p><strong>Pr\u00e9server l\u2019histoire de la ville<\/strong><\/p>\n\n\n\n<p>La Ville a confirm\u00e9 que le projet consiste \u00e0 vendre le b\u00e2timent qui abrite actuellement le mus\u00e9e.<\/p>\n\n\n\n<p>\u00ab Ces fonds (apr\u00e8s la vente) fourniront au conseil d\u2019administration de la biblioth\u00e8que de Clarence-Rockland un capital de d\u00e9marrage pour aider \u00e0 g\u00e9rer le mus\u00e9e \u00bb, a d\u00e9clar\u00e9 Martin Irwin, responsable des loisirs et de la culture \u00e0 la Ville de Clarence-Rockland.<\/p>\n\n\n\n<p>M. Irwin a soulign\u00e9 que, pendant la p\u00e9riode de transition, l\u2019objectif est de pr\u00e9server le patrimoine et l\u2019histoire de la ville.<\/p>\n\n\n\n<p>\u00ab D\u2019autres lieux d\u2019exposition seront mis \u00e0 disposition au sein des installations municipales et des espaces communautaires afin de permettre au public de d\u00e9couvrir des objets d\u2019importance historique et communautaire dans un environnement s\u00fbr et accessible \u00bb, a-t-il ajout\u00e9.<\/p>\n\n\n\n<p>Il a not\u00e9 que la ville, en collaboration avec la Soci\u00e9t\u00e9 historique de Saint-Pascal-Baylon, a mis au point des circuits patrimoniaux qui offrent aux visiteurs la possibilit\u00e9 de d\u00e9couvrir l\u2019histoire de la ville. Cinq circuits distincts ont \u00e9t\u00e9 mis en place, couvrant Rockland, Clarence Point et Clarence Creek, Saint-Pascal-Baylon, Bourget et Hammond. De plus, la Ville a fait appel \u00e0 Mobile Escapes pour d\u00e9velopper \u00ab Puzzle Blitz \u00bb, un jeu combinant histoire, devinettes et casse-t\u00eates, offrant une exp\u00e9rience unique pour d\u00e9couvrir le patrimoine de Rockland de mani\u00e8re ludique.<\/p>\n","protected":false},"excerpt":{"rendered":"<p>Le mus\u00e9e de Clarence-Rockland est officiellement sous une nouvelle direction. Le lundi 20 avril, la biblioth\u00e8que de Clarence-Rockland a pris en charge la gestion du mus\u00e9e de Clarence-Rockland lors de la remise des cl\u00e9s par la ville de Clarence-Rockland. Cela marque la transition vers une nouvelle structure de gestion et de gouvernance pour le mus\u00e9e, [&hellip;]<\/p>\n","protected":false},"author":27,"featured_media":136381,"comment_status":"open","ping_status":"open","sticky":false,"template":"","format":"standard","meta":{"_acf_changed":false,"footnotes":""},"categories":[37],"tags":[],"class_list":["post-138515","post","type-post","status-publish","format-standard","has-post-thumbnail","hentry","category-actualites"],"acf":[],"featured_media_global":{"id":105893,"title":{"rendered":"C-R Museum new"},"description":{"rendered":"Le conseil d'administration de la biblioth\u00e8que publique de Clarence-Rockland supervisera la nouvelle orientation du mus\u00e9e Clarence-Rockland, une d\u00e9cision prise par le conseil lors de sa r\u00e9union du 11 juin."},"caption":{"rendered":"Le conseil d'administration de la biblioth\u00e8que publique de Clarence-Rockland supervisera la nouvelle orientation du mus\u00e9e Clarence-Rockland, une d\u00e9cision prise par le conseil lors de sa r\u00e9union du 11 juin."},"alt_text":"Le conseil d'administration de la biblioth\u00e8que publique de Clarence-Rockland supervisera la nouvelle orientation du mus\u00e9e Clarence-Rockland, une d\u00e9cision prise par le conseil lors de sa r\u00e9union du 11 juin.","media_type":"image","mime_type":"image\/jpeg","media_details":{"width":1920,"height":1440,"file":"2025\/05\/C-R-Museum-new.jpg","filesize":919585,"sizes":{"medium":{"file":"C-R-Museum-new-300x225.jpg","width":300,"height":225,"mime-type":"image\/jpeg","filesize":19549},"large":{"file":"C-R-Museum-new-1024x768.jpg","width":1024,"height":768,"mime-type":"image\/jpeg","filesize":192720},"thumbnail":{"file":"C-R-Museum-new-150x150.jpg","width":150,"height":150,"mime-type":"image\/jpeg","filesize":7056},"medium_large":{"file":"C-R-Museum-new-768x576.jpg","width":768,"height":576,"mime-type":"image\/jpeg","filesize":110207},"1536x1536":{"file":"C-R-Museum-new-1536x1152.jpg","width":1536,"height":1152,"mime-type":"image\/jpeg","filesize":400533}},"image_meta":{"aperture":"0","credit":"","camera":"","caption":"","created_timestamp":"0","copyright":"","focal_length":"0","iso":"0","shutter_speed":"0","title":"","orientation":"0","keywords":[]}},"source_url":"https:\/\/editionap.ca\/wp-content\/uploads\/sites\/3\/2025\/05\/C-R-Museum-new.jpg"},"yoast_head":"<!-- This site is optimized with the Yoast SEO plugin v27.4 - https:\/\/yoast.com\/product\/yoast-seo-wordpress\/ -->\n<title>La biblioth\u00e8que de Clarence-Rockland prend en charge la gestion du mus\u00e9e de Clarence-Rockland - Vision<\/title>\n<meta name=\"robots\" content=\"index, follow, max-snippet:-1, max-image-preview:large, max-video-preview:-1\" \/>\n<link rel=\"canonical\" href=\"https:\/\/visionrockland.ca\/en\/actualites\/la-bibliotheque-de-clarence-rockland-prend-en-charge-la-gestion-du-musee-de-clarence-rockland\/\" \/>\n<meta property=\"og:locale\" content=\"en_US\" \/>\n<meta property=\"og:type\" content=\"article\" \/>\n<meta property=\"og:title\" content=\"La biblioth\u00e8que de Clarence-Rockland prend en charge la gestion du mus\u00e9e de Clarence-Rockland - Vision\" \/>\n<meta property=\"og:description\" content=\"Le mus\u00e9e de Clarence-Rockland est officiellement sous une nouvelle direction. Le lundi 20 avril, la biblioth\u00e8que de Clarence-Rockland a pris en charge la gestion du mus\u00e9e de Clarence-Rockland lors de la remise des cl\u00e9s par la ville de Clarence-Rockland. Cela marque la transition vers une nouvelle structure de gestion et de gouvernance pour le mus\u00e9e, [&hellip;]\" \/>\n<meta property=\"og:url\" content=\"https:\/\/visionrockland.ca\/en\/actualites\/la-bibliotheque-de-clarence-rockland-prend-en-charge-la-gestion-du-musee-de-clarence-rockland\/\" \/>\n<meta property=\"og:site_name\" content=\"Vision\" \/>\n<meta property=\"article:published_time\" content=\"2026-05-01T01:11:55+00:00\" \/>\n<meta property=\"article:modified_time\" content=\"2026-05-01T01:11:57+00:00\" \/>\n<meta property=\"og:image\" content=\"https:\/\/editionap.ca\/wp-content\/uploads\/sites\/3\/2025\/05\/C-R-Museum-new.jpg\" \/>\n\t<meta property=\"og:image:width\" content=\"1920\" \/>\n\t<meta property=\"og:image:height\" content=\"1440\" \/>\n\t<meta property=\"og:image:type\" content=\"image\/jpeg\" \/>\n<meta name=\"author\" content=\"Anil Jhalli\" \/>\n<meta name=\"twitter:card\" content=\"summary_large_image\" \/>\n<meta name=\"twitter:label1\" content=\"Written by\" \/>\n\t<meta name=\"twitter:data1\" content=\"Anil Jhalli\" \/>\n\t<meta name=\"twitter:label2\" content=\"Est. reading time\" \/>\n\t<meta name=\"twitter:data2\" content=\"6 minutes\" \/>\n<script type=\"application\/ld+json\" class=\"yoast-schema-graph\">{\"@context\":\"https:\\\/\\\/schema.org\",\"@graph\":[{\"@type\":\"Article\",\"@id\":\"https:\\\/\\\/visionrockland.ca\\\/en\\\/actualites\\\/la-bibliotheque-de-clarence-rockland-prend-en-charge-la-gestion-du-musee-de-clarence-rockland\\\/#article\",\"isPartOf\":{\"@id\":\"https:\\\/\\\/visionrockland.ca\\\/en\\\/actualites\\\/la-bibliotheque-de-clarence-rockland-prend-en-charge-la-gestion-du-musee-de-clarence-rockland\\\/\"},\"author\":{\"name\":\"Anil Jhalli\",\"@id\":\"https:\\\/\\\/visionrockland.ca\\\/en\\\/#\\\/schema\\\/person\\\/a09095fdf65e09e747105760fe90175c\"},\"headline\":\"La biblioth\u00e8que de Clarence-Rockland prend en charge la gestion du mus\u00e9e de Clarence-Rockland\",\"datePublished\":\"2026-05-01T01:11:55+00:00\",\"dateModified\":\"2026-05-01T01:11:57+00:00\",\"mainEntityOfPage\":{\"@id\":\"https:\\\/\\\/visionrockland.ca\\\/en\\\/actualites\\\/la-bibliotheque-de-clarence-rockland-prend-en-charge-la-gestion-du-musee-de-clarence-rockland\\\/\"},\"wordCount\":1238,\"commentCount\":0,\"image\":{\"@id\":\"https:\\\/\\\/visionrockland.ca\\\/en\\\/actualites\\\/la-bibliotheque-de-clarence-rockland-prend-en-charge-la-gestion-du-musee-de-clarence-rockland\\\/#primaryimage\"},\"thumbnailUrl\":\"https:\\\/\\\/editionap.ca\\\/wp-content\\\/uploads\\\/sites\\\/3\\\/2025\\\/05\\\/C-R-Museum-new.jpg\",\"articleSection\":[\"Actualit\u00e9s\"],\"inLanguage\":\"en-US\",\"potentialAction\":[{\"@type\":\"CommentAction\",\"name\":\"Comment\",\"target\":[\"https:\\\/\\\/visionrockland.ca\\\/en\\\/actualites\\\/la-bibliotheque-de-clarence-rockland-prend-en-charge-la-gestion-du-musee-de-clarence-rockland\\\/#respond\"]}]},{\"@type\":\"WebPage\",\"@id\":\"https:\\\/\\\/visionrockland.ca\\\/en\\\/actualites\\\/la-bibliotheque-de-clarence-rockland-prend-en-charge-la-gestion-du-musee-de-clarence-rockland\\\/\",\"url\":\"https:\\\/\\\/visionrockland.ca\\\/en\\\/actualites\\\/la-bibliotheque-de-clarence-rockland-prend-en-charge-la-gestion-du-musee-de-clarence-rockland\\\/\",\"name\":\"La biblioth\u00e8que de Clarence-Rockland prend en charge la gestion du mus\u00e9e de Clarence-Rockland - Vision\",\"isPartOf\":{\"@id\":\"https:\\\/\\\/visionrockland.ca\\\/en\\\/#website\"},\"primaryImageOfPage\":{\"@id\":\"https:\\\/\\\/visionrockland.ca\\\/en\\\/actualites\\\/la-bibliotheque-de-clarence-rockland-prend-en-charge-la-gestion-du-musee-de-clarence-rockland\\\/#primaryimage\"},\"image\":{\"@id\":\"https:\\\/\\\/visionrockland.ca\\\/en\\\/actualites\\\/la-bibliotheque-de-clarence-rockland-prend-en-charge-la-gestion-du-musee-de-clarence-rockland\\\/#primaryimage\"},\"thumbnailUrl\":\"https:\\\/\\\/editionap.ca\\\/wp-content\\\/uploads\\\/sites\\\/3\\\/2025\\\/05\\\/C-R-Museum-new.jpg\",\"datePublished\":\"2026-05-01T01:11:55+00:00\",\"dateModified\":\"2026-05-01T01:11:57+00:00\",\"author\":{\"@id\":\"https:\\\/\\\/visionrockland.ca\\\/en\\\/#\\\/schema\\\/person\\\/a09095fdf65e09e747105760fe90175c\"},\"breadcrumb\":{\"@id\":\"https:\\\/\\\/visionrockland.ca\\\/en\\\/actualites\\\/la-bibliotheque-de-clarence-rockland-prend-en-charge-la-gestion-du-musee-de-clarence-rockland\\\/#breadcrumb\"},\"inLanguage\":\"en-US\",\"potentialAction\":[{\"@type\":\"ReadAction\",\"target\":[\"https:\\\/\\\/visionrockland.ca\\\/en\\\/actualites\\\/la-bibliotheque-de-clarence-rockland-prend-en-charge-la-gestion-du-musee-de-clarence-rockland\\\/\"]}]},{\"@type\":\"ImageObject\",\"inLanguage\":\"en-US\",\"@id\":\"https:\\\/\\\/visionrockland.ca\\\/en\\\/actualites\\\/la-bibliotheque-de-clarence-rockland-prend-en-charge-la-gestion-du-musee-de-clarence-rockland\\\/#primaryimage\",\"url\":\"https:\\\/\\\/editionap.ca\\\/wp-content\\\/uploads\\\/sites\\\/3\\\/2025\\\/05\\\/C-R-Museum-new.jpg\",\"contentUrl\":\"https:\\\/\\\/editionap.ca\\\/wp-content\\\/uploads\\\/sites\\\/3\\\/2025\\\/05\\\/C-R-Museum-new.jpg\",\"caption\":\"Le conseil d'administration de la biblioth\u00e8que publique de Clarence-Rockland supervisera la nouvelle orientation du mus\u00e9e Clarence-Rockland, une d\u00e9cision prise par le conseil lors de sa r\u00e9union du 11 juin.\"},{\"@type\":\"BreadcrumbList\",\"@id\":\"https:\\\/\\\/visionrockland.ca\\\/en\\\/actualites\\\/la-bibliotheque-de-clarence-rockland-prend-en-charge-la-gestion-du-musee-de-clarence-rockland\\\/#breadcrumb\",\"itemListElement\":[{\"@type\":\"ListItem\",\"position\":1,\"name\":\"Accueil\",\"item\":\"https:\\\/\\\/visionrockland.ca\\\/en\\\/\"},{\"@type\":\"ListItem\",\"position\":2,\"name\":\"La biblioth\u00e8que de Clarence-Rockland prend en charge la gestion du mus\u00e9e de Clarence-Rockland\"}]},{\"@type\":\"WebSite\",\"@id\":\"https:\\\/\\\/visionrockland.ca\\\/en\\\/#website\",\"url\":\"https:\\\/\\\/visionrockland.ca\\\/en\\\/\",\"name\":\"Vision\",\"description\":\"\",\"potentialAction\":[{\"@type\":\"SearchAction\",\"target\":{\"@type\":\"EntryPoint\",\"urlTemplate\":\"https:\\\/\\\/visionrockland.ca\\\/en\\\/?s={search_term_string}\"},\"query-input\":{\"@type\":\"PropertyValueSpecification\",\"valueRequired\":true,\"valueName\":\"search_term_string\"}}],\"inLanguage\":\"en-US\"},{\"@type\":\"Person\",\"@id\":\"https:\\\/\\\/visionrockland.ca\\\/en\\\/#\\\/schema\\\/person\\\/a09095fdf65e09e747105760fe90175c\",\"name\":\"Anil Jhalli\",\"image\":{\"@type\":\"ImageObject\",\"inLanguage\":\"en-US\",\"@id\":\"https:\\\/\\\/secure.gravatar.com\\\/avatar\\\/63becc64fff8877a05400459aa003b94a1fdc8d3954acacc688ee6a2bc39fef8?s=96&d=mm&r=g\",\"url\":\"https:\\\/\\\/secure.gravatar.com\\\/avatar\\\/63becc64fff8877a05400459aa003b94a1fdc8d3954acacc688ee6a2bc39fef8?s=96&d=mm&r=g\",\"contentUrl\":\"https:\\\/\\\/secure.gravatar.com\\\/avatar\\\/63becc64fff8877a05400459aa003b94a1fdc8d3954acacc688ee6a2bc39fef8?s=96&d=mm&r=g\",\"caption\":\"Anil Jhalli\"}}]}<\/script>\n<!-- \/ Yoast SEO plugin. -->","yoast_head_json":{"title":"La biblioth\u00e8que de Clarence-Rockland prend en charge la gestion du mus\u00e9e de Clarence-Rockland - Vision","robots":{"index":"index","follow":"follow","max-snippet":"max-snippet:-1","max-image-preview":"max-image-preview:large","max-video-preview":"max-video-preview:-1"},"canonical":"https:\/\/visionrockland.ca\/en\/actualites\/la-bibliotheque-de-clarence-rockland-prend-en-charge-la-gestion-du-musee-de-clarence-rockland\/","og_locale":"en_US","og_type":"article","og_title":"La biblioth\u00e8que de Clarence-Rockland prend en charge la gestion du mus\u00e9e de Clarence-Rockland - Vision","og_description":"Le mus\u00e9e de Clarence-Rockland est officiellement sous une nouvelle direction. Le lundi 20 avril, la biblioth\u00e8que de Clarence-Rockland a pris en charge la gestion du mus\u00e9e de Clarence-Rockland lors de la remise des cl\u00e9s par la ville de Clarence-Rockland. Cela marque la transition vers une nouvelle structure de gestion et de gouvernance pour le mus\u00e9e, [&hellip;]","og_url":"https:\/\/visionrockland.ca\/en\/actualites\/la-bibliotheque-de-clarence-rockland-prend-en-charge-la-gestion-du-musee-de-clarence-rockland\/","og_site_name":"Vision","article_published_time":"2026-05-01T01:11:55+00:00","article_modified_time":"2026-05-01T01:11:57+00:00","og_image":[{"url":"https:\/\/editionap.ca\/wp-content\/uploads\/sites\/3\/2025\/05\/C-R-Museum-new.jpg","width":1920,"height":1440,"type":"image\/jpeg"}],"author":"Anil Jhalli","twitter_card":"summary_large_image","twitter_misc":{"Written by":"Anil Jhalli","Est. reading time":"6 minutes"},"schema":{"@context":"https:\/\/schema.org","@graph":[{"@type":"Article","@id":"https:\/\/visionrockland.ca\/en\/actualites\/la-bibliotheque-de-clarence-rockland-prend-en-charge-la-gestion-du-musee-de-clarence-rockland\/#article","isPartOf":{"@id":"https:\/\/visionrockland.ca\/en\/actualites\/la-bibliotheque-de-clarence-rockland-prend-en-charge-la-gestion-du-musee-de-clarence-rockland\/"},"author":{"name":"Anil Jhalli","@id":"https:\/\/visionrockland.ca\/en\/#\/schema\/person\/a09095fdf65e09e747105760fe90175c"},"headline":"La biblioth\u00e8que de Clarence-Rockland prend en charge la gestion du mus\u00e9e de Clarence-Rockland","datePublished":"2026-05-01T01:11:55+00:00","dateModified":"2026-05-01T01:11:57+00:00","mainEntityOfPage":{"@id":"https:\/\/visionrockland.ca\/en\/actualites\/la-bibliotheque-de-clarence-rockland-prend-en-charge-la-gestion-du-musee-de-clarence-rockland\/"},"wordCount":1238,"commentCount":0,"image":{"@id":"https:\/\/visionrockland.ca\/en\/actualites\/la-bibliotheque-de-clarence-rockland-prend-en-charge-la-gestion-du-musee-de-clarence-rockland\/#primaryimage"},"thumbnailUrl":"https:\/\/editionap.ca\/wp-content\/uploads\/sites\/3\/2025\/05\/C-R-Museum-new.jpg","articleSection":["Actualit\u00e9s"],"inLanguage":"en-US","potentialAction":[{"@type":"CommentAction","name":"Comment","target":["https:\/\/visionrockland.ca\/en\/actualites\/la-bibliotheque-de-clarence-rockland-prend-en-charge-la-gestion-du-musee-de-clarence-rockland\/#respond"]}]},{"@type":"WebPage","@id":"https:\/\/visionrockland.ca\/en\/actualites\/la-bibliotheque-de-clarence-rockland-prend-en-charge-la-gestion-du-musee-de-clarence-rockland\/","url":"https:\/\/visionrockland.ca\/en\/actualites\/la-bibliotheque-de-clarence-rockland-prend-en-charge-la-gestion-du-musee-de-clarence-rockland\/","name":"La biblioth\u00e8que de Clarence-Rockland prend en charge la gestion du mus\u00e9e de Clarence-Rockland - Vision","isPartOf":{"@id":"https:\/\/visionrockland.ca\/en\/#website"},"primaryImageOfPage":{"@id":"https:\/\/visionrockland.ca\/en\/actualites\/la-bibliotheque-de-clarence-rockland-prend-en-charge-la-gestion-du-musee-de-clarence-rockland\/#primaryimage"},"image":{"@id":"https:\/\/visionrockland.ca\/en\/actualites\/la-bibliotheque-de-clarence-rockland-prend-en-charge-la-gestion-du-musee-de-clarence-rockland\/#primaryimage"},"thumbnailUrl":"https:\/\/editionap.ca\/wp-content\/uploads\/sites\/3\/2025\/05\/C-R-Museum-new.jpg","datePublished":"2026-05-01T01:11:55+00:00","dateModified":"2026-05-01T01:11:57+00:00","author":{"@id":"https:\/\/visionrockland.ca\/en\/#\/schema\/person\/a09095fdf65e09e747105760fe90175c"},"breadcrumb":{"@id":"https:\/\/visionrockland.ca\/en\/actualites\/la-bibliotheque-de-clarence-rockland-prend-en-charge-la-gestion-du-musee-de-clarence-rockland\/#breadcrumb"},"inLanguage":"en-US","potentialAction":[{"@type":"ReadAction","target":["https:\/\/visionrockland.ca\/en\/actualites\/la-bibliotheque-de-clarence-rockland-prend-en-charge-la-gestion-du-musee-de-clarence-rockland\/"]}]},{"@type":"ImageObject","inLanguage":"en-US","@id":"https:\/\/visionrockland.ca\/en\/actualites\/la-bibliotheque-de-clarence-rockland-prend-en-charge-la-gestion-du-musee-de-clarence-rockland\/#primaryimage","url":"https:\/\/editionap.ca\/wp-content\/uploads\/sites\/3\/2025\/05\/C-R-Museum-new.jpg","contentUrl":"https:\/\/editionap.ca\/wp-content\/uploads\/sites\/3\/2025\/05\/C-R-Museum-new.jpg","caption":"Le conseil d'administration de la biblioth\u00e8que publique de Clarence-Rockland supervisera la nouvelle orientation du mus\u00e9e Clarence-Rockland, une d\u00e9cision prise par le conseil lors de sa r\u00e9union du 11 juin."},{"@type":"BreadcrumbList","@id":"https:\/\/visionrockland.ca\/en\/actualites\/la-bibliotheque-de-clarence-rockland-prend-en-charge-la-gestion-du-musee-de-clarence-rockland\/#breadcrumb","itemListElement":[{"@type":"ListItem","position":1,"name":"Accueil","item":"https:\/\/visionrockland.ca\/en\/"},{"@type":"ListItem","position":2,"name":"La biblioth\u00e8que de Clarence-Rockland prend en charge la gestion du mus\u00e9e de Clarence-Rockland"}]},{"@type":"WebSite","@id":"https:\/\/visionrockland.ca\/en\/#website","url":"https:\/\/visionrockland.ca\/en\/","name":"Vision","description":"","potentialAction":[{"@type":"SearchAction","target":{"@type":"EntryPoint","urlTemplate":"https:\/\/visionrockland.ca\/en\/?s={search_term_string}"},"query-input":{"@type":"PropertyValueSpecification","valueRequired":true,"valueName":"search_term_string"}}],"inLanguage":"en-US"},{"@type":"Person","@id":"https:\/\/visionrockland.ca\/en\/#\/schema\/person\/a09095fdf65e09e747105760fe90175c","name":"Anil Jhalli","image":{"@type":"ImageObject","inLanguage":"en-US","@id":"https:\/\/secure.gravatar.com\/avatar\/63becc64fff8877a05400459aa003b94a1fdc8d3954acacc688ee6a2bc39fef8?s=96&d=mm&r=g","url":"https:\/\/secure.gravatar.com\/avatar\/63becc64fff8877a05400459aa003b94a1fdc8d3954acacc688ee6a2bc39fef8?s=96&d=mm&r=g","contentUrl":"https:\/\/secure.gravatar.com\/avatar\/63becc64fff8877a05400459aa003b94a1fdc8d3954acacc688ee6a2bc39fef8?s=96&d=mm&r=g","caption":"Anil Jhalli"}}]}},"_links":{"self":[{"href":"https:\/\/visionrockland.ca\/en\/wp-json\/wp\/v2\/posts\/138515","targetHints":{"allow":["GET"]}}],"collection":[{"href":"https:\/\/visionrockland.ca\/en\/wp-json\/wp\/v2\/posts"}],"about":[{"href":"https:\/\/visionrockland.ca\/en\/wp-json\/wp\/v2\/types\/post"}],"author":[{"embeddable":true,"href":"https:\/\/visionrockland.ca\/en\/wp-json\/wp\/v2\/users\/27"}],"replies":[{"embeddable":true,"href":"https:\/\/visionrockland.ca\/en\/wp-json\/wp\/v2\/comments?post=138515"}],"version-history":[{"count":1,"href":"https:\/\/visionrockland.ca\/en\/wp-json\/wp\/v2\/posts\/138515\/revisions"}],"predecessor-version":[{"id":138690,"href":"https:\/\/visionrockland.ca\/en\/wp-json\/wp\/v2\/posts\/138515\/revisions\/138690"}],"wp:featuredmedia":[{"embeddable":true,"href":"https:\/\/visionrockland.ca\/en\/wp-json\/wp\/v2\/media\/136381"}],"wp:attachment":[{"href":"https:\/\/visionrockland.ca\/en\/wp-json\/wp\/v2\/media?parent=138515"}],"wp:term":[{"taxonomy":"category","embeddable":true,"href":"https:\/\/visionrockland.ca\/en\/wp-json\/wp\/v2\/categories?post=138515"},{"taxonomy":"post_tag","embeddable":true,"href":"https:\/\/visionrockland.ca\/en\/wp-json\/wp\/v2\/tags?post=138515"}],"curies":[{"name":"wp","href":"https:\/\/api.w.org\/{rel}","templated":true}]}}