{"id":138478,"date":"2026-04-24T16:33:02","date_gmt":"2026-04-24T20:33:02","guid":{"rendered":"https:\/\/visionrockland.ca\/?p=138478"},"modified":"2026-04-24T16:33:03","modified_gmt":"2026-04-24T20:33:03","slug":"la-communaute-se-mobilise-pour-soutenir-une-petite-fille-qui-lutte-contre-une-forme-rare-de-cancer-infantile-2","status":"publish","type":"post","link":"https:\/\/visionrockland.ca\/en\/actualites\/la-communaute-se-mobilise-pour-soutenir-une-petite-fille-qui-lutte-contre-une-forme-rare-de-cancer-infantile-2\/","title":{"rendered":"La communaut\u00e9 se mobilise pour soutenir une petite fille qui lutte contre une forme rare de cancer infantile"},"content":{"rendered":"\n<p><strong>C&#8217;\u00e9tait fin juin de l&#8217;ann\u00e9e derni\u00e8re, alors que Valerie Lavictoire \u00e9tait assise dans une salle avec trois m\u00e9decins, deux travailleurs sociaux et une infirmi\u00e8re au Centre hospitalier pour enfants de l&#8217;Est de l&#8217;Ontario (CHEO), qu&#8217;elle a re\u00e7u la nouvelle qu&#8217;elle redoutait d&#8217;entendre.<\/strong><\/p>\n\n\n\n<p>Cela faisait des mois que la famille de Rockland se rendait fr\u00e9quemment \u00e0 l&#8217;h\u00f4pital, puis au CHEO, pour tenter de d\u00e9couvrir ce qui n&#8217;allait pas chez leur plus jeune enfant, Livia. \u00c0 l\u2019\u00e9poque, Livia avait 18 mois et souffrait de douleurs abdominales et d\u2019un besoin constant d\u2019uriner.<\/p>\n\n\n\n<p>Au CHEO, Livia a subi un test d\u2019urine qui s\u2019est r\u00e9v\u00e9l\u00e9 positif \u00e0 une infection, et la famille a \u00e9t\u00e9 renvoy\u00e9e chez elle avec des antibiotiques. Cependant, l\u2019\u00e9tat de la petite fille ne s\u2019am\u00e9liorait pas, et ils sont retourn\u00e9s au CHEO o\u00f9 l\u2019on a d\u00e9couvert que Livia \u00e9tait porteuse d\u2019une bact\u00e9rie rare n\u00e9cessitant une perfusion intraveineuse et des antibiotiques.<\/p>\n\n\n\n<p>Les m\u00e9decins ont expliqu\u00e9 que la bact\u00e9rie provenait d\u2019une tumeur qui comprimait l\u2019ur\u00e8tre et que, lorsque Livia urinait, elle ne vidait pas compl\u00e8tement sa vessie. La bact\u00e9rie a ainsi pu se d\u00e9velopper, entra\u00eenant l\u2019infection.<\/p>\n\n\n\n<p>Elle souffrait tellement qu\u2019elle recevait des analg\u00e9siques par intraveineuse et de la morphine, mais elle avait encore de violentes spasmes<\/p>\n\n\n\n<p>Les m\u00e9decins ont ensuite d\u00e9couvert une masse, ce qui a conduit \u00e0 une IRM et \u00e0 une biopsie qui ont r\u00e9v\u00e9l\u00e9 la pr\u00e9sence d\u2019une tumeur.<\/p>\n\n\n\n<p>\u00ab Les sympt\u00f4mes ressemblant \u00e0 une infection urinaire qu\u2019elle semblait pr\u00e9senter \u00e9taient tr\u00e8s inhabituels et inqui\u00e9tants \u00bb, a d\u00e9clar\u00e9 Valerie. \u00ab Quelque chose n\u2019allait pas et mon intuition de m\u00e8re me disait qu\u2019il s\u2019agissait de quelque chose de plus grave. \u00bb<\/p>\n\n\n\n<p>La famille a fini par passer un mois entier au CHEO, et Valerie a qualifi\u00e9 l\u2019attente des r\u00e9sultats de tous les examens et du diagnostic final de \u00ab tout simplement insupportable \u00bb.<\/p>\n\n\n\n<p>L&#8217;IRM a \u00e9t\u00e9 r\u00e9alis\u00e9e le 13 juin et la biopsie cinq jours plus tard, le 18 juin. Le 26 juin, Livia a re\u00e7u un diagnostic de rhabdomyosarcome de stade 3, une forme rare et agressive de cancer infantile.<\/p>\n\n\n\n<p>\u00ab On nous a expliqu\u00e9 le plan de traitement, et je me souviens de cette journ\u00e9e comme si c&#8217;\u00e9tait hier, car ce fut le pire jour de ma vie \u00bb, se souvient Valerie.<\/p>\n\n\n\n<p><strong>Le traitement et le parcours \u00e0 venir<\/strong><\/p>\n\n\n\n<p>Le long et intense parcours th\u00e9rapeutique de Livia commence officiellement. Elle va suivre un traitement de 18 mois, comprenant une chimioth\u00e9rapie, une intervention chirurgicale et une radioth\u00e9rapie. Les s\u00e9ances de chimioth\u00e9rapie ont commenc\u00e9 au CHEO.<\/p>\n\n\n\n<p>La tumeur sera r\u00e9\u00e9valu\u00e9e dans quelques semaines afin de d\u00e9terminer si une intervention chirurgicale est n\u00e9cessaire. Ensuite, \u00e0 la 13e semaine (fin septembre), Livia se rendra \u00e0 Boston pour six \u00e0 huit semaines de radioth\u00e9rapie.<\/p>\n\n\n\n<p>Livia a subi une intervention visant \u00e0 la mise en place d\u2019une p\u00e9ridurale pour aider \u00e0 soulager ses douleurs v\u00e9sicales. Elle restera \u00e0 l\u2019h\u00f4pital jusqu\u2019\u00e0 deux semaines, le temps que ses douleurs puissent \u00eatre ma\u00eetris\u00e9es par des m\u00e9dicaments par voie orale. Apr\u00e8s cela, elle pourra rentrer chez elle et poursuivre sa chimioth\u00e9rapie en ambulatoire.<\/p>\n\n\n\n<p><strong>Soutien de la communaut\u00e9<\/strong><\/p>\n\n\n\n<p>Depuis que la famille a fait conna\u00eetre l\u2019histoire de Livia, la communaut\u00e9, tant au sein de la ville de Clarence-Rockland qu\u2019au-del\u00e0, s\u2019est montr\u00e9e extr\u00eamement solidaire.<\/p>\n\n\n\n<p>\u00ab Je suis profond\u00e9ment \u00e9mue et tr\u00e8s touch\u00e9e par le soutien que nous avons re\u00e7u de la communaut\u00e9 \u00bb, a d\u00e9clar\u00e9 la maman de Livia. \u00ab Des clubs, des organisations, nos coll\u00e8gues, des citoyens, des amis, les amis de mes parents, la famille, plusieurs pizzerias et des fondations ont tous g\u00e9n\u00e9reusement contribu\u00e9 \u00e0 la cause de Livia et \u00e0 notre famille. Chaque don compte et est extr\u00eamement appr\u00e9ci\u00e9. Merci beaucoup pour tout ce soutien et cet amour. \u00bb<\/p>\n\n\n\n<p>Un membre de la famille a lanc\u00e9 une page GoFundMe pour la famille de Livia, qui a permis de r\u00e9colter un peu plus de 60 000 $.<\/p>\n\n\n\n<p>Plusieurs \u00e9v\u00e9nements ont \u00e9t\u00e9 organis\u00e9s pour aider la famille de Livia \u00e0 couvrir les frais m\u00e9dicaux et de d\u00e9placement li\u00e9s \u00e0 son plan de traitement de 18 mois au CHEO et \u00e0 Boston.<\/p>\n\n\n\n<p>Le Clarence Creek Optimist Club a organis\u00e9 un d\u00eener spaghetti pour collecter des fonds, et les march\u00e9s locaux ainsi que les \u00e9v\u00e9nements organis\u00e9s \u00e0 l\u2019\u00e9glise St. Andrew\u2019s United Church de Rockland ont propos\u00e9 des prix et des activit\u00e9s afin de soutenir la collecte de fonds pour la famille.<\/p>\n\n\n\n<p>\u00ab Les d\u00e9penses li\u00e9es \u00e0 un enfant malade s\u2019accumulent vraiment \u00bb, a d\u00e9clar\u00e9 Val\u00e9rie. \u00ab J\u2019ai d\u00fb arr\u00eater de travailler pour m\u2019occuper de Livia, car elle doit se rendre au CHEO une \u00e0 trois fois par semaine pour ses rendez-vous. Et son syst\u00e8me immunitaire est trop affaibli pour \u00eatre expos\u00e9 aux germes pr\u00e9sents en permanence \u00e0 la cr\u00e8che. \u00bb<\/p>\n\n\n\n<p><strong>Ce qui a \u00e9t\u00e9 fait<\/strong><\/p>\n\n\n\n<p>\u00c0 ce jour, Livia a suivi 22 cycles de chimioth\u00e9rapie et 33 s\u00e9ances de radioth\u00e9rapie \u00e0 Boston. Il lui reste encore 20 cycles (environ six mois) de chimioth\u00e9rapie intensive, suivis de six mois de chimioth\u00e9rapie moins intense. La chimioth\u00e9rapie provoque souvent une neurotoxicit\u00e9 p\u00e9riph\u00e9rique, qui endommage les nerfs et a affect\u00e9 les pieds de Livia. Elle marche sur la pointe des pieds et ne peut pas placer son pied \u00e0 un angle de 90 degr\u00e9s comme tout le monde. Elle ne peut pas porter de bottes ni de chaussures.<\/p>\n\n\n\n<p>\u00ab Livia suit de nombreuses s\u00e9ances de kin\u00e9sith\u00e9rapie pour retrouver l&#8217;angle correct de son pied \u00bb, explique Val\u00e9rie. \u00ab Elle fait beaucoup de progr\u00e8s. Ses doigts et sa m\u00e2choire lui font \u00e9galement mal, mais moins gravement. \u00bb<\/p>\n\n\n\n<p>Val\u00e9rie a d\u00e9clar\u00e9 que malgr\u00e9 tout ce que Livia a travers\u00e9, la jeune fille garde le moral.<\/p>\n\n\n\n<p>\u00ab Livia a toujours un beau sourire ; elle adore faire rire les gens et jouer, et c\u2019est un v\u00e9ritable rayon de soleil \u00bb, a d\u00e9clar\u00e9 Val\u00e9rie. \u00ab Elle est une source d\u2019inspiration pour beaucoup. Elle est tr\u00e8s forte, courageuse et r\u00e9siliente.<\/p>\n","protected":false},"excerpt":{"rendered":"<p>C&#8217;\u00e9tait fin juin de l&#8217;ann\u00e9e derni\u00e8re, alors que Valerie Lavictoire \u00e9tait assise dans une salle avec trois m\u00e9decins, deux travailleurs sociaux et une infirmi\u00e8re au Centre hospitalier pour enfants de l&#8217;Est de l&#8217;Ontario (CHEO), qu&#8217;elle a re\u00e7u la nouvelle qu&#8217;elle redoutait d&#8217;entendre. Cela faisait des mois que la famille de Rockland se rendait fr\u00e9quemment \u00e0 [&hellip;]<\/p>\n","protected":false},"author":27,"featured_media":138482,"comment_status":"open","ping_status":"open","sticky":false,"template":"","format":"standard","meta":{"_acf_changed":false,"footnotes":""},"categories":[37,1,49],"tags":[],"class_list":["post-138478","post","type-post","status-publish","format-standard","has-post-thumbnail","hentry","category-actualites","category-non-categorise","category-sante"],"acf":[],"featured_media_global":{"id":136044,"title":{"rendered":"livia"},"description":{"rendered":""},"caption":{"rendered":""},"alt_text":"","media_type":"image","mime_type":"image\/jpeg","media_details":{"width":2048,"height":1536,"file":"2026\/04\/livia.jpeg","filesize":196915,"sizes":{"medium":{"file":"livia-300x225.jpeg","width":300,"height":225,"mime-type":"image\/jpeg","filesize":19039},"large":{"file":"livia-1024x768.jpeg","width":1024,"height":768,"mime-type":"image\/jpeg","filesize":140004},"thumbnail":{"file":"livia-150x150.jpeg","width":150,"height":150,"mime-type":"image\/jpeg","filesize":7590},"medium_large":{"file":"livia-768x576.jpeg","width":768,"height":576,"mime-type":"image\/jpeg","filesize":86668},"1536x1536":{"file":"livia-1536x1152.jpeg","width":1536,"height":1152,"mime-type":"image\/jpeg","filesize":252911},"Image Size 500x500":{"file":"livia-500x500.jpeg","width":500,"height":500,"mime-type":"image\/jpeg","filesize":52815}},"image_meta":{"aperture":"0","credit":"","camera":"","caption":"","created_timestamp":"0","copyright":"","focal_length":"0","iso":"0","shutter_speed":"0","title":"","orientation":"0","keywords":[]}},"source_url":"https:\/\/editionap.ca\/wp-content\/uploads\/sites\/3\/2026\/04\/livia.jpeg"},"yoast_head":"<!-- This site is optimized with the Yoast SEO plugin v27.4 - https:\/\/yoast.com\/product\/yoast-seo-wordpress\/ -->\n<title>La communaut\u00e9 se mobilise pour soutenir une petite fille qui lutte contre une forme rare de cancer infantile - Vision<\/title>\n<meta name=\"robots\" content=\"index, follow, max-snippet:-1, max-image-preview:large, max-video-preview:-1\" \/>\n<link rel=\"canonical\" href=\"https:\/\/visionrockland.ca\/en\/actualites\/la-communaute-se-mobilise-pour-soutenir-une-petite-fille-qui-lutte-contre-une-forme-rare-de-cancer-infantile-2\/\" \/>\n<meta property=\"og:locale\" content=\"en_US\" \/>\n<meta property=\"og:type\" content=\"article\" \/>\n<meta property=\"og:title\" content=\"La communaut\u00e9 se mobilise pour soutenir une petite fille qui lutte contre une forme rare de cancer infantile - Vision\" \/>\n<meta property=\"og:description\" content=\"C&#8217;\u00e9tait fin juin de l&#8217;ann\u00e9e derni\u00e8re, alors que Valerie Lavictoire \u00e9tait assise dans une salle avec trois m\u00e9decins, deux travailleurs sociaux et une infirmi\u00e8re au Centre hospitalier pour enfants de l&#8217;Est de l&#8217;Ontario (CHEO), qu&#8217;elle a re\u00e7u la nouvelle qu&#8217;elle redoutait d&#8217;entendre. Cela faisait des mois que la famille de Rockland se rendait fr\u00e9quemment \u00e0 [&hellip;]\" \/>\n<meta property=\"og:url\" content=\"https:\/\/visionrockland.ca\/en\/actualites\/la-communaute-se-mobilise-pour-soutenir-une-petite-fille-qui-lutte-contre-une-forme-rare-de-cancer-infantile-2\/\" \/>\n<meta property=\"og:site_name\" content=\"Vision\" \/>\n<meta property=\"article:published_time\" content=\"2026-04-24T20:33:02+00:00\" \/>\n<meta property=\"article:modified_time\" content=\"2026-04-24T20:33:03+00:00\" \/>\n<meta property=\"og:image\" content=\"https:\/\/editionap.ca\/wp-content\/uploads\/sites\/3\/2026\/04\/livia.jpeg\" \/>\n\t<meta property=\"og:image:width\" content=\"2048\" \/>\n\t<meta property=\"og:image:height\" content=\"1536\" \/>\n\t<meta property=\"og:image:type\" content=\"image\/jpeg\" \/>\n<meta name=\"author\" content=\"Anil Jhalli\" \/>\n<meta name=\"twitter:card\" content=\"summary_large_image\" \/>\n<meta name=\"twitter:label1\" content=\"Written by\" \/>\n\t<meta name=\"twitter:data1\" content=\"Anil Jhalli\" \/>\n\t<meta name=\"twitter:label2\" content=\"Est. reading time\" \/>\n\t<meta name=\"twitter:data2\" content=\"6 minutes\" \/>\n<script type=\"application\/ld+json\" class=\"yoast-schema-graph\">{\"@context\":\"https:\\\/\\\/schema.org\",\"@graph\":[{\"@type\":\"Article\",\"@id\":\"https:\\\/\\\/visionrockland.ca\\\/en\\\/actualites\\\/la-communaute-se-mobilise-pour-soutenir-une-petite-fille-qui-lutte-contre-une-forme-rare-de-cancer-infantile-2\\\/#article\",\"isPartOf\":{\"@id\":\"https:\\\/\\\/visionrockland.ca\\\/en\\\/actualites\\\/la-communaute-se-mobilise-pour-soutenir-une-petite-fille-qui-lutte-contre-une-forme-rare-de-cancer-infantile-2\\\/\"},\"author\":{\"name\":\"Anil Jhalli\",\"@id\":\"https:\\\/\\\/visionrockland.ca\\\/en\\\/#\\\/schema\\\/person\\\/a09095fdf65e09e747105760fe90175c\"},\"headline\":\"La communaut\u00e9 se mobilise pour soutenir une petite fille qui lutte contre une forme rare de cancer infantile\",\"datePublished\":\"2026-04-24T20:33:02+00:00\",\"dateModified\":\"2026-04-24T20:33:03+00:00\",\"mainEntityOfPage\":{\"@id\":\"https:\\\/\\\/visionrockland.ca\\\/en\\\/actualites\\\/la-communaute-se-mobilise-pour-soutenir-une-petite-fille-qui-lutte-contre-une-forme-rare-de-cancer-infantile-2\\\/\"},\"wordCount\":1076,\"commentCount\":0,\"image\":{\"@id\":\"https:\\\/\\\/visionrockland.ca\\\/en\\\/actualites\\\/la-communaute-se-mobilise-pour-soutenir-une-petite-fille-qui-lutte-contre-une-forme-rare-de-cancer-infantile-2\\\/#primaryimage\"},\"thumbnailUrl\":\"https:\\\/\\\/editionap.ca\\\/wp-content\\\/uploads\\\/sites\\\/3\\\/2026\\\/04\\\/livia.jpeg\",\"articleSection\":[\"Actualit\u00e9s\",\"Non cat\u00e9goris\u00e9\",\"Sant\u00e9\"],\"inLanguage\":\"en-US\",\"potentialAction\":[{\"@type\":\"CommentAction\",\"name\":\"Comment\",\"target\":[\"https:\\\/\\\/visionrockland.ca\\\/en\\\/actualites\\\/la-communaute-se-mobilise-pour-soutenir-une-petite-fille-qui-lutte-contre-une-forme-rare-de-cancer-infantile-2\\\/#respond\"]}]},{\"@type\":\"WebPage\",\"@id\":\"https:\\\/\\\/visionrockland.ca\\\/en\\\/actualites\\\/la-communaute-se-mobilise-pour-soutenir-une-petite-fille-qui-lutte-contre-une-forme-rare-de-cancer-infantile-2\\\/\",\"url\":\"https:\\\/\\\/visionrockland.ca\\\/en\\\/actualites\\\/la-communaute-se-mobilise-pour-soutenir-une-petite-fille-qui-lutte-contre-une-forme-rare-de-cancer-infantile-2\\\/\",\"name\":\"La communaut\u00e9 se mobilise pour soutenir une petite fille qui lutte contre une forme rare de cancer infantile - Vision\",\"isPartOf\":{\"@id\":\"https:\\\/\\\/visionrockland.ca\\\/en\\\/#website\"},\"primaryImageOfPage\":{\"@id\":\"https:\\\/\\\/visionrockland.ca\\\/en\\\/actualites\\\/la-communaute-se-mobilise-pour-soutenir-une-petite-fille-qui-lutte-contre-une-forme-rare-de-cancer-infantile-2\\\/#primaryimage\"},\"image\":{\"@id\":\"https:\\\/\\\/visionrockland.ca\\\/en\\\/actualites\\\/la-communaute-se-mobilise-pour-soutenir-une-petite-fille-qui-lutte-contre-une-forme-rare-de-cancer-infantile-2\\\/#primaryimage\"},\"thumbnailUrl\":\"https:\\\/\\\/editionap.ca\\\/wp-content\\\/uploads\\\/sites\\\/3\\\/2026\\\/04\\\/livia.jpeg\",\"datePublished\":\"2026-04-24T20:33:02+00:00\",\"dateModified\":\"2026-04-24T20:33:03+00:00\",\"author\":{\"@id\":\"https:\\\/\\\/visionrockland.ca\\\/en\\\/#\\\/schema\\\/person\\\/a09095fdf65e09e747105760fe90175c\"},\"breadcrumb\":{\"@id\":\"https:\\\/\\\/visionrockland.ca\\\/en\\\/actualites\\\/la-communaute-se-mobilise-pour-soutenir-une-petite-fille-qui-lutte-contre-une-forme-rare-de-cancer-infantile-2\\\/#breadcrumb\"},\"inLanguage\":\"en-US\",\"potentialAction\":[{\"@type\":\"ReadAction\",\"target\":[\"https:\\\/\\\/visionrockland.ca\\\/en\\\/actualites\\\/la-communaute-se-mobilise-pour-soutenir-une-petite-fille-qui-lutte-contre-une-forme-rare-de-cancer-infantile-2\\\/\"]}]},{\"@type\":\"ImageObject\",\"inLanguage\":\"en-US\",\"@id\":\"https:\\\/\\\/visionrockland.ca\\\/en\\\/actualites\\\/la-communaute-se-mobilise-pour-soutenir-une-petite-fille-qui-lutte-contre-une-forme-rare-de-cancer-infantile-2\\\/#primaryimage\",\"url\":\"https:\\\/\\\/editionap.ca\\\/wp-content\\\/uploads\\\/sites\\\/3\\\/2026\\\/04\\\/livia.jpeg\",\"contentUrl\":\"https:\\\/\\\/editionap.ca\\\/wp-content\\\/uploads\\\/sites\\\/3\\\/2026\\\/04\\\/livia.jpeg\"},{\"@type\":\"BreadcrumbList\",\"@id\":\"https:\\\/\\\/visionrockland.ca\\\/en\\\/actualites\\\/la-communaute-se-mobilise-pour-soutenir-une-petite-fille-qui-lutte-contre-une-forme-rare-de-cancer-infantile-2\\\/#breadcrumb\",\"itemListElement\":[{\"@type\":\"ListItem\",\"position\":1,\"name\":\"Accueil\",\"item\":\"https:\\\/\\\/visionrockland.ca\\\/en\\\/\"},{\"@type\":\"ListItem\",\"position\":2,\"name\":\"La communaut\u00e9 se mobilise pour soutenir une petite fille qui lutte contre une forme rare de cancer infantile\"}]},{\"@type\":\"WebSite\",\"@id\":\"https:\\\/\\\/visionrockland.ca\\\/en\\\/#website\",\"url\":\"https:\\\/\\\/visionrockland.ca\\\/en\\\/\",\"name\":\"Vision\",\"description\":\"\",\"potentialAction\":[{\"@type\":\"SearchAction\",\"target\":{\"@type\":\"EntryPoint\",\"urlTemplate\":\"https:\\\/\\\/visionrockland.ca\\\/en\\\/?s={search_term_string}\"},\"query-input\":{\"@type\":\"PropertyValueSpecification\",\"valueRequired\":true,\"valueName\":\"search_term_string\"}}],\"inLanguage\":\"en-US\"},{\"@type\":\"Person\",\"@id\":\"https:\\\/\\\/visionrockland.ca\\\/en\\\/#\\\/schema\\\/person\\\/a09095fdf65e09e747105760fe90175c\",\"name\":\"Anil Jhalli\",\"image\":{\"@type\":\"ImageObject\",\"inLanguage\":\"en-US\",\"@id\":\"https:\\\/\\\/secure.gravatar.com\\\/avatar\\\/63becc64fff8877a05400459aa003b94a1fdc8d3954acacc688ee6a2bc39fef8?s=96&d=mm&r=g\",\"url\":\"https:\\\/\\\/secure.gravatar.com\\\/avatar\\\/63becc64fff8877a05400459aa003b94a1fdc8d3954acacc688ee6a2bc39fef8?s=96&d=mm&r=g\",\"contentUrl\":\"https:\\\/\\\/secure.gravatar.com\\\/avatar\\\/63becc64fff8877a05400459aa003b94a1fdc8d3954acacc688ee6a2bc39fef8?s=96&d=mm&r=g\",\"caption\":\"Anil Jhalli\"}}]}<\/script>\n<!-- \/ Yoast SEO plugin. -->","yoast_head_json":{"title":"La communaut\u00e9 se mobilise pour soutenir une petite fille qui lutte contre une forme rare de cancer infantile - Vision","robots":{"index":"index","follow":"follow","max-snippet":"max-snippet:-1","max-image-preview":"max-image-preview:large","max-video-preview":"max-video-preview:-1"},"canonical":"https:\/\/visionrockland.ca\/en\/actualites\/la-communaute-se-mobilise-pour-soutenir-une-petite-fille-qui-lutte-contre-une-forme-rare-de-cancer-infantile-2\/","og_locale":"en_US","og_type":"article","og_title":"La communaut\u00e9 se mobilise pour soutenir une petite fille qui lutte contre une forme rare de cancer infantile - Vision","og_description":"C&#8217;\u00e9tait fin juin de l&#8217;ann\u00e9e derni\u00e8re, alors que Valerie Lavictoire \u00e9tait assise dans une salle avec trois m\u00e9decins, deux travailleurs sociaux et une infirmi\u00e8re au Centre hospitalier pour enfants de l&#8217;Est de l&#8217;Ontario (CHEO), qu&#8217;elle a re\u00e7u la nouvelle qu&#8217;elle redoutait d&#8217;entendre. Cela faisait des mois que la famille de Rockland se rendait fr\u00e9quemment \u00e0 [&hellip;]","og_url":"https:\/\/visionrockland.ca\/en\/actualites\/la-communaute-se-mobilise-pour-soutenir-une-petite-fille-qui-lutte-contre-une-forme-rare-de-cancer-infantile-2\/","og_site_name":"Vision","article_published_time":"2026-04-24T20:33:02+00:00","article_modified_time":"2026-04-24T20:33:03+00:00","og_image":[{"url":"https:\/\/editionap.ca\/wp-content\/uploads\/sites\/3\/2026\/04\/livia.jpeg","width":2048,"height":1536,"type":"image\/jpeg"}],"author":"Anil Jhalli","twitter_card":"summary_large_image","twitter_misc":{"Written by":"Anil Jhalli","Est. reading time":"6 minutes"},"schema":{"@context":"https:\/\/schema.org","@graph":[{"@type":"Article","@id":"https:\/\/visionrockland.ca\/en\/actualites\/la-communaute-se-mobilise-pour-soutenir-une-petite-fille-qui-lutte-contre-une-forme-rare-de-cancer-infantile-2\/#article","isPartOf":{"@id":"https:\/\/visionrockland.ca\/en\/actualites\/la-communaute-se-mobilise-pour-soutenir-une-petite-fille-qui-lutte-contre-une-forme-rare-de-cancer-infantile-2\/"},"author":{"name":"Anil Jhalli","@id":"https:\/\/visionrockland.ca\/en\/#\/schema\/person\/a09095fdf65e09e747105760fe90175c"},"headline":"La communaut\u00e9 se mobilise pour soutenir une petite fille qui lutte contre une forme rare de cancer infantile","datePublished":"2026-04-24T20:33:02+00:00","dateModified":"2026-04-24T20:33:03+00:00","mainEntityOfPage":{"@id":"https:\/\/visionrockland.ca\/en\/actualites\/la-communaute-se-mobilise-pour-soutenir-une-petite-fille-qui-lutte-contre-une-forme-rare-de-cancer-infantile-2\/"},"wordCount":1076,"commentCount":0,"image":{"@id":"https:\/\/visionrockland.ca\/en\/actualites\/la-communaute-se-mobilise-pour-soutenir-une-petite-fille-qui-lutte-contre-une-forme-rare-de-cancer-infantile-2\/#primaryimage"},"thumbnailUrl":"https:\/\/editionap.ca\/wp-content\/uploads\/sites\/3\/2026\/04\/livia.jpeg","articleSection":["Actualit\u00e9s","Non cat\u00e9goris\u00e9","Sant\u00e9"],"inLanguage":"en-US","potentialAction":[{"@type":"CommentAction","name":"Comment","target":["https:\/\/visionrockland.ca\/en\/actualites\/la-communaute-se-mobilise-pour-soutenir-une-petite-fille-qui-lutte-contre-une-forme-rare-de-cancer-infantile-2\/#respond"]}]},{"@type":"WebPage","@id":"https:\/\/visionrockland.ca\/en\/actualites\/la-communaute-se-mobilise-pour-soutenir-une-petite-fille-qui-lutte-contre-une-forme-rare-de-cancer-infantile-2\/","url":"https:\/\/visionrockland.ca\/en\/actualites\/la-communaute-se-mobilise-pour-soutenir-une-petite-fille-qui-lutte-contre-une-forme-rare-de-cancer-infantile-2\/","name":"La communaut\u00e9 se mobilise pour soutenir une petite fille qui lutte contre une forme rare de cancer infantile - Vision","isPartOf":{"@id":"https:\/\/visionrockland.ca\/en\/#website"},"primaryImageOfPage":{"@id":"https:\/\/visionrockland.ca\/en\/actualites\/la-communaute-se-mobilise-pour-soutenir-une-petite-fille-qui-lutte-contre-une-forme-rare-de-cancer-infantile-2\/#primaryimage"},"image":{"@id":"https:\/\/visionrockland.ca\/en\/actualites\/la-communaute-se-mobilise-pour-soutenir-une-petite-fille-qui-lutte-contre-une-forme-rare-de-cancer-infantile-2\/#primaryimage"},"thumbnailUrl":"https:\/\/editionap.ca\/wp-content\/uploads\/sites\/3\/2026\/04\/livia.jpeg","datePublished":"2026-04-24T20:33:02+00:00","dateModified":"2026-04-24T20:33:03+00:00","author":{"@id":"https:\/\/visionrockland.ca\/en\/#\/schema\/person\/a09095fdf65e09e747105760fe90175c"},"breadcrumb":{"@id":"https:\/\/visionrockland.ca\/en\/actualites\/la-communaute-se-mobilise-pour-soutenir-une-petite-fille-qui-lutte-contre-une-forme-rare-de-cancer-infantile-2\/#breadcrumb"},"inLanguage":"en-US","potentialAction":[{"@type":"ReadAction","target":["https:\/\/visionrockland.ca\/en\/actualites\/la-communaute-se-mobilise-pour-soutenir-une-petite-fille-qui-lutte-contre-une-forme-rare-de-cancer-infantile-2\/"]}]},{"@type":"ImageObject","inLanguage":"en-US","@id":"https:\/\/visionrockland.ca\/en\/actualites\/la-communaute-se-mobilise-pour-soutenir-une-petite-fille-qui-lutte-contre-une-forme-rare-de-cancer-infantile-2\/#primaryimage","url":"https:\/\/editionap.ca\/wp-content\/uploads\/sites\/3\/2026\/04\/livia.jpeg","contentUrl":"https:\/\/editionap.ca\/wp-content\/uploads\/sites\/3\/2026\/04\/livia.jpeg"},{"@type":"BreadcrumbList","@id":"https:\/\/visionrockland.ca\/en\/actualites\/la-communaute-se-mobilise-pour-soutenir-une-petite-fille-qui-lutte-contre-une-forme-rare-de-cancer-infantile-2\/#breadcrumb","itemListElement":[{"@type":"ListItem","position":1,"name":"Accueil","item":"https:\/\/visionrockland.ca\/en\/"},{"@type":"ListItem","position":2,"name":"La communaut\u00e9 se mobilise pour soutenir une petite fille qui lutte contre une forme rare de cancer infantile"}]},{"@type":"WebSite","@id":"https:\/\/visionrockland.ca\/en\/#website","url":"https:\/\/visionrockland.ca\/en\/","name":"Vision","description":"","potentialAction":[{"@type":"SearchAction","target":{"@type":"EntryPoint","urlTemplate":"https:\/\/visionrockland.ca\/en\/?s={search_term_string}"},"query-input":{"@type":"PropertyValueSpecification","valueRequired":true,"valueName":"search_term_string"}}],"inLanguage":"en-US"},{"@type":"Person","@id":"https:\/\/visionrockland.ca\/en\/#\/schema\/person\/a09095fdf65e09e747105760fe90175c","name":"Anil Jhalli","image":{"@type":"ImageObject","inLanguage":"en-US","@id":"https:\/\/secure.gravatar.com\/avatar\/63becc64fff8877a05400459aa003b94a1fdc8d3954acacc688ee6a2bc39fef8?s=96&d=mm&r=g","url":"https:\/\/secure.gravatar.com\/avatar\/63becc64fff8877a05400459aa003b94a1fdc8d3954acacc688ee6a2bc39fef8?s=96&d=mm&r=g","contentUrl":"https:\/\/secure.gravatar.com\/avatar\/63becc64fff8877a05400459aa003b94a1fdc8d3954acacc688ee6a2bc39fef8?s=96&d=mm&r=g","caption":"Anil Jhalli"}}]}},"_links":{"self":[{"href":"https:\/\/visionrockland.ca\/en\/wp-json\/wp\/v2\/posts\/138478","targetHints":{"allow":["GET"]}}],"collection":[{"href":"https:\/\/visionrockland.ca\/en\/wp-json\/wp\/v2\/posts"}],"about":[{"href":"https:\/\/visionrockland.ca\/en\/wp-json\/wp\/v2\/types\/post"}],"author":[{"embeddable":true,"href":"https:\/\/visionrockland.ca\/en\/wp-json\/wp\/v2\/users\/27"}],"replies":[{"embeddable":true,"href":"https:\/\/visionrockland.ca\/en\/wp-json\/wp\/v2\/comments?post=138478"}],"version-history":[{"count":2,"href":"https:\/\/visionrockland.ca\/en\/wp-json\/wp\/v2\/posts\/138478\/revisions"}],"predecessor-version":[{"id":138484,"href":"https:\/\/visionrockland.ca\/en\/wp-json\/wp\/v2\/posts\/138478\/revisions\/138484"}],"wp:featuredmedia":[{"embeddable":true,"href":"https:\/\/visionrockland.ca\/en\/wp-json\/wp\/v2\/media\/138482"}],"wp:attachment":[{"href":"https:\/\/visionrockland.ca\/en\/wp-json\/wp\/v2\/media?parent=138478"}],"wp:term":[{"taxonomy":"category","embeddable":true,"href":"https:\/\/visionrockland.ca\/en\/wp-json\/wp\/v2\/categories?post=138478"},{"taxonomy":"post_tag","embeddable":true,"href":"https:\/\/visionrockland.ca\/en\/wp-json\/wp\/v2\/tags?post=138478"}],"curies":[{"name":"wp","href":"https:\/\/api.w.org\/{rel}","templated":true}]}}