{"id":138468,"date":"2026-04-24T12:19:03","date_gmt":"2026-04-24T16:19:03","guid":{"rendered":"https:\/\/visionrockland.ca\/?p=138468"},"modified":"2026-04-24T12:19:04","modified_gmt":"2026-04-24T16:19:04","slug":"ronald-savage","status":"publish","type":"post","link":"https:\/\/visionrockland.ca\/en\/avis-deces\/ronald-savage\/","title":{"rendered":"RONALD SAVAGE"},"content":{"rendered":"\n<p>De Rockland, originaire de St-Pascal-Baylon (Ontario), est d\u00e9c\u00e9d\u00e9 le jeudi 9 avril 2026,\u00a0\u00e0 l\u2019\u00e2ge de 74 ans. Il \u00e9tait l\u2019\u00e9poux bien-aim\u00e9 de Carole Sabourin, le fils de feu Ren\u00e9 Savage et de feu Laurette Lalonde. Il laisse son fils ador\u00e9 Francis et ses pr\u00e9cieux petits-enfants: Karissa et Jackson. Il laisse \u00e9galement ses fr\u00e8res et s\u0153urs : Claude (Lise St-Denis), Claudette (feu Gilles Lacroix), Gaston (Charmaine Cl\u00e9ment), Carmen\u00a0 (feu Marcel Prud\u2019homme), Sylvette (feu Gilles Roy) ainsi que plusieurs beaux-fr\u00e8res, belles-s\u0153urs, neveux, ni\u00e8ces et ami(e)s. Il fut pr\u00e9d\u00e9c\u00e9d\u00e9 par son fr\u00e8re Yvan (Pauline Parent) et ses s\u0153urs Constance (feu Jean-Claude Meloche) et Ghislaine (feu Thadd\u00e9e St-Denis). La famille d\u00e9sire remercier le personnel du Centre d\u2019accueil Roger-S\u00e9guin, pour tous les bons soins et leur compassion. \u00c0 la demande de la famille, au lieu d\u2019envoyer des fleurs en guise de sympathies, un don \u00e0 la Soci\u00e9t\u00e9 d\u2019Alzheimer peut \u00eatre fait, en m\u00e9moire de Ronald. Une c\u00e9l\u00e9bration de vie aura lieu en priv\u00e9 pour la famille imm\u00e9diate. La famille vous recevra parents, amis et connaissances, pour des condol\u00e9ances, le samedi 25 avril 2026, de 9 h 30 \u00e0 11 h \u00e0 la MAISON FUN\u00c9RAIRE\u00a0 TH\u00c9O BRUNET &amp; FILS, 2419, rue Laurier, Rockland (Ontario), 613-446-4691. Condol\u00e9ances ou voir l\u2019hommage photographique au : <a href=\"http:\/\/www.maisonfunerairebrunet.ca\">www.maisonfunerairebrunet.ca<\/a><\/p>\n\n\n\n<p><\/p>\n","protected":false},"excerpt":{"rendered":"<p><b>1952-2026<\/b><\/p>\n","protected":false},"author":4,"featured_media":138473,"comment_status":"open","ping_status":"open","sticky":false,"template":"","format":"standard","meta":{"_acf_changed":false,"footnotes":""},"categories":[32,1],"tags":[],"class_list":["post-138468","post","type-post","status-publish","format-standard","has-post-thumbnail","hentry","category-avis-deces","category-non-categorise"],"acf":[],"featured_media_global":{"id":136039,"title":{"rendered":"r savage"},"description":{"rendered":""},"caption":{"rendered":""},"alt_text":"","media_type":"image","mime_type":"image\/png","media_details":{"width":500,"height":500,"file":"2026\/04\/r-savage.png","filesize":259025,"sizes":{"medium":{"file":"r-savage-300x300.png","width":300,"height":300,"mime-type":"image\/png","filesize":99301},"thumbnail":{"file":"r-savage-150x150.png","width":150,"height":150,"mime-type":"image\/png","filesize":29616}},"image_meta":{"aperture":"0","credit":"","camera":"","caption":"","created_timestamp":"0","copyright":"","focal_length":"0","iso":"0","shutter_speed":"0","title":"","orientation":"0","keywords":[]}},"source_url":"https:\/\/editionap.ca\/wp-content\/uploads\/sites\/3\/2026\/04\/r-savage.png"},"yoast_head":"<!-- This site is optimized with the Yoast SEO plugin v27.4 - https:\/\/yoast.com\/product\/yoast-seo-wordpress\/ -->\n<title>RONALD SAVAGE - Vision<\/title>\n<meta name=\"robots\" content=\"index, follow, max-snippet:-1, max-image-preview:large, max-video-preview:-1\" \/>\n<link rel=\"canonical\" href=\"https:\/\/visionrockland.ca\/en\/avis-deces\/ronald-savage\/\" \/>\n<meta property=\"og:locale\" content=\"en_US\" \/>\n<meta property=\"og:type\" content=\"article\" \/>\n<meta property=\"og:title\" content=\"RONALD SAVAGE - Vision\" \/>\n<meta property=\"og:description\" content=\"1952-2026\" \/>\n<meta property=\"og:url\" content=\"https:\/\/visionrockland.ca\/en\/avis-deces\/ronald-savage\/\" \/>\n<meta property=\"og:site_name\" content=\"Vision\" \/>\n<meta property=\"article:published_time\" content=\"2026-04-24T16:19:03+00:00\" \/>\n<meta property=\"article:modified_time\" content=\"2026-04-24T16:19:04+00:00\" \/>\n<meta property=\"og:image\" content=\"https:\/\/editionap.ca\/wp-content\/uploads\/sites\/3\/2026\/04\/r-savage.png\" \/>\n\t<meta property=\"og:image:width\" content=\"500\" \/>\n\t<meta property=\"og:image:height\" content=\"500\" \/>\n\t<meta property=\"og:image:type\" content=\"image\/png\" \/>\n<meta name=\"author\" content=\"editionsap\" \/>\n<meta name=\"twitter:card\" content=\"summary_large_image\" \/>\n<meta name=\"twitter:label1\" content=\"Written by\" \/>\n\t<meta name=\"twitter:data1\" content=\"editionsap\" \/>\n\t<meta name=\"twitter:label2\" content=\"Est. reading time\" \/>\n\t<meta name=\"twitter:data2\" content=\"2 minutes\" \/>\n<script type=\"application\/ld+json\" class=\"yoast-schema-graph\">{\"@context\":\"https:\\\/\\\/schema.org\",\"@graph\":[{\"@type\":\"Article\",\"@id\":\"https:\\\/\\\/visionrockland.ca\\\/en\\\/avis-deces\\\/ronald-savage\\\/#article\",\"isPartOf\":{\"@id\":\"https:\\\/\\\/visionrockland.ca\\\/en\\\/avis-deces\\\/ronald-savage\\\/\"},\"author\":{\"name\":\"editionsap\",\"@id\":\"https:\\\/\\\/visionrockland.ca\\\/en\\\/#\\\/schema\\\/person\\\/3910c8ccc90dec0a016628bab237756e\"},\"headline\":\"RONALD SAVAGE\",\"datePublished\":\"2026-04-24T16:19:03+00:00\",\"dateModified\":\"2026-04-24T16:19:04+00:00\",\"mainEntityOfPage\":{\"@id\":\"https:\\\/\\\/visionrockland.ca\\\/en\\\/avis-deces\\\/ronald-savage\\\/\"},\"wordCount\":232,\"commentCount\":0,\"image\":{\"@id\":\"https:\\\/\\\/visionrockland.ca\\\/en\\\/avis-deces\\\/ronald-savage\\\/#primaryimage\"},\"thumbnailUrl\":\"https:\\\/\\\/editionap.ca\\\/wp-content\\\/uploads\\\/sites\\\/3\\\/2026\\\/04\\\/r-savage.png\",\"articleSection\":[\"Avis de d\u00e9c\u00e8s\",\"Non cat\u00e9goris\u00e9\"],\"inLanguage\":\"en-US\",\"potentialAction\":[{\"@type\":\"CommentAction\",\"name\":\"Comment\",\"target\":[\"https:\\\/\\\/visionrockland.ca\\\/en\\\/avis-deces\\\/ronald-savage\\\/#respond\"]}]},{\"@type\":\"WebPage\",\"@id\":\"https:\\\/\\\/visionrockland.ca\\\/en\\\/avis-deces\\\/ronald-savage\\\/\",\"url\":\"https:\\\/\\\/visionrockland.ca\\\/en\\\/avis-deces\\\/ronald-savage\\\/\",\"name\":\"RONALD SAVAGE - Vision\",\"isPartOf\":{\"@id\":\"https:\\\/\\\/visionrockland.ca\\\/en\\\/#website\"},\"primaryImageOfPage\":{\"@id\":\"https:\\\/\\\/visionrockland.ca\\\/en\\\/avis-deces\\\/ronald-savage\\\/#primaryimage\"},\"image\":{\"@id\":\"https:\\\/\\\/visionrockland.ca\\\/en\\\/avis-deces\\\/ronald-savage\\\/#primaryimage\"},\"thumbnailUrl\":\"https:\\\/\\\/editionap.ca\\\/wp-content\\\/uploads\\\/sites\\\/3\\\/2026\\\/04\\\/r-savage.png\",\"datePublished\":\"2026-04-24T16:19:03+00:00\",\"dateModified\":\"2026-04-24T16:19:04+00:00\",\"author\":{\"@id\":\"https:\\\/\\\/visionrockland.ca\\\/en\\\/#\\\/schema\\\/person\\\/3910c8ccc90dec0a016628bab237756e\"},\"breadcrumb\":{\"@id\":\"https:\\\/\\\/visionrockland.ca\\\/en\\\/avis-deces\\\/ronald-savage\\\/#breadcrumb\"},\"inLanguage\":\"en-US\",\"potentialAction\":[{\"@type\":\"ReadAction\",\"target\":[\"https:\\\/\\\/visionrockland.ca\\\/en\\\/avis-deces\\\/ronald-savage\\\/\"]}]},{\"@type\":\"ImageObject\",\"inLanguage\":\"en-US\",\"@id\":\"https:\\\/\\\/visionrockland.ca\\\/en\\\/avis-deces\\\/ronald-savage\\\/#primaryimage\",\"url\":\"https:\\\/\\\/editionap.ca\\\/wp-content\\\/uploads\\\/sites\\\/3\\\/2026\\\/04\\\/r-savage.png\",\"contentUrl\":\"https:\\\/\\\/editionap.ca\\\/wp-content\\\/uploads\\\/sites\\\/3\\\/2026\\\/04\\\/r-savage.png\"},{\"@type\":\"BreadcrumbList\",\"@id\":\"https:\\\/\\\/visionrockland.ca\\\/en\\\/avis-deces\\\/ronald-savage\\\/#breadcrumb\",\"itemListElement\":[{\"@type\":\"ListItem\",\"position\":1,\"name\":\"Accueil\",\"item\":\"https:\\\/\\\/visionrockland.ca\\\/en\\\/\"},{\"@type\":\"ListItem\",\"position\":2,\"name\":\"RONALD SAVAGE\"}]},{\"@type\":\"WebSite\",\"@id\":\"https:\\\/\\\/visionrockland.ca\\\/en\\\/#website\",\"url\":\"https:\\\/\\\/visionrockland.ca\\\/en\\\/\",\"name\":\"Vision\",\"description\":\"\",\"potentialAction\":[{\"@type\":\"SearchAction\",\"target\":{\"@type\":\"EntryPoint\",\"urlTemplate\":\"https:\\\/\\\/visionrockland.ca\\\/en\\\/?s={search_term_string}\"},\"query-input\":{\"@type\":\"PropertyValueSpecification\",\"valueRequired\":true,\"valueName\":\"search_term_string\"}}],\"inLanguage\":\"en-US\"},{\"@type\":\"Person\",\"@id\":\"https:\\\/\\\/visionrockland.ca\\\/en\\\/#\\\/schema\\\/person\\\/3910c8ccc90dec0a016628bab237756e\",\"name\":\"editionsap\",\"image\":{\"@type\":\"ImageObject\",\"inLanguage\":\"en-US\",\"@id\":\"https:\\\/\\\/secure.gravatar.com\\\/avatar\\\/91706f2e0b5a215e80d1043e21014cb3906b3ec1bab878f55ec504c00e0ba82d?s=96&d=mm&r=g\",\"url\":\"https:\\\/\\\/secure.gravatar.com\\\/avatar\\\/91706f2e0b5a215e80d1043e21014cb3906b3ec1bab878f55ec504c00e0ba82d?s=96&d=mm&r=g\",\"contentUrl\":\"https:\\\/\\\/secure.gravatar.com\\\/avatar\\\/91706f2e0b5a215e80d1043e21014cb3906b3ec1bab878f55ec504c00e0ba82d?s=96&d=mm&r=g\",\"caption\":\"editionsap\"}}]}<\/script>\n<!-- \/ Yoast SEO plugin. -->","yoast_head_json":{"title":"RONALD SAVAGE - Vision","robots":{"index":"index","follow":"follow","max-snippet":"max-snippet:-1","max-image-preview":"max-image-preview:large","max-video-preview":"max-video-preview:-1"},"canonical":"https:\/\/visionrockland.ca\/en\/avis-deces\/ronald-savage\/","og_locale":"en_US","og_type":"article","og_title":"RONALD SAVAGE - Vision","og_description":"1952-2026","og_url":"https:\/\/visionrockland.ca\/en\/avis-deces\/ronald-savage\/","og_site_name":"Vision","article_published_time":"2026-04-24T16:19:03+00:00","article_modified_time":"2026-04-24T16:19:04+00:00","og_image":[{"url":"https:\/\/editionap.ca\/wp-content\/uploads\/sites\/3\/2026\/04\/r-savage.png","width":500,"height":500,"type":"image\/png"}],"author":"editionsap","twitter_card":"summary_large_image","twitter_misc":{"Written by":"editionsap","Est. reading time":"2 minutes"},"schema":{"@context":"https:\/\/schema.org","@graph":[{"@type":"Article","@id":"https:\/\/visionrockland.ca\/en\/avis-deces\/ronald-savage\/#article","isPartOf":{"@id":"https:\/\/visionrockland.ca\/en\/avis-deces\/ronald-savage\/"},"author":{"name":"editionsap","@id":"https:\/\/visionrockland.ca\/en\/#\/schema\/person\/3910c8ccc90dec0a016628bab237756e"},"headline":"RONALD SAVAGE","datePublished":"2026-04-24T16:19:03+00:00","dateModified":"2026-04-24T16:19:04+00:00","mainEntityOfPage":{"@id":"https:\/\/visionrockland.ca\/en\/avis-deces\/ronald-savage\/"},"wordCount":232,"commentCount":0,"image":{"@id":"https:\/\/visionrockland.ca\/en\/avis-deces\/ronald-savage\/#primaryimage"},"thumbnailUrl":"https:\/\/editionap.ca\/wp-content\/uploads\/sites\/3\/2026\/04\/r-savage.png","articleSection":["Avis de d\u00e9c\u00e8s","Non cat\u00e9goris\u00e9"],"inLanguage":"en-US","potentialAction":[{"@type":"CommentAction","name":"Comment","target":["https:\/\/visionrockland.ca\/en\/avis-deces\/ronald-savage\/#respond"]}]},{"@type":"WebPage","@id":"https:\/\/visionrockland.ca\/en\/avis-deces\/ronald-savage\/","url":"https:\/\/visionrockland.ca\/en\/avis-deces\/ronald-savage\/","name":"RONALD SAVAGE - Vision","isPartOf":{"@id":"https:\/\/visionrockland.ca\/en\/#website"},"primaryImageOfPage":{"@id":"https:\/\/visionrockland.ca\/en\/avis-deces\/ronald-savage\/#primaryimage"},"image":{"@id":"https:\/\/visionrockland.ca\/en\/avis-deces\/ronald-savage\/#primaryimage"},"thumbnailUrl":"https:\/\/editionap.ca\/wp-content\/uploads\/sites\/3\/2026\/04\/r-savage.png","datePublished":"2026-04-24T16:19:03+00:00","dateModified":"2026-04-24T16:19:04+00:00","author":{"@id":"https:\/\/visionrockland.ca\/en\/#\/schema\/person\/3910c8ccc90dec0a016628bab237756e"},"breadcrumb":{"@id":"https:\/\/visionrockland.ca\/en\/avis-deces\/ronald-savage\/#breadcrumb"},"inLanguage":"en-US","potentialAction":[{"@type":"ReadAction","target":["https:\/\/visionrockland.ca\/en\/avis-deces\/ronald-savage\/"]}]},{"@type":"ImageObject","inLanguage":"en-US","@id":"https:\/\/visionrockland.ca\/en\/avis-deces\/ronald-savage\/#primaryimage","url":"https:\/\/editionap.ca\/wp-content\/uploads\/sites\/3\/2026\/04\/r-savage.png","contentUrl":"https:\/\/editionap.ca\/wp-content\/uploads\/sites\/3\/2026\/04\/r-savage.png"},{"@type":"BreadcrumbList","@id":"https:\/\/visionrockland.ca\/en\/avis-deces\/ronald-savage\/#breadcrumb","itemListElement":[{"@type":"ListItem","position":1,"name":"Accueil","item":"https:\/\/visionrockland.ca\/en\/"},{"@type":"ListItem","position":2,"name":"RONALD SAVAGE"}]},{"@type":"WebSite","@id":"https:\/\/visionrockland.ca\/en\/#website","url":"https:\/\/visionrockland.ca\/en\/","name":"Vision","description":"","potentialAction":[{"@type":"SearchAction","target":{"@type":"EntryPoint","urlTemplate":"https:\/\/visionrockland.ca\/en\/?s={search_term_string}"},"query-input":{"@type":"PropertyValueSpecification","valueRequired":true,"valueName":"search_term_string"}}],"inLanguage":"en-US"},{"@type":"Person","@id":"https:\/\/visionrockland.ca\/en\/#\/schema\/person\/3910c8ccc90dec0a016628bab237756e","name":"editionsap","image":{"@type":"ImageObject","inLanguage":"en-US","@id":"https:\/\/secure.gravatar.com\/avatar\/91706f2e0b5a215e80d1043e21014cb3906b3ec1bab878f55ec504c00e0ba82d?s=96&d=mm&r=g","url":"https:\/\/secure.gravatar.com\/avatar\/91706f2e0b5a215e80d1043e21014cb3906b3ec1bab878f55ec504c00e0ba82d?s=96&d=mm&r=g","contentUrl":"https:\/\/secure.gravatar.com\/avatar\/91706f2e0b5a215e80d1043e21014cb3906b3ec1bab878f55ec504c00e0ba82d?s=96&d=mm&r=g","caption":"editionsap"}}]}},"_links":{"self":[{"href":"https:\/\/visionrockland.ca\/en\/wp-json\/wp\/v2\/posts\/138468","targetHints":{"allow":["GET"]}}],"collection":[{"href":"https:\/\/visionrockland.ca\/en\/wp-json\/wp\/v2\/posts"}],"about":[{"href":"https:\/\/visionrockland.ca\/en\/wp-json\/wp\/v2\/types\/post"}],"author":[{"embeddable":true,"href":"https:\/\/visionrockland.ca\/en\/wp-json\/wp\/v2\/users\/4"}],"replies":[{"embeddable":true,"href":"https:\/\/visionrockland.ca\/en\/wp-json\/wp\/v2\/comments?post=138468"}],"version-history":[{"count":2,"href":"https:\/\/visionrockland.ca\/en\/wp-json\/wp\/v2\/posts\/138468\/revisions"}],"predecessor-version":[{"id":138476,"href":"https:\/\/visionrockland.ca\/en\/wp-json\/wp\/v2\/posts\/138468\/revisions\/138476"}],"wp:featuredmedia":[{"embeddable":true,"href":"https:\/\/visionrockland.ca\/en\/wp-json\/wp\/v2\/media\/138473"}],"wp:attachment":[{"href":"https:\/\/visionrockland.ca\/en\/wp-json\/wp\/v2\/media?parent=138468"}],"wp:term":[{"taxonomy":"category","embeddable":true,"href":"https:\/\/visionrockland.ca\/en\/wp-json\/wp\/v2\/categories?post=138468"},{"taxonomy":"post_tag","embeddable":true,"href":"https:\/\/visionrockland.ca\/en\/wp-json\/wp\/v2\/tags?post=138468"}],"curies":[{"name":"wp","href":"https:\/\/api.w.org\/{rel}","templated":true}]}}