{"id":138365,"date":"2026-04-24T11:13:02","date_gmt":"2026-04-24T15:13:02","guid":{"rendered":"https:\/\/visionrockland.ca\/?p=138365"},"modified":"2026-04-24T21:20:32","modified_gmt":"2026-04-25T01:20:32","slug":"la-province-accorde-28-millions-de-dollars-pour-ameliorer-les-soins-de-sante-primaires-dans-lensemble-de-prescott-et-russell","status":"publish","type":"post","link":"https:\/\/visionrockland.ca\/en\/actualites\/la-province-accorde-28-millions-de-dollars-pour-ameliorer-les-soins-de-sante-primaires-dans-lensemble-de-prescott-et-russell\/","title":{"rendered":"La province accorde 2,8 millions de dollars pour am\u00e9liorer les soins de sant\u00e9 primaires dans l\u2019ensemble de Prescott et Russell"},"content":{"rendered":"\n<p><strong>Dans le cadre d\u2019un plan visant \u00e0 permettre \u00e0 tous les habitants de la province d\u2019avoir acc\u00e8s, d\u2019ici 2029, \u00e0 un m\u00e9decin de famille, \u00e0 une infirmi\u00e8re praticienne ou \u00e0 une \u00e9quipe de soins primaires financ\u00e9s par l\u2019\u00c9tat gr\u00e2ce \u00e0 son Plan d\u2019action pour les soins primaires, le gouvernement de l\u2019Ontario alloue plus de 2,8 millions de dollars pour aider 7 305 personnes de la r\u00e9gion de Prescott et Russell \u00e0 acc\u00e9der aux soins de sant\u00e9 primaires.<\/strong><\/p>\n\n\n\n<p>Le Centre de sant\u00e9 communautaire de l\u2019Estrie (CSCE) dirigera cette nouvelle initiative pour le compte du gouvernement provincial et collaborera avec l\u2019\u00e9quipe de sant\u00e9 Archipel Ontario, l\u2019\u00e9quipe de sant\u00e9 familiale de Clarence-Rockland Inc. (CR FHT), l\u2019\u00e9quipe de sant\u00e9 familiale de Plantagenet Inc. (PFHT) et les ambulanciers param\u00e9dicaux. Si le CSCE recevra la majeure partie du financement, la CRFHT et la PFHT b\u00e9n\u00e9ficieront \u00e9galement d\u2019une aide financi\u00e8re pour leur participation au projet. De plus, un financement sp\u00e9cifique permettra de financer un poste d\u2019ambulancier param\u00e9dical communautaire au sein des Comt\u00e9s unis de Prescott et Russell (CUPR).<\/p>\n\n\n\n<p>Ensemble, les partenaires fourniront des services de soins de sant\u00e9 primaires interprofessionnels aux r\u00e9sidents de la r\u00e9gion, mettront en place un processus commun d\u2019admission de nouveaux patients et communiqueront ces informations \u00e0 la communaut\u00e9 locale.<\/p>\n\n\n\n<p>\u00ab L\u2019acc\u00e8s \u00e0 un m\u00e9decin de famille ou \u00e0 une \u00e9quipe de soins primaires fait une r\u00e9elle diff\u00e9rence dans la vie quotidienne des gens \u00bb, a d\u00e9clar\u00e9 St\u00e9phane Sarrazin, d\u00e9put\u00e9 provincial de Glengarry\u2013Prescott\u2013Russell. \u00ab \u00c0 Glengarry\u2013Prescott\u2013Russell, cet investissement permettra \u00e0 davantage de r\u00e9sidents de b\u00e9n\u00e9ficier des soins dont ils ont besoin, plus pr\u00e8s de chez eux et au moment o\u00f9 ils en ont besoin. Je tiens \u00e0 remercier sinc\u00e8rement toutes les organisations impliqu\u00e9es dans ce projet pour leur vision et leur travail acharn\u00e9. Ces progr\u00e8s ne seraient pas possibles sans leur d\u00e9vouement envers nos communaut\u00e9s. \u00bb<\/p>\n\n\n\n<p>Dans le cadre de l\u2019expansion continue des \u00e9quipes interprofessionnelles de soins primaires (EISP), les partenaires du syst\u00e8me travaillent en collaboration pour mettre en \u0153uvre cette initiative importante visant \u00e0 soutenir la sant\u00e9 et le bien-\u00eatre des communaut\u00e9s de toute la r\u00e9gion. Pendant cette p\u00e9riode de transition, les r\u00e9sidents sont invit\u00e9s \u00e0 utiliser Health Care Connect plut\u00f4t que de contacter ou de se rendre dans les cliniques pour demander d\u2019\u00eatre rattach\u00e9s \u00e0 un prestataire de soins primaires. La priorit\u00e9 sera donn\u00e9e au traitement de la liste d\u2019attente de Health Care Connect, que les partenaires s\u2019engagent \u00e0 r\u00e9duire. Les personnes qui n\u2019ont pas actuellement acc\u00e8s \u00e0 un m\u00e9decin de premier recours sont encourag\u00e9es \u00e0 s\u2019inscrire sur Health Care Connect afin de faciliter un acc\u00e8s rapide aux services. Les organisations concern\u00e9es ont \u00e9t\u00e9 financ\u00e9es dans le cadre du dernier appel \u00e0 propositions du Plan d\u2019action pour les soins de premier recours ; les 124 \u00e9quipes b\u00e9n\u00e9ficiaires devraient permettre \u00e0 500 000 patients suppl\u00e9mentaires d\u2019acc\u00e9der aux soins de premier recours dans tout l\u2019Ontario.<\/p>\n\n\n\n<p>Chaque \u00e9quipe a mis en place un plan visant \u00e0 offrir des soins \u00e0 une grande partie des personnes non suivies dans leur communaut\u00e9, y compris celles inscrites sur la liste d\u2019attente du programme Health Care Connect. Dans le cadre du budget 2026, la province augmente \u00e9galement le financement global de ce plan, qui s\u2019\u00e9l\u00e8vera \u00e0 3,4 milliards de dollars entre 2025 et 2029.<\/p>\n\n\n\n<p>\u00ab Ce financement d\u2019Ontario Health pour l\u2019expansion des soins primaires nous permet non seulement d\u2019am\u00e9liorer l\u2019acc\u00e8s aux services de soins primaires \u00e0 Prescott et Russell, mais aussi de mieux r\u00e9pondre aux besoins des communaut\u00e9s francophones en renfor\u00e7ant la pr\u00e9sence de m\u00e9decins et d\u2019infirmi\u00e8res praticiennes capables de fournir des services dans leur langue \u00bb, a d\u00e9clar\u00e9 Lyne Martineau, directrice g\u00e9n\u00e9rale du Centre de sant\u00e9 communautaire de l\u2019Estrie.<\/p>\n\n\n\n<p>Selon les responsables, la province de l\u2019Ontario a d\u00e9pass\u00e9 son objectif pour 2025-2026 dans le cadre du Plan d\u2019action pour les soins de premi\u00e8re ligne, qui consistait \u00e0 mettre 300 000 patients en relation avec un prestataire de soins de premi\u00e8re ligne d\u2019ici le 31 mars 2026. Au 1er janvier 2026, la province avait d\u00e9j\u00e0 orient\u00e9 330 000 personnes vers des soins pour l\u2019ann\u00e9e 2025-2026, d\u00e9passant son objectif de plus de 30 000 personnes alors qu\u2019il restait encore trois mois avant la fin de l\u2019ann\u00e9e.<\/p>\n\n\n\n<p>\u00ab Gr\u00e2ce \u00e0 notre Plan d\u2019action pour les soins primaires, nous mettons davantage de personnes en relation avec des soins et avons d\u00e9j\u00e0 d\u00e9pass\u00e9 notre objectif de mise en relation pour 2025-2026 \u00bb, a d\u00e9clar\u00e9 Sylvia Jones, vice-premi\u00e8re ministre et ministre de la Sant\u00e9. \u00ab En mettant davantage de familles en relation avec des soins \u00e0 Glengarry-Prescott-Russell, notre gouvernement franchit une nouvelle \u00e9tape vers l\u2019objectif de mettre toute la population de la province en relation avec des soins primaires d\u2019ici 2029. \u00bb<\/p>\n","protected":false},"excerpt":{"rendered":"<p>Dans le cadre d\u2019un plan visant \u00e0 permettre \u00e0 tous les habitants de la province d\u2019avoir acc\u00e8s, d\u2019ici 2029, \u00e0 un m\u00e9decin de famille, \u00e0 une infirmi\u00e8re praticienne ou \u00e0 une \u00e9quipe de soins primaires financ\u00e9s par l\u2019\u00c9tat gr\u00e2ce \u00e0 son Plan d\u2019action pour les soins primaires, le gouvernement de l\u2019Ontario alloue plus de 2,8 [&hellip;]<\/p>\n","protected":false},"author":27,"featured_media":138386,"comment_status":"open","ping_status":"open","sticky":false,"template":"","format":"standard","meta":{"_acf_changed":false,"footnotes":""},"categories":[37,49],"tags":[],"class_list":["post-138365","post","type-post","status-publish","format-standard","has-post-thumbnail","hentry","category-actualites","category-sante"],"acf":[],"featured_media_global":{"id":136031,"title":{"rendered":"Primary Care Action Plan - Plan d'action pour les soins primaires"},"description":{"rendered":""},"caption":{"rendered":""},"alt_text":"","media_type":"image","mime_type":"image\/jpeg","media_details":{"width":1024,"height":683,"file":"2026\/04\/Primary-Care-Action-Plan-Plan-daction-pour-les-soins-primaires.jpg","filesize":188602,"sizes":{"medium":{"file":"Primary-Care-Action-Plan-Plan-daction-pour-les-soins-primaires-300x200.jpg","width":300,"height":200,"mime-type":"image\/jpeg","filesize":16434},"thumbnail":{"file":"Primary-Care-Action-Plan-Plan-daction-pour-les-soins-primaires-150x150.jpg","width":150,"height":150,"mime-type":"image\/jpeg","filesize":7595},"medium_large":{"file":"Primary-Care-Action-Plan-Plan-daction-pour-les-soins-primaires-768x512.jpg","width":768,"height":512,"mime-type":"image\/jpeg","filesize":67904},"Image Size 500x500":{"file":"Primary-Care-Action-Plan-Plan-daction-pour-les-soins-primaires-500x500.jpg","width":500,"height":500,"mime-type":"image\/jpeg","filesize":46412}},"image_meta":{"aperture":"0","credit":"","camera":"","caption":"","created_timestamp":"0","copyright":"","focal_length":"0","iso":"0","shutter_speed":"0","title":"","orientation":"1","keywords":[]}},"source_url":"https:\/\/editionap.ca\/wp-content\/uploads\/sites\/3\/2026\/04\/Primary-Care-Action-Plan-Plan-daction-pour-les-soins-primaires.jpg"},"yoast_head":"<!-- This site is optimized with the Yoast SEO plugin v27.4 - https:\/\/yoast.com\/product\/yoast-seo-wordpress\/ -->\n<title>La province accorde 2,8 millions de dollars pour am\u00e9liorer les soins de sant\u00e9 primaires dans l\u2019ensemble de Prescott et Russell - Vision<\/title>\n<meta name=\"robots\" content=\"index, follow, max-snippet:-1, max-image-preview:large, max-video-preview:-1\" \/>\n<link rel=\"canonical\" href=\"https:\/\/visionrockland.ca\/en\/actualites\/la-province-accorde-28-millions-de-dollars-pour-ameliorer-les-soins-de-sante-primaires-dans-lensemble-de-prescott-et-russell\/\" \/>\n<meta property=\"og:locale\" content=\"en_US\" \/>\n<meta property=\"og:type\" content=\"article\" \/>\n<meta property=\"og:title\" content=\"La province accorde 2,8 millions de dollars pour am\u00e9liorer les soins de sant\u00e9 primaires dans l\u2019ensemble de Prescott et Russell - Vision\" \/>\n<meta property=\"og:description\" content=\"Dans le cadre d\u2019un plan visant \u00e0 permettre \u00e0 tous les habitants de la province d\u2019avoir acc\u00e8s, d\u2019ici 2029, \u00e0 un m\u00e9decin de famille, \u00e0 une infirmi\u00e8re praticienne ou \u00e0 une \u00e9quipe de soins primaires financ\u00e9s par l\u2019\u00c9tat gr\u00e2ce \u00e0 son Plan d\u2019action pour les soins primaires, le gouvernement de l\u2019Ontario alloue plus de 2,8 [&hellip;]\" \/>\n<meta property=\"og:url\" content=\"https:\/\/visionrockland.ca\/en\/actualites\/la-province-accorde-28-millions-de-dollars-pour-ameliorer-les-soins-de-sante-primaires-dans-lensemble-de-prescott-et-russell\/\" \/>\n<meta property=\"og:site_name\" content=\"Vision\" \/>\n<meta property=\"article:published_time\" content=\"2026-04-24T15:13:02+00:00\" \/>\n<meta property=\"article:modified_time\" content=\"2026-04-25T01:20:32+00:00\" \/>\n<meta property=\"og:image\" content=\"https:\/\/editionap.ca\/wp-content\/uploads\/sites\/3\/2026\/04\/Primary-Care-Action-Plan-Plan-daction-pour-les-soins-primaires.jpg\" \/>\n\t<meta property=\"og:image:width\" content=\"1024\" \/>\n\t<meta property=\"og:image:height\" content=\"683\" \/>\n\t<meta property=\"og:image:type\" content=\"image\/jpeg\" \/>\n<meta name=\"author\" content=\"Anil Jhalli\" \/>\n<meta name=\"twitter:card\" content=\"summary_large_image\" \/>\n<meta name=\"twitter:label1\" content=\"Written by\" \/>\n\t<meta name=\"twitter:data1\" content=\"Anil Jhalli\" \/>\n\t<meta name=\"twitter:label2\" content=\"Est. reading time\" \/>\n\t<meta name=\"twitter:data2\" content=\"5 minutes\" \/>\n<script type=\"application\/ld+json\" class=\"yoast-schema-graph\">{\"@context\":\"https:\\\/\\\/schema.org\",\"@graph\":[{\"@type\":\"Article\",\"@id\":\"https:\\\/\\\/visionrockland.ca\\\/en\\\/actualites\\\/la-province-accorde-28-millions-de-dollars-pour-ameliorer-les-soins-de-sante-primaires-dans-lensemble-de-prescott-et-russell\\\/#article\",\"isPartOf\":{\"@id\":\"https:\\\/\\\/visionrockland.ca\\\/en\\\/actualites\\\/la-province-accorde-28-millions-de-dollars-pour-ameliorer-les-soins-de-sante-primaires-dans-lensemble-de-prescott-et-russell\\\/\"},\"author\":{\"name\":\"Anil Jhalli\",\"@id\":\"https:\\\/\\\/visionrockland.ca\\\/en\\\/#\\\/schema\\\/person\\\/a09095fdf65e09e747105760fe90175c\"},\"headline\":\"La province accorde 2,8 millions de dollars pour am\u00e9liorer les soins de sant\u00e9 primaires dans l\u2019ensemble de Prescott et Russell\",\"datePublished\":\"2026-04-24T15:13:02+00:00\",\"dateModified\":\"2026-04-25T01:20:32+00:00\",\"mainEntityOfPage\":{\"@id\":\"https:\\\/\\\/visionrockland.ca\\\/en\\\/actualites\\\/la-province-accorde-28-millions-de-dollars-pour-ameliorer-les-soins-de-sante-primaires-dans-lensemble-de-prescott-et-russell\\\/\"},\"wordCount\":850,\"commentCount\":0,\"image\":{\"@id\":\"https:\\\/\\\/visionrockland.ca\\\/en\\\/actualites\\\/la-province-accorde-28-millions-de-dollars-pour-ameliorer-les-soins-de-sante-primaires-dans-lensemble-de-prescott-et-russell\\\/#primaryimage\"},\"thumbnailUrl\":\"https:\\\/\\\/editionap.ca\\\/wp-content\\\/uploads\\\/sites\\\/3\\\/2026\\\/04\\\/Primary-Care-Action-Plan-Plan-daction-pour-les-soins-primaires.jpg\",\"articleSection\":[\"Actualit\u00e9s\",\"Sant\u00e9\"],\"inLanguage\":\"en-US\",\"potentialAction\":[{\"@type\":\"CommentAction\",\"name\":\"Comment\",\"target\":[\"https:\\\/\\\/visionrockland.ca\\\/en\\\/actualites\\\/la-province-accorde-28-millions-de-dollars-pour-ameliorer-les-soins-de-sante-primaires-dans-lensemble-de-prescott-et-russell\\\/#respond\"]}]},{\"@type\":\"WebPage\",\"@id\":\"https:\\\/\\\/visionrockland.ca\\\/en\\\/actualites\\\/la-province-accorde-28-millions-de-dollars-pour-ameliorer-les-soins-de-sante-primaires-dans-lensemble-de-prescott-et-russell\\\/\",\"url\":\"https:\\\/\\\/visionrockland.ca\\\/en\\\/actualites\\\/la-province-accorde-28-millions-de-dollars-pour-ameliorer-les-soins-de-sante-primaires-dans-lensemble-de-prescott-et-russell\\\/\",\"name\":\"La province accorde 2,8 millions de dollars pour am\u00e9liorer les soins de sant\u00e9 primaires dans l\u2019ensemble de Prescott et Russell - Vision\",\"isPartOf\":{\"@id\":\"https:\\\/\\\/visionrockland.ca\\\/en\\\/#website\"},\"primaryImageOfPage\":{\"@id\":\"https:\\\/\\\/visionrockland.ca\\\/en\\\/actualites\\\/la-province-accorde-28-millions-de-dollars-pour-ameliorer-les-soins-de-sante-primaires-dans-lensemble-de-prescott-et-russell\\\/#primaryimage\"},\"image\":{\"@id\":\"https:\\\/\\\/visionrockland.ca\\\/en\\\/actualites\\\/la-province-accorde-28-millions-de-dollars-pour-ameliorer-les-soins-de-sante-primaires-dans-lensemble-de-prescott-et-russell\\\/#primaryimage\"},\"thumbnailUrl\":\"https:\\\/\\\/editionap.ca\\\/wp-content\\\/uploads\\\/sites\\\/3\\\/2026\\\/04\\\/Primary-Care-Action-Plan-Plan-daction-pour-les-soins-primaires.jpg\",\"datePublished\":\"2026-04-24T15:13:02+00:00\",\"dateModified\":\"2026-04-25T01:20:32+00:00\",\"author\":{\"@id\":\"https:\\\/\\\/visionrockland.ca\\\/en\\\/#\\\/schema\\\/person\\\/a09095fdf65e09e747105760fe90175c\"},\"breadcrumb\":{\"@id\":\"https:\\\/\\\/visionrockland.ca\\\/en\\\/actualites\\\/la-province-accorde-28-millions-de-dollars-pour-ameliorer-les-soins-de-sante-primaires-dans-lensemble-de-prescott-et-russell\\\/#breadcrumb\"},\"inLanguage\":\"en-US\",\"potentialAction\":[{\"@type\":\"ReadAction\",\"target\":[\"https:\\\/\\\/visionrockland.ca\\\/en\\\/actualites\\\/la-province-accorde-28-millions-de-dollars-pour-ameliorer-les-soins-de-sante-primaires-dans-lensemble-de-prescott-et-russell\\\/\"]}]},{\"@type\":\"ImageObject\",\"inLanguage\":\"en-US\",\"@id\":\"https:\\\/\\\/visionrockland.ca\\\/en\\\/actualites\\\/la-province-accorde-28-millions-de-dollars-pour-ameliorer-les-soins-de-sante-primaires-dans-lensemble-de-prescott-et-russell\\\/#primaryimage\",\"url\":\"https:\\\/\\\/editionap.ca\\\/wp-content\\\/uploads\\\/sites\\\/3\\\/2026\\\/04\\\/Primary-Care-Action-Plan-Plan-daction-pour-les-soins-primaires.jpg\",\"contentUrl\":\"https:\\\/\\\/editionap.ca\\\/wp-content\\\/uploads\\\/sites\\\/3\\\/2026\\\/04\\\/Primary-Care-Action-Plan-Plan-daction-pour-les-soins-primaires.jpg\"},{\"@type\":\"BreadcrumbList\",\"@id\":\"https:\\\/\\\/visionrockland.ca\\\/en\\\/actualites\\\/la-province-accorde-28-millions-de-dollars-pour-ameliorer-les-soins-de-sante-primaires-dans-lensemble-de-prescott-et-russell\\\/#breadcrumb\",\"itemListElement\":[{\"@type\":\"ListItem\",\"position\":1,\"name\":\"Accueil\",\"item\":\"https:\\\/\\\/visionrockland.ca\\\/en\\\/\"},{\"@type\":\"ListItem\",\"position\":2,\"name\":\"La province accorde 2,8 millions de dollars pour am\u00e9liorer les soins de sant\u00e9 primaires dans l\u2019ensemble de Prescott et Russell\"}]},{\"@type\":\"WebSite\",\"@id\":\"https:\\\/\\\/visionrockland.ca\\\/en\\\/#website\",\"url\":\"https:\\\/\\\/visionrockland.ca\\\/en\\\/\",\"name\":\"Vision\",\"description\":\"\",\"potentialAction\":[{\"@type\":\"SearchAction\",\"target\":{\"@type\":\"EntryPoint\",\"urlTemplate\":\"https:\\\/\\\/visionrockland.ca\\\/en\\\/?s={search_term_string}\"},\"query-input\":{\"@type\":\"PropertyValueSpecification\",\"valueRequired\":true,\"valueName\":\"search_term_string\"}}],\"inLanguage\":\"en-US\"},{\"@type\":\"Person\",\"@id\":\"https:\\\/\\\/visionrockland.ca\\\/en\\\/#\\\/schema\\\/person\\\/a09095fdf65e09e747105760fe90175c\",\"name\":\"Anil Jhalli\",\"image\":{\"@type\":\"ImageObject\",\"inLanguage\":\"en-US\",\"@id\":\"https:\\\/\\\/secure.gravatar.com\\\/avatar\\\/63becc64fff8877a05400459aa003b94a1fdc8d3954acacc688ee6a2bc39fef8?s=96&d=mm&r=g\",\"url\":\"https:\\\/\\\/secure.gravatar.com\\\/avatar\\\/63becc64fff8877a05400459aa003b94a1fdc8d3954acacc688ee6a2bc39fef8?s=96&d=mm&r=g\",\"contentUrl\":\"https:\\\/\\\/secure.gravatar.com\\\/avatar\\\/63becc64fff8877a05400459aa003b94a1fdc8d3954acacc688ee6a2bc39fef8?s=96&d=mm&r=g\",\"caption\":\"Anil Jhalli\"}}]}<\/script>\n<!-- \/ Yoast SEO plugin. -->","yoast_head_json":{"title":"La province accorde 2,8 millions de dollars pour am\u00e9liorer les soins de sant\u00e9 primaires dans l\u2019ensemble de Prescott et Russell - Vision","robots":{"index":"index","follow":"follow","max-snippet":"max-snippet:-1","max-image-preview":"max-image-preview:large","max-video-preview":"max-video-preview:-1"},"canonical":"https:\/\/visionrockland.ca\/en\/actualites\/la-province-accorde-28-millions-de-dollars-pour-ameliorer-les-soins-de-sante-primaires-dans-lensemble-de-prescott-et-russell\/","og_locale":"en_US","og_type":"article","og_title":"La province accorde 2,8 millions de dollars pour am\u00e9liorer les soins de sant\u00e9 primaires dans l\u2019ensemble de Prescott et Russell - Vision","og_description":"Dans le cadre d\u2019un plan visant \u00e0 permettre \u00e0 tous les habitants de la province d\u2019avoir acc\u00e8s, d\u2019ici 2029, \u00e0 un m\u00e9decin de famille, \u00e0 une infirmi\u00e8re praticienne ou \u00e0 une \u00e9quipe de soins primaires financ\u00e9s par l\u2019\u00c9tat gr\u00e2ce \u00e0 son Plan d\u2019action pour les soins primaires, le gouvernement de l\u2019Ontario alloue plus de 2,8 [&hellip;]","og_url":"https:\/\/visionrockland.ca\/en\/actualites\/la-province-accorde-28-millions-de-dollars-pour-ameliorer-les-soins-de-sante-primaires-dans-lensemble-de-prescott-et-russell\/","og_site_name":"Vision","article_published_time":"2026-04-24T15:13:02+00:00","article_modified_time":"2026-04-25T01:20:32+00:00","og_image":[{"url":"https:\/\/editionap.ca\/wp-content\/uploads\/sites\/3\/2026\/04\/Primary-Care-Action-Plan-Plan-daction-pour-les-soins-primaires.jpg","width":1024,"height":683,"type":"image\/jpeg"}],"author":"Anil Jhalli","twitter_card":"summary_large_image","twitter_misc":{"Written by":"Anil Jhalli","Est. reading time":"5 minutes"},"schema":{"@context":"https:\/\/schema.org","@graph":[{"@type":"Article","@id":"https:\/\/visionrockland.ca\/en\/actualites\/la-province-accorde-28-millions-de-dollars-pour-ameliorer-les-soins-de-sante-primaires-dans-lensemble-de-prescott-et-russell\/#article","isPartOf":{"@id":"https:\/\/visionrockland.ca\/en\/actualites\/la-province-accorde-28-millions-de-dollars-pour-ameliorer-les-soins-de-sante-primaires-dans-lensemble-de-prescott-et-russell\/"},"author":{"name":"Anil Jhalli","@id":"https:\/\/visionrockland.ca\/en\/#\/schema\/person\/a09095fdf65e09e747105760fe90175c"},"headline":"La province accorde 2,8 millions de dollars pour am\u00e9liorer les soins de sant\u00e9 primaires dans l\u2019ensemble de Prescott et Russell","datePublished":"2026-04-24T15:13:02+00:00","dateModified":"2026-04-25T01:20:32+00:00","mainEntityOfPage":{"@id":"https:\/\/visionrockland.ca\/en\/actualites\/la-province-accorde-28-millions-de-dollars-pour-ameliorer-les-soins-de-sante-primaires-dans-lensemble-de-prescott-et-russell\/"},"wordCount":850,"commentCount":0,"image":{"@id":"https:\/\/visionrockland.ca\/en\/actualites\/la-province-accorde-28-millions-de-dollars-pour-ameliorer-les-soins-de-sante-primaires-dans-lensemble-de-prescott-et-russell\/#primaryimage"},"thumbnailUrl":"https:\/\/editionap.ca\/wp-content\/uploads\/sites\/3\/2026\/04\/Primary-Care-Action-Plan-Plan-daction-pour-les-soins-primaires.jpg","articleSection":["Actualit\u00e9s","Sant\u00e9"],"inLanguage":"en-US","potentialAction":[{"@type":"CommentAction","name":"Comment","target":["https:\/\/visionrockland.ca\/en\/actualites\/la-province-accorde-28-millions-de-dollars-pour-ameliorer-les-soins-de-sante-primaires-dans-lensemble-de-prescott-et-russell\/#respond"]}]},{"@type":"WebPage","@id":"https:\/\/visionrockland.ca\/en\/actualites\/la-province-accorde-28-millions-de-dollars-pour-ameliorer-les-soins-de-sante-primaires-dans-lensemble-de-prescott-et-russell\/","url":"https:\/\/visionrockland.ca\/en\/actualites\/la-province-accorde-28-millions-de-dollars-pour-ameliorer-les-soins-de-sante-primaires-dans-lensemble-de-prescott-et-russell\/","name":"La province accorde 2,8 millions de dollars pour am\u00e9liorer les soins de sant\u00e9 primaires dans l\u2019ensemble de Prescott et Russell - Vision","isPartOf":{"@id":"https:\/\/visionrockland.ca\/en\/#website"},"primaryImageOfPage":{"@id":"https:\/\/visionrockland.ca\/en\/actualites\/la-province-accorde-28-millions-de-dollars-pour-ameliorer-les-soins-de-sante-primaires-dans-lensemble-de-prescott-et-russell\/#primaryimage"},"image":{"@id":"https:\/\/visionrockland.ca\/en\/actualites\/la-province-accorde-28-millions-de-dollars-pour-ameliorer-les-soins-de-sante-primaires-dans-lensemble-de-prescott-et-russell\/#primaryimage"},"thumbnailUrl":"https:\/\/editionap.ca\/wp-content\/uploads\/sites\/3\/2026\/04\/Primary-Care-Action-Plan-Plan-daction-pour-les-soins-primaires.jpg","datePublished":"2026-04-24T15:13:02+00:00","dateModified":"2026-04-25T01:20:32+00:00","author":{"@id":"https:\/\/visionrockland.ca\/en\/#\/schema\/person\/a09095fdf65e09e747105760fe90175c"},"breadcrumb":{"@id":"https:\/\/visionrockland.ca\/en\/actualites\/la-province-accorde-28-millions-de-dollars-pour-ameliorer-les-soins-de-sante-primaires-dans-lensemble-de-prescott-et-russell\/#breadcrumb"},"inLanguage":"en-US","potentialAction":[{"@type":"ReadAction","target":["https:\/\/visionrockland.ca\/en\/actualites\/la-province-accorde-28-millions-de-dollars-pour-ameliorer-les-soins-de-sante-primaires-dans-lensemble-de-prescott-et-russell\/"]}]},{"@type":"ImageObject","inLanguage":"en-US","@id":"https:\/\/visionrockland.ca\/en\/actualites\/la-province-accorde-28-millions-de-dollars-pour-ameliorer-les-soins-de-sante-primaires-dans-lensemble-de-prescott-et-russell\/#primaryimage","url":"https:\/\/editionap.ca\/wp-content\/uploads\/sites\/3\/2026\/04\/Primary-Care-Action-Plan-Plan-daction-pour-les-soins-primaires.jpg","contentUrl":"https:\/\/editionap.ca\/wp-content\/uploads\/sites\/3\/2026\/04\/Primary-Care-Action-Plan-Plan-daction-pour-les-soins-primaires.jpg"},{"@type":"BreadcrumbList","@id":"https:\/\/visionrockland.ca\/en\/actualites\/la-province-accorde-28-millions-de-dollars-pour-ameliorer-les-soins-de-sante-primaires-dans-lensemble-de-prescott-et-russell\/#breadcrumb","itemListElement":[{"@type":"ListItem","position":1,"name":"Accueil","item":"https:\/\/visionrockland.ca\/en\/"},{"@type":"ListItem","position":2,"name":"La province accorde 2,8 millions de dollars pour am\u00e9liorer les soins de sant\u00e9 primaires dans l\u2019ensemble de Prescott et Russell"}]},{"@type":"WebSite","@id":"https:\/\/visionrockland.ca\/en\/#website","url":"https:\/\/visionrockland.ca\/en\/","name":"Vision","description":"","potentialAction":[{"@type":"SearchAction","target":{"@type":"EntryPoint","urlTemplate":"https:\/\/visionrockland.ca\/en\/?s={search_term_string}"},"query-input":{"@type":"PropertyValueSpecification","valueRequired":true,"valueName":"search_term_string"}}],"inLanguage":"en-US"},{"@type":"Person","@id":"https:\/\/visionrockland.ca\/en\/#\/schema\/person\/a09095fdf65e09e747105760fe90175c","name":"Anil Jhalli","image":{"@type":"ImageObject","inLanguage":"en-US","@id":"https:\/\/secure.gravatar.com\/avatar\/63becc64fff8877a05400459aa003b94a1fdc8d3954acacc688ee6a2bc39fef8?s=96&d=mm&r=g","url":"https:\/\/secure.gravatar.com\/avatar\/63becc64fff8877a05400459aa003b94a1fdc8d3954acacc688ee6a2bc39fef8?s=96&d=mm&r=g","contentUrl":"https:\/\/secure.gravatar.com\/avatar\/63becc64fff8877a05400459aa003b94a1fdc8d3954acacc688ee6a2bc39fef8?s=96&d=mm&r=g","caption":"Anil Jhalli"}}]}},"_links":{"self":[{"href":"https:\/\/visionrockland.ca\/en\/wp-json\/wp\/v2\/posts\/138365","targetHints":{"allow":["GET"]}}],"collection":[{"href":"https:\/\/visionrockland.ca\/en\/wp-json\/wp\/v2\/posts"}],"about":[{"href":"https:\/\/visionrockland.ca\/en\/wp-json\/wp\/v2\/types\/post"}],"author":[{"embeddable":true,"href":"https:\/\/visionrockland.ca\/en\/wp-json\/wp\/v2\/users\/27"}],"replies":[{"embeddable":true,"href":"https:\/\/visionrockland.ca\/en\/wp-json\/wp\/v2\/comments?post=138365"}],"version-history":[{"count":1,"href":"https:\/\/visionrockland.ca\/en\/wp-json\/wp\/v2\/posts\/138365\/revisions"}],"predecessor-version":[{"id":138388,"href":"https:\/\/visionrockland.ca\/en\/wp-json\/wp\/v2\/posts\/138365\/revisions\/138388"}],"wp:featuredmedia":[{"embeddable":true,"href":"https:\/\/visionrockland.ca\/en\/wp-json\/wp\/v2\/media\/138386"}],"wp:attachment":[{"href":"https:\/\/visionrockland.ca\/en\/wp-json\/wp\/v2\/media?parent=138365"}],"wp:term":[{"taxonomy":"category","embeddable":true,"href":"https:\/\/visionrockland.ca\/en\/wp-json\/wp\/v2\/categories?post=138365"},{"taxonomy":"post_tag","embeddable":true,"href":"https:\/\/visionrockland.ca\/en\/wp-json\/wp\/v2\/tags?post=138365"}],"curies":[{"name":"wp","href":"https:\/\/api.w.org\/{rel}","templated":true}]}}