{"id":136898,"date":"2026-03-10T13:32:38","date_gmt":"2026-03-10T17:32:38","guid":{"rendered":"https:\/\/visionrockland.ca\/?p=136898"},"modified":"2026-03-10T13:32:39","modified_gmt":"2026-03-10T17:32:39","slug":"lor-pour-gaudreau-le-bronze-pour-un-trio-de-rockland","status":"publish","type":"post","link":"https:\/\/visionrockland.ca\/en\/sports-loisirs\/lor-pour-gaudreau-le-bronze-pour-un-trio-de-rockland\/","title":{"rendered":"L\u2019or pour Gaudreau, le bronze pour un trio de Rockland"},"content":{"rendered":"\n<p><em>Yvon Legault<\/em><\/p>\n\n\n\n<p>Quatre jeunes athl\u00e8tes locales se sont distingu\u00e9es lors de la comp\u00e9tition de patinage artistique qui a eu lieu samedi, \u00e0 l\u2019ar\u00e9na de Clarence-Rockland.<\/p>\n\n\n\n<p>Fayth Gaudreau, qui repr\u00e9sentait le club h\u00f4te du canton de Clarence, a d\u00e9croch\u00e9 la m\u00e9daille d\u2019or au style libre chez les filles <em>Star 4<\/em> de 13 ans et moins. Son num\u00e9ro lui a permis de monter sur la plus haute marche du podium, devant la m\u00e9daill\u00e9e d\u2019argent Selena Baksh, du Club Minto et la m\u00e9daill\u00e9e de bronze Mina Wang, du Club de Gloucester.<\/p>\n\n\n\n<p><strong>\u00c9l\u00e9ments de groupe<\/strong><\/p>\n\n\n\n<p>Toujours chez les filles <em>Star 4<\/em> de 13 ans et moins, Olivia L\u00e9vesque, Anabelle Roy et Lauryn Perry, du Club de Rockland, ont conjugu\u00e9 leurs efforts pour remporter une m\u00e9daille de bronze. Elles ont fini troisi\u00e8mes \u00e0 l\u2019\u00e9preuve par \u00e9quipe d\u2019\u00c9l\u00e9ments de groupe, ex aequo avec une \u00e9quipe de Renfrew.<\/p>\n\n\n\n<p>Roy a termin\u00e9 aussi cinqui\u00e8me au programme libre.<\/p>\n","protected":false},"excerpt":{"rendered":"<p>Yvon Legault Quatre jeunes athl\u00e8tes locales se sont distingu\u00e9es lors de la comp\u00e9tition de patinage artistique qui a eu lieu samedi, \u00e0 l\u2019ar\u00e9na de Clarence-Rockland. Fayth Gaudreau, qui repr\u00e9sentait le club h\u00f4te du canton de Clarence, a d\u00e9croch\u00e9 la m\u00e9daille d\u2019or au style libre chez les filles Star 4 de 13 ans et moins. Son [&hellip;]<\/p>\n","protected":false},"author":36,"featured_media":136927,"comment_status":"open","ping_status":"open","sticky":false,"template":"","format":"standard","meta":{"_acf_changed":false,"footnotes":""},"categories":[38],"tags":[],"class_list":["post-136898","post","type-post","status-publish","format-standard","has-post-thumbnail","hentry","category-sports-loisirs"],"acf":[],"featured_media_global":{"id":135569,"title":{"rendered":"M\u00e9daille-patinage"},"description":{"rendered":""},"caption":{"rendered":""},"alt_text":"","media_type":"image","mime_type":"image\/jpeg","media_details":{"width":2560,"height":1707,"file":"2026\/03\/Medaille-patinage-scaled.jpg","filesize":437151,"sizes":{"medium":{"file":"Medaille-patinage-300x200.jpg","width":300,"height":200,"mime-type":"image\/jpeg","filesize":13004},"large":{"file":"Medaille-patinage-1024x683.jpg","width":1024,"height":683,"mime-type":"image\/jpeg","filesize":101378},"thumbnail":{"file":"Medaille-patinage-150x150.jpg","width":150,"height":150,"mime-type":"image\/jpeg","filesize":7063},"medium_large":{"file":"Medaille-patinage-768x512.jpg","width":768,"height":512,"mime-type":"image\/jpeg","filesize":62173},"1536x1536":{"file":"Medaille-patinage-1536x1024.jpg","width":1536,"height":1024,"mime-type":"image\/jpeg","filesize":197998},"2048x2048":{"file":"Medaille-patinage-2048x1366.jpg","width":2048,"height":1366,"mime-type":"image\/jpeg","filesize":311707},"Image Size 500x500":{"file":"Medaille-patinage-500x500.jpg","width":500,"height":500,"mime-type":"image\/jpeg","filesize":50444}},"image_meta":{"aperture":"0","credit":"","camera":"","caption":"","created_timestamp":"1772911540","copyright":"","focal_length":"0","iso":"0","shutter_speed":"0","title":"","orientation":"1","keywords":[]},"original_image":"Medaille-patinage.jpg"},"source_url":"https:\/\/editionap.ca\/wp-content\/uploads\/sites\/3\/2026\/03\/Medaille-patinage-scaled.jpg"},"yoast_head":"<!-- This site is optimized with the Yoast SEO plugin v27.4 - https:\/\/yoast.com\/product\/yoast-seo-wordpress\/ -->\n<title>L\u2019or pour Gaudreau, le bronze pour un trio de Rockland - Vision<\/title>\n<meta name=\"robots\" content=\"index, follow, max-snippet:-1, max-image-preview:large, max-video-preview:-1\" \/>\n<link rel=\"canonical\" href=\"https:\/\/visionrockland.ca\/en\/sports-loisirs\/lor-pour-gaudreau-le-bronze-pour-un-trio-de-rockland\/\" \/>\n<meta property=\"og:locale\" content=\"en_US\" \/>\n<meta property=\"og:type\" content=\"article\" \/>\n<meta property=\"og:title\" content=\"L\u2019or pour Gaudreau, le bronze pour un trio de Rockland - Vision\" \/>\n<meta property=\"og:description\" content=\"Yvon Legault Quatre jeunes athl\u00e8tes locales se sont distingu\u00e9es lors de la comp\u00e9tition de patinage artistique qui a eu lieu samedi, \u00e0 l\u2019ar\u00e9na de Clarence-Rockland. Fayth Gaudreau, qui repr\u00e9sentait le club h\u00f4te du canton de Clarence, a d\u00e9croch\u00e9 la m\u00e9daille d\u2019or au style libre chez les filles Star 4 de 13 ans et moins. Son [&hellip;]\" \/>\n<meta property=\"og:url\" content=\"https:\/\/visionrockland.ca\/en\/sports-loisirs\/lor-pour-gaudreau-le-bronze-pour-un-trio-de-rockland\/\" \/>\n<meta property=\"og:site_name\" content=\"Vision\" \/>\n<meta property=\"article:published_time\" content=\"2026-03-10T17:32:38+00:00\" \/>\n<meta property=\"article:modified_time\" content=\"2026-03-10T17:32:39+00:00\" \/>\n<meta property=\"og:image\" content=\"https:\/\/editionap.ca\/wp-content\/uploads\/sites\/3\/2026\/03\/Medaille-patinage-scaled.jpg\" \/>\n\t<meta property=\"og:image:width\" content=\"2560\" \/>\n\t<meta property=\"og:image:height\" content=\"1707\" \/>\n\t<meta property=\"og:image:type\" content=\"image\/jpeg\" \/>\n<meta name=\"author\" content=\"Yvon Legault\" \/>\n<meta name=\"twitter:card\" content=\"summary_large_image\" \/>\n<meta name=\"twitter:label1\" content=\"Written by\" \/>\n\t<meta name=\"twitter:data1\" content=\"Yvon Legault\" \/>\n\t<meta name=\"twitter:label2\" content=\"Est. reading time\" \/>\n\t<meta name=\"twitter:data2\" content=\"1 minute\" \/>\n<script type=\"application\/ld+json\" class=\"yoast-schema-graph\">{\"@context\":\"https:\\\/\\\/schema.org\",\"@graph\":[{\"@type\":\"Article\",\"@id\":\"https:\\\/\\\/visionrockland.ca\\\/en\\\/sports-loisirs\\\/lor-pour-gaudreau-le-bronze-pour-un-trio-de-rockland\\\/#article\",\"isPartOf\":{\"@id\":\"https:\\\/\\\/visionrockland.ca\\\/en\\\/sports-loisirs\\\/lor-pour-gaudreau-le-bronze-pour-un-trio-de-rockland\\\/\"},\"author\":{\"name\":\"Yvon Legault\",\"@id\":\"https:\\\/\\\/visionrockland.ca\\\/en\\\/#\\\/schema\\\/person\\\/882ee27be61a1d5f4a358d9bd2486212\"},\"headline\":\"L\u2019or pour Gaudreau, le bronze pour un trio de Rockland\",\"datePublished\":\"2026-03-10T17:32:38+00:00\",\"dateModified\":\"2026-03-10T17:32:39+00:00\",\"mainEntityOfPage\":{\"@id\":\"https:\\\/\\\/visionrockland.ca\\\/en\\\/sports-loisirs\\\/lor-pour-gaudreau-le-bronze-pour-un-trio-de-rockland\\\/\"},\"wordCount\":178,\"commentCount\":0,\"image\":{\"@id\":\"https:\\\/\\\/visionrockland.ca\\\/en\\\/sports-loisirs\\\/lor-pour-gaudreau-le-bronze-pour-un-trio-de-rockland\\\/#primaryimage\"},\"thumbnailUrl\":\"https:\\\/\\\/editionap.ca\\\/wp-content\\\/uploads\\\/sites\\\/3\\\/2026\\\/03\\\/Medaille-patinage-scaled.jpg\",\"articleSection\":[\"Sports et loisirs\"],\"inLanguage\":\"en-US\",\"potentialAction\":[{\"@type\":\"CommentAction\",\"name\":\"Comment\",\"target\":[\"https:\\\/\\\/visionrockland.ca\\\/en\\\/sports-loisirs\\\/lor-pour-gaudreau-le-bronze-pour-un-trio-de-rockland\\\/#respond\"]}]},{\"@type\":\"WebPage\",\"@id\":\"https:\\\/\\\/visionrockland.ca\\\/en\\\/sports-loisirs\\\/lor-pour-gaudreau-le-bronze-pour-un-trio-de-rockland\\\/\",\"url\":\"https:\\\/\\\/visionrockland.ca\\\/en\\\/sports-loisirs\\\/lor-pour-gaudreau-le-bronze-pour-un-trio-de-rockland\\\/\",\"name\":\"L\u2019or pour Gaudreau, le bronze pour un trio de Rockland - Vision\",\"isPartOf\":{\"@id\":\"https:\\\/\\\/visionrockland.ca\\\/en\\\/#website\"},\"primaryImageOfPage\":{\"@id\":\"https:\\\/\\\/visionrockland.ca\\\/en\\\/sports-loisirs\\\/lor-pour-gaudreau-le-bronze-pour-un-trio-de-rockland\\\/#primaryimage\"},\"image\":{\"@id\":\"https:\\\/\\\/visionrockland.ca\\\/en\\\/sports-loisirs\\\/lor-pour-gaudreau-le-bronze-pour-un-trio-de-rockland\\\/#primaryimage\"},\"thumbnailUrl\":\"https:\\\/\\\/editionap.ca\\\/wp-content\\\/uploads\\\/sites\\\/3\\\/2026\\\/03\\\/Medaille-patinage-scaled.jpg\",\"datePublished\":\"2026-03-10T17:32:38+00:00\",\"dateModified\":\"2026-03-10T17:32:39+00:00\",\"author\":{\"@id\":\"https:\\\/\\\/visionrockland.ca\\\/en\\\/#\\\/schema\\\/person\\\/882ee27be61a1d5f4a358d9bd2486212\"},\"breadcrumb\":{\"@id\":\"https:\\\/\\\/visionrockland.ca\\\/en\\\/sports-loisirs\\\/lor-pour-gaudreau-le-bronze-pour-un-trio-de-rockland\\\/#breadcrumb\"},\"inLanguage\":\"en-US\",\"potentialAction\":[{\"@type\":\"ReadAction\",\"target\":[\"https:\\\/\\\/visionrockland.ca\\\/en\\\/sports-loisirs\\\/lor-pour-gaudreau-le-bronze-pour-un-trio-de-rockland\\\/\"]}]},{\"@type\":\"ImageObject\",\"inLanguage\":\"en-US\",\"@id\":\"https:\\\/\\\/visionrockland.ca\\\/en\\\/sports-loisirs\\\/lor-pour-gaudreau-le-bronze-pour-un-trio-de-rockland\\\/#primaryimage\",\"url\":\"https:\\\/\\\/editionap.ca\\\/wp-content\\\/uploads\\\/sites\\\/3\\\/2026\\\/03\\\/Medaille-patinage-scaled.jpg\",\"contentUrl\":\"https:\\\/\\\/editionap.ca\\\/wp-content\\\/uploads\\\/sites\\\/3\\\/2026\\\/03\\\/Medaille-patinage-scaled.jpg\"},{\"@type\":\"BreadcrumbList\",\"@id\":\"https:\\\/\\\/visionrockland.ca\\\/en\\\/sports-loisirs\\\/lor-pour-gaudreau-le-bronze-pour-un-trio-de-rockland\\\/#breadcrumb\",\"itemListElement\":[{\"@type\":\"ListItem\",\"position\":1,\"name\":\"Accueil\",\"item\":\"https:\\\/\\\/visionrockland.ca\\\/en\\\/\"},{\"@type\":\"ListItem\",\"position\":2,\"name\":\"L\u2019or pour Gaudreau, le bronze pour un trio de Rockland\"}]},{\"@type\":\"WebSite\",\"@id\":\"https:\\\/\\\/visionrockland.ca\\\/en\\\/#website\",\"url\":\"https:\\\/\\\/visionrockland.ca\\\/en\\\/\",\"name\":\"Vision\",\"description\":\"\",\"potentialAction\":[{\"@type\":\"SearchAction\",\"target\":{\"@type\":\"EntryPoint\",\"urlTemplate\":\"https:\\\/\\\/visionrockland.ca\\\/en\\\/?s={search_term_string}\"},\"query-input\":{\"@type\":\"PropertyValueSpecification\",\"valueRequired\":true,\"valueName\":\"search_term_string\"}}],\"inLanguage\":\"en-US\"},{\"@type\":\"Person\",\"@id\":\"https:\\\/\\\/visionrockland.ca\\\/en\\\/#\\\/schema\\\/person\\\/882ee27be61a1d5f4a358d9bd2486212\",\"name\":\"Yvon Legault\",\"image\":{\"@type\":\"ImageObject\",\"inLanguage\":\"en-US\",\"@id\":\"https:\\\/\\\/secure.gravatar.com\\\/avatar\\\/9e478646281b79522c34ae12ddeff17144d950fb08c02f44f8d7fc6fcf391774?s=96&d=mm&r=g\",\"url\":\"https:\\\/\\\/secure.gravatar.com\\\/avatar\\\/9e478646281b79522c34ae12ddeff17144d950fb08c02f44f8d7fc6fcf391774?s=96&d=mm&r=g\",\"contentUrl\":\"https:\\\/\\\/secure.gravatar.com\\\/avatar\\\/9e478646281b79522c34ae12ddeff17144d950fb08c02f44f8d7fc6fcf391774?s=96&d=mm&r=g\",\"caption\":\"Yvon Legault\"}}]}<\/script>\n<!-- \/ Yoast SEO plugin. -->","yoast_head_json":{"title":"L\u2019or pour Gaudreau, le bronze pour un trio de Rockland - Vision","robots":{"index":"index","follow":"follow","max-snippet":"max-snippet:-1","max-image-preview":"max-image-preview:large","max-video-preview":"max-video-preview:-1"},"canonical":"https:\/\/visionrockland.ca\/en\/sports-loisirs\/lor-pour-gaudreau-le-bronze-pour-un-trio-de-rockland\/","og_locale":"en_US","og_type":"article","og_title":"L\u2019or pour Gaudreau, le bronze pour un trio de Rockland - Vision","og_description":"Yvon Legault Quatre jeunes athl\u00e8tes locales se sont distingu\u00e9es lors de la comp\u00e9tition de patinage artistique qui a eu lieu samedi, \u00e0 l\u2019ar\u00e9na de Clarence-Rockland. Fayth Gaudreau, qui repr\u00e9sentait le club h\u00f4te du canton de Clarence, a d\u00e9croch\u00e9 la m\u00e9daille d\u2019or au style libre chez les filles Star 4 de 13 ans et moins. Son [&hellip;]","og_url":"https:\/\/visionrockland.ca\/en\/sports-loisirs\/lor-pour-gaudreau-le-bronze-pour-un-trio-de-rockland\/","og_site_name":"Vision","article_published_time":"2026-03-10T17:32:38+00:00","article_modified_time":"2026-03-10T17:32:39+00:00","og_image":[{"url":"https:\/\/editionap.ca\/wp-content\/uploads\/sites\/3\/2026\/03\/Medaille-patinage-scaled.jpg","width":2560,"height":1707,"type":"image\/jpeg"}],"author":"Yvon Legault","twitter_card":"summary_large_image","twitter_misc":{"Written by":"Yvon Legault","Est. reading time":"1 minute"},"schema":{"@context":"https:\/\/schema.org","@graph":[{"@type":"Article","@id":"https:\/\/visionrockland.ca\/en\/sports-loisirs\/lor-pour-gaudreau-le-bronze-pour-un-trio-de-rockland\/#article","isPartOf":{"@id":"https:\/\/visionrockland.ca\/en\/sports-loisirs\/lor-pour-gaudreau-le-bronze-pour-un-trio-de-rockland\/"},"author":{"name":"Yvon Legault","@id":"https:\/\/visionrockland.ca\/en\/#\/schema\/person\/882ee27be61a1d5f4a358d9bd2486212"},"headline":"L\u2019or pour Gaudreau, le bronze pour un trio de Rockland","datePublished":"2026-03-10T17:32:38+00:00","dateModified":"2026-03-10T17:32:39+00:00","mainEntityOfPage":{"@id":"https:\/\/visionrockland.ca\/en\/sports-loisirs\/lor-pour-gaudreau-le-bronze-pour-un-trio-de-rockland\/"},"wordCount":178,"commentCount":0,"image":{"@id":"https:\/\/visionrockland.ca\/en\/sports-loisirs\/lor-pour-gaudreau-le-bronze-pour-un-trio-de-rockland\/#primaryimage"},"thumbnailUrl":"https:\/\/editionap.ca\/wp-content\/uploads\/sites\/3\/2026\/03\/Medaille-patinage-scaled.jpg","articleSection":["Sports et loisirs"],"inLanguage":"en-US","potentialAction":[{"@type":"CommentAction","name":"Comment","target":["https:\/\/visionrockland.ca\/en\/sports-loisirs\/lor-pour-gaudreau-le-bronze-pour-un-trio-de-rockland\/#respond"]}]},{"@type":"WebPage","@id":"https:\/\/visionrockland.ca\/en\/sports-loisirs\/lor-pour-gaudreau-le-bronze-pour-un-trio-de-rockland\/","url":"https:\/\/visionrockland.ca\/en\/sports-loisirs\/lor-pour-gaudreau-le-bronze-pour-un-trio-de-rockland\/","name":"L\u2019or pour Gaudreau, le bronze pour un trio de Rockland - Vision","isPartOf":{"@id":"https:\/\/visionrockland.ca\/en\/#website"},"primaryImageOfPage":{"@id":"https:\/\/visionrockland.ca\/en\/sports-loisirs\/lor-pour-gaudreau-le-bronze-pour-un-trio-de-rockland\/#primaryimage"},"image":{"@id":"https:\/\/visionrockland.ca\/en\/sports-loisirs\/lor-pour-gaudreau-le-bronze-pour-un-trio-de-rockland\/#primaryimage"},"thumbnailUrl":"https:\/\/editionap.ca\/wp-content\/uploads\/sites\/3\/2026\/03\/Medaille-patinage-scaled.jpg","datePublished":"2026-03-10T17:32:38+00:00","dateModified":"2026-03-10T17:32:39+00:00","author":{"@id":"https:\/\/visionrockland.ca\/en\/#\/schema\/person\/882ee27be61a1d5f4a358d9bd2486212"},"breadcrumb":{"@id":"https:\/\/visionrockland.ca\/en\/sports-loisirs\/lor-pour-gaudreau-le-bronze-pour-un-trio-de-rockland\/#breadcrumb"},"inLanguage":"en-US","potentialAction":[{"@type":"ReadAction","target":["https:\/\/visionrockland.ca\/en\/sports-loisirs\/lor-pour-gaudreau-le-bronze-pour-un-trio-de-rockland\/"]}]},{"@type":"ImageObject","inLanguage":"en-US","@id":"https:\/\/visionrockland.ca\/en\/sports-loisirs\/lor-pour-gaudreau-le-bronze-pour-un-trio-de-rockland\/#primaryimage","url":"https:\/\/editionap.ca\/wp-content\/uploads\/sites\/3\/2026\/03\/Medaille-patinage-scaled.jpg","contentUrl":"https:\/\/editionap.ca\/wp-content\/uploads\/sites\/3\/2026\/03\/Medaille-patinage-scaled.jpg"},{"@type":"BreadcrumbList","@id":"https:\/\/visionrockland.ca\/en\/sports-loisirs\/lor-pour-gaudreau-le-bronze-pour-un-trio-de-rockland\/#breadcrumb","itemListElement":[{"@type":"ListItem","position":1,"name":"Accueil","item":"https:\/\/visionrockland.ca\/en\/"},{"@type":"ListItem","position":2,"name":"L\u2019or pour Gaudreau, le bronze pour un trio de Rockland"}]},{"@type":"WebSite","@id":"https:\/\/visionrockland.ca\/en\/#website","url":"https:\/\/visionrockland.ca\/en\/","name":"Vision","description":"","potentialAction":[{"@type":"SearchAction","target":{"@type":"EntryPoint","urlTemplate":"https:\/\/visionrockland.ca\/en\/?s={search_term_string}"},"query-input":{"@type":"PropertyValueSpecification","valueRequired":true,"valueName":"search_term_string"}}],"inLanguage":"en-US"},{"@type":"Person","@id":"https:\/\/visionrockland.ca\/en\/#\/schema\/person\/882ee27be61a1d5f4a358d9bd2486212","name":"Yvon Legault","image":{"@type":"ImageObject","inLanguage":"en-US","@id":"https:\/\/secure.gravatar.com\/avatar\/9e478646281b79522c34ae12ddeff17144d950fb08c02f44f8d7fc6fcf391774?s=96&d=mm&r=g","url":"https:\/\/secure.gravatar.com\/avatar\/9e478646281b79522c34ae12ddeff17144d950fb08c02f44f8d7fc6fcf391774?s=96&d=mm&r=g","contentUrl":"https:\/\/secure.gravatar.com\/avatar\/9e478646281b79522c34ae12ddeff17144d950fb08c02f44f8d7fc6fcf391774?s=96&d=mm&r=g","caption":"Yvon Legault"}}]}},"_links":{"self":[{"href":"https:\/\/visionrockland.ca\/en\/wp-json\/wp\/v2\/posts\/136898","targetHints":{"allow":["GET"]}}],"collection":[{"href":"https:\/\/visionrockland.ca\/en\/wp-json\/wp\/v2\/posts"}],"about":[{"href":"https:\/\/visionrockland.ca\/en\/wp-json\/wp\/v2\/types\/post"}],"author":[{"embeddable":true,"href":"https:\/\/visionrockland.ca\/en\/wp-json\/wp\/v2\/users\/36"}],"replies":[{"embeddable":true,"href":"https:\/\/visionrockland.ca\/en\/wp-json\/wp\/v2\/comments?post=136898"}],"version-history":[{"count":1,"href":"https:\/\/visionrockland.ca\/en\/wp-json\/wp\/v2\/posts\/136898\/revisions"}],"predecessor-version":[{"id":136929,"href":"https:\/\/visionrockland.ca\/en\/wp-json\/wp\/v2\/posts\/136898\/revisions\/136929"}],"wp:featuredmedia":[{"embeddable":true,"href":"https:\/\/visionrockland.ca\/en\/wp-json\/wp\/v2\/media\/136927"}],"wp:attachment":[{"href":"https:\/\/visionrockland.ca\/en\/wp-json\/wp\/v2\/media?parent=136898"}],"wp:term":[{"taxonomy":"category","embeddable":true,"href":"https:\/\/visionrockland.ca\/en\/wp-json\/wp\/v2\/categories?post=136898"},{"taxonomy":"post_tag","embeddable":true,"href":"https:\/\/visionrockland.ca\/en\/wp-json\/wp\/v2\/tags?post=136898"}],"curies":[{"name":"wp","href":"https:\/\/api.w.org\/{rel}","templated":true}]}}