{"id":107258,"date":"2025-09-14T21:56:30","date_gmt":"2025-09-15T01:56:30","guid":{"rendered":"https:\/\/editionap.ca\/?p=107258"},"modified":"2026-02-17T20:51:30","modified_gmt":"2026-02-17T19:51:30","slug":"une-campagne-gofundme-lancee-pour-la-famille-dun-homme-tue-dans-un-accident-de-voiture","status":"publish","type":"post","link":"https:\/\/visionrockland.ca\/en\/societe\/une-campagne-gofundme-lancee-pour-la-famille-dun-homme-tue-dans-un-accident-de-voiture\/","title":{"rendered":"Une campagne GoFundMe lanc\u00e9e pour la famille d&#8217;un homme tu\u00e9 dans un accident de voiture"},"content":{"rendered":"<p><strong>Frank Komon \u00e9tait un p\u00e8re de famille qui avait toujours de grands r\u00eaves.<\/strong><\/p>\n<p>Il est venu au Canada avec l&#8217;espoir d&#8217;offrir une vie positive et de qualit\u00e9 \u00e0 sa femme et \u00e0 leur famille grandissante.<\/p>\n<p>Mais le 26 ao\u00fbt 2025, tout a chang\u00e9 pour Frank et sa famille. L&#8217;homme de 33 ans rentrait chez lui apr\u00e8s son premier quart de travail en tant qu&#8217;agent de s\u00e9curit\u00e9 lorsque sa voiture a quitt\u00e9 la route d\u00e9partementale 17 et a fait un tonneau dans un foss\u00e9. Malgr\u00e9 les efforts des automobilistes qui passaient par l\u00e0 et qui ont commenc\u00e9 \u00e0 lui prodiguer les premiers soins, il a \u00e9t\u00e9 d\u00e9clar\u00e9 mort sur les lieux. L&#8217;enqu\u00eate initiale a r\u00e9v\u00e9l\u00e9 que la voiture, qui roulait en direction de l&#8217;ouest, avait travers\u00e9 la voie en direction de l&#8217;est, heurt\u00e9 le garde-corps, puis \u00e9tait entr\u00e9e dans le foss\u00e9 o\u00f9 elle a fait plusieurs tonneaux.<\/p>\n<p>\u00ab Je n&#8217;arrivais pas \u00e0 croire ce qui s&#8217;\u00e9tait pass\u00e9, j&#8217;\u00e9tais sous le choc \u00bb, a d\u00e9clar\u00e9 Naceur Eddine, un ami de la famille Koman, en se rem\u00e9morant le moment o\u00f9 il a re\u00e7u l&#8217;appel lui annon\u00e7ant ce qui \u00e9tait arriv\u00e9 \u00e0 son ami. \u00ab Je me suis mis \u00e0 crier et j&#8217;ai pens\u00e9 \u00e0 sa famille.\u00bb<\/p>\n<p>Eddine a maintenant organis\u00e9 une campagne GoFundMe dans l&#8217;espoir de collecter suffisamment d&#8217;argent pour aider Sorelle, la femme de Frank, et leur fils de deux ans, Madgil. La campagne de financement participatif permettra de rapatrier le corps de Frank au Cameroun afin que sa famille puisse lui offrir des fun\u00e9railles dignes, de couvrir les frais fun\u00e9raires et administratifs, et de subvenir aux besoins du b\u00e9b\u00e9 pendant quelques mois (loyer, nourriture et soins) pendant que Sorelle trouve une solution plus stable.<\/p>\n<p>\u00ab Chaque contribution, aussi modeste soit-elle, fera une \u00e9norme diff\u00e9rence dans la vie de Sorelle et de son fils \u00bb, a d\u00e9clar\u00e9 Eddine. \u00ab Si vous ne pouvez pas faire de don, vous pouvez \u00e9galement partager cette campagne afin de toucher le plus grand nombre de personnes possible. \u00bb<\/p>\n<p>La famille venait d&#8217;arriver au Canada en provenance du Cameroun et Frank est d\u00e9crit comme un homme plein d&#8217;ambition et de courage. Il suivait des cours d&#8217;anglais, occupait plusieurs petits boulots et ne reculait jamais devant les efforts n\u00e9cessaires pour subvenir aux besoins de sa famille.<\/p>\n<p>Le jour de son d\u00e9c\u00e8s, il avait un entretien pr\u00e9vu dans une banque locale, une opportunit\u00e9 qu&#8217;il attendait depuis longtemps et qui repr\u00e9sentait un pas vers son r\u00eave de stabilit\u00e9 et de r\u00e9ussite au Canada. Sa femme \u00e9tait encore \u00e9tudiante et leurs revenus \u00e9taient<\/p>\n<p>limit\u00e9s. \u00ab Mon mari travaillait tr\u00e8s dur et voulait que nous ayons une belle vie \u00bb, a d\u00e9clar\u00e9 Sorelle, la veuve de Frank, dans une interview accord\u00e9e \u00e0 The Vision.\u00abC&#8217;\u00e9tait un homme merveilleux qui avait de grands r\u00eaves et qui \u00e9tait pr\u00eat \u00e0 tout pour nous rendre heureux. \u00bb<\/p>\n<p>Au moment de la publication, la campagne avait permis de r\u00e9colter plus de 15 000 dollars sur les 45 000 dollars vis\u00e9s. Pour plus d&#8217;informations, rendez-vous sur www.gofundme.com et tapez \u00ab Frank Komon \u00bb dans la barre de recherche.<\/p>\n","protected":false},"excerpt":{"rendered":"<p>Frank Komon \u00e9tait un p\u00e8re de famille qui avait toujours de grands r\u00eaves. Il est venu au Canada avec l&#8217;espoir d&#8217;offrir une vie positive et de qualit\u00e9 \u00e0 sa femme et \u00e0 leur famille grandissante. Mais le 26 ao\u00fbt 2025, tout a chang\u00e9 pour Frank et sa famille. L&#8217;homme de 33 ans rentrait chez lui [&hellip;]<\/p>\n","protected":false},"author":27,"featured_media":107259,"comment_status":"closed","ping_status":"open","sticky":false,"template":"","format":"standard","meta":{"_acf_changed":false,"footnotes":""},"categories":[40],"tags":[],"class_list":["post-107258","post","type-post","status-publish","format-standard","has-post-thumbnail","hentry","category-societe"],"acf":[],"featured_media_global":[],"yoast_head":"<!-- This site is optimized with the Yoast SEO plugin v27.4 - https:\/\/yoast.com\/product\/yoast-seo-wordpress\/ -->\n<title>Une campagne GoFundMe lanc\u00e9e pour la famille d&#039;un homme tu\u00e9 dans un accident de voiture - Vision<\/title>\n<meta name=\"robots\" content=\"index, follow, max-snippet:-1, max-image-preview:large, max-video-preview:-1\" \/>\n<link rel=\"canonical\" href=\"https:\/\/visionrockland.ca\/en\/societe\/une-campagne-gofundme-lancee-pour-la-famille-dun-homme-tue-dans-un-accident-de-voiture\/\" \/>\n<meta property=\"og:locale\" content=\"en_US\" \/>\n<meta property=\"og:type\" content=\"article\" \/>\n<meta property=\"og:title\" content=\"Une campagne GoFundMe lanc\u00e9e pour la famille d&#039;un homme tu\u00e9 dans un accident de voiture - Vision\" \/>\n<meta property=\"og:description\" content=\"Frank Komon \u00e9tait un p\u00e8re de famille qui avait toujours de grands r\u00eaves. Il est venu au Canada avec l&#8217;espoir d&#8217;offrir une vie positive et de qualit\u00e9 \u00e0 sa femme et \u00e0 leur famille grandissante. Mais le 26 ao\u00fbt 2025, tout a chang\u00e9 pour Frank et sa famille. L&#8217;homme de 33 ans rentrait chez lui [&hellip;]\" \/>\n<meta property=\"og:url\" content=\"https:\/\/visionrockland.ca\/en\/societe\/une-campagne-gofundme-lancee-pour-la-famille-dun-homme-tue-dans-un-accident-de-voiture\/\" \/>\n<meta property=\"og:site_name\" content=\"Vision\" \/>\n<meta property=\"article:published_time\" content=\"2025-09-15T01:56:30+00:00\" \/>\n<meta property=\"article:modified_time\" content=\"2026-02-17T19:51:30+00:00\" \/>\n<meta property=\"og:image\" content=\"https:\/\/cdn.editionap.ca\/wp-content\/uploads\/sites\/3\/2025\/09\/Screenshot_14-9-2025_215524_.jpeg\" \/>\n\t<meta property=\"og:image:width\" content=\"587\" \/>\n\t<meta property=\"og:image:height\" content=\"434\" \/>\n\t<meta property=\"og:image:type\" content=\"image\/jpeg\" \/>\n<meta name=\"author\" content=\"Anil Jhalli\" \/>\n<meta name=\"twitter:card\" content=\"summary_large_image\" \/>\n<meta name=\"twitter:label1\" content=\"Written by\" \/>\n\t<meta name=\"twitter:data1\" content=\"Anil Jhalli\" \/>\n\t<meta name=\"twitter:label2\" content=\"Est. reading time\" \/>\n\t<meta name=\"twitter:data2\" content=\"3 minutes\" \/>\n<script type=\"application\/ld+json\" class=\"yoast-schema-graph\">{\"@context\":\"https:\\\/\\\/schema.org\",\"@graph\":[{\"@type\":\"Article\",\"@id\":\"https:\\\/\\\/visionrockland.ca\\\/en\\\/societe\\\/une-campagne-gofundme-lancee-pour-la-famille-dun-homme-tue-dans-un-accident-de-voiture\\\/#article\",\"isPartOf\":{\"@id\":\"https:\\\/\\\/visionrockland.ca\\\/en\\\/societe\\\/une-campagne-gofundme-lancee-pour-la-famille-dun-homme-tue-dans-un-accident-de-voiture\\\/\"},\"author\":{\"name\":\"Anil Jhalli\",\"@id\":\"https:\\\/\\\/visionrockland.ca\\\/en\\\/#\\\/schema\\\/person\\\/a09095fdf65e09e747105760fe90175c\"},\"headline\":\"Une campagne GoFundMe lanc\u00e9e pour la famille d&#8217;un homme tu\u00e9 dans un accident de voiture\",\"datePublished\":\"2025-09-15T01:56:30+00:00\",\"dateModified\":\"2026-02-17T19:51:30+00:00\",\"mainEntityOfPage\":{\"@id\":\"https:\\\/\\\/visionrockland.ca\\\/en\\\/societe\\\/une-campagne-gofundme-lancee-pour-la-famille-dun-homme-tue-dans-un-accident-de-voiture\\\/\"},\"wordCount\":557,\"image\":{\"@id\":\"https:\\\/\\\/visionrockland.ca\\\/en\\\/societe\\\/une-campagne-gofundme-lancee-pour-la-famille-dun-homme-tue-dans-un-accident-de-voiture\\\/#primaryimage\"},\"thumbnailUrl\":\"https:\\\/\\\/cdn.editionap.ca\\\/wp-content\\\/uploads\\\/sites\\\/3\\\/2025\\\/09\\\/Screenshot_14-9-2025_215524_.jpeg\",\"articleSection\":[\"Soci\u00e9t\u00e9\"],\"inLanguage\":\"en-US\"},{\"@type\":\"WebPage\",\"@id\":\"https:\\\/\\\/visionrockland.ca\\\/en\\\/societe\\\/une-campagne-gofundme-lancee-pour-la-famille-dun-homme-tue-dans-un-accident-de-voiture\\\/\",\"url\":\"https:\\\/\\\/visionrockland.ca\\\/en\\\/societe\\\/une-campagne-gofundme-lancee-pour-la-famille-dun-homme-tue-dans-un-accident-de-voiture\\\/\",\"name\":\"Une campagne GoFundMe lanc\u00e9e pour la famille d'un homme tu\u00e9 dans un accident de voiture - Vision\",\"isPartOf\":{\"@id\":\"https:\\\/\\\/visionrockland.ca\\\/en\\\/#website\"},\"primaryImageOfPage\":{\"@id\":\"https:\\\/\\\/visionrockland.ca\\\/en\\\/societe\\\/une-campagne-gofundme-lancee-pour-la-famille-dun-homme-tue-dans-un-accident-de-voiture\\\/#primaryimage\"},\"image\":{\"@id\":\"https:\\\/\\\/visionrockland.ca\\\/en\\\/societe\\\/une-campagne-gofundme-lancee-pour-la-famille-dun-homme-tue-dans-un-accident-de-voiture\\\/#primaryimage\"},\"thumbnailUrl\":\"https:\\\/\\\/cdn.editionap.ca\\\/wp-content\\\/uploads\\\/sites\\\/3\\\/2025\\\/09\\\/Screenshot_14-9-2025_215524_.jpeg\",\"datePublished\":\"2025-09-15T01:56:30+00:00\",\"dateModified\":\"2026-02-17T19:51:30+00:00\",\"author\":{\"@id\":\"https:\\\/\\\/visionrockland.ca\\\/en\\\/#\\\/schema\\\/person\\\/a09095fdf65e09e747105760fe90175c\"},\"breadcrumb\":{\"@id\":\"https:\\\/\\\/visionrockland.ca\\\/en\\\/societe\\\/une-campagne-gofundme-lancee-pour-la-famille-dun-homme-tue-dans-un-accident-de-voiture\\\/#breadcrumb\"},\"inLanguage\":\"en-US\",\"potentialAction\":[{\"@type\":\"ReadAction\",\"target\":[\"https:\\\/\\\/visionrockland.ca\\\/en\\\/societe\\\/une-campagne-gofundme-lancee-pour-la-famille-dun-homme-tue-dans-un-accident-de-voiture\\\/\"]}]},{\"@type\":\"ImageObject\",\"inLanguage\":\"en-US\",\"@id\":\"https:\\\/\\\/visionrockland.ca\\\/en\\\/societe\\\/une-campagne-gofundme-lancee-pour-la-famille-dun-homme-tue-dans-un-accident-de-voiture\\\/#primaryimage\",\"url\":\"https:\\\/\\\/cdn.editionap.ca\\\/wp-content\\\/uploads\\\/sites\\\/3\\\/2025\\\/09\\\/Screenshot_14-9-2025_215524_.jpeg\",\"contentUrl\":\"https:\\\/\\\/cdn.editionap.ca\\\/wp-content\\\/uploads\\\/sites\\\/3\\\/2025\\\/09\\\/Screenshot_14-9-2025_215524_.jpeg\",\"width\":587,\"height\":434,\"caption\":\"Frank Komon de Rockland, est d\u00e9c\u00e9d\u00e9 apr\u00e8s que sa voiture ait quitt\u00e9 la route d\u00e9partementale 17 et fait plusieurs tonneaux dans un foss\u00e9. Un ami de la famille a lanc\u00e9 une campagne de financement participatif afin de venir en aide \u00e0 sa femme et \u00e0 son enfant.\"},{\"@type\":\"BreadcrumbList\",\"@id\":\"https:\\\/\\\/visionrockland.ca\\\/en\\\/societe\\\/une-campagne-gofundme-lancee-pour-la-famille-dun-homme-tue-dans-un-accident-de-voiture\\\/#breadcrumb\",\"itemListElement\":[{\"@type\":\"ListItem\",\"position\":1,\"name\":\"Accueil\",\"item\":\"https:\\\/\\\/visionrockland.ca\\\/en\\\/\"},{\"@type\":\"ListItem\",\"position\":2,\"name\":\"Une campagne GoFundMe lanc\u00e9e pour la famille d&rsquo;un homme tu\u00e9 dans un accident de voiture\"}]},{\"@type\":\"WebSite\",\"@id\":\"https:\\\/\\\/visionrockland.ca\\\/en\\\/#website\",\"url\":\"https:\\\/\\\/visionrockland.ca\\\/en\\\/\",\"name\":\"Vision\",\"description\":\"\",\"potentialAction\":[{\"@type\":\"SearchAction\",\"target\":{\"@type\":\"EntryPoint\",\"urlTemplate\":\"https:\\\/\\\/visionrockland.ca\\\/en\\\/?s={search_term_string}\"},\"query-input\":{\"@type\":\"PropertyValueSpecification\",\"valueRequired\":true,\"valueName\":\"search_term_string\"}}],\"inLanguage\":\"en-US\"},{\"@type\":\"Person\",\"@id\":\"https:\\\/\\\/visionrockland.ca\\\/en\\\/#\\\/schema\\\/person\\\/a09095fdf65e09e747105760fe90175c\",\"name\":\"Anil Jhalli\",\"image\":{\"@type\":\"ImageObject\",\"inLanguage\":\"en-US\",\"@id\":\"https:\\\/\\\/secure.gravatar.com\\\/avatar\\\/63becc64fff8877a05400459aa003b94a1fdc8d3954acacc688ee6a2bc39fef8?s=96&d=mm&r=g\",\"url\":\"https:\\\/\\\/secure.gravatar.com\\\/avatar\\\/63becc64fff8877a05400459aa003b94a1fdc8d3954acacc688ee6a2bc39fef8?s=96&d=mm&r=g\",\"contentUrl\":\"https:\\\/\\\/secure.gravatar.com\\\/avatar\\\/63becc64fff8877a05400459aa003b94a1fdc8d3954acacc688ee6a2bc39fef8?s=96&d=mm&r=g\",\"caption\":\"Anil Jhalli\"}}]}<\/script>\n<!-- \/ Yoast SEO plugin. -->","yoast_head_json":{"title":"Une campagne GoFundMe lanc\u00e9e pour la famille d'un homme tu\u00e9 dans un accident de voiture - Vision","robots":{"index":"index","follow":"follow","max-snippet":"max-snippet:-1","max-image-preview":"max-image-preview:large","max-video-preview":"max-video-preview:-1"},"canonical":"https:\/\/visionrockland.ca\/en\/societe\/une-campagne-gofundme-lancee-pour-la-famille-dun-homme-tue-dans-un-accident-de-voiture\/","og_locale":"en_US","og_type":"article","og_title":"Une campagne GoFundMe lanc\u00e9e pour la famille d'un homme tu\u00e9 dans un accident de voiture - Vision","og_description":"Frank Komon \u00e9tait un p\u00e8re de famille qui avait toujours de grands r\u00eaves. Il est venu au Canada avec l&#8217;espoir d&#8217;offrir une vie positive et de qualit\u00e9 \u00e0 sa femme et \u00e0 leur famille grandissante. Mais le 26 ao\u00fbt 2025, tout a chang\u00e9 pour Frank et sa famille. L&#8217;homme de 33 ans rentrait chez lui [&hellip;]","og_url":"https:\/\/visionrockland.ca\/en\/societe\/une-campagne-gofundme-lancee-pour-la-famille-dun-homme-tue-dans-un-accident-de-voiture\/","og_site_name":"Vision","article_published_time":"2025-09-15T01:56:30+00:00","article_modified_time":"2026-02-17T19:51:30+00:00","og_image":[{"width":587,"height":434,"url":"https:\/\/cdn.editionap.ca\/wp-content\/uploads\/sites\/3\/2025\/09\/Screenshot_14-9-2025_215524_.jpeg","type":"image\/jpeg"}],"author":"Anil Jhalli","twitter_card":"summary_large_image","twitter_misc":{"Written by":"Anil Jhalli","Est. reading time":"3 minutes"},"schema":{"@context":"https:\/\/schema.org","@graph":[{"@type":"Article","@id":"https:\/\/visionrockland.ca\/en\/societe\/une-campagne-gofundme-lancee-pour-la-famille-dun-homme-tue-dans-un-accident-de-voiture\/#article","isPartOf":{"@id":"https:\/\/visionrockland.ca\/en\/societe\/une-campagne-gofundme-lancee-pour-la-famille-dun-homme-tue-dans-un-accident-de-voiture\/"},"author":{"name":"Anil Jhalli","@id":"https:\/\/visionrockland.ca\/en\/#\/schema\/person\/a09095fdf65e09e747105760fe90175c"},"headline":"Une campagne GoFundMe lanc\u00e9e pour la famille d&#8217;un homme tu\u00e9 dans un accident de voiture","datePublished":"2025-09-15T01:56:30+00:00","dateModified":"2026-02-17T19:51:30+00:00","mainEntityOfPage":{"@id":"https:\/\/visionrockland.ca\/en\/societe\/une-campagne-gofundme-lancee-pour-la-famille-dun-homme-tue-dans-un-accident-de-voiture\/"},"wordCount":557,"image":{"@id":"https:\/\/visionrockland.ca\/en\/societe\/une-campagne-gofundme-lancee-pour-la-famille-dun-homme-tue-dans-un-accident-de-voiture\/#primaryimage"},"thumbnailUrl":"https:\/\/cdn.editionap.ca\/wp-content\/uploads\/sites\/3\/2025\/09\/Screenshot_14-9-2025_215524_.jpeg","articleSection":["Soci\u00e9t\u00e9"],"inLanguage":"en-US"},{"@type":"WebPage","@id":"https:\/\/visionrockland.ca\/en\/societe\/une-campagne-gofundme-lancee-pour-la-famille-dun-homme-tue-dans-un-accident-de-voiture\/","url":"https:\/\/visionrockland.ca\/en\/societe\/une-campagne-gofundme-lancee-pour-la-famille-dun-homme-tue-dans-un-accident-de-voiture\/","name":"Une campagne GoFundMe lanc\u00e9e pour la famille d'un homme tu\u00e9 dans un accident de voiture - Vision","isPartOf":{"@id":"https:\/\/visionrockland.ca\/en\/#website"},"primaryImageOfPage":{"@id":"https:\/\/visionrockland.ca\/en\/societe\/une-campagne-gofundme-lancee-pour-la-famille-dun-homme-tue-dans-un-accident-de-voiture\/#primaryimage"},"image":{"@id":"https:\/\/visionrockland.ca\/en\/societe\/une-campagne-gofundme-lancee-pour-la-famille-dun-homme-tue-dans-un-accident-de-voiture\/#primaryimage"},"thumbnailUrl":"https:\/\/cdn.editionap.ca\/wp-content\/uploads\/sites\/3\/2025\/09\/Screenshot_14-9-2025_215524_.jpeg","datePublished":"2025-09-15T01:56:30+00:00","dateModified":"2026-02-17T19:51:30+00:00","author":{"@id":"https:\/\/visionrockland.ca\/en\/#\/schema\/person\/a09095fdf65e09e747105760fe90175c"},"breadcrumb":{"@id":"https:\/\/visionrockland.ca\/en\/societe\/une-campagne-gofundme-lancee-pour-la-famille-dun-homme-tue-dans-un-accident-de-voiture\/#breadcrumb"},"inLanguage":"en-US","potentialAction":[{"@type":"ReadAction","target":["https:\/\/visionrockland.ca\/en\/societe\/une-campagne-gofundme-lancee-pour-la-famille-dun-homme-tue-dans-un-accident-de-voiture\/"]}]},{"@type":"ImageObject","inLanguage":"en-US","@id":"https:\/\/visionrockland.ca\/en\/societe\/une-campagne-gofundme-lancee-pour-la-famille-dun-homme-tue-dans-un-accident-de-voiture\/#primaryimage","url":"https:\/\/cdn.editionap.ca\/wp-content\/uploads\/sites\/3\/2025\/09\/Screenshot_14-9-2025_215524_.jpeg","contentUrl":"https:\/\/cdn.editionap.ca\/wp-content\/uploads\/sites\/3\/2025\/09\/Screenshot_14-9-2025_215524_.jpeg","width":587,"height":434,"caption":"Frank Komon de Rockland, est d\u00e9c\u00e9d\u00e9 apr\u00e8s que sa voiture ait quitt\u00e9 la route d\u00e9partementale 17 et fait plusieurs tonneaux dans un foss\u00e9. Un ami de la famille a lanc\u00e9 une campagne de financement participatif afin de venir en aide \u00e0 sa femme et \u00e0 son enfant."},{"@type":"BreadcrumbList","@id":"https:\/\/visionrockland.ca\/en\/societe\/une-campagne-gofundme-lancee-pour-la-famille-dun-homme-tue-dans-un-accident-de-voiture\/#breadcrumb","itemListElement":[{"@type":"ListItem","position":1,"name":"Accueil","item":"https:\/\/visionrockland.ca\/en\/"},{"@type":"ListItem","position":2,"name":"Une campagne GoFundMe lanc\u00e9e pour la famille d&rsquo;un homme tu\u00e9 dans un accident de voiture"}]},{"@type":"WebSite","@id":"https:\/\/visionrockland.ca\/en\/#website","url":"https:\/\/visionrockland.ca\/en\/","name":"Vision","description":"","potentialAction":[{"@type":"SearchAction","target":{"@type":"EntryPoint","urlTemplate":"https:\/\/visionrockland.ca\/en\/?s={search_term_string}"},"query-input":{"@type":"PropertyValueSpecification","valueRequired":true,"valueName":"search_term_string"}}],"inLanguage":"en-US"},{"@type":"Person","@id":"https:\/\/visionrockland.ca\/en\/#\/schema\/person\/a09095fdf65e09e747105760fe90175c","name":"Anil Jhalli","image":{"@type":"ImageObject","inLanguage":"en-US","@id":"https:\/\/secure.gravatar.com\/avatar\/63becc64fff8877a05400459aa003b94a1fdc8d3954acacc688ee6a2bc39fef8?s=96&d=mm&r=g","url":"https:\/\/secure.gravatar.com\/avatar\/63becc64fff8877a05400459aa003b94a1fdc8d3954acacc688ee6a2bc39fef8?s=96&d=mm&r=g","contentUrl":"https:\/\/secure.gravatar.com\/avatar\/63becc64fff8877a05400459aa003b94a1fdc8d3954acacc688ee6a2bc39fef8?s=96&d=mm&r=g","caption":"Anil Jhalli"}}]}},"_links":{"self":[{"href":"https:\/\/visionrockland.ca\/en\/wp-json\/wp\/v2\/posts\/107258","targetHints":{"allow":["GET"]}}],"collection":[{"href":"https:\/\/visionrockland.ca\/en\/wp-json\/wp\/v2\/posts"}],"about":[{"href":"https:\/\/visionrockland.ca\/en\/wp-json\/wp\/v2\/types\/post"}],"author":[{"embeddable":true,"href":"https:\/\/visionrockland.ca\/en\/wp-json\/wp\/v2\/users\/27"}],"replies":[{"embeddable":true,"href":"https:\/\/visionrockland.ca\/en\/wp-json\/wp\/v2\/comments?post=107258"}],"version-history":[{"count":1,"href":"https:\/\/visionrockland.ca\/en\/wp-json\/wp\/v2\/posts\/107258\/revisions"}],"predecessor-version":[{"id":132230,"href":"https:\/\/visionrockland.ca\/en\/wp-json\/wp\/v2\/posts\/107258\/revisions\/132230"}],"wp:featuredmedia":[{"embeddable":true,"href":"https:\/\/visionrockland.ca\/en\/wp-json\/wp\/v2\/media\/107259"}],"wp:attachment":[{"href":"https:\/\/visionrockland.ca\/en\/wp-json\/wp\/v2\/media?parent=107258"}],"wp:term":[{"taxonomy":"category","embeddable":true,"href":"https:\/\/visionrockland.ca\/en\/wp-json\/wp\/v2\/categories?post=107258"},{"taxonomy":"post_tag","embeddable":true,"href":"https:\/\/visionrockland.ca\/en\/wp-json\/wp\/v2\/tags?post=107258"}],"curies":[{"name":"wp","href":"https:\/\/api.w.org\/{rel}","templated":true}]}}