{"id":107242,"date":"2025-09-14T20:59:56","date_gmt":"2025-09-15T00:59:56","guid":{"rendered":"https:\/\/editionap.ca\/?p=107242"},"modified":"2026-02-17T20:51:30","modified_gmt":"2026-02-17T19:51:30","slug":"la-ville-lance-un-nouveau-microsite-consacre-au-developpement-economique-et-au-tourisme","status":"publish","type":"post","link":"https:\/\/visionrockland.ca\/en\/affaires\/la-ville-lance-un-nouveau-microsite-consacre-au-developpement-economique-et-au-tourisme\/","title":{"rendered":"La Ville lance un nouveau microsite consacr\u00e9 au d\u00e9veloppement \u00e9conomique et au tourisme"},"content":{"rendered":"<p><b>La Ville de Clarence-Rockland a officiellement d\u00e9voil\u00e9 son tout nouveau microsite d\u00e9di\u00e9 au d\u00e9veloppement \u00e9conomique et au tourisme.<\/b><\/p>\n<p>Qualifi\u00e9 de \u00ab passerelle vers les opportunit\u00e9s \u00bb, ce microsite, lanc\u00e9 la semaine derni\u00e8re, est con\u00e7u pour soutenir les entreprises locales, attirer les investissements et mettre en valeur tout ce que la ville de Clarence-Rockland a \u00e0 offrir.<\/p>\n<p>\u00ab C&#8217;est un outil essentiel qui met en avant toutes les choses formidables sur lesquelles nous travaillons et que nous avons actuellement dans notre ville \u00bb, a d\u00e9clar\u00e9 Ali Riel, directeur du d\u00e9veloppement \u00e9conomique et du tourisme de la ville de Clarence-Rockland. \u00ab Nous disposons en r\u00e9alit\u00e9 d&#8217;un outil de marketing et de promotion qui permet \u00e0 tout le monde de d\u00e9couvrir ce qui se passe \u00e0 Clarence-Rockland, ce que nous faisons pour aider les entreprises et ce que nous avons \u00e0 offrir pour attirer les gens dans notre ville formidable et en pleine croissance. \u00bb<\/p>\n<p>Que vous souhaitiez cr\u00e9er une entreprise, d\u00e9velopper vos activit\u00e9s actuelles ou simplement d\u00e9couvrir Clarence-Rockland, le microsite est l\u00e0 pour vous guider \u00e0 chaque \u00e9tape.<\/p>\n<p>Voici ce que le nouveau microsite a \u00e0 offrir aux visiteurs :<\/p>\n<p>\u2022 Outils interactifs : le microsite propose une gamme d&#8217;outils interactifs con\u00e7us pour informer, inspirer et soutenir les entrepreneurs, les investisseurs et les visiteurs.<\/p>\n<p>\u2022 Un profil \u00e9conomique dynamique avec des donn\u00e9es actualis\u00e9es sur la population, l&#8217;emploi, les secteurs cl\u00e9s et les tendances locales.<\/p>\n<p>\u2022 Un annuaire interactif des entreprises locales pour faciliter le r\u00e9seautage et la d\u00e9couverte de partenaires potentiels.<\/p>\n<p>\u2022 Les coups de c\u0153ur locaux : une fa\u00e7on unique et authentique d&#8217;explorer les lieux incontournables et les tr\u00e9sors cach\u00e9s de Clarence-Rockland.<\/p>\n<p>M. Riel a d\u00e9clar\u00e9 que le nouveau microsite, con\u00e7u par la soci\u00e9t\u00e9 Upanup bas\u00e9e \u00e0 Vancouver, refl\u00e8te l&#8217;engagement de la ville de Clarence-Rockland en faveur de la vitalit\u00e9 \u00e9conomique en mettant en valeur ce que la ville a \u00e0 offrir, que ce soit aux entrepreneurs, aux investisseurs, aux r\u00e9sidents ou aux visiteurs.<\/p>\n<p>\u00ab Nous serons toujours \u00e0 l&#8217;\u00e9coute des commentaires sur les am\u00e9liorations \u00e0 apporter ou sur tout ce que nous pourrions ajouter pour aider un peu plus les gens \u00bb, a ajout\u00e9 M. Riel. \u00ab Je suis s\u00fbr que nous aurons beaucoup \u00e0 ajouter, et je suis ravi de voir que nous avons lanc\u00e9 ce microsite. Notre ville est en pleine croissance, et ce projet a \u00e9t\u00e9 formidable. C&#8217;est tr\u00e8s gratifiant de le voir se concr\u00e9tiser. \u00bb<\/p>\n<p>Upanup est \u00e9galement en train de refondre le site principal de la ville de Clarence-Rockland, qui sera lanc\u00e9 \u00e0 l&#8217;automne. L&#8217;\u00e9quipe d&#8217;Upanup travaillera en \u00e9troite collaboration avec le personnel de la ville sur le d\u00e9veloppement, les fonctionnalit\u00e9s de conception, les notifications\/abonnements par e-mail, la fonctionnalit\u00e9 de recherche et bien plus encore, ainsi que sur l&#8217;am\u00e9lioration de l&#8217;accessibilit\u00e9 afin de r\u00e9pondre aux normes WCAG 2.2 AA. Upanup travaille \u00e0 l&#8217;am\u00e9lioration des fonctionnalit\u00e9s de recherche, d&#8217;accessibilit\u00e9, des r\u00e9pertoires, des calendriers et des cartes interactives.<\/p>\n<p>Le microsite de la ville sur le d\u00e9veloppement \u00e9conomique et le tourisme est disponible \u00e0 l&#8217;adresse choisir-choose.clarence-rockland.com.<\/p>\n<p>&nbsp;<\/p>\n<p><span data-ccp-props=\"{&quot;201341983&quot;:2,&quot;335551550&quot;:6,&quot;335551620&quot;:6,&quot;335559731&quot;:240,&quot;335559739&quot;:0,&quot;335559740&quot;:240}\">\u00a0<\/span><\/p>\n<p><span data-ccp-props=\"{&quot;201341983&quot;:2,&quot;335551550&quot;:6,&quot;335551620&quot;:6,&quot;335559731&quot;:240,&quot;335559739&quot;:0,&quot;335559740&quot;:240}\">\u00a0<\/span><\/p>\n","protected":false},"excerpt":{"rendered":"<p>La Ville de Clarence-Rockland a officiellement d\u00e9voil\u00e9 son tout nouveau microsite d\u00e9di\u00e9 au d\u00e9veloppement \u00e9conomique et au tourisme. Qualifi\u00e9 de \u00ab passerelle vers les opportunit\u00e9s \u00bb, ce microsite, lanc\u00e9 la semaine derni\u00e8re, est con\u00e7u pour soutenir les entreprises locales, attirer les investissements et mettre en valeur tout ce que la ville de Clarence-Rockland a \u00e0 [&hellip;]<\/p>\n","protected":false},"author":27,"featured_media":107243,"comment_status":"closed","ping_status":"open","sticky":false,"template":"","format":"standard","meta":{"_acf_changed":false,"footnotes":""},"categories":[39],"tags":[],"class_list":["post-107242","post","type-post","status-publish","format-standard","has-post-thumbnail","hentry","category-affaires"],"acf":[],"featured_media_global":[],"yoast_head":"<!-- This site is optimized with the Yoast SEO plugin v27.5 - https:\/\/yoast.com\/product\/yoast-seo-wordpress\/ -->\n<title>La Ville lance un nouveau microsite consacr\u00e9 au d\u00e9veloppement \u00e9conomique et au tourisme - Vision<\/title>\n<meta name=\"robots\" content=\"index, follow, max-snippet:-1, max-image-preview:large, max-video-preview:-1\" \/>\n<link rel=\"canonical\" href=\"https:\/\/visionrockland.ca\/en\/affaires\/la-ville-lance-un-nouveau-microsite-consacre-au-developpement-economique-et-au-tourisme\/\" \/>\n<meta property=\"og:locale\" content=\"en_US\" \/>\n<meta property=\"og:type\" content=\"article\" \/>\n<meta property=\"og:title\" content=\"La Ville lance un nouveau microsite consacr\u00e9 au d\u00e9veloppement \u00e9conomique et au tourisme - Vision\" \/>\n<meta property=\"og:description\" content=\"La Ville de Clarence-Rockland a officiellement d\u00e9voil\u00e9 son tout nouveau microsite d\u00e9di\u00e9 au d\u00e9veloppement \u00e9conomique et au tourisme. Qualifi\u00e9 de \u00ab passerelle vers les opportunit\u00e9s \u00bb, ce microsite, lanc\u00e9 la semaine derni\u00e8re, est con\u00e7u pour soutenir les entreprises locales, attirer les investissements et mettre en valeur tout ce que la ville de Clarence-Rockland a \u00e0 [&hellip;]\" \/>\n<meta property=\"og:url\" content=\"https:\/\/visionrockland.ca\/en\/affaires\/la-ville-lance-un-nouveau-microsite-consacre-au-developpement-economique-et-au-tourisme\/\" \/>\n<meta property=\"og:site_name\" content=\"Vision\" \/>\n<meta property=\"article:published_time\" content=\"2025-09-15T00:59:56+00:00\" \/>\n<meta property=\"article:modified_time\" content=\"2026-02-17T19:51:30+00:00\" \/>\n<meta property=\"og:image\" content=\"https:\/\/cdn.editionap.ca\/wp-content\/uploads\/sites\/3\/2025\/09\/Screenshot_14-9-2025_205836_.jpeg\" \/>\n\t<meta property=\"og:image:width\" content=\"950\" \/>\n\t<meta property=\"og:image:height\" content=\"515\" \/>\n\t<meta property=\"og:image:type\" content=\"image\/jpeg\" \/>\n<meta name=\"author\" content=\"Anil Jhalli\" \/>\n<meta name=\"twitter:card\" content=\"summary_large_image\" \/>\n<meta name=\"twitter:label1\" content=\"Written by\" \/>\n\t<meta name=\"twitter:data1\" content=\"Anil Jhalli\" \/>\n\t<meta name=\"twitter:label2\" content=\"Est. reading time\" \/>\n\t<meta name=\"twitter:data2\" content=\"3 minutes\" \/>\n<script type=\"application\/ld+json\" class=\"yoast-schema-graph\">{\"@context\":\"https:\\\/\\\/schema.org\",\"@graph\":[{\"@type\":\"Article\",\"@id\":\"https:\\\/\\\/visionrockland.ca\\\/en\\\/affaires\\\/la-ville-lance-un-nouveau-microsite-consacre-au-developpement-economique-et-au-tourisme\\\/#article\",\"isPartOf\":{\"@id\":\"https:\\\/\\\/visionrockland.ca\\\/en\\\/affaires\\\/la-ville-lance-un-nouveau-microsite-consacre-au-developpement-economique-et-au-tourisme\\\/\"},\"author\":{\"name\":\"Anil Jhalli\",\"@id\":\"https:\\\/\\\/visionrockland.ca\\\/en\\\/#\\\/schema\\\/person\\\/a09095fdf65e09e747105760fe90175c\"},\"headline\":\"La Ville lance un nouveau microsite consacr\u00e9 au d\u00e9veloppement \u00e9conomique et au tourisme\",\"datePublished\":\"2025-09-15T00:59:56+00:00\",\"dateModified\":\"2026-02-17T19:51:30+00:00\",\"mainEntityOfPage\":{\"@id\":\"https:\\\/\\\/visionrockland.ca\\\/en\\\/affaires\\\/la-ville-lance-un-nouveau-microsite-consacre-au-developpement-economique-et-au-tourisme\\\/\"},\"wordCount\":542,\"image\":{\"@id\":\"https:\\\/\\\/visionrockland.ca\\\/en\\\/affaires\\\/la-ville-lance-un-nouveau-microsite-consacre-au-developpement-economique-et-au-tourisme\\\/#primaryimage\"},\"thumbnailUrl\":\"https:\\\/\\\/cdn.editionap.ca\\\/wp-content\\\/uploads\\\/sites\\\/3\\\/2025\\\/09\\\/Screenshot_14-9-2025_205836_.jpeg\",\"articleSection\":[\"Affaires\"],\"inLanguage\":\"en-US\"},{\"@type\":\"WebPage\",\"@id\":\"https:\\\/\\\/visionrockland.ca\\\/en\\\/affaires\\\/la-ville-lance-un-nouveau-microsite-consacre-au-developpement-economique-et-au-tourisme\\\/\",\"url\":\"https:\\\/\\\/visionrockland.ca\\\/en\\\/affaires\\\/la-ville-lance-un-nouveau-microsite-consacre-au-developpement-economique-et-au-tourisme\\\/\",\"name\":\"La Ville lance un nouveau microsite consacr\u00e9 au d\u00e9veloppement \u00e9conomique et au tourisme - Vision\",\"isPartOf\":{\"@id\":\"https:\\\/\\\/visionrockland.ca\\\/en\\\/#website\"},\"primaryImageOfPage\":{\"@id\":\"https:\\\/\\\/visionrockland.ca\\\/en\\\/affaires\\\/la-ville-lance-un-nouveau-microsite-consacre-au-developpement-economique-et-au-tourisme\\\/#primaryimage\"},\"image\":{\"@id\":\"https:\\\/\\\/visionrockland.ca\\\/en\\\/affaires\\\/la-ville-lance-un-nouveau-microsite-consacre-au-developpement-economique-et-au-tourisme\\\/#primaryimage\"},\"thumbnailUrl\":\"https:\\\/\\\/cdn.editionap.ca\\\/wp-content\\\/uploads\\\/sites\\\/3\\\/2025\\\/09\\\/Screenshot_14-9-2025_205836_.jpeg\",\"datePublished\":\"2025-09-15T00:59:56+00:00\",\"dateModified\":\"2026-02-17T19:51:30+00:00\",\"author\":{\"@id\":\"https:\\\/\\\/visionrockland.ca\\\/en\\\/#\\\/schema\\\/person\\\/a09095fdf65e09e747105760fe90175c\"},\"breadcrumb\":{\"@id\":\"https:\\\/\\\/visionrockland.ca\\\/en\\\/affaires\\\/la-ville-lance-un-nouveau-microsite-consacre-au-developpement-economique-et-au-tourisme\\\/#breadcrumb\"},\"inLanguage\":\"en-US\",\"potentialAction\":[{\"@type\":\"ReadAction\",\"target\":[\"https:\\\/\\\/visionrockland.ca\\\/en\\\/affaires\\\/la-ville-lance-un-nouveau-microsite-consacre-au-developpement-economique-et-au-tourisme\\\/\"]}]},{\"@type\":\"ImageObject\",\"inLanguage\":\"en-US\",\"@id\":\"https:\\\/\\\/visionrockland.ca\\\/en\\\/affaires\\\/la-ville-lance-un-nouveau-microsite-consacre-au-developpement-economique-et-au-tourisme\\\/#primaryimage\",\"url\":\"https:\\\/\\\/cdn.editionap.ca\\\/wp-content\\\/uploads\\\/sites\\\/3\\\/2025\\\/09\\\/Screenshot_14-9-2025_205836_.jpeg\",\"contentUrl\":\"https:\\\/\\\/cdn.editionap.ca\\\/wp-content\\\/uploads\\\/sites\\\/3\\\/2025\\\/09\\\/Screenshot_14-9-2025_205836_.jpeg\",\"width\":950,\"height\":515,\"caption\":\"Ci-dessus, le nouveau microsite de la Ville de Clarence-Rockland consacr\u00e9 au d\u00e9veloppement \u00e9conomique et au tourisme.\"},{\"@type\":\"BreadcrumbList\",\"@id\":\"https:\\\/\\\/visionrockland.ca\\\/en\\\/affaires\\\/la-ville-lance-un-nouveau-microsite-consacre-au-developpement-economique-et-au-tourisme\\\/#breadcrumb\",\"itemListElement\":[{\"@type\":\"ListItem\",\"position\":1,\"name\":\"Accueil\",\"item\":\"https:\\\/\\\/visionrockland.ca\\\/en\\\/\"},{\"@type\":\"ListItem\",\"position\":2,\"name\":\"La Ville lance un nouveau microsite consacr\u00e9 au d\u00e9veloppement \u00e9conomique et au tourisme\"}]},{\"@type\":\"WebSite\",\"@id\":\"https:\\\/\\\/visionrockland.ca\\\/en\\\/#website\",\"url\":\"https:\\\/\\\/visionrockland.ca\\\/en\\\/\",\"name\":\"Vision\",\"description\":\"\",\"potentialAction\":[{\"@type\":\"SearchAction\",\"target\":{\"@type\":\"EntryPoint\",\"urlTemplate\":\"https:\\\/\\\/visionrockland.ca\\\/en\\\/?s={search_term_string}\"},\"query-input\":{\"@type\":\"PropertyValueSpecification\",\"valueRequired\":true,\"valueName\":\"search_term_string\"}}],\"inLanguage\":\"en-US\"},{\"@type\":\"Person\",\"@id\":\"https:\\\/\\\/visionrockland.ca\\\/en\\\/#\\\/schema\\\/person\\\/a09095fdf65e09e747105760fe90175c\",\"name\":\"Anil Jhalli\",\"image\":{\"@type\":\"ImageObject\",\"inLanguage\":\"en-US\",\"@id\":\"https:\\\/\\\/secure.gravatar.com\\\/avatar\\\/63becc64fff8877a05400459aa003b94a1fdc8d3954acacc688ee6a2bc39fef8?s=96&d=mm&r=g\",\"url\":\"https:\\\/\\\/secure.gravatar.com\\\/avatar\\\/63becc64fff8877a05400459aa003b94a1fdc8d3954acacc688ee6a2bc39fef8?s=96&d=mm&r=g\",\"contentUrl\":\"https:\\\/\\\/secure.gravatar.com\\\/avatar\\\/63becc64fff8877a05400459aa003b94a1fdc8d3954acacc688ee6a2bc39fef8?s=96&d=mm&r=g\",\"caption\":\"Anil Jhalli\"}}]}<\/script>\n<!-- \/ Yoast SEO plugin. -->","yoast_head_json":{"title":"La Ville lance un nouveau microsite consacr\u00e9 au d\u00e9veloppement \u00e9conomique et au tourisme - Vision","robots":{"index":"index","follow":"follow","max-snippet":"max-snippet:-1","max-image-preview":"max-image-preview:large","max-video-preview":"max-video-preview:-1"},"canonical":"https:\/\/visionrockland.ca\/en\/affaires\/la-ville-lance-un-nouveau-microsite-consacre-au-developpement-economique-et-au-tourisme\/","og_locale":"en_US","og_type":"article","og_title":"La Ville lance un nouveau microsite consacr\u00e9 au d\u00e9veloppement \u00e9conomique et au tourisme - Vision","og_description":"La Ville de Clarence-Rockland a officiellement d\u00e9voil\u00e9 son tout nouveau microsite d\u00e9di\u00e9 au d\u00e9veloppement \u00e9conomique et au tourisme. Qualifi\u00e9 de \u00ab passerelle vers les opportunit\u00e9s \u00bb, ce microsite, lanc\u00e9 la semaine derni\u00e8re, est con\u00e7u pour soutenir les entreprises locales, attirer les investissements et mettre en valeur tout ce que la ville de Clarence-Rockland a \u00e0 [&hellip;]","og_url":"https:\/\/visionrockland.ca\/en\/affaires\/la-ville-lance-un-nouveau-microsite-consacre-au-developpement-economique-et-au-tourisme\/","og_site_name":"Vision","article_published_time":"2025-09-15T00:59:56+00:00","article_modified_time":"2026-02-17T19:51:30+00:00","og_image":[{"width":950,"height":515,"url":"https:\/\/cdn.editionap.ca\/wp-content\/uploads\/sites\/3\/2025\/09\/Screenshot_14-9-2025_205836_.jpeg","type":"image\/jpeg"}],"author":"Anil Jhalli","twitter_card":"summary_large_image","twitter_misc":{"Written by":"Anil Jhalli","Est. reading time":"3 minutes"},"schema":{"@context":"https:\/\/schema.org","@graph":[{"@type":"Article","@id":"https:\/\/visionrockland.ca\/en\/affaires\/la-ville-lance-un-nouveau-microsite-consacre-au-developpement-economique-et-au-tourisme\/#article","isPartOf":{"@id":"https:\/\/visionrockland.ca\/en\/affaires\/la-ville-lance-un-nouveau-microsite-consacre-au-developpement-economique-et-au-tourisme\/"},"author":{"name":"Anil Jhalli","@id":"https:\/\/visionrockland.ca\/en\/#\/schema\/person\/a09095fdf65e09e747105760fe90175c"},"headline":"La Ville lance un nouveau microsite consacr\u00e9 au d\u00e9veloppement \u00e9conomique et au tourisme","datePublished":"2025-09-15T00:59:56+00:00","dateModified":"2026-02-17T19:51:30+00:00","mainEntityOfPage":{"@id":"https:\/\/visionrockland.ca\/en\/affaires\/la-ville-lance-un-nouveau-microsite-consacre-au-developpement-economique-et-au-tourisme\/"},"wordCount":542,"image":{"@id":"https:\/\/visionrockland.ca\/en\/affaires\/la-ville-lance-un-nouveau-microsite-consacre-au-developpement-economique-et-au-tourisme\/#primaryimage"},"thumbnailUrl":"https:\/\/cdn.editionap.ca\/wp-content\/uploads\/sites\/3\/2025\/09\/Screenshot_14-9-2025_205836_.jpeg","articleSection":["Affaires"],"inLanguage":"en-US"},{"@type":"WebPage","@id":"https:\/\/visionrockland.ca\/en\/affaires\/la-ville-lance-un-nouveau-microsite-consacre-au-developpement-economique-et-au-tourisme\/","url":"https:\/\/visionrockland.ca\/en\/affaires\/la-ville-lance-un-nouveau-microsite-consacre-au-developpement-economique-et-au-tourisme\/","name":"La Ville lance un nouveau microsite consacr\u00e9 au d\u00e9veloppement \u00e9conomique et au tourisme - Vision","isPartOf":{"@id":"https:\/\/visionrockland.ca\/en\/#website"},"primaryImageOfPage":{"@id":"https:\/\/visionrockland.ca\/en\/affaires\/la-ville-lance-un-nouveau-microsite-consacre-au-developpement-economique-et-au-tourisme\/#primaryimage"},"image":{"@id":"https:\/\/visionrockland.ca\/en\/affaires\/la-ville-lance-un-nouveau-microsite-consacre-au-developpement-economique-et-au-tourisme\/#primaryimage"},"thumbnailUrl":"https:\/\/cdn.editionap.ca\/wp-content\/uploads\/sites\/3\/2025\/09\/Screenshot_14-9-2025_205836_.jpeg","datePublished":"2025-09-15T00:59:56+00:00","dateModified":"2026-02-17T19:51:30+00:00","author":{"@id":"https:\/\/visionrockland.ca\/en\/#\/schema\/person\/a09095fdf65e09e747105760fe90175c"},"breadcrumb":{"@id":"https:\/\/visionrockland.ca\/en\/affaires\/la-ville-lance-un-nouveau-microsite-consacre-au-developpement-economique-et-au-tourisme\/#breadcrumb"},"inLanguage":"en-US","potentialAction":[{"@type":"ReadAction","target":["https:\/\/visionrockland.ca\/en\/affaires\/la-ville-lance-un-nouveau-microsite-consacre-au-developpement-economique-et-au-tourisme\/"]}]},{"@type":"ImageObject","inLanguage":"en-US","@id":"https:\/\/visionrockland.ca\/en\/affaires\/la-ville-lance-un-nouveau-microsite-consacre-au-developpement-economique-et-au-tourisme\/#primaryimage","url":"https:\/\/cdn.editionap.ca\/wp-content\/uploads\/sites\/3\/2025\/09\/Screenshot_14-9-2025_205836_.jpeg","contentUrl":"https:\/\/cdn.editionap.ca\/wp-content\/uploads\/sites\/3\/2025\/09\/Screenshot_14-9-2025_205836_.jpeg","width":950,"height":515,"caption":"Ci-dessus, le nouveau microsite de la Ville de Clarence-Rockland consacr\u00e9 au d\u00e9veloppement \u00e9conomique et au tourisme."},{"@type":"BreadcrumbList","@id":"https:\/\/visionrockland.ca\/en\/affaires\/la-ville-lance-un-nouveau-microsite-consacre-au-developpement-economique-et-au-tourisme\/#breadcrumb","itemListElement":[{"@type":"ListItem","position":1,"name":"Accueil","item":"https:\/\/visionrockland.ca\/en\/"},{"@type":"ListItem","position":2,"name":"La Ville lance un nouveau microsite consacr\u00e9 au d\u00e9veloppement \u00e9conomique et au tourisme"}]},{"@type":"WebSite","@id":"https:\/\/visionrockland.ca\/en\/#website","url":"https:\/\/visionrockland.ca\/en\/","name":"Vision","description":"","potentialAction":[{"@type":"SearchAction","target":{"@type":"EntryPoint","urlTemplate":"https:\/\/visionrockland.ca\/en\/?s={search_term_string}"},"query-input":{"@type":"PropertyValueSpecification","valueRequired":true,"valueName":"search_term_string"}}],"inLanguage":"en-US"},{"@type":"Person","@id":"https:\/\/visionrockland.ca\/en\/#\/schema\/person\/a09095fdf65e09e747105760fe90175c","name":"Anil Jhalli","image":{"@type":"ImageObject","inLanguage":"en-US","@id":"https:\/\/secure.gravatar.com\/avatar\/63becc64fff8877a05400459aa003b94a1fdc8d3954acacc688ee6a2bc39fef8?s=96&d=mm&r=g","url":"https:\/\/secure.gravatar.com\/avatar\/63becc64fff8877a05400459aa003b94a1fdc8d3954acacc688ee6a2bc39fef8?s=96&d=mm&r=g","contentUrl":"https:\/\/secure.gravatar.com\/avatar\/63becc64fff8877a05400459aa003b94a1fdc8d3954acacc688ee6a2bc39fef8?s=96&d=mm&r=g","caption":"Anil Jhalli"}}]}},"_links":{"self":[{"href":"https:\/\/visionrockland.ca\/en\/wp-json\/wp\/v2\/posts\/107242","targetHints":{"allow":["GET"]}}],"collection":[{"href":"https:\/\/visionrockland.ca\/en\/wp-json\/wp\/v2\/posts"}],"about":[{"href":"https:\/\/visionrockland.ca\/en\/wp-json\/wp\/v2\/types\/post"}],"author":[{"embeddable":true,"href":"https:\/\/visionrockland.ca\/en\/wp-json\/wp\/v2\/users\/27"}],"replies":[{"embeddable":true,"href":"https:\/\/visionrockland.ca\/en\/wp-json\/wp\/v2\/comments?post=107242"}],"version-history":[{"count":1,"href":"https:\/\/visionrockland.ca\/en\/wp-json\/wp\/v2\/posts\/107242\/revisions"}],"predecessor-version":[{"id":132236,"href":"https:\/\/visionrockland.ca\/en\/wp-json\/wp\/v2\/posts\/107242\/revisions\/132236"}],"wp:featuredmedia":[{"embeddable":true,"href":"https:\/\/visionrockland.ca\/en\/wp-json\/wp\/v2\/media\/107243"}],"wp:attachment":[{"href":"https:\/\/visionrockland.ca\/en\/wp-json\/wp\/v2\/media?parent=107242"}],"wp:term":[{"taxonomy":"category","embeddable":true,"href":"https:\/\/visionrockland.ca\/en\/wp-json\/wp\/v2\/categories?post=107242"},{"taxonomy":"post_tag","embeddable":true,"href":"https:\/\/visionrockland.ca\/en\/wp-json\/wp\/v2\/tags?post=107242"}],"curies":[{"name":"wp","href":"https:\/\/api.w.org\/{rel}","templated":true}]}}