{"id":107206,"date":"2025-09-12T16:53:29","date_gmt":"2025-09-12T20:53:29","guid":{"rendered":"https:\/\/editionap.ca\/?p=107206"},"modified":"2026-02-17T20:51:30","modified_gmt":"2026-02-17T19:51:30","slug":"mise-a-jour-du-budget-dalfred-plantagenet","status":"publish","type":"post","link":"https:\/\/visionrockland.ca\/en\/politique\/mise-a-jour-du-budget-dalfred-plantagenet\/","title":{"rendered":"Mise \u00e0 jour du budget d&#8217;Alfred-Plantagenet"},"content":{"rendered":"<p><strong>Le budget 2025 du canton d&#8217;Alfred-Plantagenet avait besoin d&#8217;\u00eatre l\u00e9g\u00e8rement r\u00e9vis\u00e9.<\/strong><\/p>\n<p>Le conseil municipal a examin\u00e9 un rapport du service des finances sur le budget lors de sa r\u00e9union du 15 juillet.<\/p>\n<p>Le rapport \u00e9num\u00e8re un certain nombre de r\u00e9visions au budget municipal 2025 qui a \u00e9t\u00e9 approuv\u00e9 plus t\u00f4t cette ann\u00e9e.<\/p>\n<p>Les r\u00e9visions n&#8217;affectent pas le montant global du budget pour les op\u00e9rations et les besoins en travaux d&#8217;investissement de la municipalit\u00e9 cette ann\u00e9e. Les r\u00e9visions n&#8217;affectent pas l&#8217;augmentation des imp\u00f4ts qui a \u00e9t\u00e9 approuv\u00e9e pour le budget ou les taux d&#8217;imposition fonci\u00e8re qui ont \u00e9t\u00e9 fix\u00e9s \u00e0 la suite de l&#8217;approbation du budget.<\/p>\n<p>Les r\u00e9visions concernent une proposition de vente de terrains municipaux exc\u00e9dentaires ainsi qu&#8217;un camion-benne des travaux publics qui n&#8217;est plus en service. Les r\u00e9visions budg\u00e9taires comprennent \u00e9galement une proposition d&#8217;achat de deux nouvelles camionnettes pour le personnel des travaux publics et le personnel du service des loisirs.<\/p>\n<p>Le rapport d\u00e9crit \u00e9galement les plans de recherche et d&#8217;obtention de nouvelles subventions pour aider les projets de la municipalit\u00e9.<\/p>\n<p>Le conseil a approuv\u00e9 le rapport et les r\u00e9visions du budget municipal 2025.<\/p>\n","protected":false},"excerpt":{"rendered":"<p>Le budget 2025 du canton d&#8217;Alfred-Plantagenet avait besoin d&#8217;\u00eatre l\u00e9g\u00e8rement r\u00e9vis\u00e9. Le conseil municipal a examin\u00e9 un rapport du service des finances sur le budget lors de sa r\u00e9union du 15 juillet. Le rapport \u00e9num\u00e8re un certain nombre de r\u00e9visions au budget municipal 2025 qui a \u00e9t\u00e9 approuv\u00e9 plus t\u00f4t cette ann\u00e9e. Les r\u00e9visions n&#8217;affectent [&hellip;]<\/p>\n","protected":false},"author":27,"featured_media":98554,"comment_status":"closed","ping_status":"open","sticky":false,"template":"","format":"standard","meta":{"_acf_changed":false,"footnotes":""},"categories":[44],"tags":[],"class_list":["post-107206","post","type-post","status-publish","format-standard","has-post-thumbnail","hentry","category-politique"],"acf":[],"featured_media_global":[],"yoast_head":"<!-- This site is optimized with the Yoast SEO plugin v27.4 - https:\/\/yoast.com\/product\/yoast-seo-wordpress\/ -->\n<title>Mise \u00e0 jour du budget d&#039;Alfred-Plantagenet - Vision<\/title>\n<meta name=\"robots\" content=\"index, follow, max-snippet:-1, max-image-preview:large, max-video-preview:-1\" \/>\n<link rel=\"canonical\" href=\"https:\/\/visionrockland.ca\/en\/politique\/mise-a-jour-du-budget-dalfred-plantagenet\/\" \/>\n<meta property=\"og:locale\" content=\"en_US\" \/>\n<meta property=\"og:type\" content=\"article\" \/>\n<meta property=\"og:title\" content=\"Mise \u00e0 jour du budget d&#039;Alfred-Plantagenet - Vision\" \/>\n<meta property=\"og:description\" content=\"Le budget 2025 du canton d&#8217;Alfred-Plantagenet avait besoin d&#8217;\u00eatre l\u00e9g\u00e8rement r\u00e9vis\u00e9. Le conseil municipal a examin\u00e9 un rapport du service des finances sur le budget lors de sa r\u00e9union du 15 juillet. Le rapport \u00e9num\u00e8re un certain nombre de r\u00e9visions au budget municipal 2025 qui a \u00e9t\u00e9 approuv\u00e9 plus t\u00f4t cette ann\u00e9e. Les r\u00e9visions n&#8217;affectent [&hellip;]\" \/>\n<meta property=\"og:url\" content=\"https:\/\/visionrockland.ca\/en\/politique\/mise-a-jour-du-budget-dalfred-plantagenet\/\" \/>\n<meta property=\"og:site_name\" content=\"Vision\" \/>\n<meta property=\"article:published_time\" content=\"2025-09-12T20:53:29+00:00\" \/>\n<meta property=\"article:modified_time\" content=\"2026-02-17T19:51:30+00:00\" \/>\n<meta property=\"og:image\" content=\"https:\/\/cdn.editionap.ca\/wp-content\/uploads\/sites\/3\/2023\/11\/Planagenet-Municipal-Office-scaled-1.jpg\" \/>\n\t<meta property=\"og:image:width\" content=\"2560\" \/>\n\t<meta property=\"og:image:height\" content=\"1920\" \/>\n\t<meta property=\"og:image:type\" content=\"image\/jpeg\" \/>\n<meta name=\"author\" content=\"Anil Jhalli\" \/>\n<meta name=\"twitter:card\" content=\"summary_large_image\" \/>\n<meta name=\"twitter:label1\" content=\"Written by\" \/>\n\t<meta name=\"twitter:data1\" content=\"Anil Jhalli\" \/>\n\t<meta name=\"twitter:label2\" content=\"Est. reading time\" \/>\n\t<meta name=\"twitter:data2\" content=\"2 minutes\" \/>\n<script type=\"application\/ld+json\" class=\"yoast-schema-graph\">{\"@context\":\"https:\\\/\\\/schema.org\",\"@graph\":[{\"@type\":\"Article\",\"@id\":\"https:\\\/\\\/visionrockland.ca\\\/en\\\/politique\\\/mise-a-jour-du-budget-dalfred-plantagenet\\\/#article\",\"isPartOf\":{\"@id\":\"https:\\\/\\\/visionrockland.ca\\\/en\\\/politique\\\/mise-a-jour-du-budget-dalfred-plantagenet\\\/\"},\"author\":{\"name\":\"Anil Jhalli\",\"@id\":\"https:\\\/\\\/visionrockland.ca\\\/en\\\/#\\\/schema\\\/person\\\/a09095fdf65e09e747105760fe90175c\"},\"headline\":\"Mise \u00e0 jour du budget d&#8217;Alfred-Plantagenet\",\"datePublished\":\"2025-09-12T20:53:29+00:00\",\"dateModified\":\"2026-02-17T19:51:30+00:00\",\"mainEntityOfPage\":{\"@id\":\"https:\\\/\\\/visionrockland.ca\\\/en\\\/politique\\\/mise-a-jour-du-budget-dalfred-plantagenet\\\/\"},\"wordCount\":220,\"image\":{\"@id\":\"https:\\\/\\\/visionrockland.ca\\\/en\\\/politique\\\/mise-a-jour-du-budget-dalfred-plantagenet\\\/#primaryimage\"},\"thumbnailUrl\":\"https:\\\/\\\/cdn.editionap.ca\\\/wp-content\\\/uploads\\\/sites\\\/3\\\/2023\\\/11\\\/Planagenet-Municipal-Office-scaled-1.jpg\",\"articleSection\":[\"Politique\"],\"inLanguage\":\"en-US\"},{\"@type\":\"WebPage\",\"@id\":\"https:\\\/\\\/visionrockland.ca\\\/en\\\/politique\\\/mise-a-jour-du-budget-dalfred-plantagenet\\\/\",\"url\":\"https:\\\/\\\/visionrockland.ca\\\/en\\\/politique\\\/mise-a-jour-du-budget-dalfred-plantagenet\\\/\",\"name\":\"Mise \u00e0 jour du budget d'Alfred-Plantagenet - Vision\",\"isPartOf\":{\"@id\":\"https:\\\/\\\/visionrockland.ca\\\/en\\\/#website\"},\"primaryImageOfPage\":{\"@id\":\"https:\\\/\\\/visionrockland.ca\\\/en\\\/politique\\\/mise-a-jour-du-budget-dalfred-plantagenet\\\/#primaryimage\"},\"image\":{\"@id\":\"https:\\\/\\\/visionrockland.ca\\\/en\\\/politique\\\/mise-a-jour-du-budget-dalfred-plantagenet\\\/#primaryimage\"},\"thumbnailUrl\":\"https:\\\/\\\/cdn.editionap.ca\\\/wp-content\\\/uploads\\\/sites\\\/3\\\/2023\\\/11\\\/Planagenet-Municipal-Office-scaled-1.jpg\",\"datePublished\":\"2025-09-12T20:53:29+00:00\",\"dateModified\":\"2026-02-17T19:51:30+00:00\",\"author\":{\"@id\":\"https:\\\/\\\/visionrockland.ca\\\/en\\\/#\\\/schema\\\/person\\\/a09095fdf65e09e747105760fe90175c\"},\"breadcrumb\":{\"@id\":\"https:\\\/\\\/visionrockland.ca\\\/en\\\/politique\\\/mise-a-jour-du-budget-dalfred-plantagenet\\\/#breadcrumb\"},\"inLanguage\":\"en-US\",\"potentialAction\":[{\"@type\":\"ReadAction\",\"target\":[\"https:\\\/\\\/visionrockland.ca\\\/en\\\/politique\\\/mise-a-jour-du-budget-dalfred-plantagenet\\\/\"]}]},{\"@type\":\"ImageObject\",\"inLanguage\":\"en-US\",\"@id\":\"https:\\\/\\\/visionrockland.ca\\\/en\\\/politique\\\/mise-a-jour-du-budget-dalfred-plantagenet\\\/#primaryimage\",\"url\":\"https:\\\/\\\/cdn.editionap.ca\\\/wp-content\\\/uploads\\\/sites\\\/3\\\/2023\\\/11\\\/Planagenet-Municipal-Office-scaled-1.jpg\",\"contentUrl\":\"https:\\\/\\\/cdn.editionap.ca\\\/wp-content\\\/uploads\\\/sites\\\/3\\\/2023\\\/11\\\/Planagenet-Municipal-Office-scaled-1.jpg\",\"width\":2560,\"height\":1920},{\"@type\":\"BreadcrumbList\",\"@id\":\"https:\\\/\\\/visionrockland.ca\\\/en\\\/politique\\\/mise-a-jour-du-budget-dalfred-plantagenet\\\/#breadcrumb\",\"itemListElement\":[{\"@type\":\"ListItem\",\"position\":1,\"name\":\"Accueil\",\"item\":\"https:\\\/\\\/visionrockland.ca\\\/en\\\/\"},{\"@type\":\"ListItem\",\"position\":2,\"name\":\"Mise \u00e0 jour du budget d&rsquo;Alfred-Plantagenet\"}]},{\"@type\":\"WebSite\",\"@id\":\"https:\\\/\\\/visionrockland.ca\\\/en\\\/#website\",\"url\":\"https:\\\/\\\/visionrockland.ca\\\/en\\\/\",\"name\":\"Vision\",\"description\":\"\",\"potentialAction\":[{\"@type\":\"SearchAction\",\"target\":{\"@type\":\"EntryPoint\",\"urlTemplate\":\"https:\\\/\\\/visionrockland.ca\\\/en\\\/?s={search_term_string}\"},\"query-input\":{\"@type\":\"PropertyValueSpecification\",\"valueRequired\":true,\"valueName\":\"search_term_string\"}}],\"inLanguage\":\"en-US\"},{\"@type\":\"Person\",\"@id\":\"https:\\\/\\\/visionrockland.ca\\\/en\\\/#\\\/schema\\\/person\\\/a09095fdf65e09e747105760fe90175c\",\"name\":\"Anil Jhalli\",\"image\":{\"@type\":\"ImageObject\",\"inLanguage\":\"en-US\",\"@id\":\"https:\\\/\\\/secure.gravatar.com\\\/avatar\\\/63becc64fff8877a05400459aa003b94a1fdc8d3954acacc688ee6a2bc39fef8?s=96&d=mm&r=g\",\"url\":\"https:\\\/\\\/secure.gravatar.com\\\/avatar\\\/63becc64fff8877a05400459aa003b94a1fdc8d3954acacc688ee6a2bc39fef8?s=96&d=mm&r=g\",\"contentUrl\":\"https:\\\/\\\/secure.gravatar.com\\\/avatar\\\/63becc64fff8877a05400459aa003b94a1fdc8d3954acacc688ee6a2bc39fef8?s=96&d=mm&r=g\",\"caption\":\"Anil Jhalli\"}}]}<\/script>\n<!-- \/ Yoast SEO plugin. -->","yoast_head_json":{"title":"Mise \u00e0 jour du budget d'Alfred-Plantagenet - Vision","robots":{"index":"index","follow":"follow","max-snippet":"max-snippet:-1","max-image-preview":"max-image-preview:large","max-video-preview":"max-video-preview:-1"},"canonical":"https:\/\/visionrockland.ca\/en\/politique\/mise-a-jour-du-budget-dalfred-plantagenet\/","og_locale":"en_US","og_type":"article","og_title":"Mise \u00e0 jour du budget d'Alfred-Plantagenet - Vision","og_description":"Le budget 2025 du canton d&#8217;Alfred-Plantagenet avait besoin d&#8217;\u00eatre l\u00e9g\u00e8rement r\u00e9vis\u00e9. Le conseil municipal a examin\u00e9 un rapport du service des finances sur le budget lors de sa r\u00e9union du 15 juillet. Le rapport \u00e9num\u00e8re un certain nombre de r\u00e9visions au budget municipal 2025 qui a \u00e9t\u00e9 approuv\u00e9 plus t\u00f4t cette ann\u00e9e. Les r\u00e9visions n&#8217;affectent [&hellip;]","og_url":"https:\/\/visionrockland.ca\/en\/politique\/mise-a-jour-du-budget-dalfred-plantagenet\/","og_site_name":"Vision","article_published_time":"2025-09-12T20:53:29+00:00","article_modified_time":"2026-02-17T19:51:30+00:00","og_image":[{"width":2560,"height":1920,"url":"https:\/\/cdn.editionap.ca\/wp-content\/uploads\/sites\/3\/2023\/11\/Planagenet-Municipal-Office-scaled-1.jpg","type":"image\/jpeg"}],"author":"Anil Jhalli","twitter_card":"summary_large_image","twitter_misc":{"Written by":"Anil Jhalli","Est. reading time":"2 minutes"},"schema":{"@context":"https:\/\/schema.org","@graph":[{"@type":"Article","@id":"https:\/\/visionrockland.ca\/en\/politique\/mise-a-jour-du-budget-dalfred-plantagenet\/#article","isPartOf":{"@id":"https:\/\/visionrockland.ca\/en\/politique\/mise-a-jour-du-budget-dalfred-plantagenet\/"},"author":{"name":"Anil Jhalli","@id":"https:\/\/visionrockland.ca\/en\/#\/schema\/person\/a09095fdf65e09e747105760fe90175c"},"headline":"Mise \u00e0 jour du budget d&#8217;Alfred-Plantagenet","datePublished":"2025-09-12T20:53:29+00:00","dateModified":"2026-02-17T19:51:30+00:00","mainEntityOfPage":{"@id":"https:\/\/visionrockland.ca\/en\/politique\/mise-a-jour-du-budget-dalfred-plantagenet\/"},"wordCount":220,"image":{"@id":"https:\/\/visionrockland.ca\/en\/politique\/mise-a-jour-du-budget-dalfred-plantagenet\/#primaryimage"},"thumbnailUrl":"https:\/\/cdn.editionap.ca\/wp-content\/uploads\/sites\/3\/2023\/11\/Planagenet-Municipal-Office-scaled-1.jpg","articleSection":["Politique"],"inLanguage":"en-US"},{"@type":"WebPage","@id":"https:\/\/visionrockland.ca\/en\/politique\/mise-a-jour-du-budget-dalfred-plantagenet\/","url":"https:\/\/visionrockland.ca\/en\/politique\/mise-a-jour-du-budget-dalfred-plantagenet\/","name":"Mise \u00e0 jour du budget d'Alfred-Plantagenet - Vision","isPartOf":{"@id":"https:\/\/visionrockland.ca\/en\/#website"},"primaryImageOfPage":{"@id":"https:\/\/visionrockland.ca\/en\/politique\/mise-a-jour-du-budget-dalfred-plantagenet\/#primaryimage"},"image":{"@id":"https:\/\/visionrockland.ca\/en\/politique\/mise-a-jour-du-budget-dalfred-plantagenet\/#primaryimage"},"thumbnailUrl":"https:\/\/cdn.editionap.ca\/wp-content\/uploads\/sites\/3\/2023\/11\/Planagenet-Municipal-Office-scaled-1.jpg","datePublished":"2025-09-12T20:53:29+00:00","dateModified":"2026-02-17T19:51:30+00:00","author":{"@id":"https:\/\/visionrockland.ca\/en\/#\/schema\/person\/a09095fdf65e09e747105760fe90175c"},"breadcrumb":{"@id":"https:\/\/visionrockland.ca\/en\/politique\/mise-a-jour-du-budget-dalfred-plantagenet\/#breadcrumb"},"inLanguage":"en-US","potentialAction":[{"@type":"ReadAction","target":["https:\/\/visionrockland.ca\/en\/politique\/mise-a-jour-du-budget-dalfred-plantagenet\/"]}]},{"@type":"ImageObject","inLanguage":"en-US","@id":"https:\/\/visionrockland.ca\/en\/politique\/mise-a-jour-du-budget-dalfred-plantagenet\/#primaryimage","url":"https:\/\/cdn.editionap.ca\/wp-content\/uploads\/sites\/3\/2023\/11\/Planagenet-Municipal-Office-scaled-1.jpg","contentUrl":"https:\/\/cdn.editionap.ca\/wp-content\/uploads\/sites\/3\/2023\/11\/Planagenet-Municipal-Office-scaled-1.jpg","width":2560,"height":1920},{"@type":"BreadcrumbList","@id":"https:\/\/visionrockland.ca\/en\/politique\/mise-a-jour-du-budget-dalfred-plantagenet\/#breadcrumb","itemListElement":[{"@type":"ListItem","position":1,"name":"Accueil","item":"https:\/\/visionrockland.ca\/en\/"},{"@type":"ListItem","position":2,"name":"Mise \u00e0 jour du budget d&rsquo;Alfred-Plantagenet"}]},{"@type":"WebSite","@id":"https:\/\/visionrockland.ca\/en\/#website","url":"https:\/\/visionrockland.ca\/en\/","name":"Vision","description":"","potentialAction":[{"@type":"SearchAction","target":{"@type":"EntryPoint","urlTemplate":"https:\/\/visionrockland.ca\/en\/?s={search_term_string}"},"query-input":{"@type":"PropertyValueSpecification","valueRequired":true,"valueName":"search_term_string"}}],"inLanguage":"en-US"},{"@type":"Person","@id":"https:\/\/visionrockland.ca\/en\/#\/schema\/person\/a09095fdf65e09e747105760fe90175c","name":"Anil Jhalli","image":{"@type":"ImageObject","inLanguage":"en-US","@id":"https:\/\/secure.gravatar.com\/avatar\/63becc64fff8877a05400459aa003b94a1fdc8d3954acacc688ee6a2bc39fef8?s=96&d=mm&r=g","url":"https:\/\/secure.gravatar.com\/avatar\/63becc64fff8877a05400459aa003b94a1fdc8d3954acacc688ee6a2bc39fef8?s=96&d=mm&r=g","contentUrl":"https:\/\/secure.gravatar.com\/avatar\/63becc64fff8877a05400459aa003b94a1fdc8d3954acacc688ee6a2bc39fef8?s=96&d=mm&r=g","caption":"Anil Jhalli"}}]}},"_links":{"self":[{"href":"https:\/\/visionrockland.ca\/en\/wp-json\/wp\/v2\/posts\/107206","targetHints":{"allow":["GET"]}}],"collection":[{"href":"https:\/\/visionrockland.ca\/en\/wp-json\/wp\/v2\/posts"}],"about":[{"href":"https:\/\/visionrockland.ca\/en\/wp-json\/wp\/v2\/types\/post"}],"author":[{"embeddable":true,"href":"https:\/\/visionrockland.ca\/en\/wp-json\/wp\/v2\/users\/27"}],"replies":[{"embeddable":true,"href":"https:\/\/visionrockland.ca\/en\/wp-json\/wp\/v2\/comments?post=107206"}],"version-history":[{"count":1,"href":"https:\/\/visionrockland.ca\/en\/wp-json\/wp\/v2\/posts\/107206\/revisions"}],"predecessor-version":[{"id":132245,"href":"https:\/\/visionrockland.ca\/en\/wp-json\/wp\/v2\/posts\/107206\/revisions\/132245"}],"wp:featuredmedia":[{"embeddable":true,"href":"https:\/\/visionrockland.ca\/en\/wp-json\/wp\/v2\/media\/98554"}],"wp:attachment":[{"href":"https:\/\/visionrockland.ca\/en\/wp-json\/wp\/v2\/media?parent=107206"}],"wp:term":[{"taxonomy":"category","embeddable":true,"href":"https:\/\/visionrockland.ca\/en\/wp-json\/wp\/v2\/categories?post=107206"},{"taxonomy":"post_tag","embeddable":true,"href":"https:\/\/visionrockland.ca\/en\/wp-json\/wp\/v2\/tags?post=107206"}],"curies":[{"name":"wp","href":"https:\/\/api.w.org\/{rel}","templated":true}]}}