{"id":107148,"date":"2025-09-12T13:42:24","date_gmt":"2025-09-12T17:42:24","guid":{"rendered":"https:\/\/editionap.ca\/?p=107148"},"modified":"2026-02-17T20:51:31","modified_gmt":"2026-02-17T19:51:31","slug":"la-ville-rouvre-laire-de-jeux-aquatiques-du-parc-bourget","status":"publish","type":"post","link":"https:\/\/visionrockland.ca\/en\/actualites\/la-ville-rouvre-laire-de-jeux-aquatiques-du-parc-bourget\/","title":{"rendered":"La ville rouvre l&#8217;aire de jeux aquatiques du parc Bourget"},"content":{"rendered":"<p><strong> La Ville de Clarence-Rockland a annonc\u00e9 sur ses r\u00e9seaux sociaux que l\u2019aire de jeux aquatiques du parc Bourget avait rouvert ses portes.<\/strong><\/p>\n<p>La Ville avait r\u00e9v\u00e9l\u00e9 qu\u2019un acte de vandalisme avait contraint \u00e0 la fermeture de l\u2019aire de jeux aquatiques du parc Bourget, sans donner de date de r\u00e9ouverture au public. Le 17 juillet, la ville a annonc\u00e9 que l\u2019aire de jeux aquatiques du parc Bourget avait rouvert et que les r\u00e9parations n\u00e9cesmsaires avaient \u00e9t\u00e9 effectu\u00e9es apr\u00e8s le vol d\u2019\u00e9quipements.<\/p>\n<p>\u00ab Cette r\u00e9ouverture fait suite au vol d\u2019\u00e9quipements, qui a entra\u00een\u00e9 des r\u00e9parations co\u00fbteuses pour la ville \u00bb, indique un communiqu\u00e9 publi\u00e9 sur la page Facebook de<br \/>\nla ville de Clarence-Rockland. \u00ab Cet acte a priv\u00e9 notre communaut\u00e9 d\u2019un espace public pr\u00e9cieux et a eu des r\u00e9percussions sur de nombreuses familles. Si vous disposez d\u2019informations, veuillez contacter la mairie. Travaillons ensemble pour prot\u00e9ger et<br \/>\nrespecter nos espaces communs. \u00bb.<\/p>\n","protected":false},"excerpt":{"rendered":"<p>La Ville de Clarence-Rockland a annonc\u00e9 sur ses r\u00e9seaux sociaux que l\u2019aire de jeux aquatiques du parc Bourget avait rouvert ses portes. La Ville avait r\u00e9v\u00e9l\u00e9 qu\u2019un acte de vandalisme avait contraint \u00e0 la fermeture de l\u2019aire de jeux aquatiques du parc Bourget, sans donner de date de r\u00e9ouverture au public. Le 17 juillet, la [&hellip;]<\/p>\n","protected":false},"author":27,"featured_media":107149,"comment_status":"closed","ping_status":"open","sticky":false,"template":"","format":"standard","meta":{"_acf_changed":false,"footnotes":""},"categories":[37],"tags":[],"class_list":["post-107148","post","type-post","status-publish","format-standard","has-post-thumbnail","hentry","category-actualites"],"acf":[],"featured_media_global":[],"yoast_head":"<!-- This site is optimized with the Yoast SEO plugin v27.5 - https:\/\/yoast.com\/product\/yoast-seo-wordpress\/ -->\n<title>La ville rouvre l&#039;aire de jeux aquatiques du parc Bourget - Vision<\/title>\n<meta name=\"robots\" content=\"index, follow, max-snippet:-1, max-image-preview:large, max-video-preview:-1\" \/>\n<link rel=\"canonical\" href=\"https:\/\/visionrockland.ca\/en\/actualites\/la-ville-rouvre-laire-de-jeux-aquatiques-du-parc-bourget\/\" \/>\n<meta property=\"og:locale\" content=\"en_US\" \/>\n<meta property=\"og:type\" content=\"article\" \/>\n<meta property=\"og:title\" content=\"La ville rouvre l&#039;aire de jeux aquatiques du parc Bourget - Vision\" \/>\n<meta property=\"og:description\" content=\"La Ville de Clarence-Rockland a annonc\u00e9 sur ses r\u00e9seaux sociaux que l\u2019aire de jeux aquatiques du parc Bourget avait rouvert ses portes. La Ville avait r\u00e9v\u00e9l\u00e9 qu\u2019un acte de vandalisme avait contraint \u00e0 la fermeture de l\u2019aire de jeux aquatiques du parc Bourget, sans donner de date de r\u00e9ouverture au public. Le 17 juillet, la [&hellip;]\" \/>\n<meta property=\"og:url\" content=\"https:\/\/visionrockland.ca\/en\/actualites\/la-ville-rouvre-laire-de-jeux-aquatiques-du-parc-bourget\/\" \/>\n<meta property=\"og:site_name\" content=\"Vision\" \/>\n<meta property=\"article:published_time\" content=\"2025-09-12T17:42:24+00:00\" \/>\n<meta property=\"article:modified_time\" content=\"2026-02-17T19:51:31+00:00\" \/>\n<meta property=\"og:image\" content=\"https:\/\/cdn.editionap.ca\/wp-content\/uploads\/sites\/3\/2025\/09\/Parc-Bourget.jpg\" \/>\n\t<meta property=\"og:image:width\" content=\"300\" \/>\n\t<meta property=\"og:image:height\" content=\"158\" \/>\n\t<meta property=\"og:image:type\" content=\"image\/jpeg\" \/>\n<meta name=\"author\" content=\"Anil Jhalli\" \/>\n<meta name=\"twitter:card\" content=\"summary_large_image\" \/>\n<meta name=\"twitter:label1\" content=\"Written by\" \/>\n\t<meta name=\"twitter:data1\" content=\"Anil Jhalli\" \/>\n\t<meta name=\"twitter:label2\" content=\"Est. reading time\" \/>\n\t<meta name=\"twitter:data2\" content=\"1 minute\" \/>\n<script type=\"application\/ld+json\" class=\"yoast-schema-graph\">{\"@context\":\"https:\\\/\\\/schema.org\",\"@graph\":[{\"@type\":\"Article\",\"@id\":\"https:\\\/\\\/visionrockland.ca\\\/en\\\/actualites\\\/la-ville-rouvre-laire-de-jeux-aquatiques-du-parc-bourget\\\/#article\",\"isPartOf\":{\"@id\":\"https:\\\/\\\/visionrockland.ca\\\/en\\\/actualites\\\/la-ville-rouvre-laire-de-jeux-aquatiques-du-parc-bourget\\\/\"},\"author\":{\"name\":\"Anil Jhalli\",\"@id\":\"https:\\\/\\\/visionrockland.ca\\\/en\\\/#\\\/schema\\\/person\\\/a09095fdf65e09e747105760fe90175c\"},\"headline\":\"La ville rouvre l&#8217;aire de jeux aquatiques du parc Bourget\",\"datePublished\":\"2025-09-12T17:42:24+00:00\",\"dateModified\":\"2026-02-17T19:51:31+00:00\",\"mainEntityOfPage\":{\"@id\":\"https:\\\/\\\/visionrockland.ca\\\/en\\\/actualites\\\/la-ville-rouvre-laire-de-jeux-aquatiques-du-parc-bourget\\\/\"},\"wordCount\":177,\"image\":{\"@id\":\"https:\\\/\\\/visionrockland.ca\\\/en\\\/actualites\\\/la-ville-rouvre-laire-de-jeux-aquatiques-du-parc-bourget\\\/#primaryimage\"},\"thumbnailUrl\":\"https:\\\/\\\/cdn.editionap.ca\\\/wp-content\\\/uploads\\\/sites\\\/3\\\/2025\\\/09\\\/Parc-Bourget.jpg\",\"articleSection\":[\"Actualit\u00e9s\"],\"inLanguage\":\"en-US\"},{\"@type\":\"WebPage\",\"@id\":\"https:\\\/\\\/visionrockland.ca\\\/en\\\/actualites\\\/la-ville-rouvre-laire-de-jeux-aquatiques-du-parc-bourget\\\/\",\"url\":\"https:\\\/\\\/visionrockland.ca\\\/en\\\/actualites\\\/la-ville-rouvre-laire-de-jeux-aquatiques-du-parc-bourget\\\/\",\"name\":\"La ville rouvre l'aire de jeux aquatiques du parc Bourget - Vision\",\"isPartOf\":{\"@id\":\"https:\\\/\\\/visionrockland.ca\\\/en\\\/#website\"},\"primaryImageOfPage\":{\"@id\":\"https:\\\/\\\/visionrockland.ca\\\/en\\\/actualites\\\/la-ville-rouvre-laire-de-jeux-aquatiques-du-parc-bourget\\\/#primaryimage\"},\"image\":{\"@id\":\"https:\\\/\\\/visionrockland.ca\\\/en\\\/actualites\\\/la-ville-rouvre-laire-de-jeux-aquatiques-du-parc-bourget\\\/#primaryimage\"},\"thumbnailUrl\":\"https:\\\/\\\/cdn.editionap.ca\\\/wp-content\\\/uploads\\\/sites\\\/3\\\/2025\\\/09\\\/Parc-Bourget.jpg\",\"datePublished\":\"2025-09-12T17:42:24+00:00\",\"dateModified\":\"2026-02-17T19:51:31+00:00\",\"author\":{\"@id\":\"https:\\\/\\\/visionrockland.ca\\\/en\\\/#\\\/schema\\\/person\\\/a09095fdf65e09e747105760fe90175c\"},\"breadcrumb\":{\"@id\":\"https:\\\/\\\/visionrockland.ca\\\/en\\\/actualites\\\/la-ville-rouvre-laire-de-jeux-aquatiques-du-parc-bourget\\\/#breadcrumb\"},\"inLanguage\":\"en-US\",\"potentialAction\":[{\"@type\":\"ReadAction\",\"target\":[\"https:\\\/\\\/visionrockland.ca\\\/en\\\/actualites\\\/la-ville-rouvre-laire-de-jeux-aquatiques-du-parc-bourget\\\/\"]}]},{\"@type\":\"ImageObject\",\"inLanguage\":\"en-US\",\"@id\":\"https:\\\/\\\/visionrockland.ca\\\/en\\\/actualites\\\/la-ville-rouvre-laire-de-jeux-aquatiques-du-parc-bourget\\\/#primaryimage\",\"url\":\"https:\\\/\\\/cdn.editionap.ca\\\/wp-content\\\/uploads\\\/sites\\\/3\\\/2025\\\/09\\\/Parc-Bourget.jpg\",\"contentUrl\":\"https:\\\/\\\/cdn.editionap.ca\\\/wp-content\\\/uploads\\\/sites\\\/3\\\/2025\\\/09\\\/Parc-Bourget.jpg\",\"width\":300,\"height\":158,\"caption\":\"Parc Bourget.\"},{\"@type\":\"BreadcrumbList\",\"@id\":\"https:\\\/\\\/visionrockland.ca\\\/en\\\/actualites\\\/la-ville-rouvre-laire-de-jeux-aquatiques-du-parc-bourget\\\/#breadcrumb\",\"itemListElement\":[{\"@type\":\"ListItem\",\"position\":1,\"name\":\"Accueil\",\"item\":\"https:\\\/\\\/visionrockland.ca\\\/en\\\/\"},{\"@type\":\"ListItem\",\"position\":2,\"name\":\"La ville rouvre l&rsquo;aire de jeux aquatiques du parc Bourget\"}]},{\"@type\":\"WebSite\",\"@id\":\"https:\\\/\\\/visionrockland.ca\\\/en\\\/#website\",\"url\":\"https:\\\/\\\/visionrockland.ca\\\/en\\\/\",\"name\":\"Vision\",\"description\":\"\",\"potentialAction\":[{\"@type\":\"SearchAction\",\"target\":{\"@type\":\"EntryPoint\",\"urlTemplate\":\"https:\\\/\\\/visionrockland.ca\\\/en\\\/?s={search_term_string}\"},\"query-input\":{\"@type\":\"PropertyValueSpecification\",\"valueRequired\":true,\"valueName\":\"search_term_string\"}}],\"inLanguage\":\"en-US\"},{\"@type\":\"Person\",\"@id\":\"https:\\\/\\\/visionrockland.ca\\\/en\\\/#\\\/schema\\\/person\\\/a09095fdf65e09e747105760fe90175c\",\"name\":\"Anil Jhalli\",\"image\":{\"@type\":\"ImageObject\",\"inLanguage\":\"en-US\",\"@id\":\"https:\\\/\\\/secure.gravatar.com\\\/avatar\\\/63becc64fff8877a05400459aa003b94a1fdc8d3954acacc688ee6a2bc39fef8?s=96&d=mm&r=g\",\"url\":\"https:\\\/\\\/secure.gravatar.com\\\/avatar\\\/63becc64fff8877a05400459aa003b94a1fdc8d3954acacc688ee6a2bc39fef8?s=96&d=mm&r=g\",\"contentUrl\":\"https:\\\/\\\/secure.gravatar.com\\\/avatar\\\/63becc64fff8877a05400459aa003b94a1fdc8d3954acacc688ee6a2bc39fef8?s=96&d=mm&r=g\",\"caption\":\"Anil Jhalli\"}}]}<\/script>\n<!-- \/ Yoast SEO plugin. -->","yoast_head_json":{"title":"La ville rouvre l'aire de jeux aquatiques du parc Bourget - Vision","robots":{"index":"index","follow":"follow","max-snippet":"max-snippet:-1","max-image-preview":"max-image-preview:large","max-video-preview":"max-video-preview:-1"},"canonical":"https:\/\/visionrockland.ca\/en\/actualites\/la-ville-rouvre-laire-de-jeux-aquatiques-du-parc-bourget\/","og_locale":"en_US","og_type":"article","og_title":"La ville rouvre l'aire de jeux aquatiques du parc Bourget - Vision","og_description":"La Ville de Clarence-Rockland a annonc\u00e9 sur ses r\u00e9seaux sociaux que l\u2019aire de jeux aquatiques du parc Bourget avait rouvert ses portes. La Ville avait r\u00e9v\u00e9l\u00e9 qu\u2019un acte de vandalisme avait contraint \u00e0 la fermeture de l\u2019aire de jeux aquatiques du parc Bourget, sans donner de date de r\u00e9ouverture au public. Le 17 juillet, la [&hellip;]","og_url":"https:\/\/visionrockland.ca\/en\/actualites\/la-ville-rouvre-laire-de-jeux-aquatiques-du-parc-bourget\/","og_site_name":"Vision","article_published_time":"2025-09-12T17:42:24+00:00","article_modified_time":"2026-02-17T19:51:31+00:00","og_image":[{"width":300,"height":158,"url":"https:\/\/cdn.editionap.ca\/wp-content\/uploads\/sites\/3\/2025\/09\/Parc-Bourget.jpg","type":"image\/jpeg"}],"author":"Anil Jhalli","twitter_card":"summary_large_image","twitter_misc":{"Written by":"Anil Jhalli","Est. reading time":"1 minute"},"schema":{"@context":"https:\/\/schema.org","@graph":[{"@type":"Article","@id":"https:\/\/visionrockland.ca\/en\/actualites\/la-ville-rouvre-laire-de-jeux-aquatiques-du-parc-bourget\/#article","isPartOf":{"@id":"https:\/\/visionrockland.ca\/en\/actualites\/la-ville-rouvre-laire-de-jeux-aquatiques-du-parc-bourget\/"},"author":{"name":"Anil Jhalli","@id":"https:\/\/visionrockland.ca\/en\/#\/schema\/person\/a09095fdf65e09e747105760fe90175c"},"headline":"La ville rouvre l&#8217;aire de jeux aquatiques du parc Bourget","datePublished":"2025-09-12T17:42:24+00:00","dateModified":"2026-02-17T19:51:31+00:00","mainEntityOfPage":{"@id":"https:\/\/visionrockland.ca\/en\/actualites\/la-ville-rouvre-laire-de-jeux-aquatiques-du-parc-bourget\/"},"wordCount":177,"image":{"@id":"https:\/\/visionrockland.ca\/en\/actualites\/la-ville-rouvre-laire-de-jeux-aquatiques-du-parc-bourget\/#primaryimage"},"thumbnailUrl":"https:\/\/cdn.editionap.ca\/wp-content\/uploads\/sites\/3\/2025\/09\/Parc-Bourget.jpg","articleSection":["Actualit\u00e9s"],"inLanguage":"en-US"},{"@type":"WebPage","@id":"https:\/\/visionrockland.ca\/en\/actualites\/la-ville-rouvre-laire-de-jeux-aquatiques-du-parc-bourget\/","url":"https:\/\/visionrockland.ca\/en\/actualites\/la-ville-rouvre-laire-de-jeux-aquatiques-du-parc-bourget\/","name":"La ville rouvre l'aire de jeux aquatiques du parc Bourget - Vision","isPartOf":{"@id":"https:\/\/visionrockland.ca\/en\/#website"},"primaryImageOfPage":{"@id":"https:\/\/visionrockland.ca\/en\/actualites\/la-ville-rouvre-laire-de-jeux-aquatiques-du-parc-bourget\/#primaryimage"},"image":{"@id":"https:\/\/visionrockland.ca\/en\/actualites\/la-ville-rouvre-laire-de-jeux-aquatiques-du-parc-bourget\/#primaryimage"},"thumbnailUrl":"https:\/\/cdn.editionap.ca\/wp-content\/uploads\/sites\/3\/2025\/09\/Parc-Bourget.jpg","datePublished":"2025-09-12T17:42:24+00:00","dateModified":"2026-02-17T19:51:31+00:00","author":{"@id":"https:\/\/visionrockland.ca\/en\/#\/schema\/person\/a09095fdf65e09e747105760fe90175c"},"breadcrumb":{"@id":"https:\/\/visionrockland.ca\/en\/actualites\/la-ville-rouvre-laire-de-jeux-aquatiques-du-parc-bourget\/#breadcrumb"},"inLanguage":"en-US","potentialAction":[{"@type":"ReadAction","target":["https:\/\/visionrockland.ca\/en\/actualites\/la-ville-rouvre-laire-de-jeux-aquatiques-du-parc-bourget\/"]}]},{"@type":"ImageObject","inLanguage":"en-US","@id":"https:\/\/visionrockland.ca\/en\/actualites\/la-ville-rouvre-laire-de-jeux-aquatiques-du-parc-bourget\/#primaryimage","url":"https:\/\/cdn.editionap.ca\/wp-content\/uploads\/sites\/3\/2025\/09\/Parc-Bourget.jpg","contentUrl":"https:\/\/cdn.editionap.ca\/wp-content\/uploads\/sites\/3\/2025\/09\/Parc-Bourget.jpg","width":300,"height":158,"caption":"Parc Bourget."},{"@type":"BreadcrumbList","@id":"https:\/\/visionrockland.ca\/en\/actualites\/la-ville-rouvre-laire-de-jeux-aquatiques-du-parc-bourget\/#breadcrumb","itemListElement":[{"@type":"ListItem","position":1,"name":"Accueil","item":"https:\/\/visionrockland.ca\/en\/"},{"@type":"ListItem","position":2,"name":"La ville rouvre l&rsquo;aire de jeux aquatiques du parc Bourget"}]},{"@type":"WebSite","@id":"https:\/\/visionrockland.ca\/en\/#website","url":"https:\/\/visionrockland.ca\/en\/","name":"Vision","description":"","potentialAction":[{"@type":"SearchAction","target":{"@type":"EntryPoint","urlTemplate":"https:\/\/visionrockland.ca\/en\/?s={search_term_string}"},"query-input":{"@type":"PropertyValueSpecification","valueRequired":true,"valueName":"search_term_string"}}],"inLanguage":"en-US"},{"@type":"Person","@id":"https:\/\/visionrockland.ca\/en\/#\/schema\/person\/a09095fdf65e09e747105760fe90175c","name":"Anil Jhalli","image":{"@type":"ImageObject","inLanguage":"en-US","@id":"https:\/\/secure.gravatar.com\/avatar\/63becc64fff8877a05400459aa003b94a1fdc8d3954acacc688ee6a2bc39fef8?s=96&d=mm&r=g","url":"https:\/\/secure.gravatar.com\/avatar\/63becc64fff8877a05400459aa003b94a1fdc8d3954acacc688ee6a2bc39fef8?s=96&d=mm&r=g","contentUrl":"https:\/\/secure.gravatar.com\/avatar\/63becc64fff8877a05400459aa003b94a1fdc8d3954acacc688ee6a2bc39fef8?s=96&d=mm&r=g","caption":"Anil Jhalli"}}]}},"_links":{"self":[{"href":"https:\/\/visionrockland.ca\/en\/wp-json\/wp\/v2\/posts\/107148","targetHints":{"allow":["GET"]}}],"collection":[{"href":"https:\/\/visionrockland.ca\/en\/wp-json\/wp\/v2\/posts"}],"about":[{"href":"https:\/\/visionrockland.ca\/en\/wp-json\/wp\/v2\/types\/post"}],"author":[{"embeddable":true,"href":"https:\/\/visionrockland.ca\/en\/wp-json\/wp\/v2\/users\/27"}],"replies":[{"embeddable":true,"href":"https:\/\/visionrockland.ca\/en\/wp-json\/wp\/v2\/comments?post=107148"}],"version-history":[{"count":1,"href":"https:\/\/visionrockland.ca\/en\/wp-json\/wp\/v2\/posts\/107148\/revisions"}],"predecessor-version":[{"id":132254,"href":"https:\/\/visionrockland.ca\/en\/wp-json\/wp\/v2\/posts\/107148\/revisions\/132254"}],"wp:featuredmedia":[{"embeddable":true,"href":"https:\/\/visionrockland.ca\/en\/wp-json\/wp\/v2\/media\/107149"}],"wp:attachment":[{"href":"https:\/\/visionrockland.ca\/en\/wp-json\/wp\/v2\/media?parent=107148"}],"wp:term":[{"taxonomy":"category","embeddable":true,"href":"https:\/\/visionrockland.ca\/en\/wp-json\/wp\/v2\/categories?post=107148"},{"taxonomy":"post_tag","embeddable":true,"href":"https:\/\/visionrockland.ca\/en\/wp-json\/wp\/v2\/tags?post=107148"}],"curies":[{"name":"wp","href":"https:\/\/api.w.org\/{rel}","templated":true}]}}