{"id":106433,"date":"2025-06-20T09:56:04","date_gmt":"2025-06-20T13:56:04","guid":{"rendered":"https:\/\/editionap.ca\/?p=106433"},"modified":"2026-02-17T20:51:31","modified_gmt":"2026-02-17T19:51:31","slug":"le-conseil-dadministration-et-le-personnel-de-la-bibliotheque-c-r-donnent-une-nouvelle-orientation-au-musee","status":"publish","type":"post","link":"https:\/\/visionrockland.ca\/en\/culture\/le-conseil-dadministration-et-le-personnel-de-la-bibliotheque-c-r-donnent-une-nouvelle-orientation-au-musee\/","title":{"rendered":"Le conseil d&#8217;administration et le personnel de la biblioth\u00e8que C-R donnent une nouvelle orientation au mus\u00e9e"},"content":{"rendered":"<p><strong>Lors de sa r\u00e9union du 11 juin, le conseil municipal de Clarence-Rockland a d\u00e9cid\u00e9 que le conseil d&#8217;administration de la biblioth\u00e8que publique de Clarence-Rockland superviserait les responsabilit\u00e9s de gouvernance et de gestion du mus\u00e9e de Clarence-Rockland.<\/strong><\/p>\n<p>Le mus\u00e9e de Clarence-Rockland est en train d&#8217;entrer dans une nouvelle \u00e8re avec la mise en \u0153uvre de son plan strat\u00e9gique, qui d\u00e9finit les enjeux cl\u00e9s, les objectifs strat\u00e9giques et les orientations pour les cinq prochaines ann\u00e9es. Un accord de gouvernance entre la ville de Clarence-Rockland et la biblioth\u00e8que publique sera bient\u00f4t n\u00e9goci\u00e9, ce qui d\u00e9bouchera sur une collaboration passionnante et innovante.<\/p>\n<p>Le mus\u00e9e Clarence-Rockland est ouvert depuis avril 2010 et est enti\u00e8rement g\u00e9r\u00e9 par Gilles Chartrand, qui consacre b\u00e9n\u00e9volement son temps \u00e0 la pr\u00e9servation de l&#8217;histoire et des moments cl\u00e9s de Clarence-Rockland. Pour son temps et son d\u00e9vouement au mus\u00e9e, M. Chartrand a re\u00e7u la m\u00e9daille du roi Charles III.<\/p>\n<p>Le mus\u00e9e occupe l&#8217;ancienne \u00e9cole Ste-Famille, situ\u00e9e au 687, rue Laurier \u00e0 Rockland. Il accueille environ 400 visiteurs par an et pr\u00e9sente une collection de plus de 5 000 photos, documents, journaux, livres anciens, m\u00e9dailles pour bravoure militaire, outils et ustensiles anciens, v\u00eatements, plaques, troph\u00e9es et autres artefacts.<\/p>\n<p><strong>\u00a0 \u00a0 \u00a0 \u00a0 \u00a0 \u00a0 \u00a0 \u00a0 \u00a0 \u00a0 \u00a0 \u00a0 \u00a0 \u00a0 \u00a0 \u00a0 \u00a0 \u00a0 \u00a0 \u00a0 \u00a0 \u00a0 \u00a0 \u00a0 \u00a0 \u00a0 \u00a0 \u00a0 \u00a0 \u00a0 \u00a0 \u00a0 \u00a0 \u00a0 \u00a0 \u00a0 \u00a0 \u00a0 \u00a0 \u00a0 \u00a0 \u00a0 \u00a0 \u00a0 \u00a0 \u00a0 \u00a0 \u00a0 \u00a0 \u00a0 \u00a0 Une nouvelle direction<\/strong><\/p>\n<p>Le mus\u00e9e Clarence-Rockland sera d\u00e9sormais g\u00e9r\u00e9 et administr\u00e9 par le conseil d&#8217;administration et le personnel de la biblioth\u00e8que publique de Clarence-Rockland, sous la direction de Catherina Moskau, directrice g\u00e9n\u00e9rale (PDG) et dipl\u00f4m\u00e9e en histoire de l&#8217;universit\u00e9 McGill \u00e0 Montr\u00e9al. Cette nouvelle structure de gestion permettra au mus\u00e9e Clarence-Rockland d&#8217;\u00eatre \u00e9ligible \u00e0 des subventions.<\/p>\n<p><strong>\u00a0 \u00a0 \u00a0 \u00a0 \u00a0 \u00a0 \u00a0 \u00a0 \u00a0 \u00a0 \u00a0 \u00a0 \u00a0 \u00a0 \u00a0 \u00a0 \u00a0 \u00a0 \u00a0 \u00a0 \u00a0 \u00a0 \u00a0 \u00a0 \u00a0 \u00a0 \u00a0 \u00a0 \u00a0 \u00a0 \u00a0 \u00a0 \u00a0 \u00a0 \u00a0 \u00a0 \u00a0 \u00a0 \u00a0Mettre en valeur l&#8217;histoire de Clarence-Rockland<\/strong><\/p>\n<p>L&#8217;une des nouvelles priorit\u00e9s de la biblioth\u00e8que sera de r\u00e9pertorier et de cataloguer les artefacts du mus\u00e9e. Au cours de ce processus, les r\u00e9sidents qui ont pr\u00eat\u00e9 des objets au mus\u00e9e au cours des derni\u00e8res ann\u00e9es auront la possibilit\u00e9 de les r\u00e9cup\u00e9rer ou de les donner officiellement au mus\u00e9e. Pendant cette p\u00e9riode, le mus\u00e9e sera ferm\u00e9 aux visiteurs \u00e0 partir du 27 juin, sans date de r\u00e9ouverture fix\u00e9e \u00e0 l&#8217;heure o\u00f9 nous mettons sous presse.Le mus\u00e9e Clarence-Rockland r\u00e9nov\u00e9 aura pour mission de pr\u00e9senter et d&#8217;interpr\u00e9ter l&#8217;histoire de la municipalit\u00e9, depuis la fondation de la scierie Edwards et le d\u00e9veloppement des communaut\u00e9s rurales jusqu&#8217;\u00e0 nos jours.<\/p>\n<p><strong>\u00a0 \u00a0 \u00a0 \u00a0 \u00a0 \u00a0 \u00a0 \u00a0 \u00a0 \u00a0 \u00a0 \u00a0 \u00a0 \u00a0 \u00a0 \u00a0 \u00a0 \u00a0 \u00a0 \u00a0 \u00a0 \u00a0 \u00a0 \u00a0 \u00a0 \u00a0 \u00a0 \u00a0 \u00a0 \u00a0 \u00a0 \u00a0 \u00a0 \u00a0 \u00a0 \u00a0 \u00a0 \u00a0 \u00a0 \u00a0 \u00a0 \u00a0 \u00a0 \u00a0 \u00a0 Une vision pour l&#8217;avenir du mus\u00e9e<\/strong><\/p>\n<p>La vision de la ville, telle qu&#8217;elle est d\u00e9crite dans le plan strat\u00e9gique 2024-2028, est que \u00ab Clarence-Rockland continuera d&#8217;\u00eatre une communaut\u00e9 en pleine croissance et prosp\u00e8re, avec une atmosph\u00e8re de petite ville durable \u00bb. Le mus\u00e9e Clarence-Rockland a jou\u00e9 un r\u00f4le essentiel dans la promotion de cette vision gr\u00e2ce \u00e0 des expositions et des programmes attrayants qui rassemblent les habitants pour explorer et d\u00e9couvrir l&#8217;histoire de Clarence-Rockland.<\/p>\n<p>Le plan strat\u00e9gique 2025-2030 du mus\u00e9e comprend un projet de vision et de mandat qui compl\u00e8te les objectifs strat\u00e9giques de la ville et int\u00e8gre les aspirations du mus\u00e9e dans le contexte communautaire plus large.<\/p>\n<p>La planification, qui a dur\u00e9 environ six mois, a \u00e9t\u00e9 men\u00e9e par la soci\u00e9t\u00e9 Local Cultural Resources et comprenait une visite du mus\u00e9e et une visite guid\u00e9e par M. Chartrand. La soci\u00e9t\u00e9 a \u00e9galement men\u00e9 des entretiens avec des acteurs cl\u00e9s du secteur public, des arts, de l&#8217;\u00e9ducation, de la politique et de la soci\u00e9t\u00e9 civile.<\/p>\n<p>La soci\u00e9t\u00e9 a lanc\u00e9 une enqu\u00eate publique afin de comprendre les priorit\u00e9s et les besoins des r\u00e9sidents. Un \u00e9v\u00e9nement en personne a \u00e9galement permis de recueillir plusieurs r\u00e9ponses sur papier. Au total, 70 participants ont r\u00e9pondu \u00e0 l&#8217;enqu\u00eate. Elle a \u00e9galement organis\u00e9 des sessions de groupes de travail, auxquelles ont particip\u00e9 deux membres suppl\u00e9mentaires de la communaut\u00e9 afin de discuter des questions et des objectifs cl\u00e9s.<\/p>\n<p><strong>\u00a0 \u00a0 \u00a0 \u00a0 \u00a0 \u00a0 \u00a0 \u00a0 \u00a0 \u00a0 \u00a0 \u00a0 \u00a0 \u00a0 \u00a0 \u00a0 \u00a0 \u00a0 \u00a0 \u00a0 \u00a0 \u00a0 \u00a0 \u00a0 \u00a0 \u00a0 \u00a0 \u00a0 \u00a0 \u00a0 \u00a0 \u00a0 \u00a0 \u00a0 \u00a0 \u00a0 \u00a0 \u00a0 \u00a0 \u00a0 \u00a0 \u00a0 \u00a0 \u00a0 \u00a0 \u00a0 \u00a0 \u00a0 \u00a0 \u00a0Conclusions et objectifs<\/strong><\/p>\n<p>Une fois le processus termin\u00e9, le cabinet a identifi\u00e9 six questions essentielles qui pr\u00e9occupaient les participants aux s\u00e9ances du groupe de travail. Les participants au groupe de travail ont indiqu\u00e9 qu&#8217;il \u00e9tait important de mettre en place un cadre de gouvernance et de gestion, de travailler \u00e0 la professionnalisation du personnel et des op\u00e9rations, d&#8217;am\u00e9liorer l&#8217;acc\u00e8s physique \u00e0 l&#8217;ensemble du b\u00e2timent, d&#8217;accro\u00eetre la pr\u00e9sence et la notori\u00e9t\u00e9 du mus\u00e9e, d&#8217;am\u00e9liorer l&#8217;acc\u00e8s intellectuel et l&#8217;exp\u00e9rience globale des visiteurs du mus\u00e9e, et de cr\u00e9er des liens et une int\u00e9gration avec la communaut\u00e9.<\/p>\n","protected":false},"excerpt":{"rendered":"<p>Lors de sa r\u00e9union du 11 juin, le conseil municipal de Clarence-Rockland a d\u00e9cid\u00e9 que le conseil d&#8217;administration de la biblioth\u00e8que publique de Clarence-Rockland superviserait les responsabilit\u00e9s de gouvernance et de gestion du mus\u00e9e de Clarence-Rockland. Le mus\u00e9e de Clarence-Rockland est en train d&#8217;entrer dans une nouvelle \u00e8re avec la mise en \u0153uvre de son [&hellip;]<\/p>\n","protected":false},"author":27,"featured_media":105893,"comment_status":"closed","ping_status":"open","sticky":false,"template":"","format":"standard","meta":{"_acf_changed":false,"footnotes":""},"categories":[42],"tags":[],"class_list":["post-106433","post","type-post","status-publish","format-standard","has-post-thumbnail","hentry","category-culture"],"acf":[],"featured_media_global":[],"yoast_head":"<!-- This site is optimized with the Yoast SEO plugin v27.5 - https:\/\/yoast.com\/product\/yoast-seo-wordpress\/ -->\n<title>Le conseil d&#039;administration et le personnel de la biblioth\u00e8que C-R donnent une nouvelle orientation au mus\u00e9e - Vision<\/title>\n<meta name=\"robots\" content=\"index, follow, max-snippet:-1, max-image-preview:large, max-video-preview:-1\" \/>\n<link rel=\"canonical\" href=\"https:\/\/visionrockland.ca\/en\/culture\/le-conseil-dadministration-et-le-personnel-de-la-bibliotheque-c-r-donnent-une-nouvelle-orientation-au-musee\/\" \/>\n<meta property=\"og:locale\" content=\"en_US\" \/>\n<meta property=\"og:type\" content=\"article\" \/>\n<meta property=\"og:title\" content=\"Le conseil d&#039;administration et le personnel de la biblioth\u00e8que C-R donnent une nouvelle orientation au mus\u00e9e - Vision\" \/>\n<meta property=\"og:description\" content=\"Lors de sa r\u00e9union du 11 juin, le conseil municipal de Clarence-Rockland a d\u00e9cid\u00e9 que le conseil d&#8217;administration de la biblioth\u00e8que publique de Clarence-Rockland superviserait les responsabilit\u00e9s de gouvernance et de gestion du mus\u00e9e de Clarence-Rockland. Le mus\u00e9e de Clarence-Rockland est en train d&#8217;entrer dans une nouvelle \u00e8re avec la mise en \u0153uvre de son [&hellip;]\" \/>\n<meta property=\"og:url\" content=\"https:\/\/visionrockland.ca\/en\/culture\/le-conseil-dadministration-et-le-personnel-de-la-bibliotheque-c-r-donnent-une-nouvelle-orientation-au-musee\/\" \/>\n<meta property=\"og:site_name\" content=\"Vision\" \/>\n<meta property=\"article:published_time\" content=\"2025-06-20T13:56:04+00:00\" \/>\n<meta property=\"article:modified_time\" content=\"2026-02-17T19:51:31+00:00\" \/>\n<meta property=\"og:image\" content=\"https:\/\/cdn.editionap.ca\/wp-content\/uploads\/sites\/3\/2025\/05\/C-R-Museum-new.jpg\" \/>\n\t<meta property=\"og:image:width\" content=\"1920\" \/>\n\t<meta property=\"og:image:height\" content=\"1440\" \/>\n\t<meta property=\"og:image:type\" content=\"image\/jpeg\" \/>\n<meta name=\"author\" content=\"Anil Jhalli\" \/>\n<meta name=\"twitter:card\" content=\"summary_large_image\" \/>\n<meta name=\"twitter:label1\" content=\"Written by\" \/>\n\t<meta name=\"twitter:data1\" content=\"Anil Jhalli\" \/>\n\t<meta name=\"twitter:label2\" content=\"Est. reading time\" \/>\n\t<meta name=\"twitter:data2\" content=\"4 minutes\" \/>\n<script type=\"application\/ld+json\" class=\"yoast-schema-graph\">{\"@context\":\"https:\\\/\\\/schema.org\",\"@graph\":[{\"@type\":\"Article\",\"@id\":\"https:\\\/\\\/visionrockland.ca\\\/en\\\/culture\\\/le-conseil-dadministration-et-le-personnel-de-la-bibliotheque-c-r-donnent-une-nouvelle-orientation-au-musee\\\/#article\",\"isPartOf\":{\"@id\":\"https:\\\/\\\/visionrockland.ca\\\/en\\\/culture\\\/le-conseil-dadministration-et-le-personnel-de-la-bibliotheque-c-r-donnent-une-nouvelle-orientation-au-musee\\\/\"},\"author\":{\"name\":\"Anil Jhalli\",\"@id\":\"https:\\\/\\\/visionrockland.ca\\\/en\\\/#\\\/schema\\\/person\\\/a09095fdf65e09e747105760fe90175c\"},\"headline\":\"Le conseil d&#8217;administration et le personnel de la biblioth\u00e8que C-R donnent une nouvelle orientation au mus\u00e9e\",\"datePublished\":\"2025-06-20T13:56:04+00:00\",\"dateModified\":\"2026-02-17T19:51:31+00:00\",\"mainEntityOfPage\":{\"@id\":\"https:\\\/\\\/visionrockland.ca\\\/en\\\/culture\\\/le-conseil-dadministration-et-le-personnel-de-la-bibliotheque-c-r-donnent-une-nouvelle-orientation-au-musee\\\/\"},\"wordCount\":823,\"image\":{\"@id\":\"https:\\\/\\\/visionrockland.ca\\\/en\\\/culture\\\/le-conseil-dadministration-et-le-personnel-de-la-bibliotheque-c-r-donnent-une-nouvelle-orientation-au-musee\\\/#primaryimage\"},\"thumbnailUrl\":\"https:\\\/\\\/cdn.editionap.ca\\\/wp-content\\\/uploads\\\/sites\\\/3\\\/2025\\\/05\\\/C-R-Museum-new.jpg\",\"articleSection\":[\"Culture\"],\"inLanguage\":\"en-US\"},{\"@type\":\"WebPage\",\"@id\":\"https:\\\/\\\/visionrockland.ca\\\/en\\\/culture\\\/le-conseil-dadministration-et-le-personnel-de-la-bibliotheque-c-r-donnent-une-nouvelle-orientation-au-musee\\\/\",\"url\":\"https:\\\/\\\/visionrockland.ca\\\/en\\\/culture\\\/le-conseil-dadministration-et-le-personnel-de-la-bibliotheque-c-r-donnent-une-nouvelle-orientation-au-musee\\\/\",\"name\":\"Le conseil d'administration et le personnel de la biblioth\u00e8que C-R donnent une nouvelle orientation au mus\u00e9e - Vision\",\"isPartOf\":{\"@id\":\"https:\\\/\\\/visionrockland.ca\\\/en\\\/#website\"},\"primaryImageOfPage\":{\"@id\":\"https:\\\/\\\/visionrockland.ca\\\/en\\\/culture\\\/le-conseil-dadministration-et-le-personnel-de-la-bibliotheque-c-r-donnent-une-nouvelle-orientation-au-musee\\\/#primaryimage\"},\"image\":{\"@id\":\"https:\\\/\\\/visionrockland.ca\\\/en\\\/culture\\\/le-conseil-dadministration-et-le-personnel-de-la-bibliotheque-c-r-donnent-une-nouvelle-orientation-au-musee\\\/#primaryimage\"},\"thumbnailUrl\":\"https:\\\/\\\/cdn.editionap.ca\\\/wp-content\\\/uploads\\\/sites\\\/3\\\/2025\\\/05\\\/C-R-Museum-new.jpg\",\"datePublished\":\"2025-06-20T13:56:04+00:00\",\"dateModified\":\"2026-02-17T19:51:31+00:00\",\"author\":{\"@id\":\"https:\\\/\\\/visionrockland.ca\\\/en\\\/#\\\/schema\\\/person\\\/a09095fdf65e09e747105760fe90175c\"},\"breadcrumb\":{\"@id\":\"https:\\\/\\\/visionrockland.ca\\\/en\\\/culture\\\/le-conseil-dadministration-et-le-personnel-de-la-bibliotheque-c-r-donnent-une-nouvelle-orientation-au-musee\\\/#breadcrumb\"},\"inLanguage\":\"en-US\",\"potentialAction\":[{\"@type\":\"ReadAction\",\"target\":[\"https:\\\/\\\/visionrockland.ca\\\/en\\\/culture\\\/le-conseil-dadministration-et-le-personnel-de-la-bibliotheque-c-r-donnent-une-nouvelle-orientation-au-musee\\\/\"]}]},{\"@type\":\"ImageObject\",\"inLanguage\":\"en-US\",\"@id\":\"https:\\\/\\\/visionrockland.ca\\\/en\\\/culture\\\/le-conseil-dadministration-et-le-personnel-de-la-bibliotheque-c-r-donnent-une-nouvelle-orientation-au-musee\\\/#primaryimage\",\"url\":\"https:\\\/\\\/cdn.editionap.ca\\\/wp-content\\\/uploads\\\/sites\\\/3\\\/2025\\\/05\\\/C-R-Museum-new.jpg\",\"contentUrl\":\"https:\\\/\\\/cdn.editionap.ca\\\/wp-content\\\/uploads\\\/sites\\\/3\\\/2025\\\/05\\\/C-R-Museum-new.jpg\",\"width\":1920,\"height\":1440,\"caption\":\"Le conseil d'administration de la biblioth\u00e8que publique de Clarence-Rockland supervisera la nouvelle orientation du mus\u00e9e Clarence-Rockland, une d\u00e9cision prise par le conseil lors de sa r\u00e9union du 11 juin.\"},{\"@type\":\"BreadcrumbList\",\"@id\":\"https:\\\/\\\/visionrockland.ca\\\/en\\\/culture\\\/le-conseil-dadministration-et-le-personnel-de-la-bibliotheque-c-r-donnent-une-nouvelle-orientation-au-musee\\\/#breadcrumb\",\"itemListElement\":[{\"@type\":\"ListItem\",\"position\":1,\"name\":\"Accueil\",\"item\":\"https:\\\/\\\/visionrockland.ca\\\/en\\\/\"},{\"@type\":\"ListItem\",\"position\":2,\"name\":\"Le conseil d&rsquo;administration et le personnel de la biblioth\u00e8que C-R donnent une nouvelle orientation au mus\u00e9e\"}]},{\"@type\":\"WebSite\",\"@id\":\"https:\\\/\\\/visionrockland.ca\\\/en\\\/#website\",\"url\":\"https:\\\/\\\/visionrockland.ca\\\/en\\\/\",\"name\":\"Vision\",\"description\":\"\",\"potentialAction\":[{\"@type\":\"SearchAction\",\"target\":{\"@type\":\"EntryPoint\",\"urlTemplate\":\"https:\\\/\\\/visionrockland.ca\\\/en\\\/?s={search_term_string}\"},\"query-input\":{\"@type\":\"PropertyValueSpecification\",\"valueRequired\":true,\"valueName\":\"search_term_string\"}}],\"inLanguage\":\"en-US\"},{\"@type\":\"Person\",\"@id\":\"https:\\\/\\\/visionrockland.ca\\\/en\\\/#\\\/schema\\\/person\\\/a09095fdf65e09e747105760fe90175c\",\"name\":\"Anil Jhalli\",\"image\":{\"@type\":\"ImageObject\",\"inLanguage\":\"en-US\",\"@id\":\"https:\\\/\\\/secure.gravatar.com\\\/avatar\\\/63becc64fff8877a05400459aa003b94a1fdc8d3954acacc688ee6a2bc39fef8?s=96&d=mm&r=g\",\"url\":\"https:\\\/\\\/secure.gravatar.com\\\/avatar\\\/63becc64fff8877a05400459aa003b94a1fdc8d3954acacc688ee6a2bc39fef8?s=96&d=mm&r=g\",\"contentUrl\":\"https:\\\/\\\/secure.gravatar.com\\\/avatar\\\/63becc64fff8877a05400459aa003b94a1fdc8d3954acacc688ee6a2bc39fef8?s=96&d=mm&r=g\",\"caption\":\"Anil Jhalli\"}}]}<\/script>\n<!-- \/ Yoast SEO plugin. -->","yoast_head_json":{"title":"Le conseil d'administration et le personnel de la biblioth\u00e8que C-R donnent une nouvelle orientation au mus\u00e9e - Vision","robots":{"index":"index","follow":"follow","max-snippet":"max-snippet:-1","max-image-preview":"max-image-preview:large","max-video-preview":"max-video-preview:-1"},"canonical":"https:\/\/visionrockland.ca\/en\/culture\/le-conseil-dadministration-et-le-personnel-de-la-bibliotheque-c-r-donnent-une-nouvelle-orientation-au-musee\/","og_locale":"en_US","og_type":"article","og_title":"Le conseil d'administration et le personnel de la biblioth\u00e8que C-R donnent une nouvelle orientation au mus\u00e9e - Vision","og_description":"Lors de sa r\u00e9union du 11 juin, le conseil municipal de Clarence-Rockland a d\u00e9cid\u00e9 que le conseil d&#8217;administration de la biblioth\u00e8que publique de Clarence-Rockland superviserait les responsabilit\u00e9s de gouvernance et de gestion du mus\u00e9e de Clarence-Rockland. Le mus\u00e9e de Clarence-Rockland est en train d&#8217;entrer dans une nouvelle \u00e8re avec la mise en \u0153uvre de son [&hellip;]","og_url":"https:\/\/visionrockland.ca\/en\/culture\/le-conseil-dadministration-et-le-personnel-de-la-bibliotheque-c-r-donnent-une-nouvelle-orientation-au-musee\/","og_site_name":"Vision","article_published_time":"2025-06-20T13:56:04+00:00","article_modified_time":"2026-02-17T19:51:31+00:00","og_image":[{"width":1920,"height":1440,"url":"https:\/\/cdn.editionap.ca\/wp-content\/uploads\/sites\/3\/2025\/05\/C-R-Museum-new.jpg","type":"image\/jpeg"}],"author":"Anil Jhalli","twitter_card":"summary_large_image","twitter_misc":{"Written by":"Anil Jhalli","Est. reading time":"4 minutes"},"schema":{"@context":"https:\/\/schema.org","@graph":[{"@type":"Article","@id":"https:\/\/visionrockland.ca\/en\/culture\/le-conseil-dadministration-et-le-personnel-de-la-bibliotheque-c-r-donnent-une-nouvelle-orientation-au-musee\/#article","isPartOf":{"@id":"https:\/\/visionrockland.ca\/en\/culture\/le-conseil-dadministration-et-le-personnel-de-la-bibliotheque-c-r-donnent-une-nouvelle-orientation-au-musee\/"},"author":{"name":"Anil Jhalli","@id":"https:\/\/visionrockland.ca\/en\/#\/schema\/person\/a09095fdf65e09e747105760fe90175c"},"headline":"Le conseil d&#8217;administration et le personnel de la biblioth\u00e8que C-R donnent une nouvelle orientation au mus\u00e9e","datePublished":"2025-06-20T13:56:04+00:00","dateModified":"2026-02-17T19:51:31+00:00","mainEntityOfPage":{"@id":"https:\/\/visionrockland.ca\/en\/culture\/le-conseil-dadministration-et-le-personnel-de-la-bibliotheque-c-r-donnent-une-nouvelle-orientation-au-musee\/"},"wordCount":823,"image":{"@id":"https:\/\/visionrockland.ca\/en\/culture\/le-conseil-dadministration-et-le-personnel-de-la-bibliotheque-c-r-donnent-une-nouvelle-orientation-au-musee\/#primaryimage"},"thumbnailUrl":"https:\/\/cdn.editionap.ca\/wp-content\/uploads\/sites\/3\/2025\/05\/C-R-Museum-new.jpg","articleSection":["Culture"],"inLanguage":"en-US"},{"@type":"WebPage","@id":"https:\/\/visionrockland.ca\/en\/culture\/le-conseil-dadministration-et-le-personnel-de-la-bibliotheque-c-r-donnent-une-nouvelle-orientation-au-musee\/","url":"https:\/\/visionrockland.ca\/en\/culture\/le-conseil-dadministration-et-le-personnel-de-la-bibliotheque-c-r-donnent-une-nouvelle-orientation-au-musee\/","name":"Le conseil d'administration et le personnel de la biblioth\u00e8que C-R donnent une nouvelle orientation au mus\u00e9e - Vision","isPartOf":{"@id":"https:\/\/visionrockland.ca\/en\/#website"},"primaryImageOfPage":{"@id":"https:\/\/visionrockland.ca\/en\/culture\/le-conseil-dadministration-et-le-personnel-de-la-bibliotheque-c-r-donnent-une-nouvelle-orientation-au-musee\/#primaryimage"},"image":{"@id":"https:\/\/visionrockland.ca\/en\/culture\/le-conseil-dadministration-et-le-personnel-de-la-bibliotheque-c-r-donnent-une-nouvelle-orientation-au-musee\/#primaryimage"},"thumbnailUrl":"https:\/\/cdn.editionap.ca\/wp-content\/uploads\/sites\/3\/2025\/05\/C-R-Museum-new.jpg","datePublished":"2025-06-20T13:56:04+00:00","dateModified":"2026-02-17T19:51:31+00:00","author":{"@id":"https:\/\/visionrockland.ca\/en\/#\/schema\/person\/a09095fdf65e09e747105760fe90175c"},"breadcrumb":{"@id":"https:\/\/visionrockland.ca\/en\/culture\/le-conseil-dadministration-et-le-personnel-de-la-bibliotheque-c-r-donnent-une-nouvelle-orientation-au-musee\/#breadcrumb"},"inLanguage":"en-US","potentialAction":[{"@type":"ReadAction","target":["https:\/\/visionrockland.ca\/en\/culture\/le-conseil-dadministration-et-le-personnel-de-la-bibliotheque-c-r-donnent-une-nouvelle-orientation-au-musee\/"]}]},{"@type":"ImageObject","inLanguage":"en-US","@id":"https:\/\/visionrockland.ca\/en\/culture\/le-conseil-dadministration-et-le-personnel-de-la-bibliotheque-c-r-donnent-une-nouvelle-orientation-au-musee\/#primaryimage","url":"https:\/\/cdn.editionap.ca\/wp-content\/uploads\/sites\/3\/2025\/05\/C-R-Museum-new.jpg","contentUrl":"https:\/\/cdn.editionap.ca\/wp-content\/uploads\/sites\/3\/2025\/05\/C-R-Museum-new.jpg","width":1920,"height":1440,"caption":"Le conseil d'administration de la biblioth\u00e8que publique de Clarence-Rockland supervisera la nouvelle orientation du mus\u00e9e Clarence-Rockland, une d\u00e9cision prise par le conseil lors de sa r\u00e9union du 11 juin."},{"@type":"BreadcrumbList","@id":"https:\/\/visionrockland.ca\/en\/culture\/le-conseil-dadministration-et-le-personnel-de-la-bibliotheque-c-r-donnent-une-nouvelle-orientation-au-musee\/#breadcrumb","itemListElement":[{"@type":"ListItem","position":1,"name":"Accueil","item":"https:\/\/visionrockland.ca\/en\/"},{"@type":"ListItem","position":2,"name":"Le conseil d&rsquo;administration et le personnel de la biblioth\u00e8que C-R donnent une nouvelle orientation au mus\u00e9e"}]},{"@type":"WebSite","@id":"https:\/\/visionrockland.ca\/en\/#website","url":"https:\/\/visionrockland.ca\/en\/","name":"Vision","description":"","potentialAction":[{"@type":"SearchAction","target":{"@type":"EntryPoint","urlTemplate":"https:\/\/visionrockland.ca\/en\/?s={search_term_string}"},"query-input":{"@type":"PropertyValueSpecification","valueRequired":true,"valueName":"search_term_string"}}],"inLanguage":"en-US"},{"@type":"Person","@id":"https:\/\/visionrockland.ca\/en\/#\/schema\/person\/a09095fdf65e09e747105760fe90175c","name":"Anil Jhalli","image":{"@type":"ImageObject","inLanguage":"en-US","@id":"https:\/\/secure.gravatar.com\/avatar\/63becc64fff8877a05400459aa003b94a1fdc8d3954acacc688ee6a2bc39fef8?s=96&d=mm&r=g","url":"https:\/\/secure.gravatar.com\/avatar\/63becc64fff8877a05400459aa003b94a1fdc8d3954acacc688ee6a2bc39fef8?s=96&d=mm&r=g","contentUrl":"https:\/\/secure.gravatar.com\/avatar\/63becc64fff8877a05400459aa003b94a1fdc8d3954acacc688ee6a2bc39fef8?s=96&d=mm&r=g","caption":"Anil Jhalli"}}]}},"_links":{"self":[{"href":"https:\/\/visionrockland.ca\/en\/wp-json\/wp\/v2\/posts\/106433","targetHints":{"allow":["GET"]}}],"collection":[{"href":"https:\/\/visionrockland.ca\/en\/wp-json\/wp\/v2\/posts"}],"about":[{"href":"https:\/\/visionrockland.ca\/en\/wp-json\/wp\/v2\/types\/post"}],"author":[{"embeddable":true,"href":"https:\/\/visionrockland.ca\/en\/wp-json\/wp\/v2\/users\/27"}],"replies":[{"embeddable":true,"href":"https:\/\/visionrockland.ca\/en\/wp-json\/wp\/v2\/comments?post=106433"}],"version-history":[{"count":1,"href":"https:\/\/visionrockland.ca\/en\/wp-json\/wp\/v2\/posts\/106433\/revisions"}],"predecessor-version":[{"id":132310,"href":"https:\/\/visionrockland.ca\/en\/wp-json\/wp\/v2\/posts\/106433\/revisions\/132310"}],"wp:featuredmedia":[{"embeddable":true,"href":"https:\/\/visionrockland.ca\/en\/wp-json\/wp\/v2\/media\/105893"}],"wp:attachment":[{"href":"https:\/\/visionrockland.ca\/en\/wp-json\/wp\/v2\/media?parent=106433"}],"wp:term":[{"taxonomy":"category","embeddable":true,"href":"https:\/\/visionrockland.ca\/en\/wp-json\/wp\/v2\/categories?post=106433"},{"taxonomy":"post_tag","embeddable":true,"href":"https:\/\/visionrockland.ca\/en\/wp-json\/wp\/v2\/tags?post=106433"}],"curies":[{"name":"wp","href":"https:\/\/api.w.org\/{rel}","templated":true}]}}