{"id":105905,"date":"2025-05-01T22:01:32","date_gmt":"2025-05-02T02:01:32","guid":{"rendered":"https:\/\/editionap.ca\/?p=105905"},"modified":"2026-02-17T20:51:32","modified_gmt":"2026-02-17T19:51:32","slug":"carl-robillard-de-rockland-nomme-meilleur-directeur-general-de-la-lchc","status":"publish","type":"post","link":"https:\/\/visionrockland.ca\/en\/sports-loisirs\/carl-robillard-de-rockland-nomme-meilleur-directeur-general-de-la-lchc\/","title":{"rendered":"Carl Robillard, de Rockland, nomm\u00e9 meilleur directeur g\u00e9n\u00e9ral de la LCHC"},"content":{"rendered":"<p><b><span data-contrast=\"none\">Le talent fait gagner des matchs, mais la culture fait gagner des championnats.<\/span><\/b><span data-ccp-props=\"{&quot;201341983&quot;:0,&quot;335551550&quot;:6,&quot;335551620&quot;:6,&quot;335559739&quot;:0,&quot;335559740&quot;:288}\">\u00a0<\/span><\/p>\n<p><span data-contrast=\"none\">C\u2019est un message que Carl Robillard a transmis \u00e0 toutes les \u00e9quipes de hockey dont il a fait partie.<\/span><span data-ccp-props=\"{&quot;201341983&quot;:2,&quot;335551550&quot;:6,&quot;335551620&quot;:6,&quot;335559731&quot;:240,&quot;335559739&quot;:0,&quot;335559740&quot;:240}\">\u00a0<\/span><\/p>\n<p><span data-contrast=\"none\">Depuis qu\u2019il s\u2019est joint aux Nationals en 2022, Robillard a contribu\u00e9 \u00e0 redresser l\u2019\u00e9quipe en insufflant une nouvelle culture au sein de l\u2019organisation, ce qui s\u2019est traduit par des succ\u00e8s sur la glace. Les Nats ont \u00e9t\u00e9 couronn\u00e9s champions de la saison r\u00e9guli\u00e8re apr\u00e8s avoir termin\u00e9 la campagne 2024-2025 de la Ligue de hockey du Canada central (LHCC) avec une fiche impressionnante de 45-8-1-1. Ils se sont qualifi\u00e9s pour les s\u00e9ries \u00e9liminatoires pour une deuxi\u00e8me ann\u00e9e cons\u00e9cutive et ont remport\u00e9 la division Yzerman, terminant avec 21 points d\u2019avance sur les Navan Grads, deuxi\u00e8mes au classement.<\/span><span data-ccp-props=\"{&quot;201341983&quot;:2,&quot;335551550&quot;:6,&quot;335551620&quot;:6,&quot;335559731&quot;:240,&quot;335559739&quot;:0,&quot;335559740&quot;:240}\">\u00a0<\/span><\/p>\n<p><span data-contrast=\"none\">Pour ses efforts, Robillard a \u00e9t\u00e9 nomm\u00e9 directeur g\u00e9n\u00e9ral de l\u2019ann\u00e9e dans la LCHC, a annonc\u00e9 la ligue la semaine derni\u00e8re.<\/span><span data-ccp-props=\"{&quot;201341983&quot;:2,&quot;335551550&quot;:6,&quot;335551620&quot;:6,&quot;335559731&quot;:240,&quot;335559739&quot;:0,&quot;335559740&quot;:240}\">\u00a0<\/span><\/p>\n<p><span data-contrast=\"none\">\u00ab C\u2019est le point culminant de plusieurs ann\u00e9es de travail acharn\u00e9, de la mise sur pied de cette \u00e9quipe et de l\u2019embauche de personnes qui appuient votre message \u00bb, a d\u00e9clar\u00e9 Robillard en entrevue avec La Vision. \u00ab Je consid\u00e8re qu\u2019il s\u2019agit d\u2019un prix d\u2019\u00e9quipe. Nous avons tous travaill\u00e9 fort ensemble pour former une \u00e9quipe qui croit en notre culture. \u00bb<\/span><span data-ccp-props=\"{&quot;201341983&quot;:2,&quot;335551550&quot;:6,&quot;335551620&quot;:6,&quot;335559731&quot;:240,&quot;335559739&quot;:0,&quot;335559740&quot;:240}\">\u00a0<\/span><\/p>\n<p><span data-contrast=\"none\">Avec plus de 15 ans d\u2019exp\u00e9rience au plus haut niveau du hockey, Robillard a mis \u00e0 profit son expertise comme d\u00e9pisteur pour \u00e9largir son r\u00e9seau de contacts. Sa philosophie repose sur l\u2019engagement, le caract\u00e8re et la communication. Il a b\u00e2ti une \u00e9quipe qui incarne pleinement ces valeurs fondamentales, cr\u00e9ant ainsi un environnement gagnant.<\/span><span data-ccp-props=\"{&quot;201341983&quot;:2,&quot;335551550&quot;:6,&quot;335551620&quot;:6,&quot;335559731&quot;:240,&quot;335559739&quot;:0,&quot;335559740&quot;:240}\">\u00a0<\/span><\/p>\n<p><span data-contrast=\"none\">\u00ab Je fais ce m\u00e9tier depuis longtemps et, \u00e0 un moment donn\u00e9, il est devenu plus facile de recruter des talents qui voulaient faire partie de cette nouvelle culture que nous essayions d\u2019\u00e9tablir \u00bb, a-t-il ajout\u00e9. \u00ab Nous avons construit autour d\u2019un noyau de joueurs, et c\u2019est incroyable de voir \u00e0 quel point ils ont travaill\u00e9 fort, et \u00e0 quel point cette \u00e9quipe a progress\u00e9. Les r\u00e9sultats commencent \u00e0 se faire sentir sur la glace et je suis tr\u00e8s fier de ce qu\u2019ils accomplissent. Faire partie de tout \u00e7a, c\u2019est quelque chose de sp\u00e9cial. \u00bb<\/span><span data-ccp-props=\"{&quot;201341983&quot;:2,&quot;335551550&quot;:6,&quot;335551620&quot;:6,&quot;335559731&quot;:240,&quot;335559739&quot;:0,&quot;335559740&quot;:240}\">\u00a0<\/span><\/p>\n<p><span data-contrast=\"none\">La reconnaissance accord\u00e9e \u00e0 Robillard s\u2019ajoute \u00e0 une s\u00e9rie de distinctions pour plusieurs membres de l\u2019organisation des Nationals. L\u2019entra\u00eeneur-chef Justin Pereira a \u00e9t\u00e9 nomm\u00e9 entra\u00eeneur de l\u2019ann\u00e9e, tandis que Denis Dalrymple a \u00e9galement \u00e9t\u00e9 honor\u00e9 par la ligue pour son travail derri\u00e8re le banc.<\/span><span data-ccp-props=\"{&quot;201341983&quot;:2,&quot;335551550&quot;:6,&quot;335551620&quot;:6,&quot;335559731&quot;:240,&quot;335559739&quot;:0,&quot;335559740&quot;:240}\">\u00a0<\/span><\/p>\n<p><span data-contrast=\"none\">\u00ab Je suis tr\u00e8s fier de ces deux hommes, qui sont des piliers de notre \u00e9quipe \u00bb, a soulign\u00e9 Robillard. \u00ab Que dire de Justin : c\u2019est un p\u00e9dagogue. Lui et les autres entra\u00eeneurs ne dictent pas aux joueurs quoi faire, ils leur enseignent. Il a fait un travail exceptionnel avec eux. Et Denis, nous avons beaucoup de chance de l\u2019avoir. Il passe d\u2019innombrables heures sur la glace. Il vit et respire pour cette \u00e9quipe. \u00bb<\/span><span data-ccp-props=\"{&quot;201341983&quot;:2,&quot;335551550&quot;:6,&quot;335551620&quot;:6,&quot;335559731&quot;:240,&quot;335559739&quot;:0,&quot;335559740&quot;:240}\">\u00a0<\/span><\/p>\n","protected":false},"excerpt":{"rendered":"<p>Le talent fait gagner des matchs, mais la culture fait gagner des championnats.\u00a0 C\u2019est un message que Carl Robillard a transmis \u00e0 toutes les \u00e9quipes de hockey dont il a fait partie.\u00a0 Depuis qu\u2019il s\u2019est joint aux Nationals en 2022, Robillard a contribu\u00e9 \u00e0 redresser l\u2019\u00e9quipe en insufflant une nouvelle culture au sein de l\u2019organisation, [&hellip;]<\/p>\n","protected":false},"author":27,"featured_media":105907,"comment_status":"closed","ping_status":"open","sticky":false,"template":"","format":"standard","meta":{"_acf_changed":false,"footnotes":""},"categories":[38],"tags":[],"class_list":["post-105905","post","type-post","status-publish","format-standard","has-post-thumbnail","hentry","category-sports-loisirs"],"acf":[],"featured_media_global":[],"yoast_head":"<!-- This site is optimized with the Yoast SEO plugin v27.4 - https:\/\/yoast.com\/product\/yoast-seo-wordpress\/ -->\n<title>Carl Robillard, de Rockland, nomm\u00e9 meilleur directeur g\u00e9n\u00e9ral de la LCHC - Vision<\/title>\n<meta name=\"robots\" content=\"index, follow, max-snippet:-1, max-image-preview:large, max-video-preview:-1\" \/>\n<link rel=\"canonical\" href=\"https:\/\/visionrockland.ca\/en\/sports-loisirs\/carl-robillard-de-rockland-nomme-meilleur-directeur-general-de-la-lchc\/\" \/>\n<meta property=\"og:locale\" content=\"en_US\" \/>\n<meta property=\"og:type\" content=\"article\" \/>\n<meta property=\"og:title\" content=\"Carl Robillard, de Rockland, nomm\u00e9 meilleur directeur g\u00e9n\u00e9ral de la LCHC - Vision\" \/>\n<meta property=\"og:description\" content=\"Le talent fait gagner des matchs, mais la culture fait gagner des championnats.\u00a0 C\u2019est un message que Carl Robillard a transmis \u00e0 toutes les \u00e9quipes de hockey dont il a fait partie.\u00a0 Depuis qu\u2019il s\u2019est joint aux Nationals en 2022, Robillard a contribu\u00e9 \u00e0 redresser l\u2019\u00e9quipe en insufflant une nouvelle culture au sein de l\u2019organisation, [&hellip;]\" \/>\n<meta property=\"og:url\" content=\"https:\/\/visionrockland.ca\/en\/sports-loisirs\/carl-robillard-de-rockland-nomme-meilleur-directeur-general-de-la-lchc\/\" \/>\n<meta property=\"og:site_name\" content=\"Vision\" \/>\n<meta property=\"article:published_time\" content=\"2025-05-02T02:01:32+00:00\" \/>\n<meta property=\"article:modified_time\" content=\"2026-02-17T19:51:32+00:00\" \/>\n<meta property=\"og:image\" content=\"https:\/\/cdn.editionap.ca\/wp-content\/uploads\/sites\/3\/2025\/05\/Carl-robillard-1.jpg\" \/>\n\t<meta property=\"og:image:width\" content=\"731\" \/>\n\t<meta property=\"og:image:height\" content=\"487\" \/>\n\t<meta property=\"og:image:type\" content=\"image\/jpeg\" \/>\n<meta name=\"author\" content=\"Anil Jhalli\" \/>\n<meta name=\"twitter:card\" content=\"summary_large_image\" \/>\n<meta name=\"twitter:label1\" content=\"Written by\" \/>\n\t<meta name=\"twitter:data1\" content=\"Anil Jhalli\" \/>\n\t<meta name=\"twitter:label2\" content=\"Est. reading time\" \/>\n\t<meta name=\"twitter:data2\" content=\"3 minutes\" \/>\n<script type=\"application\/ld+json\" class=\"yoast-schema-graph\">{\"@context\":\"https:\\\/\\\/schema.org\",\"@graph\":[{\"@type\":\"Article\",\"@id\":\"https:\\\/\\\/visionrockland.ca\\\/en\\\/sports-loisirs\\\/carl-robillard-de-rockland-nomme-meilleur-directeur-general-de-la-lchc\\\/#article\",\"isPartOf\":{\"@id\":\"https:\\\/\\\/visionrockland.ca\\\/en\\\/sports-loisirs\\\/carl-robillard-de-rockland-nomme-meilleur-directeur-general-de-la-lchc\\\/\"},\"author\":{\"name\":\"Anil Jhalli\",\"@id\":\"https:\\\/\\\/visionrockland.ca\\\/en\\\/#\\\/schema\\\/person\\\/a09095fdf65e09e747105760fe90175c\"},\"headline\":\"Carl Robillard, de Rockland, nomm\u00e9 meilleur directeur g\u00e9n\u00e9ral de la LCHC\",\"datePublished\":\"2025-05-02T02:01:32+00:00\",\"dateModified\":\"2026-02-17T19:51:32+00:00\",\"mainEntityOfPage\":{\"@id\":\"https:\\\/\\\/visionrockland.ca\\\/en\\\/sports-loisirs\\\/carl-robillard-de-rockland-nomme-meilleur-directeur-general-de-la-lchc\\\/\"},\"wordCount\":532,\"image\":{\"@id\":\"https:\\\/\\\/visionrockland.ca\\\/en\\\/sports-loisirs\\\/carl-robillard-de-rockland-nomme-meilleur-directeur-general-de-la-lchc\\\/#primaryimage\"},\"thumbnailUrl\":\"https:\\\/\\\/cdn.editionap.ca\\\/wp-content\\\/uploads\\\/sites\\\/3\\\/2025\\\/05\\\/Carl-robillard-1.jpg\",\"articleSection\":[\"Sports et loisirs\"],\"inLanguage\":\"en-US\"},{\"@type\":\"WebPage\",\"@id\":\"https:\\\/\\\/visionrockland.ca\\\/en\\\/sports-loisirs\\\/carl-robillard-de-rockland-nomme-meilleur-directeur-general-de-la-lchc\\\/\",\"url\":\"https:\\\/\\\/visionrockland.ca\\\/en\\\/sports-loisirs\\\/carl-robillard-de-rockland-nomme-meilleur-directeur-general-de-la-lchc\\\/\",\"name\":\"Carl Robillard, de Rockland, nomm\u00e9 meilleur directeur g\u00e9n\u00e9ral de la LCHC - Vision\",\"isPartOf\":{\"@id\":\"https:\\\/\\\/visionrockland.ca\\\/en\\\/#website\"},\"primaryImageOfPage\":{\"@id\":\"https:\\\/\\\/visionrockland.ca\\\/en\\\/sports-loisirs\\\/carl-robillard-de-rockland-nomme-meilleur-directeur-general-de-la-lchc\\\/#primaryimage\"},\"image\":{\"@id\":\"https:\\\/\\\/visionrockland.ca\\\/en\\\/sports-loisirs\\\/carl-robillard-de-rockland-nomme-meilleur-directeur-general-de-la-lchc\\\/#primaryimage\"},\"thumbnailUrl\":\"https:\\\/\\\/cdn.editionap.ca\\\/wp-content\\\/uploads\\\/sites\\\/3\\\/2025\\\/05\\\/Carl-robillard-1.jpg\",\"datePublished\":\"2025-05-02T02:01:32+00:00\",\"dateModified\":\"2026-02-17T19:51:32+00:00\",\"author\":{\"@id\":\"https:\\\/\\\/visionrockland.ca\\\/en\\\/#\\\/schema\\\/person\\\/a09095fdf65e09e747105760fe90175c\"},\"breadcrumb\":{\"@id\":\"https:\\\/\\\/visionrockland.ca\\\/en\\\/sports-loisirs\\\/carl-robillard-de-rockland-nomme-meilleur-directeur-general-de-la-lchc\\\/#breadcrumb\"},\"inLanguage\":\"en-US\",\"potentialAction\":[{\"@type\":\"ReadAction\",\"target\":[\"https:\\\/\\\/visionrockland.ca\\\/en\\\/sports-loisirs\\\/carl-robillard-de-rockland-nomme-meilleur-directeur-general-de-la-lchc\\\/\"]}]},{\"@type\":\"ImageObject\",\"inLanguage\":\"en-US\",\"@id\":\"https:\\\/\\\/visionrockland.ca\\\/en\\\/sports-loisirs\\\/carl-robillard-de-rockland-nomme-meilleur-directeur-general-de-la-lchc\\\/#primaryimage\",\"url\":\"https:\\\/\\\/cdn.editionap.ca\\\/wp-content\\\/uploads\\\/sites\\\/3\\\/2025\\\/05\\\/Carl-robillard-1.jpg\",\"contentUrl\":\"https:\\\/\\\/cdn.editionap.ca\\\/wp-content\\\/uploads\\\/sites\\\/3\\\/2025\\\/05\\\/Carl-robillard-1.jpg\",\"width\":731,\"height\":487,\"caption\":\"Carl Robillard des Nationals de Rockland a \u00e9t\u00e9 nomm\u00e9 directeur g\u00e9n\u00e9ral de l'ann\u00e9e dans la LCHC.\"},{\"@type\":\"BreadcrumbList\",\"@id\":\"https:\\\/\\\/visionrockland.ca\\\/en\\\/sports-loisirs\\\/carl-robillard-de-rockland-nomme-meilleur-directeur-general-de-la-lchc\\\/#breadcrumb\",\"itemListElement\":[{\"@type\":\"ListItem\",\"position\":1,\"name\":\"Accueil\",\"item\":\"https:\\\/\\\/visionrockland.ca\\\/en\\\/\"},{\"@type\":\"ListItem\",\"position\":2,\"name\":\"Carl Robillard, de Rockland, nomm\u00e9 meilleur directeur g\u00e9n\u00e9ral de la LCHC\"}]},{\"@type\":\"WebSite\",\"@id\":\"https:\\\/\\\/visionrockland.ca\\\/en\\\/#website\",\"url\":\"https:\\\/\\\/visionrockland.ca\\\/en\\\/\",\"name\":\"Vision\",\"description\":\"\",\"potentialAction\":[{\"@type\":\"SearchAction\",\"target\":{\"@type\":\"EntryPoint\",\"urlTemplate\":\"https:\\\/\\\/visionrockland.ca\\\/en\\\/?s={search_term_string}\"},\"query-input\":{\"@type\":\"PropertyValueSpecification\",\"valueRequired\":true,\"valueName\":\"search_term_string\"}}],\"inLanguage\":\"en-US\"},{\"@type\":\"Person\",\"@id\":\"https:\\\/\\\/visionrockland.ca\\\/en\\\/#\\\/schema\\\/person\\\/a09095fdf65e09e747105760fe90175c\",\"name\":\"Anil Jhalli\",\"image\":{\"@type\":\"ImageObject\",\"inLanguage\":\"en-US\",\"@id\":\"https:\\\/\\\/secure.gravatar.com\\\/avatar\\\/63becc64fff8877a05400459aa003b94a1fdc8d3954acacc688ee6a2bc39fef8?s=96&d=mm&r=g\",\"url\":\"https:\\\/\\\/secure.gravatar.com\\\/avatar\\\/63becc64fff8877a05400459aa003b94a1fdc8d3954acacc688ee6a2bc39fef8?s=96&d=mm&r=g\",\"contentUrl\":\"https:\\\/\\\/secure.gravatar.com\\\/avatar\\\/63becc64fff8877a05400459aa003b94a1fdc8d3954acacc688ee6a2bc39fef8?s=96&d=mm&r=g\",\"caption\":\"Anil Jhalli\"}}]}<\/script>\n<!-- \/ Yoast SEO plugin. -->","yoast_head_json":{"title":"Carl Robillard, de Rockland, nomm\u00e9 meilleur directeur g\u00e9n\u00e9ral de la LCHC - Vision","robots":{"index":"index","follow":"follow","max-snippet":"max-snippet:-1","max-image-preview":"max-image-preview:large","max-video-preview":"max-video-preview:-1"},"canonical":"https:\/\/visionrockland.ca\/en\/sports-loisirs\/carl-robillard-de-rockland-nomme-meilleur-directeur-general-de-la-lchc\/","og_locale":"en_US","og_type":"article","og_title":"Carl Robillard, de Rockland, nomm\u00e9 meilleur directeur g\u00e9n\u00e9ral de la LCHC - Vision","og_description":"Le talent fait gagner des matchs, mais la culture fait gagner des championnats.\u00a0 C\u2019est un message que Carl Robillard a transmis \u00e0 toutes les \u00e9quipes de hockey dont il a fait partie.\u00a0 Depuis qu\u2019il s\u2019est joint aux Nationals en 2022, Robillard a contribu\u00e9 \u00e0 redresser l\u2019\u00e9quipe en insufflant une nouvelle culture au sein de l\u2019organisation, [&hellip;]","og_url":"https:\/\/visionrockland.ca\/en\/sports-loisirs\/carl-robillard-de-rockland-nomme-meilleur-directeur-general-de-la-lchc\/","og_site_name":"Vision","article_published_time":"2025-05-02T02:01:32+00:00","article_modified_time":"2026-02-17T19:51:32+00:00","og_image":[{"width":731,"height":487,"url":"https:\/\/cdn.editionap.ca\/wp-content\/uploads\/sites\/3\/2025\/05\/Carl-robillard-1.jpg","type":"image\/jpeg"}],"author":"Anil Jhalli","twitter_card":"summary_large_image","twitter_misc":{"Written by":"Anil Jhalli","Est. reading time":"3 minutes"},"schema":{"@context":"https:\/\/schema.org","@graph":[{"@type":"Article","@id":"https:\/\/visionrockland.ca\/en\/sports-loisirs\/carl-robillard-de-rockland-nomme-meilleur-directeur-general-de-la-lchc\/#article","isPartOf":{"@id":"https:\/\/visionrockland.ca\/en\/sports-loisirs\/carl-robillard-de-rockland-nomme-meilleur-directeur-general-de-la-lchc\/"},"author":{"name":"Anil Jhalli","@id":"https:\/\/visionrockland.ca\/en\/#\/schema\/person\/a09095fdf65e09e747105760fe90175c"},"headline":"Carl Robillard, de Rockland, nomm\u00e9 meilleur directeur g\u00e9n\u00e9ral de la LCHC","datePublished":"2025-05-02T02:01:32+00:00","dateModified":"2026-02-17T19:51:32+00:00","mainEntityOfPage":{"@id":"https:\/\/visionrockland.ca\/en\/sports-loisirs\/carl-robillard-de-rockland-nomme-meilleur-directeur-general-de-la-lchc\/"},"wordCount":532,"image":{"@id":"https:\/\/visionrockland.ca\/en\/sports-loisirs\/carl-robillard-de-rockland-nomme-meilleur-directeur-general-de-la-lchc\/#primaryimage"},"thumbnailUrl":"https:\/\/cdn.editionap.ca\/wp-content\/uploads\/sites\/3\/2025\/05\/Carl-robillard-1.jpg","articleSection":["Sports et loisirs"],"inLanguage":"en-US"},{"@type":"WebPage","@id":"https:\/\/visionrockland.ca\/en\/sports-loisirs\/carl-robillard-de-rockland-nomme-meilleur-directeur-general-de-la-lchc\/","url":"https:\/\/visionrockland.ca\/en\/sports-loisirs\/carl-robillard-de-rockland-nomme-meilleur-directeur-general-de-la-lchc\/","name":"Carl Robillard, de Rockland, nomm\u00e9 meilleur directeur g\u00e9n\u00e9ral de la LCHC - Vision","isPartOf":{"@id":"https:\/\/visionrockland.ca\/en\/#website"},"primaryImageOfPage":{"@id":"https:\/\/visionrockland.ca\/en\/sports-loisirs\/carl-robillard-de-rockland-nomme-meilleur-directeur-general-de-la-lchc\/#primaryimage"},"image":{"@id":"https:\/\/visionrockland.ca\/en\/sports-loisirs\/carl-robillard-de-rockland-nomme-meilleur-directeur-general-de-la-lchc\/#primaryimage"},"thumbnailUrl":"https:\/\/cdn.editionap.ca\/wp-content\/uploads\/sites\/3\/2025\/05\/Carl-robillard-1.jpg","datePublished":"2025-05-02T02:01:32+00:00","dateModified":"2026-02-17T19:51:32+00:00","author":{"@id":"https:\/\/visionrockland.ca\/en\/#\/schema\/person\/a09095fdf65e09e747105760fe90175c"},"breadcrumb":{"@id":"https:\/\/visionrockland.ca\/en\/sports-loisirs\/carl-robillard-de-rockland-nomme-meilleur-directeur-general-de-la-lchc\/#breadcrumb"},"inLanguage":"en-US","potentialAction":[{"@type":"ReadAction","target":["https:\/\/visionrockland.ca\/en\/sports-loisirs\/carl-robillard-de-rockland-nomme-meilleur-directeur-general-de-la-lchc\/"]}]},{"@type":"ImageObject","inLanguage":"en-US","@id":"https:\/\/visionrockland.ca\/en\/sports-loisirs\/carl-robillard-de-rockland-nomme-meilleur-directeur-general-de-la-lchc\/#primaryimage","url":"https:\/\/cdn.editionap.ca\/wp-content\/uploads\/sites\/3\/2025\/05\/Carl-robillard-1.jpg","contentUrl":"https:\/\/cdn.editionap.ca\/wp-content\/uploads\/sites\/3\/2025\/05\/Carl-robillard-1.jpg","width":731,"height":487,"caption":"Carl Robillard des Nationals de Rockland a \u00e9t\u00e9 nomm\u00e9 directeur g\u00e9n\u00e9ral de l'ann\u00e9e dans la LCHC."},{"@type":"BreadcrumbList","@id":"https:\/\/visionrockland.ca\/en\/sports-loisirs\/carl-robillard-de-rockland-nomme-meilleur-directeur-general-de-la-lchc\/#breadcrumb","itemListElement":[{"@type":"ListItem","position":1,"name":"Accueil","item":"https:\/\/visionrockland.ca\/en\/"},{"@type":"ListItem","position":2,"name":"Carl Robillard, de Rockland, nomm\u00e9 meilleur directeur g\u00e9n\u00e9ral de la LCHC"}]},{"@type":"WebSite","@id":"https:\/\/visionrockland.ca\/en\/#website","url":"https:\/\/visionrockland.ca\/en\/","name":"Vision","description":"","potentialAction":[{"@type":"SearchAction","target":{"@type":"EntryPoint","urlTemplate":"https:\/\/visionrockland.ca\/en\/?s={search_term_string}"},"query-input":{"@type":"PropertyValueSpecification","valueRequired":true,"valueName":"search_term_string"}}],"inLanguage":"en-US"},{"@type":"Person","@id":"https:\/\/visionrockland.ca\/en\/#\/schema\/person\/a09095fdf65e09e747105760fe90175c","name":"Anil Jhalli","image":{"@type":"ImageObject","inLanguage":"en-US","@id":"https:\/\/secure.gravatar.com\/avatar\/63becc64fff8877a05400459aa003b94a1fdc8d3954acacc688ee6a2bc39fef8?s=96&d=mm&r=g","url":"https:\/\/secure.gravatar.com\/avatar\/63becc64fff8877a05400459aa003b94a1fdc8d3954acacc688ee6a2bc39fef8?s=96&d=mm&r=g","contentUrl":"https:\/\/secure.gravatar.com\/avatar\/63becc64fff8877a05400459aa003b94a1fdc8d3954acacc688ee6a2bc39fef8?s=96&d=mm&r=g","caption":"Anil Jhalli"}}]}},"_links":{"self":[{"href":"https:\/\/visionrockland.ca\/en\/wp-json\/wp\/v2\/posts\/105905","targetHints":{"allow":["GET"]}}],"collection":[{"href":"https:\/\/visionrockland.ca\/en\/wp-json\/wp\/v2\/posts"}],"about":[{"href":"https:\/\/visionrockland.ca\/en\/wp-json\/wp\/v2\/types\/post"}],"author":[{"embeddable":true,"href":"https:\/\/visionrockland.ca\/en\/wp-json\/wp\/v2\/users\/27"}],"replies":[{"embeddable":true,"href":"https:\/\/visionrockland.ca\/en\/wp-json\/wp\/v2\/comments?post=105905"}],"version-history":[{"count":1,"href":"https:\/\/visionrockland.ca\/en\/wp-json\/wp\/v2\/posts\/105905\/revisions"}],"predecessor-version":[{"id":132322,"href":"https:\/\/visionrockland.ca\/en\/wp-json\/wp\/v2\/posts\/105905\/revisions\/132322"}],"wp:featuredmedia":[{"embeddable":true,"href":"https:\/\/visionrockland.ca\/en\/wp-json\/wp\/v2\/media\/105907"}],"wp:attachment":[{"href":"https:\/\/visionrockland.ca\/en\/wp-json\/wp\/v2\/media?parent=105905"}],"wp:term":[{"taxonomy":"category","embeddable":true,"href":"https:\/\/visionrockland.ca\/en\/wp-json\/wp\/v2\/categories?post=105905"},{"taxonomy":"post_tag","embeddable":true,"href":"https:\/\/visionrockland.ca\/en\/wp-json\/wp\/v2\/tags?post=105905"}],"curies":[{"name":"wp","href":"https:\/\/api.w.org\/{rel}","templated":true}]}}