{"id":105705,"date":"2025-04-07T10:24:12","date_gmt":"2025-04-07T14:24:12","guid":{"rendered":"https:\/\/editionap.ca\/?p=105705"},"modified":"2026-02-17T20:51:32","modified_gmt":"2026-02-17T19:51:32","slug":"la-police-soupconne-un-acte-criminel-dans-la-disparition-dun-homme-de-clarence-rockland","status":"publish","type":"post","link":"https:\/\/visionrockland.ca\/en\/justice-faits-divers\/la-police-soupconne-un-acte-criminel-dans-la-disparition-dun-homme-de-clarence-rockland\/","title":{"rendered":"La police soup\u00e7onne un acte criminel dans la disparition d\u2019un homme de Clarence-Rockland"},"content":{"rendered":"<p class=\"\" data-start=\"94\" data-end=\"296\">La Police provinciale de l\u2019Ontario (PPO) croit que la disparition d\u2019un homme de Clarence-Rockland, port\u00e9 disparu depuis le d\u00e9but f\u00e9vrier, pourrait \u00eatre li\u00e9e \u00e0 un acte criminel.<\/p>\n<p class=\"\" data-start=\"298\" data-end=\"571\">Robert Pr\u00e9vost, 63 ans, a \u00e9t\u00e9 vu pour la derni\u00e8re fois \u00e0 son domicile sur la rue Laurier. Sa disparition a \u00e9t\u00e9 signal\u00e9e \u00e0 la police \u00e0 la mi-mars, d\u00e9clenchant une enqu\u00eate men\u00e9e par le d\u00e9tachement de la PPO du comt\u00e9 de Russell. Les policiers ont depuis s\u00e9curis\u00e9 la r\u00e9sidence.<\/p>\n<p class=\"\" data-start=\"573\" data-end=\"791\">M. Pr\u00e9vost est d\u00e9crit comme mesurant 1,68 m\u00e8tre (5 pi 6 po), de corpulence mince, avec de longs cheveux brun clair et gris, ainsi que les yeux bleu-gris. Il pourrait porter un manteau d\u2019hiver brun clair, jusqu\u2019aux genoux.<\/p>\n<p class=\"\" data-start=\"793\" data-end=\"956\">L\u2019enqu\u00eate se poursuit et est maintenant dirig\u00e9e par l\u2019unit\u00e9 des crimes du comt\u00e9 de Russell, sous la supervision de la Direction des enqu\u00eates criminelles de la PPO.<\/p>\n<p class=\"\" data-start=\"958\" data-end=\"1345\">La police invite toute personne ayant des renseignements sur la disparition de M. Pr\u00e9vost \u00e0 communiquer avec la PPO du comt\u00e9 de Russell au 1-888-310-1122, en mentionnant le num\u00e9ro d\u2019incident RM25061375. Il est aussi possible de transmettre des informations de fa\u00e7on anonyme en communiquant avec \u00c9chec au crime au 1-800-222-TIPS (8477) ou en ligne \u00e0 l\u2019adresse ontariocrimestoppers.ca.<\/p>\n","protected":false},"excerpt":{"rendered":"<p>La Police provinciale de l\u2019Ontario (PPO) croit que la disparition d\u2019un homme de Clarence-Rockland, port\u00e9 disparu depuis le d\u00e9but f\u00e9vrier, pourrait \u00eatre li\u00e9e \u00e0 un acte criminel. Robert Pr\u00e9vost, 63 ans, a \u00e9t\u00e9 vu pour la derni\u00e8re fois \u00e0 son domicile sur la rue Laurier. Sa disparition a \u00e9t\u00e9 signal\u00e9e \u00e0 la police \u00e0 la [&hellip;]<\/p>\n","protected":false},"author":20,"featured_media":105481,"comment_status":"closed","ping_status":"open","sticky":false,"template":"","format":"standard","meta":{"_acf_changed":false,"footnotes":""},"categories":[41],"tags":[],"class_list":["post-105705","post","type-post","status-publish","format-standard","has-post-thumbnail","hentry","category-justice-faits-divers"],"acf":[],"featured_media_global":[],"yoast_head":"<!-- This site is optimized with the Yoast SEO plugin v27.4 - https:\/\/yoast.com\/product\/yoast-seo-wordpress\/ -->\n<title>La police soup\u00e7onne un acte criminel dans la disparition d\u2019un homme de Clarence-Rockland - Vision<\/title>\n<meta name=\"description\" content=\"M. Pr\u00e9vost est d\u00e9crit comme mesurant 1,68 m\u00e8tre (5 pi 6 po), de corpulence mince, avec de longs cheveux brun clair et gris, ainsi que les yeux bleu-gris. Il pourrait porter un manteau d\u2019hiver brun clair, jusqu\u2019aux genoux.\" \/>\n<meta name=\"robots\" content=\"index, follow, max-snippet:-1, max-image-preview:large, max-video-preview:-1\" \/>\n<link rel=\"canonical\" href=\"https:\/\/visionrockland.ca\/en\/justice-faits-divers\/la-police-soupconne-un-acte-criminel-dans-la-disparition-dun-homme-de-clarence-rockland\/\" \/>\n<meta property=\"og:locale\" content=\"en_US\" \/>\n<meta property=\"og:type\" content=\"article\" \/>\n<meta property=\"og:title\" content=\"La police soup\u00e7onne un acte criminel dans la disparition d\u2019un homme de Clarence-Rockland - Vision\" \/>\n<meta property=\"og:description\" content=\"M. Pr\u00e9vost est d\u00e9crit comme mesurant 1,68 m\u00e8tre (5 pi 6 po), de corpulence mince, avec de longs cheveux brun clair et gris, ainsi que les yeux bleu-gris. Il pourrait porter un manteau d\u2019hiver brun clair, jusqu\u2019aux genoux.\" \/>\n<meta property=\"og:url\" content=\"https:\/\/visionrockland.ca\/en\/justice-faits-divers\/la-police-soupconne-un-acte-criminel-dans-la-disparition-dun-homme-de-clarence-rockland\/\" \/>\n<meta property=\"og:site_name\" content=\"Vision\" \/>\n<meta property=\"article:published_time\" content=\"2025-04-07T14:24:12+00:00\" \/>\n<meta property=\"article:modified_time\" content=\"2026-02-17T19:51:32+00:00\" \/>\n<meta property=\"og:image\" content=\"https:\/\/cdn.editionap.ca\/wp-content\/uploads\/sites\/3\/2025\/03\/PREVOST-from-FB.jpg\" \/>\n\t<meta property=\"og:image:width\" content=\"744\" \/>\n\t<meta property=\"og:image:height\" content=\"657\" \/>\n\t<meta property=\"og:image:type\" content=\"image\/jpeg\" \/>\n<meta name=\"author\" content=\"Joseph Coppolino\" \/>\n<meta name=\"twitter:card\" content=\"summary_large_image\" \/>\n<meta name=\"twitter:label1\" content=\"Written by\" \/>\n\t<meta name=\"twitter:data1\" content=\"Joseph Coppolino\" \/>\n\t<meta name=\"twitter:label2\" content=\"Est. reading time\" \/>\n\t<meta name=\"twitter:data2\" content=\"2 minutes\" \/>\n<script type=\"application\/ld+json\" class=\"yoast-schema-graph\">{\"@context\":\"https:\\\/\\\/schema.org\",\"@graph\":[{\"@type\":\"Article\",\"@id\":\"https:\\\/\\\/visionrockland.ca\\\/en\\\/justice-faits-divers\\\/la-police-soupconne-un-acte-criminel-dans-la-disparition-dun-homme-de-clarence-rockland\\\/#article\",\"isPartOf\":{\"@id\":\"https:\\\/\\\/visionrockland.ca\\\/en\\\/justice-faits-divers\\\/la-police-soupconne-un-acte-criminel-dans-la-disparition-dun-homme-de-clarence-rockland\\\/\"},\"author\":{\"name\":\"Joseph Coppolino\",\"@id\":\"https:\\\/\\\/visionrockland.ca\\\/en\\\/#\\\/schema\\\/person\\\/25dbd073b952565ed09ca19dbbfccc27\"},\"headline\":\"La police soup\u00e7onne un acte criminel dans la disparition d\u2019un homme de Clarence-Rockland\",\"datePublished\":\"2025-04-07T14:24:12+00:00\",\"dateModified\":\"2026-02-17T19:51:32+00:00\",\"mainEntityOfPage\":{\"@id\":\"https:\\\/\\\/visionrockland.ca\\\/en\\\/justice-faits-divers\\\/la-police-soupconne-un-acte-criminel-dans-la-disparition-dun-homme-de-clarence-rockland\\\/\"},\"wordCount\":237,\"image\":{\"@id\":\"https:\\\/\\\/visionrockland.ca\\\/en\\\/justice-faits-divers\\\/la-police-soupconne-un-acte-criminel-dans-la-disparition-dun-homme-de-clarence-rockland\\\/#primaryimage\"},\"thumbnailUrl\":\"https:\\\/\\\/cdn.editionap.ca\\\/wp-content\\\/uploads\\\/sites\\\/3\\\/2025\\\/03\\\/PREVOST-from-FB.jpg\",\"articleSection\":[\"Faits divers\"],\"inLanguage\":\"en-US\"},{\"@type\":\"WebPage\",\"@id\":\"https:\\\/\\\/visionrockland.ca\\\/en\\\/justice-faits-divers\\\/la-police-soupconne-un-acte-criminel-dans-la-disparition-dun-homme-de-clarence-rockland\\\/\",\"url\":\"https:\\\/\\\/visionrockland.ca\\\/en\\\/justice-faits-divers\\\/la-police-soupconne-un-acte-criminel-dans-la-disparition-dun-homme-de-clarence-rockland\\\/\",\"name\":\"La police soup\u00e7onne un acte criminel dans la disparition d\u2019un homme de Clarence-Rockland - Vision\",\"isPartOf\":{\"@id\":\"https:\\\/\\\/visionrockland.ca\\\/en\\\/#website\"},\"primaryImageOfPage\":{\"@id\":\"https:\\\/\\\/visionrockland.ca\\\/en\\\/justice-faits-divers\\\/la-police-soupconne-un-acte-criminel-dans-la-disparition-dun-homme-de-clarence-rockland\\\/#primaryimage\"},\"image\":{\"@id\":\"https:\\\/\\\/visionrockland.ca\\\/en\\\/justice-faits-divers\\\/la-police-soupconne-un-acte-criminel-dans-la-disparition-dun-homme-de-clarence-rockland\\\/#primaryimage\"},\"thumbnailUrl\":\"https:\\\/\\\/cdn.editionap.ca\\\/wp-content\\\/uploads\\\/sites\\\/3\\\/2025\\\/03\\\/PREVOST-from-FB.jpg\",\"datePublished\":\"2025-04-07T14:24:12+00:00\",\"dateModified\":\"2026-02-17T19:51:32+00:00\",\"author\":{\"@id\":\"https:\\\/\\\/visionrockland.ca\\\/en\\\/#\\\/schema\\\/person\\\/25dbd073b952565ed09ca19dbbfccc27\"},\"description\":\"M. Pr\u00e9vost est d\u00e9crit comme mesurant 1,68 m\u00e8tre (5 pi 6 po), de corpulence mince, avec de longs cheveux brun clair et gris, ainsi que les yeux bleu-gris. Il pourrait porter un manteau d\u2019hiver brun clair, jusqu\u2019aux genoux.\",\"breadcrumb\":{\"@id\":\"https:\\\/\\\/visionrockland.ca\\\/en\\\/justice-faits-divers\\\/la-police-soupconne-un-acte-criminel-dans-la-disparition-dun-homme-de-clarence-rockland\\\/#breadcrumb\"},\"inLanguage\":\"en-US\",\"potentialAction\":[{\"@type\":\"ReadAction\",\"target\":[\"https:\\\/\\\/visionrockland.ca\\\/en\\\/justice-faits-divers\\\/la-police-soupconne-un-acte-criminel-dans-la-disparition-dun-homme-de-clarence-rockland\\\/\"]}]},{\"@type\":\"ImageObject\",\"inLanguage\":\"en-US\",\"@id\":\"https:\\\/\\\/visionrockland.ca\\\/en\\\/justice-faits-divers\\\/la-police-soupconne-un-acte-criminel-dans-la-disparition-dun-homme-de-clarence-rockland\\\/#primaryimage\",\"url\":\"https:\\\/\\\/cdn.editionap.ca\\\/wp-content\\\/uploads\\\/sites\\\/3\\\/2025\\\/03\\\/PREVOST-from-FB.jpg\",\"contentUrl\":\"https:\\\/\\\/cdn.editionap.ca\\\/wp-content\\\/uploads\\\/sites\\\/3\\\/2025\\\/03\\\/PREVOST-from-FB.jpg\",\"width\":744,\"height\":657,\"caption\":\"La police a retrouv\u00e9 le corps de Robert Prevost, 63 ans, port\u00e9 disparu, la semaine derni\u00e8re, et consid\u00e8re d\u00e9sormais sa mort comme un homicide.\"},{\"@type\":\"BreadcrumbList\",\"@id\":\"https:\\\/\\\/visionrockland.ca\\\/en\\\/justice-faits-divers\\\/la-police-soupconne-un-acte-criminel-dans-la-disparition-dun-homme-de-clarence-rockland\\\/#breadcrumb\",\"itemListElement\":[{\"@type\":\"ListItem\",\"position\":1,\"name\":\"Accueil\",\"item\":\"https:\\\/\\\/visionrockland.ca\\\/en\\\/\"},{\"@type\":\"ListItem\",\"position\":2,\"name\":\"La police soup\u00e7onne un acte criminel dans la disparition d\u2019un homme de Clarence-Rockland\"}]},{\"@type\":\"WebSite\",\"@id\":\"https:\\\/\\\/visionrockland.ca\\\/en\\\/#website\",\"url\":\"https:\\\/\\\/visionrockland.ca\\\/en\\\/\",\"name\":\"Vision\",\"description\":\"\",\"potentialAction\":[{\"@type\":\"SearchAction\",\"target\":{\"@type\":\"EntryPoint\",\"urlTemplate\":\"https:\\\/\\\/visionrockland.ca\\\/en\\\/?s={search_term_string}\"},\"query-input\":{\"@type\":\"PropertyValueSpecification\",\"valueRequired\":true,\"valueName\":\"search_term_string\"}}],\"inLanguage\":\"en-US\"},{\"@type\":\"Person\",\"@id\":\"https:\\\/\\\/visionrockland.ca\\\/en\\\/#\\\/schema\\\/person\\\/25dbd073b952565ed09ca19dbbfccc27\",\"name\":\"Joseph Coppolino\",\"image\":{\"@type\":\"ImageObject\",\"inLanguage\":\"en-US\",\"@id\":\"https:\\\/\\\/secure.gravatar.com\\\/avatar\\\/68b588951b507643baa44096457818fb7c15c73a18975a47ba0caf868bab32aa?s=96&d=mm&r=g\",\"url\":\"https:\\\/\\\/secure.gravatar.com\\\/avatar\\\/68b588951b507643baa44096457818fb7c15c73a18975a47ba0caf868bab32aa?s=96&d=mm&r=g\",\"contentUrl\":\"https:\\\/\\\/secure.gravatar.com\\\/avatar\\\/68b588951b507643baa44096457818fb7c15c73a18975a47ba0caf868bab32aa?s=96&d=mm&r=g\",\"caption\":\"Joseph Coppolino\"}}]}<\/script>\n<!-- \/ Yoast SEO plugin. -->","yoast_head_json":{"title":"La police soup\u00e7onne un acte criminel dans la disparition d\u2019un homme de Clarence-Rockland - Vision","description":"M. Pr\u00e9vost est d\u00e9crit comme mesurant 1,68 m\u00e8tre (5 pi 6 po), de corpulence mince, avec de longs cheveux brun clair et gris, ainsi que les yeux bleu-gris. Il pourrait porter un manteau d\u2019hiver brun clair, jusqu\u2019aux genoux.","robots":{"index":"index","follow":"follow","max-snippet":"max-snippet:-1","max-image-preview":"max-image-preview:large","max-video-preview":"max-video-preview:-1"},"canonical":"https:\/\/visionrockland.ca\/en\/justice-faits-divers\/la-police-soupconne-un-acte-criminel-dans-la-disparition-dun-homme-de-clarence-rockland\/","og_locale":"en_US","og_type":"article","og_title":"La police soup\u00e7onne un acte criminel dans la disparition d\u2019un homme de Clarence-Rockland - Vision","og_description":"M. Pr\u00e9vost est d\u00e9crit comme mesurant 1,68 m\u00e8tre (5 pi 6 po), de corpulence mince, avec de longs cheveux brun clair et gris, ainsi que les yeux bleu-gris. Il pourrait porter un manteau d\u2019hiver brun clair, jusqu\u2019aux genoux.","og_url":"https:\/\/visionrockland.ca\/en\/justice-faits-divers\/la-police-soupconne-un-acte-criminel-dans-la-disparition-dun-homme-de-clarence-rockland\/","og_site_name":"Vision","article_published_time":"2025-04-07T14:24:12+00:00","article_modified_time":"2026-02-17T19:51:32+00:00","og_image":[{"width":744,"height":657,"url":"https:\/\/cdn.editionap.ca\/wp-content\/uploads\/sites\/3\/2025\/03\/PREVOST-from-FB.jpg","type":"image\/jpeg"}],"author":"Joseph Coppolino","twitter_card":"summary_large_image","twitter_misc":{"Written by":"Joseph Coppolino","Est. reading time":"2 minutes"},"schema":{"@context":"https:\/\/schema.org","@graph":[{"@type":"Article","@id":"https:\/\/visionrockland.ca\/en\/justice-faits-divers\/la-police-soupconne-un-acte-criminel-dans-la-disparition-dun-homme-de-clarence-rockland\/#article","isPartOf":{"@id":"https:\/\/visionrockland.ca\/en\/justice-faits-divers\/la-police-soupconne-un-acte-criminel-dans-la-disparition-dun-homme-de-clarence-rockland\/"},"author":{"name":"Joseph Coppolino","@id":"https:\/\/visionrockland.ca\/en\/#\/schema\/person\/25dbd073b952565ed09ca19dbbfccc27"},"headline":"La police soup\u00e7onne un acte criminel dans la disparition d\u2019un homme de Clarence-Rockland","datePublished":"2025-04-07T14:24:12+00:00","dateModified":"2026-02-17T19:51:32+00:00","mainEntityOfPage":{"@id":"https:\/\/visionrockland.ca\/en\/justice-faits-divers\/la-police-soupconne-un-acte-criminel-dans-la-disparition-dun-homme-de-clarence-rockland\/"},"wordCount":237,"image":{"@id":"https:\/\/visionrockland.ca\/en\/justice-faits-divers\/la-police-soupconne-un-acte-criminel-dans-la-disparition-dun-homme-de-clarence-rockland\/#primaryimage"},"thumbnailUrl":"https:\/\/cdn.editionap.ca\/wp-content\/uploads\/sites\/3\/2025\/03\/PREVOST-from-FB.jpg","articleSection":["Faits divers"],"inLanguage":"en-US"},{"@type":"WebPage","@id":"https:\/\/visionrockland.ca\/en\/justice-faits-divers\/la-police-soupconne-un-acte-criminel-dans-la-disparition-dun-homme-de-clarence-rockland\/","url":"https:\/\/visionrockland.ca\/en\/justice-faits-divers\/la-police-soupconne-un-acte-criminel-dans-la-disparition-dun-homme-de-clarence-rockland\/","name":"La police soup\u00e7onne un acte criminel dans la disparition d\u2019un homme de Clarence-Rockland - Vision","isPartOf":{"@id":"https:\/\/visionrockland.ca\/en\/#website"},"primaryImageOfPage":{"@id":"https:\/\/visionrockland.ca\/en\/justice-faits-divers\/la-police-soupconne-un-acte-criminel-dans-la-disparition-dun-homme-de-clarence-rockland\/#primaryimage"},"image":{"@id":"https:\/\/visionrockland.ca\/en\/justice-faits-divers\/la-police-soupconne-un-acte-criminel-dans-la-disparition-dun-homme-de-clarence-rockland\/#primaryimage"},"thumbnailUrl":"https:\/\/cdn.editionap.ca\/wp-content\/uploads\/sites\/3\/2025\/03\/PREVOST-from-FB.jpg","datePublished":"2025-04-07T14:24:12+00:00","dateModified":"2026-02-17T19:51:32+00:00","author":{"@id":"https:\/\/visionrockland.ca\/en\/#\/schema\/person\/25dbd073b952565ed09ca19dbbfccc27"},"description":"M. Pr\u00e9vost est d\u00e9crit comme mesurant 1,68 m\u00e8tre (5 pi 6 po), de corpulence mince, avec de longs cheveux brun clair et gris, ainsi que les yeux bleu-gris. Il pourrait porter un manteau d\u2019hiver brun clair, jusqu\u2019aux genoux.","breadcrumb":{"@id":"https:\/\/visionrockland.ca\/en\/justice-faits-divers\/la-police-soupconne-un-acte-criminel-dans-la-disparition-dun-homme-de-clarence-rockland\/#breadcrumb"},"inLanguage":"en-US","potentialAction":[{"@type":"ReadAction","target":["https:\/\/visionrockland.ca\/en\/justice-faits-divers\/la-police-soupconne-un-acte-criminel-dans-la-disparition-dun-homme-de-clarence-rockland\/"]}]},{"@type":"ImageObject","inLanguage":"en-US","@id":"https:\/\/visionrockland.ca\/en\/justice-faits-divers\/la-police-soupconne-un-acte-criminel-dans-la-disparition-dun-homme-de-clarence-rockland\/#primaryimage","url":"https:\/\/cdn.editionap.ca\/wp-content\/uploads\/sites\/3\/2025\/03\/PREVOST-from-FB.jpg","contentUrl":"https:\/\/cdn.editionap.ca\/wp-content\/uploads\/sites\/3\/2025\/03\/PREVOST-from-FB.jpg","width":744,"height":657,"caption":"La police a retrouv\u00e9 le corps de Robert Prevost, 63 ans, port\u00e9 disparu, la semaine derni\u00e8re, et consid\u00e8re d\u00e9sormais sa mort comme un homicide."},{"@type":"BreadcrumbList","@id":"https:\/\/visionrockland.ca\/en\/justice-faits-divers\/la-police-soupconne-un-acte-criminel-dans-la-disparition-dun-homme-de-clarence-rockland\/#breadcrumb","itemListElement":[{"@type":"ListItem","position":1,"name":"Accueil","item":"https:\/\/visionrockland.ca\/en\/"},{"@type":"ListItem","position":2,"name":"La police soup\u00e7onne un acte criminel dans la disparition d\u2019un homme de Clarence-Rockland"}]},{"@type":"WebSite","@id":"https:\/\/visionrockland.ca\/en\/#website","url":"https:\/\/visionrockland.ca\/en\/","name":"Vision","description":"","potentialAction":[{"@type":"SearchAction","target":{"@type":"EntryPoint","urlTemplate":"https:\/\/visionrockland.ca\/en\/?s={search_term_string}"},"query-input":{"@type":"PropertyValueSpecification","valueRequired":true,"valueName":"search_term_string"}}],"inLanguage":"en-US"},{"@type":"Person","@id":"https:\/\/visionrockland.ca\/en\/#\/schema\/person\/25dbd073b952565ed09ca19dbbfccc27","name":"Joseph Coppolino","image":{"@type":"ImageObject","inLanguage":"en-US","@id":"https:\/\/secure.gravatar.com\/avatar\/68b588951b507643baa44096457818fb7c15c73a18975a47ba0caf868bab32aa?s=96&d=mm&r=g","url":"https:\/\/secure.gravatar.com\/avatar\/68b588951b507643baa44096457818fb7c15c73a18975a47ba0caf868bab32aa?s=96&d=mm&r=g","contentUrl":"https:\/\/secure.gravatar.com\/avatar\/68b588951b507643baa44096457818fb7c15c73a18975a47ba0caf868bab32aa?s=96&d=mm&r=g","caption":"Joseph Coppolino"}}]}},"_links":{"self":[{"href":"https:\/\/visionrockland.ca\/en\/wp-json\/wp\/v2\/posts\/105705","targetHints":{"allow":["GET"]}}],"collection":[{"href":"https:\/\/visionrockland.ca\/en\/wp-json\/wp\/v2\/posts"}],"about":[{"href":"https:\/\/visionrockland.ca\/en\/wp-json\/wp\/v2\/types\/post"}],"author":[{"embeddable":true,"href":"https:\/\/visionrockland.ca\/en\/wp-json\/wp\/v2\/users\/20"}],"replies":[{"embeddable":true,"href":"https:\/\/visionrockland.ca\/en\/wp-json\/wp\/v2\/comments?post=105705"}],"version-history":[{"count":1,"href":"https:\/\/visionrockland.ca\/en\/wp-json\/wp\/v2\/posts\/105705\/revisions"}],"predecessor-version":[{"id":132332,"href":"https:\/\/visionrockland.ca\/en\/wp-json\/wp\/v2\/posts\/105705\/revisions\/132332"}],"wp:featuredmedia":[{"embeddable":true,"href":"https:\/\/visionrockland.ca\/en\/wp-json\/wp\/v2\/media\/105481"}],"wp:attachment":[{"href":"https:\/\/visionrockland.ca\/en\/wp-json\/wp\/v2\/media?parent=105705"}],"wp:term":[{"taxonomy":"category","embeddable":true,"href":"https:\/\/visionrockland.ca\/en\/wp-json\/wp\/v2\/categories?post=105705"},{"taxonomy":"post_tag","embeddable":true,"href":"https:\/\/visionrockland.ca\/en\/wp-json\/wp\/v2\/tags?post=105705"}],"curies":[{"name":"wp","href":"https:\/\/api.w.org\/{rel}","templated":true}]}}