{"id":105662,"date":"2025-04-03T09:37:41","date_gmt":"2025-04-03T13:37:41","guid":{"rendered":"https:\/\/editionap.ca\/?p=105662"},"modified":"2026-02-17T20:51:32","modified_gmt":"2026-02-17T19:51:32","slug":"un-entrepreneur-en-technologie-batisseur-de-communautes-se-lance-dans-la-politique","status":"publish","type":"post","link":"https:\/\/visionrockland.ca\/en\/politique\/un-entrepreneur-en-technologie-batisseur-de-communautes-se-lance-dans-la-politique\/","title":{"rendered":"Un entrepreneur en technologie, b\u00e2tisseur de communaut\u00e9s, se lance dans la politique"},"content":{"rendered":"<p><b><span data-contrast=\"none\">Giovanna Mingarelli est pr\u00eate \u00e0 se battre pour les gens de la nouvelle circonscription f\u00e9d\u00e9rale de Prescott\u2013Russell\u2013Cumberland.<\/span><\/b><span data-ccp-props=\"{&quot;201341983&quot;:0,&quot;335551550&quot;:6,&quot;335551620&quot;:6,&quot;335559739&quot;:0,&quot;335559740&quot;:288}\">\u00a0<\/span><\/p>\n<p><span data-contrast=\"none\">Mme Mingarelli, qui a grandi \u00e0 Rockland et est issue d&#8217;une famille d&#8217;agriculteurs canadiens de cinqui\u00e8me g\u00e9n\u00e9ration, est la candidate lib\u00e9rale dans cette circonscription r\u00e9cemment red\u00e9finie, actuellement repr\u00e9sent\u00e9e par le d\u00e9put\u00e9 Francis Drouin.<\/span><span data-ccp-props=\"{&quot;201341983&quot;:2,&quot;335551550&quot;:6,&quot;335551620&quot;:6,&quot;335559731&quot;:240,&quot;335559739&quot;:0,&quot;335559740&quot;:240}\">\u00a0<\/span><\/p>\n<p><span data-contrast=\"none\">Ce dernier a annonc\u00e9 plus t\u00f4t qu&#8217;il ne se repr\u00e9senterait pas, ouvrant ainsi la voie \u00e0 un nouveau visage pour repr\u00e9senter la r\u00e9gion au niveau f\u00e9d\u00e9ral.<\/span><span data-ccp-props=\"{&quot;201341983&quot;:2,&quot;335551550&quot;:6,&quot;335551620&quot;:6,&quot;335559731&quot;:240,&quot;335559739&quot;:0,&quot;335559740&quot;:240}\">\u00a0<\/span><\/p>\n<p><span data-contrast=\"none\">\u00ab Je crois \u00eatre la meilleure candidate pour cette circonscription, et je crois en la vision forte et unifi\u00e9e de notre parti pour tous les Canadiens \u00bb, a d\u00e9clar\u00e9 Mme Mingarelli en entrevue avec La Vision, au lendemain du d\u00e9clenchement des \u00e9lections par le premier ministre Mark Carney. \u00ab Cela fait plus de 20 ans que je suis impliqu\u00e9e dans la vie politique, et je suis honor\u00e9e d\u2019avoir cette opportunit\u00e9. \u00bb<\/span><span data-ccp-props=\"{&quot;201341983&quot;:2,&quot;335551550&quot;:6,&quot;335551620&quot;:6,&quot;335559731&quot;:240,&quot;335559739&quot;:0,&quot;335559740&quot;:240}\">\u00a0<\/span><\/p>\n<p><span data-contrast=\"none\">Toujours attir\u00e9e par le monde de la politique, Mme Mingarelli a travaill\u00e9 au bureau de l\u2019ancienne d\u00e9put\u00e9e lib\u00e9rale Marlene Catterall sur la colline du Parlement. Elle a \u00e9galement r\u00e9pondu aux demandes m\u00e9diatiques pour le compte de l\u2019ancien premier ministre canadien Paul Martin.<\/span><span data-ccp-props=\"{&quot;201341983&quot;:2,&quot;335551550&quot;:6,&quot;335551620&quot;:6,&quot;335559731&quot;:240,&quot;335559739&quot;:0,&quot;335559740&quot;:240}\">\u00a0<\/span><\/p>\n<p><span data-contrast=\"none\">Aujourd\u2019hui cofondatrice de trois entreprises, Mme Mingarelli est aussi membre de la Chambre de commerce de Clarence-Rockland. Elle estime que son exp\u00e9rience comme entrepreneure dans le domaine des technologies est un atout, ayant conclu des partenariats avec des entreprises \u00e0 l\u2019\u00e9chelle mondiale, notamment aux \u00c9tats-Unis.<\/span><span data-ccp-props=\"{&quot;201341983&quot;:2,&quot;335551550&quot;:6,&quot;335551620&quot;:6,&quot;335559731&quot;:240,&quot;335559739&quot;:0,&quot;335559740&quot;:240}\">\u00a0<\/span><\/p>\n<p><span data-contrast=\"none\">\u00ab L\u2019exp\u00e9rience que j\u2019ai acquise en collaborant avec des entreprises am\u00e9ricaines sera utile, surtout \u00e0 un moment comme celui-ci, alors que nous faisons face \u00e0 une guerre commerciale et que le pr\u00e9sident (Donald) Trump nous impose des tarifs douaniers \u00bb, a-t-elle affirm\u00e9, ajoutant qu\u2019elle s\u2019est \u00e9loign\u00e9e de la politique internationale dans la vingtaine et qu\u2019elle esp\u00e8re maintenant devenir d\u00e9put\u00e9e \u00e0 41 ans. \u00ab Nous devons renforcer nos liens avec le peuple am\u00e9ricain et continuer \u00e0 b\u00e2tir un Canada fort et uni. \u00bb<\/span><span data-ccp-props=\"{&quot;201341983&quot;:2,&quot;335551550&quot;:6,&quot;335551620&quot;:6,&quot;335559731&quot;:240,&quot;335559739&quot;:0,&quot;335559740&quot;:240}\">\u00a0<\/span><\/p>\n<p><span data-contrast=\"none\">Mme Mingarelli, membre de Leadership f\u00e9minin Prescott\u2013Russell et conseill\u00e8re aupr\u00e8s de Women in Cloud, une organisation qui vise \u00e0 g\u00e9n\u00e9rer un milliard de dollars d\u2019acc\u00e8s \u00e9conomique pour les entreprises STIM dirig\u00e9es par des femmes d\u2019ici 2030, a affirm\u00e9 que l\u2019actuel premier ministre Carney est la bonne personne pour diriger le pays dans cette p\u00e9riode de turbulence, notamment face aux tensions croissantes entre le Canada et les \u00c9tats-Unis.<\/span><span data-ccp-props=\"{&quot;201341983&quot;:2,&quot;335551550&quot;:6,&quot;335551620&quot;:6,&quot;335559731&quot;:240,&quot;335559739&quot;:0,&quot;335559740&quot;:240}\">\u00a0<\/span><\/p>\n<p><span data-contrast=\"none\">Elle dit avoir pleinement confiance dans la vision et le leadership de M. Carney, et se dit convaincue qu\u2019elle peut garder la circonscription aux couleurs lib\u00e9rales dans un avenir pr\u00e9visible. Elle ajoute que son parti pr\u00e9voit des mesures pour rendre la vie plus abordable pour les Canadiens, soutenir les entreprises touch\u00e9es par les droits de douane et faciliter l\u2019achat d\u2019une premi\u00e8re maison.<\/span><span data-ccp-props=\"{&quot;201341983&quot;:2,&quot;335551550&quot;:6,&quot;335551620&quot;:6,&quot;335559731&quot;:240,&quot;335559739&quot;:0,&quot;335559740&quot;:240}\">\u00a0<\/span><\/p>\n<p><span data-contrast=\"none\">\u00ab Il a la vision, l\u2019exp\u00e9rience et la capacit\u00e9 n\u00e9cessaires pour r\u00e9pondre \u00e0 ces d\u00e9fis, et j\u2019ai enti\u00e8rement confiance en lui \u00bb, a d\u00e9clar\u00e9 Mme Mingarelli. \u00ab Nous avons d\u00e9j\u00e0 vu une am\u00e9lioration des relations et de l\u2019\u00e9conomie, et c\u2019est le type de leadership dont nous avons besoin maintenant. Nous devons redonner un sentiment de s\u00e9curit\u00e9 aux citoyens de cette circonscription et de partout au pays, car la r\u00e9alit\u00e9, c\u2019est que les gens ont peur. \u00bb<\/span><span data-ccp-props=\"{&quot;201341983&quot;:2,&quot;335551550&quot;:6,&quot;335551620&quot;:6,&quot;335559731&quot;:240,&quot;335559739&quot;:0,&quot;335559740&quot;:240}\">\u00a0<\/span><\/p>\n<p><span data-contrast=\"none\">Prescott\u2013Russell\u2013Cumberland est le nouveau nom de la circonscription autrefois connue sous celui de Glengarry\u2013Prescott\u2013Russell. Elle comprend d\u00e9sormais une partie de l\u2019est d\u2019Ottawa (Ramsayville, Mer Bleue, Carlsbad Springs), ainsi que Clarence-Rockland, Hawkesbury, La Nation, Casselman, et les cantons d\u2019Alfred et Plantagenet, Champlain, Hawkesbury Est et Russell.<\/span><span data-ccp-props=\"{&quot;201341983&quot;:2,&quot;335551550&quot;:6,&quot;335551620&quot;:6,&quot;335559731&quot;:240,&quot;335559739&quot;:0,&quot;335559740&quot;:240}\">\u00a0<\/span><\/p>\n","protected":false},"excerpt":{"rendered":"<p>Giovanna Mingarelli est pr\u00eate \u00e0 se battre pour les gens de la nouvelle circonscription f\u00e9d\u00e9rale de Prescott\u2013Russell\u2013Cumberland.\u00a0 Mme Mingarelli, qui a grandi \u00e0 Rockland et est issue d&#8217;une famille d&#8217;agriculteurs canadiens de cinqui\u00e8me g\u00e9n\u00e9ration, est la candidate lib\u00e9rale dans cette circonscription r\u00e9cemment red\u00e9finie, actuellement repr\u00e9sent\u00e9e par le d\u00e9put\u00e9 Francis Drouin.\u00a0 Ce dernier a annonc\u00e9 plus [&hellip;]<\/p>\n","protected":false},"author":27,"featured_media":105606,"comment_status":"closed","ping_status":"open","sticky":false,"template":"","format":"standard","meta":{"_acf_changed":false,"footnotes":""},"categories":[44],"tags":[],"class_list":["post-105662","post","type-post","status-publish","format-standard","has-post-thumbnail","hentry","category-politique"],"acf":[],"featured_media_global":[],"yoast_head":"<!-- This site is optimized with the Yoast SEO plugin v27.4 - https:\/\/yoast.com\/product\/yoast-seo-wordpress\/ -->\n<title>Un entrepreneur en technologie, b\u00e2tisseur de communaut\u00e9s, se lance dans la politique - Vision<\/title>\n<meta name=\"robots\" content=\"index, follow, max-snippet:-1, max-image-preview:large, max-video-preview:-1\" \/>\n<link rel=\"canonical\" href=\"https:\/\/visionrockland.ca\/en\/politique\/un-entrepreneur-en-technologie-batisseur-de-communautes-se-lance-dans-la-politique\/\" \/>\n<meta property=\"og:locale\" content=\"en_US\" \/>\n<meta property=\"og:type\" content=\"article\" \/>\n<meta property=\"og:title\" content=\"Un entrepreneur en technologie, b\u00e2tisseur de communaut\u00e9s, se lance dans la politique - Vision\" \/>\n<meta property=\"og:description\" content=\"Giovanna Mingarelli est pr\u00eate \u00e0 se battre pour les gens de la nouvelle circonscription f\u00e9d\u00e9rale de Prescott\u2013Russell\u2013Cumberland.\u00a0 Mme Mingarelli, qui a grandi \u00e0 Rockland et est issue d&#8217;une famille d&#8217;agriculteurs canadiens de cinqui\u00e8me g\u00e9n\u00e9ration, est la candidate lib\u00e9rale dans cette circonscription r\u00e9cemment red\u00e9finie, actuellement repr\u00e9sent\u00e9e par le d\u00e9put\u00e9 Francis Drouin.\u00a0 Ce dernier a annonc\u00e9 plus [&hellip;]\" \/>\n<meta property=\"og:url\" content=\"https:\/\/visionrockland.ca\/en\/politique\/un-entrepreneur-en-technologie-batisseur-de-communautes-se-lance-dans-la-politique\/\" \/>\n<meta property=\"og:site_name\" content=\"Vision\" \/>\n<meta property=\"article:published_time\" content=\"2025-04-03T13:37:41+00:00\" \/>\n<meta property=\"article:modified_time\" content=\"2026-02-17T19:51:32+00:00\" \/>\n<meta property=\"og:image\" content=\"https:\/\/cdn.editionap.ca\/wp-content\/uploads\/sites\/3\/2025\/04\/Giovanna-Mingarelli.jpg\" \/>\n\t<meta property=\"og:image:width\" content=\"1440\" \/>\n\t<meta property=\"og:image:height\" content=\"1440\" \/>\n\t<meta property=\"og:image:type\" content=\"image\/jpeg\" \/>\n<meta name=\"author\" content=\"Anil Jhalli\" \/>\n<meta name=\"twitter:card\" content=\"summary_large_image\" \/>\n<meta name=\"twitter:label1\" content=\"Written by\" \/>\n\t<meta name=\"twitter:data1\" content=\"Anil Jhalli\" \/>\n\t<meta name=\"twitter:label2\" content=\"Est. reading time\" \/>\n\t<meta name=\"twitter:data2\" content=\"4 minutes\" \/>\n<script type=\"application\/ld+json\" class=\"yoast-schema-graph\">{\"@context\":\"https:\\\/\\\/schema.org\",\"@graph\":[{\"@type\":\"Article\",\"@id\":\"https:\\\/\\\/visionrockland.ca\\\/en\\\/politique\\\/un-entrepreneur-en-technologie-batisseur-de-communautes-se-lance-dans-la-politique\\\/#article\",\"isPartOf\":{\"@id\":\"https:\\\/\\\/visionrockland.ca\\\/en\\\/politique\\\/un-entrepreneur-en-technologie-batisseur-de-communautes-se-lance-dans-la-politique\\\/\"},\"author\":{\"name\":\"Anil Jhalli\",\"@id\":\"https:\\\/\\\/visionrockland.ca\\\/en\\\/#\\\/schema\\\/person\\\/a09095fdf65e09e747105760fe90175c\"},\"headline\":\"Un entrepreneur en technologie, b\u00e2tisseur de communaut\u00e9s, se lance dans la politique\",\"datePublished\":\"2025-04-03T13:37:41+00:00\",\"dateModified\":\"2026-02-17T19:51:32+00:00\",\"mainEntityOfPage\":{\"@id\":\"https:\\\/\\\/visionrockland.ca\\\/en\\\/politique\\\/un-entrepreneur-en-technologie-batisseur-de-communautes-se-lance-dans-la-politique\\\/\"},\"wordCount\":652,\"image\":{\"@id\":\"https:\\\/\\\/visionrockland.ca\\\/en\\\/politique\\\/un-entrepreneur-en-technologie-batisseur-de-communautes-se-lance-dans-la-politique\\\/#primaryimage\"},\"thumbnailUrl\":\"https:\\\/\\\/cdn.editionap.ca\\\/wp-content\\\/uploads\\\/sites\\\/3\\\/2025\\\/04\\\/Giovanna-Mingarelli.jpg\",\"articleSection\":[\"Politique\"],\"inLanguage\":\"en-US\"},{\"@type\":\"WebPage\",\"@id\":\"https:\\\/\\\/visionrockland.ca\\\/en\\\/politique\\\/un-entrepreneur-en-technologie-batisseur-de-communautes-se-lance-dans-la-politique\\\/\",\"url\":\"https:\\\/\\\/visionrockland.ca\\\/en\\\/politique\\\/un-entrepreneur-en-technologie-batisseur-de-communautes-se-lance-dans-la-politique\\\/\",\"name\":\"Un entrepreneur en technologie, b\u00e2tisseur de communaut\u00e9s, se lance dans la politique - Vision\",\"isPartOf\":{\"@id\":\"https:\\\/\\\/visionrockland.ca\\\/en\\\/#website\"},\"primaryImageOfPage\":{\"@id\":\"https:\\\/\\\/visionrockland.ca\\\/en\\\/politique\\\/un-entrepreneur-en-technologie-batisseur-de-communautes-se-lance-dans-la-politique\\\/#primaryimage\"},\"image\":{\"@id\":\"https:\\\/\\\/visionrockland.ca\\\/en\\\/politique\\\/un-entrepreneur-en-technologie-batisseur-de-communautes-se-lance-dans-la-politique\\\/#primaryimage\"},\"thumbnailUrl\":\"https:\\\/\\\/cdn.editionap.ca\\\/wp-content\\\/uploads\\\/sites\\\/3\\\/2025\\\/04\\\/Giovanna-Mingarelli.jpg\",\"datePublished\":\"2025-04-03T13:37:41+00:00\",\"dateModified\":\"2026-02-17T19:51:32+00:00\",\"author\":{\"@id\":\"https:\\\/\\\/visionrockland.ca\\\/en\\\/#\\\/schema\\\/person\\\/a09095fdf65e09e747105760fe90175c\"},\"breadcrumb\":{\"@id\":\"https:\\\/\\\/visionrockland.ca\\\/en\\\/politique\\\/un-entrepreneur-en-technologie-batisseur-de-communautes-se-lance-dans-la-politique\\\/#breadcrumb\"},\"inLanguage\":\"en-US\",\"potentialAction\":[{\"@type\":\"ReadAction\",\"target\":[\"https:\\\/\\\/visionrockland.ca\\\/en\\\/politique\\\/un-entrepreneur-en-technologie-batisseur-de-communautes-se-lance-dans-la-politique\\\/\"]}]},{\"@type\":\"ImageObject\",\"inLanguage\":\"en-US\",\"@id\":\"https:\\\/\\\/visionrockland.ca\\\/en\\\/politique\\\/un-entrepreneur-en-technologie-batisseur-de-communautes-se-lance-dans-la-politique\\\/#primaryimage\",\"url\":\"https:\\\/\\\/cdn.editionap.ca\\\/wp-content\\\/uploads\\\/sites\\\/3\\\/2025\\\/04\\\/Giovanna-Mingarelli.jpg\",\"contentUrl\":\"https:\\\/\\\/cdn.editionap.ca\\\/wp-content\\\/uploads\\\/sites\\\/3\\\/2025\\\/04\\\/Giovanna-Mingarelli.jpg\",\"width\":1440,\"height\":1440,\"caption\":\"Giovanna Mingarelli, raised in Rockland, is the federal Liberal candidate for the realigned riding of Prescott-Russell-Cumberland.\"},{\"@type\":\"BreadcrumbList\",\"@id\":\"https:\\\/\\\/visionrockland.ca\\\/en\\\/politique\\\/un-entrepreneur-en-technologie-batisseur-de-communautes-se-lance-dans-la-politique\\\/#breadcrumb\",\"itemListElement\":[{\"@type\":\"ListItem\",\"position\":1,\"name\":\"Accueil\",\"item\":\"https:\\\/\\\/visionrockland.ca\\\/en\\\/\"},{\"@type\":\"ListItem\",\"position\":2,\"name\":\"Un entrepreneur en technologie, b\u00e2tisseur de communaut\u00e9s, se lance dans la politique\"}]},{\"@type\":\"WebSite\",\"@id\":\"https:\\\/\\\/visionrockland.ca\\\/en\\\/#website\",\"url\":\"https:\\\/\\\/visionrockland.ca\\\/en\\\/\",\"name\":\"Vision\",\"description\":\"\",\"potentialAction\":[{\"@type\":\"SearchAction\",\"target\":{\"@type\":\"EntryPoint\",\"urlTemplate\":\"https:\\\/\\\/visionrockland.ca\\\/en\\\/?s={search_term_string}\"},\"query-input\":{\"@type\":\"PropertyValueSpecification\",\"valueRequired\":true,\"valueName\":\"search_term_string\"}}],\"inLanguage\":\"en-US\"},{\"@type\":\"Person\",\"@id\":\"https:\\\/\\\/visionrockland.ca\\\/en\\\/#\\\/schema\\\/person\\\/a09095fdf65e09e747105760fe90175c\",\"name\":\"Anil Jhalli\",\"image\":{\"@type\":\"ImageObject\",\"inLanguage\":\"en-US\",\"@id\":\"https:\\\/\\\/secure.gravatar.com\\\/avatar\\\/63becc64fff8877a05400459aa003b94a1fdc8d3954acacc688ee6a2bc39fef8?s=96&d=mm&r=g\",\"url\":\"https:\\\/\\\/secure.gravatar.com\\\/avatar\\\/63becc64fff8877a05400459aa003b94a1fdc8d3954acacc688ee6a2bc39fef8?s=96&d=mm&r=g\",\"contentUrl\":\"https:\\\/\\\/secure.gravatar.com\\\/avatar\\\/63becc64fff8877a05400459aa003b94a1fdc8d3954acacc688ee6a2bc39fef8?s=96&d=mm&r=g\",\"caption\":\"Anil Jhalli\"}}]}<\/script>\n<!-- \/ Yoast SEO plugin. -->","yoast_head_json":{"title":"Un entrepreneur en technologie, b\u00e2tisseur de communaut\u00e9s, se lance dans la politique - Vision","robots":{"index":"index","follow":"follow","max-snippet":"max-snippet:-1","max-image-preview":"max-image-preview:large","max-video-preview":"max-video-preview:-1"},"canonical":"https:\/\/visionrockland.ca\/en\/politique\/un-entrepreneur-en-technologie-batisseur-de-communautes-se-lance-dans-la-politique\/","og_locale":"en_US","og_type":"article","og_title":"Un entrepreneur en technologie, b\u00e2tisseur de communaut\u00e9s, se lance dans la politique - Vision","og_description":"Giovanna Mingarelli est pr\u00eate \u00e0 se battre pour les gens de la nouvelle circonscription f\u00e9d\u00e9rale de Prescott\u2013Russell\u2013Cumberland.\u00a0 Mme Mingarelli, qui a grandi \u00e0 Rockland et est issue d&#8217;une famille d&#8217;agriculteurs canadiens de cinqui\u00e8me g\u00e9n\u00e9ration, est la candidate lib\u00e9rale dans cette circonscription r\u00e9cemment red\u00e9finie, actuellement repr\u00e9sent\u00e9e par le d\u00e9put\u00e9 Francis Drouin.\u00a0 Ce dernier a annonc\u00e9 plus [&hellip;]","og_url":"https:\/\/visionrockland.ca\/en\/politique\/un-entrepreneur-en-technologie-batisseur-de-communautes-se-lance-dans-la-politique\/","og_site_name":"Vision","article_published_time":"2025-04-03T13:37:41+00:00","article_modified_time":"2026-02-17T19:51:32+00:00","og_image":[{"width":1440,"height":1440,"url":"https:\/\/cdn.editionap.ca\/wp-content\/uploads\/sites\/3\/2025\/04\/Giovanna-Mingarelli.jpg","type":"image\/jpeg"}],"author":"Anil Jhalli","twitter_card":"summary_large_image","twitter_misc":{"Written by":"Anil Jhalli","Est. reading time":"4 minutes"},"schema":{"@context":"https:\/\/schema.org","@graph":[{"@type":"Article","@id":"https:\/\/visionrockland.ca\/en\/politique\/un-entrepreneur-en-technologie-batisseur-de-communautes-se-lance-dans-la-politique\/#article","isPartOf":{"@id":"https:\/\/visionrockland.ca\/en\/politique\/un-entrepreneur-en-technologie-batisseur-de-communautes-se-lance-dans-la-politique\/"},"author":{"name":"Anil Jhalli","@id":"https:\/\/visionrockland.ca\/en\/#\/schema\/person\/a09095fdf65e09e747105760fe90175c"},"headline":"Un entrepreneur en technologie, b\u00e2tisseur de communaut\u00e9s, se lance dans la politique","datePublished":"2025-04-03T13:37:41+00:00","dateModified":"2026-02-17T19:51:32+00:00","mainEntityOfPage":{"@id":"https:\/\/visionrockland.ca\/en\/politique\/un-entrepreneur-en-technologie-batisseur-de-communautes-se-lance-dans-la-politique\/"},"wordCount":652,"image":{"@id":"https:\/\/visionrockland.ca\/en\/politique\/un-entrepreneur-en-technologie-batisseur-de-communautes-se-lance-dans-la-politique\/#primaryimage"},"thumbnailUrl":"https:\/\/cdn.editionap.ca\/wp-content\/uploads\/sites\/3\/2025\/04\/Giovanna-Mingarelli.jpg","articleSection":["Politique"],"inLanguage":"en-US"},{"@type":"WebPage","@id":"https:\/\/visionrockland.ca\/en\/politique\/un-entrepreneur-en-technologie-batisseur-de-communautes-se-lance-dans-la-politique\/","url":"https:\/\/visionrockland.ca\/en\/politique\/un-entrepreneur-en-technologie-batisseur-de-communautes-se-lance-dans-la-politique\/","name":"Un entrepreneur en technologie, b\u00e2tisseur de communaut\u00e9s, se lance dans la politique - Vision","isPartOf":{"@id":"https:\/\/visionrockland.ca\/en\/#website"},"primaryImageOfPage":{"@id":"https:\/\/visionrockland.ca\/en\/politique\/un-entrepreneur-en-technologie-batisseur-de-communautes-se-lance-dans-la-politique\/#primaryimage"},"image":{"@id":"https:\/\/visionrockland.ca\/en\/politique\/un-entrepreneur-en-technologie-batisseur-de-communautes-se-lance-dans-la-politique\/#primaryimage"},"thumbnailUrl":"https:\/\/cdn.editionap.ca\/wp-content\/uploads\/sites\/3\/2025\/04\/Giovanna-Mingarelli.jpg","datePublished":"2025-04-03T13:37:41+00:00","dateModified":"2026-02-17T19:51:32+00:00","author":{"@id":"https:\/\/visionrockland.ca\/en\/#\/schema\/person\/a09095fdf65e09e747105760fe90175c"},"breadcrumb":{"@id":"https:\/\/visionrockland.ca\/en\/politique\/un-entrepreneur-en-technologie-batisseur-de-communautes-se-lance-dans-la-politique\/#breadcrumb"},"inLanguage":"en-US","potentialAction":[{"@type":"ReadAction","target":["https:\/\/visionrockland.ca\/en\/politique\/un-entrepreneur-en-technologie-batisseur-de-communautes-se-lance-dans-la-politique\/"]}]},{"@type":"ImageObject","inLanguage":"en-US","@id":"https:\/\/visionrockland.ca\/en\/politique\/un-entrepreneur-en-technologie-batisseur-de-communautes-se-lance-dans-la-politique\/#primaryimage","url":"https:\/\/cdn.editionap.ca\/wp-content\/uploads\/sites\/3\/2025\/04\/Giovanna-Mingarelli.jpg","contentUrl":"https:\/\/cdn.editionap.ca\/wp-content\/uploads\/sites\/3\/2025\/04\/Giovanna-Mingarelli.jpg","width":1440,"height":1440,"caption":"Giovanna Mingarelli, raised in Rockland, is the federal Liberal candidate for the realigned riding of Prescott-Russell-Cumberland."},{"@type":"BreadcrumbList","@id":"https:\/\/visionrockland.ca\/en\/politique\/un-entrepreneur-en-technologie-batisseur-de-communautes-se-lance-dans-la-politique\/#breadcrumb","itemListElement":[{"@type":"ListItem","position":1,"name":"Accueil","item":"https:\/\/visionrockland.ca\/en\/"},{"@type":"ListItem","position":2,"name":"Un entrepreneur en technologie, b\u00e2tisseur de communaut\u00e9s, se lance dans la politique"}]},{"@type":"WebSite","@id":"https:\/\/visionrockland.ca\/en\/#website","url":"https:\/\/visionrockland.ca\/en\/","name":"Vision","description":"","potentialAction":[{"@type":"SearchAction","target":{"@type":"EntryPoint","urlTemplate":"https:\/\/visionrockland.ca\/en\/?s={search_term_string}"},"query-input":{"@type":"PropertyValueSpecification","valueRequired":true,"valueName":"search_term_string"}}],"inLanguage":"en-US"},{"@type":"Person","@id":"https:\/\/visionrockland.ca\/en\/#\/schema\/person\/a09095fdf65e09e747105760fe90175c","name":"Anil Jhalli","image":{"@type":"ImageObject","inLanguage":"en-US","@id":"https:\/\/secure.gravatar.com\/avatar\/63becc64fff8877a05400459aa003b94a1fdc8d3954acacc688ee6a2bc39fef8?s=96&d=mm&r=g","url":"https:\/\/secure.gravatar.com\/avatar\/63becc64fff8877a05400459aa003b94a1fdc8d3954acacc688ee6a2bc39fef8?s=96&d=mm&r=g","contentUrl":"https:\/\/secure.gravatar.com\/avatar\/63becc64fff8877a05400459aa003b94a1fdc8d3954acacc688ee6a2bc39fef8?s=96&d=mm&r=g","caption":"Anil Jhalli"}}]}},"_links":{"self":[{"href":"https:\/\/visionrockland.ca\/en\/wp-json\/wp\/v2\/posts\/105662","targetHints":{"allow":["GET"]}}],"collection":[{"href":"https:\/\/visionrockland.ca\/en\/wp-json\/wp\/v2\/posts"}],"about":[{"href":"https:\/\/visionrockland.ca\/en\/wp-json\/wp\/v2\/types\/post"}],"author":[{"embeddable":true,"href":"https:\/\/visionrockland.ca\/en\/wp-json\/wp\/v2\/users\/27"}],"replies":[{"embeddable":true,"href":"https:\/\/visionrockland.ca\/en\/wp-json\/wp\/v2\/comments?post=105662"}],"version-history":[{"count":1,"href":"https:\/\/visionrockland.ca\/en\/wp-json\/wp\/v2\/posts\/105662\/revisions"}],"predecessor-version":[{"id":132337,"href":"https:\/\/visionrockland.ca\/en\/wp-json\/wp\/v2\/posts\/105662\/revisions\/132337"}],"wp:featuredmedia":[{"embeddable":true,"href":"https:\/\/visionrockland.ca\/en\/wp-json\/wp\/v2\/media\/105606"}],"wp:attachment":[{"href":"https:\/\/visionrockland.ca\/en\/wp-json\/wp\/v2\/media?parent=105662"}],"wp:term":[{"taxonomy":"category","embeddable":true,"href":"https:\/\/visionrockland.ca\/en\/wp-json\/wp\/v2\/categories?post=105662"},{"taxonomy":"post_tag","embeddable":true,"href":"https:\/\/visionrockland.ca\/en\/wp-json\/wp\/v2\/tags?post=105662"}],"curies":[{"name":"wp","href":"https:\/\/api.w.org\/{rel}","templated":true}]}}