{"id":105519,"date":"2025-03-26T16:51:29","date_gmt":"2025-03-26T20:51:29","guid":{"rendered":"https:\/\/editionap.ca\/?p=105519"},"modified":"2026-02-17T20:51:32","modified_gmt":"2026-02-17T19:51:32","slug":"un-producteur-de-saint-pascal-baylon-participe-a-un-evenement-annuel-celebrant-le-sirop-derable","status":"publish","type":"post","link":"https:\/\/visionrockland.ca\/en\/affaires\/un-producteur-de-saint-pascal-baylon-participe-a-un-evenement-annuel-celebrant-le-sirop-derable\/","title":{"rendered":"Un producteur de Saint-Pascal-Baylon participe \u00e0 un \u00e9v\u00e9nement annuel c\u00e9l\u00e9brant le sirop d\u2019\u00e9rable"},"content":{"rendered":"<p><b><span data-contrast=\"none\">Cr\u00eapes, gaufres et pain dor\u00e9\u2014qu\u2019ont en commun ces incontournables du petit-d\u00e9jeuner ? Ils sont encore meilleurs avec du sirop d\u2019\u00e9rable.<\/span><\/b><span data-ccp-props=\"{&quot;201341983&quot;:0,&quot;335551550&quot;:6,&quot;335551620&quot;:6,&quot;335559739&quot;:0,&quot;335559740&quot;:288}\">\u00a0<\/span><\/p>\n<p><span data-contrast=\"none\">Un \u00e9v\u00e9nement annuel c\u00e9l\u00e9brant le sirop d\u2019\u00e9rable approche \u00e0 grands pas, avec la participation de nombreux producteurs locaux.<\/span><span data-ccp-props=\"{&quot;201341983&quot;:2,&quot;335551550&quot;:6,&quot;335551620&quot;:6,&quot;335559731&quot;:240,&quot;335559739&quot;:0,&quot;335559740&quot;:240}\">\u00a0<\/span><\/p>\n<p><span data-contrast=\"none\">Le Week-end de l\u2019\u00e9rable se tiendra le samedi 5 avril et le dimanche 6 avril \u00e0 travers l\u2019Ontario. De nombreux producteurs proposeront des d\u00e9gustations gratuites de sirop d\u2019\u00e9rable frais et de confiseries, tandis que les visiteurs pourront profiter de petits-d\u00e9jeuners aux cr\u00eapes, de sentiers dans l\u2019\u00e9rabli\u00e8re, de d\u00e9monstrations de fabrication de sirop, de tire sur neige, de balades en tra\u00eeneau tir\u00e9 par des chevaux, et bien plus encore.<\/span><span data-ccp-props=\"{&quot;201341983&quot;:2,&quot;335551550&quot;:6,&quot;335551620&quot;:6,&quot;335559731&quot;:240,&quot;335559739&quot;:0,&quot;335559740&quot;:240}\">\u00a0<\/span><\/p>\n<p><span data-contrast=\"none\">\u00ab Le Week-end de l\u2019\u00e9rable est une occasion de rencontrer des gens de notre communaut\u00e9 et de partager notre passion \u00bb, explique \u00c9tienne S\u00e9guin, propri\u00e9taire et exploitant de la Ferme St-Malo \u00e0 Saint-Pascal-Baylon, qu\u2019il g\u00e8re avec son \u00e9pouse, Shannon. \u00ab Cet \u00e9v\u00e9nement nous permet \u00e9galement, en tant que producteurs, de promouvoir nos produits d\u2019\u00e9rable. \u00bb<\/span><span data-ccp-props=\"{&quot;201341983&quot;:2,&quot;335551550&quot;:6,&quot;335551620&quot;:6,&quot;335559731&quot;:240,&quot;335559739&quot;:0,&quot;335559740&quot;:240}\">\u00a0<\/span><\/p>\n<p><span data-contrast=\"none\">La famille S\u00e9guin produit du sirop d\u2019\u00e9rable de qualit\u00e9 depuis des g\u00e9n\u00e9rations, et \u00c9tienne est fier de perp\u00e9tuer le travail et les traditions familiales. Il repr\u00e9sente la quatri\u00e8me g\u00e9n\u00e9ration de S\u00e9guin \u00e0 exploiter la ferme familiale.<\/span><span data-ccp-props=\"{&quot;201341983&quot;:2,&quot;335551550&quot;:6,&quot;335551620&quot;:6,&quot;335559731&quot;:240,&quot;335559739&quot;:0,&quot;335559740&quot;:240}\">\u00a0<\/span><\/p>\n<p><span data-contrast=\"none\">Pendant le Week-end de l\u2019\u00e9rable, les visiteurs de la Ferme St-Malo pourront observer de pr\u00e8s le processus de fabrication du sirop et profiter de nombreuses activit\u00e9s.<\/span><span data-ccp-props=\"{&quot;201341983&quot;:2,&quot;335551550&quot;:6,&quot;335551620&quot;:6,&quot;335559731&quot;:240,&quot;335559739&quot;:0,&quot;335559740&quot;:240}\">\u00a0<\/span><\/p>\n<p><span data-contrast=\"none\">\u00ab Ils pourront d\u00e9guster nos diff\u00e9rents produits\u2014sirop, beurre, gel\u00e9e et tire d\u2019\u00e9rable \u00bb, pr\u00e9cise \u00c9tienne. \u00ab Ils pourront aussi se promener dans la for\u00eat. Pour les plus petits, des jeux gonflables et un atelier de maquillage seront disponibles. \u00bb<\/span><span data-ccp-props=\"{&quot;201341983&quot;:2,&quot;335551550&quot;:6,&quot;335551620&quot;:6,&quot;335559731&quot;:240,&quot;335559739&quot;:0,&quot;335559740&quot;:240}\">\u00a0<\/span><\/p>\n<p><span data-contrast=\"none\">La Ferme St-Malo s\u2019\u00e9tend sur 500 acres de terres drain\u00e9es et cultive du ma\u00efs, du soja, du bl\u00e9 et du foin, dont une partie sert \u00e0 nourrir le troupeau et le reste est vendu.<\/span><span data-ccp-props=\"{&quot;201341983&quot;:2,&quot;335551550&quot;:6,&quot;335551620&quot;:6,&quot;335559731&quot;:240,&quot;335559739&quot;:0,&quot;335559740&quot;:240}\">\u00a0<\/span><\/p>\n<p><span data-contrast=\"none\">\u00c9tienne a commenc\u00e9 sa formation agricole au Coll\u00e8ge Macdonald de l\u2019Universit\u00e9 McGill avant de poursuivre ses \u00e9tudes au Coll\u00e8ge Alfred, o\u00f9 il a obtenu son dipl\u00f4me. Shannon d\u00e9tient quant \u00e0 elle un baccalaur\u00e9at en agro\u00e9conomie de l\u2019Universit\u00e9 McGill.<\/span><span data-ccp-props=\"{&quot;201341983&quot;:2,&quot;335551550&quot;:6,&quot;335551620&quot;:6,&quot;335559731&quot;:240,&quot;335559739&quot;:0,&quot;335559740&quot;:240}\">\u00a0<\/span><\/p>\n<p><span data-contrast=\"none\">Apr\u00e8s avoir accueilli environ 100 visiteurs lors du Week-end de l\u2019\u00e9rable l\u2019an dernier, \u00c9tienne et son \u00e9quipe sont enthousiastes \u00e0 l&#8217;id\u00e9e d&#8217;y participer \u00e0 nouveau cette ann\u00e9e.<\/span><span data-ccp-props=\"{&quot;201341983&quot;:2,&quot;335551550&quot;:6,&quot;335551620&quot;:6,&quot;335559731&quot;:240,&quot;335559739&quot;:0,&quot;335559740&quot;:240}\">\u00a0<\/span><\/p>\n<p><span data-contrast=\"none\">\u00ab Notre production d\u00e9pend \u00e9norm\u00e9ment de la m\u00e9t\u00e9o \u00bb, explique \u00c9tienne. \u00ab En moyenne, la saison commence \u00e0 la fin f\u00e9vrier et se termine vers le 10 avril. La temp\u00e9rature id\u00e9ale est au-dessus de z\u00e9ro la nuit et plus chaude pendant la journ\u00e9e. D\u00e8s que nous r\u00e9coltons l\u2019eau d\u2019\u00e9rable, elle doit \u00eatre bouillie imm\u00e9diatement. Nous devons aussi nous assurer que notre \u00e9quipement est propre, et du bois sec aide beaucoup \u00e0 l\u2019\u00e9vaporation de l\u2019eau d\u2019\u00e9rable. \u00bb<\/span><span data-ccp-props=\"{&quot;201341983&quot;:2,&quot;335551550&quot;:6,&quot;335551620&quot;:6,&quot;335559731&quot;:240,&quot;335559739&quot;:0,&quot;335559740&quot;:240}\">\u00a0<\/span><\/p>\n<p><span data-contrast=\"none\">Pour en savoir plus sur l\u2019histoire de la famille S\u00e9guin, visitez www.fermestmalo.com.<\/span><br \/>\n<span data-contrast=\"none\">Pour plus d\u2019informations sur le Week-end de l\u2019\u00e9rable, rendez-vous sur ontariomaple.com\/maple-weekend.<\/span><span data-ccp-props=\"{&quot;201341983&quot;:2,&quot;335551550&quot;:6,&quot;335551620&quot;:6,&quot;335559731&quot;:240,&quot;335559739&quot;:0,&quot;335559740&quot;:240}\">\u00a0<\/span><\/p>\n<p><span data-ccp-props=\"{&quot;201341983&quot;:2,&quot;335551550&quot;:6,&quot;335551620&quot;:6,&quot;335559731&quot;:0,&quot;335559739&quot;:0,&quot;335559740&quot;:240}\">\u00a0<\/span><\/p>\n","protected":false},"excerpt":{"rendered":"<p>Cr\u00eapes, gaufres et pain dor\u00e9\u2014qu\u2019ont en commun ces incontournables du petit-d\u00e9jeuner ? Ils sont encore meilleurs avec du sirop d\u2019\u00e9rable.\u00a0 Un \u00e9v\u00e9nement annuel c\u00e9l\u00e9brant le sirop d\u2019\u00e9rable approche \u00e0 grands pas, avec la participation de nombreux producteurs locaux.\u00a0 Le Week-end de l\u2019\u00e9rable se tiendra le samedi 5 avril et le dimanche 6 avril \u00e0 travers [&hellip;]<\/p>\n","protected":false},"author":27,"featured_media":105520,"comment_status":"closed","ping_status":"open","sticky":false,"template":"","format":"standard","meta":{"_acf_changed":false,"footnotes":""},"categories":[39],"tags":[],"class_list":["post-105519","post","type-post","status-publish","format-standard","has-post-thumbnail","hentry","category-affaires"],"acf":[],"featured_media_global":[],"yoast_head":"<!-- This site is optimized with the Yoast SEO plugin v27.4 - https:\/\/yoast.com\/product\/yoast-seo-wordpress\/ -->\n<title>Un producteur de Saint-Pascal-Baylon participe \u00e0 un \u00e9v\u00e9nement annuel c\u00e9l\u00e9brant le sirop d\u2019\u00e9rable - Vision<\/title>\n<meta name=\"robots\" content=\"index, follow, max-snippet:-1, max-image-preview:large, max-video-preview:-1\" \/>\n<link rel=\"canonical\" href=\"https:\/\/visionrockland.ca\/en\/affaires\/un-producteur-de-saint-pascal-baylon-participe-a-un-evenement-annuel-celebrant-le-sirop-derable\/\" \/>\n<meta property=\"og:locale\" content=\"en_US\" \/>\n<meta property=\"og:type\" content=\"article\" \/>\n<meta property=\"og:title\" content=\"Un producteur de Saint-Pascal-Baylon participe \u00e0 un \u00e9v\u00e9nement annuel c\u00e9l\u00e9brant le sirop d\u2019\u00e9rable - Vision\" \/>\n<meta property=\"og:description\" content=\"Cr\u00eapes, gaufres et pain dor\u00e9\u2014qu\u2019ont en commun ces incontournables du petit-d\u00e9jeuner ? Ils sont encore meilleurs avec du sirop d\u2019\u00e9rable.\u00a0 Un \u00e9v\u00e9nement annuel c\u00e9l\u00e9brant le sirop d\u2019\u00e9rable approche \u00e0 grands pas, avec la participation de nombreux producteurs locaux.\u00a0 Le Week-end de l\u2019\u00e9rable se tiendra le samedi 5 avril et le dimanche 6 avril \u00e0 travers [&hellip;]\" \/>\n<meta property=\"og:url\" content=\"https:\/\/visionrockland.ca\/en\/affaires\/un-producteur-de-saint-pascal-baylon-participe-a-un-evenement-annuel-celebrant-le-sirop-derable\/\" \/>\n<meta property=\"og:site_name\" content=\"Vision\" \/>\n<meta property=\"article:published_time\" content=\"2025-03-26T20:51:29+00:00\" \/>\n<meta property=\"article:modified_time\" content=\"2026-02-17T19:51:32+00:00\" \/>\n<meta property=\"og:image\" content=\"https:\/\/cdn.editionap.ca\/wp-content\/uploads\/sites\/3\/2025\/03\/maple-weekend.jpeg\" \/>\n\t<meta property=\"og:image:width\" content=\"800\" \/>\n\t<meta property=\"og:image:height\" content=\"600\" \/>\n\t<meta property=\"og:image:type\" content=\"image\/jpeg\" \/>\n<meta name=\"author\" content=\"Anil Jhalli\" \/>\n<meta name=\"twitter:card\" content=\"summary_large_image\" \/>\n<meta name=\"twitter:label1\" content=\"Written by\" \/>\n\t<meta name=\"twitter:data1\" content=\"Anil Jhalli\" \/>\n\t<meta name=\"twitter:label2\" content=\"Est. reading time\" \/>\n\t<meta name=\"twitter:data2\" content=\"3 minutes\" \/>\n<script type=\"application\/ld+json\" class=\"yoast-schema-graph\">{\"@context\":\"https:\\\/\\\/schema.org\",\"@graph\":[{\"@type\":\"Article\",\"@id\":\"https:\\\/\\\/visionrockland.ca\\\/en\\\/affaires\\\/un-producteur-de-saint-pascal-baylon-participe-a-un-evenement-annuel-celebrant-le-sirop-derable\\\/#article\",\"isPartOf\":{\"@id\":\"https:\\\/\\\/visionrockland.ca\\\/en\\\/affaires\\\/un-producteur-de-saint-pascal-baylon-participe-a-un-evenement-annuel-celebrant-le-sirop-derable\\\/\"},\"author\":{\"name\":\"Anil Jhalli\",\"@id\":\"https:\\\/\\\/visionrockland.ca\\\/en\\\/#\\\/schema\\\/person\\\/a09095fdf65e09e747105760fe90175c\"},\"headline\":\"Un producteur de Saint-Pascal-Baylon participe \u00e0 un \u00e9v\u00e9nement annuel c\u00e9l\u00e9brant le sirop d\u2019\u00e9rable\",\"datePublished\":\"2025-03-26T20:51:29+00:00\",\"dateModified\":\"2026-02-17T19:51:32+00:00\",\"mainEntityOfPage\":{\"@id\":\"https:\\\/\\\/visionrockland.ca\\\/en\\\/affaires\\\/un-producteur-de-saint-pascal-baylon-participe-a-un-evenement-annuel-celebrant-le-sirop-derable\\\/\"},\"wordCount\":537,\"image\":{\"@id\":\"https:\\\/\\\/visionrockland.ca\\\/en\\\/affaires\\\/un-producteur-de-saint-pascal-baylon-participe-a-un-evenement-annuel-celebrant-le-sirop-derable\\\/#primaryimage\"},\"thumbnailUrl\":\"https:\\\/\\\/cdn.editionap.ca\\\/wp-content\\\/uploads\\\/sites\\\/3\\\/2025\\\/03\\\/maple-weekend.jpeg\",\"articleSection\":[\"Affaires\"],\"inLanguage\":\"en-US\"},{\"@type\":\"WebPage\",\"@id\":\"https:\\\/\\\/visionrockland.ca\\\/en\\\/affaires\\\/un-producteur-de-saint-pascal-baylon-participe-a-un-evenement-annuel-celebrant-le-sirop-derable\\\/\",\"url\":\"https:\\\/\\\/visionrockland.ca\\\/en\\\/affaires\\\/un-producteur-de-saint-pascal-baylon-participe-a-un-evenement-annuel-celebrant-le-sirop-derable\\\/\",\"name\":\"Un producteur de Saint-Pascal-Baylon participe \u00e0 un \u00e9v\u00e9nement annuel c\u00e9l\u00e9brant le sirop d\u2019\u00e9rable - Vision\",\"isPartOf\":{\"@id\":\"https:\\\/\\\/visionrockland.ca\\\/en\\\/#website\"},\"primaryImageOfPage\":{\"@id\":\"https:\\\/\\\/visionrockland.ca\\\/en\\\/affaires\\\/un-producteur-de-saint-pascal-baylon-participe-a-un-evenement-annuel-celebrant-le-sirop-derable\\\/#primaryimage\"},\"image\":{\"@id\":\"https:\\\/\\\/visionrockland.ca\\\/en\\\/affaires\\\/un-producteur-de-saint-pascal-baylon-participe-a-un-evenement-annuel-celebrant-le-sirop-derable\\\/#primaryimage\"},\"thumbnailUrl\":\"https:\\\/\\\/cdn.editionap.ca\\\/wp-content\\\/uploads\\\/sites\\\/3\\\/2025\\\/03\\\/maple-weekend.jpeg\",\"datePublished\":\"2025-03-26T20:51:29+00:00\",\"dateModified\":\"2026-02-17T19:51:32+00:00\",\"author\":{\"@id\":\"https:\\\/\\\/visionrockland.ca\\\/en\\\/#\\\/schema\\\/person\\\/a09095fdf65e09e747105760fe90175c\"},\"breadcrumb\":{\"@id\":\"https:\\\/\\\/visionrockland.ca\\\/en\\\/affaires\\\/un-producteur-de-saint-pascal-baylon-participe-a-un-evenement-annuel-celebrant-le-sirop-derable\\\/#breadcrumb\"},\"inLanguage\":\"en-US\",\"potentialAction\":[{\"@type\":\"ReadAction\",\"target\":[\"https:\\\/\\\/visionrockland.ca\\\/en\\\/affaires\\\/un-producteur-de-saint-pascal-baylon-participe-a-un-evenement-annuel-celebrant-le-sirop-derable\\\/\"]}]},{\"@type\":\"ImageObject\",\"inLanguage\":\"en-US\",\"@id\":\"https:\\\/\\\/visionrockland.ca\\\/en\\\/affaires\\\/un-producteur-de-saint-pascal-baylon-participe-a-un-evenement-annuel-celebrant-le-sirop-derable\\\/#primaryimage\",\"url\":\"https:\\\/\\\/cdn.editionap.ca\\\/wp-content\\\/uploads\\\/sites\\\/3\\\/2025\\\/03\\\/maple-weekend.jpeg\",\"contentUrl\":\"https:\\\/\\\/cdn.editionap.ca\\\/wp-content\\\/uploads\\\/sites\\\/3\\\/2025\\\/03\\\/maple-weekend.jpeg\",\"width\":800,\"height\":600,\"caption\":\"Le week-end de l'\u00e9rable se d\u00e9roule dans tout l'Ontario les 5 et 6 avril 2025. De nombreux producteurs de sirop d'\u00e9rable de l'est de l'Ontario y participent, notamment la Ferme St-Malo \u00e0 Saint-Pascal-Baylon. Photo ci-dessus \u00c9tienne S\u00e9guin, propri\u00e9taire et exploitant de la Ferme St-Malo.\"},{\"@type\":\"BreadcrumbList\",\"@id\":\"https:\\\/\\\/visionrockland.ca\\\/en\\\/affaires\\\/un-producteur-de-saint-pascal-baylon-participe-a-un-evenement-annuel-celebrant-le-sirop-derable\\\/#breadcrumb\",\"itemListElement\":[{\"@type\":\"ListItem\",\"position\":1,\"name\":\"Accueil\",\"item\":\"https:\\\/\\\/visionrockland.ca\\\/en\\\/\"},{\"@type\":\"ListItem\",\"position\":2,\"name\":\"Un producteur de Saint-Pascal-Baylon participe \u00e0 un \u00e9v\u00e9nement annuel c\u00e9l\u00e9brant le sirop d\u2019\u00e9rable\"}]},{\"@type\":\"WebSite\",\"@id\":\"https:\\\/\\\/visionrockland.ca\\\/en\\\/#website\",\"url\":\"https:\\\/\\\/visionrockland.ca\\\/en\\\/\",\"name\":\"Vision\",\"description\":\"\",\"potentialAction\":[{\"@type\":\"SearchAction\",\"target\":{\"@type\":\"EntryPoint\",\"urlTemplate\":\"https:\\\/\\\/visionrockland.ca\\\/en\\\/?s={search_term_string}\"},\"query-input\":{\"@type\":\"PropertyValueSpecification\",\"valueRequired\":true,\"valueName\":\"search_term_string\"}}],\"inLanguage\":\"en-US\"},{\"@type\":\"Person\",\"@id\":\"https:\\\/\\\/visionrockland.ca\\\/en\\\/#\\\/schema\\\/person\\\/a09095fdf65e09e747105760fe90175c\",\"name\":\"Anil Jhalli\",\"image\":{\"@type\":\"ImageObject\",\"inLanguage\":\"en-US\",\"@id\":\"https:\\\/\\\/secure.gravatar.com\\\/avatar\\\/63becc64fff8877a05400459aa003b94a1fdc8d3954acacc688ee6a2bc39fef8?s=96&d=mm&r=g\",\"url\":\"https:\\\/\\\/secure.gravatar.com\\\/avatar\\\/63becc64fff8877a05400459aa003b94a1fdc8d3954acacc688ee6a2bc39fef8?s=96&d=mm&r=g\",\"contentUrl\":\"https:\\\/\\\/secure.gravatar.com\\\/avatar\\\/63becc64fff8877a05400459aa003b94a1fdc8d3954acacc688ee6a2bc39fef8?s=96&d=mm&r=g\",\"caption\":\"Anil Jhalli\"}}]}<\/script>\n<!-- \/ Yoast SEO plugin. -->","yoast_head_json":{"title":"Un producteur de Saint-Pascal-Baylon participe \u00e0 un \u00e9v\u00e9nement annuel c\u00e9l\u00e9brant le sirop d\u2019\u00e9rable - Vision","robots":{"index":"index","follow":"follow","max-snippet":"max-snippet:-1","max-image-preview":"max-image-preview:large","max-video-preview":"max-video-preview:-1"},"canonical":"https:\/\/visionrockland.ca\/en\/affaires\/un-producteur-de-saint-pascal-baylon-participe-a-un-evenement-annuel-celebrant-le-sirop-derable\/","og_locale":"en_US","og_type":"article","og_title":"Un producteur de Saint-Pascal-Baylon participe \u00e0 un \u00e9v\u00e9nement annuel c\u00e9l\u00e9brant le sirop d\u2019\u00e9rable - Vision","og_description":"Cr\u00eapes, gaufres et pain dor\u00e9\u2014qu\u2019ont en commun ces incontournables du petit-d\u00e9jeuner ? Ils sont encore meilleurs avec du sirop d\u2019\u00e9rable.\u00a0 Un \u00e9v\u00e9nement annuel c\u00e9l\u00e9brant le sirop d\u2019\u00e9rable approche \u00e0 grands pas, avec la participation de nombreux producteurs locaux.\u00a0 Le Week-end de l\u2019\u00e9rable se tiendra le samedi 5 avril et le dimanche 6 avril \u00e0 travers [&hellip;]","og_url":"https:\/\/visionrockland.ca\/en\/affaires\/un-producteur-de-saint-pascal-baylon-participe-a-un-evenement-annuel-celebrant-le-sirop-derable\/","og_site_name":"Vision","article_published_time":"2025-03-26T20:51:29+00:00","article_modified_time":"2026-02-17T19:51:32+00:00","og_image":[{"width":800,"height":600,"url":"https:\/\/cdn.editionap.ca\/wp-content\/uploads\/sites\/3\/2025\/03\/maple-weekend.jpeg","type":"image\/jpeg"}],"author":"Anil Jhalli","twitter_card":"summary_large_image","twitter_misc":{"Written by":"Anil Jhalli","Est. reading time":"3 minutes"},"schema":{"@context":"https:\/\/schema.org","@graph":[{"@type":"Article","@id":"https:\/\/visionrockland.ca\/en\/affaires\/un-producteur-de-saint-pascal-baylon-participe-a-un-evenement-annuel-celebrant-le-sirop-derable\/#article","isPartOf":{"@id":"https:\/\/visionrockland.ca\/en\/affaires\/un-producteur-de-saint-pascal-baylon-participe-a-un-evenement-annuel-celebrant-le-sirop-derable\/"},"author":{"name":"Anil Jhalli","@id":"https:\/\/visionrockland.ca\/en\/#\/schema\/person\/a09095fdf65e09e747105760fe90175c"},"headline":"Un producteur de Saint-Pascal-Baylon participe \u00e0 un \u00e9v\u00e9nement annuel c\u00e9l\u00e9brant le sirop d\u2019\u00e9rable","datePublished":"2025-03-26T20:51:29+00:00","dateModified":"2026-02-17T19:51:32+00:00","mainEntityOfPage":{"@id":"https:\/\/visionrockland.ca\/en\/affaires\/un-producteur-de-saint-pascal-baylon-participe-a-un-evenement-annuel-celebrant-le-sirop-derable\/"},"wordCount":537,"image":{"@id":"https:\/\/visionrockland.ca\/en\/affaires\/un-producteur-de-saint-pascal-baylon-participe-a-un-evenement-annuel-celebrant-le-sirop-derable\/#primaryimage"},"thumbnailUrl":"https:\/\/cdn.editionap.ca\/wp-content\/uploads\/sites\/3\/2025\/03\/maple-weekend.jpeg","articleSection":["Affaires"],"inLanguage":"en-US"},{"@type":"WebPage","@id":"https:\/\/visionrockland.ca\/en\/affaires\/un-producteur-de-saint-pascal-baylon-participe-a-un-evenement-annuel-celebrant-le-sirop-derable\/","url":"https:\/\/visionrockland.ca\/en\/affaires\/un-producteur-de-saint-pascal-baylon-participe-a-un-evenement-annuel-celebrant-le-sirop-derable\/","name":"Un producteur de Saint-Pascal-Baylon participe \u00e0 un \u00e9v\u00e9nement annuel c\u00e9l\u00e9brant le sirop d\u2019\u00e9rable - Vision","isPartOf":{"@id":"https:\/\/visionrockland.ca\/en\/#website"},"primaryImageOfPage":{"@id":"https:\/\/visionrockland.ca\/en\/affaires\/un-producteur-de-saint-pascal-baylon-participe-a-un-evenement-annuel-celebrant-le-sirop-derable\/#primaryimage"},"image":{"@id":"https:\/\/visionrockland.ca\/en\/affaires\/un-producteur-de-saint-pascal-baylon-participe-a-un-evenement-annuel-celebrant-le-sirop-derable\/#primaryimage"},"thumbnailUrl":"https:\/\/cdn.editionap.ca\/wp-content\/uploads\/sites\/3\/2025\/03\/maple-weekend.jpeg","datePublished":"2025-03-26T20:51:29+00:00","dateModified":"2026-02-17T19:51:32+00:00","author":{"@id":"https:\/\/visionrockland.ca\/en\/#\/schema\/person\/a09095fdf65e09e747105760fe90175c"},"breadcrumb":{"@id":"https:\/\/visionrockland.ca\/en\/affaires\/un-producteur-de-saint-pascal-baylon-participe-a-un-evenement-annuel-celebrant-le-sirop-derable\/#breadcrumb"},"inLanguage":"en-US","potentialAction":[{"@type":"ReadAction","target":["https:\/\/visionrockland.ca\/en\/affaires\/un-producteur-de-saint-pascal-baylon-participe-a-un-evenement-annuel-celebrant-le-sirop-derable\/"]}]},{"@type":"ImageObject","inLanguage":"en-US","@id":"https:\/\/visionrockland.ca\/en\/affaires\/un-producteur-de-saint-pascal-baylon-participe-a-un-evenement-annuel-celebrant-le-sirop-derable\/#primaryimage","url":"https:\/\/cdn.editionap.ca\/wp-content\/uploads\/sites\/3\/2025\/03\/maple-weekend.jpeg","contentUrl":"https:\/\/cdn.editionap.ca\/wp-content\/uploads\/sites\/3\/2025\/03\/maple-weekend.jpeg","width":800,"height":600,"caption":"Le week-end de l'\u00e9rable se d\u00e9roule dans tout l'Ontario les 5 et 6 avril 2025. De nombreux producteurs de sirop d'\u00e9rable de l'est de l'Ontario y participent, notamment la Ferme St-Malo \u00e0 Saint-Pascal-Baylon. Photo ci-dessus \u00c9tienne S\u00e9guin, propri\u00e9taire et exploitant de la Ferme St-Malo."},{"@type":"BreadcrumbList","@id":"https:\/\/visionrockland.ca\/en\/affaires\/un-producteur-de-saint-pascal-baylon-participe-a-un-evenement-annuel-celebrant-le-sirop-derable\/#breadcrumb","itemListElement":[{"@type":"ListItem","position":1,"name":"Accueil","item":"https:\/\/visionrockland.ca\/en\/"},{"@type":"ListItem","position":2,"name":"Un producteur de Saint-Pascal-Baylon participe \u00e0 un \u00e9v\u00e9nement annuel c\u00e9l\u00e9brant le sirop d\u2019\u00e9rable"}]},{"@type":"WebSite","@id":"https:\/\/visionrockland.ca\/en\/#website","url":"https:\/\/visionrockland.ca\/en\/","name":"Vision","description":"","potentialAction":[{"@type":"SearchAction","target":{"@type":"EntryPoint","urlTemplate":"https:\/\/visionrockland.ca\/en\/?s={search_term_string}"},"query-input":{"@type":"PropertyValueSpecification","valueRequired":true,"valueName":"search_term_string"}}],"inLanguage":"en-US"},{"@type":"Person","@id":"https:\/\/visionrockland.ca\/en\/#\/schema\/person\/a09095fdf65e09e747105760fe90175c","name":"Anil Jhalli","image":{"@type":"ImageObject","inLanguage":"en-US","@id":"https:\/\/secure.gravatar.com\/avatar\/63becc64fff8877a05400459aa003b94a1fdc8d3954acacc688ee6a2bc39fef8?s=96&d=mm&r=g","url":"https:\/\/secure.gravatar.com\/avatar\/63becc64fff8877a05400459aa003b94a1fdc8d3954acacc688ee6a2bc39fef8?s=96&d=mm&r=g","contentUrl":"https:\/\/secure.gravatar.com\/avatar\/63becc64fff8877a05400459aa003b94a1fdc8d3954acacc688ee6a2bc39fef8?s=96&d=mm&r=g","caption":"Anil Jhalli"}}]}},"_links":{"self":[{"href":"https:\/\/visionrockland.ca\/en\/wp-json\/wp\/v2\/posts\/105519","targetHints":{"allow":["GET"]}}],"collection":[{"href":"https:\/\/visionrockland.ca\/en\/wp-json\/wp\/v2\/posts"}],"about":[{"href":"https:\/\/visionrockland.ca\/en\/wp-json\/wp\/v2\/types\/post"}],"author":[{"embeddable":true,"href":"https:\/\/visionrockland.ca\/en\/wp-json\/wp\/v2\/users\/27"}],"replies":[{"embeddable":true,"href":"https:\/\/visionrockland.ca\/en\/wp-json\/wp\/v2\/comments?post=105519"}],"version-history":[{"count":1,"href":"https:\/\/visionrockland.ca\/en\/wp-json\/wp\/v2\/posts\/105519\/revisions"}],"predecessor-version":[{"id":132341,"href":"https:\/\/visionrockland.ca\/en\/wp-json\/wp\/v2\/posts\/105519\/revisions\/132341"}],"wp:featuredmedia":[{"embeddable":true,"href":"https:\/\/visionrockland.ca\/en\/wp-json\/wp\/v2\/media\/105520"}],"wp:attachment":[{"href":"https:\/\/visionrockland.ca\/en\/wp-json\/wp\/v2\/media?parent=105519"}],"wp:term":[{"taxonomy":"category","embeddable":true,"href":"https:\/\/visionrockland.ca\/en\/wp-json\/wp\/v2\/categories?post=105519"},{"taxonomy":"post_tag","embeddable":true,"href":"https:\/\/visionrockland.ca\/en\/wp-json\/wp\/v2\/tags?post=105519"}],"curies":[{"name":"wp","href":"https:\/\/api.w.org\/{rel}","templated":true}]}}