{"id":105320,"date":"2025-03-09T21:18:16","date_gmt":"2025-03-10T01:18:16","guid":{"rendered":"https:\/\/editionap.ca\/?p=105320"},"modified":"2026-02-17T20:51:33","modified_gmt":"2026-02-17T19:51:33","slug":"je-ne-cesserai-jamais-de-me-battre-pour-ma-communaute-stewart-apres-sa-defaite-electorale","status":"publish","type":"post","link":"https:\/\/visionrockland.ca\/en\/politique\/je-ne-cesserai-jamais-de-me-battre-pour-ma-communaute-stewart-apres-sa-defaite-electorale\/","title":{"rendered":"\u00ab Je ne cesserai jamais de me battre pour ma communaut\u00e9 \u00bb : Stewart apr\u00e8s sa d\u00e9faite \u00e9lectorale"},"content":{"rendered":"<p><b><span data-contrast=\"none\">Ce n&#8217;est pas le r\u00e9sultat qu&#8217;il esp\u00e9rait, mais Trevor Stewart a d\u00e9clar\u00e9 qu&#8217;il ne cessera jamais de se battre pour les gens de sa communaut\u00e9.<\/span><\/b><\/p>\n<p>Stewart, candidat lib\u00e9ral dans la circonscription provinciale de Glengarry\u2013Prescott\u2013Russell, est arriv\u00e9 deuxi\u00e8me avec 17 752 voix (37,11 %) le soir de l&#8217;\u00e9lection.<\/p>\n<p><span data-contrast=\"none\">\u00ab Ce ne sont pas les r\u00e9sultats que nous souhaitions, mais je reste persuad\u00e9 que nous pouvons faire mieux \u00bb, a d\u00e9clar\u00e9 M. Stewart lors de son rassemblement post-\u00e9lectoral au Hammond Golf and Country Club, le jeudi 27 f\u00e9vrier.<\/span><span data-ccp-props=\"{&quot;201341983&quot;:2,&quot;335551550&quot;:6,&quot;335551620&quot;:6,&quot;335559731&quot;:240,&quot;335559739&quot;:0,&quot;335559740&quot;:240}\">\u00a0<\/span><\/p>\n<p><span data-contrast=\"none\">Le d\u00e9put\u00e9 progressiste-conservateur sortant, St\u00e9phane Sarrazin, a remport\u00e9 la circonscription avec 51,26 % des voix. Le Parti progressiste-conservateur de l&#8217;Ontario, dirig\u00e9 par Doug Ford, a \u00e9t\u00e9 r\u00e9\u00e9lu avec 80 si\u00e8ges \u00e0 l&#8217;Assembl\u00e9e l\u00e9gislative, qui en compte 124. Il s&#8217;agit d&#8217;un troisi\u00e8me gouvernement majoritaire cons\u00e9cutif, un fait in\u00e9dit en politique provinciale depuis plus de 50 ans.<\/span><span data-ccp-props=\"{&quot;201341983&quot;:2,&quot;335551550&quot;:6,&quot;335551620&quot;:6,&quot;335559731&quot;:240,&quot;335559739&quot;:0,&quot;335559740&quot;:240}\">\u00a0<\/span><\/p>\n<p><span data-contrast=\"none\">Malgr\u00e9 cette d\u00e9faite, M. Stewart a affirm\u00e9 que son travail n&#8217;\u00e9tait pas termin\u00e9.<\/span><span data-ccp-props=\"{&quot;201341983&quot;:2,&quot;335551550&quot;:6,&quot;335551620&quot;:6,&quot;335559731&quot;:240,&quot;335559739&quot;:0,&quot;335559740&quot;:240}\">\u00a0<\/span><\/p>\n<p><span data-contrast=\"none\">\u00ab La politique, c&#8217;est un peu comme le hockey : quand on a un match difficile, on ne bl\u00e2me pas ses patins, on ne bl\u00e2me pas les arbitres ni les parents de l&#8217;\u00e9quipe adverse \u00bb, a d\u00e9clar\u00e9 M. Stewart au Hammond Golf and Country Club. \u00ab Vous lacez vos patins et vous retournez sur la glace, et c&#8217;est exactement ce que nous allons faire. Nous ne cesserons pas de nous battre pour les habitants de notre communaut\u00e9. \u00bb<\/span><\/p>\n<p>Stewart a remerci\u00e9 ses partisans pr\u00e9sents et a fait l&#8217;\u00e9loge de son \u00e9quipe de campagne.<\/p>\n<p><span data-contrast=\"none\">\u00ab Nous sommes all\u00e9s sur le terrain dans des conditions m\u00e9t\u00e9orologiques loin d&#8217;\u00eatre id\u00e9ales, frappant aux portes et parlant aux gens de la circonscription \u00bb, a-t-il d\u00e9clar\u00e9. \u00ab Pour ceux d&#8217;entre vous qui m&#8217;ont fait confiance, je vous remercie. \u00bb<\/span><span data-ccp-props=\"{&quot;201341983&quot;:2,&quot;335551550&quot;:6,&quot;335551620&quot;:6,&quot;335559731&quot;:240,&quot;335559739&quot;:0,&quot;335559740&quot;:240}\">\u00a0<\/span><\/p>\n<p><span data-contrast=\"none\">Il a \u00e9galement exprim\u00e9 sa gratitude envers ses parents pour leur amour et leurs sacrifices tout au long de son parcours politique.<\/span><span data-ccp-props=\"{&quot;201341983&quot;:2,&quot;335551550&quot;:6,&quot;335551620&quot;:6,&quot;335559731&quot;:240,&quot;335559739&quot;:0,&quot;335559740&quot;:240}\">\u00a0<\/span><\/p>\n<p><span data-contrast=\"none\">\u00ab Je ne saurai jamais comment vous remercier, mais cette campagne a \u00e9t\u00e9 un pas dans cette direction, car vous m&#8217;avez appris \u00e0 redonner \u00e0 notre communaut\u00e9 et \u00e0 me battre pour elle. Et Dieu sait que les r\u00e9sultats de ce soir ne m&#8217;emp\u00eacheront pas de continuer \u00bb, a-t-il d\u00e9clar\u00e9 \u00e0 ses parents.<\/span><span data-ccp-props=\"{&quot;201341983&quot;:2,&quot;335551550&quot;:6,&quot;335551620&quot;:6,&quot;335559731&quot;:240,&quot;335559739&quot;:0,&quot;335559740&quot;:240}\">\u00a0<\/span><\/p>\n<p><span data-contrast=\"none\">Dans les jours suivant l&#8217;\u00e9lection, M. Stewart et son \u00e9quipe ont travaill\u00e9 \u00e0 enlever les affiches de campagne dans toute la circonscription.<\/span><span data-ccp-props=\"{&quot;201341983&quot;:2,&quot;335551550&quot;:6,&quot;335551620&quot;:6,&quot;335559731&quot;:240,&quot;335559739&quot;:0,&quot;335559740&quot;:240}\">\u00a0<\/span><\/p>\n<p><span data-contrast=\"none\">\u00ab Je suis tr\u00e8s touch\u00e9 par le soutien que j&#8217;ai re\u00e7u \u00bb, a-t-il confi\u00e9 lors d&#8217;une conversation avec The Vision. \u00ab C&#8217;\u00e9tait vraiment un d\u00e9fi de faire campagne en hiver avec toute la neige et le froid que nous avons eus, mais nous \u00e9tions d\u00e9vou\u00e9s et d\u00e9termin\u00e9s. \u00bb<\/span><span data-ccp-props=\"{&quot;201341983&quot;:2,&quot;335551550&quot;:6,&quot;335551620&quot;:6,&quot;335559731&quot;:240,&quot;335559739&quot;:0,&quot;335559740&quot;:240}\">\u00a0<\/span><\/p>\n<p><span data-contrast=\"none\">Maintenant que les \u00e9lections sont termin\u00e9es, M. Stewart retourne \u00e0 la table du conseil de Clarence\u2013Rockland, o\u00f9 il est fier de servir les r\u00e9sidents de Hammond et de Cheney.<\/span><span data-ccp-props=\"{&quot;201341983&quot;:2,&quot;335551550&quot;:6,&quot;335551620&quot;:6,&quot;335559731&quot;:240,&quot;335559739&quot;:0,&quot;335559740&quot;:240}\">\u00a0<\/span><\/p>\n<p><span data-contrast=\"none\">\u00ab Les habitants de Hammond et de Cheney vont devoir me supporter encore un peu plus longtemps maintenant \u00bb, a-t-il dit en riant. \u00ab Mon attention est d\u00e9sormais tourn\u00e9e vers eux. Je me suis lanc\u00e9 en politique parce que je veux aider les gens et contribuer \u00e0 l&#8217;am\u00e9lioration de ma communaut\u00e9, et je ne cesserai jamais de le faire. Je me battrai toujours pour les habitants de ma communaut\u00e9. \u00bb<\/span><span data-ccp-props=\"{&quot;201341983&quot;:2,&quot;335551550&quot;:6,&quot;335551620&quot;:6,&quot;335559731&quot;:240,&quot;335559739&quot;:0,&quot;335559740&quot;:240}\">\u00a0<\/span><\/p>\n<p><span data-contrast=\"none\">Le dernier premier ministre de l&#8217;Ontario \u00e0 avoir remport\u00e9 trois mandats majoritaires cons\u00e9cutifs \u00e9tait Leslie M. Frost, en 1959.<\/span><span data-ccp-props=\"{&quot;201341983&quot;:2,&quot;335551550&quot;:6,&quot;335551620&quot;:6,&quot;335559731&quot;:240,&quot;335559739&quot;:0,&quot;335559740&quot;:240}\">\u00a0<\/span><\/p>\n<p><span data-contrast=\"none\">Il y avait 98 903 \u00e9lecteurs inscrits dans Glengarry\u2013Prescott\u2013Russell, soit un taux de participation de 48,37 %.<\/span><span data-ccp-props=\"{&quot;201341983&quot;:2,&quot;335551550&quot;:6,&quot;335551620&quot;:6,&quot;335559731&quot;:240,&quot;335559739&quot;:0,&quot;335559740&quot;:240}\">\u00a0<\/span><\/p>\n<p><span data-ccp-props=\"{&quot;201341983&quot;:2,&quot;335551550&quot;:6,&quot;335551620&quot;:6,&quot;335559731&quot;:240,&quot;335559739&quot;:0,&quot;335559740&quot;:240}\">\u00a0<\/span><\/p>\n","protected":false},"excerpt":{"rendered":"<p>Ce n&#8217;est pas le r\u00e9sultat qu&#8217;il esp\u00e9rait, mais Trevor Stewart a d\u00e9clar\u00e9 qu&#8217;il ne cessera jamais de se battre pour les gens de sa communaut\u00e9. Stewart, candidat lib\u00e9ral dans la circonscription provinciale de Glengarry\u2013Prescott\u2013Russell, est arriv\u00e9 deuxi\u00e8me avec 17 752 voix (37,11 %) le soir de l&#8217;\u00e9lection. \u00ab Ce ne sont pas les r\u00e9sultats que [&hellip;]<\/p>\n","protected":false},"author":27,"featured_media":105321,"comment_status":"closed","ping_status":"open","sticky":false,"template":"","format":"standard","meta":{"_acf_changed":false,"footnotes":""},"categories":[44],"tags":[],"class_list":["post-105320","post","type-post","status-publish","format-standard","has-post-thumbnail","hentry","category-politique"],"acf":[],"featured_media_global":[],"yoast_head":"<!-- This site is optimized with the Yoast SEO plugin v27.4 - https:\/\/yoast.com\/product\/yoast-seo-wordpress\/ -->\n<title>\u00ab Je ne cesserai jamais de me battre pour ma communaut\u00e9 \u00bb : Stewart apr\u00e8s sa d\u00e9faite \u00e9lectorale - Vision<\/title>\n<meta name=\"robots\" content=\"index, follow, max-snippet:-1, max-image-preview:large, max-video-preview:-1\" \/>\n<link rel=\"canonical\" href=\"https:\/\/visionrockland.ca\/en\/politique\/je-ne-cesserai-jamais-de-me-battre-pour-ma-communaute-stewart-apres-sa-defaite-electorale\/\" \/>\n<meta property=\"og:locale\" content=\"en_US\" \/>\n<meta property=\"og:type\" content=\"article\" \/>\n<meta property=\"og:title\" content=\"\u00ab Je ne cesserai jamais de me battre pour ma communaut\u00e9 \u00bb : Stewart apr\u00e8s sa d\u00e9faite \u00e9lectorale - Vision\" \/>\n<meta property=\"og:description\" content=\"Ce n&#8217;est pas le r\u00e9sultat qu&#8217;il esp\u00e9rait, mais Trevor Stewart a d\u00e9clar\u00e9 qu&#8217;il ne cessera jamais de se battre pour les gens de sa communaut\u00e9. Stewart, candidat lib\u00e9ral dans la circonscription provinciale de Glengarry\u2013Prescott\u2013Russell, est arriv\u00e9 deuxi\u00e8me avec 17 752 voix (37,11 %) le soir de l&#8217;\u00e9lection. \u00ab Ce ne sont pas les r\u00e9sultats que [&hellip;]\" \/>\n<meta property=\"og:url\" content=\"https:\/\/visionrockland.ca\/en\/politique\/je-ne-cesserai-jamais-de-me-battre-pour-ma-communaute-stewart-apres-sa-defaite-electorale\/\" \/>\n<meta property=\"og:site_name\" content=\"Vision\" \/>\n<meta property=\"article:published_time\" content=\"2025-03-10T01:18:16+00:00\" \/>\n<meta property=\"article:modified_time\" content=\"2026-02-17T19:51:33+00:00\" \/>\n<meta property=\"og:image\" content=\"https:\/\/cdn.editionap.ca\/wp-content\/uploads\/sites\/3\/2025\/03\/tsew.jpg\" \/>\n\t<meta property=\"og:image:width\" content=\"1920\" \/>\n\t<meta property=\"og:image:height\" content=\"1440\" \/>\n\t<meta property=\"og:image:type\" content=\"image\/jpeg\" \/>\n<meta name=\"author\" content=\"Anil Jhalli\" \/>\n<meta name=\"twitter:card\" content=\"summary_large_image\" \/>\n<meta name=\"twitter:label1\" content=\"Written by\" \/>\n\t<meta name=\"twitter:data1\" content=\"Anil Jhalli\" \/>\n\t<meta name=\"twitter:label2\" content=\"Est. reading time\" \/>\n\t<meta name=\"twitter:data2\" content=\"3 minutes\" \/>\n<script type=\"application\/ld+json\" class=\"yoast-schema-graph\">{\"@context\":\"https:\\\/\\\/schema.org\",\"@graph\":[{\"@type\":\"Article\",\"@id\":\"https:\\\/\\\/visionrockland.ca\\\/en\\\/politique\\\/je-ne-cesserai-jamais-de-me-battre-pour-ma-communaute-stewart-apres-sa-defaite-electorale\\\/#article\",\"isPartOf\":{\"@id\":\"https:\\\/\\\/visionrockland.ca\\\/en\\\/politique\\\/je-ne-cesserai-jamais-de-me-battre-pour-ma-communaute-stewart-apres-sa-defaite-electorale\\\/\"},\"author\":{\"name\":\"Anil Jhalli\",\"@id\":\"https:\\\/\\\/visionrockland.ca\\\/en\\\/#\\\/schema\\\/person\\\/a09095fdf65e09e747105760fe90175c\"},\"headline\":\"\u00ab Je ne cesserai jamais de me battre pour ma communaut\u00e9 \u00bb : Stewart apr\u00e8s sa d\u00e9faite \u00e9lectorale\",\"datePublished\":\"2025-03-10T01:18:16+00:00\",\"dateModified\":\"2026-02-17T19:51:33+00:00\",\"mainEntityOfPage\":{\"@id\":\"https:\\\/\\\/visionrockland.ca\\\/en\\\/politique\\\/je-ne-cesserai-jamais-de-me-battre-pour-ma-communaute-stewart-apres-sa-defaite-electorale\\\/\"},\"wordCount\":612,\"image\":{\"@id\":\"https:\\\/\\\/visionrockland.ca\\\/en\\\/politique\\\/je-ne-cesserai-jamais-de-me-battre-pour-ma-communaute-stewart-apres-sa-defaite-electorale\\\/#primaryimage\"},\"thumbnailUrl\":\"https:\\\/\\\/cdn.editionap.ca\\\/wp-content\\\/uploads\\\/sites\\\/3\\\/2025\\\/03\\\/tsew.jpg\",\"articleSection\":[\"Politique\"],\"inLanguage\":\"en-US\"},{\"@type\":\"WebPage\",\"@id\":\"https:\\\/\\\/visionrockland.ca\\\/en\\\/politique\\\/je-ne-cesserai-jamais-de-me-battre-pour-ma-communaute-stewart-apres-sa-defaite-electorale\\\/\",\"url\":\"https:\\\/\\\/visionrockland.ca\\\/en\\\/politique\\\/je-ne-cesserai-jamais-de-me-battre-pour-ma-communaute-stewart-apres-sa-defaite-electorale\\\/\",\"name\":\"\u00ab Je ne cesserai jamais de me battre pour ma communaut\u00e9 \u00bb : Stewart apr\u00e8s sa d\u00e9faite \u00e9lectorale - Vision\",\"isPartOf\":{\"@id\":\"https:\\\/\\\/visionrockland.ca\\\/en\\\/#website\"},\"primaryImageOfPage\":{\"@id\":\"https:\\\/\\\/visionrockland.ca\\\/en\\\/politique\\\/je-ne-cesserai-jamais-de-me-battre-pour-ma-communaute-stewart-apres-sa-defaite-electorale\\\/#primaryimage\"},\"image\":{\"@id\":\"https:\\\/\\\/visionrockland.ca\\\/en\\\/politique\\\/je-ne-cesserai-jamais-de-me-battre-pour-ma-communaute-stewart-apres-sa-defaite-electorale\\\/#primaryimage\"},\"thumbnailUrl\":\"https:\\\/\\\/cdn.editionap.ca\\\/wp-content\\\/uploads\\\/sites\\\/3\\\/2025\\\/03\\\/tsew.jpg\",\"datePublished\":\"2025-03-10T01:18:16+00:00\",\"dateModified\":\"2026-02-17T19:51:33+00:00\",\"author\":{\"@id\":\"https:\\\/\\\/visionrockland.ca\\\/en\\\/#\\\/schema\\\/person\\\/a09095fdf65e09e747105760fe90175c\"},\"breadcrumb\":{\"@id\":\"https:\\\/\\\/visionrockland.ca\\\/en\\\/politique\\\/je-ne-cesserai-jamais-de-me-battre-pour-ma-communaute-stewart-apres-sa-defaite-electorale\\\/#breadcrumb\"},\"inLanguage\":\"en-US\",\"potentialAction\":[{\"@type\":\"ReadAction\",\"target\":[\"https:\\\/\\\/visionrockland.ca\\\/en\\\/politique\\\/je-ne-cesserai-jamais-de-me-battre-pour-ma-communaute-stewart-apres-sa-defaite-electorale\\\/\"]}]},{\"@type\":\"ImageObject\",\"inLanguage\":\"en-US\",\"@id\":\"https:\\\/\\\/visionrockland.ca\\\/en\\\/politique\\\/je-ne-cesserai-jamais-de-me-battre-pour-ma-communaute-stewart-apres-sa-defaite-electorale\\\/#primaryimage\",\"url\":\"https:\\\/\\\/cdn.editionap.ca\\\/wp-content\\\/uploads\\\/sites\\\/3\\\/2025\\\/03\\\/tsew.jpg\",\"contentUrl\":\"https:\\\/\\\/cdn.editionap.ca\\\/wp-content\\\/uploads\\\/sites\\\/3\\\/2025\\\/03\\\/tsew.jpg\",\"width\":1920,\"height\":1440,\"caption\":\"Trevor Stewart s'adresse \u00e0 ses partisans et aux membres de son \u00e9quipe de campagne alors que les r\u00e9sultats des \u00e9lections ont commenc\u00e9 \u00e0 tomber le jeudi 27 f\u00e9vrier au Hammond Golf and Country Club. Stewart, candidat lib\u00e9ral dans la circonscription provinciale de Glengarry-Prescott-Russell, s'est class\u00e9 deuxi\u00e8me avec 17 752 voix. Le d\u00e9put\u00e9 sortant St\u00e9phane Sarrazin a remport\u00e9 la circonscription avec 51,26 % des voix.\"},{\"@type\":\"BreadcrumbList\",\"@id\":\"https:\\\/\\\/visionrockland.ca\\\/en\\\/politique\\\/je-ne-cesserai-jamais-de-me-battre-pour-ma-communaute-stewart-apres-sa-defaite-electorale\\\/#breadcrumb\",\"itemListElement\":[{\"@type\":\"ListItem\",\"position\":1,\"name\":\"Accueil\",\"item\":\"https:\\\/\\\/visionrockland.ca\\\/en\\\/\"},{\"@type\":\"ListItem\",\"position\":2,\"name\":\"\u00ab Je ne cesserai jamais de me battre pour ma communaut\u00e9 \u00bb : Stewart apr\u00e8s sa d\u00e9faite \u00e9lectorale\"}]},{\"@type\":\"WebSite\",\"@id\":\"https:\\\/\\\/visionrockland.ca\\\/en\\\/#website\",\"url\":\"https:\\\/\\\/visionrockland.ca\\\/en\\\/\",\"name\":\"Vision\",\"description\":\"\",\"potentialAction\":[{\"@type\":\"SearchAction\",\"target\":{\"@type\":\"EntryPoint\",\"urlTemplate\":\"https:\\\/\\\/visionrockland.ca\\\/en\\\/?s={search_term_string}\"},\"query-input\":{\"@type\":\"PropertyValueSpecification\",\"valueRequired\":true,\"valueName\":\"search_term_string\"}}],\"inLanguage\":\"en-US\"},{\"@type\":\"Person\",\"@id\":\"https:\\\/\\\/visionrockland.ca\\\/en\\\/#\\\/schema\\\/person\\\/a09095fdf65e09e747105760fe90175c\",\"name\":\"Anil Jhalli\",\"image\":{\"@type\":\"ImageObject\",\"inLanguage\":\"en-US\",\"@id\":\"https:\\\/\\\/secure.gravatar.com\\\/avatar\\\/63becc64fff8877a05400459aa003b94a1fdc8d3954acacc688ee6a2bc39fef8?s=96&d=mm&r=g\",\"url\":\"https:\\\/\\\/secure.gravatar.com\\\/avatar\\\/63becc64fff8877a05400459aa003b94a1fdc8d3954acacc688ee6a2bc39fef8?s=96&d=mm&r=g\",\"contentUrl\":\"https:\\\/\\\/secure.gravatar.com\\\/avatar\\\/63becc64fff8877a05400459aa003b94a1fdc8d3954acacc688ee6a2bc39fef8?s=96&d=mm&r=g\",\"caption\":\"Anil Jhalli\"}}]}<\/script>\n<!-- \/ Yoast SEO plugin. -->","yoast_head_json":{"title":"\u00ab Je ne cesserai jamais de me battre pour ma communaut\u00e9 \u00bb : Stewart apr\u00e8s sa d\u00e9faite \u00e9lectorale - Vision","robots":{"index":"index","follow":"follow","max-snippet":"max-snippet:-1","max-image-preview":"max-image-preview:large","max-video-preview":"max-video-preview:-1"},"canonical":"https:\/\/visionrockland.ca\/en\/politique\/je-ne-cesserai-jamais-de-me-battre-pour-ma-communaute-stewart-apres-sa-defaite-electorale\/","og_locale":"en_US","og_type":"article","og_title":"\u00ab Je ne cesserai jamais de me battre pour ma communaut\u00e9 \u00bb : Stewart apr\u00e8s sa d\u00e9faite \u00e9lectorale - Vision","og_description":"Ce n&#8217;est pas le r\u00e9sultat qu&#8217;il esp\u00e9rait, mais Trevor Stewart a d\u00e9clar\u00e9 qu&#8217;il ne cessera jamais de se battre pour les gens de sa communaut\u00e9. Stewart, candidat lib\u00e9ral dans la circonscription provinciale de Glengarry\u2013Prescott\u2013Russell, est arriv\u00e9 deuxi\u00e8me avec 17 752 voix (37,11 %) le soir de l&#8217;\u00e9lection. \u00ab Ce ne sont pas les r\u00e9sultats que [&hellip;]","og_url":"https:\/\/visionrockland.ca\/en\/politique\/je-ne-cesserai-jamais-de-me-battre-pour-ma-communaute-stewart-apres-sa-defaite-electorale\/","og_site_name":"Vision","article_published_time":"2025-03-10T01:18:16+00:00","article_modified_time":"2026-02-17T19:51:33+00:00","og_image":[{"width":1920,"height":1440,"url":"https:\/\/cdn.editionap.ca\/wp-content\/uploads\/sites\/3\/2025\/03\/tsew.jpg","type":"image\/jpeg"}],"author":"Anil Jhalli","twitter_card":"summary_large_image","twitter_misc":{"Written by":"Anil Jhalli","Est. reading time":"3 minutes"},"schema":{"@context":"https:\/\/schema.org","@graph":[{"@type":"Article","@id":"https:\/\/visionrockland.ca\/en\/politique\/je-ne-cesserai-jamais-de-me-battre-pour-ma-communaute-stewart-apres-sa-defaite-electorale\/#article","isPartOf":{"@id":"https:\/\/visionrockland.ca\/en\/politique\/je-ne-cesserai-jamais-de-me-battre-pour-ma-communaute-stewart-apres-sa-defaite-electorale\/"},"author":{"name":"Anil Jhalli","@id":"https:\/\/visionrockland.ca\/en\/#\/schema\/person\/a09095fdf65e09e747105760fe90175c"},"headline":"\u00ab Je ne cesserai jamais de me battre pour ma communaut\u00e9 \u00bb : Stewart apr\u00e8s sa d\u00e9faite \u00e9lectorale","datePublished":"2025-03-10T01:18:16+00:00","dateModified":"2026-02-17T19:51:33+00:00","mainEntityOfPage":{"@id":"https:\/\/visionrockland.ca\/en\/politique\/je-ne-cesserai-jamais-de-me-battre-pour-ma-communaute-stewart-apres-sa-defaite-electorale\/"},"wordCount":612,"image":{"@id":"https:\/\/visionrockland.ca\/en\/politique\/je-ne-cesserai-jamais-de-me-battre-pour-ma-communaute-stewart-apres-sa-defaite-electorale\/#primaryimage"},"thumbnailUrl":"https:\/\/cdn.editionap.ca\/wp-content\/uploads\/sites\/3\/2025\/03\/tsew.jpg","articleSection":["Politique"],"inLanguage":"en-US"},{"@type":"WebPage","@id":"https:\/\/visionrockland.ca\/en\/politique\/je-ne-cesserai-jamais-de-me-battre-pour-ma-communaute-stewart-apres-sa-defaite-electorale\/","url":"https:\/\/visionrockland.ca\/en\/politique\/je-ne-cesserai-jamais-de-me-battre-pour-ma-communaute-stewart-apres-sa-defaite-electorale\/","name":"\u00ab Je ne cesserai jamais de me battre pour ma communaut\u00e9 \u00bb : Stewart apr\u00e8s sa d\u00e9faite \u00e9lectorale - Vision","isPartOf":{"@id":"https:\/\/visionrockland.ca\/en\/#website"},"primaryImageOfPage":{"@id":"https:\/\/visionrockland.ca\/en\/politique\/je-ne-cesserai-jamais-de-me-battre-pour-ma-communaute-stewart-apres-sa-defaite-electorale\/#primaryimage"},"image":{"@id":"https:\/\/visionrockland.ca\/en\/politique\/je-ne-cesserai-jamais-de-me-battre-pour-ma-communaute-stewart-apres-sa-defaite-electorale\/#primaryimage"},"thumbnailUrl":"https:\/\/cdn.editionap.ca\/wp-content\/uploads\/sites\/3\/2025\/03\/tsew.jpg","datePublished":"2025-03-10T01:18:16+00:00","dateModified":"2026-02-17T19:51:33+00:00","author":{"@id":"https:\/\/visionrockland.ca\/en\/#\/schema\/person\/a09095fdf65e09e747105760fe90175c"},"breadcrumb":{"@id":"https:\/\/visionrockland.ca\/en\/politique\/je-ne-cesserai-jamais-de-me-battre-pour-ma-communaute-stewart-apres-sa-defaite-electorale\/#breadcrumb"},"inLanguage":"en-US","potentialAction":[{"@type":"ReadAction","target":["https:\/\/visionrockland.ca\/en\/politique\/je-ne-cesserai-jamais-de-me-battre-pour-ma-communaute-stewart-apres-sa-defaite-electorale\/"]}]},{"@type":"ImageObject","inLanguage":"en-US","@id":"https:\/\/visionrockland.ca\/en\/politique\/je-ne-cesserai-jamais-de-me-battre-pour-ma-communaute-stewart-apres-sa-defaite-electorale\/#primaryimage","url":"https:\/\/cdn.editionap.ca\/wp-content\/uploads\/sites\/3\/2025\/03\/tsew.jpg","contentUrl":"https:\/\/cdn.editionap.ca\/wp-content\/uploads\/sites\/3\/2025\/03\/tsew.jpg","width":1920,"height":1440,"caption":"Trevor Stewart s'adresse \u00e0 ses partisans et aux membres de son \u00e9quipe de campagne alors que les r\u00e9sultats des \u00e9lections ont commenc\u00e9 \u00e0 tomber le jeudi 27 f\u00e9vrier au Hammond Golf and Country Club. Stewart, candidat lib\u00e9ral dans la circonscription provinciale de Glengarry-Prescott-Russell, s'est class\u00e9 deuxi\u00e8me avec 17 752 voix. Le d\u00e9put\u00e9 sortant St\u00e9phane Sarrazin a remport\u00e9 la circonscription avec 51,26 % des voix."},{"@type":"BreadcrumbList","@id":"https:\/\/visionrockland.ca\/en\/politique\/je-ne-cesserai-jamais-de-me-battre-pour-ma-communaute-stewart-apres-sa-defaite-electorale\/#breadcrumb","itemListElement":[{"@type":"ListItem","position":1,"name":"Accueil","item":"https:\/\/visionrockland.ca\/en\/"},{"@type":"ListItem","position":2,"name":"\u00ab Je ne cesserai jamais de me battre pour ma communaut\u00e9 \u00bb : Stewart apr\u00e8s sa d\u00e9faite \u00e9lectorale"}]},{"@type":"WebSite","@id":"https:\/\/visionrockland.ca\/en\/#website","url":"https:\/\/visionrockland.ca\/en\/","name":"Vision","description":"","potentialAction":[{"@type":"SearchAction","target":{"@type":"EntryPoint","urlTemplate":"https:\/\/visionrockland.ca\/en\/?s={search_term_string}"},"query-input":{"@type":"PropertyValueSpecification","valueRequired":true,"valueName":"search_term_string"}}],"inLanguage":"en-US"},{"@type":"Person","@id":"https:\/\/visionrockland.ca\/en\/#\/schema\/person\/a09095fdf65e09e747105760fe90175c","name":"Anil Jhalli","image":{"@type":"ImageObject","inLanguage":"en-US","@id":"https:\/\/secure.gravatar.com\/avatar\/63becc64fff8877a05400459aa003b94a1fdc8d3954acacc688ee6a2bc39fef8?s=96&d=mm&r=g","url":"https:\/\/secure.gravatar.com\/avatar\/63becc64fff8877a05400459aa003b94a1fdc8d3954acacc688ee6a2bc39fef8?s=96&d=mm&r=g","contentUrl":"https:\/\/secure.gravatar.com\/avatar\/63becc64fff8877a05400459aa003b94a1fdc8d3954acacc688ee6a2bc39fef8?s=96&d=mm&r=g","caption":"Anil Jhalli"}}]}},"_links":{"self":[{"href":"https:\/\/visionrockland.ca\/en\/wp-json\/wp\/v2\/posts\/105320","targetHints":{"allow":["GET"]}}],"collection":[{"href":"https:\/\/visionrockland.ca\/en\/wp-json\/wp\/v2\/posts"}],"about":[{"href":"https:\/\/visionrockland.ca\/en\/wp-json\/wp\/v2\/types\/post"}],"author":[{"embeddable":true,"href":"https:\/\/visionrockland.ca\/en\/wp-json\/wp\/v2\/users\/27"}],"replies":[{"embeddable":true,"href":"https:\/\/visionrockland.ca\/en\/wp-json\/wp\/v2\/comments?post=105320"}],"version-history":[{"count":1,"href":"https:\/\/visionrockland.ca\/en\/wp-json\/wp\/v2\/posts\/105320\/revisions"}],"predecessor-version":[{"id":132364,"href":"https:\/\/visionrockland.ca\/en\/wp-json\/wp\/v2\/posts\/105320\/revisions\/132364"}],"wp:featuredmedia":[{"embeddable":true,"href":"https:\/\/visionrockland.ca\/en\/wp-json\/wp\/v2\/media\/105321"}],"wp:attachment":[{"href":"https:\/\/visionrockland.ca\/en\/wp-json\/wp\/v2\/media?parent=105320"}],"wp:term":[{"taxonomy":"category","embeddable":true,"href":"https:\/\/visionrockland.ca\/en\/wp-json\/wp\/v2\/categories?post=105320"},{"taxonomy":"post_tag","embeddable":true,"href":"https:\/\/visionrockland.ca\/en\/wp-json\/wp\/v2\/tags?post=105320"}],"curies":[{"name":"wp","href":"https:\/\/api.w.org\/{rel}","templated":true}]}}