{"id":105208,"date":"2025-02-27T09:17:47","date_gmt":"2025-02-27T14:17:47","guid":{"rendered":"https:\/\/editionap.ca\/?p=105208"},"modified":"2026-02-17T20:51:33","modified_gmt":"2026-02-17T19:51:33","slug":"qa-with-provincial-candidates-jason-st-louis","status":"publish","type":"post","link":"https:\/\/visionrockland.ca\/en\/politique\/qa-with-provincial-candidates-jason-st-louis\/","title":{"rendered":"Q&amp;A with provincial candidates: Jason St. Louis"},"content":{"rendered":"<p><b><span data-contrast=\"none\">With Ontarians headed to the polls on Feb. 27, nearly a year and a half earlier than originally scheduled, The Vision sent a series of questions to some of the candidates.\u00a0<\/span><\/b><\/p>\n<p>Independent candidate Jason St. Louis<\/p>\n<p><b><span data-contrast=\"none\">Q: What are the most pressing issues\/concerns facing residents across Glengarry-Prescott-Russell, and how does you plan on addressing these issues\/concerns?<\/span><\/b><span data-contrast=\"none\">\u202f<\/span><span data-ccp-props=\"{&quot;201341983&quot;:2,&quot;335551550&quot;:6,&quot;335551620&quot;:6,&quot;335559731&quot;:240,&quot;335559739&quot;:0,&quot;335559740&quot;:240}\">\u00a0<\/span><\/p>\n<p><span data-contrast=\"none\">A: Widening Highway 17 from Clarence-Rockland to Hawkesbury is a major issue.<\/span><span data-ccp-props=\"{&quot;201341983&quot;:2,&quot;335551550&quot;:6,&quot;335551620&quot;:6,&quot;335559731&quot;:240,&quot;335559739&quot;:0,&quot;335559740&quot;:240}\">\u00a0<\/span><\/p>\n<p><span data-contrast=\"none\">I drive this road nearly everyday and yes, it is congested and time consuming. Mayor ZANTH has been seeking funding for years to make this happen. The need to support the already growing communities and future planned growth. Nothing has been done by the in-power elected officials, as Mayor Zanth has shared.<\/span><span data-ccp-props=\"{&quot;201341983&quot;:2,&quot;335551550&quot;:6,&quot;335551620&quot;:6,&quot;335559731&quot;:240,&quot;335559739&quot;:0,&quot;335559740&quot;:240}\">\u00a0<\/span><\/p>\n<p><span data-contrast=\"none\">If elected, my presence at Queens Park to request the Province give us answers and resolve in an immediate and timely fashion and relay that to the constituents. We have a continuing growth, and we need to expand accordingly.<\/span><span data-ccp-props=\"{&quot;201341983&quot;:2,&quot;335551550&quot;:6,&quot;335551620&quot;:6,&quot;335559731&quot;:240,&quot;335559739&quot;:0,&quot;335559740&quot;:240}\">\u00a0<\/span><\/p>\n<p><span data-contrast=\"none\">Housing and Taxes are the other issues which I address on my Platform. The government says they have no money.<\/span><span data-ccp-props=\"{&quot;201341983&quot;:2,&quot;335551550&quot;:6,&quot;335551620&quot;:6,&quot;335559731&quot;:240,&quot;335559739&quot;:0,&quot;335559740&quot;:240}\">\u00a0<\/span><\/p>\n<p><span data-contrast=\"none\">Allow me to speak freely, and free from repercussions of being reprimanded by a political party &#8220;whip&#8221; aka the party disciplinarian. I have been doing research on where our tax dollars go, and that has led me to things like Global Affairs. Go to my website www.jasonstlouis.ca and read what I found out. I am furious to see Billions of tax dollars being spent overseas to fund foreign countries and projects, as well as funding refugees here in our own country. Things like the federal government wanting $411 million dollars to cover refugee healthcare.<\/span><span data-ccp-props=\"{&quot;201341983&quot;:2,&quot;335551550&quot;:6,&quot;335551620&quot;:6,&quot;335559731&quot;:240,&quot;335559739&quot;:0,&quot;335559740&quot;:240}\">\u00a0<\/span><\/p>\n<p><span data-contrast=\"none\">We should be funding our own citizens and addressing housing, healthcare. food, and so much more before we are supporting other countries with our tax dollars.\u202f This may be a federal issue, but its mine and your tax dollars and we deserve to be looked after as a priority, above all others.<\/span><span data-ccp-props=\"{&quot;201341983&quot;:2,&quot;335551550&quot;:6,&quot;335551620&quot;:6,&quot;335559731&quot;:240,&quot;335559739&quot;:0,&quot;335559740&quot;:240}\">\u00a0<\/span><\/p>\n<p><span data-contrast=\"none\">I will be demanding our provincial government audit where our tax dollars are going, and I will show our constituents with full transparency and accountability.<\/span><span data-ccp-props=\"{&quot;201341983&quot;:2,&quot;335551550&quot;:6,&quot;335551620&quot;:6,&quot;335559731&quot;:240,&quot;335559739&quot;:0,&quot;335559740&quot;:240}\">\u00a0<\/span><\/p>\n<p><span data-ccp-props=\"{&quot;201341983&quot;:2,&quot;335551550&quot;:6,&quot;335551620&quot;:6,&quot;335559731&quot;:240,&quot;335559739&quot;:0,&quot;335559740&quot;:240}\">\u00a0<\/span><\/p>\n<p><b><span data-contrast=\"none\">Q: For a long time, people in rural areas have felt ignored. What are your party\u2019s plans to make sure these residents have a voice?<\/span><\/b><span data-contrast=\"none\">\u202f<\/span><span data-ccp-props=\"{&quot;201341983&quot;:2,&quot;335551550&quot;:6,&quot;335551620&quot;:6,&quot;335559731&quot;:240,&quot;335559739&quot;:0,&quot;335559740&quot;:240}\">\u00a0<\/span><\/p>\n<p><span data-contrast=\"none\">A: Voting for an Independent is going to be an opportunity for every constituent to be heard. I want to create a platform that will allow all constituents to engage and be heard and get results in real time.<\/span><span data-ccp-props=\"{&quot;201341983&quot;:2,&quot;335551550&quot;:6,&quot;335551620&quot;:6,&quot;335559731&quot;:240,&quot;335559739&quot;:0,&quot;335559740&quot;:240}\">\u00a0<\/span><\/p>\n<p><span data-ccp-props=\"{&quot;201341983&quot;:2,&quot;335551550&quot;:6,&quot;335551620&quot;:6,&quot;335559731&quot;:240,&quot;335559739&quot;:0,&quot;335559740&quot;:240}\">\u00a0<\/span><\/p>\n<p><b><span data-contrast=\"none\">Q: With the chance of a trade war with the U.S., is your party best equipped to stand up for Ontarians? How so, and what is your plan?<\/span><\/b><span data-contrast=\"none\">\u202f<\/span><span data-ccp-props=\"{&quot;201341983&quot;:2,&quot;335551550&quot;:6,&quot;335551620&quot;:6,&quot;335559731&quot;:240,&quot;335559739&quot;:0,&quot;335559740&quot;:240}\">\u00a0<\/span><\/p>\n<p><span data-contrast=\"none\">A: The fear mongering that is taking place on this topic is on high alert. I think we have the resources and professionals to deal with how to manage this issue, and if I am elected, I will have a much closer relationship with the Province to engage in resolutions, and offer my solutions on how to support our economy, and I will be in a position to hear from my constituents on their thoughts as well. In addition, each province needs to know its value, and how to capitalize on that to support our economy.<\/span><span data-ccp-props=\"{&quot;201341983&quot;:2,&quot;335551550&quot;:6,&quot;335551620&quot;:6,&quot;335559731&quot;:240,&quot;335559739&quot;:0,&quot;335559740&quot;:240}\">\u00a0<\/span><\/p>\n<p><span data-ccp-props=\"{&quot;201341983&quot;:2,&quot;335551550&quot;:6,&quot;335551620&quot;:6,&quot;335559731&quot;:240,&quot;335559739&quot;:0,&quot;335559740&quot;:240}\">\u00a0<\/span><\/p>\n<p><b><span data-contrast=\"none\">Q: The riding is predominantly Francophone. What is your party\u2019s plan to ensure Francophone residents receive the support and resources they need in their official language?<\/span><\/b><span data-contrast=\"none\">\u202f<\/span><span data-ccp-props=\"{&quot;201341983&quot;:2,&quot;335551550&quot;:6,&quot;335551620&quot;:6,&quot;335559731&quot;:240,&quot;335559739&quot;:0,&quot;335559740&quot;:240}\">\u00a0<\/span><\/p>\n<p><span data-contrast=\"none\">A: In my opinion, there should be no issues with getting information in either language, unless we are talking about language barriers between healthcare practitioners and other services. I understand how that could be an issue, however, there are now devices that translate in real-time, so I would look at ensuring that is an option for patients and clients. I want to know more from our constituents so that I could better know the direct needs and wants and be able to offer the best support possible.<\/span><span data-ccp-props=\"{&quot;201341983&quot;:2,&quot;335551550&quot;:6,&quot;335551620&quot;:6,&quot;335559731&quot;:240,&quot;335559739&quot;:0,&quot;335559740&quot;:240}\">\u00a0<\/span><\/p>\n<p><span data-ccp-props=\"{&quot;201341983&quot;:2,&quot;335551550&quot;:6,&quot;335551620&quot;:6,&quot;335559731&quot;:240,&quot;335559739&quot;:0,&quot;335559740&quot;:240}\">\u00a0<\/span><\/p>\n<p><span data-ccp-props=\"{&quot;201341983&quot;:2,&quot;335551550&quot;:6,&quot;335551620&quot;:6,&quot;335559731&quot;:240,&quot;335559739&quot;:0,&quot;335559740&quot;:240}\">\u00a0<\/span><\/p>\n<p><span data-ccp-props=\"{&quot;201341983&quot;:2,&quot;335551550&quot;:6,&quot;335551620&quot;:6,&quot;335559731&quot;:240,&quot;335559739&quot;:0,&quot;335559740&quot;:240}\">\u00a0<\/span><\/p>\n<p><b><span data-contrast=\"none\">Q: How does your party plan on addressing the housing shortage? Affordability? Ontarians are struggling to put food on the table and are struggling to even rent or buy a home.<\/span><\/b><span data-contrast=\"none\">\u202f<\/span><span data-ccp-props=\"{&quot;201341983&quot;:2,&quot;335551550&quot;:6,&quot;335551620&quot;:6,&quot;335559731&quot;:240,&quot;335559739&quot;:0,&quot;335559740&quot;:240}\">\u00a0<\/span><\/p>\n<p><span data-contrast=\"none\">A: This is a massive concern that affects all the GPR district. For example, Hawkesbury Mayor Robert Lefebvre has been expressing for decades the need for land to expand his community.\u202f \u202fIn short, we need taxes lowered, development charges lowered, incentives for developers to build low-cost homes\/subdivision by eliminating the red tape, revamped regulations, permit times, wait times so we can build now. I want to know more, I want to work with developers to better understand the whole alphabet of what it takes, so that everyone has an opportunity to own a home or have affordable rent. This goes for renovating basement suites for families or income to support families.\u202f<\/span><span data-ccp-props=\"{&quot;201341983&quot;:2,&quot;335551550&quot;:6,&quot;335551620&quot;:6,&quot;335559731&quot;:240,&quot;335559739&quot;:0,&quot;335559740&quot;:240}\">\u00a0<\/span><\/p>\n<p><span data-contrast=\"none\">I want to press the Province to press the Feds to Amend the\u202f<\/span><i><span data-contrast=\"none\">Bank of Canada Act<\/span><\/i><span data-contrast=\"none\">\u202fand allow private loans at a 2% interest rate for first time home buyers, and reduced rates to build new homes, and I want those interest rate profits to be proportionality split. The feds get a portion for the loan, and the balance goes back into the communities where those builds took place to support municipal costs for services, helping to keep municipal taxes and costs of services reduced.<\/span><span data-ccp-props=\"{&quot;201341983&quot;:2,&quot;335551550&quot;:6,&quot;335551620&quot;:6,&quot;335559731&quot;:240,&quot;335559739&quot;:0,&quot;335559740&quot;:240}\">\u00a0<\/span><\/p>\n<p><span data-contrast=\"none\">For me to do anything, and to dive deeper, I need a seat at the table.\u202f<\/span><span data-ccp-props=\"{&quot;201341983&quot;:2,&quot;335551550&quot;:6,&quot;335551620&quot;:6,&quot;335559731&quot;:240,&quot;335559739&quot;:0,&quot;335559740&quot;:240}\">\u00a0<\/span><\/p>\n<p><span data-ccp-props=\"{&quot;201341983&quot;:2,&quot;335551550&quot;:6,&quot;335551620&quot;:6,&quot;335559731&quot;:240,&quot;335559739&quot;:0,&quot;335559740&quot;:240}\">\u00a0<\/span><\/p>\n<p><b><span data-contrast=\"none\">Q: Why should Ontarians vote for you?<\/span><\/b><span data-contrast=\"none\">\u202f<\/span><span data-ccp-props=\"{&quot;201341983&quot;:2,&quot;335551550&quot;:6,&quot;335551620&quot;:6,&quot;335559731&quot;:240,&quot;335559739&quot;:0,&quot;335559740&quot;:240}\">\u00a0<\/span><\/p>\n<p><span data-contrast=\"none\">A: I want to address the concerns of constituents thinking they will lose out if they vote for an Independent. The old way of thinking was &#8220;vote splitting&#8221;. Voting for me is not going to change who becomes Prime Minister, or a minister, or whatever, however, what voting for an Independent will do, is ensure that you, the constituents, have a seat and a voice at the table!\u202f<\/span><span data-ccp-props=\"{&quot;201341983&quot;:2,&quot;335551550&quot;:6,&quot;335551620&quot;:6,&quot;335559731&quot;:240,&quot;335559739&quot;:0,&quot;335559740&quot;:240}\">\u00a0<\/span><\/p>\n<p><span data-contrast=\"none\">\u202fWhen you vote PC or Liberal, or NDP, or Green, your representative is bound to that party and they overall direction of that party. When the party needs a vote, the WHIP representative goes around and lets everyone know &#8221; we need a YES vote, or we need a NO vote. If your party does not like what you have to say or do, there may be repercussions.\u202f<\/span><span data-ccp-props=\"{&quot;201341983&quot;:2,&quot;335551550&quot;:6,&quot;335551620&quot;:6,&quot;335559731&quot;:240,&quot;335559739&quot;:0,&quot;335559740&quot;:240}\">\u00a0<\/span><\/p>\n<p><span data-contrast=\"none\">\u202fI promise to be bound to you, the constituents, and to offer transparency and accountability to you, because I am you, and what is affecting you, is affecting me. We live in this district, and we know what we need.<\/span><span data-ccp-props=\"{&quot;201341983&quot;:2,&quot;335551550&quot;:6,&quot;335551620&quot;:6,&quot;335559731&quot;:240,&quot;335559739&quot;:0,&quot;335559740&quot;:240}\">\u00a0<\/span><\/p>\n<p><span data-contrast=\"none\">\u202fI ask you all to vote for yourself, vote Independent.<\/span><span data-ccp-props=\"{&quot;201341983&quot;:2,&quot;335551550&quot;:6,&quot;335551620&quot;:6,&quot;335559731&quot;:240,&quot;335559739&quot;:0,&quot;335559740&quot;:240}\">\u00a0<\/span><\/p>\n<p><span data-ccp-props=\"{&quot;201341983&quot;:2,&quot;335551550&quot;:6,&quot;335551620&quot;:6,&quot;335559731&quot;:240,&quot;335559739&quot;:0,&quot;335559740&quot;:240}\">\u00a0<\/span><\/p>\n<p><span data-ccp-props=\"{&quot;201341983&quot;:2,&quot;335551550&quot;:6,&quot;335551620&quot;:6,&quot;335559731&quot;:240,&quot;335559739&quot;:0,&quot;335559740&quot;:240}\">\u00a0<\/span><\/p>\n<p><span data-ccp-props=\"{&quot;201341983&quot;:2,&quot;335551550&quot;:6,&quot;335551620&quot;:6,&quot;335559731&quot;:240,&quot;335559739&quot;:0,&quot;335559740&quot;:240}\">\u00a0<\/span><\/p>\n","protected":false},"excerpt":{"rendered":"<p>With Ontarians headed to the polls on Feb. 27, nearly a year and a half earlier than originally scheduled, The Vision sent a series of questions to some of the candidates.\u00a0 Independent candidate Jason St. Louis Q: What are the most pressing issues\/concerns facing residents across Glengarry-Prescott-Russell, and how does you plan on addressing these [&hellip;]<\/p>\n","protected":false},"author":27,"featured_media":105157,"comment_status":"closed","ping_status":"open","sticky":false,"template":"","format":"standard","meta":{"_acf_changed":false,"footnotes":""},"categories":[44],"tags":[],"class_list":["post-105208","post","type-post","status-publish","format-standard","has-post-thumbnail","hentry","category-politique"],"acf":[],"featured_media_global":[],"yoast_head":"<!-- This site is optimized with the Yoast SEO plugin v27.4 - https:\/\/yoast.com\/product\/yoast-seo-wordpress\/ -->\n<title>Q&amp;A with provincial candidates: Jason St. Louis - Vision<\/title>\n<meta name=\"robots\" content=\"index, follow, max-snippet:-1, max-image-preview:large, max-video-preview:-1\" \/>\n<link rel=\"canonical\" href=\"https:\/\/visionrockland.ca\/en\/politique\/qa-with-provincial-candidates-jason-st-louis\/\" \/>\n<meta property=\"og:locale\" content=\"en_US\" \/>\n<meta property=\"og:type\" content=\"article\" \/>\n<meta property=\"og:title\" content=\"Q&amp;A with provincial candidates: Jason St. Louis - Vision\" \/>\n<meta property=\"og:description\" content=\"With Ontarians headed to the polls on Feb. 27, nearly a year and a half earlier than originally scheduled, The Vision sent a series of questions to some of the candidates.\u00a0 Independent candidate Jason St. Louis Q: What are the most pressing issues\/concerns facing residents across Glengarry-Prescott-Russell, and how does you plan on addressing these [&hellip;]\" \/>\n<meta property=\"og:url\" content=\"https:\/\/visionrockland.ca\/en\/politique\/qa-with-provincial-candidates-jason-st-louis\/\" \/>\n<meta property=\"og:site_name\" content=\"Vision\" \/>\n<meta property=\"article:published_time\" content=\"2025-02-27T14:17:47+00:00\" \/>\n<meta property=\"article:modified_time\" content=\"2026-02-17T19:51:33+00:00\" \/>\n<meta property=\"og:image\" content=\"https:\/\/cdn.editionap.ca\/wp-content\/uploads\/sites\/3\/2025\/02\/download.jpg\" \/>\n\t<meta property=\"og:image:width\" content=\"181\" \/>\n\t<meta property=\"og:image:height\" content=\"279\" \/>\n\t<meta property=\"og:image:type\" content=\"image\/jpeg\" \/>\n<meta name=\"author\" content=\"Anil Jhalli\" \/>\n<meta name=\"twitter:card\" content=\"summary_large_image\" \/>\n<meta name=\"twitter:label1\" content=\"Written by\" \/>\n\t<meta name=\"twitter:data1\" content=\"Anil Jhalli\" \/>\n\t<meta name=\"twitter:label2\" content=\"Est. reading time\" \/>\n\t<meta name=\"twitter:data2\" content=\"6 minutes\" \/>\n<script type=\"application\/ld+json\" class=\"yoast-schema-graph\">{\"@context\":\"https:\\\/\\\/schema.org\",\"@graph\":[{\"@type\":\"Article\",\"@id\":\"https:\\\/\\\/visionrockland.ca\\\/en\\\/politique\\\/qa-with-provincial-candidates-jason-st-louis\\\/#article\",\"isPartOf\":{\"@id\":\"https:\\\/\\\/visionrockland.ca\\\/en\\\/politique\\\/qa-with-provincial-candidates-jason-st-louis\\\/\"},\"author\":{\"name\":\"Anil Jhalli\",\"@id\":\"https:\\\/\\\/visionrockland.ca\\\/en\\\/#\\\/schema\\\/person\\\/a09095fdf65e09e747105760fe90175c\"},\"headline\":\"Q&amp;A with provincial candidates: Jason St. Louis\",\"datePublished\":\"2025-02-27T14:17:47+00:00\",\"dateModified\":\"2026-02-17T19:51:33+00:00\",\"mainEntityOfPage\":{\"@id\":\"https:\\\/\\\/visionrockland.ca\\\/en\\\/politique\\\/qa-with-provincial-candidates-jason-st-louis\\\/\"},\"wordCount\":1100,\"image\":{\"@id\":\"https:\\\/\\\/visionrockland.ca\\\/en\\\/politique\\\/qa-with-provincial-candidates-jason-st-louis\\\/#primaryimage\"},\"thumbnailUrl\":\"https:\\\/\\\/cdn.editionap.ca\\\/wp-content\\\/uploads\\\/sites\\\/3\\\/2025\\\/02\\\/download.jpg\",\"articleSection\":[\"Politique\"],\"inLanguage\":\"en-US\"},{\"@type\":\"WebPage\",\"@id\":\"https:\\\/\\\/visionrockland.ca\\\/en\\\/politique\\\/qa-with-provincial-candidates-jason-st-louis\\\/\",\"url\":\"https:\\\/\\\/visionrockland.ca\\\/en\\\/politique\\\/qa-with-provincial-candidates-jason-st-louis\\\/\",\"name\":\"Q&amp;A with provincial candidates: Jason St. Louis - Vision\",\"isPartOf\":{\"@id\":\"https:\\\/\\\/visionrockland.ca\\\/en\\\/#website\"},\"primaryImageOfPage\":{\"@id\":\"https:\\\/\\\/visionrockland.ca\\\/en\\\/politique\\\/qa-with-provincial-candidates-jason-st-louis\\\/#primaryimage\"},\"image\":{\"@id\":\"https:\\\/\\\/visionrockland.ca\\\/en\\\/politique\\\/qa-with-provincial-candidates-jason-st-louis\\\/#primaryimage\"},\"thumbnailUrl\":\"https:\\\/\\\/cdn.editionap.ca\\\/wp-content\\\/uploads\\\/sites\\\/3\\\/2025\\\/02\\\/download.jpg\",\"datePublished\":\"2025-02-27T14:17:47+00:00\",\"dateModified\":\"2026-02-17T19:51:33+00:00\",\"author\":{\"@id\":\"https:\\\/\\\/visionrockland.ca\\\/en\\\/#\\\/schema\\\/person\\\/a09095fdf65e09e747105760fe90175c\"},\"breadcrumb\":{\"@id\":\"https:\\\/\\\/visionrockland.ca\\\/en\\\/politique\\\/qa-with-provincial-candidates-jason-st-louis\\\/#breadcrumb\"},\"inLanguage\":\"en-US\",\"potentialAction\":[{\"@type\":\"ReadAction\",\"target\":[\"https:\\\/\\\/visionrockland.ca\\\/en\\\/politique\\\/qa-with-provincial-candidates-jason-st-louis\\\/\"]}]},{\"@type\":\"ImageObject\",\"inLanguage\":\"en-US\",\"@id\":\"https:\\\/\\\/visionrockland.ca\\\/en\\\/politique\\\/qa-with-provincial-candidates-jason-st-louis\\\/#primaryimage\",\"url\":\"https:\\\/\\\/cdn.editionap.ca\\\/wp-content\\\/uploads\\\/sites\\\/3\\\/2025\\\/02\\\/download.jpg\",\"contentUrl\":\"https:\\\/\\\/cdn.editionap.ca\\\/wp-content\\\/uploads\\\/sites\\\/3\\\/2025\\\/02\\\/download.jpg\",\"width\":181,\"height\":279,\"caption\":\"Jason St. Louis, qui est n\u00e9 \u00e0 Cornwall et r\u00e9side maintenant \u00e0 Russell, est un candidat ind\u00e9pendant pour la circonscription provinciale de Glengarry-Prescott-Russell. Les Ontariens se rendront aux urnes le 27 f\u00e9vrier, soit un an et demi plus t\u00f4t.\"},{\"@type\":\"BreadcrumbList\",\"@id\":\"https:\\\/\\\/visionrockland.ca\\\/en\\\/politique\\\/qa-with-provincial-candidates-jason-st-louis\\\/#breadcrumb\",\"itemListElement\":[{\"@type\":\"ListItem\",\"position\":1,\"name\":\"Accueil\",\"item\":\"https:\\\/\\\/visionrockland.ca\\\/en\\\/\"},{\"@type\":\"ListItem\",\"position\":2,\"name\":\"Q&amp;A with provincial candidates: Jason St. Louis\"}]},{\"@type\":\"WebSite\",\"@id\":\"https:\\\/\\\/visionrockland.ca\\\/en\\\/#website\",\"url\":\"https:\\\/\\\/visionrockland.ca\\\/en\\\/\",\"name\":\"Vision\",\"description\":\"\",\"potentialAction\":[{\"@type\":\"SearchAction\",\"target\":{\"@type\":\"EntryPoint\",\"urlTemplate\":\"https:\\\/\\\/visionrockland.ca\\\/en\\\/?s={search_term_string}\"},\"query-input\":{\"@type\":\"PropertyValueSpecification\",\"valueRequired\":true,\"valueName\":\"search_term_string\"}}],\"inLanguage\":\"en-US\"},{\"@type\":\"Person\",\"@id\":\"https:\\\/\\\/visionrockland.ca\\\/en\\\/#\\\/schema\\\/person\\\/a09095fdf65e09e747105760fe90175c\",\"name\":\"Anil Jhalli\",\"image\":{\"@type\":\"ImageObject\",\"inLanguage\":\"en-US\",\"@id\":\"https:\\\/\\\/secure.gravatar.com\\\/avatar\\\/63becc64fff8877a05400459aa003b94a1fdc8d3954acacc688ee6a2bc39fef8?s=96&d=mm&r=g\",\"url\":\"https:\\\/\\\/secure.gravatar.com\\\/avatar\\\/63becc64fff8877a05400459aa003b94a1fdc8d3954acacc688ee6a2bc39fef8?s=96&d=mm&r=g\",\"contentUrl\":\"https:\\\/\\\/secure.gravatar.com\\\/avatar\\\/63becc64fff8877a05400459aa003b94a1fdc8d3954acacc688ee6a2bc39fef8?s=96&d=mm&r=g\",\"caption\":\"Anil Jhalli\"}}]}<\/script>\n<!-- \/ Yoast SEO plugin. -->","yoast_head_json":{"title":"Q&amp;A with provincial candidates: Jason St. Louis - Vision","robots":{"index":"index","follow":"follow","max-snippet":"max-snippet:-1","max-image-preview":"max-image-preview:large","max-video-preview":"max-video-preview:-1"},"canonical":"https:\/\/visionrockland.ca\/en\/politique\/qa-with-provincial-candidates-jason-st-louis\/","og_locale":"en_US","og_type":"article","og_title":"Q&amp;A with provincial candidates: Jason St. Louis - Vision","og_description":"With Ontarians headed to the polls on Feb. 27, nearly a year and a half earlier than originally scheduled, The Vision sent a series of questions to some of the candidates.\u00a0 Independent candidate Jason St. Louis Q: What are the most pressing issues\/concerns facing residents across Glengarry-Prescott-Russell, and how does you plan on addressing these [&hellip;]","og_url":"https:\/\/visionrockland.ca\/en\/politique\/qa-with-provincial-candidates-jason-st-louis\/","og_site_name":"Vision","article_published_time":"2025-02-27T14:17:47+00:00","article_modified_time":"2026-02-17T19:51:33+00:00","og_image":[{"width":181,"height":279,"url":"https:\/\/cdn.editionap.ca\/wp-content\/uploads\/sites\/3\/2025\/02\/download.jpg","type":"image\/jpeg"}],"author":"Anil Jhalli","twitter_card":"summary_large_image","twitter_misc":{"Written by":"Anil Jhalli","Est. reading time":"6 minutes"},"schema":{"@context":"https:\/\/schema.org","@graph":[{"@type":"Article","@id":"https:\/\/visionrockland.ca\/en\/politique\/qa-with-provincial-candidates-jason-st-louis\/#article","isPartOf":{"@id":"https:\/\/visionrockland.ca\/en\/politique\/qa-with-provincial-candidates-jason-st-louis\/"},"author":{"name":"Anil Jhalli","@id":"https:\/\/visionrockland.ca\/en\/#\/schema\/person\/a09095fdf65e09e747105760fe90175c"},"headline":"Q&amp;A with provincial candidates: Jason St. Louis","datePublished":"2025-02-27T14:17:47+00:00","dateModified":"2026-02-17T19:51:33+00:00","mainEntityOfPage":{"@id":"https:\/\/visionrockland.ca\/en\/politique\/qa-with-provincial-candidates-jason-st-louis\/"},"wordCount":1100,"image":{"@id":"https:\/\/visionrockland.ca\/en\/politique\/qa-with-provincial-candidates-jason-st-louis\/#primaryimage"},"thumbnailUrl":"https:\/\/cdn.editionap.ca\/wp-content\/uploads\/sites\/3\/2025\/02\/download.jpg","articleSection":["Politique"],"inLanguage":"en-US"},{"@type":"WebPage","@id":"https:\/\/visionrockland.ca\/en\/politique\/qa-with-provincial-candidates-jason-st-louis\/","url":"https:\/\/visionrockland.ca\/en\/politique\/qa-with-provincial-candidates-jason-st-louis\/","name":"Q&amp;A with provincial candidates: Jason St. Louis - Vision","isPartOf":{"@id":"https:\/\/visionrockland.ca\/en\/#website"},"primaryImageOfPage":{"@id":"https:\/\/visionrockland.ca\/en\/politique\/qa-with-provincial-candidates-jason-st-louis\/#primaryimage"},"image":{"@id":"https:\/\/visionrockland.ca\/en\/politique\/qa-with-provincial-candidates-jason-st-louis\/#primaryimage"},"thumbnailUrl":"https:\/\/cdn.editionap.ca\/wp-content\/uploads\/sites\/3\/2025\/02\/download.jpg","datePublished":"2025-02-27T14:17:47+00:00","dateModified":"2026-02-17T19:51:33+00:00","author":{"@id":"https:\/\/visionrockland.ca\/en\/#\/schema\/person\/a09095fdf65e09e747105760fe90175c"},"breadcrumb":{"@id":"https:\/\/visionrockland.ca\/en\/politique\/qa-with-provincial-candidates-jason-st-louis\/#breadcrumb"},"inLanguage":"en-US","potentialAction":[{"@type":"ReadAction","target":["https:\/\/visionrockland.ca\/en\/politique\/qa-with-provincial-candidates-jason-st-louis\/"]}]},{"@type":"ImageObject","inLanguage":"en-US","@id":"https:\/\/visionrockland.ca\/en\/politique\/qa-with-provincial-candidates-jason-st-louis\/#primaryimage","url":"https:\/\/cdn.editionap.ca\/wp-content\/uploads\/sites\/3\/2025\/02\/download.jpg","contentUrl":"https:\/\/cdn.editionap.ca\/wp-content\/uploads\/sites\/3\/2025\/02\/download.jpg","width":181,"height":279,"caption":"Jason St. Louis, qui est n\u00e9 \u00e0 Cornwall et r\u00e9side maintenant \u00e0 Russell, est un candidat ind\u00e9pendant pour la circonscription provinciale de Glengarry-Prescott-Russell. Les Ontariens se rendront aux urnes le 27 f\u00e9vrier, soit un an et demi plus t\u00f4t."},{"@type":"BreadcrumbList","@id":"https:\/\/visionrockland.ca\/en\/politique\/qa-with-provincial-candidates-jason-st-louis\/#breadcrumb","itemListElement":[{"@type":"ListItem","position":1,"name":"Accueil","item":"https:\/\/visionrockland.ca\/en\/"},{"@type":"ListItem","position":2,"name":"Q&amp;A with provincial candidates: Jason St. Louis"}]},{"@type":"WebSite","@id":"https:\/\/visionrockland.ca\/en\/#website","url":"https:\/\/visionrockland.ca\/en\/","name":"Vision","description":"","potentialAction":[{"@type":"SearchAction","target":{"@type":"EntryPoint","urlTemplate":"https:\/\/visionrockland.ca\/en\/?s={search_term_string}"},"query-input":{"@type":"PropertyValueSpecification","valueRequired":true,"valueName":"search_term_string"}}],"inLanguage":"en-US"},{"@type":"Person","@id":"https:\/\/visionrockland.ca\/en\/#\/schema\/person\/a09095fdf65e09e747105760fe90175c","name":"Anil Jhalli","image":{"@type":"ImageObject","inLanguage":"en-US","@id":"https:\/\/secure.gravatar.com\/avatar\/63becc64fff8877a05400459aa003b94a1fdc8d3954acacc688ee6a2bc39fef8?s=96&d=mm&r=g","url":"https:\/\/secure.gravatar.com\/avatar\/63becc64fff8877a05400459aa003b94a1fdc8d3954acacc688ee6a2bc39fef8?s=96&d=mm&r=g","contentUrl":"https:\/\/secure.gravatar.com\/avatar\/63becc64fff8877a05400459aa003b94a1fdc8d3954acacc688ee6a2bc39fef8?s=96&d=mm&r=g","caption":"Anil Jhalli"}}]}},"_links":{"self":[{"href":"https:\/\/visionrockland.ca\/en\/wp-json\/wp\/v2\/posts\/105208","targetHints":{"allow":["GET"]}}],"collection":[{"href":"https:\/\/visionrockland.ca\/en\/wp-json\/wp\/v2\/posts"}],"about":[{"href":"https:\/\/visionrockland.ca\/en\/wp-json\/wp\/v2\/types\/post"}],"author":[{"embeddable":true,"href":"https:\/\/visionrockland.ca\/en\/wp-json\/wp\/v2\/users\/27"}],"replies":[{"embeddable":true,"href":"https:\/\/visionrockland.ca\/en\/wp-json\/wp\/v2\/comments?post=105208"}],"version-history":[{"count":1,"href":"https:\/\/visionrockland.ca\/en\/wp-json\/wp\/v2\/posts\/105208\/revisions"}],"predecessor-version":[{"id":132370,"href":"https:\/\/visionrockland.ca\/en\/wp-json\/wp\/v2\/posts\/105208\/revisions\/132370"}],"wp:featuredmedia":[{"embeddable":true,"href":"https:\/\/visionrockland.ca\/en\/wp-json\/wp\/v2\/media\/105157"}],"wp:attachment":[{"href":"https:\/\/visionrockland.ca\/en\/wp-json\/wp\/v2\/media?parent=105208"}],"wp:term":[{"taxonomy":"category","embeddable":true,"href":"https:\/\/visionrockland.ca\/en\/wp-json\/wp\/v2\/categories?post=105208"},{"taxonomy":"post_tag","embeddable":true,"href":"https:\/\/visionrockland.ca\/en\/wp-json\/wp\/v2\/tags?post=105208"}],"curies":[{"name":"wp","href":"https:\/\/api.w.org\/{rel}","templated":true}]}}