{"id":105107,"date":"2025-02-19T13:59:53","date_gmt":"2025-02-19T18:59:53","guid":{"rendered":"https:\/\/editionap.ca\/?p=105107"},"modified":"2026-02-17T20:51:33","modified_gmt":"2026-02-17T19:51:33","slug":"c-r-organise-des-consultations-sur-le-plan-de-transport-le-mois-prochain","status":"publish","type":"post","link":"https:\/\/visionrockland.ca\/en\/actualites\/c-r-organise-des-consultations-sur-le-plan-de-transport-le-mois-prochain\/","title":{"rendered":"C-R organise des consultations sur le plan de transport le mois prochain"},"content":{"rendered":"<p><b><span data-contrast=\"none\">La Cit\u00e9 de Clarence-Rockland met \u00e0 jour son Plan directeur des transports multimodaux (PDTMM) et sollicite les commentaires et suggestions des r\u00e9sidents sur le projet.<\/span><\/b><span data-ccp-props=\"{&quot;201341983&quot;:0,&quot;335551550&quot;:6,&quot;335551620&quot;:6,&quot;335559739&quot;:0,&quot;335559740&quot;:288}\">\u00a0<\/span><\/p>\n<p><span data-contrast=\"none\">Le personnel municipal organisera deux consultations le mois prochain\u2014une s\u00e9ance virtuelle le 5 mars et une r\u00e9union en personne le 6 mars\u2014pour discuter des mises \u00e0 jour du PDTMM, qui n&#8217;a pas \u00e9t\u00e9 r\u00e9vis\u00e9 depuis 2019.<\/span><span data-ccp-props=\"{&quot;201341983&quot;:2,&quot;335551550&quot;:6,&quot;335551620&quot;:6,&quot;335559731&quot;:240,&quot;335559739&quot;:0,&quot;335559740&quot;:240}\">\u00a0<\/span><\/p>\n<p><span data-contrast=\"none\">La Cit\u00e9 revoit son plan en raison des \u00e9volutions des options de transport et des changements dans les habitudes de d\u00e9placement depuis l\u2019\u00e9laboration du plan initial. La mise \u00e0 jour du plan vise \u00e0 r\u00e9pondre aux nouveaux d\u00e9fis, \u00e0 soutenir la croissance et \u00e0 int\u00e9grer des politiques permettant d\u2019orienter plus efficacement les d\u00e9cisions en mati\u00e8re de transport et d\u2019am\u00e9nagement du territoire.<\/span><span data-ccp-props=\"{&quot;201341983&quot;:2,&quot;335551550&quot;:6,&quot;335551620&quot;:6,&quot;335559731&quot;:240,&quot;335559739&quot;:0,&quot;335559740&quot;:240}\">\u00a0<\/span><\/p>\n<p><span data-contrast=\"none\">\u00ab Nous voulons mettre \u00e0 jour ce plan tous les cinq ans. Il s\u2019agit d\u2019une ressource essentielle pour anticiper les besoins changeants, la croissance, le d\u00e9veloppement et d\u2019autres opportunit\u00e9s \u00bb, a d\u00e9clar\u00e9 Richard Campeau, gestionnaire des projets d&#8217;immobilisations de la Cit\u00e9 de Clarence-Rockland. \u00ab Le plan fa\u00e7onne notre fa\u00e7on de nous d\u00e9placer, nous aide \u00e0 identifier nos connexions r\u00e9gionales et soutient le transport des biens et services \u00e0 travers la r\u00e9gion. \u00bb<\/span><span data-ccp-props=\"{&quot;201341983&quot;:2,&quot;335551550&quot;:6,&quot;335551620&quot;:6,&quot;335559731&quot;:240,&quot;335559739&quot;:0,&quot;335559740&quot;:240}\">\u00a0<\/span><\/p>\n<p><span data-contrast=\"none\">Dans le cadre de l\u2019\u00e9tude sur le PDTMM, la Cit\u00e9 \u00e9tablira une vision, d\u00e9finira des actions et des politiques, et d\u00e9veloppera une strat\u00e9gie financi\u00e8re pour r\u00e9pondre aux besoins de transport \u00e0 court, moyen et long terme de la communaut\u00e9.<\/span><span data-ccp-props=\"{&quot;201341983&quot;:2,&quot;335551550&quot;:6,&quot;335551620&quot;:6,&quot;335559731&quot;:240,&quot;335559739&quot;:0,&quot;335559740&quot;:240}\">\u00a0<\/span><\/p>\n<p><span data-contrast=\"none\">La s\u00e9ance virtuelle du 5 mars fournira plus d\u2019informations. Les d\u00e9tails sont disponibles ici : www.clarence-rockland.com\/en\/hotel-de-ville\/transportation-master-plan.aspx#Transportation-Master-Plan-2024.<\/span><span data-ccp-props=\"{&quot;201341983&quot;:2,&quot;335551550&quot;:6,&quot;335551620&quot;:6,&quot;335559731&quot;:240,&quot;335559739&quot;:0,&quot;335559740&quot;:240}\">\u00a0<\/span><\/p>\n<p><span data-contrast=\"none\">La r\u00e9union en personne du 6 mars se tiendra \u00e0 la Salle du Club Optimiste, 1535, avenue Du Parc, Rockland, de 17 h \u00e0 20 h 30.<\/span><span data-ccp-props=\"{&quot;201341983&quot;:2,&quot;335551550&quot;:6,&quot;335551620&quot;:6,&quot;335559731&quot;:240,&quot;335559739&quot;:0,&quot;335559740&quot;:240}\">\u00a0<\/span><\/p>\n<p><span data-contrast=\"none\">Ces rencontres permettront de pr\u00e9senter le processus d\u2019\u00e9tude du PDTMM, les objectifs et orientations du plan, les conditions actuelles de d\u00e9placement et les caract\u00e9ristiques de la communaut\u00e9, les suggestions des r\u00e9sidents sur les infrastructures de transport, ainsi que les prochaines \u00e9tapes du projet.<\/span><span data-ccp-props=\"{&quot;201341983&quot;:2,&quot;335551550&quot;:6,&quot;335551620&quot;:6,&quot;335559731&quot;:240,&quot;335559739&quot;:0,&quot;335559740&quot;:240}\">\u00a0<\/span><\/p>\n<p><span data-contrast=\"none\">\u00ab C\u2019est une bonne occasion pour nous (le personnel municipal) de montrer aux citoyens nos pr\u00e9visions et l\u2019ampleur des travaux pr\u00e9vus \u00bb, a ajout\u00e9 Campeau. \u00ab Quels chemins seront \u00e9largis, ce genre de choses. \u00bb<\/span><span data-ccp-props=\"{&quot;201341983&quot;:2,&quot;335551550&quot;:6,&quot;335551620&quot;:6,&quot;335559731&quot;:240,&quot;335559739&quot;:0,&quot;335559740&quot;:240}\">\u00a0<\/span><\/p>\n<p><span data-contrast=\"none\">Une copie du plan de transport de 2019 est disponible ici : www.clarence-rockland.com\/en\/hotel-de-ville\/resources\/MMTMP1.pdf.<\/span><span data-ccp-props=\"{&quot;201341983&quot;:2,&quot;335551550&quot;:6,&quot;335551620&quot;:6,&quot;335559731&quot;:240,&quot;335559739&quot;:0,&quot;335559740&quot;:240}\">\u00a0<\/span><\/p>\n","protected":false},"excerpt":{"rendered":"<p>La Cit\u00e9 de Clarence-Rockland met \u00e0 jour son Plan directeur des transports multimodaux (PDTMM) et sollicite les commentaires et suggestions des r\u00e9sidents sur le projet.\u00a0 Le personnel municipal organisera deux consultations le mois prochain\u2014une s\u00e9ance virtuelle le 5 mars et une r\u00e9union en personne le 6 mars\u2014pour discuter des mises \u00e0 jour du PDTMM, qui [&hellip;]<\/p>\n","protected":false},"author":27,"featured_media":105108,"comment_status":"closed","ping_status":"open","sticky":false,"template":"","format":"standard","meta":{"_acf_changed":false,"footnotes":""},"categories":[37],"tags":[],"class_list":["post-105107","post","type-post","status-publish","format-standard","has-post-thumbnail","hentry","category-actualites"],"acf":[],"featured_media_global":[],"yoast_head":"<!-- This site is optimized with the Yoast SEO plugin v27.4 - https:\/\/yoast.com\/product\/yoast-seo-wordpress\/ -->\n<title>C-R organise des consultations sur le plan de transport le mois prochain - Vision<\/title>\n<meta name=\"robots\" content=\"index, follow, max-snippet:-1, max-image-preview:large, max-video-preview:-1\" \/>\n<link rel=\"canonical\" href=\"https:\/\/visionrockland.ca\/en\/actualites\/c-r-organise-des-consultations-sur-le-plan-de-transport-le-mois-prochain\/\" \/>\n<meta property=\"og:locale\" content=\"en_US\" \/>\n<meta property=\"og:type\" content=\"article\" \/>\n<meta property=\"og:title\" content=\"C-R organise des consultations sur le plan de transport le mois prochain - Vision\" \/>\n<meta property=\"og:description\" content=\"La Cit\u00e9 de Clarence-Rockland met \u00e0 jour son Plan directeur des transports multimodaux (PDTMM) et sollicite les commentaires et suggestions des r\u00e9sidents sur le projet.\u00a0 Le personnel municipal organisera deux consultations le mois prochain\u2014une s\u00e9ance virtuelle le 5 mars et une r\u00e9union en personne le 6 mars\u2014pour discuter des mises \u00e0 jour du PDTMM, qui [&hellip;]\" \/>\n<meta property=\"og:url\" content=\"https:\/\/visionrockland.ca\/en\/actualites\/c-r-organise-des-consultations-sur-le-plan-de-transport-le-mois-prochain\/\" \/>\n<meta property=\"og:site_name\" content=\"Vision\" \/>\n<meta property=\"article:published_time\" content=\"2025-02-19T18:59:53+00:00\" \/>\n<meta property=\"article:modified_time\" content=\"2026-02-17T19:51:33+00:00\" \/>\n<meta property=\"og:image\" content=\"https:\/\/cdn.editionap.ca\/wp-content\/uploads\/sites\/3\/2025\/02\/transpo-plan-meeting.jpg\" \/>\n\t<meta property=\"og:image:width\" content=\"1900\" \/>\n\t<meta property=\"og:image:height\" content=\"490\" \/>\n\t<meta property=\"og:image:type\" content=\"image\/jpeg\" \/>\n<meta name=\"author\" content=\"Anil Jhalli\" \/>\n<meta name=\"twitter:card\" content=\"summary_large_image\" \/>\n<meta name=\"twitter:label1\" content=\"Written by\" \/>\n\t<meta name=\"twitter:data1\" content=\"Anil Jhalli\" \/>\n\t<meta name=\"twitter:label2\" content=\"Est. reading time\" \/>\n\t<meta name=\"twitter:data2\" content=\"3 minutes\" \/>\n<script type=\"application\/ld+json\" class=\"yoast-schema-graph\">{\"@context\":\"https:\\\/\\\/schema.org\",\"@graph\":[{\"@type\":\"Article\",\"@id\":\"https:\\\/\\\/visionrockland.ca\\\/en\\\/actualites\\\/c-r-organise-des-consultations-sur-le-plan-de-transport-le-mois-prochain\\\/#article\",\"isPartOf\":{\"@id\":\"https:\\\/\\\/visionrockland.ca\\\/en\\\/actualites\\\/c-r-organise-des-consultations-sur-le-plan-de-transport-le-mois-prochain\\\/\"},\"author\":{\"name\":\"Anil Jhalli\",\"@id\":\"https:\\\/\\\/visionrockland.ca\\\/en\\\/#\\\/schema\\\/person\\\/a09095fdf65e09e747105760fe90175c\"},\"headline\":\"C-R organise des consultations sur le plan de transport le mois prochain\",\"datePublished\":\"2025-02-19T18:59:53+00:00\",\"dateModified\":\"2026-02-17T19:51:33+00:00\",\"mainEntityOfPage\":{\"@id\":\"https:\\\/\\\/visionrockland.ca\\\/en\\\/actualites\\\/c-r-organise-des-consultations-sur-le-plan-de-transport-le-mois-prochain\\\/\"},\"wordCount\":409,\"image\":{\"@id\":\"https:\\\/\\\/visionrockland.ca\\\/en\\\/actualites\\\/c-r-organise-des-consultations-sur-le-plan-de-transport-le-mois-prochain\\\/#primaryimage\"},\"thumbnailUrl\":\"https:\\\/\\\/cdn.editionap.ca\\\/wp-content\\\/uploads\\\/sites\\\/3\\\/2025\\\/02\\\/transpo-plan-meeting.jpg\",\"articleSection\":[\"Actualit\u00e9s\"],\"inLanguage\":\"en-US\"},{\"@type\":\"WebPage\",\"@id\":\"https:\\\/\\\/visionrockland.ca\\\/en\\\/actualites\\\/c-r-organise-des-consultations-sur-le-plan-de-transport-le-mois-prochain\\\/\",\"url\":\"https:\\\/\\\/visionrockland.ca\\\/en\\\/actualites\\\/c-r-organise-des-consultations-sur-le-plan-de-transport-le-mois-prochain\\\/\",\"name\":\"C-R organise des consultations sur le plan de transport le mois prochain - Vision\",\"isPartOf\":{\"@id\":\"https:\\\/\\\/visionrockland.ca\\\/en\\\/#website\"},\"primaryImageOfPage\":{\"@id\":\"https:\\\/\\\/visionrockland.ca\\\/en\\\/actualites\\\/c-r-organise-des-consultations-sur-le-plan-de-transport-le-mois-prochain\\\/#primaryimage\"},\"image\":{\"@id\":\"https:\\\/\\\/visionrockland.ca\\\/en\\\/actualites\\\/c-r-organise-des-consultations-sur-le-plan-de-transport-le-mois-prochain\\\/#primaryimage\"},\"thumbnailUrl\":\"https:\\\/\\\/cdn.editionap.ca\\\/wp-content\\\/uploads\\\/sites\\\/3\\\/2025\\\/02\\\/transpo-plan-meeting.jpg\",\"datePublished\":\"2025-02-19T18:59:53+00:00\",\"dateModified\":\"2026-02-17T19:51:33+00:00\",\"author\":{\"@id\":\"https:\\\/\\\/visionrockland.ca\\\/en\\\/#\\\/schema\\\/person\\\/a09095fdf65e09e747105760fe90175c\"},\"breadcrumb\":{\"@id\":\"https:\\\/\\\/visionrockland.ca\\\/en\\\/actualites\\\/c-r-organise-des-consultations-sur-le-plan-de-transport-le-mois-prochain\\\/#breadcrumb\"},\"inLanguage\":\"en-US\",\"potentialAction\":[{\"@type\":\"ReadAction\",\"target\":[\"https:\\\/\\\/visionrockland.ca\\\/en\\\/actualites\\\/c-r-organise-des-consultations-sur-le-plan-de-transport-le-mois-prochain\\\/\"]}]},{\"@type\":\"ImageObject\",\"inLanguage\":\"en-US\",\"@id\":\"https:\\\/\\\/visionrockland.ca\\\/en\\\/actualites\\\/c-r-organise-des-consultations-sur-le-plan-de-transport-le-mois-prochain\\\/#primaryimage\",\"url\":\"https:\\\/\\\/cdn.editionap.ca\\\/wp-content\\\/uploads\\\/sites\\\/3\\\/2025\\\/02\\\/transpo-plan-meeting.jpg\",\"contentUrl\":\"https:\\\/\\\/cdn.editionap.ca\\\/wp-content\\\/uploads\\\/sites\\\/3\\\/2025\\\/02\\\/transpo-plan-meeting.jpg\",\"width\":1900,\"height\":490,\"caption\":\"La Cit\u00e9 de Clarence-Rockland organise deux consultations les 5 et 6 mars - l'une virtuelle et l'autre en personne - sur son Plan directeur de transport multimodal.\"},{\"@type\":\"BreadcrumbList\",\"@id\":\"https:\\\/\\\/visionrockland.ca\\\/en\\\/actualites\\\/c-r-organise-des-consultations-sur-le-plan-de-transport-le-mois-prochain\\\/#breadcrumb\",\"itemListElement\":[{\"@type\":\"ListItem\",\"position\":1,\"name\":\"Accueil\",\"item\":\"https:\\\/\\\/visionrockland.ca\\\/en\\\/\"},{\"@type\":\"ListItem\",\"position\":2,\"name\":\"C-R organise des consultations sur le plan de transport le mois prochain\"}]},{\"@type\":\"WebSite\",\"@id\":\"https:\\\/\\\/visionrockland.ca\\\/en\\\/#website\",\"url\":\"https:\\\/\\\/visionrockland.ca\\\/en\\\/\",\"name\":\"Vision\",\"description\":\"\",\"potentialAction\":[{\"@type\":\"SearchAction\",\"target\":{\"@type\":\"EntryPoint\",\"urlTemplate\":\"https:\\\/\\\/visionrockland.ca\\\/en\\\/?s={search_term_string}\"},\"query-input\":{\"@type\":\"PropertyValueSpecification\",\"valueRequired\":true,\"valueName\":\"search_term_string\"}}],\"inLanguage\":\"en-US\"},{\"@type\":\"Person\",\"@id\":\"https:\\\/\\\/visionrockland.ca\\\/en\\\/#\\\/schema\\\/person\\\/a09095fdf65e09e747105760fe90175c\",\"name\":\"Anil Jhalli\",\"image\":{\"@type\":\"ImageObject\",\"inLanguage\":\"en-US\",\"@id\":\"https:\\\/\\\/secure.gravatar.com\\\/avatar\\\/63becc64fff8877a05400459aa003b94a1fdc8d3954acacc688ee6a2bc39fef8?s=96&d=mm&r=g\",\"url\":\"https:\\\/\\\/secure.gravatar.com\\\/avatar\\\/63becc64fff8877a05400459aa003b94a1fdc8d3954acacc688ee6a2bc39fef8?s=96&d=mm&r=g\",\"contentUrl\":\"https:\\\/\\\/secure.gravatar.com\\\/avatar\\\/63becc64fff8877a05400459aa003b94a1fdc8d3954acacc688ee6a2bc39fef8?s=96&d=mm&r=g\",\"caption\":\"Anil Jhalli\"}}]}<\/script>\n<!-- \/ Yoast SEO plugin. -->","yoast_head_json":{"title":"C-R organise des consultations sur le plan de transport le mois prochain - Vision","robots":{"index":"index","follow":"follow","max-snippet":"max-snippet:-1","max-image-preview":"max-image-preview:large","max-video-preview":"max-video-preview:-1"},"canonical":"https:\/\/visionrockland.ca\/en\/actualites\/c-r-organise-des-consultations-sur-le-plan-de-transport-le-mois-prochain\/","og_locale":"en_US","og_type":"article","og_title":"C-R organise des consultations sur le plan de transport le mois prochain - Vision","og_description":"La Cit\u00e9 de Clarence-Rockland met \u00e0 jour son Plan directeur des transports multimodaux (PDTMM) et sollicite les commentaires et suggestions des r\u00e9sidents sur le projet.\u00a0 Le personnel municipal organisera deux consultations le mois prochain\u2014une s\u00e9ance virtuelle le 5 mars et une r\u00e9union en personne le 6 mars\u2014pour discuter des mises \u00e0 jour du PDTMM, qui [&hellip;]","og_url":"https:\/\/visionrockland.ca\/en\/actualites\/c-r-organise-des-consultations-sur-le-plan-de-transport-le-mois-prochain\/","og_site_name":"Vision","article_published_time":"2025-02-19T18:59:53+00:00","article_modified_time":"2026-02-17T19:51:33+00:00","og_image":[{"width":1900,"height":490,"url":"https:\/\/cdn.editionap.ca\/wp-content\/uploads\/sites\/3\/2025\/02\/transpo-plan-meeting.jpg","type":"image\/jpeg"}],"author":"Anil Jhalli","twitter_card":"summary_large_image","twitter_misc":{"Written by":"Anil Jhalli","Est. reading time":"3 minutes"},"schema":{"@context":"https:\/\/schema.org","@graph":[{"@type":"Article","@id":"https:\/\/visionrockland.ca\/en\/actualites\/c-r-organise-des-consultations-sur-le-plan-de-transport-le-mois-prochain\/#article","isPartOf":{"@id":"https:\/\/visionrockland.ca\/en\/actualites\/c-r-organise-des-consultations-sur-le-plan-de-transport-le-mois-prochain\/"},"author":{"name":"Anil Jhalli","@id":"https:\/\/visionrockland.ca\/en\/#\/schema\/person\/a09095fdf65e09e747105760fe90175c"},"headline":"C-R organise des consultations sur le plan de transport le mois prochain","datePublished":"2025-02-19T18:59:53+00:00","dateModified":"2026-02-17T19:51:33+00:00","mainEntityOfPage":{"@id":"https:\/\/visionrockland.ca\/en\/actualites\/c-r-organise-des-consultations-sur-le-plan-de-transport-le-mois-prochain\/"},"wordCount":409,"image":{"@id":"https:\/\/visionrockland.ca\/en\/actualites\/c-r-organise-des-consultations-sur-le-plan-de-transport-le-mois-prochain\/#primaryimage"},"thumbnailUrl":"https:\/\/cdn.editionap.ca\/wp-content\/uploads\/sites\/3\/2025\/02\/transpo-plan-meeting.jpg","articleSection":["Actualit\u00e9s"],"inLanguage":"en-US"},{"@type":"WebPage","@id":"https:\/\/visionrockland.ca\/en\/actualites\/c-r-organise-des-consultations-sur-le-plan-de-transport-le-mois-prochain\/","url":"https:\/\/visionrockland.ca\/en\/actualites\/c-r-organise-des-consultations-sur-le-plan-de-transport-le-mois-prochain\/","name":"C-R organise des consultations sur le plan de transport le mois prochain - Vision","isPartOf":{"@id":"https:\/\/visionrockland.ca\/en\/#website"},"primaryImageOfPage":{"@id":"https:\/\/visionrockland.ca\/en\/actualites\/c-r-organise-des-consultations-sur-le-plan-de-transport-le-mois-prochain\/#primaryimage"},"image":{"@id":"https:\/\/visionrockland.ca\/en\/actualites\/c-r-organise-des-consultations-sur-le-plan-de-transport-le-mois-prochain\/#primaryimage"},"thumbnailUrl":"https:\/\/cdn.editionap.ca\/wp-content\/uploads\/sites\/3\/2025\/02\/transpo-plan-meeting.jpg","datePublished":"2025-02-19T18:59:53+00:00","dateModified":"2026-02-17T19:51:33+00:00","author":{"@id":"https:\/\/visionrockland.ca\/en\/#\/schema\/person\/a09095fdf65e09e747105760fe90175c"},"breadcrumb":{"@id":"https:\/\/visionrockland.ca\/en\/actualites\/c-r-organise-des-consultations-sur-le-plan-de-transport-le-mois-prochain\/#breadcrumb"},"inLanguage":"en-US","potentialAction":[{"@type":"ReadAction","target":["https:\/\/visionrockland.ca\/en\/actualites\/c-r-organise-des-consultations-sur-le-plan-de-transport-le-mois-prochain\/"]}]},{"@type":"ImageObject","inLanguage":"en-US","@id":"https:\/\/visionrockland.ca\/en\/actualites\/c-r-organise-des-consultations-sur-le-plan-de-transport-le-mois-prochain\/#primaryimage","url":"https:\/\/cdn.editionap.ca\/wp-content\/uploads\/sites\/3\/2025\/02\/transpo-plan-meeting.jpg","contentUrl":"https:\/\/cdn.editionap.ca\/wp-content\/uploads\/sites\/3\/2025\/02\/transpo-plan-meeting.jpg","width":1900,"height":490,"caption":"La Cit\u00e9 de Clarence-Rockland organise deux consultations les 5 et 6 mars - l'une virtuelle et l'autre en personne - sur son Plan directeur de transport multimodal."},{"@type":"BreadcrumbList","@id":"https:\/\/visionrockland.ca\/en\/actualites\/c-r-organise-des-consultations-sur-le-plan-de-transport-le-mois-prochain\/#breadcrumb","itemListElement":[{"@type":"ListItem","position":1,"name":"Accueil","item":"https:\/\/visionrockland.ca\/en\/"},{"@type":"ListItem","position":2,"name":"C-R organise des consultations sur le plan de transport le mois prochain"}]},{"@type":"WebSite","@id":"https:\/\/visionrockland.ca\/en\/#website","url":"https:\/\/visionrockland.ca\/en\/","name":"Vision","description":"","potentialAction":[{"@type":"SearchAction","target":{"@type":"EntryPoint","urlTemplate":"https:\/\/visionrockland.ca\/en\/?s={search_term_string}"},"query-input":{"@type":"PropertyValueSpecification","valueRequired":true,"valueName":"search_term_string"}}],"inLanguage":"en-US"},{"@type":"Person","@id":"https:\/\/visionrockland.ca\/en\/#\/schema\/person\/a09095fdf65e09e747105760fe90175c","name":"Anil Jhalli","image":{"@type":"ImageObject","inLanguage":"en-US","@id":"https:\/\/secure.gravatar.com\/avatar\/63becc64fff8877a05400459aa003b94a1fdc8d3954acacc688ee6a2bc39fef8?s=96&d=mm&r=g","url":"https:\/\/secure.gravatar.com\/avatar\/63becc64fff8877a05400459aa003b94a1fdc8d3954acacc688ee6a2bc39fef8?s=96&d=mm&r=g","contentUrl":"https:\/\/secure.gravatar.com\/avatar\/63becc64fff8877a05400459aa003b94a1fdc8d3954acacc688ee6a2bc39fef8?s=96&d=mm&r=g","caption":"Anil Jhalli"}}]}},"_links":{"self":[{"href":"https:\/\/visionrockland.ca\/en\/wp-json\/wp\/v2\/posts\/105107","targetHints":{"allow":["GET"]}}],"collection":[{"href":"https:\/\/visionrockland.ca\/en\/wp-json\/wp\/v2\/posts"}],"about":[{"href":"https:\/\/visionrockland.ca\/en\/wp-json\/wp\/v2\/types\/post"}],"author":[{"embeddable":true,"href":"https:\/\/visionrockland.ca\/en\/wp-json\/wp\/v2\/users\/27"}],"replies":[{"embeddable":true,"href":"https:\/\/visionrockland.ca\/en\/wp-json\/wp\/v2\/comments?post=105107"}],"version-history":[{"count":1,"href":"https:\/\/visionrockland.ca\/en\/wp-json\/wp\/v2\/posts\/105107\/revisions"}],"predecessor-version":[{"id":132376,"href":"https:\/\/visionrockland.ca\/en\/wp-json\/wp\/v2\/posts\/105107\/revisions\/132376"}],"wp:featuredmedia":[{"embeddable":true,"href":"https:\/\/visionrockland.ca\/en\/wp-json\/wp\/v2\/media\/105108"}],"wp:attachment":[{"href":"https:\/\/visionrockland.ca\/en\/wp-json\/wp\/v2\/media?parent=105107"}],"wp:term":[{"taxonomy":"category","embeddable":true,"href":"https:\/\/visionrockland.ca\/en\/wp-json\/wp\/v2\/categories?post=105107"},{"taxonomy":"post_tag","embeddable":true,"href":"https:\/\/visionrockland.ca\/en\/wp-json\/wp\/v2\/tags?post=105107"}],"curies":[{"name":"wp","href":"https:\/\/api.w.org\/{rel}","templated":true}]}}