{"id":105016,"date":"2025-02-13T10:40:36","date_gmt":"2025-02-13T15:40:36","guid":{"rendered":"https:\/\/editionap.ca\/?p=105016"},"modified":"2026-02-17T20:51:33","modified_gmt":"2026-02-17T19:51:33","slug":"lelargissement-de-la-route-17-doit-etre-un-enjeu-electoral-provincial-maire-zanth","status":"publish","type":"post","link":"https:\/\/visionrockland.ca\/en\/politique\/lelargissement-de-la-route-17-doit-etre-un-enjeu-electoral-provincial-maire-zanth\/","title":{"rendered":"L&#8217;\u00e9largissement de la route 17 doit \u00eatre un enjeu \u00e9lectoral provincial : Maire Zanth"},"content":{"rendered":"<p><b><span data-contrast=\"none\">Depuis des d\u00e9cennies, les \u00e9lus municipaux des Comt\u00e9s unis de Prescott et Russell (CUPR) r\u00e9clament aupr\u00e8s du gouvernement provincial l\u2019\u00e9largissement de l\u2019autoroute 17, passant de deux \u00e0 quatre voies.<\/span><\/b><span data-ccp-props=\"{&quot;201341983&quot;:0,&quot;335551550&quot;:6,&quot;335551620&quot;:6,&quot;335559739&quot;:0,&quot;335559740&quot;:288}\">\u00a0<\/span><\/p>\n<p><span data-contrast=\"none\">Aujourd\u2019hui, le maire de Clarence-Rockland, Mario Zanth, appelle les candidats aux \u00e9lections provinciales \u00e0 faire de l\u2019\u00e9largissement de l\u2019autoroute 17 une priorit\u00e9.<\/span><span data-ccp-props=\"{&quot;201341983&quot;:2,&quot;335551550&quot;:6,&quot;335551620&quot;:6,&quot;335559731&quot;:240,&quot;335559739&quot;:0,&quot;335559740&quot;:240}\">\u00a0<\/span><\/p>\n<p><span data-contrast=\"none\">\u00ab Depuis 22 ans, Glengarry-Prescott-Russell a un d\u00e9put\u00e9 provincial au pouvoir \u2014 pas dans l\u2019opposition, au pouvoir \u00bb, a d\u00e9clar\u00e9 M. Zanth. \u00ab Et aucun de ces \u00e9lus n\u2019a r\u00e9ussi \u00e0 mener ce projet \u00e0 bien. Je suis maintenant \u00e0 un point o\u00f9 je vais en faire un enjeu politique pour eux. \u00bb<\/span><\/p>\n<p>Zanth a soulign\u00e9 que cette portion majeure de route, qui traverse Clarence-Rockland, Alfred et Plantagenet, L&#8217;Orignal et Hawkesbury, est constamment congestionn\u00e9e en raison des d\u00e9placements des r\u00e9sidents vers et depuis Ottawa pour le travail ou d\u2019autres obligations.<\/p>\n<p><span data-contrast=\"none\">Le maire de Clarence-Rockland a dit entendre la frustration des r\u00e9sidents et veut se positionner comme leur porte-parole, en sensibilisant le public et le gouvernement \u00e0 l&#8217;importance d\u2019\u00e9largir cette route qui a un impact significatif sur les communaut\u00e9s des CUPR.<\/span><\/p>\n<p>Zanth pr\u00e9voit de publier une s\u00e9rie de vid\u00e9os cette semaine, adress\u00e9es aux candidats aux \u00e9lections provinciales de 2025 ainsi qu\u2019au gouvernement Ford, pour leur faire comprendre l\u2019urgence d\u2019\u00e9largir l\u2019autoroute 17 et l\u2019exasp\u00e9ration croissante des r\u00e9sidents et des \u00e9lus face \u00e0 l\u2019inaction du gouvernement.<\/p>\n<p><span data-contrast=\"none\">Il a soulign\u00e9 que Clarence-Rockland continue de cro\u00eetre et qu\u2019il est imp\u00e9ratif de mettre en place les infrastructures n\u00e9cessaires pour accompagner cette croissance.<\/span><span data-ccp-props=\"{&quot;201341983&quot;:2,&quot;335551550&quot;:6,&quot;335551620&quot;:6,&quot;335559731&quot;:240,&quot;335559739&quot;:0,&quot;335559740&quot;:240}\">\u00a0<\/span><\/p>\n<p><span data-contrast=\"none\">\u00ab Trop, c\u2019est trop. Nous ne pouvons plus \u00eatre ignor\u00e9s \u00bb, a affirm\u00e9 M. Zanth. \u00ab Si vous voulez que nous croissions, si vous voulez que nous construisions plus de maisons, nous avons besoin d\u2019aide. Il y a des gens qui vivent en dehors de Toronto et d\u2019Ottawa, et des communaut\u00e9s comme la n\u00f4tre connaissent une croissance importante. Alors, je vais continuer \u00e0 sensibiliser et \u00e0 me battre pour nos r\u00e9sidents. \u00bb<\/span><span data-ccp-props=\"{&quot;201341983&quot;:2,&quot;335551550&quot;:6,&quot;335551620&quot;:6,&quot;335559731&quot;:240,&quot;335559739&quot;:0,&quot;335559740&quot;:240}\">\u00a0<\/span><\/p>\n<p><span data-contrast=\"none\">Le candidat lib\u00e9ral dans Glengarry-Prescott-Russell, Trevor Stewart, a d\u00e9clar\u00e9 que \u00ab si \u00e9largir la route \u00e9tait aussi simple, cela aurait d\u00e9j\u00e0 \u00e9t\u00e9 fait \u00bb.<\/span><\/p>\n<p>Stewart a affirm\u00e9 qu\u2019il emprunte souvent cette route et partage la frustration de nombreux automobilistes qui doivent la prendre quotidiennement et subir des embouteillages constants. Il a ajout\u00e9 qu\u2019il est essentiel que l\u2019autoroute 17 soit transf\u00e9r\u00e9e \u00e0 la province et que le Parti lib\u00e9ral de l\u2019Ontario souhaite s\u2019attaquer aux probl\u00e8mes de circulation en y ajoutant des voies r\u00e9serv\u00e9es aux autobus et au covoiturage.<\/p>\n<p><span data-contrast=\"none\">\u00ab J\u2019ai l\u2019impression d\u2019avoir perdu des ann\u00e9es de ma vie en roulant sur la 17, croyez-moi \u00bb, a ajout\u00e9 M. Stewart. \u00ab Je pense que le transfert de la route \u00e0 la province est une n\u00e9cessit\u00e9. Mais je ne vais pas m\u2019engager \u00e0 \u00e9largir la 17 tout de suite. Je veux examiner toutes les options d\u2019abord. \u00bb<\/span><span data-ccp-props=\"{&quot;201341983&quot;:2,&quot;335551550&quot;:6,&quot;335551620&quot;:6,&quot;335559731&quot;:240,&quot;335559739&quot;:0,&quot;335559740&quot;:240}\">\u00a0<\/span><\/p>\n<p><span data-contrast=\"none\">Le candidat du Parti vert de l\u2019Ontario dans Glengarry-Prescott-Russell, Thaila Riden, a d\u00e9clar\u00e9 que les priorit\u00e9s de son parti sont la crise du logement et l\u2019accessibilit\u00e9 financi\u00e8re.<\/span><span data-ccp-props=\"{&quot;201341983&quot;:2,&quot;335551550&quot;:6,&quot;335551620&quot;:6,&quot;335559731&quot;:240,&quot;335559739&quot;:0,&quot;335559740&quot;:240}\">\u00a0<\/span><\/p>\n<p><span data-contrast=\"none\">\u00ab Bien que des projets d\u2019infrastructure comme l\u2019\u00e9largissement de l\u2019autoroute 17 soient importants, nous croyons que les besoins imm\u00e9diats de notre communaut\u00e9, tels que le logement abordable et l\u2019acc\u00e8s aux soins de sant\u00e9, doivent passer en priorit\u00e9 \u00bb, a-t-il affirm\u00e9.<\/span><span data-ccp-props=\"{&quot;201341983&quot;:2,&quot;335551550&quot;:6,&quot;335551620&quot;:6,&quot;335559731&quot;:240,&quot;335559739&quot;:0,&quot;335559740&quot;:240}\">\u00a0<\/span><\/p>\n","protected":false},"excerpt":{"rendered":"<p>Depuis des d\u00e9cennies, les \u00e9lus municipaux des Comt\u00e9s unis de Prescott et Russell (CUPR) r\u00e9clament aupr\u00e8s du gouvernement provincial l\u2019\u00e9largissement de l\u2019autoroute 17, passant de deux \u00e0 quatre voies.\u00a0 Aujourd\u2019hui, le maire de Clarence-Rockland, Mario Zanth, appelle les candidats aux \u00e9lections provinciales \u00e0 faire de l\u2019\u00e9largissement de l\u2019autoroute 17 une priorit\u00e9.\u00a0 \u00ab Depuis 22 ans, [&hellip;]<\/p>\n","protected":false},"author":27,"featured_media":98857,"comment_status":"closed","ping_status":"open","sticky":false,"template":"","format":"standard","meta":{"_acf_changed":false,"footnotes":""},"categories":[44],"tags":[],"class_list":["post-105016","post","type-post","status-publish","format-standard","has-post-thumbnail","hentry","category-politique"],"acf":[],"featured_media_global":[],"yoast_head":"<!-- This site is optimized with the Yoast SEO plugin v27.4 - https:\/\/yoast.com\/product\/yoast-seo-wordpress\/ -->\n<title>L&#039;\u00e9largissement de la route 17 doit \u00eatre un enjeu \u00e9lectoral provincial : Maire Zanth - Vision<\/title>\n<meta name=\"robots\" content=\"index, follow, max-snippet:-1, max-image-preview:large, max-video-preview:-1\" \/>\n<link rel=\"canonical\" href=\"https:\/\/visionrockland.ca\/en\/politique\/lelargissement-de-la-route-17-doit-etre-un-enjeu-electoral-provincial-maire-zanth\/\" \/>\n<meta property=\"og:locale\" content=\"en_US\" \/>\n<meta property=\"og:type\" content=\"article\" \/>\n<meta property=\"og:title\" content=\"L&#039;\u00e9largissement de la route 17 doit \u00eatre un enjeu \u00e9lectoral provincial : Maire Zanth - Vision\" \/>\n<meta property=\"og:description\" content=\"Depuis des d\u00e9cennies, les \u00e9lus municipaux des Comt\u00e9s unis de Prescott et Russell (CUPR) r\u00e9clament aupr\u00e8s du gouvernement provincial l\u2019\u00e9largissement de l\u2019autoroute 17, passant de deux \u00e0 quatre voies.\u00a0 Aujourd\u2019hui, le maire de Clarence-Rockland, Mario Zanth, appelle les candidats aux \u00e9lections provinciales \u00e0 faire de l\u2019\u00e9largissement de l\u2019autoroute 17 une priorit\u00e9.\u00a0 \u00ab Depuis 22 ans, [&hellip;]\" \/>\n<meta property=\"og:url\" content=\"https:\/\/visionrockland.ca\/en\/politique\/lelargissement-de-la-route-17-doit-etre-un-enjeu-electoral-provincial-maire-zanth\/\" \/>\n<meta property=\"og:site_name\" content=\"Vision\" \/>\n<meta property=\"article:published_time\" content=\"2025-02-13T15:40:36+00:00\" \/>\n<meta property=\"article:modified_time\" content=\"2026-02-17T19:51:33+00:00\" \/>\n<meta property=\"og:image\" content=\"https:\/\/cdn.editionap.ca\/wp-content\/uploads\/sites\/3\/2024\/01\/638048928971625087_Final.jpg\" \/>\n\t<meta property=\"og:image:width\" content=\"640\" \/>\n\t<meta property=\"og:image:height\" content=\"480\" \/>\n\t<meta property=\"og:image:type\" content=\"image\/jpeg\" \/>\n<meta name=\"author\" content=\"Anil Jhalli\" \/>\n<meta name=\"twitter:card\" content=\"summary_large_image\" \/>\n<meta name=\"twitter:label1\" content=\"Written by\" \/>\n\t<meta name=\"twitter:data1\" content=\"Anil Jhalli\" \/>\n\t<meta name=\"twitter:label2\" content=\"Est. reading time\" \/>\n\t<meta name=\"twitter:data2\" content=\"3 minutes\" \/>\n<script type=\"application\/ld+json\" class=\"yoast-schema-graph\">{\"@context\":\"https:\\\/\\\/schema.org\",\"@graph\":[{\"@type\":\"Article\",\"@id\":\"https:\\\/\\\/visionrockland.ca\\\/en\\\/politique\\\/lelargissement-de-la-route-17-doit-etre-un-enjeu-electoral-provincial-maire-zanth\\\/#article\",\"isPartOf\":{\"@id\":\"https:\\\/\\\/visionrockland.ca\\\/en\\\/politique\\\/lelargissement-de-la-route-17-doit-etre-un-enjeu-electoral-provincial-maire-zanth\\\/\"},\"author\":{\"name\":\"Anil Jhalli\",\"@id\":\"https:\\\/\\\/visionrockland.ca\\\/en\\\/#\\\/schema\\\/person\\\/a09095fdf65e09e747105760fe90175c\"},\"headline\":\"L&#8217;\u00e9largissement de la route 17 doit \u00eatre un enjeu \u00e9lectoral provincial : Maire Zanth\",\"datePublished\":\"2025-02-13T15:40:36+00:00\",\"dateModified\":\"2026-02-17T19:51:33+00:00\",\"mainEntityOfPage\":{\"@id\":\"https:\\\/\\\/visionrockland.ca\\\/en\\\/politique\\\/lelargissement-de-la-route-17-doit-etre-un-enjeu-electoral-provincial-maire-zanth\\\/\"},\"wordCount\":583,\"image\":{\"@id\":\"https:\\\/\\\/visionrockland.ca\\\/en\\\/politique\\\/lelargissement-de-la-route-17-doit-etre-un-enjeu-electoral-provincial-maire-zanth\\\/#primaryimage\"},\"thumbnailUrl\":\"https:\\\/\\\/cdn.editionap.ca\\\/wp-content\\\/uploads\\\/sites\\\/3\\\/2024\\\/01\\\/638048928971625087_Final.jpg\",\"articleSection\":[\"Politique\"],\"inLanguage\":\"en-US\"},{\"@type\":\"WebPage\",\"@id\":\"https:\\\/\\\/visionrockland.ca\\\/en\\\/politique\\\/lelargissement-de-la-route-17-doit-etre-un-enjeu-electoral-provincial-maire-zanth\\\/\",\"url\":\"https:\\\/\\\/visionrockland.ca\\\/en\\\/politique\\\/lelargissement-de-la-route-17-doit-etre-un-enjeu-electoral-provincial-maire-zanth\\\/\",\"name\":\"L'\u00e9largissement de la route 17 doit \u00eatre un enjeu \u00e9lectoral provincial : Maire Zanth - Vision\",\"isPartOf\":{\"@id\":\"https:\\\/\\\/visionrockland.ca\\\/en\\\/#website\"},\"primaryImageOfPage\":{\"@id\":\"https:\\\/\\\/visionrockland.ca\\\/en\\\/politique\\\/lelargissement-de-la-route-17-doit-etre-un-enjeu-electoral-provincial-maire-zanth\\\/#primaryimage\"},\"image\":{\"@id\":\"https:\\\/\\\/visionrockland.ca\\\/en\\\/politique\\\/lelargissement-de-la-route-17-doit-etre-un-enjeu-electoral-provincial-maire-zanth\\\/#primaryimage\"},\"thumbnailUrl\":\"https:\\\/\\\/cdn.editionap.ca\\\/wp-content\\\/uploads\\\/sites\\\/3\\\/2024\\\/01\\\/638048928971625087_Final.jpg\",\"datePublished\":\"2025-02-13T15:40:36+00:00\",\"dateModified\":\"2026-02-17T19:51:33+00:00\",\"author\":{\"@id\":\"https:\\\/\\\/visionrockland.ca\\\/en\\\/#\\\/schema\\\/person\\\/a09095fdf65e09e747105760fe90175c\"},\"breadcrumb\":{\"@id\":\"https:\\\/\\\/visionrockland.ca\\\/en\\\/politique\\\/lelargissement-de-la-route-17-doit-etre-un-enjeu-electoral-provincial-maire-zanth\\\/#breadcrumb\"},\"inLanguage\":\"en-US\",\"potentialAction\":[{\"@type\":\"ReadAction\",\"target\":[\"https:\\\/\\\/visionrockland.ca\\\/en\\\/politique\\\/lelargissement-de-la-route-17-doit-etre-un-enjeu-electoral-provincial-maire-zanth\\\/\"]}]},{\"@type\":\"ImageObject\",\"inLanguage\":\"en-US\",\"@id\":\"https:\\\/\\\/visionrockland.ca\\\/en\\\/politique\\\/lelargissement-de-la-route-17-doit-etre-un-enjeu-electoral-provincial-maire-zanth\\\/#primaryimage\",\"url\":\"https:\\\/\\\/cdn.editionap.ca\\\/wp-content\\\/uploads\\\/sites\\\/3\\\/2024\\\/01\\\/638048928971625087_Final.jpg\",\"contentUrl\":\"https:\\\/\\\/cdn.editionap.ca\\\/wp-content\\\/uploads\\\/sites\\\/3\\\/2024\\\/01\\\/638048928971625087_Final.jpg\",\"width\":640,\"height\":480,\"caption\":\"Le maire de Clarence-Rockland, Mario Zanth.\"},{\"@type\":\"BreadcrumbList\",\"@id\":\"https:\\\/\\\/visionrockland.ca\\\/en\\\/politique\\\/lelargissement-de-la-route-17-doit-etre-un-enjeu-electoral-provincial-maire-zanth\\\/#breadcrumb\",\"itemListElement\":[{\"@type\":\"ListItem\",\"position\":1,\"name\":\"Accueil\",\"item\":\"https:\\\/\\\/visionrockland.ca\\\/en\\\/\"},{\"@type\":\"ListItem\",\"position\":2,\"name\":\"L&rsquo;\u00e9largissement de la route 17 doit \u00eatre un enjeu \u00e9lectoral provincial : Maire Zanth\"}]},{\"@type\":\"WebSite\",\"@id\":\"https:\\\/\\\/visionrockland.ca\\\/en\\\/#website\",\"url\":\"https:\\\/\\\/visionrockland.ca\\\/en\\\/\",\"name\":\"Vision\",\"description\":\"\",\"potentialAction\":[{\"@type\":\"SearchAction\",\"target\":{\"@type\":\"EntryPoint\",\"urlTemplate\":\"https:\\\/\\\/visionrockland.ca\\\/en\\\/?s={search_term_string}\"},\"query-input\":{\"@type\":\"PropertyValueSpecification\",\"valueRequired\":true,\"valueName\":\"search_term_string\"}}],\"inLanguage\":\"en-US\"},{\"@type\":\"Person\",\"@id\":\"https:\\\/\\\/visionrockland.ca\\\/en\\\/#\\\/schema\\\/person\\\/a09095fdf65e09e747105760fe90175c\",\"name\":\"Anil Jhalli\",\"image\":{\"@type\":\"ImageObject\",\"inLanguage\":\"en-US\",\"@id\":\"https:\\\/\\\/secure.gravatar.com\\\/avatar\\\/63becc64fff8877a05400459aa003b94a1fdc8d3954acacc688ee6a2bc39fef8?s=96&d=mm&r=g\",\"url\":\"https:\\\/\\\/secure.gravatar.com\\\/avatar\\\/63becc64fff8877a05400459aa003b94a1fdc8d3954acacc688ee6a2bc39fef8?s=96&d=mm&r=g\",\"contentUrl\":\"https:\\\/\\\/secure.gravatar.com\\\/avatar\\\/63becc64fff8877a05400459aa003b94a1fdc8d3954acacc688ee6a2bc39fef8?s=96&d=mm&r=g\",\"caption\":\"Anil Jhalli\"}}]}<\/script>\n<!-- \/ Yoast SEO plugin. -->","yoast_head_json":{"title":"L'\u00e9largissement de la route 17 doit \u00eatre un enjeu \u00e9lectoral provincial : Maire Zanth - Vision","robots":{"index":"index","follow":"follow","max-snippet":"max-snippet:-1","max-image-preview":"max-image-preview:large","max-video-preview":"max-video-preview:-1"},"canonical":"https:\/\/visionrockland.ca\/en\/politique\/lelargissement-de-la-route-17-doit-etre-un-enjeu-electoral-provincial-maire-zanth\/","og_locale":"en_US","og_type":"article","og_title":"L'\u00e9largissement de la route 17 doit \u00eatre un enjeu \u00e9lectoral provincial : Maire Zanth - Vision","og_description":"Depuis des d\u00e9cennies, les \u00e9lus municipaux des Comt\u00e9s unis de Prescott et Russell (CUPR) r\u00e9clament aupr\u00e8s du gouvernement provincial l\u2019\u00e9largissement de l\u2019autoroute 17, passant de deux \u00e0 quatre voies.\u00a0 Aujourd\u2019hui, le maire de Clarence-Rockland, Mario Zanth, appelle les candidats aux \u00e9lections provinciales \u00e0 faire de l\u2019\u00e9largissement de l\u2019autoroute 17 une priorit\u00e9.\u00a0 \u00ab Depuis 22 ans, [&hellip;]","og_url":"https:\/\/visionrockland.ca\/en\/politique\/lelargissement-de-la-route-17-doit-etre-un-enjeu-electoral-provincial-maire-zanth\/","og_site_name":"Vision","article_published_time":"2025-02-13T15:40:36+00:00","article_modified_time":"2026-02-17T19:51:33+00:00","og_image":[{"width":640,"height":480,"url":"https:\/\/cdn.editionap.ca\/wp-content\/uploads\/sites\/3\/2024\/01\/638048928971625087_Final.jpg","type":"image\/jpeg"}],"author":"Anil Jhalli","twitter_card":"summary_large_image","twitter_misc":{"Written by":"Anil Jhalli","Est. reading time":"3 minutes"},"schema":{"@context":"https:\/\/schema.org","@graph":[{"@type":"Article","@id":"https:\/\/visionrockland.ca\/en\/politique\/lelargissement-de-la-route-17-doit-etre-un-enjeu-electoral-provincial-maire-zanth\/#article","isPartOf":{"@id":"https:\/\/visionrockland.ca\/en\/politique\/lelargissement-de-la-route-17-doit-etre-un-enjeu-electoral-provincial-maire-zanth\/"},"author":{"name":"Anil Jhalli","@id":"https:\/\/visionrockland.ca\/en\/#\/schema\/person\/a09095fdf65e09e747105760fe90175c"},"headline":"L&#8217;\u00e9largissement de la route 17 doit \u00eatre un enjeu \u00e9lectoral provincial : Maire Zanth","datePublished":"2025-02-13T15:40:36+00:00","dateModified":"2026-02-17T19:51:33+00:00","mainEntityOfPage":{"@id":"https:\/\/visionrockland.ca\/en\/politique\/lelargissement-de-la-route-17-doit-etre-un-enjeu-electoral-provincial-maire-zanth\/"},"wordCount":583,"image":{"@id":"https:\/\/visionrockland.ca\/en\/politique\/lelargissement-de-la-route-17-doit-etre-un-enjeu-electoral-provincial-maire-zanth\/#primaryimage"},"thumbnailUrl":"https:\/\/cdn.editionap.ca\/wp-content\/uploads\/sites\/3\/2024\/01\/638048928971625087_Final.jpg","articleSection":["Politique"],"inLanguage":"en-US"},{"@type":"WebPage","@id":"https:\/\/visionrockland.ca\/en\/politique\/lelargissement-de-la-route-17-doit-etre-un-enjeu-electoral-provincial-maire-zanth\/","url":"https:\/\/visionrockland.ca\/en\/politique\/lelargissement-de-la-route-17-doit-etre-un-enjeu-electoral-provincial-maire-zanth\/","name":"L'\u00e9largissement de la route 17 doit \u00eatre un enjeu \u00e9lectoral provincial : Maire Zanth - Vision","isPartOf":{"@id":"https:\/\/visionrockland.ca\/en\/#website"},"primaryImageOfPage":{"@id":"https:\/\/visionrockland.ca\/en\/politique\/lelargissement-de-la-route-17-doit-etre-un-enjeu-electoral-provincial-maire-zanth\/#primaryimage"},"image":{"@id":"https:\/\/visionrockland.ca\/en\/politique\/lelargissement-de-la-route-17-doit-etre-un-enjeu-electoral-provincial-maire-zanth\/#primaryimage"},"thumbnailUrl":"https:\/\/cdn.editionap.ca\/wp-content\/uploads\/sites\/3\/2024\/01\/638048928971625087_Final.jpg","datePublished":"2025-02-13T15:40:36+00:00","dateModified":"2026-02-17T19:51:33+00:00","author":{"@id":"https:\/\/visionrockland.ca\/en\/#\/schema\/person\/a09095fdf65e09e747105760fe90175c"},"breadcrumb":{"@id":"https:\/\/visionrockland.ca\/en\/politique\/lelargissement-de-la-route-17-doit-etre-un-enjeu-electoral-provincial-maire-zanth\/#breadcrumb"},"inLanguage":"en-US","potentialAction":[{"@type":"ReadAction","target":["https:\/\/visionrockland.ca\/en\/politique\/lelargissement-de-la-route-17-doit-etre-un-enjeu-electoral-provincial-maire-zanth\/"]}]},{"@type":"ImageObject","inLanguage":"en-US","@id":"https:\/\/visionrockland.ca\/en\/politique\/lelargissement-de-la-route-17-doit-etre-un-enjeu-electoral-provincial-maire-zanth\/#primaryimage","url":"https:\/\/cdn.editionap.ca\/wp-content\/uploads\/sites\/3\/2024\/01\/638048928971625087_Final.jpg","contentUrl":"https:\/\/cdn.editionap.ca\/wp-content\/uploads\/sites\/3\/2024\/01\/638048928971625087_Final.jpg","width":640,"height":480,"caption":"Le maire de Clarence-Rockland, Mario Zanth."},{"@type":"BreadcrumbList","@id":"https:\/\/visionrockland.ca\/en\/politique\/lelargissement-de-la-route-17-doit-etre-un-enjeu-electoral-provincial-maire-zanth\/#breadcrumb","itemListElement":[{"@type":"ListItem","position":1,"name":"Accueil","item":"https:\/\/visionrockland.ca\/en\/"},{"@type":"ListItem","position":2,"name":"L&rsquo;\u00e9largissement de la route 17 doit \u00eatre un enjeu \u00e9lectoral provincial : Maire Zanth"}]},{"@type":"WebSite","@id":"https:\/\/visionrockland.ca\/en\/#website","url":"https:\/\/visionrockland.ca\/en\/","name":"Vision","description":"","potentialAction":[{"@type":"SearchAction","target":{"@type":"EntryPoint","urlTemplate":"https:\/\/visionrockland.ca\/en\/?s={search_term_string}"},"query-input":{"@type":"PropertyValueSpecification","valueRequired":true,"valueName":"search_term_string"}}],"inLanguage":"en-US"},{"@type":"Person","@id":"https:\/\/visionrockland.ca\/en\/#\/schema\/person\/a09095fdf65e09e747105760fe90175c","name":"Anil Jhalli","image":{"@type":"ImageObject","inLanguage":"en-US","@id":"https:\/\/secure.gravatar.com\/avatar\/63becc64fff8877a05400459aa003b94a1fdc8d3954acacc688ee6a2bc39fef8?s=96&d=mm&r=g","url":"https:\/\/secure.gravatar.com\/avatar\/63becc64fff8877a05400459aa003b94a1fdc8d3954acacc688ee6a2bc39fef8?s=96&d=mm&r=g","contentUrl":"https:\/\/secure.gravatar.com\/avatar\/63becc64fff8877a05400459aa003b94a1fdc8d3954acacc688ee6a2bc39fef8?s=96&d=mm&r=g","caption":"Anil Jhalli"}}]}},"_links":{"self":[{"href":"https:\/\/visionrockland.ca\/en\/wp-json\/wp\/v2\/posts\/105016","targetHints":{"allow":["GET"]}}],"collection":[{"href":"https:\/\/visionrockland.ca\/en\/wp-json\/wp\/v2\/posts"}],"about":[{"href":"https:\/\/visionrockland.ca\/en\/wp-json\/wp\/v2\/types\/post"}],"author":[{"embeddable":true,"href":"https:\/\/visionrockland.ca\/en\/wp-json\/wp\/v2\/users\/27"}],"replies":[{"embeddable":true,"href":"https:\/\/visionrockland.ca\/en\/wp-json\/wp\/v2\/comments?post=105016"}],"version-history":[{"count":1,"href":"https:\/\/visionrockland.ca\/en\/wp-json\/wp\/v2\/posts\/105016\/revisions"}],"predecessor-version":[{"id":132378,"href":"https:\/\/visionrockland.ca\/en\/wp-json\/wp\/v2\/posts\/105016\/revisions\/132378"}],"wp:featuredmedia":[{"embeddable":true,"href":"https:\/\/visionrockland.ca\/en\/wp-json\/wp\/v2\/media\/98857"}],"wp:attachment":[{"href":"https:\/\/visionrockland.ca\/en\/wp-json\/wp\/v2\/media?parent=105016"}],"wp:term":[{"taxonomy":"category","embeddable":true,"href":"https:\/\/visionrockland.ca\/en\/wp-json\/wp\/v2\/categories?post=105016"},{"taxonomy":"post_tag","embeddable":true,"href":"https:\/\/visionrockland.ca\/en\/wp-json\/wp\/v2\/tags?post=105016"}],"curies":[{"name":"wp","href":"https:\/\/api.w.org\/{rel}","templated":true}]}}