{"id":104952,"date":"2025-02-10T14:34:56","date_gmt":"2025-02-10T19:34:56","guid":{"rendered":"https:\/\/editionap.ca\/?p=104952"},"modified":"2026-02-17T20:51:33","modified_gmt":"2026-02-17T19:51:33","slug":"une-activiste-environnementale-pratique-nommee-candidate-du-parti-vert-pour-glengarry-prescott-russell","status":"publish","type":"post","link":"https:\/\/visionrockland.ca\/en\/politique\/une-activiste-environnementale-pratique-nommee-candidate-du-parti-vert-pour-glengarry-prescott-russell\/","title":{"rendered":"Une \u00ab activiste environnementale pratique \u00bb nomm\u00e9e candidate du Parti vert pour Glengarry-Prescott-Russell"},"content":{"rendered":"<p><b><span data-contrast=\"none\">Un r\u00e9sident de Hawkesbury-Est repr\u00e9sentera le Parti vert alors que les Ontariens se rendront aux urnes un an et demi plus t\u00f4t que pr\u00e9vu.<\/span><\/b><span data-ccp-props=\"{&quot;201341983&quot;:0,&quot;335551550&quot;:6,&quot;335551620&quot;:6,&quot;335559739&quot;:0,&quot;335559740&quot;:288}\">\u00a0<\/span><\/p>\n<p><span data-contrast=\"none\">Thaila Riden esp\u00e8re faire passer la circonscription de Glengarry-Prescott-Russell au vert, apr\u00e8s que le premier ministre de l\u2019Ontario, Doug Ford, a d\u00e9clench\u00e9 des \u00e9lections en invoquant la n\u00e9cessit\u00e9 d\u2019un scrutin face \u00e0 la guerre commerciale men\u00e9e par le pr\u00e9sident des \u00c9tats-Unis, Donald Trump, contre le Canada.<\/span><span data-ccp-props=\"{&quot;201341983&quot;:2,&quot;335551550&quot;:6,&quot;335551620&quot;:6,&quot;335559731&quot;:240,&quot;335559739&quot;:0,&quot;335559740&quot;:240}\">\u00a0<\/span><\/p>\n<p><span data-contrast=\"none\">Ford cherche \u00e0 obtenir un troisi\u00e8me mandat majoritaire cons\u00e9cutif pour son Parti progressiste-conservateur (PC), apr\u00e8s des victoires \u00e9crasantes en 2018 et 2022. Il a d\u00e9clar\u00e9 vouloir obtenir \u00ab le plus grand mandat de l\u2019histoire de l\u2019Ontario \u00bb lors du scrutin de f\u00e9vrier.<\/span><span data-ccp-props=\"{&quot;201341983&quot;:2,&quot;335551550&quot;:6,&quot;335551620&quot;:6,&quot;335559731&quot;:240,&quot;335559739&quot;:0,&quot;335559740&quot;:240}\">\u00a0<\/span><\/p>\n<p><span data-contrast=\"none\">\u00ab Thaila est un d\u00e9fenseur d\u00e9termin\u00e9 de l\u2019environnement et un membre actif de sa communaut\u00e9 \u00bb, a d\u00e9clar\u00e9 Mike Schreiner, chef du Parti vert de l\u2019Ontario. \u00ab Il comprend les enjeux et pr\u00e9occupations qui pr\u00e9occupent les citoyens de la r\u00e9gion, et je sais qu\u2019il sera une voix forte pour Glengarry-Prescott-Russell \u00e0 Queen\u2019s Park. \u00bb<\/span><span data-ccp-props=\"{&quot;201341983&quot;:2,&quot;335551550&quot;:6,&quot;335551620&quot;:6,&quot;335559731&quot;:240,&quot;335559739&quot;:0,&quot;335559740&quot;:240}\">\u00a0<\/span><\/p>\n<p><span data-contrast=\"none\">Pr\u00e9sent\u00e9 comme un \u00ab activiste environnemental engag\u00e9 \u00bb, Riden est l\u2019un des trois candidats qui figureront sur le bulletin de vote dans la circonscription de Glengarry-Prescott-Russell \u00e0 la fin du mois.<\/span><span data-ccp-props=\"{&quot;201341983&quot;:2,&quot;335551550&quot;:6,&quot;335551620&quot;:6,&quot;335559731&quot;:240,&quot;335559739&quot;:0,&quot;335559740&quot;:240}\">\u00a0<\/span><\/p>\n<p><span data-contrast=\"none\">Le candidat progressiste-conservateur, St\u00e9phane Sarrazin, qui a \u00e9t\u00e9 \u00e9lu d\u00e9put\u00e9 provincial (MPP) pour la circonscription en 2022, brigue un second mandat. Ancien maire d\u2019Alfred et Plantagenet et pr\u00e9fet des Comt\u00e9s unis de Prescott et Russell, Sarrazin occupe depuis le 28 mars 2024 les fonctions de secr\u00e9taire parlementaire du ministre associ\u00e9 aux Petites entreprises et de secr\u00e9taire parlementaire du ministre des Affaires francophones.<\/span><span data-ccp-props=\"{&quot;201341983&quot;:2,&quot;335551550&quot;:6,&quot;335551620&quot;:6,&quot;335559731&quot;:240,&quot;335559739&quot;:0,&quot;335559740&quot;:240}\">\u00a0<\/span><\/p>\n<p><span data-contrast=\"none\">Le Parti lib\u00e9ral de l\u2019Ontario pr\u00e9sente Trevor Stewart, un conseiller municipal de Clarence-Rockland, comme candidat dans la circonscription.<\/span><span data-ccp-props=\"{&quot;201341983&quot;:2,&quot;335551550&quot;:6,&quot;335551620&quot;:6,&quot;335559731&quot;:240,&quot;335559739&quot;:0,&quot;335559740&quot;:240}\">\u00a0<\/span><\/p>\n<p><span data-contrast=\"none\">Un programme ax\u00e9 sur l\u2019environnement et les communaut\u00e9s rurales<\/span><span data-ccp-props=\"{&quot;201341983&quot;:2,&quot;335551550&quot;:2,&quot;335551620&quot;:2,&quot;335559731&quot;:0,&quot;335559739&quot;:0,&quot;335559740&quot;:240}\">\u00a0<\/span><\/p>\n<p><span data-contrast=\"none\">\u00ab Nous devons travailler ensemble pour prot\u00e9ger les ressources naturelles, les habitats et les terres agricoles de notre r\u00e9gion \u00bb, a affirm\u00e9 Riden. \u00ab Le gouvernement Ford continue de n\u00e9gliger les communaut\u00e9s rurales comme la n\u00f4tre, pr\u00e9f\u00e9rant se concentrer sur des mesures superficielles comme les ch\u00e8ques de remboursement et l\u2019\u00e9limination des pistes cyclables. Je veux proposer des solutions pratiques qui r\u00e9pondent aux pr\u00e9occupations de nos citoyens et apportent de r\u00e9els avantages, tout en d\u00e9fendant les personnes et les endroits que nous aimons. \u00bb<\/span><span data-ccp-props=\"{&quot;201341983&quot;:2,&quot;335551550&quot;:6,&quot;335551620&quot;:6,&quot;335559731&quot;:240,&quot;335559739&quot;:0,&quot;335559740&quot;:240}\">\u00a0<\/span><\/p>\n<p><span data-contrast=\"none\">Riden a converti une partie de son terrain en jardin communautaire et a aid\u00e9 l\u2019entreprise locale Beau\u2019s Brewery \u00e0 obtenir la certification B-Corp. Il a \u00e9galement repr\u00e9sent\u00e9 le Parti vert de l\u2019Ontario lors des \u00e9lections provinciales de 2022.<\/span><span data-ccp-props=\"{&quot;201341983&quot;:2,&quot;335551550&quot;:6,&quot;335551620&quot;:6,&quot;335559731&quot;:240,&quot;335559739&quot;:0,&quot;335559740&quot;:240}\">\u00a0<\/span><\/p>\n<p><span data-contrast=\"none\">Il si\u00e8ge au conseil d\u2019administration de la Soci\u00e9t\u00e9 de la nature de Vankleek Hill et est pr\u00e9sident de l\u2019OBNL ECO East, o\u00f9 il participe \u00e0 des projets communautaires tels que l\u2019\u00e9laboration d\u2019un plan r\u00e9gional d\u2019action climatique.<\/span><span data-ccp-props=\"{&quot;201341983&quot;:2,&quot;335551550&quot;:6,&quot;335551620&quot;:6,&quot;335559731&quot;:240,&quot;335559739&quot;:0,&quot;335559740&quot;:240}\">\u00a0<\/span><\/p>\n<p><span data-contrast=\"none\">\u00ab Nous avions entendu des rumeurs d\u2019\u00e9lections anticip\u00e9es d\u00e8s le mois de juillet \u00bb, a confi\u00e9 Riden lors d\u2019une entrevue avec The Vision. \u00ab Notre parti ne pense pas que ce soit le bon moment pour une \u00e9lection\u2014Ford a d\u00e9j\u00e0 une majorit\u00e9. Mais il a sans doute jug\u00e9 avoir de bonnes raisons de convoquer un scrutin, avec les tarifs douaniers impos\u00e9s par Trump et d\u2019autres \u00e9v\u00e9nements comme la d\u00e9mission de (Justin) Trudeau. \u00bb<\/span><span data-ccp-props=\"{&quot;201341983&quot;:2,&quot;335551550&quot;:6,&quot;335551620&quot;:6,&quot;335559731&quot;:240,&quot;335559739&quot;:0,&quot;335559740&quot;:240}\">\u00a0<\/span><\/p>\n<p><span data-contrast=\"none\">Riden a pr\u00e9cis\u00e9 que les Verts de l\u2019Ontario ont un plan pour r\u00e9pondre \u00e0 la crise des soins de sant\u00e9, en recrutant plus de 3 500 professionnels de la sant\u00e9 afin de garantir que tous les Ontariens aient acc\u00e8s \u00e0 un m\u00e9decin de famille dans les trois \u00e0 cinq prochaines ann\u00e9es. Il a \u00e9galement affirm\u00e9 que son parti souhaite construire des logements abordables \u00e0 travers la province, tout en soutenant les agriculteurs par la mise en place d\u2019une ceinture alimentaire.<\/span><span data-ccp-props=\"{&quot;201341983&quot;:2,&quot;335551550&quot;:6,&quot;335551620&quot;:6,&quot;335559731&quot;:240,&quot;335559739&quot;:0,&quot;335559740&quot;:240}\">\u00a0<\/span><\/p>\n<p><span data-contrast=\"none\">Le Parti vert de l\u2019Ontario propose \u00e9galement d\u2019int\u00e9grer le programme ALUS au niveau provincial pour aider les agriculteurs. ALUS est reconnu depuis longtemps pour son soutien aux agriculteurs et aux \u00e9leveurs dans l\u2019adoption de solutions bas\u00e9es sur la nature, favorisant ainsi une agriculture durable et la pr\u00e9servation de la biodiversit\u00e9 pour le bien des collectivit\u00e9s et des g\u00e9n\u00e9rations futures.<\/span><span data-ccp-props=\"{&quot;201341983&quot;:2,&quot;335551550&quot;:6,&quot;335551620&quot;:6,&quot;335559731&quot;:240,&quot;335559739&quot;:0,&quot;335559740&quot;:240}\">\u00a0<\/span><\/p>\n<p><span data-contrast=\"none\">\u00ab C\u2019est comme \u00e7a \u00bb, a conclu Riden au sujet des \u00e9lections hivernales. \u00ab Nous devons aller sur le terrain, parler aux gens et leur pr\u00e9senter toutes les options pour qu\u2019ils prennent une d\u00e9cision \u00e9clair\u00e9e. \u00bb<\/span><span data-ccp-props=\"{&quot;201341983&quot;:2,&quot;335551550&quot;:6,&quot;335551620&quot;:6,&quot;335559731&quot;:240,&quot;335559739&quot;:0,&quot;335559740&quot;:240}\">\u00a0<\/span><\/p>\n","protected":false},"excerpt":{"rendered":"<p>Un r\u00e9sident de Hawkesbury-Est repr\u00e9sentera le Parti vert alors que les Ontariens se rendront aux urnes un an et demi plus t\u00f4t que pr\u00e9vu.\u00a0 Thaila Riden esp\u00e8re faire passer la circonscription de Glengarry-Prescott-Russell au vert, apr\u00e8s que le premier ministre de l\u2019Ontario, Doug Ford, a d\u00e9clench\u00e9 des \u00e9lections en invoquant la n\u00e9cessit\u00e9 d\u2019un scrutin face [&hellip;]<\/p>\n","protected":false},"author":27,"featured_media":104953,"comment_status":"closed","ping_status":"open","sticky":false,"template":"","format":"standard","meta":{"_acf_changed":false,"footnotes":""},"categories":[44],"tags":[],"class_list":["post-104952","post","type-post","status-publish","format-standard","has-post-thumbnail","hentry","category-politique"],"acf":[],"featured_media_global":[],"yoast_head":"<!-- This site is optimized with the Yoast SEO plugin v27.4 - https:\/\/yoast.com\/product\/yoast-seo-wordpress\/ -->\n<title>Une \u00ab activiste environnementale pratique \u00bb nomm\u00e9e candidate du Parti vert pour Glengarry-Prescott-Russell - Vision<\/title>\n<meta name=\"robots\" content=\"index, follow, max-snippet:-1, max-image-preview:large, max-video-preview:-1\" \/>\n<link rel=\"canonical\" href=\"https:\/\/visionrockland.ca\/en\/politique\/une-activiste-environnementale-pratique-nommee-candidate-du-parti-vert-pour-glengarry-prescott-russell\/\" \/>\n<meta property=\"og:locale\" content=\"en_US\" \/>\n<meta property=\"og:type\" content=\"article\" \/>\n<meta property=\"og:title\" content=\"Une \u00ab activiste environnementale pratique \u00bb nomm\u00e9e candidate du Parti vert pour Glengarry-Prescott-Russell - Vision\" \/>\n<meta property=\"og:description\" content=\"Un r\u00e9sident de Hawkesbury-Est repr\u00e9sentera le Parti vert alors que les Ontariens se rendront aux urnes un an et demi plus t\u00f4t que pr\u00e9vu.\u00a0 Thaila Riden esp\u00e8re faire passer la circonscription de Glengarry-Prescott-Russell au vert, apr\u00e8s que le premier ministre de l\u2019Ontario, Doug Ford, a d\u00e9clench\u00e9 des \u00e9lections en invoquant la n\u00e9cessit\u00e9 d\u2019un scrutin face [&hellip;]\" \/>\n<meta property=\"og:url\" content=\"https:\/\/visionrockland.ca\/en\/politique\/une-activiste-environnementale-pratique-nommee-candidate-du-parti-vert-pour-glengarry-prescott-russell\/\" \/>\n<meta property=\"og:site_name\" content=\"Vision\" \/>\n<meta property=\"article:published_time\" content=\"2025-02-10T19:34:56+00:00\" \/>\n<meta property=\"article:modified_time\" content=\"2026-02-17T19:51:33+00:00\" \/>\n<meta property=\"og:image\" content=\"https:\/\/cdn.editionap.ca\/wp-content\/uploads\/sites\/3\/2025\/02\/Thalia-Riden.png\" \/>\n\t<meta property=\"og:image:width\" content=\"712\" \/>\n\t<meta property=\"og:image:height\" content=\"718\" \/>\n\t<meta property=\"og:image:type\" content=\"image\/png\" \/>\n<meta name=\"author\" content=\"Anil Jhalli\" \/>\n<meta name=\"twitter:card\" content=\"summary_large_image\" \/>\n<meta name=\"twitter:label1\" content=\"Written by\" \/>\n\t<meta name=\"twitter:data1\" content=\"Anil Jhalli\" \/>\n\t<meta name=\"twitter:label2\" content=\"Est. reading time\" \/>\n\t<meta name=\"twitter:data2\" content=\"4 minutes\" \/>\n<script type=\"application\/ld+json\" class=\"yoast-schema-graph\">{\"@context\":\"https:\\\/\\\/schema.org\",\"@graph\":[{\"@type\":\"Article\",\"@id\":\"https:\\\/\\\/visionrockland.ca\\\/en\\\/politique\\\/une-activiste-environnementale-pratique-nommee-candidate-du-parti-vert-pour-glengarry-prescott-russell\\\/#article\",\"isPartOf\":{\"@id\":\"https:\\\/\\\/visionrockland.ca\\\/en\\\/politique\\\/une-activiste-environnementale-pratique-nommee-candidate-du-parti-vert-pour-glengarry-prescott-russell\\\/\"},\"author\":{\"name\":\"Anil Jhalli\",\"@id\":\"https:\\\/\\\/visionrockland.ca\\\/en\\\/#\\\/schema\\\/person\\\/a09095fdf65e09e747105760fe90175c\"},\"headline\":\"Une \u00ab activiste environnementale pratique \u00bb nomm\u00e9e candidate du Parti vert pour Glengarry-Prescott-Russell\",\"datePublished\":\"2025-02-10T19:34:56+00:00\",\"dateModified\":\"2026-02-17T19:51:33+00:00\",\"mainEntityOfPage\":{\"@id\":\"https:\\\/\\\/visionrockland.ca\\\/en\\\/politique\\\/une-activiste-environnementale-pratique-nommee-candidate-du-parti-vert-pour-glengarry-prescott-russell\\\/\"},\"wordCount\":765,\"image\":{\"@id\":\"https:\\\/\\\/visionrockland.ca\\\/en\\\/politique\\\/une-activiste-environnementale-pratique-nommee-candidate-du-parti-vert-pour-glengarry-prescott-russell\\\/#primaryimage\"},\"thumbnailUrl\":\"https:\\\/\\\/cdn.editionap.ca\\\/wp-content\\\/uploads\\\/sites\\\/3\\\/2025\\\/02\\\/Thalia-Riden.png\",\"articleSection\":[\"Politique\"],\"inLanguage\":\"en-US\"},{\"@type\":\"WebPage\",\"@id\":\"https:\\\/\\\/visionrockland.ca\\\/en\\\/politique\\\/une-activiste-environnementale-pratique-nommee-candidate-du-parti-vert-pour-glengarry-prescott-russell\\\/\",\"url\":\"https:\\\/\\\/visionrockland.ca\\\/en\\\/politique\\\/une-activiste-environnementale-pratique-nommee-candidate-du-parti-vert-pour-glengarry-prescott-russell\\\/\",\"name\":\"Une \u00ab activiste environnementale pratique \u00bb nomm\u00e9e candidate du Parti vert pour Glengarry-Prescott-Russell - Vision\",\"isPartOf\":{\"@id\":\"https:\\\/\\\/visionrockland.ca\\\/en\\\/#website\"},\"primaryImageOfPage\":{\"@id\":\"https:\\\/\\\/visionrockland.ca\\\/en\\\/politique\\\/une-activiste-environnementale-pratique-nommee-candidate-du-parti-vert-pour-glengarry-prescott-russell\\\/#primaryimage\"},\"image\":{\"@id\":\"https:\\\/\\\/visionrockland.ca\\\/en\\\/politique\\\/une-activiste-environnementale-pratique-nommee-candidate-du-parti-vert-pour-glengarry-prescott-russell\\\/#primaryimage\"},\"thumbnailUrl\":\"https:\\\/\\\/cdn.editionap.ca\\\/wp-content\\\/uploads\\\/sites\\\/3\\\/2025\\\/02\\\/Thalia-Riden.png\",\"datePublished\":\"2025-02-10T19:34:56+00:00\",\"dateModified\":\"2026-02-17T19:51:33+00:00\",\"author\":{\"@id\":\"https:\\\/\\\/visionrockland.ca\\\/en\\\/#\\\/schema\\\/person\\\/a09095fdf65e09e747105760fe90175c\"},\"breadcrumb\":{\"@id\":\"https:\\\/\\\/visionrockland.ca\\\/en\\\/politique\\\/une-activiste-environnementale-pratique-nommee-candidate-du-parti-vert-pour-glengarry-prescott-russell\\\/#breadcrumb\"},\"inLanguage\":\"en-US\",\"potentialAction\":[{\"@type\":\"ReadAction\",\"target\":[\"https:\\\/\\\/visionrockland.ca\\\/en\\\/politique\\\/une-activiste-environnementale-pratique-nommee-candidate-du-parti-vert-pour-glengarry-prescott-russell\\\/\"]}]},{\"@type\":\"ImageObject\",\"inLanguage\":\"en-US\",\"@id\":\"https:\\\/\\\/visionrockland.ca\\\/en\\\/politique\\\/une-activiste-environnementale-pratique-nommee-candidate-du-parti-vert-pour-glengarry-prescott-russell\\\/#primaryimage\",\"url\":\"https:\\\/\\\/cdn.editionap.ca\\\/wp-content\\\/uploads\\\/sites\\\/3\\\/2025\\\/02\\\/Thalia-Riden.png\",\"contentUrl\":\"https:\\\/\\\/cdn.editionap.ca\\\/wp-content\\\/uploads\\\/sites\\\/3\\\/2025\\\/02\\\/Thalia-Riden.png\",\"width\":712,\"height\":718,\"caption\":\"Thaila Riden, r\u00e9sidente de Hawkesbury Est, est la candidate du Parti Vert pour les \u00e9lections provinciales de 2025 dans la circonscription de Glengarry-Prescott-Russell.\"},{\"@type\":\"BreadcrumbList\",\"@id\":\"https:\\\/\\\/visionrockland.ca\\\/en\\\/politique\\\/une-activiste-environnementale-pratique-nommee-candidate-du-parti-vert-pour-glengarry-prescott-russell\\\/#breadcrumb\",\"itemListElement\":[{\"@type\":\"ListItem\",\"position\":1,\"name\":\"Accueil\",\"item\":\"https:\\\/\\\/visionrockland.ca\\\/en\\\/\"},{\"@type\":\"ListItem\",\"position\":2,\"name\":\"Une \u00ab activiste environnementale pratique \u00bb nomm\u00e9e candidate du Parti vert pour Glengarry-Prescott-Russell\"}]},{\"@type\":\"WebSite\",\"@id\":\"https:\\\/\\\/visionrockland.ca\\\/en\\\/#website\",\"url\":\"https:\\\/\\\/visionrockland.ca\\\/en\\\/\",\"name\":\"Vision\",\"description\":\"\",\"potentialAction\":[{\"@type\":\"SearchAction\",\"target\":{\"@type\":\"EntryPoint\",\"urlTemplate\":\"https:\\\/\\\/visionrockland.ca\\\/en\\\/?s={search_term_string}\"},\"query-input\":{\"@type\":\"PropertyValueSpecification\",\"valueRequired\":true,\"valueName\":\"search_term_string\"}}],\"inLanguage\":\"en-US\"},{\"@type\":\"Person\",\"@id\":\"https:\\\/\\\/visionrockland.ca\\\/en\\\/#\\\/schema\\\/person\\\/a09095fdf65e09e747105760fe90175c\",\"name\":\"Anil Jhalli\",\"image\":{\"@type\":\"ImageObject\",\"inLanguage\":\"en-US\",\"@id\":\"https:\\\/\\\/secure.gravatar.com\\\/avatar\\\/63becc64fff8877a05400459aa003b94a1fdc8d3954acacc688ee6a2bc39fef8?s=96&d=mm&r=g\",\"url\":\"https:\\\/\\\/secure.gravatar.com\\\/avatar\\\/63becc64fff8877a05400459aa003b94a1fdc8d3954acacc688ee6a2bc39fef8?s=96&d=mm&r=g\",\"contentUrl\":\"https:\\\/\\\/secure.gravatar.com\\\/avatar\\\/63becc64fff8877a05400459aa003b94a1fdc8d3954acacc688ee6a2bc39fef8?s=96&d=mm&r=g\",\"caption\":\"Anil Jhalli\"}}]}<\/script>\n<!-- \/ Yoast SEO plugin. -->","yoast_head_json":{"title":"Une \u00ab activiste environnementale pratique \u00bb nomm\u00e9e candidate du Parti vert pour Glengarry-Prescott-Russell - Vision","robots":{"index":"index","follow":"follow","max-snippet":"max-snippet:-1","max-image-preview":"max-image-preview:large","max-video-preview":"max-video-preview:-1"},"canonical":"https:\/\/visionrockland.ca\/en\/politique\/une-activiste-environnementale-pratique-nommee-candidate-du-parti-vert-pour-glengarry-prescott-russell\/","og_locale":"en_US","og_type":"article","og_title":"Une \u00ab activiste environnementale pratique \u00bb nomm\u00e9e candidate du Parti vert pour Glengarry-Prescott-Russell - Vision","og_description":"Un r\u00e9sident de Hawkesbury-Est repr\u00e9sentera le Parti vert alors que les Ontariens se rendront aux urnes un an et demi plus t\u00f4t que pr\u00e9vu.\u00a0 Thaila Riden esp\u00e8re faire passer la circonscription de Glengarry-Prescott-Russell au vert, apr\u00e8s que le premier ministre de l\u2019Ontario, Doug Ford, a d\u00e9clench\u00e9 des \u00e9lections en invoquant la n\u00e9cessit\u00e9 d\u2019un scrutin face [&hellip;]","og_url":"https:\/\/visionrockland.ca\/en\/politique\/une-activiste-environnementale-pratique-nommee-candidate-du-parti-vert-pour-glengarry-prescott-russell\/","og_site_name":"Vision","article_published_time":"2025-02-10T19:34:56+00:00","article_modified_time":"2026-02-17T19:51:33+00:00","og_image":[{"width":712,"height":718,"url":"https:\/\/cdn.editionap.ca\/wp-content\/uploads\/sites\/3\/2025\/02\/Thalia-Riden.png","type":"image\/png"}],"author":"Anil Jhalli","twitter_card":"summary_large_image","twitter_misc":{"Written by":"Anil Jhalli","Est. reading time":"4 minutes"},"schema":{"@context":"https:\/\/schema.org","@graph":[{"@type":"Article","@id":"https:\/\/visionrockland.ca\/en\/politique\/une-activiste-environnementale-pratique-nommee-candidate-du-parti-vert-pour-glengarry-prescott-russell\/#article","isPartOf":{"@id":"https:\/\/visionrockland.ca\/en\/politique\/une-activiste-environnementale-pratique-nommee-candidate-du-parti-vert-pour-glengarry-prescott-russell\/"},"author":{"name":"Anil Jhalli","@id":"https:\/\/visionrockland.ca\/en\/#\/schema\/person\/a09095fdf65e09e747105760fe90175c"},"headline":"Une \u00ab activiste environnementale pratique \u00bb nomm\u00e9e candidate du Parti vert pour Glengarry-Prescott-Russell","datePublished":"2025-02-10T19:34:56+00:00","dateModified":"2026-02-17T19:51:33+00:00","mainEntityOfPage":{"@id":"https:\/\/visionrockland.ca\/en\/politique\/une-activiste-environnementale-pratique-nommee-candidate-du-parti-vert-pour-glengarry-prescott-russell\/"},"wordCount":765,"image":{"@id":"https:\/\/visionrockland.ca\/en\/politique\/une-activiste-environnementale-pratique-nommee-candidate-du-parti-vert-pour-glengarry-prescott-russell\/#primaryimage"},"thumbnailUrl":"https:\/\/cdn.editionap.ca\/wp-content\/uploads\/sites\/3\/2025\/02\/Thalia-Riden.png","articleSection":["Politique"],"inLanguage":"en-US"},{"@type":"WebPage","@id":"https:\/\/visionrockland.ca\/en\/politique\/une-activiste-environnementale-pratique-nommee-candidate-du-parti-vert-pour-glengarry-prescott-russell\/","url":"https:\/\/visionrockland.ca\/en\/politique\/une-activiste-environnementale-pratique-nommee-candidate-du-parti-vert-pour-glengarry-prescott-russell\/","name":"Une \u00ab activiste environnementale pratique \u00bb nomm\u00e9e candidate du Parti vert pour Glengarry-Prescott-Russell - Vision","isPartOf":{"@id":"https:\/\/visionrockland.ca\/en\/#website"},"primaryImageOfPage":{"@id":"https:\/\/visionrockland.ca\/en\/politique\/une-activiste-environnementale-pratique-nommee-candidate-du-parti-vert-pour-glengarry-prescott-russell\/#primaryimage"},"image":{"@id":"https:\/\/visionrockland.ca\/en\/politique\/une-activiste-environnementale-pratique-nommee-candidate-du-parti-vert-pour-glengarry-prescott-russell\/#primaryimage"},"thumbnailUrl":"https:\/\/cdn.editionap.ca\/wp-content\/uploads\/sites\/3\/2025\/02\/Thalia-Riden.png","datePublished":"2025-02-10T19:34:56+00:00","dateModified":"2026-02-17T19:51:33+00:00","author":{"@id":"https:\/\/visionrockland.ca\/en\/#\/schema\/person\/a09095fdf65e09e747105760fe90175c"},"breadcrumb":{"@id":"https:\/\/visionrockland.ca\/en\/politique\/une-activiste-environnementale-pratique-nommee-candidate-du-parti-vert-pour-glengarry-prescott-russell\/#breadcrumb"},"inLanguage":"en-US","potentialAction":[{"@type":"ReadAction","target":["https:\/\/visionrockland.ca\/en\/politique\/une-activiste-environnementale-pratique-nommee-candidate-du-parti-vert-pour-glengarry-prescott-russell\/"]}]},{"@type":"ImageObject","inLanguage":"en-US","@id":"https:\/\/visionrockland.ca\/en\/politique\/une-activiste-environnementale-pratique-nommee-candidate-du-parti-vert-pour-glengarry-prescott-russell\/#primaryimage","url":"https:\/\/cdn.editionap.ca\/wp-content\/uploads\/sites\/3\/2025\/02\/Thalia-Riden.png","contentUrl":"https:\/\/cdn.editionap.ca\/wp-content\/uploads\/sites\/3\/2025\/02\/Thalia-Riden.png","width":712,"height":718,"caption":"Thaila Riden, r\u00e9sidente de Hawkesbury Est, est la candidate du Parti Vert pour les \u00e9lections provinciales de 2025 dans la circonscription de Glengarry-Prescott-Russell."},{"@type":"BreadcrumbList","@id":"https:\/\/visionrockland.ca\/en\/politique\/une-activiste-environnementale-pratique-nommee-candidate-du-parti-vert-pour-glengarry-prescott-russell\/#breadcrumb","itemListElement":[{"@type":"ListItem","position":1,"name":"Accueil","item":"https:\/\/visionrockland.ca\/en\/"},{"@type":"ListItem","position":2,"name":"Une \u00ab activiste environnementale pratique \u00bb nomm\u00e9e candidate du Parti vert pour Glengarry-Prescott-Russell"}]},{"@type":"WebSite","@id":"https:\/\/visionrockland.ca\/en\/#website","url":"https:\/\/visionrockland.ca\/en\/","name":"Vision","description":"","potentialAction":[{"@type":"SearchAction","target":{"@type":"EntryPoint","urlTemplate":"https:\/\/visionrockland.ca\/en\/?s={search_term_string}"},"query-input":{"@type":"PropertyValueSpecification","valueRequired":true,"valueName":"search_term_string"}}],"inLanguage":"en-US"},{"@type":"Person","@id":"https:\/\/visionrockland.ca\/en\/#\/schema\/person\/a09095fdf65e09e747105760fe90175c","name":"Anil Jhalli","image":{"@type":"ImageObject","inLanguage":"en-US","@id":"https:\/\/secure.gravatar.com\/avatar\/63becc64fff8877a05400459aa003b94a1fdc8d3954acacc688ee6a2bc39fef8?s=96&d=mm&r=g","url":"https:\/\/secure.gravatar.com\/avatar\/63becc64fff8877a05400459aa003b94a1fdc8d3954acacc688ee6a2bc39fef8?s=96&d=mm&r=g","contentUrl":"https:\/\/secure.gravatar.com\/avatar\/63becc64fff8877a05400459aa003b94a1fdc8d3954acacc688ee6a2bc39fef8?s=96&d=mm&r=g","caption":"Anil Jhalli"}}]}},"_links":{"self":[{"href":"https:\/\/visionrockland.ca\/en\/wp-json\/wp\/v2\/posts\/104952","targetHints":{"allow":["GET"]}}],"collection":[{"href":"https:\/\/visionrockland.ca\/en\/wp-json\/wp\/v2\/posts"}],"about":[{"href":"https:\/\/visionrockland.ca\/en\/wp-json\/wp\/v2\/types\/post"}],"author":[{"embeddable":true,"href":"https:\/\/visionrockland.ca\/en\/wp-json\/wp\/v2\/users\/27"}],"replies":[{"embeddable":true,"href":"https:\/\/visionrockland.ca\/en\/wp-json\/wp\/v2\/comments?post=104952"}],"version-history":[{"count":1,"href":"https:\/\/visionrockland.ca\/en\/wp-json\/wp\/v2\/posts\/104952\/revisions"}],"predecessor-version":[{"id":132390,"href":"https:\/\/visionrockland.ca\/en\/wp-json\/wp\/v2\/posts\/104952\/revisions\/132390"}],"wp:featuredmedia":[{"embeddable":true,"href":"https:\/\/visionrockland.ca\/en\/wp-json\/wp\/v2\/media\/104953"}],"wp:attachment":[{"href":"https:\/\/visionrockland.ca\/en\/wp-json\/wp\/v2\/media?parent=104952"}],"wp:term":[{"taxonomy":"category","embeddable":true,"href":"https:\/\/visionrockland.ca\/en\/wp-json\/wp\/v2\/categories?post=104952"},{"taxonomy":"post_tag","embeddable":true,"href":"https:\/\/visionrockland.ca\/en\/wp-json\/wp\/v2\/tags?post=104952"}],"curies":[{"name":"wp","href":"https:\/\/api.w.org\/{rel}","templated":true}]}}