{"id":104715,"date":"2025-01-17T16:07:44","date_gmt":"2025-01-17T21:07:44","guid":{"rendered":"https:\/\/editionap.ca\/?p=104715"},"modified":"2026-02-17T20:51:34","modified_gmt":"2026-02-17T19:51:34","slug":"growing-green-fair-celebrates-passion-for-gardening-promotes-sustainability-2","status":"publish","type":"post","link":"https:\/\/visionrockland.ca\/en\/politique\/growing-green-fair-celebrates-passion-for-gardening-promotes-sustainability-2\/","title":{"rendered":"Le premier ministre a pris la bonne d\u00e9cision en d\u00e9missionnant \u00ab : Le d\u00e9put\u00e9 Drouin"},"content":{"rendered":"<p><b><span data-contrast=\"none\">Le d\u00e9put\u00e9 lib\u00e9ral de Glengarry-Prescott-Russell, Francis Drouin, croit que le premier ministre Justin Trudeau a pris la bonne d\u00e9cision en annon\u00e7ant sa d\u00e9mission en tant que premier ministre du Canada et chef du Parti lib\u00e9ral f\u00e9d\u00e9ral.<\/span><\/b><span data-ccp-props=\"{&quot;201341983&quot;:0,&quot;335551550&quot;:6,&quot;335551620&quot;:6,&quot;335559739&quot;:0,&quot;335559740&quot;:288}\">\u00a0<\/span><\/p>\n<p><span data-contrast=\"none\">\u00ab Cela fait longtemps que mes \u00e9lecteurs me partagent leur avis sur ce qu\u2019il [le premier ministre Trudeau] devrait faire et sur l\u2019avenir du parti \u00bb, a d\u00e9clar\u00e9 M. Drouin, qui a annonc\u00e9 l\u2019an dernier qu\u2019il ne briguerait pas un quatri\u00e8me mandat en tant que d\u00e9put\u00e9 de Glengarry-Prescott-Russell. \u00ab Les opinions divergent : plusieurs croient qu\u2019il devrait se retirer, d\u2019autres pensent qu\u2019il devrait rester. Je crois qu\u2019il a pris la bonne d\u00e9cision en choisissant de se retirer. \u00bb<\/span><\/p>\n<p>Trudeau a fait face \u00e0 des mois de pressions croissantes de la part de ses coll\u00e8gues d\u00e9put\u00e9s et de hauts responsables lib\u00e9raux qui l\u2019exhortaient \u00e0 d\u00e9missionner. Le 6 janvier, il a annonc\u00e9 qu\u2019il ne dirigerait pas le parti lors des prochaines \u00e9lections f\u00e9d\u00e9rales, \u00e9voquant des conflits internes au sein de son propre parti comme raison de sa d\u00e9cision. La gouverneure g\u00e9n\u00e9rale Mary Simon a prorog\u00e9 le Parlement jusqu\u2019au 24 mars, date \u00e0 laquelle un nouveau chef lib\u00e9ral sera nomm\u00e9, et le Parlement reprendra ses travaux.<\/p>\n<p><span data-contrast=\"none\">\u00ab Je sais qu\u2019il existe un sentiment anti-Trudeau, mais honn\u00eatement, je n\u2019ai pas beaucoup de confiance dans l\u2019alternative [le chef conservateur Pierre Poilievre] \u00bb, a affirm\u00e9 M. Drouin. \u00ab Il n\u2019a jamais travaill\u00e9 en dehors du Parlement et a v\u00e9cu de ce que j\u2019appelle &#8220;l\u2019aide sociale du Parlement&#8221;, c\u2019est-\u00e0-dire aux crochets des contribuables. \u00bb<\/span><span data-ccp-props=\"{&quot;201341983&quot;:2,&quot;335551550&quot;:6,&quot;335551620&quot;:6,&quot;335559731&quot;:240,&quot;335559739&quot;:0,&quot;335559740&quot;:240}\">\u00a0<\/span><\/p>\n<p><span data-contrast=\"none\">Avant l\u2019annonce de sa d\u00e9mission, de nombreux experts estiment que le coup d\u00e9cisif a \u00e9t\u00e9 la d\u00e9mission soudaine de Chrystia Freeland, alors vice-premi\u00e8re ministre et ministre des Finances, le jour o\u00f9 elle devait pr\u00e9senter la d\u00e9claration \u00e9conomique et financi\u00e8re du Canada.<\/span><span data-ccp-props=\"{&quot;201341983&quot;:2,&quot;335551550&quot;:6,&quot;335551620&quot;:6,&quot;335559731&quot;:240,&quot;335559739&quot;:0,&quot;335559740&quot;:240}\">\u00a0<\/span><\/p>\n<p><span data-contrast=\"none\">\u00ab Le Canada dispose d\u2019une excellente bureaucratie et d\u2019une fonction publique forte \u00bb, a d\u00e9clar\u00e9 M. Drouin. \u00ab Nous ne nous effondrons pas parce que nous n\u2019avons pas de premier ministre. \u00bb<\/span><span data-ccp-props=\"{&quot;201341983&quot;:2,&quot;335551550&quot;:6,&quot;335551620&quot;:6,&quot;335559731&quot;:240,&quot;335559739&quot;:0,&quot;335559740&quot;:240}\">\u00a0<\/span><\/p>\n<p><span data-contrast=\"none\">Bien qu\u2019il n\u2019ait pas voulu d\u00e9voiler qui il aimerait voir \u00e0 la t\u00eate du parti apr\u00e8s Justin Trudeau, M. Drouin a soulign\u00e9 que le futur chef devra entretenir des relations solides avec les \u00c9tats-Unis, mettre davantage de pression sur le gouvernement provincial pour am\u00e9liorer les soins de sant\u00e9 dans la province et reconstruire le parti afin de regagner la confiance des Canadiens.<\/span><span data-ccp-props=\"{&quot;201341983&quot;:2,&quot;335551550&quot;:6,&quot;335551620&quot;:6,&quot;335559731&quot;:240,&quot;335559739&quot;:0,&quot;335559740&quot;:240}\">\u00a0<\/span><\/p>\n<p><span data-contrast=\"none\">Aucun candidat n\u2019a encore \u00e9t\u00e9 annonc\u00e9. Les prochaines \u00e9lections f\u00e9d\u00e9rales auront lieu \u00e0 l\u2019automne 2025, et la circonscription de Glengarry-Prescott-Russell sera officiellement renomm\u00e9e Prescott-Russell-Cumberland.<\/span><span data-ccp-props=\"{&quot;201341983&quot;:2,&quot;335551550&quot;:6,&quot;335551620&quot;:6,&quot;335559731&quot;:240,&quot;335559739&quot;:0,&quot;335559740&quot;:240}\">\u00a0<\/span><\/p>\n<p><span data-contrast=\"none\">Pas de r\u00e9\u00e9lection en vue<\/span><\/p>\n<p>Drouin a annonc\u00e9 l\u2019an dernier qu\u2019il ne briguerait pas un quatri\u00e8me mandat, respectant l\u2019engagement qu\u2019il avait pris envers sa femme lorsqu\u2019il s\u2019est lanc\u00e9 dans le monde exigeant et tr\u00e8s m\u00e9diatis\u00e9 de la politique f\u00e9d\u00e9rale.<\/p>\n<p><span data-contrast=\"none\">\u00c2g\u00e9 de 40 ans, M. Drouin a \u00e9t\u00e9 \u00e9lu pour la premi\u00e8re fois en tant que repr\u00e9sentant f\u00e9d\u00e9ral de cette circonscription de l\u2019Est de l\u2019Ontario en 2015.<\/span><span data-ccp-props=\"{&quot;201341983&quot;:2,&quot;335551550&quot;:6,&quot;335551620&quot;:6,&quot;335559731&quot;:240,&quot;335559739&quot;:0,&quot;335559740&quot;:240}\">\u00a0<\/span><\/p>\n<p><span data-contrast=\"none\">\u00ab J\u2019ai dit \u00e0 ma femme que si je devais faire cela [entrer en politique], je partirais apr\u00e8s huit \u00e0 douze ans \u00bb, a-t-il d\u00e9clar\u00e9. \u00ab Si je devais me pr\u00e9senter \u00e0 nouveau, cela d\u00e9passerait ce cadre. Cette vie est difficile pour les familles : je dois \u00eatre \u00e0 tellement d\u2019endroits le soir et les week-ends. J\u2019utilise toujours l\u2019analogie du hockey pour dire qu\u2019il faut savoir quand entrer sur la glace et quand en sortir. Il \u00e9tait temps de quitter la glace. \u00bb<\/span><span data-ccp-props=\"{&quot;201341983&quot;:2,&quot;335551550&quot;:6,&quot;335551620&quot;:6,&quot;335559731&quot;:240,&quot;335559739&quot;:0,&quot;335559740&quot;:240}\"> D<\/span>rouin, p\u00e8re d\u2019un gar\u00e7on de cinq ans, a d\u00e9clar\u00e9 qu\u2019il \u00e9tait s\u00fbr \u00e0 80 % de ne pas se repr\u00e9senter apr\u00e8s les \u00e9lections f\u00e9d\u00e9rales de 2021. Il a inform\u00e9 le premier ministre Justin Trudeau de sa d\u00e9cision de quitter la politique f\u00e9d\u00e9rale le 21 mars 2024.<\/p>\n<p>Drouin est actuellement secr\u00e9taire parlementaire du ministre de l\u2019Agriculture et de l\u2019Agroalimentaire, Lawrence MacAulay.<\/p>\n","protected":false},"excerpt":{"rendered":"<p>Le d\u00e9put\u00e9 lib\u00e9ral de Glengarry-Prescott-Russell, Francis Drouin, croit que le premier ministre Justin Trudeau a pris la bonne d\u00e9cision en annon\u00e7ant sa d\u00e9mission en tant que premier ministre du Canada et chef du Parti lib\u00e9ral f\u00e9d\u00e9ral.\u00a0 \u00ab Cela fait longtemps que mes \u00e9lecteurs me partagent leur avis sur ce qu\u2019il [le premier ministre Trudeau] devrait [&hellip;]<\/p>\n","protected":false},"author":27,"featured_media":104716,"comment_status":"closed","ping_status":"open","sticky":false,"template":"","format":"standard","meta":{"_acf_changed":false,"footnotes":""},"categories":[44],"tags":[],"class_list":["post-104715","post","type-post","status-publish","format-standard","has-post-thumbnail","hentry","category-politique"],"acf":[],"featured_media_global":[],"yoast_head":"<!-- This site is optimized with the Yoast SEO plugin v27.4 - https:\/\/yoast.com\/product\/yoast-seo-wordpress\/ -->\n<title>Le premier ministre a pris la bonne d\u00e9cision en d\u00e9missionnant \u00ab : Le d\u00e9put\u00e9 Drouin - Vision<\/title>\n<meta name=\"robots\" content=\"index, follow, max-snippet:-1, max-image-preview:large, max-video-preview:-1\" \/>\n<link rel=\"canonical\" href=\"https:\/\/visionrockland.ca\/en\/politique\/growing-green-fair-celebrates-passion-for-gardening-promotes-sustainability-2\/\" \/>\n<meta property=\"og:locale\" content=\"en_US\" \/>\n<meta property=\"og:type\" content=\"article\" \/>\n<meta property=\"og:title\" content=\"Le premier ministre a pris la bonne d\u00e9cision en d\u00e9missionnant \u00ab : Le d\u00e9put\u00e9 Drouin - Vision\" \/>\n<meta property=\"og:description\" content=\"Le d\u00e9put\u00e9 lib\u00e9ral de Glengarry-Prescott-Russell, Francis Drouin, croit que le premier ministre Justin Trudeau a pris la bonne d\u00e9cision en annon\u00e7ant sa d\u00e9mission en tant que premier ministre du Canada et chef du Parti lib\u00e9ral f\u00e9d\u00e9ral.\u00a0 \u00ab Cela fait longtemps que mes \u00e9lecteurs me partagent leur avis sur ce qu\u2019il [le premier ministre Trudeau] devrait [&hellip;]\" \/>\n<meta property=\"og:url\" content=\"https:\/\/visionrockland.ca\/en\/politique\/growing-green-fair-celebrates-passion-for-gardening-promotes-sustainability-2\/\" \/>\n<meta property=\"og:site_name\" content=\"Vision\" \/>\n<meta property=\"article:published_time\" content=\"2025-01-17T21:07:44+00:00\" \/>\n<meta property=\"article:modified_time\" content=\"2026-02-17T19:51:34+00:00\" \/>\n<meta property=\"og:image\" content=\"https:\/\/cdn.editionap.ca\/wp-content\/uploads\/sites\/3\/2025\/01\/Drouin-Trudeau.jpg\" \/>\n\t<meta property=\"og:image:width\" content=\"2048\" \/>\n\t<meta property=\"og:image:height\" content=\"1365\" \/>\n\t<meta property=\"og:image:type\" content=\"image\/jpeg\" \/>\n<meta name=\"author\" content=\"Anil Jhalli\" \/>\n<meta name=\"twitter:card\" content=\"summary_large_image\" \/>\n<meta name=\"twitter:label1\" content=\"Written by\" \/>\n\t<meta name=\"twitter:data1\" content=\"Anil Jhalli\" \/>\n\t<meta name=\"twitter:label2\" content=\"Est. reading time\" \/>\n\t<meta name=\"twitter:data2\" content=\"4 minutes\" \/>\n<script type=\"application\/ld+json\" class=\"yoast-schema-graph\">{\"@context\":\"https:\\\/\\\/schema.org\",\"@graph\":[{\"@type\":\"Article\",\"@id\":\"https:\\\/\\\/visionrockland.ca\\\/en\\\/politique\\\/growing-green-fair-celebrates-passion-for-gardening-promotes-sustainability-2\\\/#article\",\"isPartOf\":{\"@id\":\"https:\\\/\\\/visionrockland.ca\\\/en\\\/politique\\\/growing-green-fair-celebrates-passion-for-gardening-promotes-sustainability-2\\\/\"},\"author\":{\"name\":\"Anil Jhalli\",\"@id\":\"https:\\\/\\\/visionrockland.ca\\\/en\\\/#\\\/schema\\\/person\\\/a09095fdf65e09e747105760fe90175c\"},\"headline\":\"Le premier ministre a pris la bonne d\u00e9cision en d\u00e9missionnant \u00ab : Le d\u00e9put\u00e9 Drouin\",\"datePublished\":\"2025-01-17T21:07:44+00:00\",\"dateModified\":\"2026-02-17T19:51:34+00:00\",\"mainEntityOfPage\":{\"@id\":\"https:\\\/\\\/visionrockland.ca\\\/en\\\/politique\\\/growing-green-fair-celebrates-passion-for-gardening-promotes-sustainability-2\\\/\"},\"wordCount\":709,\"image\":{\"@id\":\"https:\\\/\\\/visionrockland.ca\\\/en\\\/politique\\\/growing-green-fair-celebrates-passion-for-gardening-promotes-sustainability-2\\\/#primaryimage\"},\"thumbnailUrl\":\"https:\\\/\\\/cdn.editionap.ca\\\/wp-content\\\/uploads\\\/sites\\\/3\\\/2025\\\/01\\\/Drouin-Trudeau.jpg\",\"articleSection\":[\"Politique\"],\"inLanguage\":\"en-US\"},{\"@type\":\"WebPage\",\"@id\":\"https:\\\/\\\/visionrockland.ca\\\/en\\\/politique\\\/growing-green-fair-celebrates-passion-for-gardening-promotes-sustainability-2\\\/\",\"url\":\"https:\\\/\\\/visionrockland.ca\\\/en\\\/politique\\\/growing-green-fair-celebrates-passion-for-gardening-promotes-sustainability-2\\\/\",\"name\":\"Le premier ministre a pris la bonne d\u00e9cision en d\u00e9missionnant \u00ab : Le d\u00e9put\u00e9 Drouin - Vision\",\"isPartOf\":{\"@id\":\"https:\\\/\\\/visionrockland.ca\\\/en\\\/#website\"},\"primaryImageOfPage\":{\"@id\":\"https:\\\/\\\/visionrockland.ca\\\/en\\\/politique\\\/growing-green-fair-celebrates-passion-for-gardening-promotes-sustainability-2\\\/#primaryimage\"},\"image\":{\"@id\":\"https:\\\/\\\/visionrockland.ca\\\/en\\\/politique\\\/growing-green-fair-celebrates-passion-for-gardening-promotes-sustainability-2\\\/#primaryimage\"},\"thumbnailUrl\":\"https:\\\/\\\/cdn.editionap.ca\\\/wp-content\\\/uploads\\\/sites\\\/3\\\/2025\\\/01\\\/Drouin-Trudeau.jpg\",\"datePublished\":\"2025-01-17T21:07:44+00:00\",\"dateModified\":\"2026-02-17T19:51:34+00:00\",\"author\":{\"@id\":\"https:\\\/\\\/visionrockland.ca\\\/en\\\/#\\\/schema\\\/person\\\/a09095fdf65e09e747105760fe90175c\"},\"breadcrumb\":{\"@id\":\"https:\\\/\\\/visionrockland.ca\\\/en\\\/politique\\\/growing-green-fair-celebrates-passion-for-gardening-promotes-sustainability-2\\\/#breadcrumb\"},\"inLanguage\":\"en-US\",\"potentialAction\":[{\"@type\":\"ReadAction\",\"target\":[\"https:\\\/\\\/visionrockland.ca\\\/en\\\/politique\\\/growing-green-fair-celebrates-passion-for-gardening-promotes-sustainability-2\\\/\"]}]},{\"@type\":\"ImageObject\",\"inLanguage\":\"en-US\",\"@id\":\"https:\\\/\\\/visionrockland.ca\\\/en\\\/politique\\\/growing-green-fair-celebrates-passion-for-gardening-promotes-sustainability-2\\\/#primaryimage\",\"url\":\"https:\\\/\\\/cdn.editionap.ca\\\/wp-content\\\/uploads\\\/sites\\\/3\\\/2025\\\/01\\\/Drouin-Trudeau.jpg\",\"contentUrl\":\"https:\\\/\\\/cdn.editionap.ca\\\/wp-content\\\/uploads\\\/sites\\\/3\\\/2025\\\/01\\\/Drouin-Trudeau.jpg\",\"width\":2048,\"height\":1365,\"caption\":\"Le d\u00e9put\u00e9 lib\u00e9ral de Glengarry-Prescott-Russell Francis Drouin, \u00e0 gauche, croit que le premier ministre Justin Trudeau a pris la bonne d\u00e9cision en annon\u00e7ant sa d\u00e9mission en tant que premier ministre et chef du Parti lib\u00e9ral.\"},{\"@type\":\"BreadcrumbList\",\"@id\":\"https:\\\/\\\/visionrockland.ca\\\/en\\\/politique\\\/growing-green-fair-celebrates-passion-for-gardening-promotes-sustainability-2\\\/#breadcrumb\",\"itemListElement\":[{\"@type\":\"ListItem\",\"position\":1,\"name\":\"Accueil\",\"item\":\"https:\\\/\\\/visionrockland.ca\\\/en\\\/\"},{\"@type\":\"ListItem\",\"position\":2,\"name\":\"Le premier ministre a pris la bonne d\u00e9cision en d\u00e9missionnant \u00ab : Le d\u00e9put\u00e9 Drouin\"}]},{\"@type\":\"WebSite\",\"@id\":\"https:\\\/\\\/visionrockland.ca\\\/en\\\/#website\",\"url\":\"https:\\\/\\\/visionrockland.ca\\\/en\\\/\",\"name\":\"Vision\",\"description\":\"\",\"potentialAction\":[{\"@type\":\"SearchAction\",\"target\":{\"@type\":\"EntryPoint\",\"urlTemplate\":\"https:\\\/\\\/visionrockland.ca\\\/en\\\/?s={search_term_string}\"},\"query-input\":{\"@type\":\"PropertyValueSpecification\",\"valueRequired\":true,\"valueName\":\"search_term_string\"}}],\"inLanguage\":\"en-US\"},{\"@type\":\"Person\",\"@id\":\"https:\\\/\\\/visionrockland.ca\\\/en\\\/#\\\/schema\\\/person\\\/a09095fdf65e09e747105760fe90175c\",\"name\":\"Anil Jhalli\",\"image\":{\"@type\":\"ImageObject\",\"inLanguage\":\"en-US\",\"@id\":\"https:\\\/\\\/secure.gravatar.com\\\/avatar\\\/63becc64fff8877a05400459aa003b94a1fdc8d3954acacc688ee6a2bc39fef8?s=96&d=mm&r=g\",\"url\":\"https:\\\/\\\/secure.gravatar.com\\\/avatar\\\/63becc64fff8877a05400459aa003b94a1fdc8d3954acacc688ee6a2bc39fef8?s=96&d=mm&r=g\",\"contentUrl\":\"https:\\\/\\\/secure.gravatar.com\\\/avatar\\\/63becc64fff8877a05400459aa003b94a1fdc8d3954acacc688ee6a2bc39fef8?s=96&d=mm&r=g\",\"caption\":\"Anil Jhalli\"}}]}<\/script>\n<!-- \/ Yoast SEO plugin. -->","yoast_head_json":{"title":"Le premier ministre a pris la bonne d\u00e9cision en d\u00e9missionnant \u00ab : Le d\u00e9put\u00e9 Drouin - Vision","robots":{"index":"index","follow":"follow","max-snippet":"max-snippet:-1","max-image-preview":"max-image-preview:large","max-video-preview":"max-video-preview:-1"},"canonical":"https:\/\/visionrockland.ca\/en\/politique\/growing-green-fair-celebrates-passion-for-gardening-promotes-sustainability-2\/","og_locale":"en_US","og_type":"article","og_title":"Le premier ministre a pris la bonne d\u00e9cision en d\u00e9missionnant \u00ab : Le d\u00e9put\u00e9 Drouin - Vision","og_description":"Le d\u00e9put\u00e9 lib\u00e9ral de Glengarry-Prescott-Russell, Francis Drouin, croit que le premier ministre Justin Trudeau a pris la bonne d\u00e9cision en annon\u00e7ant sa d\u00e9mission en tant que premier ministre du Canada et chef du Parti lib\u00e9ral f\u00e9d\u00e9ral.\u00a0 \u00ab Cela fait longtemps que mes \u00e9lecteurs me partagent leur avis sur ce qu\u2019il [le premier ministre Trudeau] devrait [&hellip;]","og_url":"https:\/\/visionrockland.ca\/en\/politique\/growing-green-fair-celebrates-passion-for-gardening-promotes-sustainability-2\/","og_site_name":"Vision","article_published_time":"2025-01-17T21:07:44+00:00","article_modified_time":"2026-02-17T19:51:34+00:00","og_image":[{"width":2048,"height":1365,"url":"https:\/\/cdn.editionap.ca\/wp-content\/uploads\/sites\/3\/2025\/01\/Drouin-Trudeau.jpg","type":"image\/jpeg"}],"author":"Anil Jhalli","twitter_card":"summary_large_image","twitter_misc":{"Written by":"Anil Jhalli","Est. reading time":"4 minutes"},"schema":{"@context":"https:\/\/schema.org","@graph":[{"@type":"Article","@id":"https:\/\/visionrockland.ca\/en\/politique\/growing-green-fair-celebrates-passion-for-gardening-promotes-sustainability-2\/#article","isPartOf":{"@id":"https:\/\/visionrockland.ca\/en\/politique\/growing-green-fair-celebrates-passion-for-gardening-promotes-sustainability-2\/"},"author":{"name":"Anil Jhalli","@id":"https:\/\/visionrockland.ca\/en\/#\/schema\/person\/a09095fdf65e09e747105760fe90175c"},"headline":"Le premier ministre a pris la bonne d\u00e9cision en d\u00e9missionnant \u00ab : Le d\u00e9put\u00e9 Drouin","datePublished":"2025-01-17T21:07:44+00:00","dateModified":"2026-02-17T19:51:34+00:00","mainEntityOfPage":{"@id":"https:\/\/visionrockland.ca\/en\/politique\/growing-green-fair-celebrates-passion-for-gardening-promotes-sustainability-2\/"},"wordCount":709,"image":{"@id":"https:\/\/visionrockland.ca\/en\/politique\/growing-green-fair-celebrates-passion-for-gardening-promotes-sustainability-2\/#primaryimage"},"thumbnailUrl":"https:\/\/cdn.editionap.ca\/wp-content\/uploads\/sites\/3\/2025\/01\/Drouin-Trudeau.jpg","articleSection":["Politique"],"inLanguage":"en-US"},{"@type":"WebPage","@id":"https:\/\/visionrockland.ca\/en\/politique\/growing-green-fair-celebrates-passion-for-gardening-promotes-sustainability-2\/","url":"https:\/\/visionrockland.ca\/en\/politique\/growing-green-fair-celebrates-passion-for-gardening-promotes-sustainability-2\/","name":"Le premier ministre a pris la bonne d\u00e9cision en d\u00e9missionnant \u00ab : Le d\u00e9put\u00e9 Drouin - Vision","isPartOf":{"@id":"https:\/\/visionrockland.ca\/en\/#website"},"primaryImageOfPage":{"@id":"https:\/\/visionrockland.ca\/en\/politique\/growing-green-fair-celebrates-passion-for-gardening-promotes-sustainability-2\/#primaryimage"},"image":{"@id":"https:\/\/visionrockland.ca\/en\/politique\/growing-green-fair-celebrates-passion-for-gardening-promotes-sustainability-2\/#primaryimage"},"thumbnailUrl":"https:\/\/cdn.editionap.ca\/wp-content\/uploads\/sites\/3\/2025\/01\/Drouin-Trudeau.jpg","datePublished":"2025-01-17T21:07:44+00:00","dateModified":"2026-02-17T19:51:34+00:00","author":{"@id":"https:\/\/visionrockland.ca\/en\/#\/schema\/person\/a09095fdf65e09e747105760fe90175c"},"breadcrumb":{"@id":"https:\/\/visionrockland.ca\/en\/politique\/growing-green-fair-celebrates-passion-for-gardening-promotes-sustainability-2\/#breadcrumb"},"inLanguage":"en-US","potentialAction":[{"@type":"ReadAction","target":["https:\/\/visionrockland.ca\/en\/politique\/growing-green-fair-celebrates-passion-for-gardening-promotes-sustainability-2\/"]}]},{"@type":"ImageObject","inLanguage":"en-US","@id":"https:\/\/visionrockland.ca\/en\/politique\/growing-green-fair-celebrates-passion-for-gardening-promotes-sustainability-2\/#primaryimage","url":"https:\/\/cdn.editionap.ca\/wp-content\/uploads\/sites\/3\/2025\/01\/Drouin-Trudeau.jpg","contentUrl":"https:\/\/cdn.editionap.ca\/wp-content\/uploads\/sites\/3\/2025\/01\/Drouin-Trudeau.jpg","width":2048,"height":1365,"caption":"Le d\u00e9put\u00e9 lib\u00e9ral de Glengarry-Prescott-Russell Francis Drouin, \u00e0 gauche, croit que le premier ministre Justin Trudeau a pris la bonne d\u00e9cision en annon\u00e7ant sa d\u00e9mission en tant que premier ministre et chef du Parti lib\u00e9ral."},{"@type":"BreadcrumbList","@id":"https:\/\/visionrockland.ca\/en\/politique\/growing-green-fair-celebrates-passion-for-gardening-promotes-sustainability-2\/#breadcrumb","itemListElement":[{"@type":"ListItem","position":1,"name":"Accueil","item":"https:\/\/visionrockland.ca\/en\/"},{"@type":"ListItem","position":2,"name":"Le premier ministre a pris la bonne d\u00e9cision en d\u00e9missionnant \u00ab : Le d\u00e9put\u00e9 Drouin"}]},{"@type":"WebSite","@id":"https:\/\/visionrockland.ca\/en\/#website","url":"https:\/\/visionrockland.ca\/en\/","name":"Vision","description":"","potentialAction":[{"@type":"SearchAction","target":{"@type":"EntryPoint","urlTemplate":"https:\/\/visionrockland.ca\/en\/?s={search_term_string}"},"query-input":{"@type":"PropertyValueSpecification","valueRequired":true,"valueName":"search_term_string"}}],"inLanguage":"en-US"},{"@type":"Person","@id":"https:\/\/visionrockland.ca\/en\/#\/schema\/person\/a09095fdf65e09e747105760fe90175c","name":"Anil Jhalli","image":{"@type":"ImageObject","inLanguage":"en-US","@id":"https:\/\/secure.gravatar.com\/avatar\/63becc64fff8877a05400459aa003b94a1fdc8d3954acacc688ee6a2bc39fef8?s=96&d=mm&r=g","url":"https:\/\/secure.gravatar.com\/avatar\/63becc64fff8877a05400459aa003b94a1fdc8d3954acacc688ee6a2bc39fef8?s=96&d=mm&r=g","contentUrl":"https:\/\/secure.gravatar.com\/avatar\/63becc64fff8877a05400459aa003b94a1fdc8d3954acacc688ee6a2bc39fef8?s=96&d=mm&r=g","caption":"Anil Jhalli"}}]}},"_links":{"self":[{"href":"https:\/\/visionrockland.ca\/en\/wp-json\/wp\/v2\/posts\/104715","targetHints":{"allow":["GET"]}}],"collection":[{"href":"https:\/\/visionrockland.ca\/en\/wp-json\/wp\/v2\/posts"}],"about":[{"href":"https:\/\/visionrockland.ca\/en\/wp-json\/wp\/v2\/types\/post"}],"author":[{"embeddable":true,"href":"https:\/\/visionrockland.ca\/en\/wp-json\/wp\/v2\/users\/27"}],"replies":[{"embeddable":true,"href":"https:\/\/visionrockland.ca\/en\/wp-json\/wp\/v2\/comments?post=104715"}],"version-history":[{"count":1,"href":"https:\/\/visionrockland.ca\/en\/wp-json\/wp\/v2\/posts\/104715\/revisions"}],"predecessor-version":[{"id":132400,"href":"https:\/\/visionrockland.ca\/en\/wp-json\/wp\/v2\/posts\/104715\/revisions\/132400"}],"wp:featuredmedia":[{"embeddable":true,"href":"https:\/\/visionrockland.ca\/en\/wp-json\/wp\/v2\/media\/104716"}],"wp:attachment":[{"href":"https:\/\/visionrockland.ca\/en\/wp-json\/wp\/v2\/media?parent=104715"}],"wp:term":[{"taxonomy":"category","embeddable":true,"href":"https:\/\/visionrockland.ca\/en\/wp-json\/wp\/v2\/categories?post=104715"},{"taxonomy":"post_tag","embeddable":true,"href":"https:\/\/visionrockland.ca\/en\/wp-json\/wp\/v2\/tags?post=104715"}],"curies":[{"name":"wp","href":"https:\/\/api.w.org\/{rel}","templated":true}]}}