{"id":104551,"date":"2024-12-20T10:28:57","date_gmt":"2024-12-20T15:28:57","guid":{"rendered":"https:\/\/editionap.ca\/?p=104551"},"modified":"2026-02-17T20:51:34","modified_gmt":"2026-02-17T19:51:34","slug":"la-communaute-rend-hommage-a-la-legende-locale-du-hockey-charlie-lavictoire","status":"publish","type":"post","link":"https:\/\/visionrockland.ca\/en\/sports-loisirs\/la-communaute-rend-hommage-a-la-legende-locale-du-hockey-charlie-lavictoire\/","title":{"rendered":"La communaut\u00e9 rend hommage \u00e0 la l\u00e9gende locale du hockey \u00ab Charlie \u00bb Lavictoire"},"content":{"rendered":"<p><b><span data-contrast=\"none\">La communaut\u00e9 de Clarence Creek a rendu hommage \u00e0 une l\u00e9gende locale du hockey d\u2019une mani\u00e8re sp\u00e9ciale le week-end dernier.<\/span><\/b><span data-ccp-props=\"{&quot;201341983&quot;:0,&quot;335551550&quot;:6,&quot;335551620&quot;:6,&quot;335559739&quot;:0,&quot;335559740&quot;:288}\">\u00a0<\/span><\/p>\n<p><span data-contrast=\"none\">Avant la mise au jeu du match des entra\u00eeneurs de l\u2019Association de hockey mineur de Clarence Creek, le samedi 14 d\u00e9cembre, les repr\u00e9sentants de l\u2019association de hockey ont d\u00e9voil\u00e9 un chandail en l\u2019honneur de Jean-Charles \u00ab Charlie \u00bb Lavictoire, d\u00e9c\u00e9d\u00e9 en septembre de cette ann\u00e9e.<\/span><span data-ccp-props=\"{&quot;201341983&quot;:2,&quot;335551550&quot;:6,&quot;335551620&quot;:6,&quot;335559731&quot;:240,&quot;335559739&quot;:0,&quot;335559740&quot;:240}\">\u00a0<\/span><\/p>\n<p><span data-contrast=\"none\">Les membres de la famille de Lavictoire \u00e9taient pr\u00e9sents pour la c\u00e9r\u00e9monie, et le chandail encadr\u00e9 est maintenant fi\u00e8rement expos\u00e9 \u00e0 l\u2019ar\u00e9na de Clarence Creek, o\u00f9 Lavictoire a pass\u00e9 une grande partie de son temps en tant que b\u00e9n\u00e9vole d\u00e9vou\u00e9 de l\u2019Association de hockey mineur de Clarence Creek.<\/span><\/p>\n<p>Lavictoire restera toujours dans les m\u00e9moires comme un b\u00e9n\u00e9vole engag\u00e9 qui a consacr\u00e9 son temps au d\u00e9veloppement, \u00e0 la croissance et au soutien de l\u2019Association de hockey mineur de Clarence Creek, ainsi qu\u2019\u00e0 la promotion du hockey partout dans l\u2019Est ontarien.<\/p>\n<p><span data-contrast=\"none\">\u00ab Les enfants admiraient M. Lavictoire, et il a eu un impact \u00e9norme dans leurs vies \u00bb, a d\u00e9clar\u00e9 Jos\u00e9e Matte, qui a aid\u00e9 \u00e0 organiser l\u2019\u00e9v\u00e9nement et dont deux enfants jouent au hockey dans l\u2019Association de hockey mineur de Clarence Creek. \u00ab Nous organisons ce genre de match chaque ann\u00e9e pour renforcer l\u2019esprit d\u2019\u00e9quipe, et nous avons d\u00e9cid\u00e9 de faire quelque chose en l\u2019honneur de \u201cCharlie\u201d. \u00bb<\/span><span data-ccp-props=\"{&quot;201341983&quot;:2,&quot;335551550&quot;:6,&quot;335551620&quot;:6,&quot;335559731&quot;:240,&quot;335559739&quot;:0,&quot;335559740&quot;:240}\">\u00a0<\/span><\/p>\n<p><span data-contrast=\"none\">Joannie Campagna, tr\u00e9sori\u00e8re de l\u2019Association de hockey mineur de Clarence Creek et m\u00e8re de trois enfants qui jouent au hockey, a expliqu\u00e9 que la famille de \u00ab Charlie \u00bb a demand\u00e9 \u00e0 la communaut\u00e9 de faire des dons \u00e0 l\u2019association de hockey en raison de ce qu\u2019elle repr\u00e9sentait pour lui.<\/span><span data-ccp-props=\"{&quot;201341983&quot;:2,&quot;335551550&quot;:6,&quot;335551620&quot;:6,&quot;335559731&quot;:240,&quot;335559739&quot;:0,&quot;335559740&quot;:240}\">\u00a0<\/span><\/p>\n<p><span data-contrast=\"none\">En retour, l\u2019association a voulu trouver une mani\u00e8re d\u2019honorer M. Lavictoire pour ses ann\u00e9es de d\u00e9vouement et les innombrables heures pass\u00e9es \u00e0 l\u2019ar\u00e9na \u00e0 aider les jeunes \u00e0 s\u2019am\u00e9liorer au hockey.<\/span><span data-ccp-props=\"{&quot;201341983&quot;:2,&quot;335551550&quot;:6,&quot;335551620&quot;:6,&quot;335559731&quot;:240,&quot;335559739&quot;:0,&quot;335559740&quot;:240}\">\u00a0<\/span><\/p>\n<p><span data-contrast=\"none\">\u00ab C\u2019\u00e9tait une passion pour lui d\u2019\u00eatre \u00e0 la patinoire et d\u2019aider les enfants \u00bb, a soulign\u00e9 Mme Campagna. \u00ab Il a consacr\u00e9 la majeure partie de sa vie au hockey et \u00e0 aider les jeunes \u00e0 devenir meilleurs. \u00bb<\/span><span data-ccp-props=\"{&quot;201341983&quot;:2,&quot;335551550&quot;:6,&quot;335551620&quot;:6,&quot;335559731&quot;:240,&quot;335559739&quot;:0,&quot;335559740&quot;:240}\">\u00a0<\/span><\/p>\n<p><span data-contrast=\"none\">Le match des entra\u00eeneurs a \u00e9galement servi \u00e0 amasser des fonds pour la Banque alimentaire de Bourget. Il n\u2019y avait aucun co\u00fbt pour assister au match, mais les membres de l\u2019association ont demand\u00e9 aux spectateurs d\u2019apporter des dons pour la banque alimentaire.<\/span><span data-ccp-props=\"{&quot;201341983&quot;:2,&quot;335551550&quot;:6,&quot;335551620&quot;:6,&quot;335559731&quot;:240,&quot;335559739&quot;:0,&quot;335559740&quot;:240}\">\u00a0<\/span><\/p>\n<p><strong>\u00a0 \u00a0 \u00a0 \u00a0 \u00a0 \u00a0 \u00a0 \u00a0 \u00a0 \u00a0 \u00a0 \u00a0 \u00a0 \u00a0 \u00a0 \u00a0 \u00a0 \u00a0 \u00a0 \u00a0 \u00a0 \u00a0 \u00a0 \u00a0 \u00a0 \u00a0 \u00a0 \u00a0 \u00a0 \u00a0 \u00a0 \u00a0 \u00a0 \u00a0 \u00a0 \u00a0 \u00a0 \u00a0 \u00a0 \u00a0 \u00a0 \u00a0 \u00a0 \u00a0 \u00a0 \u00a0 \u00a0 \u00a0 Son impact dans la communaut\u00e9 du hockey\u00a0<\/strong><\/p>\n<p><span data-contrast=\"none\">Des ligues de hockey et des personnes partout dans l\u2019Est ontarien ont rendu hommage \u00e0 l\u2019h\u00e9ritage de M. Lavictoire avec des messages sur leurs plateformes de m\u00e9dias sociaux.<\/span><span data-ccp-props=\"{&quot;201341983&quot;:2,&quot;335551550&quot;:6,&quot;335551620&quot;:6,&quot;335559731&quot;:240,&quot;335559739&quot;:0,&quot;335559740&quot;:240}\">\u00a0<\/span><\/p>\n<p><span data-contrast=\"none\">\u00ab Sa pr\u00e9sence dans notre communaut\u00e9 de hockey nous manquera \u00e9norm\u00e9ment \u00bb, ont d\u00e9clar\u00e9 les responsables de Hockey Est Ontario (HEO) dans un communiqu\u00e9 publi\u00e9 sur X. \u00ab Nos plus sinc\u00e8res condol\u00e9ances \u00e0 la famille et aux amis de Charles. \u00bb<\/span><span data-ccp-props=\"{&quot;201341983&quot;:2,&quot;335551550&quot;:6,&quot;335551620&quot;:6,&quot;335559731&quot;:240,&quot;335559739&quot;:0,&quot;335559740&quot;:240}\">\u00a0<\/span><\/p>\n<p><span data-contrast=\"none\">La Ligue de hockey junior de l\u2019Est ontarien (EOJHL) a repris les m\u00eames sentiments.<\/span><span data-ccp-props=\"{&quot;201341983&quot;:2,&quot;335551550&quot;:6,&quot;335551620&quot;:6,&quot;335559731&quot;:240,&quot;335559739&quot;:0,&quot;335559740&quot;:240}\">\u00a0<\/span><\/p>\n<p><span data-contrast=\"none\">\u00ab C\u2019est avec une grande tristesse que la Ligue de hockey junior de l\u2019Est ontarien annonce le d\u00e9c\u00e8s de Charles Lavictoire, un leader de longue date dans le monde du hockey \u00bb, a d\u00e9clar\u00e9 la ligue sur X apr\u00e8s avoir appris le d\u00e9c\u00e8s de Lavictoire.<\/span><span data-ccp-props=\"{&quot;201341983&quot;:2,&quot;335551550&quot;:6,&quot;335551620&quot;:6,&quot;335559731&quot;:240,&quot;335559739&quot;:0,&quot;335559740&quot;:240}\">\u00a0<\/span><\/p>\n<p><span data-contrast=\"none\">Ses fun\u00e9railles ont eu lieu au salon fun\u00e9raire Th\u00e9o Brunet &amp; Fils le jeudi 3 octobre.<\/span><span data-ccp-props=\"{&quot;201341983&quot;:2,&quot;335551550&quot;:6,&quot;335551620&quot;:6,&quot;335559731&quot;:240,&quot;335559739&quot;:0,&quot;335559740&quot;:240}\">\u00a0<\/span><\/p>\n<p><strong>\u00a0 \u00a0 \u00a0 \u00a0 \u00a0 \u00a0 \u00a0 \u00a0 \u00a0 \u00a0 \u00a0 \u00a0 \u00a0 \u00a0 \u00a0 \u00a0 \u00a0 \u00a0 \u00a0 \u00a0 \u00a0 \u00a0 \u00a0 \u00a0 \u00a0 \u00a0 \u00a0 \u00a0 \u00a0 \u00a0 \u00a0 \u00a0 \u00a0 \u00a0 \u00a0 \u00a0 \u00a0 \u00a0 \u00a0 \u00a0 \u00a0 \u00a0 \u00a0 \u00a0 \u00a0 \u00a0 \u00a0 \u00a0 \u00a0 \u00a0Renommer un ar\u00e9na en son honneur?\u00a0<\/strong><\/p>\n<p><span data-contrast=\"none\">Roland Saumure, un cousin de Lavictoire, esp\u00e8re que le conseil municipal de Clarence-Rockland envisagera d\u2019honorer Lavictoire en renommant l\u2019ar\u00e9na de Clarence Creek en Ar\u00e9na Jean-Charles \u00ab Charlie \u00bb Lavictoire.<\/span><span data-ccp-props=\"{&quot;201341983&quot;:2,&quot;335551550&quot;:6,&quot;335551620&quot;:6,&quot;335559731&quot;:240,&quot;335559739&quot;:0,&quot;335559740&quot;:240}\">\u00a0<\/span><\/p>\n<p><span data-contrast=\"none\">\u00ab S\u2019il y a un homme qui m\u00e9rite un tel hommage, c\u2019est bien lui, \u00bb <\/span><span data-contrast=\"none\">a d\u00e9clar\u00e9 M Saumure.<\/span><span data-ccp-props=\"{&quot;201341983&quot;:2,&quot;335551550&quot;:6,&quot;335551620&quot;:6,&quot;335559731&quot;:240,&quot;335559739&quot;:0,&quot;335559740&quot;:240}\">\u00a0<\/span><\/p>\n<p><span data-contrast=\"none\">\u00ab C\u2019\u00e9tait un homme qui a fait beaucoup de bien pour les gens de sa communaut\u00e9 \u00bb, a ajout\u00e9 M Saumure. \u00ab Non seulement il en a fait de meilleurs joueurs de hockey et a donn\u00e9 aux jeunes la chance de jouer au hockey, mais il en a aussi fait de meilleures personnes. Il \u00e9tait tr\u00e8s impliqu\u00e9 dans sa communaut\u00e9 et il \u00e9tait grandement respect\u00e9, non seulement parce qu\u2019il aimait le hockey, mais aussi parce qu\u2019il voulait aider les gens. \u00bb<\/span><span data-ccp-props=\"{&quot;201341983&quot;:2,&quot;335551550&quot;:6,&quot;335551620&quot;:6,&quot;335559731&quot;:240,&quot;335559739&quot;:0,&quot;335559740&quot;:240}\">\u00a0<\/span><\/p>\n<p><span data-contrast=\"none\">Saumure a reconnu qu\u2019il existe un processus pour prendre ce genre de d\u00e9cision.<\/span><span data-ccp-props=\"{&quot;201341983&quot;:2,&quot;335551550&quot;:6,&quot;335551620&quot;:6,&quot;335559731&quot;:240,&quot;335559739&quot;:0,&quot;335559740&quot;:240}\">\u00a0<\/span><\/p>\n<p><span data-contrast=\"none\">\u00ab Je voulais simplement faire une suggestion au conseil \u00bb, a-t-il dit. \u00ab Je voulais attirer leur attention sur ce que cet homme repr\u00e9sentait pour les gens, et j\u2019esp\u00e8re qu\u2019ils prendront cette demande en consid\u00e9ration. \u00bb<\/span><span data-ccp-props=\"{&quot;201341983&quot;:2,&quot;335551550&quot;:6,&quot;335551620&quot;:6,&quot;335559731&quot;:240,&quot;335559739&quot;:0,&quot;335559740&quot;:240}\">\u00a0<\/span><\/p>\n","protected":false},"excerpt":{"rendered":"<p>La communaut\u00e9 de Clarence Creek a rendu hommage \u00e0 une l\u00e9gende locale du hockey d\u2019une mani\u00e8re sp\u00e9ciale le week-end dernier.\u00a0 Avant la mise au jeu du match des entra\u00eeneurs de l\u2019Association de hockey mineur de Clarence Creek, le samedi 14 d\u00e9cembre, les repr\u00e9sentants de l\u2019association de hockey ont d\u00e9voil\u00e9 un chandail en l\u2019honneur de Jean-Charles [&hellip;]<\/p>\n","protected":false},"author":27,"featured_media":104552,"comment_status":"closed","ping_status":"open","sticky":false,"template":"","format":"standard","meta":{"_acf_changed":false,"footnotes":""},"categories":[38],"tags":[],"class_list":["post-104551","post","type-post","status-publish","format-standard","has-post-thumbnail","hentry","category-sports-loisirs"],"acf":[],"featured_media_global":[],"yoast_head":"<!-- This site is optimized with the Yoast SEO plugin v27.4 - https:\/\/yoast.com\/product\/yoast-seo-wordpress\/ -->\n<title>La communaut\u00e9 rend hommage \u00e0 la l\u00e9gende locale du hockey \u00ab Charlie \u00bb Lavictoire - Vision<\/title>\n<meta name=\"robots\" content=\"index, follow, max-snippet:-1, max-image-preview:large, max-video-preview:-1\" \/>\n<link rel=\"canonical\" href=\"https:\/\/visionrockland.ca\/en\/sports-loisirs\/la-communaute-rend-hommage-a-la-legende-locale-du-hockey-charlie-lavictoire\/\" \/>\n<meta property=\"og:locale\" content=\"en_US\" \/>\n<meta property=\"og:type\" content=\"article\" \/>\n<meta property=\"og:title\" content=\"La communaut\u00e9 rend hommage \u00e0 la l\u00e9gende locale du hockey \u00ab Charlie \u00bb Lavictoire - Vision\" \/>\n<meta property=\"og:description\" content=\"La communaut\u00e9 de Clarence Creek a rendu hommage \u00e0 une l\u00e9gende locale du hockey d\u2019une mani\u00e8re sp\u00e9ciale le week-end dernier.\u00a0 Avant la mise au jeu du match des entra\u00eeneurs de l\u2019Association de hockey mineur de Clarence Creek, le samedi 14 d\u00e9cembre, les repr\u00e9sentants de l\u2019association de hockey ont d\u00e9voil\u00e9 un chandail en l\u2019honneur de Jean-Charles [&hellip;]\" \/>\n<meta property=\"og:url\" content=\"https:\/\/visionrockland.ca\/en\/sports-loisirs\/la-communaute-rend-hommage-a-la-legende-locale-du-hockey-charlie-lavictoire\/\" \/>\n<meta property=\"og:site_name\" content=\"Vision\" \/>\n<meta property=\"article:published_time\" content=\"2024-12-20T15:28:57+00:00\" \/>\n<meta property=\"article:modified_time\" content=\"2026-02-17T19:51:34+00:00\" \/>\n<meta property=\"og:image\" content=\"https:\/\/cdn.editionap.ca\/wp-content\/uploads\/sites\/3\/2024\/12\/Lavictoire-family.jpg\" \/>\n\t<meta property=\"og:image:width\" content=\"1920\" \/>\n\t<meta property=\"og:image:height\" content=\"1280\" \/>\n\t<meta property=\"og:image:type\" content=\"image\/jpeg\" \/>\n<meta name=\"author\" content=\"Anil Jhalli\" \/>\n<meta name=\"twitter:card\" content=\"summary_large_image\" \/>\n<meta name=\"twitter:label1\" content=\"Written by\" \/>\n\t<meta name=\"twitter:data1\" content=\"Anil Jhalli\" \/>\n\t<meta name=\"twitter:label2\" content=\"Est. reading time\" \/>\n\t<meta name=\"twitter:data2\" content=\"4 minutes\" \/>\n<script type=\"application\/ld+json\" class=\"yoast-schema-graph\">{\"@context\":\"https:\\\/\\\/schema.org\",\"@graph\":[{\"@type\":\"Article\",\"@id\":\"https:\\\/\\\/visionrockland.ca\\\/en\\\/sports-loisirs\\\/la-communaute-rend-hommage-a-la-legende-locale-du-hockey-charlie-lavictoire\\\/#article\",\"isPartOf\":{\"@id\":\"https:\\\/\\\/visionrockland.ca\\\/en\\\/sports-loisirs\\\/la-communaute-rend-hommage-a-la-legende-locale-du-hockey-charlie-lavictoire\\\/\"},\"author\":{\"name\":\"Anil Jhalli\",\"@id\":\"https:\\\/\\\/visionrockland.ca\\\/en\\\/#\\\/schema\\\/person\\\/a09095fdf65e09e747105760fe90175c\"},\"headline\":\"La communaut\u00e9 rend hommage \u00e0 la l\u00e9gende locale du hockey \u00ab Charlie \u00bb Lavictoire\",\"datePublished\":\"2024-12-20T15:28:57+00:00\",\"dateModified\":\"2026-02-17T19:51:34+00:00\",\"mainEntityOfPage\":{\"@id\":\"https:\\\/\\\/visionrockland.ca\\\/en\\\/sports-loisirs\\\/la-communaute-rend-hommage-a-la-legende-locale-du-hockey-charlie-lavictoire\\\/\"},\"wordCount\":793,\"image\":{\"@id\":\"https:\\\/\\\/visionrockland.ca\\\/en\\\/sports-loisirs\\\/la-communaute-rend-hommage-a-la-legende-locale-du-hockey-charlie-lavictoire\\\/#primaryimage\"},\"thumbnailUrl\":\"https:\\\/\\\/cdn.editionap.ca\\\/wp-content\\\/uploads\\\/sites\\\/3\\\/2024\\\/12\\\/Lavictoire-family.jpg\",\"articleSection\":[\"Sports et loisirs\"],\"inLanguage\":\"en-US\"},{\"@type\":\"WebPage\",\"@id\":\"https:\\\/\\\/visionrockland.ca\\\/en\\\/sports-loisirs\\\/la-communaute-rend-hommage-a-la-legende-locale-du-hockey-charlie-lavictoire\\\/\",\"url\":\"https:\\\/\\\/visionrockland.ca\\\/en\\\/sports-loisirs\\\/la-communaute-rend-hommage-a-la-legende-locale-du-hockey-charlie-lavictoire\\\/\",\"name\":\"La communaut\u00e9 rend hommage \u00e0 la l\u00e9gende locale du hockey \u00ab Charlie \u00bb Lavictoire - Vision\",\"isPartOf\":{\"@id\":\"https:\\\/\\\/visionrockland.ca\\\/en\\\/#website\"},\"primaryImageOfPage\":{\"@id\":\"https:\\\/\\\/visionrockland.ca\\\/en\\\/sports-loisirs\\\/la-communaute-rend-hommage-a-la-legende-locale-du-hockey-charlie-lavictoire\\\/#primaryimage\"},\"image\":{\"@id\":\"https:\\\/\\\/visionrockland.ca\\\/en\\\/sports-loisirs\\\/la-communaute-rend-hommage-a-la-legende-locale-du-hockey-charlie-lavictoire\\\/#primaryimage\"},\"thumbnailUrl\":\"https:\\\/\\\/cdn.editionap.ca\\\/wp-content\\\/uploads\\\/sites\\\/3\\\/2024\\\/12\\\/Lavictoire-family.jpg\",\"datePublished\":\"2024-12-20T15:28:57+00:00\",\"dateModified\":\"2026-02-17T19:51:34+00:00\",\"author\":{\"@id\":\"https:\\\/\\\/visionrockland.ca\\\/en\\\/#\\\/schema\\\/person\\\/a09095fdf65e09e747105760fe90175c\"},\"breadcrumb\":{\"@id\":\"https:\\\/\\\/visionrockland.ca\\\/en\\\/sports-loisirs\\\/la-communaute-rend-hommage-a-la-legende-locale-du-hockey-charlie-lavictoire\\\/#breadcrumb\"},\"inLanguage\":\"en-US\",\"potentialAction\":[{\"@type\":\"ReadAction\",\"target\":[\"https:\\\/\\\/visionrockland.ca\\\/en\\\/sports-loisirs\\\/la-communaute-rend-hommage-a-la-legende-locale-du-hockey-charlie-lavictoire\\\/\"]}]},{\"@type\":\"ImageObject\",\"inLanguage\":\"en-US\",\"@id\":\"https:\\\/\\\/visionrockland.ca\\\/en\\\/sports-loisirs\\\/la-communaute-rend-hommage-a-la-legende-locale-du-hockey-charlie-lavictoire\\\/#primaryimage\",\"url\":\"https:\\\/\\\/cdn.editionap.ca\\\/wp-content\\\/uploads\\\/sites\\\/3\\\/2024\\\/12\\\/Lavictoire-family.jpg\",\"contentUrl\":\"https:\\\/\\\/cdn.editionap.ca\\\/wp-content\\\/uploads\\\/sites\\\/3\\\/2024\\\/12\\\/Lavictoire-family.jpg\",\"width\":1920,\"height\":1280,\"caption\":\"L'Association de hockey mineur de Clarence Creek a rendu hommage \u00e0 Jean Charles 'Charlie' Lavictoire, b\u00e9n\u00e9vole de longue date, avant le d\u00e9but de son match des entra\u00eeneurs le samedi 14 d\u00e9cembre \u00e0 l'ar\u00e9na de Clarence Creek. L'association de hockey a pr\u00e9sent\u00e9 \u00e0 la famille de Lavictoire un chandail encadr\u00e9 portant son nom, qui est maintenant expos\u00e9 \u00e0 l'ar\u00e9na. M. Lavictoire est d\u00e9c\u00e9d\u00e9 en septembre.\"},{\"@type\":\"BreadcrumbList\",\"@id\":\"https:\\\/\\\/visionrockland.ca\\\/en\\\/sports-loisirs\\\/la-communaute-rend-hommage-a-la-legende-locale-du-hockey-charlie-lavictoire\\\/#breadcrumb\",\"itemListElement\":[{\"@type\":\"ListItem\",\"position\":1,\"name\":\"Accueil\",\"item\":\"https:\\\/\\\/visionrockland.ca\\\/en\\\/\"},{\"@type\":\"ListItem\",\"position\":2,\"name\":\"La communaut\u00e9 rend hommage \u00e0 la l\u00e9gende locale du hockey \u00ab Charlie \u00bb Lavictoire\"}]},{\"@type\":\"WebSite\",\"@id\":\"https:\\\/\\\/visionrockland.ca\\\/en\\\/#website\",\"url\":\"https:\\\/\\\/visionrockland.ca\\\/en\\\/\",\"name\":\"Vision\",\"description\":\"\",\"potentialAction\":[{\"@type\":\"SearchAction\",\"target\":{\"@type\":\"EntryPoint\",\"urlTemplate\":\"https:\\\/\\\/visionrockland.ca\\\/en\\\/?s={search_term_string}\"},\"query-input\":{\"@type\":\"PropertyValueSpecification\",\"valueRequired\":true,\"valueName\":\"search_term_string\"}}],\"inLanguage\":\"en-US\"},{\"@type\":\"Person\",\"@id\":\"https:\\\/\\\/visionrockland.ca\\\/en\\\/#\\\/schema\\\/person\\\/a09095fdf65e09e747105760fe90175c\",\"name\":\"Anil Jhalli\",\"image\":{\"@type\":\"ImageObject\",\"inLanguage\":\"en-US\",\"@id\":\"https:\\\/\\\/secure.gravatar.com\\\/avatar\\\/63becc64fff8877a05400459aa003b94a1fdc8d3954acacc688ee6a2bc39fef8?s=96&d=mm&r=g\",\"url\":\"https:\\\/\\\/secure.gravatar.com\\\/avatar\\\/63becc64fff8877a05400459aa003b94a1fdc8d3954acacc688ee6a2bc39fef8?s=96&d=mm&r=g\",\"contentUrl\":\"https:\\\/\\\/secure.gravatar.com\\\/avatar\\\/63becc64fff8877a05400459aa003b94a1fdc8d3954acacc688ee6a2bc39fef8?s=96&d=mm&r=g\",\"caption\":\"Anil Jhalli\"}}]}<\/script>\n<!-- \/ Yoast SEO plugin. -->","yoast_head_json":{"title":"La communaut\u00e9 rend hommage \u00e0 la l\u00e9gende locale du hockey \u00ab Charlie \u00bb Lavictoire - Vision","robots":{"index":"index","follow":"follow","max-snippet":"max-snippet:-1","max-image-preview":"max-image-preview:large","max-video-preview":"max-video-preview:-1"},"canonical":"https:\/\/visionrockland.ca\/en\/sports-loisirs\/la-communaute-rend-hommage-a-la-legende-locale-du-hockey-charlie-lavictoire\/","og_locale":"en_US","og_type":"article","og_title":"La communaut\u00e9 rend hommage \u00e0 la l\u00e9gende locale du hockey \u00ab Charlie \u00bb Lavictoire - Vision","og_description":"La communaut\u00e9 de Clarence Creek a rendu hommage \u00e0 une l\u00e9gende locale du hockey d\u2019une mani\u00e8re sp\u00e9ciale le week-end dernier.\u00a0 Avant la mise au jeu du match des entra\u00eeneurs de l\u2019Association de hockey mineur de Clarence Creek, le samedi 14 d\u00e9cembre, les repr\u00e9sentants de l\u2019association de hockey ont d\u00e9voil\u00e9 un chandail en l\u2019honneur de Jean-Charles [&hellip;]","og_url":"https:\/\/visionrockland.ca\/en\/sports-loisirs\/la-communaute-rend-hommage-a-la-legende-locale-du-hockey-charlie-lavictoire\/","og_site_name":"Vision","article_published_time":"2024-12-20T15:28:57+00:00","article_modified_time":"2026-02-17T19:51:34+00:00","og_image":[{"width":1920,"height":1280,"url":"https:\/\/cdn.editionap.ca\/wp-content\/uploads\/sites\/3\/2024\/12\/Lavictoire-family.jpg","type":"image\/jpeg"}],"author":"Anil Jhalli","twitter_card":"summary_large_image","twitter_misc":{"Written by":"Anil Jhalli","Est. reading time":"4 minutes"},"schema":{"@context":"https:\/\/schema.org","@graph":[{"@type":"Article","@id":"https:\/\/visionrockland.ca\/en\/sports-loisirs\/la-communaute-rend-hommage-a-la-legende-locale-du-hockey-charlie-lavictoire\/#article","isPartOf":{"@id":"https:\/\/visionrockland.ca\/en\/sports-loisirs\/la-communaute-rend-hommage-a-la-legende-locale-du-hockey-charlie-lavictoire\/"},"author":{"name":"Anil Jhalli","@id":"https:\/\/visionrockland.ca\/en\/#\/schema\/person\/a09095fdf65e09e747105760fe90175c"},"headline":"La communaut\u00e9 rend hommage \u00e0 la l\u00e9gende locale du hockey \u00ab Charlie \u00bb Lavictoire","datePublished":"2024-12-20T15:28:57+00:00","dateModified":"2026-02-17T19:51:34+00:00","mainEntityOfPage":{"@id":"https:\/\/visionrockland.ca\/en\/sports-loisirs\/la-communaute-rend-hommage-a-la-legende-locale-du-hockey-charlie-lavictoire\/"},"wordCount":793,"image":{"@id":"https:\/\/visionrockland.ca\/en\/sports-loisirs\/la-communaute-rend-hommage-a-la-legende-locale-du-hockey-charlie-lavictoire\/#primaryimage"},"thumbnailUrl":"https:\/\/cdn.editionap.ca\/wp-content\/uploads\/sites\/3\/2024\/12\/Lavictoire-family.jpg","articleSection":["Sports et loisirs"],"inLanguage":"en-US"},{"@type":"WebPage","@id":"https:\/\/visionrockland.ca\/en\/sports-loisirs\/la-communaute-rend-hommage-a-la-legende-locale-du-hockey-charlie-lavictoire\/","url":"https:\/\/visionrockland.ca\/en\/sports-loisirs\/la-communaute-rend-hommage-a-la-legende-locale-du-hockey-charlie-lavictoire\/","name":"La communaut\u00e9 rend hommage \u00e0 la l\u00e9gende locale du hockey \u00ab Charlie \u00bb Lavictoire - Vision","isPartOf":{"@id":"https:\/\/visionrockland.ca\/en\/#website"},"primaryImageOfPage":{"@id":"https:\/\/visionrockland.ca\/en\/sports-loisirs\/la-communaute-rend-hommage-a-la-legende-locale-du-hockey-charlie-lavictoire\/#primaryimage"},"image":{"@id":"https:\/\/visionrockland.ca\/en\/sports-loisirs\/la-communaute-rend-hommage-a-la-legende-locale-du-hockey-charlie-lavictoire\/#primaryimage"},"thumbnailUrl":"https:\/\/cdn.editionap.ca\/wp-content\/uploads\/sites\/3\/2024\/12\/Lavictoire-family.jpg","datePublished":"2024-12-20T15:28:57+00:00","dateModified":"2026-02-17T19:51:34+00:00","author":{"@id":"https:\/\/visionrockland.ca\/en\/#\/schema\/person\/a09095fdf65e09e747105760fe90175c"},"breadcrumb":{"@id":"https:\/\/visionrockland.ca\/en\/sports-loisirs\/la-communaute-rend-hommage-a-la-legende-locale-du-hockey-charlie-lavictoire\/#breadcrumb"},"inLanguage":"en-US","potentialAction":[{"@type":"ReadAction","target":["https:\/\/visionrockland.ca\/en\/sports-loisirs\/la-communaute-rend-hommage-a-la-legende-locale-du-hockey-charlie-lavictoire\/"]}]},{"@type":"ImageObject","inLanguage":"en-US","@id":"https:\/\/visionrockland.ca\/en\/sports-loisirs\/la-communaute-rend-hommage-a-la-legende-locale-du-hockey-charlie-lavictoire\/#primaryimage","url":"https:\/\/cdn.editionap.ca\/wp-content\/uploads\/sites\/3\/2024\/12\/Lavictoire-family.jpg","contentUrl":"https:\/\/cdn.editionap.ca\/wp-content\/uploads\/sites\/3\/2024\/12\/Lavictoire-family.jpg","width":1920,"height":1280,"caption":"L'Association de hockey mineur de Clarence Creek a rendu hommage \u00e0 Jean Charles 'Charlie' Lavictoire, b\u00e9n\u00e9vole de longue date, avant le d\u00e9but de son match des entra\u00eeneurs le samedi 14 d\u00e9cembre \u00e0 l'ar\u00e9na de Clarence Creek. L'association de hockey a pr\u00e9sent\u00e9 \u00e0 la famille de Lavictoire un chandail encadr\u00e9 portant son nom, qui est maintenant expos\u00e9 \u00e0 l'ar\u00e9na. M. Lavictoire est d\u00e9c\u00e9d\u00e9 en septembre."},{"@type":"BreadcrumbList","@id":"https:\/\/visionrockland.ca\/en\/sports-loisirs\/la-communaute-rend-hommage-a-la-legende-locale-du-hockey-charlie-lavictoire\/#breadcrumb","itemListElement":[{"@type":"ListItem","position":1,"name":"Accueil","item":"https:\/\/visionrockland.ca\/en\/"},{"@type":"ListItem","position":2,"name":"La communaut\u00e9 rend hommage \u00e0 la l\u00e9gende locale du hockey \u00ab Charlie \u00bb Lavictoire"}]},{"@type":"WebSite","@id":"https:\/\/visionrockland.ca\/en\/#website","url":"https:\/\/visionrockland.ca\/en\/","name":"Vision","description":"","potentialAction":[{"@type":"SearchAction","target":{"@type":"EntryPoint","urlTemplate":"https:\/\/visionrockland.ca\/en\/?s={search_term_string}"},"query-input":{"@type":"PropertyValueSpecification","valueRequired":true,"valueName":"search_term_string"}}],"inLanguage":"en-US"},{"@type":"Person","@id":"https:\/\/visionrockland.ca\/en\/#\/schema\/person\/a09095fdf65e09e747105760fe90175c","name":"Anil Jhalli","image":{"@type":"ImageObject","inLanguage":"en-US","@id":"https:\/\/secure.gravatar.com\/avatar\/63becc64fff8877a05400459aa003b94a1fdc8d3954acacc688ee6a2bc39fef8?s=96&d=mm&r=g","url":"https:\/\/secure.gravatar.com\/avatar\/63becc64fff8877a05400459aa003b94a1fdc8d3954acacc688ee6a2bc39fef8?s=96&d=mm&r=g","contentUrl":"https:\/\/secure.gravatar.com\/avatar\/63becc64fff8877a05400459aa003b94a1fdc8d3954acacc688ee6a2bc39fef8?s=96&d=mm&r=g","caption":"Anil Jhalli"}}]}},"_links":{"self":[{"href":"https:\/\/visionrockland.ca\/en\/wp-json\/wp\/v2\/posts\/104551","targetHints":{"allow":["GET"]}}],"collection":[{"href":"https:\/\/visionrockland.ca\/en\/wp-json\/wp\/v2\/posts"}],"about":[{"href":"https:\/\/visionrockland.ca\/en\/wp-json\/wp\/v2\/types\/post"}],"author":[{"embeddable":true,"href":"https:\/\/visionrockland.ca\/en\/wp-json\/wp\/v2\/users\/27"}],"replies":[{"embeddable":true,"href":"https:\/\/visionrockland.ca\/en\/wp-json\/wp\/v2\/comments?post=104551"}],"version-history":[{"count":1,"href":"https:\/\/visionrockland.ca\/en\/wp-json\/wp\/v2\/posts\/104551\/revisions"}],"predecessor-version":[{"id":132408,"href":"https:\/\/visionrockland.ca\/en\/wp-json\/wp\/v2\/posts\/104551\/revisions\/132408"}],"wp:featuredmedia":[{"embeddable":true,"href":"https:\/\/visionrockland.ca\/en\/wp-json\/wp\/v2\/media\/104552"}],"wp:attachment":[{"href":"https:\/\/visionrockland.ca\/en\/wp-json\/wp\/v2\/media?parent=104551"}],"wp:term":[{"taxonomy":"category","embeddable":true,"href":"https:\/\/visionrockland.ca\/en\/wp-json\/wp\/v2\/categories?post=104551"},{"taxonomy":"post_tag","embeddable":true,"href":"https:\/\/visionrockland.ca\/en\/wp-json\/wp\/v2\/tags?post=104551"}],"curies":[{"name":"wp","href":"https:\/\/api.w.org\/{rel}","templated":true}]}}