{"id":104548,"date":"2024-12-20T10:19:10","date_gmt":"2024-12-20T15:19:10","guid":{"rendered":"https:\/\/editionap.ca\/?p=104548"},"modified":"2026-02-17T20:51:34","modified_gmt":"2026-02-17T19:51:34","slug":"maxime-filion-de-rockland-repeche-dans-la-ligue-canadienne-de-soccer-professionnel","status":"publish","type":"post","link":"https:\/\/visionrockland.ca\/en\/sports-loisirs\/maxime-filion-de-rockland-repeche-dans-la-ligue-canadienne-de-soccer-professionnel\/","title":{"rendered":"Maxime Filion, de Rockland, rep\u00each\u00e9 dans la Ligue canadienne de soccer professionnel"},"content":{"rendered":"<p><b><span data-contrast=\"none\">Maxime Filion ne croyait pas qu\u2019une carri\u00e8re dans la Canadian Premiere League (CPL) \u00e9tait une possibilit\u00e9 apr\u00e8s une ann\u00e9e marqu\u00e9e par des blessures.<\/span><\/b><span data-ccp-props=\"{&quot;201341983&quot;:0,&quot;335551550&quot;:6,&quot;335551620&quot;:6,&quot;335559739&quot;:0,&quot;335559740&quot;:288}\">\u00a0<\/span><\/p>\n<p><span data-contrast=\"none\">Mais un seul appel t\u00e9l\u00e9phonique a tout chang\u00e9 pour le natif de Rockland.<\/span><\/p>\n<p>Filion, qui a commenc\u00e9 \u00e0 jouer au soccer \u00e0 l\u2019\u00e2ge de 10 ans dans une ligue maison de Rockland, a \u00e9t\u00e9 rep\u00each\u00e9 au deuxi\u00e8me tour du rep\u00eachage CPL-U SPORTS par Forge FC, \u00e0 Hamilton.<\/p>\n<p><span data-contrast=\"none\">\u00ab Je ne pensais vraiment pas avoir une chance d\u2019\u00eatre s\u00e9lectionn\u00e9 cette ann\u00e9e, simplement \u00e0 cause de toutes les blessures que j\u2019ai eues \u00bb, a d\u00e9clar\u00e9 M. Filion, notant qu\u2019il a \u00e9t\u00e9 g\u00ean\u00e9 par des blessures aux genoux, aux chevilles et \u00e0 d\u2019autres endroits durant la derni\u00e8re saison avec les Carabins de l\u2019Universit\u00e9 de Montr\u00e9al. \u00ab C\u2019est un sentiment incroyable de recevoir cet appel. Je n\u2019en revenais pas. \u00bb<\/span><span data-ccp-props=\"{&quot;201341983&quot;:2,&quot;335551550&quot;:6,&quot;335551620&quot;:6,&quot;335559731&quot;:240,&quot;335559739&quot;:0,&quot;335559740&quot;:240}\">\u00a0<\/span><\/p>\n<p><span data-contrast=\"none\">Le joueur de 21 ans a connu une saison 2024 remarquable avec les Carabins, o\u00f9 il a disput\u00e9 11 matchs et inscrit un impressionnant total de neuf buts, aidant ainsi l\u2019UdeM \u00e0 remporter le championnat du Qu\u00e9bec et \u00e0 se qualifier pour la finale nationale U SPORTS.<\/span><\/p>\n<p>Filion, qui a perfectionn\u00e9 ses comp\u00e9tences avec Ottawa South United en League 1, a \u00e9t\u00e9 invit\u00e9 \u00e0 participer au camp d\u2019entra\u00eenement de pr\u00e9-saison avec la possibilit\u00e9 de signer un contrat de d\u00e9veloppement CPL-U SPORTS. Ce contrat permet \u00e0 un \u00e9tudiant-athl\u00e8te ayant entre une et quatre ann\u00e9es d\u2019admissibilit\u00e9 U SPORTS restantes de signer avec un club de la CPL tout en pr\u00e9servant son admissibilit\u00e9 pour retourner \u00e0 la comp\u00e9tition U SPORTS.<\/p>\n<p><span data-contrast=\"none\">\u00ab J\u2019\u00e9tais plong\u00e9 dans mes examens \u00e0 l\u2019\u00e9cole, et quand j\u2019ai re\u00e7u l\u2019appel, je n\u2019ai pens\u00e9 \u00e0 rien d\u2019autre \u00bb, a dit M. Filion, qui \u00e9tudie pour devenir ing\u00e9nieur \u00e9lectricien. \u00ab J\u2019\u00e9tais tellement excit\u00e9 et je me suis dit que tout ce travail acharn\u00e9 porte enfin ses fruits, surtout quand je croyais vraiment ne pas avoir de chance cette ann\u00e9e. \u00bb<\/span><span data-ccp-props=\"{&quot;201341983&quot;:2,&quot;335551550&quot;:6,&quot;335551620&quot;:6,&quot;335559731&quot;:240,&quot;335559739&quot;:0,&quot;335559740&quot;:240}\">\u00a0<\/span><\/p>\n<p><span data-contrast=\"none\">Bien qu\u2019il soit actuellement concentr\u00e9 sur ses examens et autres exigences de fin de semestre \u00e0 l\u2019universit\u00e9, M. Filion sait que l\u2019occasion qui lui est offerte est une chance qu\u2019il ne laissera pas passer.<\/span><span data-ccp-props=\"{&quot;201341983&quot;:2,&quot;335551550&quot;:6,&quot;335551620&quot;:6,&quot;335559731&quot;:240,&quot;335559739&quot;:0,&quot;335559740&quot;:240}\">\u00a0<\/span><\/p>\n<p><span data-contrast=\"none\">\u00ab C\u2019\u00e9tait un objectif, un r\u00eave, un chemin que je pensais hors de ma port\u00e9e \u00bb, a d\u00e9clar\u00e9 M. Filion. \u00ab C\u2019est r\u00e9el maintenant. Je peux me concentrer sur l\u2019\u00e9cole, puis pr\u00e9parer mon esprit pour le camp d\u2019entra\u00eenement. \u00bb<\/span><span data-ccp-props=\"{&quot;201341983&quot;:2,&quot;335551550&quot;:6,&quot;335551620&quot;:6,&quot;335559731&quot;:240,&quot;335559739&quot;:0,&quot;335559740&quot;:240}\">\u00a0<\/span><\/p>\n<p><span data-contrast=\"none\">Filion a affirm\u00e9 qu\u2019il serait pr\u00eat pour le camp d\u2019entra\u00eenement, qui commence en janvier.<\/span><span data-ccp-props=\"{&quot;201341983&quot;:2,&quot;335551550&quot;:6,&quot;335551620&quot;:6,&quot;335559731&quot;:240,&quot;335559739&quot;:0,&quot;335559740&quot;:240}\">\u00a0<\/span><\/p>\n","protected":false},"excerpt":{"rendered":"<p>Maxime Filion ne croyait pas qu\u2019une carri\u00e8re dans la Canadian Premiere League (CPL) \u00e9tait une possibilit\u00e9 apr\u00e8s une ann\u00e9e marqu\u00e9e par des blessures.\u00a0 Mais un seul appel t\u00e9l\u00e9phonique a tout chang\u00e9 pour le natif de Rockland. Filion, qui a commenc\u00e9 \u00e0 jouer au soccer \u00e0 l\u2019\u00e2ge de 10 ans dans une ligue maison de Rockland, [&hellip;]<\/p>\n","protected":false},"author":27,"featured_media":104549,"comment_status":"closed","ping_status":"open","sticky":false,"template":"","format":"standard","meta":{"_acf_changed":false,"footnotes":""},"categories":[38],"tags":[],"class_list":["post-104548","post","type-post","status-publish","format-standard","has-post-thumbnail","hentry","category-sports-loisirs"],"acf":[],"featured_media_global":[],"yoast_head":"<!-- This site is optimized with the Yoast SEO plugin v27.5 - https:\/\/yoast.com\/product\/yoast-seo-wordpress\/ -->\n<title>Maxime Filion, de Rockland, rep\u00each\u00e9 dans la Ligue canadienne de soccer professionnel - Vision<\/title>\n<meta name=\"robots\" content=\"index, follow, max-snippet:-1, max-image-preview:large, max-video-preview:-1\" \/>\n<link rel=\"canonical\" href=\"https:\/\/visionrockland.ca\/en\/sports-loisirs\/maxime-filion-de-rockland-repeche-dans-la-ligue-canadienne-de-soccer-professionnel\/\" \/>\n<meta property=\"og:locale\" content=\"en_US\" \/>\n<meta property=\"og:type\" content=\"article\" \/>\n<meta property=\"og:title\" content=\"Maxime Filion, de Rockland, rep\u00each\u00e9 dans la Ligue canadienne de soccer professionnel - Vision\" \/>\n<meta property=\"og:description\" content=\"Maxime Filion ne croyait pas qu\u2019une carri\u00e8re dans la Canadian Premiere League (CPL) \u00e9tait une possibilit\u00e9 apr\u00e8s une ann\u00e9e marqu\u00e9e par des blessures.\u00a0 Mais un seul appel t\u00e9l\u00e9phonique a tout chang\u00e9 pour le natif de Rockland. Filion, qui a commenc\u00e9 \u00e0 jouer au soccer \u00e0 l\u2019\u00e2ge de 10 ans dans une ligue maison de Rockland, [&hellip;]\" \/>\n<meta property=\"og:url\" content=\"https:\/\/visionrockland.ca\/en\/sports-loisirs\/maxime-filion-de-rockland-repeche-dans-la-ligue-canadienne-de-soccer-professionnel\/\" \/>\n<meta property=\"og:site_name\" content=\"Vision\" \/>\n<meta property=\"article:published_time\" content=\"2024-12-20T15:19:10+00:00\" \/>\n<meta property=\"article:modified_time\" content=\"2026-02-17T19:51:34+00:00\" \/>\n<meta property=\"og:image\" content=\"https:\/\/cdn.editionap.ca\/wp-content\/uploads\/sites\/3\/2024\/12\/Maxime-Filion-2.jpg\" \/>\n\t<meta property=\"og:image:width\" content=\"475\" \/>\n\t<meta property=\"og:image:height\" content=\"475\" \/>\n\t<meta property=\"og:image:type\" content=\"image\/jpeg\" \/>\n<meta name=\"author\" content=\"Anil Jhalli\" \/>\n<meta name=\"twitter:card\" content=\"summary_large_image\" \/>\n<meta name=\"twitter:label1\" content=\"Written by\" \/>\n\t<meta name=\"twitter:data1\" content=\"Anil Jhalli\" \/>\n\t<meta name=\"twitter:label2\" content=\"Est. reading time\" \/>\n\t<meta name=\"twitter:data2\" content=\"3 minutes\" \/>\n<script type=\"application\/ld+json\" class=\"yoast-schema-graph\">{\"@context\":\"https:\\\/\\\/schema.org\",\"@graph\":[{\"@type\":\"Article\",\"@id\":\"https:\\\/\\\/visionrockland.ca\\\/en\\\/sports-loisirs\\\/maxime-filion-de-rockland-repeche-dans-la-ligue-canadienne-de-soccer-professionnel\\\/#article\",\"isPartOf\":{\"@id\":\"https:\\\/\\\/visionrockland.ca\\\/en\\\/sports-loisirs\\\/maxime-filion-de-rockland-repeche-dans-la-ligue-canadienne-de-soccer-professionnel\\\/\"},\"author\":{\"name\":\"Anil Jhalli\",\"@id\":\"https:\\\/\\\/visionrockland.ca\\\/en\\\/#\\\/schema\\\/person\\\/a09095fdf65e09e747105760fe90175c\"},\"headline\":\"Maxime Filion, de Rockland, rep\u00each\u00e9 dans la Ligue canadienne de soccer professionnel\",\"datePublished\":\"2024-12-20T15:19:10+00:00\",\"dateModified\":\"2026-02-17T19:51:34+00:00\",\"mainEntityOfPage\":{\"@id\":\"https:\\\/\\\/visionrockland.ca\\\/en\\\/sports-loisirs\\\/maxime-filion-de-rockland-repeche-dans-la-ligue-canadienne-de-soccer-professionnel\\\/\"},\"wordCount\":451,\"image\":{\"@id\":\"https:\\\/\\\/visionrockland.ca\\\/en\\\/sports-loisirs\\\/maxime-filion-de-rockland-repeche-dans-la-ligue-canadienne-de-soccer-professionnel\\\/#primaryimage\"},\"thumbnailUrl\":\"https:\\\/\\\/cdn.editionap.ca\\\/wp-content\\\/uploads\\\/sites\\\/3\\\/2024\\\/12\\\/Maxime-Filion-2.jpg\",\"articleSection\":[\"Sports et loisirs\"],\"inLanguage\":\"en-US\"},{\"@type\":\"WebPage\",\"@id\":\"https:\\\/\\\/visionrockland.ca\\\/en\\\/sports-loisirs\\\/maxime-filion-de-rockland-repeche-dans-la-ligue-canadienne-de-soccer-professionnel\\\/\",\"url\":\"https:\\\/\\\/visionrockland.ca\\\/en\\\/sports-loisirs\\\/maxime-filion-de-rockland-repeche-dans-la-ligue-canadienne-de-soccer-professionnel\\\/\",\"name\":\"Maxime Filion, de Rockland, rep\u00each\u00e9 dans la Ligue canadienne de soccer professionnel - Vision\",\"isPartOf\":{\"@id\":\"https:\\\/\\\/visionrockland.ca\\\/en\\\/#website\"},\"primaryImageOfPage\":{\"@id\":\"https:\\\/\\\/visionrockland.ca\\\/en\\\/sports-loisirs\\\/maxime-filion-de-rockland-repeche-dans-la-ligue-canadienne-de-soccer-professionnel\\\/#primaryimage\"},\"image\":{\"@id\":\"https:\\\/\\\/visionrockland.ca\\\/en\\\/sports-loisirs\\\/maxime-filion-de-rockland-repeche-dans-la-ligue-canadienne-de-soccer-professionnel\\\/#primaryimage\"},\"thumbnailUrl\":\"https:\\\/\\\/cdn.editionap.ca\\\/wp-content\\\/uploads\\\/sites\\\/3\\\/2024\\\/12\\\/Maxime-Filion-2.jpg\",\"datePublished\":\"2024-12-20T15:19:10+00:00\",\"dateModified\":\"2026-02-17T19:51:34+00:00\",\"author\":{\"@id\":\"https:\\\/\\\/visionrockland.ca\\\/en\\\/#\\\/schema\\\/person\\\/a09095fdf65e09e747105760fe90175c\"},\"breadcrumb\":{\"@id\":\"https:\\\/\\\/visionrockland.ca\\\/en\\\/sports-loisirs\\\/maxime-filion-de-rockland-repeche-dans-la-ligue-canadienne-de-soccer-professionnel\\\/#breadcrumb\"},\"inLanguage\":\"en-US\",\"potentialAction\":[{\"@type\":\"ReadAction\",\"target\":[\"https:\\\/\\\/visionrockland.ca\\\/en\\\/sports-loisirs\\\/maxime-filion-de-rockland-repeche-dans-la-ligue-canadienne-de-soccer-professionnel\\\/\"]}]},{\"@type\":\"ImageObject\",\"inLanguage\":\"en-US\",\"@id\":\"https:\\\/\\\/visionrockland.ca\\\/en\\\/sports-loisirs\\\/maxime-filion-de-rockland-repeche-dans-la-ligue-canadienne-de-soccer-professionnel\\\/#primaryimage\",\"url\":\"https:\\\/\\\/cdn.editionap.ca\\\/wp-content\\\/uploads\\\/sites\\\/3\\\/2024\\\/12\\\/Maxime-Filion-2.jpg\",\"contentUrl\":\"https:\\\/\\\/cdn.editionap.ca\\\/wp-content\\\/uploads\\\/sites\\\/3\\\/2024\\\/12\\\/Maxime-Filion-2.jpg\",\"width\":475,\"height\":475,\"caption\":\"Maxime Filion, de Rockland, a \u00e9t\u00e9 rep\u00each\u00e9 en deuxi\u00e8me ronde du rep\u00eachage de la LPC-U SPORTS par le Forge FC\"},{\"@type\":\"BreadcrumbList\",\"@id\":\"https:\\\/\\\/visionrockland.ca\\\/en\\\/sports-loisirs\\\/maxime-filion-de-rockland-repeche-dans-la-ligue-canadienne-de-soccer-professionnel\\\/#breadcrumb\",\"itemListElement\":[{\"@type\":\"ListItem\",\"position\":1,\"name\":\"Accueil\",\"item\":\"https:\\\/\\\/visionrockland.ca\\\/en\\\/\"},{\"@type\":\"ListItem\",\"position\":2,\"name\":\"Maxime Filion, de Rockland, rep\u00each\u00e9 dans la Ligue canadienne de soccer professionnel\"}]},{\"@type\":\"WebSite\",\"@id\":\"https:\\\/\\\/visionrockland.ca\\\/en\\\/#website\",\"url\":\"https:\\\/\\\/visionrockland.ca\\\/en\\\/\",\"name\":\"Vision\",\"description\":\"\",\"potentialAction\":[{\"@type\":\"SearchAction\",\"target\":{\"@type\":\"EntryPoint\",\"urlTemplate\":\"https:\\\/\\\/visionrockland.ca\\\/en\\\/?s={search_term_string}\"},\"query-input\":{\"@type\":\"PropertyValueSpecification\",\"valueRequired\":true,\"valueName\":\"search_term_string\"}}],\"inLanguage\":\"en-US\"},{\"@type\":\"Person\",\"@id\":\"https:\\\/\\\/visionrockland.ca\\\/en\\\/#\\\/schema\\\/person\\\/a09095fdf65e09e747105760fe90175c\",\"name\":\"Anil Jhalli\",\"image\":{\"@type\":\"ImageObject\",\"inLanguage\":\"en-US\",\"@id\":\"https:\\\/\\\/secure.gravatar.com\\\/avatar\\\/63becc64fff8877a05400459aa003b94a1fdc8d3954acacc688ee6a2bc39fef8?s=96&d=mm&r=g\",\"url\":\"https:\\\/\\\/secure.gravatar.com\\\/avatar\\\/63becc64fff8877a05400459aa003b94a1fdc8d3954acacc688ee6a2bc39fef8?s=96&d=mm&r=g\",\"contentUrl\":\"https:\\\/\\\/secure.gravatar.com\\\/avatar\\\/63becc64fff8877a05400459aa003b94a1fdc8d3954acacc688ee6a2bc39fef8?s=96&d=mm&r=g\",\"caption\":\"Anil Jhalli\"}}]}<\/script>\n<!-- \/ Yoast SEO plugin. -->","yoast_head_json":{"title":"Maxime Filion, de Rockland, rep\u00each\u00e9 dans la Ligue canadienne de soccer professionnel - Vision","robots":{"index":"index","follow":"follow","max-snippet":"max-snippet:-1","max-image-preview":"max-image-preview:large","max-video-preview":"max-video-preview:-1"},"canonical":"https:\/\/visionrockland.ca\/en\/sports-loisirs\/maxime-filion-de-rockland-repeche-dans-la-ligue-canadienne-de-soccer-professionnel\/","og_locale":"en_US","og_type":"article","og_title":"Maxime Filion, de Rockland, rep\u00each\u00e9 dans la Ligue canadienne de soccer professionnel - Vision","og_description":"Maxime Filion ne croyait pas qu\u2019une carri\u00e8re dans la Canadian Premiere League (CPL) \u00e9tait une possibilit\u00e9 apr\u00e8s une ann\u00e9e marqu\u00e9e par des blessures.\u00a0 Mais un seul appel t\u00e9l\u00e9phonique a tout chang\u00e9 pour le natif de Rockland. Filion, qui a commenc\u00e9 \u00e0 jouer au soccer \u00e0 l\u2019\u00e2ge de 10 ans dans une ligue maison de Rockland, [&hellip;]","og_url":"https:\/\/visionrockland.ca\/en\/sports-loisirs\/maxime-filion-de-rockland-repeche-dans-la-ligue-canadienne-de-soccer-professionnel\/","og_site_name":"Vision","article_published_time":"2024-12-20T15:19:10+00:00","article_modified_time":"2026-02-17T19:51:34+00:00","og_image":[{"width":475,"height":475,"url":"https:\/\/cdn.editionap.ca\/wp-content\/uploads\/sites\/3\/2024\/12\/Maxime-Filion-2.jpg","type":"image\/jpeg"}],"author":"Anil Jhalli","twitter_card":"summary_large_image","twitter_misc":{"Written by":"Anil Jhalli","Est. reading time":"3 minutes"},"schema":{"@context":"https:\/\/schema.org","@graph":[{"@type":"Article","@id":"https:\/\/visionrockland.ca\/en\/sports-loisirs\/maxime-filion-de-rockland-repeche-dans-la-ligue-canadienne-de-soccer-professionnel\/#article","isPartOf":{"@id":"https:\/\/visionrockland.ca\/en\/sports-loisirs\/maxime-filion-de-rockland-repeche-dans-la-ligue-canadienne-de-soccer-professionnel\/"},"author":{"name":"Anil Jhalli","@id":"https:\/\/visionrockland.ca\/en\/#\/schema\/person\/a09095fdf65e09e747105760fe90175c"},"headline":"Maxime Filion, de Rockland, rep\u00each\u00e9 dans la Ligue canadienne de soccer professionnel","datePublished":"2024-12-20T15:19:10+00:00","dateModified":"2026-02-17T19:51:34+00:00","mainEntityOfPage":{"@id":"https:\/\/visionrockland.ca\/en\/sports-loisirs\/maxime-filion-de-rockland-repeche-dans-la-ligue-canadienne-de-soccer-professionnel\/"},"wordCount":451,"image":{"@id":"https:\/\/visionrockland.ca\/en\/sports-loisirs\/maxime-filion-de-rockland-repeche-dans-la-ligue-canadienne-de-soccer-professionnel\/#primaryimage"},"thumbnailUrl":"https:\/\/cdn.editionap.ca\/wp-content\/uploads\/sites\/3\/2024\/12\/Maxime-Filion-2.jpg","articleSection":["Sports et loisirs"],"inLanguage":"en-US"},{"@type":"WebPage","@id":"https:\/\/visionrockland.ca\/en\/sports-loisirs\/maxime-filion-de-rockland-repeche-dans-la-ligue-canadienne-de-soccer-professionnel\/","url":"https:\/\/visionrockland.ca\/en\/sports-loisirs\/maxime-filion-de-rockland-repeche-dans-la-ligue-canadienne-de-soccer-professionnel\/","name":"Maxime Filion, de Rockland, rep\u00each\u00e9 dans la Ligue canadienne de soccer professionnel - Vision","isPartOf":{"@id":"https:\/\/visionrockland.ca\/en\/#website"},"primaryImageOfPage":{"@id":"https:\/\/visionrockland.ca\/en\/sports-loisirs\/maxime-filion-de-rockland-repeche-dans-la-ligue-canadienne-de-soccer-professionnel\/#primaryimage"},"image":{"@id":"https:\/\/visionrockland.ca\/en\/sports-loisirs\/maxime-filion-de-rockland-repeche-dans-la-ligue-canadienne-de-soccer-professionnel\/#primaryimage"},"thumbnailUrl":"https:\/\/cdn.editionap.ca\/wp-content\/uploads\/sites\/3\/2024\/12\/Maxime-Filion-2.jpg","datePublished":"2024-12-20T15:19:10+00:00","dateModified":"2026-02-17T19:51:34+00:00","author":{"@id":"https:\/\/visionrockland.ca\/en\/#\/schema\/person\/a09095fdf65e09e747105760fe90175c"},"breadcrumb":{"@id":"https:\/\/visionrockland.ca\/en\/sports-loisirs\/maxime-filion-de-rockland-repeche-dans-la-ligue-canadienne-de-soccer-professionnel\/#breadcrumb"},"inLanguage":"en-US","potentialAction":[{"@type":"ReadAction","target":["https:\/\/visionrockland.ca\/en\/sports-loisirs\/maxime-filion-de-rockland-repeche-dans-la-ligue-canadienne-de-soccer-professionnel\/"]}]},{"@type":"ImageObject","inLanguage":"en-US","@id":"https:\/\/visionrockland.ca\/en\/sports-loisirs\/maxime-filion-de-rockland-repeche-dans-la-ligue-canadienne-de-soccer-professionnel\/#primaryimage","url":"https:\/\/cdn.editionap.ca\/wp-content\/uploads\/sites\/3\/2024\/12\/Maxime-Filion-2.jpg","contentUrl":"https:\/\/cdn.editionap.ca\/wp-content\/uploads\/sites\/3\/2024\/12\/Maxime-Filion-2.jpg","width":475,"height":475,"caption":"Maxime Filion, de Rockland, a \u00e9t\u00e9 rep\u00each\u00e9 en deuxi\u00e8me ronde du rep\u00eachage de la LPC-U SPORTS par le Forge FC"},{"@type":"BreadcrumbList","@id":"https:\/\/visionrockland.ca\/en\/sports-loisirs\/maxime-filion-de-rockland-repeche-dans-la-ligue-canadienne-de-soccer-professionnel\/#breadcrumb","itemListElement":[{"@type":"ListItem","position":1,"name":"Accueil","item":"https:\/\/visionrockland.ca\/en\/"},{"@type":"ListItem","position":2,"name":"Maxime Filion, de Rockland, rep\u00each\u00e9 dans la Ligue canadienne de soccer professionnel"}]},{"@type":"WebSite","@id":"https:\/\/visionrockland.ca\/en\/#website","url":"https:\/\/visionrockland.ca\/en\/","name":"Vision","description":"","potentialAction":[{"@type":"SearchAction","target":{"@type":"EntryPoint","urlTemplate":"https:\/\/visionrockland.ca\/en\/?s={search_term_string}"},"query-input":{"@type":"PropertyValueSpecification","valueRequired":true,"valueName":"search_term_string"}}],"inLanguage":"en-US"},{"@type":"Person","@id":"https:\/\/visionrockland.ca\/en\/#\/schema\/person\/a09095fdf65e09e747105760fe90175c","name":"Anil Jhalli","image":{"@type":"ImageObject","inLanguage":"en-US","@id":"https:\/\/secure.gravatar.com\/avatar\/63becc64fff8877a05400459aa003b94a1fdc8d3954acacc688ee6a2bc39fef8?s=96&d=mm&r=g","url":"https:\/\/secure.gravatar.com\/avatar\/63becc64fff8877a05400459aa003b94a1fdc8d3954acacc688ee6a2bc39fef8?s=96&d=mm&r=g","contentUrl":"https:\/\/secure.gravatar.com\/avatar\/63becc64fff8877a05400459aa003b94a1fdc8d3954acacc688ee6a2bc39fef8?s=96&d=mm&r=g","caption":"Anil Jhalli"}}]}},"_links":{"self":[{"href":"https:\/\/visionrockland.ca\/en\/wp-json\/wp\/v2\/posts\/104548","targetHints":{"allow":["GET"]}}],"collection":[{"href":"https:\/\/visionrockland.ca\/en\/wp-json\/wp\/v2\/posts"}],"about":[{"href":"https:\/\/visionrockland.ca\/en\/wp-json\/wp\/v2\/types\/post"}],"author":[{"embeddable":true,"href":"https:\/\/visionrockland.ca\/en\/wp-json\/wp\/v2\/users\/27"}],"replies":[{"embeddable":true,"href":"https:\/\/visionrockland.ca\/en\/wp-json\/wp\/v2\/comments?post=104548"}],"version-history":[{"count":1,"href":"https:\/\/visionrockland.ca\/en\/wp-json\/wp\/v2\/posts\/104548\/revisions"}],"predecessor-version":[{"id":132409,"href":"https:\/\/visionrockland.ca\/en\/wp-json\/wp\/v2\/posts\/104548\/revisions\/132409"}],"wp:featuredmedia":[{"embeddable":true,"href":"https:\/\/visionrockland.ca\/en\/wp-json\/wp\/v2\/media\/104549"}],"wp:attachment":[{"href":"https:\/\/visionrockland.ca\/en\/wp-json\/wp\/v2\/media?parent=104548"}],"wp:term":[{"taxonomy":"category","embeddable":true,"href":"https:\/\/visionrockland.ca\/en\/wp-json\/wp\/v2\/categories?post=104548"},{"taxonomy":"post_tag","embeddable":true,"href":"https:\/\/visionrockland.ca\/en\/wp-json\/wp\/v2\/tags?post=104548"}],"curies":[{"name":"wp","href":"https:\/\/api.w.org\/{rel}","templated":true}]}}