{"id":104451,"date":"2024-12-13T09:49:10","date_gmt":"2024-12-13T14:49:10","guid":{"rendered":"https:\/\/editionap.ca\/?p=104451"},"modified":"2026-02-17T20:51:34","modified_gmt":"2026-02-17T19:51:34","slug":"metro-appuie-la-collecte-de-fonds-annuelle-du-cheo-organisee-par-une-famille-de-rockland","status":"publish","type":"post","link":"https:\/\/visionrockland.ca\/en\/societe\/metro-appuie-la-collecte-de-fonds-annuelle-du-cheo-organisee-par-une-famille-de-rockland\/","title":{"rendered":"Metro appuie la collecte de fonds annuelle du CHEO organis\u00e9e par une famille de Rockland"},"content":{"rendered":"<p><strong>Avec quatre enfants qui n\u00e9cessitent des soins m\u00e9dicaux r\u00e9guliers, les Albertini utilisent leur exposition annuelle de 40 000 lumi\u00e8res pour recueillir des fonds pour le Centre hospitalier pour enfants de l&#8217;est de l&#8217;Ontario (CHEO) depuis 2018.<\/strong><br \/>\nMais depuis qu&#8217;elle a d\u00e9m\u00e9nag\u00e9 d&#8217;Orl\u00e9ans \u00e0 Rockland il y a quelques ann\u00e9es, la famille a eu du mal \u00e0 attirer l&#8217;attention sur son nouvel emplacement, ce qui a mis en p\u00e9ril ses objectifs annuels de collecte de fonds.<br \/>\n\u00ab L&#8217;histoire de la famille Albertini est une source d&#8217;inspiration pour nous tous \u00bb, a d\u00e9clar\u00e9 Emily Jamieson, la vice-pr\u00e9sidente (VP) de la philanthropie d&#8217;entreprise et de l&#8217;engagement communautaire au CHEO. \u00ab Ils ont transform\u00e9 leur passion pour les lumi\u00e8res de No\u00ebl en une fa\u00e7on de redonner \u00e0 leur communaut\u00e9 et d&#8217;appuyer une cause qui leur tient \u00e0 c\u0153ur. Nous sommes tr\u00e8s reconnaissants de leur d\u00e9vouement \u00e0 la sant\u00e9 des enfants et des adolescents de notre communaut\u00e9 \u00ab .<br \/>\nPour aider la famille \u00e0 faire conna\u00eetre son projet de f\u00eate en 2024, les Albertini ont \u00e9t\u00e9 nomm\u00e9s l&#8217;un des trois \u00ab Metro Merrymakers \u00bb pour la saison des f\u00eates 2024. Metro couvre \u00e9galement les frais d&#8217;\u00e9lectricit\u00e9 et de publicit\u00e9 de la famille, fait un don de 1 000 $ au nom de la famille pour lancer sa collecte de fonds annuelle et verse une somme \u00e9quivalente \u00e0 tous les autres dons de la communaut\u00e9 au CHEO, jusqu&#8217;\u00e0 concurrence de 1 000 $.<br \/>\n\u00ab Pendant la p\u00e9riode des F\u00eates, l&#8217;esprit de g\u00e9n\u00e9rosit\u00e9 et de solidarit\u00e9 peut \u00eatre une lueur d&#8217;espoir pour de nombreuses personnes \u00bb, a d\u00e9clar\u00e9 Joe Fusso, vice-pr\u00e9sident principal de Metro. \u00ab Cependant, avec un Canadien sur cinq qui d\u00e9pendra des services de bienfaisance en 2023 et une baisse continue des dons au fil des ans, il est clair qu&#8217;un soutien accru est n\u00e9cessaire. Nos Metro Merrymakers illustrent l&#8217;impact extraordinaire que des personnes d\u00e9vou\u00e9es peuvent avoir sur leurs communaut\u00e9s. En amplifiant leurs efforts avec 15 000 $ de dons communautaires, Metro vise \u00e0 aider ces Merrymakers \u00e0 r\u00e9pandre encore plus de joie et \u00e0 faire une diff\u00e9rence encore plus grande pendant les f\u00eates de fin d&#8217;ann\u00e9e \u00bb.<br \/>\nMegan Albertini, une m\u00e8re de famille, est reconnaissante \u00e0 Metro d&#8217;\u00eatre intervenue au moment o\u00f9 la cha\u00eene de supermarch\u00e9s l&#8217;a fait.<br \/>\n\u00ab Hayden a \u00e9t\u00e9 diagnostiqu\u00e9 avec deux formes s\u00e9v\u00e8res d&#8217;\u00e9pilepsie en 2012 \u00bb, dit-elle. \u00ab Il adore No\u00ebl et n&#8217;a pas eu l&#8217;occasion de voir les lumi\u00e8res, alors mon mari a d\u00e9cid\u00e9 qu&#8217;il allait commencer \u00e0 d\u00e9corer t\u00f4t chaque ann\u00e9e&#8230; de cette fa\u00e7on, si Hayden se retrouvait \u00e0 l&#8217;h\u00f4pital en d\u00e9cembre, il aurait au moins vu un peu de joie de No\u00ebl. \u00bb<br \/>\nMegan ajoute que sa famille s&#8217;est rapproch\u00e9e du personnel du CHEO et qu&#8217;elle voulait trouver une fa\u00e7on de l&#8217;honorer.<br \/>\n\u00ab Nous sommes au CHEO plusieurs fois par semaine, nous y avons pratiquement v\u00e9cu pendant des ann\u00e9es \u00bb, ajoute Megan. \u00ab Mon mari, mes enfants et leurs amis nous ont tous aid\u00e9s \u00e0 monter l&#8217;exposition. C&#8217;\u00e9tait vraiment fantastique de voir \u00e0 quel point ils s&#8217;amusaient lorsqu&#8217;ils cr\u00e9aient cette exposition.<br \/>\nMegan admet que le fait de vivre \u00e0 Orl\u00e9ans a permis de mieux faire conna\u00eetre la famille, notamment lorsqu&#8217;elle a \u00e9t\u00e9 contact\u00e9e par plusieurs agences de presse, stations de radio et cha\u00eenes de t\u00e9l\u00e9vision d&#8217;Ottawa.<br \/>\n\u00ab Cela a \u00e9t\u00e9 difficile depuis que nous sommes ici &#8211; nous aimons absolument cette communaut\u00e9 &#8211; et nous sommes tr\u00e8s reconnaissants \u00e0 Metro de nous avoir soutenus \u00bb, a-t-elle ajout\u00e9.<br \/>\nLa famille esp\u00e8re r\u00e9colter 5 000 dollars cette ann\u00e9e. De plus amples informations sont disponibles sur le site cheofoundation.donordrive.com.<br \/>\nL&#8217;exposition Albertinis est situ\u00e9e au 1105, rue des Merisiers, \u00e0 Rockland. Les lumi\u00e8res seront allum\u00e9es tous les soirs de 17 h \u00e0 22 h \u00e0 partir du 1er d\u00e9cembre.<\/p>\n<p>&nbsp;<\/p>\n","protected":false},"excerpt":{"rendered":"<p>Avec quatre enfants qui n\u00e9cessitent des soins m\u00e9dicaux r\u00e9guliers, les Albertini utilisent leur exposition annuelle de 40 000 lumi\u00e8res pour recueillir des fonds pour le Centre hospitalier pour enfants de l&#8217;est de l&#8217;Ontario (CHEO) depuis 2018. Mais depuis qu&#8217;elle a d\u00e9m\u00e9nag\u00e9 d&#8217;Orl\u00e9ans \u00e0 Rockland il y a quelques ann\u00e9es, la famille a eu du mal [&hellip;]<\/p>\n","protected":false},"author":27,"featured_media":104452,"comment_status":"closed","ping_status":"open","sticky":false,"template":"","format":"standard","meta":{"_acf_changed":false,"footnotes":""},"categories":[40],"tags":[],"class_list":["post-104451","post","type-post","status-publish","format-standard","has-post-thumbnail","hentry","category-societe"],"acf":[],"featured_media_global":[],"yoast_head":"<!-- This site is optimized with the Yoast SEO plugin v27.4 - https:\/\/yoast.com\/product\/yoast-seo-wordpress\/ -->\n<title>Metro appuie la collecte de fonds annuelle du CHEO organis\u00e9e par une famille de Rockland - Vision<\/title>\n<meta name=\"robots\" content=\"index, follow, max-snippet:-1, max-image-preview:large, max-video-preview:-1\" \/>\n<link rel=\"canonical\" href=\"https:\/\/visionrockland.ca\/en\/societe\/metro-appuie-la-collecte-de-fonds-annuelle-du-cheo-organisee-par-une-famille-de-rockland\/\" \/>\n<meta property=\"og:locale\" content=\"en_US\" \/>\n<meta property=\"og:type\" content=\"article\" \/>\n<meta property=\"og:title\" content=\"Metro appuie la collecte de fonds annuelle du CHEO organis\u00e9e par une famille de Rockland - Vision\" \/>\n<meta property=\"og:description\" content=\"Avec quatre enfants qui n\u00e9cessitent des soins m\u00e9dicaux r\u00e9guliers, les Albertini utilisent leur exposition annuelle de 40 000 lumi\u00e8res pour recueillir des fonds pour le Centre hospitalier pour enfants de l&#8217;est de l&#8217;Ontario (CHEO) depuis 2018. Mais depuis qu&#8217;elle a d\u00e9m\u00e9nag\u00e9 d&#8217;Orl\u00e9ans \u00e0 Rockland il y a quelques ann\u00e9es, la famille a eu du mal [&hellip;]\" \/>\n<meta property=\"og:url\" content=\"https:\/\/visionrockland.ca\/en\/societe\/metro-appuie-la-collecte-de-fonds-annuelle-du-cheo-organisee-par-une-famille-de-rockland\/\" \/>\n<meta property=\"og:site_name\" content=\"Vision\" \/>\n<meta property=\"article:published_time\" content=\"2024-12-13T14:49:10+00:00\" \/>\n<meta property=\"article:modified_time\" content=\"2026-02-17T19:51:34+00:00\" \/>\n<meta property=\"og:image\" content=\"https:\/\/cdn.editionap.ca\/wp-content\/uploads\/sites\/3\/2024\/12\/CHEO-family-pic.png\" \/>\n\t<meta property=\"og:image:width\" content=\"1600\" \/>\n\t<meta property=\"og:image:height\" content=\"960\" \/>\n\t<meta property=\"og:image:type\" content=\"image\/png\" \/>\n<meta name=\"author\" content=\"Anil Jhalli\" \/>\n<meta name=\"twitter:card\" content=\"summary_large_image\" \/>\n<meta name=\"twitter:label1\" content=\"Written by\" \/>\n\t<meta name=\"twitter:data1\" content=\"Anil Jhalli\" \/>\n\t<meta name=\"twitter:label2\" content=\"Est. reading time\" \/>\n\t<meta name=\"twitter:data2\" content=\"4 minutes\" \/>\n<script type=\"application\/ld+json\" class=\"yoast-schema-graph\">{\"@context\":\"https:\\\/\\\/schema.org\",\"@graph\":[{\"@type\":\"Article\",\"@id\":\"https:\\\/\\\/visionrockland.ca\\\/en\\\/societe\\\/metro-appuie-la-collecte-de-fonds-annuelle-du-cheo-organisee-par-une-famille-de-rockland\\\/#article\",\"isPartOf\":{\"@id\":\"https:\\\/\\\/visionrockland.ca\\\/en\\\/societe\\\/metro-appuie-la-collecte-de-fonds-annuelle-du-cheo-organisee-par-une-famille-de-rockland\\\/\"},\"author\":{\"name\":\"Anil Jhalli\",\"@id\":\"https:\\\/\\\/visionrockland.ca\\\/en\\\/#\\\/schema\\\/person\\\/a09095fdf65e09e747105760fe90175c\"},\"headline\":\"Metro appuie la collecte de fonds annuelle du CHEO organis\u00e9e par une famille de Rockland\",\"datePublished\":\"2024-12-13T14:49:10+00:00\",\"dateModified\":\"2026-02-17T19:51:34+00:00\",\"mainEntityOfPage\":{\"@id\":\"https:\\\/\\\/visionrockland.ca\\\/en\\\/societe\\\/metro-appuie-la-collecte-de-fonds-annuelle-du-cheo-organisee-par-une-famille-de-rockland\\\/\"},\"wordCount\":682,\"image\":{\"@id\":\"https:\\\/\\\/visionrockland.ca\\\/en\\\/societe\\\/metro-appuie-la-collecte-de-fonds-annuelle-du-cheo-organisee-par-une-famille-de-rockland\\\/#primaryimage\"},\"thumbnailUrl\":\"https:\\\/\\\/cdn.editionap.ca\\\/wp-content\\\/uploads\\\/sites\\\/3\\\/2024\\\/12\\\/CHEO-family-pic.png\",\"articleSection\":[\"Soci\u00e9t\u00e9\"],\"inLanguage\":\"en-US\"},{\"@type\":\"WebPage\",\"@id\":\"https:\\\/\\\/visionrockland.ca\\\/en\\\/societe\\\/metro-appuie-la-collecte-de-fonds-annuelle-du-cheo-organisee-par-une-famille-de-rockland\\\/\",\"url\":\"https:\\\/\\\/visionrockland.ca\\\/en\\\/societe\\\/metro-appuie-la-collecte-de-fonds-annuelle-du-cheo-organisee-par-une-famille-de-rockland\\\/\",\"name\":\"Metro appuie la collecte de fonds annuelle du CHEO organis\u00e9e par une famille de Rockland - Vision\",\"isPartOf\":{\"@id\":\"https:\\\/\\\/visionrockland.ca\\\/en\\\/#website\"},\"primaryImageOfPage\":{\"@id\":\"https:\\\/\\\/visionrockland.ca\\\/en\\\/societe\\\/metro-appuie-la-collecte-de-fonds-annuelle-du-cheo-organisee-par-une-famille-de-rockland\\\/#primaryimage\"},\"image\":{\"@id\":\"https:\\\/\\\/visionrockland.ca\\\/en\\\/societe\\\/metro-appuie-la-collecte-de-fonds-annuelle-du-cheo-organisee-par-une-famille-de-rockland\\\/#primaryimage\"},\"thumbnailUrl\":\"https:\\\/\\\/cdn.editionap.ca\\\/wp-content\\\/uploads\\\/sites\\\/3\\\/2024\\\/12\\\/CHEO-family-pic.png\",\"datePublished\":\"2024-12-13T14:49:10+00:00\",\"dateModified\":\"2026-02-17T19:51:34+00:00\",\"author\":{\"@id\":\"https:\\\/\\\/visionrockland.ca\\\/en\\\/#\\\/schema\\\/person\\\/a09095fdf65e09e747105760fe90175c\"},\"breadcrumb\":{\"@id\":\"https:\\\/\\\/visionrockland.ca\\\/en\\\/societe\\\/metro-appuie-la-collecte-de-fonds-annuelle-du-cheo-organisee-par-une-famille-de-rockland\\\/#breadcrumb\"},\"inLanguage\":\"en-US\",\"potentialAction\":[{\"@type\":\"ReadAction\",\"target\":[\"https:\\\/\\\/visionrockland.ca\\\/en\\\/societe\\\/metro-appuie-la-collecte-de-fonds-annuelle-du-cheo-organisee-par-une-famille-de-rockland\\\/\"]}]},{\"@type\":\"ImageObject\",\"inLanguage\":\"en-US\",\"@id\":\"https:\\\/\\\/visionrockland.ca\\\/en\\\/societe\\\/metro-appuie-la-collecte-de-fonds-annuelle-du-cheo-organisee-par-une-famille-de-rockland\\\/#primaryimage\",\"url\":\"https:\\\/\\\/cdn.editionap.ca\\\/wp-content\\\/uploads\\\/sites\\\/3\\\/2024\\\/12\\\/CHEO-family-pic.png\",\"contentUrl\":\"https:\\\/\\\/cdn.editionap.ca\\\/wp-content\\\/uploads\\\/sites\\\/3\\\/2024\\\/12\\\/CHEO-family-pic.png\",\"width\":1600,\"height\":960,\"caption\":\"Depuis 2018, les Albertini, photographi\u00e9s ci-dessus, utilisent leur exposition annuelle de 40 000 lumi\u00e8res pour recueillir des fonds pour le Centre hospitalier pour enfants de l'est de l'Ontario (CHEO). Le CHEO et son personnel sont devenus tr\u00e8s chers \u00e0 la famille, qui s'est install\u00e9e \u00e0 Rockland en provenance d'Orl\u00e9ans il y a quelques ann\u00e9es, avec quatre enfants qui ont besoin de soins m\u00e9dicaux r\u00e9guliers.\"},{\"@type\":\"BreadcrumbList\",\"@id\":\"https:\\\/\\\/visionrockland.ca\\\/en\\\/societe\\\/metro-appuie-la-collecte-de-fonds-annuelle-du-cheo-organisee-par-une-famille-de-rockland\\\/#breadcrumb\",\"itemListElement\":[{\"@type\":\"ListItem\",\"position\":1,\"name\":\"Accueil\",\"item\":\"https:\\\/\\\/visionrockland.ca\\\/en\\\/\"},{\"@type\":\"ListItem\",\"position\":2,\"name\":\"Metro appuie la collecte de fonds annuelle du CHEO organis\u00e9e par une famille de Rockland\"}]},{\"@type\":\"WebSite\",\"@id\":\"https:\\\/\\\/visionrockland.ca\\\/en\\\/#website\",\"url\":\"https:\\\/\\\/visionrockland.ca\\\/en\\\/\",\"name\":\"Vision\",\"description\":\"\",\"potentialAction\":[{\"@type\":\"SearchAction\",\"target\":{\"@type\":\"EntryPoint\",\"urlTemplate\":\"https:\\\/\\\/visionrockland.ca\\\/en\\\/?s={search_term_string}\"},\"query-input\":{\"@type\":\"PropertyValueSpecification\",\"valueRequired\":true,\"valueName\":\"search_term_string\"}}],\"inLanguage\":\"en-US\"},{\"@type\":\"Person\",\"@id\":\"https:\\\/\\\/visionrockland.ca\\\/en\\\/#\\\/schema\\\/person\\\/a09095fdf65e09e747105760fe90175c\",\"name\":\"Anil Jhalli\",\"image\":{\"@type\":\"ImageObject\",\"inLanguage\":\"en-US\",\"@id\":\"https:\\\/\\\/secure.gravatar.com\\\/avatar\\\/63becc64fff8877a05400459aa003b94a1fdc8d3954acacc688ee6a2bc39fef8?s=96&d=mm&r=g\",\"url\":\"https:\\\/\\\/secure.gravatar.com\\\/avatar\\\/63becc64fff8877a05400459aa003b94a1fdc8d3954acacc688ee6a2bc39fef8?s=96&d=mm&r=g\",\"contentUrl\":\"https:\\\/\\\/secure.gravatar.com\\\/avatar\\\/63becc64fff8877a05400459aa003b94a1fdc8d3954acacc688ee6a2bc39fef8?s=96&d=mm&r=g\",\"caption\":\"Anil Jhalli\"}}]}<\/script>\n<!-- \/ Yoast SEO plugin. -->","yoast_head_json":{"title":"Metro appuie la collecte de fonds annuelle du CHEO organis\u00e9e par une famille de Rockland - Vision","robots":{"index":"index","follow":"follow","max-snippet":"max-snippet:-1","max-image-preview":"max-image-preview:large","max-video-preview":"max-video-preview:-1"},"canonical":"https:\/\/visionrockland.ca\/en\/societe\/metro-appuie-la-collecte-de-fonds-annuelle-du-cheo-organisee-par-une-famille-de-rockland\/","og_locale":"en_US","og_type":"article","og_title":"Metro appuie la collecte de fonds annuelle du CHEO organis\u00e9e par une famille de Rockland - Vision","og_description":"Avec quatre enfants qui n\u00e9cessitent des soins m\u00e9dicaux r\u00e9guliers, les Albertini utilisent leur exposition annuelle de 40 000 lumi\u00e8res pour recueillir des fonds pour le Centre hospitalier pour enfants de l&#8217;est de l&#8217;Ontario (CHEO) depuis 2018. Mais depuis qu&#8217;elle a d\u00e9m\u00e9nag\u00e9 d&#8217;Orl\u00e9ans \u00e0 Rockland il y a quelques ann\u00e9es, la famille a eu du mal [&hellip;]","og_url":"https:\/\/visionrockland.ca\/en\/societe\/metro-appuie-la-collecte-de-fonds-annuelle-du-cheo-organisee-par-une-famille-de-rockland\/","og_site_name":"Vision","article_published_time":"2024-12-13T14:49:10+00:00","article_modified_time":"2026-02-17T19:51:34+00:00","og_image":[{"width":1600,"height":960,"url":"https:\/\/cdn.editionap.ca\/wp-content\/uploads\/sites\/3\/2024\/12\/CHEO-family-pic.png","type":"image\/png"}],"author":"Anil Jhalli","twitter_card":"summary_large_image","twitter_misc":{"Written by":"Anil Jhalli","Est. reading time":"4 minutes"},"schema":{"@context":"https:\/\/schema.org","@graph":[{"@type":"Article","@id":"https:\/\/visionrockland.ca\/en\/societe\/metro-appuie-la-collecte-de-fonds-annuelle-du-cheo-organisee-par-une-famille-de-rockland\/#article","isPartOf":{"@id":"https:\/\/visionrockland.ca\/en\/societe\/metro-appuie-la-collecte-de-fonds-annuelle-du-cheo-organisee-par-une-famille-de-rockland\/"},"author":{"name":"Anil Jhalli","@id":"https:\/\/visionrockland.ca\/en\/#\/schema\/person\/a09095fdf65e09e747105760fe90175c"},"headline":"Metro appuie la collecte de fonds annuelle du CHEO organis\u00e9e par une famille de Rockland","datePublished":"2024-12-13T14:49:10+00:00","dateModified":"2026-02-17T19:51:34+00:00","mainEntityOfPage":{"@id":"https:\/\/visionrockland.ca\/en\/societe\/metro-appuie-la-collecte-de-fonds-annuelle-du-cheo-organisee-par-une-famille-de-rockland\/"},"wordCount":682,"image":{"@id":"https:\/\/visionrockland.ca\/en\/societe\/metro-appuie-la-collecte-de-fonds-annuelle-du-cheo-organisee-par-une-famille-de-rockland\/#primaryimage"},"thumbnailUrl":"https:\/\/cdn.editionap.ca\/wp-content\/uploads\/sites\/3\/2024\/12\/CHEO-family-pic.png","articleSection":["Soci\u00e9t\u00e9"],"inLanguage":"en-US"},{"@type":"WebPage","@id":"https:\/\/visionrockland.ca\/en\/societe\/metro-appuie-la-collecte-de-fonds-annuelle-du-cheo-organisee-par-une-famille-de-rockland\/","url":"https:\/\/visionrockland.ca\/en\/societe\/metro-appuie-la-collecte-de-fonds-annuelle-du-cheo-organisee-par-une-famille-de-rockland\/","name":"Metro appuie la collecte de fonds annuelle du CHEO organis\u00e9e par une famille de Rockland - Vision","isPartOf":{"@id":"https:\/\/visionrockland.ca\/en\/#website"},"primaryImageOfPage":{"@id":"https:\/\/visionrockland.ca\/en\/societe\/metro-appuie-la-collecte-de-fonds-annuelle-du-cheo-organisee-par-une-famille-de-rockland\/#primaryimage"},"image":{"@id":"https:\/\/visionrockland.ca\/en\/societe\/metro-appuie-la-collecte-de-fonds-annuelle-du-cheo-organisee-par-une-famille-de-rockland\/#primaryimage"},"thumbnailUrl":"https:\/\/cdn.editionap.ca\/wp-content\/uploads\/sites\/3\/2024\/12\/CHEO-family-pic.png","datePublished":"2024-12-13T14:49:10+00:00","dateModified":"2026-02-17T19:51:34+00:00","author":{"@id":"https:\/\/visionrockland.ca\/en\/#\/schema\/person\/a09095fdf65e09e747105760fe90175c"},"breadcrumb":{"@id":"https:\/\/visionrockland.ca\/en\/societe\/metro-appuie-la-collecte-de-fonds-annuelle-du-cheo-organisee-par-une-famille-de-rockland\/#breadcrumb"},"inLanguage":"en-US","potentialAction":[{"@type":"ReadAction","target":["https:\/\/visionrockland.ca\/en\/societe\/metro-appuie-la-collecte-de-fonds-annuelle-du-cheo-organisee-par-une-famille-de-rockland\/"]}]},{"@type":"ImageObject","inLanguage":"en-US","@id":"https:\/\/visionrockland.ca\/en\/societe\/metro-appuie-la-collecte-de-fonds-annuelle-du-cheo-organisee-par-une-famille-de-rockland\/#primaryimage","url":"https:\/\/cdn.editionap.ca\/wp-content\/uploads\/sites\/3\/2024\/12\/CHEO-family-pic.png","contentUrl":"https:\/\/cdn.editionap.ca\/wp-content\/uploads\/sites\/3\/2024\/12\/CHEO-family-pic.png","width":1600,"height":960,"caption":"Depuis 2018, les Albertini, photographi\u00e9s ci-dessus, utilisent leur exposition annuelle de 40 000 lumi\u00e8res pour recueillir des fonds pour le Centre hospitalier pour enfants de l'est de l'Ontario (CHEO). Le CHEO et son personnel sont devenus tr\u00e8s chers \u00e0 la famille, qui s'est install\u00e9e \u00e0 Rockland en provenance d'Orl\u00e9ans il y a quelques ann\u00e9es, avec quatre enfants qui ont besoin de soins m\u00e9dicaux r\u00e9guliers."},{"@type":"BreadcrumbList","@id":"https:\/\/visionrockland.ca\/en\/societe\/metro-appuie-la-collecte-de-fonds-annuelle-du-cheo-organisee-par-une-famille-de-rockland\/#breadcrumb","itemListElement":[{"@type":"ListItem","position":1,"name":"Accueil","item":"https:\/\/visionrockland.ca\/en\/"},{"@type":"ListItem","position":2,"name":"Metro appuie la collecte de fonds annuelle du CHEO organis\u00e9e par une famille de Rockland"}]},{"@type":"WebSite","@id":"https:\/\/visionrockland.ca\/en\/#website","url":"https:\/\/visionrockland.ca\/en\/","name":"Vision","description":"","potentialAction":[{"@type":"SearchAction","target":{"@type":"EntryPoint","urlTemplate":"https:\/\/visionrockland.ca\/en\/?s={search_term_string}"},"query-input":{"@type":"PropertyValueSpecification","valueRequired":true,"valueName":"search_term_string"}}],"inLanguage":"en-US"},{"@type":"Person","@id":"https:\/\/visionrockland.ca\/en\/#\/schema\/person\/a09095fdf65e09e747105760fe90175c","name":"Anil Jhalli","image":{"@type":"ImageObject","inLanguage":"en-US","@id":"https:\/\/secure.gravatar.com\/avatar\/63becc64fff8877a05400459aa003b94a1fdc8d3954acacc688ee6a2bc39fef8?s=96&d=mm&r=g","url":"https:\/\/secure.gravatar.com\/avatar\/63becc64fff8877a05400459aa003b94a1fdc8d3954acacc688ee6a2bc39fef8?s=96&d=mm&r=g","contentUrl":"https:\/\/secure.gravatar.com\/avatar\/63becc64fff8877a05400459aa003b94a1fdc8d3954acacc688ee6a2bc39fef8?s=96&d=mm&r=g","caption":"Anil Jhalli"}}]}},"_links":{"self":[{"href":"https:\/\/visionrockland.ca\/en\/wp-json\/wp\/v2\/posts\/104451","targetHints":{"allow":["GET"]}}],"collection":[{"href":"https:\/\/visionrockland.ca\/en\/wp-json\/wp\/v2\/posts"}],"about":[{"href":"https:\/\/visionrockland.ca\/en\/wp-json\/wp\/v2\/types\/post"}],"author":[{"embeddable":true,"href":"https:\/\/visionrockland.ca\/en\/wp-json\/wp\/v2\/users\/27"}],"replies":[{"embeddable":true,"href":"https:\/\/visionrockland.ca\/en\/wp-json\/wp\/v2\/comments?post=104451"}],"version-history":[{"count":1,"href":"https:\/\/visionrockland.ca\/en\/wp-json\/wp\/v2\/posts\/104451\/revisions"}],"predecessor-version":[{"id":132412,"href":"https:\/\/visionrockland.ca\/en\/wp-json\/wp\/v2\/posts\/104451\/revisions\/132412"}],"wp:featuredmedia":[{"embeddable":true,"href":"https:\/\/visionrockland.ca\/en\/wp-json\/wp\/v2\/media\/104452"}],"wp:attachment":[{"href":"https:\/\/visionrockland.ca\/en\/wp-json\/wp\/v2\/media?parent=104451"}],"wp:term":[{"taxonomy":"category","embeddable":true,"href":"https:\/\/visionrockland.ca\/en\/wp-json\/wp\/v2\/categories?post=104451"},{"taxonomy":"post_tag","embeddable":true,"href":"https:\/\/visionrockland.ca\/en\/wp-json\/wp\/v2\/tags?post=104451"}],"curies":[{"name":"wp","href":"https:\/\/api.w.org\/{rel}","templated":true}]}}