{"id":104280,"date":"2024-11-05T09:40:42","date_gmt":"2024-11-05T14:40:42","guid":{"rendered":"https:\/\/editionap.ca\/?p=104280"},"modified":"2026-02-17T20:51:35","modified_gmt":"2026-02-17T19:51:35","slug":"les-cupr-approuvent-une-augmentation-de-taxe-de-33-zanth-decu-mais-tourne-vers-lavenir","status":"publish","type":"post","link":"https:\/\/visionrockland.ca\/en\/politique\/les-cupr-approuvent-une-augmentation-de-taxe-de-33-zanth-decu-mais-tourne-vers-lavenir\/","title":{"rendered":"Les CUPR approuvent une augmentation de taxe de 3,3 %, Zanth d\u00e9\u00e7u mais tourn\u00e9 vers l\u2019avenir"},"content":{"rendered":"<p><b><span data-contrast=\"none\">Les r\u00e9sidents des Comt\u00e9s unis de Prescott et Russell (CUPR) verront une augmentation de 3,3 % du taux de taxe impos\u00e9e par la municipalit\u00e9 de palier sup\u00e9rieur en 2025.<\/span><\/b><span data-ccp-props=\"{&quot;201341983&quot;:0,&quot;335551550&quot;:6,&quot;335551620&quot;:6,&quot;335559739&quot;:0,&quot;335559740&quot;:288}\">\u00a0<\/span><\/p>\n<p><span data-contrast=\"none\">Le mercredi 27 novembre, le conseil des CUPR a approuv\u00e9 cette hausse dans le cadre de son budget de 184 millions de dollars. L\u2019augmentation est inf\u00e9rieure \u00e0 la hausse initialement propos\u00e9e de 4,66 % pour les propri\u00e9t\u00e9s r\u00e9sidentielles de la r\u00e9gion.<\/span><span data-ccp-props=\"{&quot;201341983&quot;:2,&quot;335551550&quot;:6,&quot;335551620&quot;:6,&quot;335559731&quot;:240,&quot;335559739&quot;:0,&quot;335559740&quot;:240}\">\u00a0<\/span><\/p>\n<p><span data-contrast=\"none\">La d\u00e9cision n\u2019a pas fait l\u2019unanimit\u00e9, le maire de Clarence-Rockland, Mario Zanth, votant contre le budget. Tout au long du processus budg\u00e9taire, Zanth a exprim\u00e9 sa frustration et a qualifi\u00e9 le r\u00e9sultat de d\u00e9cevant.<\/span><span data-ccp-props=\"{&quot;201341983&quot;:2,&quot;335551550&quot;:6,&quot;335551620&quot;:6,&quot;335559731&quot;:240,&quot;335559739&quot;:0,&quot;335559740&quot;:240}\">\u00a0<\/span><\/p>\n<p><span data-contrast=\"none\">\u00ab Est-ce que j\u2019aime cela? Non, mais il est temps de passer \u00e0 autre chose \u00bb, a d\u00e9clar\u00e9 Zanth. \u00ab Je ne vais pas taper du pied parce que je n\u2019ai pas obtenu ce que je voulais. Nous avions l\u2019occasion de ramener cela \u00e0 z\u00e9ro, mais personne d\u2019autre ne l\u2019a vu. C\u2019est d\u00e9cevant. \u00bb<\/span><span data-ccp-props=\"{&quot;201341983&quot;:2,&quot;335551550&quot;:6,&quot;335551620&quot;:6,&quot;335559731&quot;:240,&quot;335559739&quot;:0,&quot;335559740&quot;:240}\">\u00a0<\/span><\/p>\n<p><span data-contrast=\"none\">Zanth s\u2019est oppos\u00e9 \u00e0 l\u2019augmentation du budget en raison de pr\u00e9occupations li\u00e9es au mod\u00e8le de financement collectif des programmes des CUPR. Il a affirm\u00e9 que la structure redistribue injustement les fonds collect\u00e9s par les taxes fonci\u00e8res, les r\u00e9sidents de Clarence-Rockland b\u00e9n\u00e9ficiant peu de ces programmes. Il a \u00e9galement averti que les r\u00e9sidents pourraient faire face \u00e0 une augmentation significative de la taxe fonci\u00e8re l\u2019ann\u00e9e prochaine.<\/span><span data-ccp-props=\"{&quot;201341983&quot;:2,&quot;335551550&quot;:6,&quot;335551620&quot;:6,&quot;335559731&quot;:240,&quot;335559739&quot;:0,&quot;335559740&quot;:240}\">\u00a0<\/span><\/p>\n<p><span data-contrast=\"none\">\u00ab Je fais de mon mieux pour r\u00e9fl\u00e9chir, alors peut-\u00eatre que quelque chose m\u2019\u00e9chappe \u00bb, a ajout\u00e9 Zanth.<\/span><span data-ccp-props=\"{&quot;201341983&quot;:2,&quot;335551550&quot;:6,&quot;335551620&quot;:6,&quot;335559731&quot;:240,&quot;335559739&quot;:0,&quot;335559740&quot;:240}\">\u00a0<\/span><\/p>\n<p><span data-contrast=\"none\">Remise en question du financement r\u00e9gional<\/span><span data-ccp-props=\"{&quot;201341983&quot;:2,&quot;335551550&quot;:2,&quot;335551620&quot;:2,&quot;335559731&quot;:0,&quot;335559739&quot;:0,&quot;335559740&quot;:240}\">\u00a0<\/span><\/p>\n<p><span data-contrast=\"none\">Zanth a critiqu\u00e9 la viabilit\u00e9 du Fonds culturel et du Fonds communautaire d\u2019investissement r\u00e9gional, introduits dans le budget 2024 des CUPR. Pour 2025, 630 000 $ seront pr\u00e9lev\u00e9s sur toutes les municipalit\u00e9s en fonction de leurs contributions individuelles, Clarence-Rockland \u00e9tant le plus grand contributeur.<\/span><span data-ccp-props=\"{&quot;201341983&quot;:2,&quot;335551550&quot;:6,&quot;335551620&quot;:6,&quot;335559731&quot;:240,&quot;335559739&quot;:0,&quot;335559740&quot;:240}\">\u00a0<\/span><\/p>\n<p><span data-contrast=\"none\">Selon Zanth, ces fonds gonflent inutilement les taxes des CUPR. Il a sugg\u00e9r\u00e9 que chaque municipalit\u00e9 devrait contr\u00f4ler ses propres d\u00e9penses pour les \u00e9v\u00e9nements culturels et communautaires, \u00e9liminant ainsi le r\u00f4le des CUPR comme interm\u00e9diaire.<\/span><span data-ccp-props=\"{&quot;201341983&quot;:2,&quot;335551550&quot;:6,&quot;335551620&quot;:6,&quot;335559731&quot;:240,&quot;335559739&quot;:0,&quot;335559740&quot;:240}\">\u00a0<\/span><\/p>\n<p><span data-contrast=\"none\">\u00ab Je ne pense pas qu\u2019il soit juste de taxer nos r\u00e9sidents pour financer des programmes dans d\u2019autres municipalit\u00e9s, surtout lorsque nous n\u2019avons pas notre mot \u00e0 dire sur leur gestion \u00bb, a d\u00e9clar\u00e9 Zanth.<\/span><span data-ccp-props=\"{&quot;201341983&quot;:2,&quot;335551550&quot;:6,&quot;335551620&quot;:6,&quot;335559731&quot;:240,&quot;335559739&quot;:0,&quot;335559740&quot;:240}\">\u00a0<\/span><\/p>\n<p><span data-contrast=\"none\">Le maire a demand\u00e9 au personnel de Clarence-Rockland d\u2019effectuer une analyse juridique sur la r\u00e9partition des fonds des programmes des CUPR entre les municipalit\u00e9s pour en \u00e9valuer l\u2019\u00e9quit\u00e9 et la viabilit\u00e9. Il a pr\u00e9sent\u00e9 cette motion lors de la r\u00e9union du conseil municipal de Clarence-Rockland en novembre, o\u00f9 elle a \u00e9t\u00e9 approuv\u00e9e.<\/span><span data-ccp-props=\"{&quot;201341983&quot;:2,&quot;335551550&quot;:6,&quot;335551620&quot;:6,&quot;335559731&quot;:240,&quot;335559739&quot;:0,&quot;335559740&quot;:240}\">\u00a0<\/span><\/p>\n<p><span data-contrast=\"none\">\u00ab Je ne sais m\u00eame pas si envoyer de l\u2019argent \u00e0 une autre municipalit\u00e9 pour qu\u2019elle en fasse ce qu\u2019elle veut est l\u00e9gal \u00bb, a d\u00e9clar\u00e9 Zanth. \u00ab Mais approfondissons et voyons comment cela fonctionne. \u00bb<\/span><span data-ccp-props=\"{&quot;201341983&quot;:2,&quot;335551550&quot;:6,&quot;335551620&quot;:6,&quot;335559731&quot;:240,&quot;335559739&quot;:0,&quot;335559740&quot;:240}\">\u00a0<\/span><\/p>\n<p><span data-contrast=\"none\">Zanth a \u00e9galement demand\u00e9 au personnel municipal d\u2019explorer des options de gouvernance alternatives pour Clarence-Rockland.<\/span><span data-ccp-props=\"{&quot;201341983&quot;:2,&quot;335551550&quot;:6,&quot;335551620&quot;:6,&quot;335559731&quot;:240,&quot;335559739&quot;:0,&quot;335559740&quot;:240}\">\u00a0<\/span><\/p>\n<p><strong>\u00a0 \u00a0 \u00a0 \u00a0 \u00a0 \u00a0 \u00a0 \u00a0 \u00a0 \u00a0 \u00a0 \u00a0 \u00a0 \u00a0 \u00a0 \u00a0 \u00a0 \u00a0 \u00a0 \u00a0 \u00a0 \u00a0 \u00a0 \u00a0 \u00a0 \u00a0 \u00a0 \u00a0 \u00a0 \u00a0 \u00a0 \u00a0 \u00a0 \u00a0 \u00a0 \u00a0 \u00a0 \u00a0 \u00a0 \u00a0 \u00a0 \u00a0 \u00a0 \u00a0 \u00a0 \u00a0 \u00a0 \u00a0 \u00a0 \u00a0 \u00a0 \u00a0 \u00a0 \u00a0 \u00a0 D\u00e9s\u00e9quilibre fiscal\u00a0<\/strong><\/p>\n<p><span data-contrast=\"none\">En tant que plus grande municipalit\u00e9 des CUPR, Clarence-Rockland est le principal contributeur fiscal \u00e0 l\u2019administration de palier sup\u00e9rieur. Pour les trois programmes remis en question \u2013 le Fonds culturel, le Fonds communautaire d\u2019investissement r\u00e9gional et le Fonds de transfert pour les routes \u2013 Clarence-Rockland contribue \u00e0 hauteur de 711 415 $ mais ne re\u00e7oit que 566 546 $, enregistrant un d\u00e9ficit de 144 869 $.<\/span><span data-ccp-props=\"{&quot;201341983&quot;:2,&quot;335551550&quot;:6,&quot;335551620&quot;:6,&quot;335559731&quot;:240,&quot;335559739&quot;:0,&quot;335559740&quot;:240}\">\u00a0<\/span><\/p>\n<p><span data-contrast=\"none\">Au fil des ans, la municipalit\u00e9 a vers\u00e9 des centaines de millions de dollars aux CUPR tout en subissant des d\u00e9ficits r\u00e9p\u00e9t\u00e9s li\u00e9s \u00e0 ces programmes.<\/span><span data-ccp-props=\"{&quot;201341983&quot;:2,&quot;335551550&quot;:6,&quot;335551620&quot;:6,&quot;335559731&quot;:240,&quot;335559739&quot;:0,&quot;335559740&quot;:240}\">\u00a0<\/span><\/p>\n<p><span data-contrast=\"none\">Clarence-Rockland n\u2019est pas la seule municipalit\u00e9 d\u00e9savantag\u00e9e. Selon les chiffres des CUPR, Russell a enregistr\u00e9 un d\u00e9ficit de 115 067 $, Hawkesbury de 26 886 $ et Casselman de 4 315 $. En revanche, d\u2019autres municipalit\u00e9s ont b\u00e9n\u00e9fici\u00e9 de ces programmes, notamment La Nation, qui a enregistr\u00e9 un exc\u00e9dent de plus de 154 000 $, Alfred et Plantagenet et East Hawkesbury, avec des exc\u00e9dents d\u00e9passant 67 000 $ chacun, et Champlain, qui a gagn\u00e9 un peu plus de 2 000 $.<\/span><span data-ccp-props=\"{&quot;201341983&quot;:2,&quot;335551550&quot;:6,&quot;335551620&quot;:6,&quot;335559731&quot;:240,&quot;335559739&quot;:0,&quot;335559740&quot;:240}\">\u00a0<\/span><\/p>\n","protected":false},"excerpt":{"rendered":"<p>Les r\u00e9sidents des Comt\u00e9s unis de Prescott et Russell (CUPR) verront une augmentation de 3,3 % du taux de taxe impos\u00e9e par la municipalit\u00e9 de palier sup\u00e9rieur en 2025.\u00a0 Le mercredi 27 novembre, le conseil des CUPR a approuv\u00e9 cette hausse dans le cadre de son budget de 184 millions de dollars. L\u2019augmentation est inf\u00e9rieure [&hellip;]<\/p>\n","protected":false},"author":27,"featured_media":98857,"comment_status":"closed","ping_status":"open","sticky":false,"template":"","format":"standard","meta":{"_acf_changed":false,"footnotes":""},"categories":[44],"tags":[],"class_list":["post-104280","post","type-post","status-publish","format-standard","has-post-thumbnail","hentry","category-politique"],"acf":[],"featured_media_global":[],"yoast_head":"<!-- This site is optimized with the Yoast SEO plugin v27.4 - https:\/\/yoast.com\/product\/yoast-seo-wordpress\/ -->\n<title>Les CUPR approuvent une augmentation de taxe de 3,3 %, Zanth d\u00e9\u00e7u mais tourn\u00e9 vers l\u2019avenir - Vision<\/title>\n<meta name=\"robots\" content=\"index, follow, max-snippet:-1, max-image-preview:large, max-video-preview:-1\" \/>\n<link rel=\"canonical\" href=\"https:\/\/visionrockland.ca\/en\/politique\/les-cupr-approuvent-une-augmentation-de-taxe-de-33-zanth-decu-mais-tourne-vers-lavenir\/\" \/>\n<meta property=\"og:locale\" content=\"en_US\" \/>\n<meta property=\"og:type\" content=\"article\" \/>\n<meta property=\"og:title\" content=\"Les CUPR approuvent une augmentation de taxe de 3,3 %, Zanth d\u00e9\u00e7u mais tourn\u00e9 vers l\u2019avenir - Vision\" \/>\n<meta property=\"og:description\" content=\"Les r\u00e9sidents des Comt\u00e9s unis de Prescott et Russell (CUPR) verront une augmentation de 3,3 % du taux de taxe impos\u00e9e par la municipalit\u00e9 de palier sup\u00e9rieur en 2025.\u00a0 Le mercredi 27 novembre, le conseil des CUPR a approuv\u00e9 cette hausse dans le cadre de son budget de 184 millions de dollars. L\u2019augmentation est inf\u00e9rieure [&hellip;]\" \/>\n<meta property=\"og:url\" content=\"https:\/\/visionrockland.ca\/en\/politique\/les-cupr-approuvent-une-augmentation-de-taxe-de-33-zanth-decu-mais-tourne-vers-lavenir\/\" \/>\n<meta property=\"og:site_name\" content=\"Vision\" \/>\n<meta property=\"article:published_time\" content=\"2024-11-05T14:40:42+00:00\" \/>\n<meta property=\"article:modified_time\" content=\"2026-02-17T19:51:35+00:00\" \/>\n<meta property=\"og:image\" content=\"https:\/\/cdn.editionap.ca\/wp-content\/uploads\/sites\/3\/2024\/01\/638048928971625087_Final.jpg\" \/>\n\t<meta property=\"og:image:width\" content=\"640\" \/>\n\t<meta property=\"og:image:height\" content=\"480\" \/>\n\t<meta property=\"og:image:type\" content=\"image\/jpeg\" \/>\n<meta name=\"author\" content=\"Anil Jhalli\" \/>\n<meta name=\"twitter:card\" content=\"summary_large_image\" \/>\n<meta name=\"twitter:label1\" content=\"Written by\" \/>\n\t<meta name=\"twitter:data1\" content=\"Anil Jhalli\" \/>\n\t<meta name=\"twitter:label2\" content=\"Est. reading time\" \/>\n\t<meta name=\"twitter:data2\" content=\"4 minutes\" \/>\n<script type=\"application\/ld+json\" class=\"yoast-schema-graph\">{\"@context\":\"https:\\\/\\\/schema.org\",\"@graph\":[{\"@type\":\"Article\",\"@id\":\"https:\\\/\\\/visionrockland.ca\\\/en\\\/politique\\\/les-cupr-approuvent-une-augmentation-de-taxe-de-33-zanth-decu-mais-tourne-vers-lavenir\\\/#article\",\"isPartOf\":{\"@id\":\"https:\\\/\\\/visionrockland.ca\\\/en\\\/politique\\\/les-cupr-approuvent-une-augmentation-de-taxe-de-33-zanth-decu-mais-tourne-vers-lavenir\\\/\"},\"author\":{\"name\":\"Anil Jhalli\",\"@id\":\"https:\\\/\\\/visionrockland.ca\\\/en\\\/#\\\/schema\\\/person\\\/a09095fdf65e09e747105760fe90175c\"},\"headline\":\"Les CUPR approuvent une augmentation de taxe de 3,3 %, Zanth d\u00e9\u00e7u mais tourn\u00e9 vers l\u2019avenir\",\"datePublished\":\"2024-11-05T14:40:42+00:00\",\"dateModified\":\"2026-02-17T19:51:35+00:00\",\"mainEntityOfPage\":{\"@id\":\"https:\\\/\\\/visionrockland.ca\\\/en\\\/politique\\\/les-cupr-approuvent-une-augmentation-de-taxe-de-33-zanth-decu-mais-tourne-vers-lavenir\\\/\"},\"wordCount\":692,\"image\":{\"@id\":\"https:\\\/\\\/visionrockland.ca\\\/en\\\/politique\\\/les-cupr-approuvent-une-augmentation-de-taxe-de-33-zanth-decu-mais-tourne-vers-lavenir\\\/#primaryimage\"},\"thumbnailUrl\":\"https:\\\/\\\/cdn.editionap.ca\\\/wp-content\\\/uploads\\\/sites\\\/3\\\/2024\\\/01\\\/638048928971625087_Final.jpg\",\"articleSection\":[\"Politique\"],\"inLanguage\":\"en-US\"},{\"@type\":\"WebPage\",\"@id\":\"https:\\\/\\\/visionrockland.ca\\\/en\\\/politique\\\/les-cupr-approuvent-une-augmentation-de-taxe-de-33-zanth-decu-mais-tourne-vers-lavenir\\\/\",\"url\":\"https:\\\/\\\/visionrockland.ca\\\/en\\\/politique\\\/les-cupr-approuvent-une-augmentation-de-taxe-de-33-zanth-decu-mais-tourne-vers-lavenir\\\/\",\"name\":\"Les CUPR approuvent une augmentation de taxe de 3,3 %, Zanth d\u00e9\u00e7u mais tourn\u00e9 vers l\u2019avenir - Vision\",\"isPartOf\":{\"@id\":\"https:\\\/\\\/visionrockland.ca\\\/en\\\/#website\"},\"primaryImageOfPage\":{\"@id\":\"https:\\\/\\\/visionrockland.ca\\\/en\\\/politique\\\/les-cupr-approuvent-une-augmentation-de-taxe-de-33-zanth-decu-mais-tourne-vers-lavenir\\\/#primaryimage\"},\"image\":{\"@id\":\"https:\\\/\\\/visionrockland.ca\\\/en\\\/politique\\\/les-cupr-approuvent-une-augmentation-de-taxe-de-33-zanth-decu-mais-tourne-vers-lavenir\\\/#primaryimage\"},\"thumbnailUrl\":\"https:\\\/\\\/cdn.editionap.ca\\\/wp-content\\\/uploads\\\/sites\\\/3\\\/2024\\\/01\\\/638048928971625087_Final.jpg\",\"datePublished\":\"2024-11-05T14:40:42+00:00\",\"dateModified\":\"2026-02-17T19:51:35+00:00\",\"author\":{\"@id\":\"https:\\\/\\\/visionrockland.ca\\\/en\\\/#\\\/schema\\\/person\\\/a09095fdf65e09e747105760fe90175c\"},\"breadcrumb\":{\"@id\":\"https:\\\/\\\/visionrockland.ca\\\/en\\\/politique\\\/les-cupr-approuvent-une-augmentation-de-taxe-de-33-zanth-decu-mais-tourne-vers-lavenir\\\/#breadcrumb\"},\"inLanguage\":\"en-US\",\"potentialAction\":[{\"@type\":\"ReadAction\",\"target\":[\"https:\\\/\\\/visionrockland.ca\\\/en\\\/politique\\\/les-cupr-approuvent-une-augmentation-de-taxe-de-33-zanth-decu-mais-tourne-vers-lavenir\\\/\"]}]},{\"@type\":\"ImageObject\",\"inLanguage\":\"en-US\",\"@id\":\"https:\\\/\\\/visionrockland.ca\\\/en\\\/politique\\\/les-cupr-approuvent-une-augmentation-de-taxe-de-33-zanth-decu-mais-tourne-vers-lavenir\\\/#primaryimage\",\"url\":\"https:\\\/\\\/cdn.editionap.ca\\\/wp-content\\\/uploads\\\/sites\\\/3\\\/2024\\\/01\\\/638048928971625087_Final.jpg\",\"contentUrl\":\"https:\\\/\\\/cdn.editionap.ca\\\/wp-content\\\/uploads\\\/sites\\\/3\\\/2024\\\/01\\\/638048928971625087_Final.jpg\",\"width\":640,\"height\":480,\"caption\":\"Le maire de Clarence-Rockland, Mario Zanth.\"},{\"@type\":\"BreadcrumbList\",\"@id\":\"https:\\\/\\\/visionrockland.ca\\\/en\\\/politique\\\/les-cupr-approuvent-une-augmentation-de-taxe-de-33-zanth-decu-mais-tourne-vers-lavenir\\\/#breadcrumb\",\"itemListElement\":[{\"@type\":\"ListItem\",\"position\":1,\"name\":\"Accueil\",\"item\":\"https:\\\/\\\/visionrockland.ca\\\/en\\\/\"},{\"@type\":\"ListItem\",\"position\":2,\"name\":\"Les CUPR approuvent une augmentation de taxe de 3,3 %, Zanth d\u00e9\u00e7u mais tourn\u00e9 vers l\u2019avenir\"}]},{\"@type\":\"WebSite\",\"@id\":\"https:\\\/\\\/visionrockland.ca\\\/en\\\/#website\",\"url\":\"https:\\\/\\\/visionrockland.ca\\\/en\\\/\",\"name\":\"Vision\",\"description\":\"\",\"potentialAction\":[{\"@type\":\"SearchAction\",\"target\":{\"@type\":\"EntryPoint\",\"urlTemplate\":\"https:\\\/\\\/visionrockland.ca\\\/en\\\/?s={search_term_string}\"},\"query-input\":{\"@type\":\"PropertyValueSpecification\",\"valueRequired\":true,\"valueName\":\"search_term_string\"}}],\"inLanguage\":\"en-US\"},{\"@type\":\"Person\",\"@id\":\"https:\\\/\\\/visionrockland.ca\\\/en\\\/#\\\/schema\\\/person\\\/a09095fdf65e09e747105760fe90175c\",\"name\":\"Anil Jhalli\",\"image\":{\"@type\":\"ImageObject\",\"inLanguage\":\"en-US\",\"@id\":\"https:\\\/\\\/secure.gravatar.com\\\/avatar\\\/63becc64fff8877a05400459aa003b94a1fdc8d3954acacc688ee6a2bc39fef8?s=96&d=mm&r=g\",\"url\":\"https:\\\/\\\/secure.gravatar.com\\\/avatar\\\/63becc64fff8877a05400459aa003b94a1fdc8d3954acacc688ee6a2bc39fef8?s=96&d=mm&r=g\",\"contentUrl\":\"https:\\\/\\\/secure.gravatar.com\\\/avatar\\\/63becc64fff8877a05400459aa003b94a1fdc8d3954acacc688ee6a2bc39fef8?s=96&d=mm&r=g\",\"caption\":\"Anil Jhalli\"}}]}<\/script>\n<!-- \/ Yoast SEO plugin. -->","yoast_head_json":{"title":"Les CUPR approuvent une augmentation de taxe de 3,3 %, Zanth d\u00e9\u00e7u mais tourn\u00e9 vers l\u2019avenir - Vision","robots":{"index":"index","follow":"follow","max-snippet":"max-snippet:-1","max-image-preview":"max-image-preview:large","max-video-preview":"max-video-preview:-1"},"canonical":"https:\/\/visionrockland.ca\/en\/politique\/les-cupr-approuvent-une-augmentation-de-taxe-de-33-zanth-decu-mais-tourne-vers-lavenir\/","og_locale":"en_US","og_type":"article","og_title":"Les CUPR approuvent une augmentation de taxe de 3,3 %, Zanth d\u00e9\u00e7u mais tourn\u00e9 vers l\u2019avenir - Vision","og_description":"Les r\u00e9sidents des Comt\u00e9s unis de Prescott et Russell (CUPR) verront une augmentation de 3,3 % du taux de taxe impos\u00e9e par la municipalit\u00e9 de palier sup\u00e9rieur en 2025.\u00a0 Le mercredi 27 novembre, le conseil des CUPR a approuv\u00e9 cette hausse dans le cadre de son budget de 184 millions de dollars. L\u2019augmentation est inf\u00e9rieure [&hellip;]","og_url":"https:\/\/visionrockland.ca\/en\/politique\/les-cupr-approuvent-une-augmentation-de-taxe-de-33-zanth-decu-mais-tourne-vers-lavenir\/","og_site_name":"Vision","article_published_time":"2024-11-05T14:40:42+00:00","article_modified_time":"2026-02-17T19:51:35+00:00","og_image":[{"width":640,"height":480,"url":"https:\/\/cdn.editionap.ca\/wp-content\/uploads\/sites\/3\/2024\/01\/638048928971625087_Final.jpg","type":"image\/jpeg"}],"author":"Anil Jhalli","twitter_card":"summary_large_image","twitter_misc":{"Written by":"Anil Jhalli","Est. reading time":"4 minutes"},"schema":{"@context":"https:\/\/schema.org","@graph":[{"@type":"Article","@id":"https:\/\/visionrockland.ca\/en\/politique\/les-cupr-approuvent-une-augmentation-de-taxe-de-33-zanth-decu-mais-tourne-vers-lavenir\/#article","isPartOf":{"@id":"https:\/\/visionrockland.ca\/en\/politique\/les-cupr-approuvent-une-augmentation-de-taxe-de-33-zanth-decu-mais-tourne-vers-lavenir\/"},"author":{"name":"Anil Jhalli","@id":"https:\/\/visionrockland.ca\/en\/#\/schema\/person\/a09095fdf65e09e747105760fe90175c"},"headline":"Les CUPR approuvent une augmentation de taxe de 3,3 %, Zanth d\u00e9\u00e7u mais tourn\u00e9 vers l\u2019avenir","datePublished":"2024-11-05T14:40:42+00:00","dateModified":"2026-02-17T19:51:35+00:00","mainEntityOfPage":{"@id":"https:\/\/visionrockland.ca\/en\/politique\/les-cupr-approuvent-une-augmentation-de-taxe-de-33-zanth-decu-mais-tourne-vers-lavenir\/"},"wordCount":692,"image":{"@id":"https:\/\/visionrockland.ca\/en\/politique\/les-cupr-approuvent-une-augmentation-de-taxe-de-33-zanth-decu-mais-tourne-vers-lavenir\/#primaryimage"},"thumbnailUrl":"https:\/\/cdn.editionap.ca\/wp-content\/uploads\/sites\/3\/2024\/01\/638048928971625087_Final.jpg","articleSection":["Politique"],"inLanguage":"en-US"},{"@type":"WebPage","@id":"https:\/\/visionrockland.ca\/en\/politique\/les-cupr-approuvent-une-augmentation-de-taxe-de-33-zanth-decu-mais-tourne-vers-lavenir\/","url":"https:\/\/visionrockland.ca\/en\/politique\/les-cupr-approuvent-une-augmentation-de-taxe-de-33-zanth-decu-mais-tourne-vers-lavenir\/","name":"Les CUPR approuvent une augmentation de taxe de 3,3 %, Zanth d\u00e9\u00e7u mais tourn\u00e9 vers l\u2019avenir - Vision","isPartOf":{"@id":"https:\/\/visionrockland.ca\/en\/#website"},"primaryImageOfPage":{"@id":"https:\/\/visionrockland.ca\/en\/politique\/les-cupr-approuvent-une-augmentation-de-taxe-de-33-zanth-decu-mais-tourne-vers-lavenir\/#primaryimage"},"image":{"@id":"https:\/\/visionrockland.ca\/en\/politique\/les-cupr-approuvent-une-augmentation-de-taxe-de-33-zanth-decu-mais-tourne-vers-lavenir\/#primaryimage"},"thumbnailUrl":"https:\/\/cdn.editionap.ca\/wp-content\/uploads\/sites\/3\/2024\/01\/638048928971625087_Final.jpg","datePublished":"2024-11-05T14:40:42+00:00","dateModified":"2026-02-17T19:51:35+00:00","author":{"@id":"https:\/\/visionrockland.ca\/en\/#\/schema\/person\/a09095fdf65e09e747105760fe90175c"},"breadcrumb":{"@id":"https:\/\/visionrockland.ca\/en\/politique\/les-cupr-approuvent-une-augmentation-de-taxe-de-33-zanth-decu-mais-tourne-vers-lavenir\/#breadcrumb"},"inLanguage":"en-US","potentialAction":[{"@type":"ReadAction","target":["https:\/\/visionrockland.ca\/en\/politique\/les-cupr-approuvent-une-augmentation-de-taxe-de-33-zanth-decu-mais-tourne-vers-lavenir\/"]}]},{"@type":"ImageObject","inLanguage":"en-US","@id":"https:\/\/visionrockland.ca\/en\/politique\/les-cupr-approuvent-une-augmentation-de-taxe-de-33-zanth-decu-mais-tourne-vers-lavenir\/#primaryimage","url":"https:\/\/cdn.editionap.ca\/wp-content\/uploads\/sites\/3\/2024\/01\/638048928971625087_Final.jpg","contentUrl":"https:\/\/cdn.editionap.ca\/wp-content\/uploads\/sites\/3\/2024\/01\/638048928971625087_Final.jpg","width":640,"height":480,"caption":"Le maire de Clarence-Rockland, Mario Zanth."},{"@type":"BreadcrumbList","@id":"https:\/\/visionrockland.ca\/en\/politique\/les-cupr-approuvent-une-augmentation-de-taxe-de-33-zanth-decu-mais-tourne-vers-lavenir\/#breadcrumb","itemListElement":[{"@type":"ListItem","position":1,"name":"Accueil","item":"https:\/\/visionrockland.ca\/en\/"},{"@type":"ListItem","position":2,"name":"Les CUPR approuvent une augmentation de taxe de 3,3 %, Zanth d\u00e9\u00e7u mais tourn\u00e9 vers l\u2019avenir"}]},{"@type":"WebSite","@id":"https:\/\/visionrockland.ca\/en\/#website","url":"https:\/\/visionrockland.ca\/en\/","name":"Vision","description":"","potentialAction":[{"@type":"SearchAction","target":{"@type":"EntryPoint","urlTemplate":"https:\/\/visionrockland.ca\/en\/?s={search_term_string}"},"query-input":{"@type":"PropertyValueSpecification","valueRequired":true,"valueName":"search_term_string"}}],"inLanguage":"en-US"},{"@type":"Person","@id":"https:\/\/visionrockland.ca\/en\/#\/schema\/person\/a09095fdf65e09e747105760fe90175c","name":"Anil Jhalli","image":{"@type":"ImageObject","inLanguage":"en-US","@id":"https:\/\/secure.gravatar.com\/avatar\/63becc64fff8877a05400459aa003b94a1fdc8d3954acacc688ee6a2bc39fef8?s=96&d=mm&r=g","url":"https:\/\/secure.gravatar.com\/avatar\/63becc64fff8877a05400459aa003b94a1fdc8d3954acacc688ee6a2bc39fef8?s=96&d=mm&r=g","contentUrl":"https:\/\/secure.gravatar.com\/avatar\/63becc64fff8877a05400459aa003b94a1fdc8d3954acacc688ee6a2bc39fef8?s=96&d=mm&r=g","caption":"Anil Jhalli"}}]}},"_links":{"self":[{"href":"https:\/\/visionrockland.ca\/en\/wp-json\/wp\/v2\/posts\/104280","targetHints":{"allow":["GET"]}}],"collection":[{"href":"https:\/\/visionrockland.ca\/en\/wp-json\/wp\/v2\/posts"}],"about":[{"href":"https:\/\/visionrockland.ca\/en\/wp-json\/wp\/v2\/types\/post"}],"author":[{"embeddable":true,"href":"https:\/\/visionrockland.ca\/en\/wp-json\/wp\/v2\/users\/27"}],"replies":[{"embeddable":true,"href":"https:\/\/visionrockland.ca\/en\/wp-json\/wp\/v2\/comments?post=104280"}],"version-history":[{"count":1,"href":"https:\/\/visionrockland.ca\/en\/wp-json\/wp\/v2\/posts\/104280\/revisions"}],"predecessor-version":[{"id":132381,"href":"https:\/\/visionrockland.ca\/en\/wp-json\/wp\/v2\/posts\/104280\/revisions\/132381"}],"wp:featuredmedia":[{"embeddable":true,"href":"https:\/\/visionrockland.ca\/en\/wp-json\/wp\/v2\/media\/98857"}],"wp:attachment":[{"href":"https:\/\/visionrockland.ca\/en\/wp-json\/wp\/v2\/media?parent=104280"}],"wp:term":[{"taxonomy":"category","embeddable":true,"href":"https:\/\/visionrockland.ca\/en\/wp-json\/wp\/v2\/categories?post=104280"},{"taxonomy":"post_tag","embeddable":true,"href":"https:\/\/visionrockland.ca\/en\/wp-json\/wp\/v2\/tags?post=104280"}],"curies":[{"name":"wp","href":"https:\/\/api.w.org\/{rel}","templated":true}]}}