{"id":104193,"date":"2024-11-29T13:14:39","date_gmt":"2024-11-29T18:14:39","guid":{"rendered":"https:\/\/editionap.ca\/?p=104193"},"modified":"2026-02-17T20:51:34","modified_gmt":"2026-02-17T19:51:34","slug":"la-station-depuration-de-c-r-en-cours-de-maintenance-essentielle","status":"publish","type":"post","link":"https:\/\/visionrockland.ca\/en\/actualites\/la-station-depuration-de-c-r-en-cours-de-maintenance-essentielle\/","title":{"rendered":"La station d&#8217;\u00e9puration de C-R en cours de maintenance essentielle"},"content":{"rendered":"<p><b><span data-contrast=\"none\">Du 2 au 12 d\u00e9cembre, des travaux de maintenance essentiels du syst\u00e8me de filtration auront lieu \u00e0 l\u2019usine de traitement des eaux de Rockland, a annonc\u00e9 la Cit\u00e9 de Clarence-Rockland.<\/span><\/b><span data-ccp-props=\"{&quot;201341983&quot;:0,&quot;335551550&quot;:6,&quot;335551620&quot;:6,&quot;335559739&quot;:0,&quot;335559740&quot;:288}\">\u00a0<\/span><\/p>\n<p><span data-contrast=\"none\">Ces travaux auront un impact sur l\u2019approvisionnement en eau dans toute la municipalit\u00e9.<\/span><span data-ccp-props=\"{&quot;201341983&quot;:2,&quot;335551550&quot;:6,&quot;335551620&quot;:6,&quot;335559731&quot;:240,&quot;335559739&quot;:0,&quot;335559740&quot;:240}\">\u00a0<\/span><\/p>\n<p><span data-contrast=\"none\">Dans le cadre de ce processus, un bassin de filtration sera compl\u00e8tement vid\u00e9 et nettoy\u00e9 de tous les r\u00e9sidus. Bien que le service d\u2019eau reste actif, la capacit\u00e9 sera r\u00e9duite, et une baisse de pression d\u2019eau est attendue dans certaines zones de Rockland.<\/span><span data-ccp-props=\"{&quot;201341983&quot;:2,&quot;335551550&quot;:6,&quot;335551620&quot;:6,&quot;335559731&quot;:240,&quot;335559739&quot;:0,&quot;335559740&quot;:240}\">\u00a0<\/span><\/p>\n<p><span data-contrast=\"none\">La Cit\u00e9 invite les r\u00e9sidents \u00e0 r\u00e9duire leur consommation d\u2019eau pendant la p\u00e9riode de maintenance afin d\u2019assurer un approvisionnement suffisant pour tous les r\u00e9sidents et les services d\u2019urgence.<\/span><br \/>\n<span data-contrast=\"none\">Parmi les suggestions pour \u00e9conomiser l\u2019eau : limiter l\u2019utilisation ext\u00e9rieure de l\u2019eau et utiliser les appareils m\u00e9nagers de mani\u00e8re plus efficace.<\/span><span data-ccp-props=\"{&quot;201341983&quot;:2,&quot;335551550&quot;:6,&quot;335551620&quot;:6,&quot;335559731&quot;:240,&quot;335559739&quot;:0,&quot;335559740&quot;:240}\">\u00a0<\/span><\/p>\n<p><strong>\u00a0 \u00a0 \u00a0 \u00a0 \u00a0 \u00a0 \u00a0 \u00a0 \u00a0 \u00a0 \u00a0 \u00a0 \u00a0 \u00a0 \u00a0 \u00a0 \u00a0 \u00a0 \u00a0 \u00a0 \u00a0 \u00a0 \u00a0 \u00a0 \u00a0 \u00a0 \u00a0 \u00a0 \u00a0 \u00a0 \u00a0 \u00a0 \u00a0 \u00a0 \u00a0 \u00a0 \u00a0 \u00a0 \u00a0 \u00a0 \u00a0 \u00a0 \u00a0Nouvelle conduite d&#8217;eau entre Clarence-Rockland et La Nation\u00a0<\/strong><\/p>\n<p><span data-contrast=\"none\">Plus t\u00f4t cette ann\u00e9e, le gouvernement provincial a annonc\u00e9 un financement de 18 millions de dollars pour les municipalit\u00e9s de Clarence-Rockland et de La Nation afin de construire une nouvelle conduite d\u2019eau reliant les deux villes de l\u2019est de l\u2019Ontario.<\/span><span data-ccp-props=\"{&quot;201341983&quot;:2,&quot;335551550&quot;:6,&quot;335551620&quot;:6,&quot;335559731&quot;:240,&quot;335559739&quot;:0,&quot;335559740&quot;:240}\">\u00a0<\/span><\/p>\n<p><span data-contrast=\"none\">Selon les responsables municipaux, la population de Clarence-Rockland devrait cro\u00eetre de 11 968 personnes au cours des 20 prochaines ann\u00e9es, soit une augmentation d\u2019environ trois pour cent par an, entra\u00eenant la construction de 4 441 nouveaux logements.<\/span><span data-ccp-props=\"{&quot;201341983&quot;:2,&quot;335551550&quot;:6,&quot;335551620&quot;:6,&quot;335559731&quot;:240,&quot;335559739&quot;:0,&quot;335559740&quot;:240}\">\u00a0<\/span><\/p>\n<p><span data-contrast=\"none\">Ce financement permettra la construction d\u2019une conduite principale d\u2019eau depuis la station de surpression de la rue Caron jusqu\u2019\u00e0 un emplacement situ\u00e9 \u00e0 environ sept kilom\u00e8tres au sud de la route Baseline, via le chemin Bouvier. Le projet comprend deux vannes de r\u00e9duction de pression propos\u00e9es. La conduite principale fera environ 10 kilom\u00e8tres de long et traversera les limites des municipalit\u00e9s de Clarence-Rockland et de La Nation.<\/span><span data-ccp-props=\"{&quot;201341983&quot;:2,&quot;335551550&quot;:6,&quot;335551620&quot;:6,&quot;335559731&quot;:240,&quot;335559739&quot;:0,&quot;335559740&quot;:240}\">\u00a0<\/span><\/p>\n<p><span data-ccp-props=\"{&quot;201341983&quot;:2,&quot;335551550&quot;:6,&quot;335551620&quot;:6,&quot;335559731&quot;:240,&quot;335559739&quot;:0,&quot;335559740&quot;:240}\">\u00a0<\/span><\/p>\n","protected":false},"excerpt":{"rendered":"<p>Du 2 au 12 d\u00e9cembre, des travaux de maintenance essentiels du syst\u00e8me de filtration auront lieu \u00e0 l\u2019usine de traitement des eaux de Rockland, a annonc\u00e9 la Cit\u00e9 de Clarence-Rockland.\u00a0 Ces travaux auront un impact sur l\u2019approvisionnement en eau dans toute la municipalit\u00e9.\u00a0 Dans le cadre de ce processus, un bassin de filtration sera compl\u00e8tement [&hellip;]<\/p>\n","protected":false},"author":27,"featured_media":104194,"comment_status":"closed","ping_status":"open","sticky":false,"template":"","format":"standard","meta":{"_acf_changed":false,"footnotes":""},"categories":[37],"tags":[],"class_list":["post-104193","post","type-post","status-publish","format-standard","has-post-thumbnail","hentry","category-actualites"],"acf":[],"featured_media_global":[],"yoast_head":"<!-- This site is optimized with the Yoast SEO plugin v27.4 - https:\/\/yoast.com\/product\/yoast-seo-wordpress\/ -->\n<title>La station d&#039;\u00e9puration de C-R en cours de maintenance essentielle - Vision<\/title>\n<meta name=\"robots\" content=\"index, follow, max-snippet:-1, max-image-preview:large, max-video-preview:-1\" \/>\n<link rel=\"canonical\" href=\"https:\/\/visionrockland.ca\/en\/actualites\/la-station-depuration-de-c-r-en-cours-de-maintenance-essentielle\/\" \/>\n<meta property=\"og:locale\" content=\"en_US\" \/>\n<meta property=\"og:type\" content=\"article\" \/>\n<meta property=\"og:title\" content=\"La station d&#039;\u00e9puration de C-R en cours de maintenance essentielle - Vision\" \/>\n<meta property=\"og:description\" content=\"Du 2 au 12 d\u00e9cembre, des travaux de maintenance essentiels du syst\u00e8me de filtration auront lieu \u00e0 l\u2019usine de traitement des eaux de Rockland, a annonc\u00e9 la Cit\u00e9 de Clarence-Rockland.\u00a0 Ces travaux auront un impact sur l\u2019approvisionnement en eau dans toute la municipalit\u00e9.\u00a0 Dans le cadre de ce processus, un bassin de filtration sera compl\u00e8tement [&hellip;]\" \/>\n<meta property=\"og:url\" content=\"https:\/\/visionrockland.ca\/en\/actualites\/la-station-depuration-de-c-r-en-cours-de-maintenance-essentielle\/\" \/>\n<meta property=\"og:site_name\" content=\"Vision\" \/>\n<meta property=\"article:published_time\" content=\"2024-11-29T18:14:39+00:00\" \/>\n<meta property=\"article:modified_time\" content=\"2026-02-17T19:51:34+00:00\" \/>\n<meta property=\"og:image\" content=\"https:\/\/cdn.editionap.ca\/wp-content\/uploads\/sites\/3\/2024\/11\/C-R-water.jpg\" \/>\n\t<meta property=\"og:image:width\" content=\"940\" \/>\n\t<meta property=\"og:image:height\" content=\"788\" \/>\n\t<meta property=\"og:image:type\" content=\"image\/jpeg\" \/>\n<meta name=\"author\" content=\"Anil Jhalli\" \/>\n<meta name=\"twitter:card\" content=\"summary_large_image\" \/>\n<meta name=\"twitter:label1\" content=\"Written by\" \/>\n\t<meta name=\"twitter:data1\" content=\"Anil Jhalli\" \/>\n\t<meta name=\"twitter:label2\" content=\"Est. reading time\" \/>\n\t<meta name=\"twitter:data2\" content=\"2 minutes\" \/>\n<script type=\"application\/ld+json\" class=\"yoast-schema-graph\">{\"@context\":\"https:\\\/\\\/schema.org\",\"@graph\":[{\"@type\":\"Article\",\"@id\":\"https:\\\/\\\/visionrockland.ca\\\/en\\\/actualites\\\/la-station-depuration-de-c-r-en-cours-de-maintenance-essentielle\\\/#article\",\"isPartOf\":{\"@id\":\"https:\\\/\\\/visionrockland.ca\\\/en\\\/actualites\\\/la-station-depuration-de-c-r-en-cours-de-maintenance-essentielle\\\/\"},\"author\":{\"name\":\"Anil Jhalli\",\"@id\":\"https:\\\/\\\/visionrockland.ca\\\/en\\\/#\\\/schema\\\/person\\\/a09095fdf65e09e747105760fe90175c\"},\"headline\":\"La station d&#8217;\u00e9puration de C-R en cours de maintenance essentielle\",\"datePublished\":\"2024-11-29T18:14:39+00:00\",\"dateModified\":\"2026-02-17T19:51:34+00:00\",\"mainEntityOfPage\":{\"@id\":\"https:\\\/\\\/visionrockland.ca\\\/en\\\/actualites\\\/la-station-depuration-de-c-r-en-cours-de-maintenance-essentielle\\\/\"},\"wordCount\":325,\"image\":{\"@id\":\"https:\\\/\\\/visionrockland.ca\\\/en\\\/actualites\\\/la-station-depuration-de-c-r-en-cours-de-maintenance-essentielle\\\/#primaryimage\"},\"thumbnailUrl\":\"https:\\\/\\\/cdn.editionap.ca\\\/wp-content\\\/uploads\\\/sites\\\/3\\\/2024\\\/11\\\/C-R-water.jpg\",\"articleSection\":[\"Actualit\u00e9s\"],\"inLanguage\":\"en-US\"},{\"@type\":\"WebPage\",\"@id\":\"https:\\\/\\\/visionrockland.ca\\\/en\\\/actualites\\\/la-station-depuration-de-c-r-en-cours-de-maintenance-essentielle\\\/\",\"url\":\"https:\\\/\\\/visionrockland.ca\\\/en\\\/actualites\\\/la-station-depuration-de-c-r-en-cours-de-maintenance-essentielle\\\/\",\"name\":\"La station d'\u00e9puration de C-R en cours de maintenance essentielle - Vision\",\"isPartOf\":{\"@id\":\"https:\\\/\\\/visionrockland.ca\\\/en\\\/#website\"},\"primaryImageOfPage\":{\"@id\":\"https:\\\/\\\/visionrockland.ca\\\/en\\\/actualites\\\/la-station-depuration-de-c-r-en-cours-de-maintenance-essentielle\\\/#primaryimage\"},\"image\":{\"@id\":\"https:\\\/\\\/visionrockland.ca\\\/en\\\/actualites\\\/la-station-depuration-de-c-r-en-cours-de-maintenance-essentielle\\\/#primaryimage\"},\"thumbnailUrl\":\"https:\\\/\\\/cdn.editionap.ca\\\/wp-content\\\/uploads\\\/sites\\\/3\\\/2024\\\/11\\\/C-R-water.jpg\",\"datePublished\":\"2024-11-29T18:14:39+00:00\",\"dateModified\":\"2026-02-17T19:51:34+00:00\",\"author\":{\"@id\":\"https:\\\/\\\/visionrockland.ca\\\/en\\\/#\\\/schema\\\/person\\\/a09095fdf65e09e747105760fe90175c\"},\"breadcrumb\":{\"@id\":\"https:\\\/\\\/visionrockland.ca\\\/en\\\/actualites\\\/la-station-depuration-de-c-r-en-cours-de-maintenance-essentielle\\\/#breadcrumb\"},\"inLanguage\":\"en-US\",\"potentialAction\":[{\"@type\":\"ReadAction\",\"target\":[\"https:\\\/\\\/visionrockland.ca\\\/en\\\/actualites\\\/la-station-depuration-de-c-r-en-cours-de-maintenance-essentielle\\\/\"]}]},{\"@type\":\"ImageObject\",\"inLanguage\":\"en-US\",\"@id\":\"https:\\\/\\\/visionrockland.ca\\\/en\\\/actualites\\\/la-station-depuration-de-c-r-en-cours-de-maintenance-essentielle\\\/#primaryimage\",\"url\":\"https:\\\/\\\/cdn.editionap.ca\\\/wp-content\\\/uploads\\\/sites\\\/3\\\/2024\\\/11\\\/C-R-water.jpg\",\"contentUrl\":\"https:\\\/\\\/cdn.editionap.ca\\\/wp-content\\\/uploads\\\/sites\\\/3\\\/2024\\\/11\\\/C-R-water.jpg\",\"width\":940,\"height\":788,\"caption\":\"La Cit\u00e9 de Clarence-Rockland a annonc\u00e9 que l'usine de traitement d'eau de Clarence-Rockland fera l'objet d'un entretien essentiel du 2 au 12 d\u00e9cembre\"},{\"@type\":\"BreadcrumbList\",\"@id\":\"https:\\\/\\\/visionrockland.ca\\\/en\\\/actualites\\\/la-station-depuration-de-c-r-en-cours-de-maintenance-essentielle\\\/#breadcrumb\",\"itemListElement\":[{\"@type\":\"ListItem\",\"position\":1,\"name\":\"Accueil\",\"item\":\"https:\\\/\\\/visionrockland.ca\\\/en\\\/\"},{\"@type\":\"ListItem\",\"position\":2,\"name\":\"La station d&rsquo;\u00e9puration de C-R en cours de maintenance essentielle\"}]},{\"@type\":\"WebSite\",\"@id\":\"https:\\\/\\\/visionrockland.ca\\\/en\\\/#website\",\"url\":\"https:\\\/\\\/visionrockland.ca\\\/en\\\/\",\"name\":\"Vision\",\"description\":\"\",\"potentialAction\":[{\"@type\":\"SearchAction\",\"target\":{\"@type\":\"EntryPoint\",\"urlTemplate\":\"https:\\\/\\\/visionrockland.ca\\\/en\\\/?s={search_term_string}\"},\"query-input\":{\"@type\":\"PropertyValueSpecification\",\"valueRequired\":true,\"valueName\":\"search_term_string\"}}],\"inLanguage\":\"en-US\"},{\"@type\":\"Person\",\"@id\":\"https:\\\/\\\/visionrockland.ca\\\/en\\\/#\\\/schema\\\/person\\\/a09095fdf65e09e747105760fe90175c\",\"name\":\"Anil Jhalli\",\"image\":{\"@type\":\"ImageObject\",\"inLanguage\":\"en-US\",\"@id\":\"https:\\\/\\\/secure.gravatar.com\\\/avatar\\\/63becc64fff8877a05400459aa003b94a1fdc8d3954acacc688ee6a2bc39fef8?s=96&d=mm&r=g\",\"url\":\"https:\\\/\\\/secure.gravatar.com\\\/avatar\\\/63becc64fff8877a05400459aa003b94a1fdc8d3954acacc688ee6a2bc39fef8?s=96&d=mm&r=g\",\"contentUrl\":\"https:\\\/\\\/secure.gravatar.com\\\/avatar\\\/63becc64fff8877a05400459aa003b94a1fdc8d3954acacc688ee6a2bc39fef8?s=96&d=mm&r=g\",\"caption\":\"Anil Jhalli\"}}]}<\/script>\n<!-- \/ Yoast SEO plugin. -->","yoast_head_json":{"title":"La station d'\u00e9puration de C-R en cours de maintenance essentielle - Vision","robots":{"index":"index","follow":"follow","max-snippet":"max-snippet:-1","max-image-preview":"max-image-preview:large","max-video-preview":"max-video-preview:-1"},"canonical":"https:\/\/visionrockland.ca\/en\/actualites\/la-station-depuration-de-c-r-en-cours-de-maintenance-essentielle\/","og_locale":"en_US","og_type":"article","og_title":"La station d'\u00e9puration de C-R en cours de maintenance essentielle - Vision","og_description":"Du 2 au 12 d\u00e9cembre, des travaux de maintenance essentiels du syst\u00e8me de filtration auront lieu \u00e0 l\u2019usine de traitement des eaux de Rockland, a annonc\u00e9 la Cit\u00e9 de Clarence-Rockland.\u00a0 Ces travaux auront un impact sur l\u2019approvisionnement en eau dans toute la municipalit\u00e9.\u00a0 Dans le cadre de ce processus, un bassin de filtration sera compl\u00e8tement [&hellip;]","og_url":"https:\/\/visionrockland.ca\/en\/actualites\/la-station-depuration-de-c-r-en-cours-de-maintenance-essentielle\/","og_site_name":"Vision","article_published_time":"2024-11-29T18:14:39+00:00","article_modified_time":"2026-02-17T19:51:34+00:00","og_image":[{"width":940,"height":788,"url":"https:\/\/cdn.editionap.ca\/wp-content\/uploads\/sites\/3\/2024\/11\/C-R-water.jpg","type":"image\/jpeg"}],"author":"Anil Jhalli","twitter_card":"summary_large_image","twitter_misc":{"Written by":"Anil Jhalli","Est. reading time":"2 minutes"},"schema":{"@context":"https:\/\/schema.org","@graph":[{"@type":"Article","@id":"https:\/\/visionrockland.ca\/en\/actualites\/la-station-depuration-de-c-r-en-cours-de-maintenance-essentielle\/#article","isPartOf":{"@id":"https:\/\/visionrockland.ca\/en\/actualites\/la-station-depuration-de-c-r-en-cours-de-maintenance-essentielle\/"},"author":{"name":"Anil Jhalli","@id":"https:\/\/visionrockland.ca\/en\/#\/schema\/person\/a09095fdf65e09e747105760fe90175c"},"headline":"La station d&#8217;\u00e9puration de C-R en cours de maintenance essentielle","datePublished":"2024-11-29T18:14:39+00:00","dateModified":"2026-02-17T19:51:34+00:00","mainEntityOfPage":{"@id":"https:\/\/visionrockland.ca\/en\/actualites\/la-station-depuration-de-c-r-en-cours-de-maintenance-essentielle\/"},"wordCount":325,"image":{"@id":"https:\/\/visionrockland.ca\/en\/actualites\/la-station-depuration-de-c-r-en-cours-de-maintenance-essentielle\/#primaryimage"},"thumbnailUrl":"https:\/\/cdn.editionap.ca\/wp-content\/uploads\/sites\/3\/2024\/11\/C-R-water.jpg","articleSection":["Actualit\u00e9s"],"inLanguage":"en-US"},{"@type":"WebPage","@id":"https:\/\/visionrockland.ca\/en\/actualites\/la-station-depuration-de-c-r-en-cours-de-maintenance-essentielle\/","url":"https:\/\/visionrockland.ca\/en\/actualites\/la-station-depuration-de-c-r-en-cours-de-maintenance-essentielle\/","name":"La station d'\u00e9puration de C-R en cours de maintenance essentielle - Vision","isPartOf":{"@id":"https:\/\/visionrockland.ca\/en\/#website"},"primaryImageOfPage":{"@id":"https:\/\/visionrockland.ca\/en\/actualites\/la-station-depuration-de-c-r-en-cours-de-maintenance-essentielle\/#primaryimage"},"image":{"@id":"https:\/\/visionrockland.ca\/en\/actualites\/la-station-depuration-de-c-r-en-cours-de-maintenance-essentielle\/#primaryimage"},"thumbnailUrl":"https:\/\/cdn.editionap.ca\/wp-content\/uploads\/sites\/3\/2024\/11\/C-R-water.jpg","datePublished":"2024-11-29T18:14:39+00:00","dateModified":"2026-02-17T19:51:34+00:00","author":{"@id":"https:\/\/visionrockland.ca\/en\/#\/schema\/person\/a09095fdf65e09e747105760fe90175c"},"breadcrumb":{"@id":"https:\/\/visionrockland.ca\/en\/actualites\/la-station-depuration-de-c-r-en-cours-de-maintenance-essentielle\/#breadcrumb"},"inLanguage":"en-US","potentialAction":[{"@type":"ReadAction","target":["https:\/\/visionrockland.ca\/en\/actualites\/la-station-depuration-de-c-r-en-cours-de-maintenance-essentielle\/"]}]},{"@type":"ImageObject","inLanguage":"en-US","@id":"https:\/\/visionrockland.ca\/en\/actualites\/la-station-depuration-de-c-r-en-cours-de-maintenance-essentielle\/#primaryimage","url":"https:\/\/cdn.editionap.ca\/wp-content\/uploads\/sites\/3\/2024\/11\/C-R-water.jpg","contentUrl":"https:\/\/cdn.editionap.ca\/wp-content\/uploads\/sites\/3\/2024\/11\/C-R-water.jpg","width":940,"height":788,"caption":"La Cit\u00e9 de Clarence-Rockland a annonc\u00e9 que l'usine de traitement d'eau de Clarence-Rockland fera l'objet d'un entretien essentiel du 2 au 12 d\u00e9cembre"},{"@type":"BreadcrumbList","@id":"https:\/\/visionrockland.ca\/en\/actualites\/la-station-depuration-de-c-r-en-cours-de-maintenance-essentielle\/#breadcrumb","itemListElement":[{"@type":"ListItem","position":1,"name":"Accueil","item":"https:\/\/visionrockland.ca\/en\/"},{"@type":"ListItem","position":2,"name":"La station d&rsquo;\u00e9puration de C-R en cours de maintenance essentielle"}]},{"@type":"WebSite","@id":"https:\/\/visionrockland.ca\/en\/#website","url":"https:\/\/visionrockland.ca\/en\/","name":"Vision","description":"","potentialAction":[{"@type":"SearchAction","target":{"@type":"EntryPoint","urlTemplate":"https:\/\/visionrockland.ca\/en\/?s={search_term_string}"},"query-input":{"@type":"PropertyValueSpecification","valueRequired":true,"valueName":"search_term_string"}}],"inLanguage":"en-US"},{"@type":"Person","@id":"https:\/\/visionrockland.ca\/en\/#\/schema\/person\/a09095fdf65e09e747105760fe90175c","name":"Anil Jhalli","image":{"@type":"ImageObject","inLanguage":"en-US","@id":"https:\/\/secure.gravatar.com\/avatar\/63becc64fff8877a05400459aa003b94a1fdc8d3954acacc688ee6a2bc39fef8?s=96&d=mm&r=g","url":"https:\/\/secure.gravatar.com\/avatar\/63becc64fff8877a05400459aa003b94a1fdc8d3954acacc688ee6a2bc39fef8?s=96&d=mm&r=g","contentUrl":"https:\/\/secure.gravatar.com\/avatar\/63becc64fff8877a05400459aa003b94a1fdc8d3954acacc688ee6a2bc39fef8?s=96&d=mm&r=g","caption":"Anil Jhalli"}}]}},"_links":{"self":[{"href":"https:\/\/visionrockland.ca\/en\/wp-json\/wp\/v2\/posts\/104193","targetHints":{"allow":["GET"]}}],"collection":[{"href":"https:\/\/visionrockland.ca\/en\/wp-json\/wp\/v2\/posts"}],"about":[{"href":"https:\/\/visionrockland.ca\/en\/wp-json\/wp\/v2\/types\/post"}],"author":[{"embeddable":true,"href":"https:\/\/visionrockland.ca\/en\/wp-json\/wp\/v2\/users\/27"}],"replies":[{"embeddable":true,"href":"https:\/\/visionrockland.ca\/en\/wp-json\/wp\/v2\/comments?post=104193"}],"version-history":[{"count":1,"href":"https:\/\/visionrockland.ca\/en\/wp-json\/wp\/v2\/posts\/104193\/revisions"}],"predecessor-version":[{"id":132416,"href":"https:\/\/visionrockland.ca\/en\/wp-json\/wp\/v2\/posts\/104193\/revisions\/132416"}],"wp:featuredmedia":[{"embeddable":true,"href":"https:\/\/visionrockland.ca\/en\/wp-json\/wp\/v2\/media\/104194"}],"wp:attachment":[{"href":"https:\/\/visionrockland.ca\/en\/wp-json\/wp\/v2\/media?parent=104193"}],"wp:term":[{"taxonomy":"category","embeddable":true,"href":"https:\/\/visionrockland.ca\/en\/wp-json\/wp\/v2\/categories?post=104193"},{"taxonomy":"post_tag","embeddable":true,"href":"https:\/\/visionrockland.ca\/en\/wp-json\/wp\/v2\/tags?post=104193"}],"curies":[{"name":"wp","href":"https:\/\/api.w.org\/{rel}","templated":true}]}}