{"id":104182,"date":"2024-11-29T12:46:02","date_gmt":"2024-11-29T17:46:02","guid":{"rendered":"https:\/\/editionap.ca\/?p=104182"},"modified":"2026-02-17T20:51:35","modified_gmt":"2026-02-17T19:51:35","slug":"un-rapport-a-venir-sur-les-ameliorations-du-centre-communautaire-de-hammond","status":"publish","type":"post","link":"https:\/\/visionrockland.ca\/en\/actualites\/un-rapport-a-venir-sur-les-ameliorations-du-centre-communautaire-de-hammond\/","title":{"rendered":"Un rapport \u00e0 venir sur les am\u00e9liorations du centre communautaire de Hammond"},"content":{"rendered":"<p><b><span data-contrast=\"none\">Les conseillers municipaux de Clarence-Rockland ont approuv\u00e9 une motion demandant au personnel de pr\u00e9parer un rapport sur les travaux n\u00e9cessaires pour am\u00e9liorer le centre communautaire Alphonse Carri\u00e8re \u00e0 Hammond.<\/span><\/b><span data-ccp-props=\"{&quot;201341983&quot;:0,&quot;335551550&quot;:6,&quot;335551620&quot;:6,&quot;335559739&quot;:0,&quot;335559740&quot;:288}\">\u00a0<\/span><\/p>\n<p><span data-contrast=\"none\">La motion, pr\u00e9sent\u00e9e par le conseiller Trevor Stewart, qui repr\u00e9sente le village de Hammond, a \u00e9t\u00e9 appuy\u00e9e par le conseiller Simon-Olivier P\u00e9ladeau-Houle lors de la r\u00e9union du conseil municipal de Clarence-Rockland ce mois-ci.<\/span><span data-ccp-props=\"{&quot;201341983&quot;:2,&quot;335551550&quot;:6,&quot;335551620&quot;:6,&quot;335559731&quot;:240,&quot;335559739&quot;:0,&quot;335559740&quot;:240}\">\u00a0<\/span><\/p>\n<p><span data-contrast=\"none\">\u00ab Le b\u00e2timent a besoin d\u2019attention, \u00bb a d\u00e9clar\u00e9 M. Stewart. \u00ab Aucun travail majeur n\u2019a \u00e9t\u00e9 effectu\u00e9 depuis longtemps, et cela se voit. \u00bb<\/span><span data-ccp-props=\"{&quot;201341983&quot;:2,&quot;335551550&quot;:6,&quot;335551620&quot;:6,&quot;335559731&quot;:240,&quot;335559739&quot;:0,&quot;335559740&quot;:240}\">\u00a0<\/span><\/p>\n<p><span data-contrast=\"none\">Le conseil avait pr\u00e9c\u00e9demment vot\u00e9 pour conserver le b\u00e2timent. M. Stewart a soulign\u00e9 que, dans ce cas, \u00ab nous devons investir dans nos infrastructures. \u00bb<\/span><span data-ccp-props=\"{&quot;201341983&quot;:2,&quot;335551550&quot;:6,&quot;335551620&quot;:6,&quot;335559731&quot;:240,&quot;335559739&quot;:0,&quot;335559740&quot;:240}\">\u00a0<\/span><\/p>\n<p><span data-contrast=\"none\">\u00ab Actuellement, le centre n\u2019est pas dans un \u00e9tat attrayant qui inciterait les gens \u00e0 l\u2019utiliser, \u00bb a ajout\u00e9 M. Stewart. \u00ab Il est encore utilis\u00e9, mais nous voulons attirer davantage de personnes, alors c\u2019est le moment de mettre de l\u2019argent de c\u00f4t\u00e9 et de r\u00e9aliser les travaux n\u00e9cessaires. \u00bb<\/span><span data-ccp-props=\"{&quot;201341983&quot;:2,&quot;335551550&quot;:6,&quot;335551620&quot;:6,&quot;335559731&quot;:240,&quot;335559739&quot;:0,&quot;335559740&quot;:240}\">\u00a0<\/span><\/p>\n<p><span data-contrast=\"none\">Le centre, situ\u00e9 au 3154 chemin Gendron, accueille des \u00e9v\u00e9nements communautaires, des r\u00e9unions mensuelles et d\u2019autres rassemblements.<\/span><span data-ccp-props=\"{&quot;201341983&quot;:2,&quot;335551550&quot;:6,&quot;335551620&quot;:6,&quot;335559731&quot;:240,&quot;335559739&quot;:0,&quot;335559740&quot;:240}\">\u00a0<\/span><\/p>\n<p><span data-contrast=\"none\">Construit en 1984 par des b\u00e9n\u00e9voles de la communaut\u00e9, le centre n\u2019a b\u00e9n\u00e9fici\u00e9 que de modifications mineures et n\u2019a pas subi de r\u00e9novations majeures ou de travaux d\u2019entretien significatifs en 40 ans.<\/span><span data-ccp-props=\"{&quot;201341983&quot;:2,&quot;335551550&quot;:6,&quot;335551620&quot;:6,&quot;335559731&quot;:240,&quot;335559739&quot;:0,&quot;335559740&quot;:240}\">\u00a0<\/span><\/p>\n<p><span data-contrast=\"none\">\u00ab Il est \u00e9vident que rien n\u2019a \u00e9t\u00e9 fait depuis des ann\u00e9es, \u00bb a d\u00e9clar\u00e9 M. Stewart. \u00ab C\u2019est un probl\u00e8me qui persiste depuis trop longtemps, et il est temps d\u2019agir. Hammond m\u00e9rite d\u2019avoir sa juste part. \u00bb<\/span><span data-ccp-props=\"{&quot;201341983&quot;:2,&quot;335551550&quot;:6,&quot;335551620&quot;:6,&quot;335559731&quot;:240,&quot;335559739&quot;:0,&quot;335559740&quot;:240}\">\u00a0<\/span><\/p>\n<p><span data-contrast=\"none\">Patrick Robinson, pr\u00e9sident et secr\u00e9taire sortant du Club Optimiste de Hammond, a pr\u00e9sent\u00e9 un expos\u00e9 aux membres du conseil municipal de Clarence-Rockland plus t\u00f4t cette ann\u00e9e, d\u00e9taillant l\u2019histoire du centre et son importance pour la communaut\u00e9.<\/span><span data-ccp-props=\"{&quot;201341983&quot;:2,&quot;335551550&quot;:6,&quot;335551620&quot;:6,&quot;335559731&quot;:240,&quot;335559739&quot;:0,&quot;335559740&quot;:240}\">\u00a0<\/span><\/p>\n<p><span data-contrast=\"none\">\u00ab Hammond est une communaut\u00e9 en pleine croissance et dynamique, \u00bb a d\u00e9clar\u00e9 M. Robinson. \u00ab Nous organisons de nombreux \u00e9v\u00e9nements dans ce centre communautaire, et nous voulons qu\u2019il soit accueillant pour les gens de la communaut\u00e9. \u00bb<\/span><span data-ccp-props=\"{&quot;201341983&quot;:2,&quot;335551550&quot;:6,&quot;335551620&quot;:6,&quot;335559731&quot;:240,&quot;335559739&quot;:0,&quot;335559740&quot;:240}\">\u00a0<\/span><\/p>\n<p><span data-contrast=\"none\">Robinson a not\u00e9 que la cuisine du centre n\u00e9cessite une r\u00e9novation compl\u00e8te, sugg\u00e9rant m\u00eame de la d\u00e9placer \u00e0 un autre endroit du b\u00e2timent pour cr\u00e9er davantage d\u2019espace de rangement.<\/span><span data-ccp-props=\"{&quot;201341983&quot;:2,&quot;335551550&quot;:6,&quot;335551620&quot;:6,&quot;335559731&quot;:240,&quot;335559739&quot;:0,&quot;335559740&quot;:240}\">\u00a0<\/span><\/p>\n<p><span data-contrast=\"none\">\u00ab Nous n\u2019avons pas encore eu \u00e0 annuler d\u2019\u00e9v\u00e9nements, et ce que nous demandons est assez basique, \u00bb a-t-il pr\u00e9cis\u00e9. \u00ab Nous comprenons qu\u2019il y a des priorit\u00e9s, mais il fallait que nous nous exprimions davantage pour dire : voici ce qui doit \u00eatre fait. \u00bb<\/span><span data-ccp-props=\"{&quot;201341983&quot;:2,&quot;335551550&quot;:6,&quot;335551620&quot;:6,&quot;335559731&quot;:240,&quot;335559739&quot;:0,&quot;335559740&quot;:240}\">\u00a0<\/span><\/p>\n","protected":false},"excerpt":{"rendered":"<p>Les conseillers municipaux de Clarence-Rockland ont approuv\u00e9 une motion demandant au personnel de pr\u00e9parer un rapport sur les travaux n\u00e9cessaires pour am\u00e9liorer le centre communautaire Alphonse Carri\u00e8re \u00e0 Hammond.\u00a0 La motion, pr\u00e9sent\u00e9e par le conseiller Trevor Stewart, qui repr\u00e9sente le village de Hammond, a \u00e9t\u00e9 appuy\u00e9e par le conseiller Simon-Olivier P\u00e9ladeau-Houle lors de la r\u00e9union [&hellip;]<\/p>\n","protected":false},"author":27,"featured_media":103648,"comment_status":"closed","ping_status":"open","sticky":false,"template":"","format":"standard","meta":{"_acf_changed":false,"footnotes":""},"categories":[37],"tags":[],"class_list":["post-104182","post","type-post","status-publish","format-standard","has-post-thumbnail","hentry","category-actualites"],"acf":[],"featured_media_global":[],"yoast_head":"<!-- This site is optimized with the Yoast SEO plugin v27.5 - https:\/\/yoast.com\/product\/yoast-seo-wordpress\/ -->\n<title>Un rapport \u00e0 venir sur les am\u00e9liorations du centre communautaire de Hammond - Vision<\/title>\n<meta name=\"robots\" content=\"index, follow, max-snippet:-1, max-image-preview:large, max-video-preview:-1\" \/>\n<link rel=\"canonical\" href=\"https:\/\/visionrockland.ca\/en\/actualites\/un-rapport-a-venir-sur-les-ameliorations-du-centre-communautaire-de-hammond\/\" \/>\n<meta property=\"og:locale\" content=\"en_US\" \/>\n<meta property=\"og:type\" content=\"article\" \/>\n<meta property=\"og:title\" content=\"Un rapport \u00e0 venir sur les am\u00e9liorations du centre communautaire de Hammond - Vision\" \/>\n<meta property=\"og:description\" content=\"Les conseillers municipaux de Clarence-Rockland ont approuv\u00e9 une motion demandant au personnel de pr\u00e9parer un rapport sur les travaux n\u00e9cessaires pour am\u00e9liorer le centre communautaire Alphonse Carri\u00e8re \u00e0 Hammond.\u00a0 La motion, pr\u00e9sent\u00e9e par le conseiller Trevor Stewart, qui repr\u00e9sente le village de Hammond, a \u00e9t\u00e9 appuy\u00e9e par le conseiller Simon-Olivier P\u00e9ladeau-Houle lors de la r\u00e9union [&hellip;]\" \/>\n<meta property=\"og:url\" content=\"https:\/\/visionrockland.ca\/en\/actualites\/un-rapport-a-venir-sur-les-ameliorations-du-centre-communautaire-de-hammond\/\" \/>\n<meta property=\"og:site_name\" content=\"Vision\" \/>\n<meta property=\"article:published_time\" content=\"2024-11-29T17:46:02+00:00\" \/>\n<meta property=\"article:modified_time\" content=\"2026-02-17T19:51:35+00:00\" \/>\n<meta property=\"og:image\" content=\"https:\/\/cdn.editionap.ca\/wp-content\/uploads\/sites\/3\/2024\/10\/Alphone-Carriere.jpg\" \/>\n\t<meta property=\"og:image:width\" content=\"640\" \/>\n\t<meta property=\"og:image:height\" content=\"480\" \/>\n\t<meta property=\"og:image:type\" content=\"image\/jpeg\" \/>\n<meta name=\"author\" content=\"Anil Jhalli\" \/>\n<meta name=\"twitter:card\" content=\"summary_large_image\" \/>\n<meta name=\"twitter:label1\" content=\"Written by\" \/>\n\t<meta name=\"twitter:data1\" content=\"Anil Jhalli\" \/>\n\t<meta name=\"twitter:label2\" content=\"Est. reading time\" \/>\n\t<meta name=\"twitter:data2\" content=\"3 minutes\" \/>\n<script type=\"application\/ld+json\" class=\"yoast-schema-graph\">{\"@context\":\"https:\\\/\\\/schema.org\",\"@graph\":[{\"@type\":\"Article\",\"@id\":\"https:\\\/\\\/visionrockland.ca\\\/en\\\/actualites\\\/un-rapport-a-venir-sur-les-ameliorations-du-centre-communautaire-de-hammond\\\/#article\",\"isPartOf\":{\"@id\":\"https:\\\/\\\/visionrockland.ca\\\/en\\\/actualites\\\/un-rapport-a-venir-sur-les-ameliorations-du-centre-communautaire-de-hammond\\\/\"},\"author\":{\"name\":\"Anil Jhalli\",\"@id\":\"https:\\\/\\\/visionrockland.ca\\\/en\\\/#\\\/schema\\\/person\\\/a09095fdf65e09e747105760fe90175c\"},\"headline\":\"Un rapport \u00e0 venir sur les am\u00e9liorations du centre communautaire de Hammond\",\"datePublished\":\"2024-11-29T17:46:02+00:00\",\"dateModified\":\"2026-02-17T19:51:35+00:00\",\"mainEntityOfPage\":{\"@id\":\"https:\\\/\\\/visionrockland.ca\\\/en\\\/actualites\\\/un-rapport-a-venir-sur-les-ameliorations-du-centre-communautaire-de-hammond\\\/\"},\"wordCount\":448,\"image\":{\"@id\":\"https:\\\/\\\/visionrockland.ca\\\/en\\\/actualites\\\/un-rapport-a-venir-sur-les-ameliorations-du-centre-communautaire-de-hammond\\\/#primaryimage\"},\"thumbnailUrl\":\"https:\\\/\\\/cdn.editionap.ca\\\/wp-content\\\/uploads\\\/sites\\\/3\\\/2024\\\/10\\\/Alphone-Carriere.jpg\",\"articleSection\":[\"Actualit\u00e9s\"],\"inLanguage\":\"en-US\"},{\"@type\":\"WebPage\",\"@id\":\"https:\\\/\\\/visionrockland.ca\\\/en\\\/actualites\\\/un-rapport-a-venir-sur-les-ameliorations-du-centre-communautaire-de-hammond\\\/\",\"url\":\"https:\\\/\\\/visionrockland.ca\\\/en\\\/actualites\\\/un-rapport-a-venir-sur-les-ameliorations-du-centre-communautaire-de-hammond\\\/\",\"name\":\"Un rapport \u00e0 venir sur les am\u00e9liorations du centre communautaire de Hammond - Vision\",\"isPartOf\":{\"@id\":\"https:\\\/\\\/visionrockland.ca\\\/en\\\/#website\"},\"primaryImageOfPage\":{\"@id\":\"https:\\\/\\\/visionrockland.ca\\\/en\\\/actualites\\\/un-rapport-a-venir-sur-les-ameliorations-du-centre-communautaire-de-hammond\\\/#primaryimage\"},\"image\":{\"@id\":\"https:\\\/\\\/visionrockland.ca\\\/en\\\/actualites\\\/un-rapport-a-venir-sur-les-ameliorations-du-centre-communautaire-de-hammond\\\/#primaryimage\"},\"thumbnailUrl\":\"https:\\\/\\\/cdn.editionap.ca\\\/wp-content\\\/uploads\\\/sites\\\/3\\\/2024\\\/10\\\/Alphone-Carriere.jpg\",\"datePublished\":\"2024-11-29T17:46:02+00:00\",\"dateModified\":\"2026-02-17T19:51:35+00:00\",\"author\":{\"@id\":\"https:\\\/\\\/visionrockland.ca\\\/en\\\/#\\\/schema\\\/person\\\/a09095fdf65e09e747105760fe90175c\"},\"breadcrumb\":{\"@id\":\"https:\\\/\\\/visionrockland.ca\\\/en\\\/actualites\\\/un-rapport-a-venir-sur-les-ameliorations-du-centre-communautaire-de-hammond\\\/#breadcrumb\"},\"inLanguage\":\"en-US\",\"potentialAction\":[{\"@type\":\"ReadAction\",\"target\":[\"https:\\\/\\\/visionrockland.ca\\\/en\\\/actualites\\\/un-rapport-a-venir-sur-les-ameliorations-du-centre-communautaire-de-hammond\\\/\"]}]},{\"@type\":\"ImageObject\",\"inLanguage\":\"en-US\",\"@id\":\"https:\\\/\\\/visionrockland.ca\\\/en\\\/actualites\\\/un-rapport-a-venir-sur-les-ameliorations-du-centre-communautaire-de-hammond\\\/#primaryimage\",\"url\":\"https:\\\/\\\/cdn.editionap.ca\\\/wp-content\\\/uploads\\\/sites\\\/3\\\/2024\\\/10\\\/Alphone-Carriere.jpg\",\"contentUrl\":\"https:\\\/\\\/cdn.editionap.ca\\\/wp-content\\\/uploads\\\/sites\\\/3\\\/2024\\\/10\\\/Alphone-Carriere.jpg\",\"width\":640,\"height\":480,\"caption\":\"Le Club Optimiste de Hammond esp\u00e8re que la Cit\u00e9 de Clarence-Rockland investira bient\u00f4t dans les am\u00e9liorations et l'entretien n\u00e9cessaires au Centre r\u00e9cr\u00e9atif Alphonse-Carri\u00e8re.\"},{\"@type\":\"BreadcrumbList\",\"@id\":\"https:\\\/\\\/visionrockland.ca\\\/en\\\/actualites\\\/un-rapport-a-venir-sur-les-ameliorations-du-centre-communautaire-de-hammond\\\/#breadcrumb\",\"itemListElement\":[{\"@type\":\"ListItem\",\"position\":1,\"name\":\"Accueil\",\"item\":\"https:\\\/\\\/visionrockland.ca\\\/en\\\/\"},{\"@type\":\"ListItem\",\"position\":2,\"name\":\"Un rapport \u00e0 venir sur les am\u00e9liorations du centre communautaire de Hammond\"}]},{\"@type\":\"WebSite\",\"@id\":\"https:\\\/\\\/visionrockland.ca\\\/en\\\/#website\",\"url\":\"https:\\\/\\\/visionrockland.ca\\\/en\\\/\",\"name\":\"Vision\",\"description\":\"\",\"potentialAction\":[{\"@type\":\"SearchAction\",\"target\":{\"@type\":\"EntryPoint\",\"urlTemplate\":\"https:\\\/\\\/visionrockland.ca\\\/en\\\/?s={search_term_string}\"},\"query-input\":{\"@type\":\"PropertyValueSpecification\",\"valueRequired\":true,\"valueName\":\"search_term_string\"}}],\"inLanguage\":\"en-US\"},{\"@type\":\"Person\",\"@id\":\"https:\\\/\\\/visionrockland.ca\\\/en\\\/#\\\/schema\\\/person\\\/a09095fdf65e09e747105760fe90175c\",\"name\":\"Anil Jhalli\",\"image\":{\"@type\":\"ImageObject\",\"inLanguage\":\"en-US\",\"@id\":\"https:\\\/\\\/secure.gravatar.com\\\/avatar\\\/63becc64fff8877a05400459aa003b94a1fdc8d3954acacc688ee6a2bc39fef8?s=96&d=mm&r=g\",\"url\":\"https:\\\/\\\/secure.gravatar.com\\\/avatar\\\/63becc64fff8877a05400459aa003b94a1fdc8d3954acacc688ee6a2bc39fef8?s=96&d=mm&r=g\",\"contentUrl\":\"https:\\\/\\\/secure.gravatar.com\\\/avatar\\\/63becc64fff8877a05400459aa003b94a1fdc8d3954acacc688ee6a2bc39fef8?s=96&d=mm&r=g\",\"caption\":\"Anil Jhalli\"}}]}<\/script>\n<!-- \/ Yoast SEO plugin. -->","yoast_head_json":{"title":"Un rapport \u00e0 venir sur les am\u00e9liorations du centre communautaire de Hammond - Vision","robots":{"index":"index","follow":"follow","max-snippet":"max-snippet:-1","max-image-preview":"max-image-preview:large","max-video-preview":"max-video-preview:-1"},"canonical":"https:\/\/visionrockland.ca\/en\/actualites\/un-rapport-a-venir-sur-les-ameliorations-du-centre-communautaire-de-hammond\/","og_locale":"en_US","og_type":"article","og_title":"Un rapport \u00e0 venir sur les am\u00e9liorations du centre communautaire de Hammond - Vision","og_description":"Les conseillers municipaux de Clarence-Rockland ont approuv\u00e9 une motion demandant au personnel de pr\u00e9parer un rapport sur les travaux n\u00e9cessaires pour am\u00e9liorer le centre communautaire Alphonse Carri\u00e8re \u00e0 Hammond.\u00a0 La motion, pr\u00e9sent\u00e9e par le conseiller Trevor Stewart, qui repr\u00e9sente le village de Hammond, a \u00e9t\u00e9 appuy\u00e9e par le conseiller Simon-Olivier P\u00e9ladeau-Houle lors de la r\u00e9union [&hellip;]","og_url":"https:\/\/visionrockland.ca\/en\/actualites\/un-rapport-a-venir-sur-les-ameliorations-du-centre-communautaire-de-hammond\/","og_site_name":"Vision","article_published_time":"2024-11-29T17:46:02+00:00","article_modified_time":"2026-02-17T19:51:35+00:00","og_image":[{"width":640,"height":480,"url":"https:\/\/cdn.editionap.ca\/wp-content\/uploads\/sites\/3\/2024\/10\/Alphone-Carriere.jpg","type":"image\/jpeg"}],"author":"Anil Jhalli","twitter_card":"summary_large_image","twitter_misc":{"Written by":"Anil Jhalli","Est. reading time":"3 minutes"},"schema":{"@context":"https:\/\/schema.org","@graph":[{"@type":"Article","@id":"https:\/\/visionrockland.ca\/en\/actualites\/un-rapport-a-venir-sur-les-ameliorations-du-centre-communautaire-de-hammond\/#article","isPartOf":{"@id":"https:\/\/visionrockland.ca\/en\/actualites\/un-rapport-a-venir-sur-les-ameliorations-du-centre-communautaire-de-hammond\/"},"author":{"name":"Anil Jhalli","@id":"https:\/\/visionrockland.ca\/en\/#\/schema\/person\/a09095fdf65e09e747105760fe90175c"},"headline":"Un rapport \u00e0 venir sur les am\u00e9liorations du centre communautaire de Hammond","datePublished":"2024-11-29T17:46:02+00:00","dateModified":"2026-02-17T19:51:35+00:00","mainEntityOfPage":{"@id":"https:\/\/visionrockland.ca\/en\/actualites\/un-rapport-a-venir-sur-les-ameliorations-du-centre-communautaire-de-hammond\/"},"wordCount":448,"image":{"@id":"https:\/\/visionrockland.ca\/en\/actualites\/un-rapport-a-venir-sur-les-ameliorations-du-centre-communautaire-de-hammond\/#primaryimage"},"thumbnailUrl":"https:\/\/cdn.editionap.ca\/wp-content\/uploads\/sites\/3\/2024\/10\/Alphone-Carriere.jpg","articleSection":["Actualit\u00e9s"],"inLanguage":"en-US"},{"@type":"WebPage","@id":"https:\/\/visionrockland.ca\/en\/actualites\/un-rapport-a-venir-sur-les-ameliorations-du-centre-communautaire-de-hammond\/","url":"https:\/\/visionrockland.ca\/en\/actualites\/un-rapport-a-venir-sur-les-ameliorations-du-centre-communautaire-de-hammond\/","name":"Un rapport \u00e0 venir sur les am\u00e9liorations du centre communautaire de Hammond - Vision","isPartOf":{"@id":"https:\/\/visionrockland.ca\/en\/#website"},"primaryImageOfPage":{"@id":"https:\/\/visionrockland.ca\/en\/actualites\/un-rapport-a-venir-sur-les-ameliorations-du-centre-communautaire-de-hammond\/#primaryimage"},"image":{"@id":"https:\/\/visionrockland.ca\/en\/actualites\/un-rapport-a-venir-sur-les-ameliorations-du-centre-communautaire-de-hammond\/#primaryimage"},"thumbnailUrl":"https:\/\/cdn.editionap.ca\/wp-content\/uploads\/sites\/3\/2024\/10\/Alphone-Carriere.jpg","datePublished":"2024-11-29T17:46:02+00:00","dateModified":"2026-02-17T19:51:35+00:00","author":{"@id":"https:\/\/visionrockland.ca\/en\/#\/schema\/person\/a09095fdf65e09e747105760fe90175c"},"breadcrumb":{"@id":"https:\/\/visionrockland.ca\/en\/actualites\/un-rapport-a-venir-sur-les-ameliorations-du-centre-communautaire-de-hammond\/#breadcrumb"},"inLanguage":"en-US","potentialAction":[{"@type":"ReadAction","target":["https:\/\/visionrockland.ca\/en\/actualites\/un-rapport-a-venir-sur-les-ameliorations-du-centre-communautaire-de-hammond\/"]}]},{"@type":"ImageObject","inLanguage":"en-US","@id":"https:\/\/visionrockland.ca\/en\/actualites\/un-rapport-a-venir-sur-les-ameliorations-du-centre-communautaire-de-hammond\/#primaryimage","url":"https:\/\/cdn.editionap.ca\/wp-content\/uploads\/sites\/3\/2024\/10\/Alphone-Carriere.jpg","contentUrl":"https:\/\/cdn.editionap.ca\/wp-content\/uploads\/sites\/3\/2024\/10\/Alphone-Carriere.jpg","width":640,"height":480,"caption":"Le Club Optimiste de Hammond esp\u00e8re que la Cit\u00e9 de Clarence-Rockland investira bient\u00f4t dans les am\u00e9liorations et l'entretien n\u00e9cessaires au Centre r\u00e9cr\u00e9atif Alphonse-Carri\u00e8re."},{"@type":"BreadcrumbList","@id":"https:\/\/visionrockland.ca\/en\/actualites\/un-rapport-a-venir-sur-les-ameliorations-du-centre-communautaire-de-hammond\/#breadcrumb","itemListElement":[{"@type":"ListItem","position":1,"name":"Accueil","item":"https:\/\/visionrockland.ca\/en\/"},{"@type":"ListItem","position":2,"name":"Un rapport \u00e0 venir sur les am\u00e9liorations du centre communautaire de Hammond"}]},{"@type":"WebSite","@id":"https:\/\/visionrockland.ca\/en\/#website","url":"https:\/\/visionrockland.ca\/en\/","name":"Vision","description":"","potentialAction":[{"@type":"SearchAction","target":{"@type":"EntryPoint","urlTemplate":"https:\/\/visionrockland.ca\/en\/?s={search_term_string}"},"query-input":{"@type":"PropertyValueSpecification","valueRequired":true,"valueName":"search_term_string"}}],"inLanguage":"en-US"},{"@type":"Person","@id":"https:\/\/visionrockland.ca\/en\/#\/schema\/person\/a09095fdf65e09e747105760fe90175c","name":"Anil Jhalli","image":{"@type":"ImageObject","inLanguage":"en-US","@id":"https:\/\/secure.gravatar.com\/avatar\/63becc64fff8877a05400459aa003b94a1fdc8d3954acacc688ee6a2bc39fef8?s=96&d=mm&r=g","url":"https:\/\/secure.gravatar.com\/avatar\/63becc64fff8877a05400459aa003b94a1fdc8d3954acacc688ee6a2bc39fef8?s=96&d=mm&r=g","contentUrl":"https:\/\/secure.gravatar.com\/avatar\/63becc64fff8877a05400459aa003b94a1fdc8d3954acacc688ee6a2bc39fef8?s=96&d=mm&r=g","caption":"Anil Jhalli"}}]}},"_links":{"self":[{"href":"https:\/\/visionrockland.ca\/en\/wp-json\/wp\/v2\/posts\/104182","targetHints":{"allow":["GET"]}}],"collection":[{"href":"https:\/\/visionrockland.ca\/en\/wp-json\/wp\/v2\/posts"}],"about":[{"href":"https:\/\/visionrockland.ca\/en\/wp-json\/wp\/v2\/types\/post"}],"author":[{"embeddable":true,"href":"https:\/\/visionrockland.ca\/en\/wp-json\/wp\/v2\/users\/27"}],"replies":[{"embeddable":true,"href":"https:\/\/visionrockland.ca\/en\/wp-json\/wp\/v2\/comments?post=104182"}],"version-history":[{"count":1,"href":"https:\/\/visionrockland.ca\/en\/wp-json\/wp\/v2\/posts\/104182\/revisions"}],"predecessor-version":[{"id":132419,"href":"https:\/\/visionrockland.ca\/en\/wp-json\/wp\/v2\/posts\/104182\/revisions\/132419"}],"wp:featuredmedia":[{"embeddable":true,"href":"https:\/\/visionrockland.ca\/en\/wp-json\/wp\/v2\/media\/103648"}],"wp:attachment":[{"href":"https:\/\/visionrockland.ca\/en\/wp-json\/wp\/v2\/media?parent=104182"}],"wp:term":[{"taxonomy":"category","embeddable":true,"href":"https:\/\/visionrockland.ca\/en\/wp-json\/wp\/v2\/categories?post=104182"},{"taxonomy":"post_tag","embeddable":true,"href":"https:\/\/visionrockland.ca\/en\/wp-json\/wp\/v2\/tags?post=104182"}],"curies":[{"name":"wp","href":"https:\/\/api.w.org\/{rel}","templated":true}]}}