{"id":103886,"date":"2024-11-07T12:59:52","date_gmt":"2024-11-07T17:59:52","guid":{"rendered":"https:\/\/editionap.ca\/?p=103886"},"modified":"2026-02-17T20:51:35","modified_gmt":"2026-02-17T19:51:35","slug":"thats-a-wrap-34th-season-of-rockland-flag-football-league-comes-to-an-end-2","status":"publish","type":"post","link":"https:\/\/visionrockland.ca\/en\/societe\/thats-a-wrap-34th-season-of-rockland-flag-football-league-comes-to-an-end-2\/","title":{"rendered":"La L\u00e9gion organise la c\u00e9r\u00e9monie du jour du Souvenir en semaine"},"content":{"rendered":"<p><b><span data-contrast=\"none\">Pour la premi\u00e8re fois depuis de nombreuses ann\u00e9es, la succursale locale de la L\u00e9gion royale canadienne organise une c\u00e9r\u00e9monie du jour du Souvenir en semaine.<\/span><\/b><span data-ccp-props=\"{&quot;201341983&quot;:0,&quot;335551550&quot;:6,&quot;335551620&quot;:6,&quot;335559739&quot;:0,&quot;335559740&quot;:288}\">\u00a0<\/span><\/p>\n<p><span data-contrast=\"none\">La c\u00e9r\u00e9monie du jour du Souvenir de Clarence-Rockland se d\u00e9roulera le lundi 11 novembre, une journ\u00e9e o\u00f9 des millions de Canadiens \u00e0 travers le pays rendent hommage aux hommes et aux femmes courageux qui se sont battus pour leur protection et leur libert\u00e9.<\/span><span data-ccp-props=\"{&quot;201341983&quot;:2,&quot;335551550&quot;:6,&quot;335551620&quot;:6,&quot;335559731&quot;:240,&quot;335559739&quot;:0,&quot;335559740&quot;:240}\">\u00a0<\/span><\/p>\n<p><span data-contrast=\"none\">La c\u00e9r\u00e9monie \u00e0 Rockland, organis\u00e9e par la succursale locale de la L\u00e9gion royale canadienne, se tenait traditionnellement le week-end pr\u00e9c\u00e9dant le jour m\u00eame du Souvenir, ce qui attirait g\u00e9n\u00e9ralement plus de monde, y compris plus d\u2019enfants.<\/span><span data-ccp-props=\"{&quot;201341983&quot;:2,&quot;335551550&quot;:6,&quot;335551620&quot;:6,&quot;335559731&quot;:240,&quot;335559739&quot;:0,&quot;335559740&quot;:240}\">\u00a0<\/span><\/p>\n<p><span data-contrast=\"none\">\u00ab Nous recevions des appels, beaucoup de gens se demandaient pourquoi nous n\u2019avions rien organis\u00e9 le jour m\u00eame dans le pass\u00e9, \u00bb a d\u00e9clar\u00e9 Robert Gagnon, pr\u00e9sident de la succursale de la L\u00e9gion royale canadienne de Rockland. \u00ab Et cela avait du sens. M\u00eame moi, je me suis parfois pos\u00e9 la question, alors cette ann\u00e9e, nous verrons comment \u00e7a se passe. \u00bb<\/span><span data-ccp-props=\"{&quot;201341983&quot;:2,&quot;335551550&quot;:6,&quot;335551620&quot;:6,&quot;335559731&quot;:240,&quot;335559739&quot;:0,&quot;335559740&quot;:240}\">\u00a0<\/span><\/p>\n<p><span data-contrast=\"none\">Gagnon esp\u00e8re une grande foule lundi, ce qui influencera la fa\u00e7on dont la succursale locale de la L\u00e9gion organisera la c\u00e9r\u00e9monie \u00e0 l\u2019avenir.<\/span><span data-ccp-props=\"{&quot;201341983&quot;:2,&quot;335551550&quot;:6,&quot;335551620&quot;:6,&quot;335559731&quot;:240,&quot;335559739&quot;:0,&quot;335559740&quot;:240}\">\u00a0<\/span><\/p>\n<p><span data-contrast=\"none\">\u00ab L\u2019ann\u00e9e derni\u00e8re, cela s\u2019est tr\u00e8s bien pass\u00e9 parce que le jour du Souvenir \u00e9tait un dimanche, alors nous avons eu quelques centaines de personnes avec nous, \u00bb a ajout\u00e9 Gagnon. \u00ab Beaucoup de nos r\u00e9sidents se rendent \u00e0 Ottawa pour la c\u00e9r\u00e9monie au centre-ville, donc nous perdons certains participants \u00e0 cause de cela. Si nous avons assez de monde, peut-\u00eatre pourrons-nous commencer cette nouvelle tradition. Nous verrons ce que le jour nous r\u00e9serve. \u00bb<\/span><span data-ccp-props=\"{&quot;201341983&quot;:2,&quot;335551550&quot;:6,&quot;335551620&quot;:6,&quot;335559731&quot;:240,&quot;335559739&quot;:0,&quot;335559740&quot;:240}\">\u00a0<\/span><\/p>\n<p><span data-contrast=\"none\">Gagnon esp\u00e8re instaurer une nouvelle tradition avec les r\u00e9sidents de la ville, alors que la succursale locale de la L\u00e9gion cherche \u00e0 augmenter son nombre de membres.<\/span><span data-ccp-props=\"{&quot;201341983&quot;:2,&quot;335551550&quot;:6,&quot;335551620&quot;:6,&quot;335559731&quot;:240,&quot;335559739&quot;:0,&quot;335559740&quot;:240}\">\u00a0<\/span><\/p>\n<p><span data-contrast=\"none\">Lorsque Gagnon est devenu pr\u00e9sident l\u2019ann\u00e9e derni\u00e8re, la succursale de la L\u00e9gion comptait 42 membres. Il esp\u00e8re en compter 75 d\u2019ici la fin de l\u2019\u00e9t\u00e9 prochain.<\/span><span data-ccp-props=\"{&quot;201341983&quot;:2,&quot;335551550&quot;:6,&quot;335551620&quot;:6,&quot;335559731&quot;:240,&quot;335559739&quot;:0,&quot;335559740&quot;:240}\">\u00a0<\/span><\/p>\n<p><span data-contrast=\"none\">\u00ab J\u2019aimerais faire plus de sensibilisation, de publicit\u00e9 et simplement faire savoir que nous sommes l\u00e0, \u00bb a d\u00e9clar\u00e9 Gagnon. \u00ab Cela nous aidera \u00e0 avoir une identit\u00e9 dans la communaut\u00e9 et \u00e0 attirer des gens pour se joindre \u00e0 nous. \u00bb<\/span><span data-ccp-props=\"{&quot;201341983&quot;:2,&quot;335551550&quot;:6,&quot;335551620&quot;:6,&quot;335559731&quot;:240,&quot;335559739&quot;:0,&quot;335559740&quot;:240}\">\u00a0<\/span><\/p>\n<p><span data-contrast=\"none\">Gagnon a expliqu\u00e9 qu\u2019une augmentation du nombre de membres pourrait aider la L\u00e9gion \u00e0 obtenir son propre b\u00e2timent, o\u00f9 les membres pourraient organiser des \u00e9v\u00e9nements, des r\u00e9unions et d\u2019autres rassemblements.<\/span><span data-ccp-props=\"{&quot;201341983&quot;:2,&quot;335551550&quot;:6,&quot;335551620&quot;:6,&quot;335559731&quot;:240,&quot;335559739&quot;:0,&quot;335559740&quot;:240}\">\u00a0<\/span><\/p>\n<p><span data-contrast=\"none\">Actuellement, les r\u00e9unions de la L\u00e9gion se tiennent dans le sous-sol de la Paroisse Tr\u00e8s-Sainte-Trinit\u00e9 de Rockland. Gagnon a indiqu\u00e9 que des discussions sont en cours avec les membres de la L\u00e9gion et la Ville pour esp\u00e9rer obtenir un local permanent pour la L\u00e9gion.<\/span><span data-ccp-props=\"{&quot;201341983&quot;:2,&quot;335551550&quot;:6,&quot;335551620&quot;:6,&quot;335559731&quot;:240,&quot;335559739&quot;:0,&quot;335559740&quot;:240}\">\u00a0<\/span><\/p>\n<p><span data-contrast=\"none\">\u00ab Il n\u2019y a vraiment pas beaucoup d\u2019espace \u00e0 Rockland, et en ce moment, nous n\u2019avons pas assez de membres pour un espace plus grand, \u00bb a-t-il ajout\u00e9. \u00ab Nous essayons, et esp\u00e9rons que quelque chose pourra se concr\u00e9tiser \u00e0 la fin. \u00bb<\/span><span data-ccp-props=\"{&quot;201341983&quot;:2,&quot;335551550&quot;:6,&quot;335551620&quot;:6,&quot;335559731&quot;:240,&quot;335559739&quot;:0,&quot;335559740&quot;:240}\">\u00a0<\/span><\/p>\n<p><span data-contrast=\"none\">Pour plus d\u2019informations sur la c\u00e9r\u00e9monie du jour du Souvenir de cette ann\u00e9e et la succursale locale de la L\u00e9gion, veuillez visiter le site www.rcl554.ca.<\/span><span data-ccp-props=\"{&quot;201341983&quot;:2,&quot;335551550&quot;:6,&quot;335551620&quot;:6,&quot;335559731&quot;:240,&quot;335559739&quot;:0,&quot;335559740&quot;:240}\">\u00a0<\/span><\/p>\n","protected":false},"excerpt":{"rendered":"<p>Pour la premi\u00e8re fois depuis de nombreuses ann\u00e9es, la succursale locale de la L\u00e9gion royale canadienne organise une c\u00e9r\u00e9monie du jour du Souvenir en semaine.\u00a0 La c\u00e9r\u00e9monie du jour du Souvenir de Clarence-Rockland se d\u00e9roulera le lundi 11 novembre, une journ\u00e9e o\u00f9 des millions de Canadiens \u00e0 travers le pays rendent hommage aux hommes et [&hellip;]<\/p>\n","protected":false},"author":27,"featured_media":103887,"comment_status":"closed","ping_status":"open","sticky":false,"template":"","format":"standard","meta":{"_acf_changed":false,"footnotes":""},"categories":[40],"tags":[],"class_list":["post-103886","post","type-post","status-publish","format-standard","has-post-thumbnail","hentry","category-societe"],"acf":[],"featured_media_global":[],"yoast_head":"<!-- This site is optimized with the Yoast SEO plugin v27.4 - https:\/\/yoast.com\/product\/yoast-seo-wordpress\/ -->\n<title>La L\u00e9gion organise la c\u00e9r\u00e9monie du jour du Souvenir en semaine - Vision<\/title>\n<meta name=\"robots\" content=\"index, follow, max-snippet:-1, max-image-preview:large, max-video-preview:-1\" \/>\n<link rel=\"canonical\" href=\"https:\/\/visionrockland.ca\/en\/societe\/thats-a-wrap-34th-season-of-rockland-flag-football-league-comes-to-an-end-2\/\" \/>\n<meta property=\"og:locale\" content=\"en_US\" \/>\n<meta property=\"og:type\" content=\"article\" \/>\n<meta property=\"og:title\" content=\"La L\u00e9gion organise la c\u00e9r\u00e9monie du jour du Souvenir en semaine - Vision\" \/>\n<meta property=\"og:description\" content=\"Pour la premi\u00e8re fois depuis de nombreuses ann\u00e9es, la succursale locale de la L\u00e9gion royale canadienne organise une c\u00e9r\u00e9monie du jour du Souvenir en semaine.\u00a0 La c\u00e9r\u00e9monie du jour du Souvenir de Clarence-Rockland se d\u00e9roulera le lundi 11 novembre, une journ\u00e9e o\u00f9 des millions de Canadiens \u00e0 travers le pays rendent hommage aux hommes et [&hellip;]\" \/>\n<meta property=\"og:url\" content=\"https:\/\/visionrockland.ca\/en\/societe\/thats-a-wrap-34th-season-of-rockland-flag-football-league-comes-to-an-end-2\/\" \/>\n<meta property=\"og:site_name\" content=\"Vision\" \/>\n<meta property=\"article:published_time\" content=\"2024-11-07T17:59:52+00:00\" \/>\n<meta property=\"article:modified_time\" content=\"2026-02-17T19:51:35+00:00\" \/>\n<meta property=\"og:image\" content=\"https:\/\/cdn.editionap.ca\/wp-content\/uploads\/sites\/3\/2024\/11\/Remembrance-Day-1-scaled-1.jpeg\" \/>\n\t<meta property=\"og:image:width\" content=\"2560\" \/>\n\t<meta property=\"og:image:height\" content=\"1709\" \/>\n\t<meta property=\"og:image:type\" content=\"image\/jpeg\" \/>\n<meta name=\"author\" content=\"Anil Jhalli\" \/>\n<meta name=\"twitter:card\" content=\"summary_large_image\" \/>\n<meta name=\"twitter:label1\" content=\"Written by\" \/>\n\t<meta name=\"twitter:data1\" content=\"Anil Jhalli\" \/>\n\t<meta name=\"twitter:label2\" content=\"Est. reading time\" \/>\n\t<meta name=\"twitter:data2\" content=\"3 minutes\" \/>\n<script type=\"application\/ld+json\" class=\"yoast-schema-graph\">{\"@context\":\"https:\\\/\\\/schema.org\",\"@graph\":[{\"@type\":\"Article\",\"@id\":\"https:\\\/\\\/visionrockland.ca\\\/en\\\/societe\\\/thats-a-wrap-34th-season-of-rockland-flag-football-league-comes-to-an-end-2\\\/#article\",\"isPartOf\":{\"@id\":\"https:\\\/\\\/visionrockland.ca\\\/en\\\/societe\\\/thats-a-wrap-34th-season-of-rockland-flag-football-league-comes-to-an-end-2\\\/\"},\"author\":{\"name\":\"Anil Jhalli\",\"@id\":\"https:\\\/\\\/visionrockland.ca\\\/en\\\/#\\\/schema\\\/person\\\/a09095fdf65e09e747105760fe90175c\"},\"headline\":\"La L\u00e9gion organise la c\u00e9r\u00e9monie du jour du Souvenir en semaine\",\"datePublished\":\"2024-11-07T17:59:52+00:00\",\"dateModified\":\"2026-02-17T19:51:35+00:00\",\"mainEntityOfPage\":{\"@id\":\"https:\\\/\\\/visionrockland.ca\\\/en\\\/societe\\\/thats-a-wrap-34th-season-of-rockland-flag-football-league-comes-to-an-end-2\\\/\"},\"wordCount\":563,\"image\":{\"@id\":\"https:\\\/\\\/visionrockland.ca\\\/en\\\/societe\\\/thats-a-wrap-34th-season-of-rockland-flag-football-league-comes-to-an-end-2\\\/#primaryimage\"},\"thumbnailUrl\":\"https:\\\/\\\/cdn.editionap.ca\\\/wp-content\\\/uploads\\\/sites\\\/3\\\/2024\\\/11\\\/Remembrance-Day-1-scaled-1.jpeg\",\"articleSection\":[\"Soci\u00e9t\u00e9\"],\"inLanguage\":\"en-US\"},{\"@type\":\"WebPage\",\"@id\":\"https:\\\/\\\/visionrockland.ca\\\/en\\\/societe\\\/thats-a-wrap-34th-season-of-rockland-flag-football-league-comes-to-an-end-2\\\/\",\"url\":\"https:\\\/\\\/visionrockland.ca\\\/en\\\/societe\\\/thats-a-wrap-34th-season-of-rockland-flag-football-league-comes-to-an-end-2\\\/\",\"name\":\"La L\u00e9gion organise la c\u00e9r\u00e9monie du jour du Souvenir en semaine - Vision\",\"isPartOf\":{\"@id\":\"https:\\\/\\\/visionrockland.ca\\\/en\\\/#website\"},\"primaryImageOfPage\":{\"@id\":\"https:\\\/\\\/visionrockland.ca\\\/en\\\/societe\\\/thats-a-wrap-34th-season-of-rockland-flag-football-league-comes-to-an-end-2\\\/#primaryimage\"},\"image\":{\"@id\":\"https:\\\/\\\/visionrockland.ca\\\/en\\\/societe\\\/thats-a-wrap-34th-season-of-rockland-flag-football-league-comes-to-an-end-2\\\/#primaryimage\"},\"thumbnailUrl\":\"https:\\\/\\\/cdn.editionap.ca\\\/wp-content\\\/uploads\\\/sites\\\/3\\\/2024\\\/11\\\/Remembrance-Day-1-scaled-1.jpeg\",\"datePublished\":\"2024-11-07T17:59:52+00:00\",\"dateModified\":\"2026-02-17T19:51:35+00:00\",\"author\":{\"@id\":\"https:\\\/\\\/visionrockland.ca\\\/en\\\/#\\\/schema\\\/person\\\/a09095fdf65e09e747105760fe90175c\"},\"breadcrumb\":{\"@id\":\"https:\\\/\\\/visionrockland.ca\\\/en\\\/societe\\\/thats-a-wrap-34th-season-of-rockland-flag-football-league-comes-to-an-end-2\\\/#breadcrumb\"},\"inLanguage\":\"en-US\",\"potentialAction\":[{\"@type\":\"ReadAction\",\"target\":[\"https:\\\/\\\/visionrockland.ca\\\/en\\\/societe\\\/thats-a-wrap-34th-season-of-rockland-flag-football-league-comes-to-an-end-2\\\/\"]}]},{\"@type\":\"ImageObject\",\"inLanguage\":\"en-US\",\"@id\":\"https:\\\/\\\/visionrockland.ca\\\/en\\\/societe\\\/thats-a-wrap-34th-season-of-rockland-flag-football-league-comes-to-an-end-2\\\/#primaryimage\",\"url\":\"https:\\\/\\\/cdn.editionap.ca\\\/wp-content\\\/uploads\\\/sites\\\/3\\\/2024\\\/11\\\/Remembrance-Day-1-scaled-1.jpeg\",\"contentUrl\":\"https:\\\/\\\/cdn.editionap.ca\\\/wp-content\\\/uploads\\\/sites\\\/3\\\/2024\\\/11\\\/Remembrance-Day-1-scaled-1.jpeg\",\"width\":2560,\"height\":1709,\"caption\":\"The Remembrance Day ceremony in Clarence-Rockland will take place on Monday, Nov. 11. This is the first time in many years that the ceremony will be held on a weekday. The local branch of the Royal Canadian Legion traditionally holds the ceremony on weekends.\"},{\"@type\":\"BreadcrumbList\",\"@id\":\"https:\\\/\\\/visionrockland.ca\\\/en\\\/societe\\\/thats-a-wrap-34th-season-of-rockland-flag-football-league-comes-to-an-end-2\\\/#breadcrumb\",\"itemListElement\":[{\"@type\":\"ListItem\",\"position\":1,\"name\":\"Accueil\",\"item\":\"https:\\\/\\\/visionrockland.ca\\\/en\\\/\"},{\"@type\":\"ListItem\",\"position\":2,\"name\":\"La L\u00e9gion organise la c\u00e9r\u00e9monie du jour du Souvenir en semaine\"}]},{\"@type\":\"WebSite\",\"@id\":\"https:\\\/\\\/visionrockland.ca\\\/en\\\/#website\",\"url\":\"https:\\\/\\\/visionrockland.ca\\\/en\\\/\",\"name\":\"Vision\",\"description\":\"\",\"potentialAction\":[{\"@type\":\"SearchAction\",\"target\":{\"@type\":\"EntryPoint\",\"urlTemplate\":\"https:\\\/\\\/visionrockland.ca\\\/en\\\/?s={search_term_string}\"},\"query-input\":{\"@type\":\"PropertyValueSpecification\",\"valueRequired\":true,\"valueName\":\"search_term_string\"}}],\"inLanguage\":\"en-US\"},{\"@type\":\"Person\",\"@id\":\"https:\\\/\\\/visionrockland.ca\\\/en\\\/#\\\/schema\\\/person\\\/a09095fdf65e09e747105760fe90175c\",\"name\":\"Anil Jhalli\",\"image\":{\"@type\":\"ImageObject\",\"inLanguage\":\"en-US\",\"@id\":\"https:\\\/\\\/secure.gravatar.com\\\/avatar\\\/63becc64fff8877a05400459aa003b94a1fdc8d3954acacc688ee6a2bc39fef8?s=96&d=mm&r=g\",\"url\":\"https:\\\/\\\/secure.gravatar.com\\\/avatar\\\/63becc64fff8877a05400459aa003b94a1fdc8d3954acacc688ee6a2bc39fef8?s=96&d=mm&r=g\",\"contentUrl\":\"https:\\\/\\\/secure.gravatar.com\\\/avatar\\\/63becc64fff8877a05400459aa003b94a1fdc8d3954acacc688ee6a2bc39fef8?s=96&d=mm&r=g\",\"caption\":\"Anil Jhalli\"}}]}<\/script>\n<!-- \/ Yoast SEO plugin. -->","yoast_head_json":{"title":"La L\u00e9gion organise la c\u00e9r\u00e9monie du jour du Souvenir en semaine - Vision","robots":{"index":"index","follow":"follow","max-snippet":"max-snippet:-1","max-image-preview":"max-image-preview:large","max-video-preview":"max-video-preview:-1"},"canonical":"https:\/\/visionrockland.ca\/en\/societe\/thats-a-wrap-34th-season-of-rockland-flag-football-league-comes-to-an-end-2\/","og_locale":"en_US","og_type":"article","og_title":"La L\u00e9gion organise la c\u00e9r\u00e9monie du jour du Souvenir en semaine - Vision","og_description":"Pour la premi\u00e8re fois depuis de nombreuses ann\u00e9es, la succursale locale de la L\u00e9gion royale canadienne organise une c\u00e9r\u00e9monie du jour du Souvenir en semaine.\u00a0 La c\u00e9r\u00e9monie du jour du Souvenir de Clarence-Rockland se d\u00e9roulera le lundi 11 novembre, une journ\u00e9e o\u00f9 des millions de Canadiens \u00e0 travers le pays rendent hommage aux hommes et [&hellip;]","og_url":"https:\/\/visionrockland.ca\/en\/societe\/thats-a-wrap-34th-season-of-rockland-flag-football-league-comes-to-an-end-2\/","og_site_name":"Vision","article_published_time":"2024-11-07T17:59:52+00:00","article_modified_time":"2026-02-17T19:51:35+00:00","og_image":[{"width":2560,"height":1709,"url":"https:\/\/cdn.editionap.ca\/wp-content\/uploads\/sites\/3\/2024\/11\/Remembrance-Day-1-scaled-1.jpeg","type":"image\/jpeg"}],"author":"Anil Jhalli","twitter_card":"summary_large_image","twitter_misc":{"Written by":"Anil Jhalli","Est. reading time":"3 minutes"},"schema":{"@context":"https:\/\/schema.org","@graph":[{"@type":"Article","@id":"https:\/\/visionrockland.ca\/en\/societe\/thats-a-wrap-34th-season-of-rockland-flag-football-league-comes-to-an-end-2\/#article","isPartOf":{"@id":"https:\/\/visionrockland.ca\/en\/societe\/thats-a-wrap-34th-season-of-rockland-flag-football-league-comes-to-an-end-2\/"},"author":{"name":"Anil Jhalli","@id":"https:\/\/visionrockland.ca\/en\/#\/schema\/person\/a09095fdf65e09e747105760fe90175c"},"headline":"La L\u00e9gion organise la c\u00e9r\u00e9monie du jour du Souvenir en semaine","datePublished":"2024-11-07T17:59:52+00:00","dateModified":"2026-02-17T19:51:35+00:00","mainEntityOfPage":{"@id":"https:\/\/visionrockland.ca\/en\/societe\/thats-a-wrap-34th-season-of-rockland-flag-football-league-comes-to-an-end-2\/"},"wordCount":563,"image":{"@id":"https:\/\/visionrockland.ca\/en\/societe\/thats-a-wrap-34th-season-of-rockland-flag-football-league-comes-to-an-end-2\/#primaryimage"},"thumbnailUrl":"https:\/\/cdn.editionap.ca\/wp-content\/uploads\/sites\/3\/2024\/11\/Remembrance-Day-1-scaled-1.jpeg","articleSection":["Soci\u00e9t\u00e9"],"inLanguage":"en-US"},{"@type":"WebPage","@id":"https:\/\/visionrockland.ca\/en\/societe\/thats-a-wrap-34th-season-of-rockland-flag-football-league-comes-to-an-end-2\/","url":"https:\/\/visionrockland.ca\/en\/societe\/thats-a-wrap-34th-season-of-rockland-flag-football-league-comes-to-an-end-2\/","name":"La L\u00e9gion organise la c\u00e9r\u00e9monie du jour du Souvenir en semaine - Vision","isPartOf":{"@id":"https:\/\/visionrockland.ca\/en\/#website"},"primaryImageOfPage":{"@id":"https:\/\/visionrockland.ca\/en\/societe\/thats-a-wrap-34th-season-of-rockland-flag-football-league-comes-to-an-end-2\/#primaryimage"},"image":{"@id":"https:\/\/visionrockland.ca\/en\/societe\/thats-a-wrap-34th-season-of-rockland-flag-football-league-comes-to-an-end-2\/#primaryimage"},"thumbnailUrl":"https:\/\/cdn.editionap.ca\/wp-content\/uploads\/sites\/3\/2024\/11\/Remembrance-Day-1-scaled-1.jpeg","datePublished":"2024-11-07T17:59:52+00:00","dateModified":"2026-02-17T19:51:35+00:00","author":{"@id":"https:\/\/visionrockland.ca\/en\/#\/schema\/person\/a09095fdf65e09e747105760fe90175c"},"breadcrumb":{"@id":"https:\/\/visionrockland.ca\/en\/societe\/thats-a-wrap-34th-season-of-rockland-flag-football-league-comes-to-an-end-2\/#breadcrumb"},"inLanguage":"en-US","potentialAction":[{"@type":"ReadAction","target":["https:\/\/visionrockland.ca\/en\/societe\/thats-a-wrap-34th-season-of-rockland-flag-football-league-comes-to-an-end-2\/"]}]},{"@type":"ImageObject","inLanguage":"en-US","@id":"https:\/\/visionrockland.ca\/en\/societe\/thats-a-wrap-34th-season-of-rockland-flag-football-league-comes-to-an-end-2\/#primaryimage","url":"https:\/\/cdn.editionap.ca\/wp-content\/uploads\/sites\/3\/2024\/11\/Remembrance-Day-1-scaled-1.jpeg","contentUrl":"https:\/\/cdn.editionap.ca\/wp-content\/uploads\/sites\/3\/2024\/11\/Remembrance-Day-1-scaled-1.jpeg","width":2560,"height":1709,"caption":"The Remembrance Day ceremony in Clarence-Rockland will take place on Monday, Nov. 11. This is the first time in many years that the ceremony will be held on a weekday. The local branch of the Royal Canadian Legion traditionally holds the ceremony on weekends."},{"@type":"BreadcrumbList","@id":"https:\/\/visionrockland.ca\/en\/societe\/thats-a-wrap-34th-season-of-rockland-flag-football-league-comes-to-an-end-2\/#breadcrumb","itemListElement":[{"@type":"ListItem","position":1,"name":"Accueil","item":"https:\/\/visionrockland.ca\/en\/"},{"@type":"ListItem","position":2,"name":"La L\u00e9gion organise la c\u00e9r\u00e9monie du jour du Souvenir en semaine"}]},{"@type":"WebSite","@id":"https:\/\/visionrockland.ca\/en\/#website","url":"https:\/\/visionrockland.ca\/en\/","name":"Vision","description":"","potentialAction":[{"@type":"SearchAction","target":{"@type":"EntryPoint","urlTemplate":"https:\/\/visionrockland.ca\/en\/?s={search_term_string}"},"query-input":{"@type":"PropertyValueSpecification","valueRequired":true,"valueName":"search_term_string"}}],"inLanguage":"en-US"},{"@type":"Person","@id":"https:\/\/visionrockland.ca\/en\/#\/schema\/person\/a09095fdf65e09e747105760fe90175c","name":"Anil Jhalli","image":{"@type":"ImageObject","inLanguage":"en-US","@id":"https:\/\/secure.gravatar.com\/avatar\/63becc64fff8877a05400459aa003b94a1fdc8d3954acacc688ee6a2bc39fef8?s=96&d=mm&r=g","url":"https:\/\/secure.gravatar.com\/avatar\/63becc64fff8877a05400459aa003b94a1fdc8d3954acacc688ee6a2bc39fef8?s=96&d=mm&r=g","contentUrl":"https:\/\/secure.gravatar.com\/avatar\/63becc64fff8877a05400459aa003b94a1fdc8d3954acacc688ee6a2bc39fef8?s=96&d=mm&r=g","caption":"Anil Jhalli"}}]}},"_links":{"self":[{"href":"https:\/\/visionrockland.ca\/en\/wp-json\/wp\/v2\/posts\/103886","targetHints":{"allow":["GET"]}}],"collection":[{"href":"https:\/\/visionrockland.ca\/en\/wp-json\/wp\/v2\/posts"}],"about":[{"href":"https:\/\/visionrockland.ca\/en\/wp-json\/wp\/v2\/types\/post"}],"author":[{"embeddable":true,"href":"https:\/\/visionrockland.ca\/en\/wp-json\/wp\/v2\/users\/27"}],"replies":[{"embeddable":true,"href":"https:\/\/visionrockland.ca\/en\/wp-json\/wp\/v2\/comments?post=103886"}],"version-history":[{"count":1,"href":"https:\/\/visionrockland.ca\/en\/wp-json\/wp\/v2\/posts\/103886\/revisions"}],"predecessor-version":[{"id":132427,"href":"https:\/\/visionrockland.ca\/en\/wp-json\/wp\/v2\/posts\/103886\/revisions\/132427"}],"wp:featuredmedia":[{"embeddable":true,"href":"https:\/\/visionrockland.ca\/en\/wp-json\/wp\/v2\/media\/103887"}],"wp:attachment":[{"href":"https:\/\/visionrockland.ca\/en\/wp-json\/wp\/v2\/media?parent=103886"}],"wp:term":[{"taxonomy":"category","embeddable":true,"href":"https:\/\/visionrockland.ca\/en\/wp-json\/wp\/v2\/categories?post=103886"},{"taxonomy":"post_tag","embeddable":true,"href":"https:\/\/visionrockland.ca\/en\/wp-json\/wp\/v2\/tags?post=103886"}],"curies":[{"name":"wp","href":"https:\/\/api.w.org\/{rel}","templated":true}]}}