{"id":103641,"date":"2024-10-18T09:36:15","date_gmt":"2024-10-18T13:36:15","guid":{"rendered":"https:\/\/editionap.ca\/?p=103641"},"modified":"2026-02-17T20:51:36","modified_gmt":"2026-02-17T19:51:36","slug":"le-conseil-discutera-des-couts-lies-a-lajout-de-bancs-et-de-poubelles-sur-les-routes-collectrices-urbaines","status":"publish","type":"post","link":"https:\/\/visionrockland.ca\/en\/actualites\/le-conseil-discutera-des-couts-lies-a-lajout-de-bancs-et-de-poubelles-sur-les-routes-collectrices-urbaines\/","title":{"rendered":"Le conseil discutera des co\u00fbts li\u00e9s \u00e0 l&#8217;ajout de bancs et de poubelles sur les routes collectrices urbaines"},"content":{"rendered":"<p><b><span data-contrast=\"none\">Une motion d&#8217;un conseiller sera discut\u00e9e lors d&#8217;une prochaine r\u00e9union du conseil municipal de Clarence-Rockland.<\/span><\/b><span data-ccp-props=\"{&quot;201341983&quot;:0,&quot;335551550&quot;:6,&quot;335551620&quot;:6,&quot;335559739&quot;:0,&quot;335559740&quot;:288}\">\u00a0<\/span><\/p>\n<p><span data-contrast=\"none\">Le conseiller municipal Samuel Cardarelli, du quartier 4 de Clarence-Rockland, a pr\u00e9sent\u00e9 une motion lors de la r\u00e9union du conseil municipal de Clarence-Rockland du 9 octobre, demandant au personnel de la Cit\u00e9 d&#8217;examiner les co\u00fbts li\u00e9s \u00e0 l&#8217;ajout de bancs et de poubelles sur les routes collectrices urbaines de la Cit\u00e9\u00a0et d&#8217;en faire ensuite rapport au conseil.<\/span><span data-ccp-props=\"{&quot;201341983&quot;:2,&quot;335551550&quot;:6,&quot;335551620&quot;:6,&quot;335559731&quot;:240,&quot;335559739&quot;:0,&quot;335559740&quot;:240}\">\u00a0<\/span><\/p>\n<p><span data-contrast=\"none\">\u00ab La Cit\u00e9 de Clarence-Rockland a connu une croissance rapide, et il est essentiel que notre infrastructure publique refl\u00e8te les besoins de tous les r\u00e9sidents \u00bb, peut-on lire dans la motion pr\u00e9sent\u00e9e au conseil. \u00ab Les directives de conception et les normes d&#8217;ing\u00e9nierie actuelles pour les routes collectrices n&#8217;identifient pas les possibilit\u00e9s d&#8217;installer des bancs et des poubelles. \u00bb<\/span><span data-ccp-props=\"{&quot;201341983&quot;:2,&quot;335551550&quot;:6,&quot;335551620&quot;:6,&quot;335559731&quot;:240,&quot;335559739&quot;:0,&quot;335559740&quot;:240}\">\u00a0<\/span><\/p>\n<p><span data-contrast=\"none\">Dans sa motion, M. Cardarelli note que si la Cit\u00e9 installe des bancs et des poubelles le long de ces routes, ils \u00ab am\u00e9lioreront l&#8217;accessibilit\u00e9, favoriseront la propret\u00e9, encourageront une communaut\u00e9 saine et s&#8217;adapteront \u00e0 l&#8217;\u00e9volution d\u00e9mographique de notre ville. \u00bb<\/span><span data-ccp-props=\"{&quot;201341983&quot;:2,&quot;335551550&quot;:6,&quot;335551620&quot;:6,&quot;335559731&quot;:240,&quot;335559739&quot;:0,&quot;335559740&quot;:240}\">\u00a0<\/span><\/p>\n<p><span data-contrast=\"none\">Il a demand\u00e9 que le personnel de la Cit\u00e9 de Clarence-Rockland examine et r\u00e9vise les lignes directrices de conception recommand\u00e9es et les normes d&#8217;ing\u00e9nierie pour les routes collectrices urbaines de la Cit\u00e9, dans le but d&#8217;ajouter des bancs et des poubelles, et qu&#8217;il pr\u00e9sente un rapport au conseil.<\/span><span data-ccp-props=\"{&quot;201341983&quot;:2,&quot;335551550&quot;:6,&quot;335551620&quot;:6,&quot;335559731&quot;:240,&quot;335559739&quot;:0,&quot;335559740&quot;:240}\">\u00a0<\/span><\/p>\n<p><span data-contrast=\"none\">La conseill\u00e8re du quartier 4 aimerait conna\u00eetre les implications budg\u00e9taires et d&#8217;entretien \u00e0 long terme de ces ajouts, afin de s&#8217;assurer qu&#8217;ils sont g\u00e9r\u00e9s de mani\u00e8re durable.<\/span><span data-ccp-props=\"{&quot;201341983&quot;:2,&quot;335551550&quot;:6,&quot;335551620&quot;:6,&quot;335559731&quot;:240,&quot;335559739&quot;:0,&quot;335559740&quot;:240}\">\u00a0<\/span><\/p>\n<p><span data-contrast=\"none\">\u00ab Nous demandons simplement au personnel de recueillir de l&#8217;information sur les impacts de ce genre de projets \u00bb, a d\u00e9clar\u00e9 le conseiller, ajoutant que les rues Caron et Dr. Corbeil \u00e0 Rockland serait consid\u00e9r\u00e9e comme une route o\u00f9 ajouter des bancs et des poubelles, lors d&#8217;une entrevue avec La Vision. \u00ab Ramenez-nous un chiffre et nous d\u00e9ciderons \u00e0 ce moment-l\u00e0. \u00bb<\/span><span data-ccp-props=\"{&quot;201341983&quot;:2,&quot;335551550&quot;:6,&quot;335551620&quot;:6,&quot;335559731&quot;:240,&quot;335559739&quot;:0,&quot;335559740&quot;:240}\">\u00a0<\/span><\/p>\n<p><span data-contrast=\"none\">La motion, qui a \u00e9t\u00e9 appuy\u00e9e par le conseiller municipal du quartier 3, Carl Grimard, sera examin\u00e9e lors de la r\u00e9union r\u00e9guli\u00e8re du conseil de la Cit\u00e9 de Clarence-Rockland le 13 novembre prochain.<\/span><span data-ccp-props=\"{&quot;201341983&quot;:2,&quot;335551550&quot;:6,&quot;335551620&quot;:6,&quot;335559731&quot;:240,&quot;335559739&quot;:0,&quot;335559740&quot;:240}\">\u00a0<\/span><\/p>\n","protected":false},"excerpt":{"rendered":"<p>Une motion d&#8217;un conseiller sera discut\u00e9e lors d&#8217;une prochaine r\u00e9union du conseil municipal de Clarence-Rockland.\u00a0 Le conseiller municipal Samuel Cardarelli, du quartier 4 de Clarence-Rockland, a pr\u00e9sent\u00e9 une motion lors de la r\u00e9union du conseil municipal de Clarence-Rockland du 9 octobre, demandant au personnel de la Cit\u00e9 d&#8217;examiner les co\u00fbts li\u00e9s \u00e0 l&#8217;ajout de bancs [&hellip;]<\/p>\n","protected":false},"author":27,"featured_media":103642,"comment_status":"closed","ping_status":"open","sticky":false,"template":"","format":"standard","meta":{"_acf_changed":false,"footnotes":""},"categories":[37],"tags":[],"class_list":["post-103641","post","type-post","status-publish","format-standard","has-post-thumbnail","hentry","category-actualites"],"acf":[],"featured_media_global":[],"yoast_head":"<!-- This site is optimized with the Yoast SEO plugin v27.4 - https:\/\/yoast.com\/product\/yoast-seo-wordpress\/ -->\n<title>Le conseil discutera des co\u00fbts li\u00e9s \u00e0 l&#039;ajout de bancs et de poubelles sur les routes collectrices urbaines - Vision<\/title>\n<meta name=\"robots\" content=\"index, follow, max-snippet:-1, max-image-preview:large, max-video-preview:-1\" \/>\n<link rel=\"canonical\" href=\"https:\/\/visionrockland.ca\/en\/actualites\/le-conseil-discutera-des-couts-lies-a-lajout-de-bancs-et-de-poubelles-sur-les-routes-collectrices-urbaines\/\" \/>\n<meta property=\"og:locale\" content=\"en_US\" \/>\n<meta property=\"og:type\" content=\"article\" \/>\n<meta property=\"og:title\" content=\"Le conseil discutera des co\u00fbts li\u00e9s \u00e0 l&#039;ajout de bancs et de poubelles sur les routes collectrices urbaines - Vision\" \/>\n<meta property=\"og:description\" content=\"Une motion d&#8217;un conseiller sera discut\u00e9e lors d&#8217;une prochaine r\u00e9union du conseil municipal de Clarence-Rockland.\u00a0 Le conseiller municipal Samuel Cardarelli, du quartier 4 de Clarence-Rockland, a pr\u00e9sent\u00e9 une motion lors de la r\u00e9union du conseil municipal de Clarence-Rockland du 9 octobre, demandant au personnel de la Cit\u00e9 d&#8217;examiner les co\u00fbts li\u00e9s \u00e0 l&#8217;ajout de bancs [&hellip;]\" \/>\n<meta property=\"og:url\" content=\"https:\/\/visionrockland.ca\/en\/actualites\/le-conseil-discutera-des-couts-lies-a-lajout-de-bancs-et-de-poubelles-sur-les-routes-collectrices-urbaines\/\" \/>\n<meta property=\"og:site_name\" content=\"Vision\" \/>\n<meta property=\"article:published_time\" content=\"2024-10-18T13:36:15+00:00\" \/>\n<meta property=\"article:modified_time\" content=\"2026-02-17T19:51:36+00:00\" \/>\n<meta property=\"og:image\" content=\"https:\/\/cdn.editionap.ca\/wp-content\/uploads\/sites\/3\/2024\/10\/Cardarelli.jpg\" \/>\n\t<meta property=\"og:image:width\" content=\"200\" \/>\n\t<meta property=\"og:image:height\" content=\"300\" \/>\n\t<meta property=\"og:image:type\" content=\"image\/jpeg\" \/>\n<meta name=\"author\" content=\"Anil Jhalli\" \/>\n<meta name=\"twitter:card\" content=\"summary_large_image\" \/>\n<meta name=\"twitter:label1\" content=\"Written by\" \/>\n\t<meta name=\"twitter:data1\" content=\"Anil Jhalli\" \/>\n\t<meta name=\"twitter:label2\" content=\"Est. reading time\" \/>\n\t<meta name=\"twitter:data2\" content=\"2 minutes\" \/>\n<script type=\"application\/ld+json\" class=\"yoast-schema-graph\">{\"@context\":\"https:\\\/\\\/schema.org\",\"@graph\":[{\"@type\":\"Article\",\"@id\":\"https:\\\/\\\/visionrockland.ca\\\/en\\\/actualites\\\/le-conseil-discutera-des-couts-lies-a-lajout-de-bancs-et-de-poubelles-sur-les-routes-collectrices-urbaines\\\/#article\",\"isPartOf\":{\"@id\":\"https:\\\/\\\/visionrockland.ca\\\/en\\\/actualites\\\/le-conseil-discutera-des-couts-lies-a-lajout-de-bancs-et-de-poubelles-sur-les-routes-collectrices-urbaines\\\/\"},\"author\":{\"name\":\"Anil Jhalli\",\"@id\":\"https:\\\/\\\/visionrockland.ca\\\/en\\\/#\\\/schema\\\/person\\\/a09095fdf65e09e747105760fe90175c\"},\"headline\":\"Le conseil discutera des co\u00fbts li\u00e9s \u00e0 l&#8217;ajout de bancs et de poubelles sur les routes collectrices urbaines\",\"datePublished\":\"2024-10-18T13:36:15+00:00\",\"dateModified\":\"2026-02-17T19:51:36+00:00\",\"mainEntityOfPage\":{\"@id\":\"https:\\\/\\\/visionrockland.ca\\\/en\\\/actualites\\\/le-conseil-discutera-des-couts-lies-a-lajout-de-bancs-et-de-poubelles-sur-les-routes-collectrices-urbaines\\\/\"},\"wordCount\":395,\"image\":{\"@id\":\"https:\\\/\\\/visionrockland.ca\\\/en\\\/actualites\\\/le-conseil-discutera-des-couts-lies-a-lajout-de-bancs-et-de-poubelles-sur-les-routes-collectrices-urbaines\\\/#primaryimage\"},\"thumbnailUrl\":\"https:\\\/\\\/cdn.editionap.ca\\\/wp-content\\\/uploads\\\/sites\\\/3\\\/2024\\\/10\\\/Cardarelli.jpg\",\"articleSection\":[\"Actualit\u00e9s\"],\"inLanguage\":\"en-US\"},{\"@type\":\"WebPage\",\"@id\":\"https:\\\/\\\/visionrockland.ca\\\/en\\\/actualites\\\/le-conseil-discutera-des-couts-lies-a-lajout-de-bancs-et-de-poubelles-sur-les-routes-collectrices-urbaines\\\/\",\"url\":\"https:\\\/\\\/visionrockland.ca\\\/en\\\/actualites\\\/le-conseil-discutera-des-couts-lies-a-lajout-de-bancs-et-de-poubelles-sur-les-routes-collectrices-urbaines\\\/\",\"name\":\"Le conseil discutera des co\u00fbts li\u00e9s \u00e0 l'ajout de bancs et de poubelles sur les routes collectrices urbaines - Vision\",\"isPartOf\":{\"@id\":\"https:\\\/\\\/visionrockland.ca\\\/en\\\/#website\"},\"primaryImageOfPage\":{\"@id\":\"https:\\\/\\\/visionrockland.ca\\\/en\\\/actualites\\\/le-conseil-discutera-des-couts-lies-a-lajout-de-bancs-et-de-poubelles-sur-les-routes-collectrices-urbaines\\\/#primaryimage\"},\"image\":{\"@id\":\"https:\\\/\\\/visionrockland.ca\\\/en\\\/actualites\\\/le-conseil-discutera-des-couts-lies-a-lajout-de-bancs-et-de-poubelles-sur-les-routes-collectrices-urbaines\\\/#primaryimage\"},\"thumbnailUrl\":\"https:\\\/\\\/cdn.editionap.ca\\\/wp-content\\\/uploads\\\/sites\\\/3\\\/2024\\\/10\\\/Cardarelli.jpg\",\"datePublished\":\"2024-10-18T13:36:15+00:00\",\"dateModified\":\"2026-02-17T19:51:36+00:00\",\"author\":{\"@id\":\"https:\\\/\\\/visionrockland.ca\\\/en\\\/#\\\/schema\\\/person\\\/a09095fdf65e09e747105760fe90175c\"},\"breadcrumb\":{\"@id\":\"https:\\\/\\\/visionrockland.ca\\\/en\\\/actualites\\\/le-conseil-discutera-des-couts-lies-a-lajout-de-bancs-et-de-poubelles-sur-les-routes-collectrices-urbaines\\\/#breadcrumb\"},\"inLanguage\":\"en-US\",\"potentialAction\":[{\"@type\":\"ReadAction\",\"target\":[\"https:\\\/\\\/visionrockland.ca\\\/en\\\/actualites\\\/le-conseil-discutera-des-couts-lies-a-lajout-de-bancs-et-de-poubelles-sur-les-routes-collectrices-urbaines\\\/\"]}]},{\"@type\":\"ImageObject\",\"inLanguage\":\"en-US\",\"@id\":\"https:\\\/\\\/visionrockland.ca\\\/en\\\/actualites\\\/le-conseil-discutera-des-couts-lies-a-lajout-de-bancs-et-de-poubelles-sur-les-routes-collectrices-urbaines\\\/#primaryimage\",\"url\":\"https:\\\/\\\/cdn.editionap.ca\\\/wp-content\\\/uploads\\\/sites\\\/3\\\/2024\\\/10\\\/Cardarelli.jpg\",\"contentUrl\":\"https:\\\/\\\/cdn.editionap.ca\\\/wp-content\\\/uploads\\\/sites\\\/3\\\/2024\\\/10\\\/Cardarelli.jpg\",\"width\":200,\"height\":300,\"caption\":\"Le conseiller de la Cit\u00e9 de Clarence-Rockland, Samuel Cardarelli, a pr\u00e9sent\u00e9 une motion lors de la r\u00e9union du conseil de ce mois-ci, demandant au personnel d'examiner et de faire un rapport sur les co\u00fbts suppl\u00e9mentaires li\u00e9s \u00e0 l'ajout de bancs et de poubelles sur les routes collectrices urbaines de la Cit\u00e9.\"},{\"@type\":\"BreadcrumbList\",\"@id\":\"https:\\\/\\\/visionrockland.ca\\\/en\\\/actualites\\\/le-conseil-discutera-des-couts-lies-a-lajout-de-bancs-et-de-poubelles-sur-les-routes-collectrices-urbaines\\\/#breadcrumb\",\"itemListElement\":[{\"@type\":\"ListItem\",\"position\":1,\"name\":\"Accueil\",\"item\":\"https:\\\/\\\/visionrockland.ca\\\/en\\\/\"},{\"@type\":\"ListItem\",\"position\":2,\"name\":\"Le conseil discutera des co\u00fbts li\u00e9s \u00e0 l&rsquo;ajout de bancs et de poubelles sur les routes collectrices urbaines\"}]},{\"@type\":\"WebSite\",\"@id\":\"https:\\\/\\\/visionrockland.ca\\\/en\\\/#website\",\"url\":\"https:\\\/\\\/visionrockland.ca\\\/en\\\/\",\"name\":\"Vision\",\"description\":\"\",\"potentialAction\":[{\"@type\":\"SearchAction\",\"target\":{\"@type\":\"EntryPoint\",\"urlTemplate\":\"https:\\\/\\\/visionrockland.ca\\\/en\\\/?s={search_term_string}\"},\"query-input\":{\"@type\":\"PropertyValueSpecification\",\"valueRequired\":true,\"valueName\":\"search_term_string\"}}],\"inLanguage\":\"en-US\"},{\"@type\":\"Person\",\"@id\":\"https:\\\/\\\/visionrockland.ca\\\/en\\\/#\\\/schema\\\/person\\\/a09095fdf65e09e747105760fe90175c\",\"name\":\"Anil Jhalli\",\"image\":{\"@type\":\"ImageObject\",\"inLanguage\":\"en-US\",\"@id\":\"https:\\\/\\\/secure.gravatar.com\\\/avatar\\\/63becc64fff8877a05400459aa003b94a1fdc8d3954acacc688ee6a2bc39fef8?s=96&d=mm&r=g\",\"url\":\"https:\\\/\\\/secure.gravatar.com\\\/avatar\\\/63becc64fff8877a05400459aa003b94a1fdc8d3954acacc688ee6a2bc39fef8?s=96&d=mm&r=g\",\"contentUrl\":\"https:\\\/\\\/secure.gravatar.com\\\/avatar\\\/63becc64fff8877a05400459aa003b94a1fdc8d3954acacc688ee6a2bc39fef8?s=96&d=mm&r=g\",\"caption\":\"Anil Jhalli\"}}]}<\/script>\n<!-- \/ Yoast SEO plugin. -->","yoast_head_json":{"title":"Le conseil discutera des co\u00fbts li\u00e9s \u00e0 l'ajout de bancs et de poubelles sur les routes collectrices urbaines - Vision","robots":{"index":"index","follow":"follow","max-snippet":"max-snippet:-1","max-image-preview":"max-image-preview:large","max-video-preview":"max-video-preview:-1"},"canonical":"https:\/\/visionrockland.ca\/en\/actualites\/le-conseil-discutera-des-couts-lies-a-lajout-de-bancs-et-de-poubelles-sur-les-routes-collectrices-urbaines\/","og_locale":"en_US","og_type":"article","og_title":"Le conseil discutera des co\u00fbts li\u00e9s \u00e0 l'ajout de bancs et de poubelles sur les routes collectrices urbaines - Vision","og_description":"Une motion d&#8217;un conseiller sera discut\u00e9e lors d&#8217;une prochaine r\u00e9union du conseil municipal de Clarence-Rockland.\u00a0 Le conseiller municipal Samuel Cardarelli, du quartier 4 de Clarence-Rockland, a pr\u00e9sent\u00e9 une motion lors de la r\u00e9union du conseil municipal de Clarence-Rockland du 9 octobre, demandant au personnel de la Cit\u00e9 d&#8217;examiner les co\u00fbts li\u00e9s \u00e0 l&#8217;ajout de bancs [&hellip;]","og_url":"https:\/\/visionrockland.ca\/en\/actualites\/le-conseil-discutera-des-couts-lies-a-lajout-de-bancs-et-de-poubelles-sur-les-routes-collectrices-urbaines\/","og_site_name":"Vision","article_published_time":"2024-10-18T13:36:15+00:00","article_modified_time":"2026-02-17T19:51:36+00:00","og_image":[{"width":200,"height":300,"url":"https:\/\/cdn.editionap.ca\/wp-content\/uploads\/sites\/3\/2024\/10\/Cardarelli.jpg","type":"image\/jpeg"}],"author":"Anil Jhalli","twitter_card":"summary_large_image","twitter_misc":{"Written by":"Anil Jhalli","Est. reading time":"2 minutes"},"schema":{"@context":"https:\/\/schema.org","@graph":[{"@type":"Article","@id":"https:\/\/visionrockland.ca\/en\/actualites\/le-conseil-discutera-des-couts-lies-a-lajout-de-bancs-et-de-poubelles-sur-les-routes-collectrices-urbaines\/#article","isPartOf":{"@id":"https:\/\/visionrockland.ca\/en\/actualites\/le-conseil-discutera-des-couts-lies-a-lajout-de-bancs-et-de-poubelles-sur-les-routes-collectrices-urbaines\/"},"author":{"name":"Anil Jhalli","@id":"https:\/\/visionrockland.ca\/en\/#\/schema\/person\/a09095fdf65e09e747105760fe90175c"},"headline":"Le conseil discutera des co\u00fbts li\u00e9s \u00e0 l&#8217;ajout de bancs et de poubelles sur les routes collectrices urbaines","datePublished":"2024-10-18T13:36:15+00:00","dateModified":"2026-02-17T19:51:36+00:00","mainEntityOfPage":{"@id":"https:\/\/visionrockland.ca\/en\/actualites\/le-conseil-discutera-des-couts-lies-a-lajout-de-bancs-et-de-poubelles-sur-les-routes-collectrices-urbaines\/"},"wordCount":395,"image":{"@id":"https:\/\/visionrockland.ca\/en\/actualites\/le-conseil-discutera-des-couts-lies-a-lajout-de-bancs-et-de-poubelles-sur-les-routes-collectrices-urbaines\/#primaryimage"},"thumbnailUrl":"https:\/\/cdn.editionap.ca\/wp-content\/uploads\/sites\/3\/2024\/10\/Cardarelli.jpg","articleSection":["Actualit\u00e9s"],"inLanguage":"en-US"},{"@type":"WebPage","@id":"https:\/\/visionrockland.ca\/en\/actualites\/le-conseil-discutera-des-couts-lies-a-lajout-de-bancs-et-de-poubelles-sur-les-routes-collectrices-urbaines\/","url":"https:\/\/visionrockland.ca\/en\/actualites\/le-conseil-discutera-des-couts-lies-a-lajout-de-bancs-et-de-poubelles-sur-les-routes-collectrices-urbaines\/","name":"Le conseil discutera des co\u00fbts li\u00e9s \u00e0 l'ajout de bancs et de poubelles sur les routes collectrices urbaines - Vision","isPartOf":{"@id":"https:\/\/visionrockland.ca\/en\/#website"},"primaryImageOfPage":{"@id":"https:\/\/visionrockland.ca\/en\/actualites\/le-conseil-discutera-des-couts-lies-a-lajout-de-bancs-et-de-poubelles-sur-les-routes-collectrices-urbaines\/#primaryimage"},"image":{"@id":"https:\/\/visionrockland.ca\/en\/actualites\/le-conseil-discutera-des-couts-lies-a-lajout-de-bancs-et-de-poubelles-sur-les-routes-collectrices-urbaines\/#primaryimage"},"thumbnailUrl":"https:\/\/cdn.editionap.ca\/wp-content\/uploads\/sites\/3\/2024\/10\/Cardarelli.jpg","datePublished":"2024-10-18T13:36:15+00:00","dateModified":"2026-02-17T19:51:36+00:00","author":{"@id":"https:\/\/visionrockland.ca\/en\/#\/schema\/person\/a09095fdf65e09e747105760fe90175c"},"breadcrumb":{"@id":"https:\/\/visionrockland.ca\/en\/actualites\/le-conseil-discutera-des-couts-lies-a-lajout-de-bancs-et-de-poubelles-sur-les-routes-collectrices-urbaines\/#breadcrumb"},"inLanguage":"en-US","potentialAction":[{"@type":"ReadAction","target":["https:\/\/visionrockland.ca\/en\/actualites\/le-conseil-discutera-des-couts-lies-a-lajout-de-bancs-et-de-poubelles-sur-les-routes-collectrices-urbaines\/"]}]},{"@type":"ImageObject","inLanguage":"en-US","@id":"https:\/\/visionrockland.ca\/en\/actualites\/le-conseil-discutera-des-couts-lies-a-lajout-de-bancs-et-de-poubelles-sur-les-routes-collectrices-urbaines\/#primaryimage","url":"https:\/\/cdn.editionap.ca\/wp-content\/uploads\/sites\/3\/2024\/10\/Cardarelli.jpg","contentUrl":"https:\/\/cdn.editionap.ca\/wp-content\/uploads\/sites\/3\/2024\/10\/Cardarelli.jpg","width":200,"height":300,"caption":"Le conseiller de la Cit\u00e9 de Clarence-Rockland, Samuel Cardarelli, a pr\u00e9sent\u00e9 une motion lors de la r\u00e9union du conseil de ce mois-ci, demandant au personnel d'examiner et de faire un rapport sur les co\u00fbts suppl\u00e9mentaires li\u00e9s \u00e0 l'ajout de bancs et de poubelles sur les routes collectrices urbaines de la Cit\u00e9."},{"@type":"BreadcrumbList","@id":"https:\/\/visionrockland.ca\/en\/actualites\/le-conseil-discutera-des-couts-lies-a-lajout-de-bancs-et-de-poubelles-sur-les-routes-collectrices-urbaines\/#breadcrumb","itemListElement":[{"@type":"ListItem","position":1,"name":"Accueil","item":"https:\/\/visionrockland.ca\/en\/"},{"@type":"ListItem","position":2,"name":"Le conseil discutera des co\u00fbts li\u00e9s \u00e0 l&rsquo;ajout de bancs et de poubelles sur les routes collectrices urbaines"}]},{"@type":"WebSite","@id":"https:\/\/visionrockland.ca\/en\/#website","url":"https:\/\/visionrockland.ca\/en\/","name":"Vision","description":"","potentialAction":[{"@type":"SearchAction","target":{"@type":"EntryPoint","urlTemplate":"https:\/\/visionrockland.ca\/en\/?s={search_term_string}"},"query-input":{"@type":"PropertyValueSpecification","valueRequired":true,"valueName":"search_term_string"}}],"inLanguage":"en-US"},{"@type":"Person","@id":"https:\/\/visionrockland.ca\/en\/#\/schema\/person\/a09095fdf65e09e747105760fe90175c","name":"Anil Jhalli","image":{"@type":"ImageObject","inLanguage":"en-US","@id":"https:\/\/secure.gravatar.com\/avatar\/63becc64fff8877a05400459aa003b94a1fdc8d3954acacc688ee6a2bc39fef8?s=96&d=mm&r=g","url":"https:\/\/secure.gravatar.com\/avatar\/63becc64fff8877a05400459aa003b94a1fdc8d3954acacc688ee6a2bc39fef8?s=96&d=mm&r=g","contentUrl":"https:\/\/secure.gravatar.com\/avatar\/63becc64fff8877a05400459aa003b94a1fdc8d3954acacc688ee6a2bc39fef8?s=96&d=mm&r=g","caption":"Anil Jhalli"}}]}},"_links":{"self":[{"href":"https:\/\/visionrockland.ca\/en\/wp-json\/wp\/v2\/posts\/103641","targetHints":{"allow":["GET"]}}],"collection":[{"href":"https:\/\/visionrockland.ca\/en\/wp-json\/wp\/v2\/posts"}],"about":[{"href":"https:\/\/visionrockland.ca\/en\/wp-json\/wp\/v2\/types\/post"}],"author":[{"embeddable":true,"href":"https:\/\/visionrockland.ca\/en\/wp-json\/wp\/v2\/users\/27"}],"replies":[{"embeddable":true,"href":"https:\/\/visionrockland.ca\/en\/wp-json\/wp\/v2\/comments?post=103641"}],"version-history":[{"count":1,"href":"https:\/\/visionrockland.ca\/en\/wp-json\/wp\/v2\/posts\/103641\/revisions"}],"predecessor-version":[{"id":132437,"href":"https:\/\/visionrockland.ca\/en\/wp-json\/wp\/v2\/posts\/103641\/revisions\/132437"}],"wp:featuredmedia":[{"embeddable":true,"href":"https:\/\/visionrockland.ca\/en\/wp-json\/wp\/v2\/media\/103642"}],"wp:attachment":[{"href":"https:\/\/visionrockland.ca\/en\/wp-json\/wp\/v2\/media?parent=103641"}],"wp:term":[{"taxonomy":"category","embeddable":true,"href":"https:\/\/visionrockland.ca\/en\/wp-json\/wp\/v2\/categories?post=103641"},{"taxonomy":"post_tag","embeddable":true,"href":"https:\/\/visionrockland.ca\/en\/wp-json\/wp\/v2\/tags?post=103641"}],"curies":[{"name":"wp","href":"https:\/\/api.w.org\/{rel}","templated":true}]}}