{"id":103562,"date":"2024-10-10T11:30:29","date_gmt":"2024-10-10T15:30:29","guid":{"rendered":"https:\/\/editionap.ca\/?p=103562"},"modified":"2026-02-17T20:51:36","modified_gmt":"2026-02-17T19:51:36","slug":"les-vergers-villeneuve-et-la-blueberry-farm-organisent-un-marche-ephemere-ce-week-end","status":"publish","type":"post","link":"https:\/\/visionrockland.ca\/en\/affaires\/les-vergers-villeneuve-et-la-blueberry-farm-organisent-un-marche-ephemere-ce-week-end\/","title":{"rendered":"Les Vergers Villeneuve et la Blueberry Farm organisent un march\u00e9 \u00e9ph\u00e9m\u00e8re ce week-end"},"content":{"rendered":"<p><b><span data-contrast=\"none\">La Ferme Les Vergers Villeneuve et Blueberry, une exploitation agricole familiale locale qui produit une vaste gamme d&#8217;arbres et de fruits \u00e0 chair tendre &#8211; poires, myrtilles, pommes, raisins, framboises et cerises, dont une grande partie est transform\u00e9e en vin &#8211; organise un march\u00e9 \u00e9ph\u00e9m\u00e8re le samedi 12 octobre.\u00a0<\/span><\/b><span data-ccp-props=\"{&quot;201341983&quot;:2,&quot;335551550&quot;:6,&quot;335551620&quot;:6,&quot;335559731&quot;:240,&quot;335559739&quot;:0,&quot;335559740&quot;:240}\">\u00a0<\/span><\/p>\n<p><span data-contrast=\"none\">Le march\u00e9 sur le th\u00e8me de l&#8217;Halloween, qui aura lieu de 11 h \u00e0 15 h \u00e0 la ferme situ\u00e9e sur le chemin Rollin dans le village de Saint-Pascal-Baylon, comptera une trentaine de vendeurs et promet d&#8217;\u00eatre un \u00e9v\u00e9nement qui plaira \u00e0 tous les \u00e2ges.\u00a0<\/span><span data-ccp-props=\"{&quot;201341983&quot;:2,&quot;335551550&quot;:6,&quot;335551620&quot;:6,&quot;335559731&quot;:240,&quot;335559739&quot;:0,&quot;335559740&quot;:240}\">\u00a0<\/span><\/p>\n<p><span data-contrast=\"none\">\u00ab Nous aurons un peu de tout pour les gens qui viendront nous visiter \u00bb, a d\u00e9clar\u00e9 l&#8217;agriculteur et vigneron Michel Villeneuve, propri\u00e9taire des Vergers Villeneuve et de la bleueti\u00e8re avec son \u00e9pouse, Carrie McKay. \u00ab Nous avons des producteurs de fruits, des fabricants de meubles, des gens qui font du sirop d&#8217;\u00e9rable et du miel. Le march\u00e9 est l&#8217;occasion pour les gens de venir voir ce que nous faisons et ce que font les autres.<\/span><span data-ccp-props=\"{&quot;201341983&quot;:2,&quot;335551550&quot;:6,&quot;335551620&quot;:6,&quot;335559731&quot;:240,&quot;335559739&quot;:0,&quot;335559740&quot;:240}\">\u00a0<\/span><\/p>\n<p><span data-contrast=\"none\">L&#8217;entr\u00e9e du march\u00e9 est gratuite et les visiteurs ont la possibilit\u00e9 de participer \u00e0 un tirage au sort pour gagner un panier de produits g\u00e9n\u00e9reusement offerts par tous les producteurs pr\u00e9sents sur le site.<\/span><span data-ccp-props=\"{&quot;201341983&quot;:2,&quot;335551550&quot;:6,&quot;335551620&quot;:6,&quot;335559731&quot;:240,&quot;335559739&quot;:0,&quot;335559740&quot;:240}\">\u00a0<\/span><\/p>\n<p><span data-contrast=\"none\">\u00ab C&#8217;est la deuxi\u00e8me fois que nous organisons un march\u00e9 de ce type \u00bb, a d\u00e9clar\u00e9 M. Villeneuve. \u00ab Nous aimerions en organiser d&#8217;autres. Ces march\u00e9s sont excellents car ils permettent de mettre en valeur et de soutenir d&#8217;autres producteurs.<\/span><span data-ccp-props=\"{&quot;201341983&quot;:2,&quot;335551550&quot;:6,&quot;335551620&quot;:6,&quot;335559731&quot;:240,&quot;335559739&quot;:0,&quot;335559740&quot;:240}\">\u00a0<\/span><\/p>\n<p><span data-ccp-props=\"{&quot;201341983&quot;:2,&quot;335551550&quot;:6,&quot;335551620&quot;:6,&quot;335559731&quot;:240,&quot;335559739&quot;:0,&quot;335559740&quot;:240}\">\u00a0<\/span><\/p>\n<p><b><span data-contrast=\"none\">Une histoire riche<\/span><\/b><span data-ccp-props=\"{&quot;201341983&quot;:2,&quot;335551550&quot;:2,&quot;335551620&quot;:2,&quot;335559731&quot;:240,&quot;335559739&quot;:0,&quot;335559740&quot;:240}\">\u00a0<\/span><\/p>\n<p><span data-ccp-props=\"{&quot;201341983&quot;:2,&quot;335551550&quot;:6,&quot;335551620&quot;:6,&quot;335559731&quot;:240,&quot;335559739&quot;:0,&quot;335559740&quot;:240}\">\u00a0<\/span><\/p>\n<p><span data-contrast=\"none\">Les Vergers Villeneuve et la bleueti\u00e8re ont une riche histoire, que M. Villeneuve est fier de perp\u00e9tuer.\u00a0<\/span><span data-ccp-props=\"{&quot;201341983&quot;:2,&quot;335551550&quot;:6,&quot;335551620&quot;:6,&quot;335559731&quot;:240,&quot;335559739&quot;:0,&quot;335559740&quot;:240}\">\u00a0<\/span><\/p>\n<p><span data-contrast=\"none\">La ferme a 175 ans et est dans sa famille depuis 125 ans. Son arri\u00e8re-grand-p\u00e8re \u00e9tait producteur laitier et la ferme a \u00e9t\u00e9 convertie apr\u00e8s la temp\u00eate de verglas de 1998. Par la suite, son arri\u00e8re-grand-p\u00e8re s&#8217;est retir\u00e9 de l&#8217;agriculture, apr\u00e8s 10 jours sans \u00e9lectricit\u00e9.\u00a0<\/span><span data-ccp-props=\"{&quot;201341983&quot;:2,&quot;335551550&quot;:6,&quot;335551620&quot;:6,&quot;335559731&quot;:240,&quot;335559739&quot;:0,&quot;335559740&quot;:240}\">\u00a0<\/span><\/p>\n<p><span data-contrast=\"none\">Lorsque le temps le permet, M. Villeneuve re\u00e7oit des centaines de clients qui viennent cueillir leurs propres baies saisonni\u00e8res au cours de l&#8217;\u00e9t\u00e9 et de l&#8217;automne.\u00a0<\/span><span data-ccp-props=\"{&quot;201341983&quot;:2,&quot;335551550&quot;:6,&quot;335551620&quot;:6,&quot;335559731&quot;:240,&quot;335559739&quot;:0,&quot;335559740&quot;:240}\">\u00a0<\/span><\/p>\n<p><span data-contrast=\"none\">Il ne connaissait pas grand-chose \u00e0 la production de vin, mais un de ses amis, qui produisait du vin de fruits depuis une quarantaine d&#8217;ann\u00e9es (et utilisait les myrtilles de Villeneuve), lui a demand\u00e9 s&#8217;il \u00e9tait int\u00e9ress\u00e9 par la reprise de la production de vin, car ses enfants ne souhaitaient pas reprendre l&#8217;entreprise.\u00a0<\/span><span data-ccp-props=\"{&quot;201341983&quot;:2,&quot;335551550&quot;:6,&quot;335551620&quot;:6,&quot;335559731&quot;:240,&quot;335559739&quot;:0,&quot;335559740&quot;:240}\">\u00a0<\/span><\/p>\n<p><span data-contrast=\"none\">\u00ab J&#8217;ai pris ma retraite et j&#8217;avais du temps, alors j&#8217;ai pass\u00e9 un an \u00e0 apprendre de lui \u00bb, a d\u00e9clar\u00e9 M. Villeneuve.\u00a0<\/span><span data-ccp-props=\"{&quot;201341983&quot;:2,&quot;335551550&quot;:6,&quot;335551620&quot;:6,&quot;335559731&quot;:240,&quot;335559739&quot;:0,&quot;335559740&quot;:240}\">\u00a0<\/span><\/p>\n<p><span data-contrast=\"none\">Aujourd&#8217;hui, M. Villeneuve propose 20 types diff\u00e9rents de vins de fruits \u00e9labor\u00e9s sur la ferme de 16 hectares, qui est ouverte au public. Lorsque le temps le permettra, des centaines de personnes viendront cueillir leurs propres baies saisonni\u00e8res au cours de l&#8217;\u00e9t\u00e9 et de l&#8217;automne.\u00a0<\/span><span data-ccp-props=\"{&quot;201341983&quot;:2,&quot;335551550&quot;:6,&quot;335551620&quot;:6,&quot;335559731&quot;:240,&quot;335559739&quot;:0,&quot;335559740&quot;:240}\">\u00a0<\/span><\/p>\n<p><span data-contrast=\"none\">De plus amples informations sont disponibles sur le site <\/span><a href=\"https:\/\/vergersvilleneuve.com\/\"><span data-contrast=\"none\">https:\/\/vergersvilleneuve.com<\/span><\/a><span data-contrast=\"none\">.<\/span><\/p>\n","protected":false},"excerpt":{"rendered":"<p>La Ferme Les Vergers Villeneuve et Blueberry, une exploitation agricole familiale locale qui produit une vaste gamme d&#8217;arbres et de fruits \u00e0 chair tendre &#8211; poires, myrtilles, pommes, raisins, framboises et cerises, dont une grande partie est transform\u00e9e en vin &#8211; organise un march\u00e9 \u00e9ph\u00e9m\u00e8re le samedi 12 octobre.\u00a0\u00a0 Le march\u00e9 sur le th\u00e8me de [&hellip;]<\/p>\n","protected":false},"author":27,"featured_media":103563,"comment_status":"closed","ping_status":"open","sticky":false,"template":"","format":"standard","meta":{"_acf_changed":false,"footnotes":""},"categories":[39],"tags":[],"class_list":["post-103562","post","type-post","status-publish","format-standard","has-post-thumbnail","hentry","category-affaires"],"acf":[],"featured_media_global":[],"yoast_head":"<!-- This site is optimized with the Yoast SEO plugin v27.4 - https:\/\/yoast.com\/product\/yoast-seo-wordpress\/ -->\n<title>Les Vergers Villeneuve et la Blueberry Farm organisent un march\u00e9 \u00e9ph\u00e9m\u00e8re ce week-end - Vision<\/title>\n<meta name=\"robots\" content=\"index, follow, max-snippet:-1, max-image-preview:large, max-video-preview:-1\" \/>\n<link rel=\"canonical\" href=\"https:\/\/visionrockland.ca\/en\/affaires\/les-vergers-villeneuve-et-la-blueberry-farm-organisent-un-marche-ephemere-ce-week-end\/\" \/>\n<meta property=\"og:locale\" content=\"en_US\" \/>\n<meta property=\"og:type\" content=\"article\" \/>\n<meta property=\"og:title\" content=\"Les Vergers Villeneuve et la Blueberry Farm organisent un march\u00e9 \u00e9ph\u00e9m\u00e8re ce week-end - Vision\" \/>\n<meta property=\"og:description\" content=\"La Ferme Les Vergers Villeneuve et Blueberry, une exploitation agricole familiale locale qui produit une vaste gamme d&#8217;arbres et de fruits \u00e0 chair tendre &#8211; poires, myrtilles, pommes, raisins, framboises et cerises, dont une grande partie est transform\u00e9e en vin &#8211; organise un march\u00e9 \u00e9ph\u00e9m\u00e8re le samedi 12 octobre.\u00a0\u00a0 Le march\u00e9 sur le th\u00e8me de [&hellip;]\" \/>\n<meta property=\"og:url\" content=\"https:\/\/visionrockland.ca\/en\/affaires\/les-vergers-villeneuve-et-la-blueberry-farm-organisent-un-marche-ephemere-ce-week-end\/\" \/>\n<meta property=\"og:site_name\" content=\"Vision\" \/>\n<meta property=\"article:published_time\" content=\"2024-10-10T15:30:29+00:00\" \/>\n<meta property=\"article:modified_time\" content=\"2026-02-17T19:51:36+00:00\" \/>\n<meta property=\"og:image\" content=\"https:\/\/cdn.editionap.ca\/wp-content\/uploads\/sites\/3\/2024\/10\/farm.jpg\" \/>\n\t<meta property=\"og:image:width\" content=\"1080\" \/>\n\t<meta property=\"og:image:height\" content=\"1080\" \/>\n\t<meta property=\"og:image:type\" content=\"image\/jpeg\" \/>\n<meta name=\"author\" content=\"Anil Jhalli\" \/>\n<meta name=\"twitter:card\" content=\"summary_large_image\" \/>\n<meta name=\"twitter:label1\" content=\"Written by\" \/>\n\t<meta name=\"twitter:data1\" content=\"Anil Jhalli\" \/>\n\t<meta name=\"twitter:label2\" content=\"Est. reading time\" \/>\n\t<meta name=\"twitter:data2\" content=\"3 minutes\" \/>\n<script type=\"application\/ld+json\" class=\"yoast-schema-graph\">{\"@context\":\"https:\\\/\\\/schema.org\",\"@graph\":[{\"@type\":\"Article\",\"@id\":\"https:\\\/\\\/visionrockland.ca\\\/en\\\/affaires\\\/les-vergers-villeneuve-et-la-blueberry-farm-organisent-un-marche-ephemere-ce-week-end\\\/#article\",\"isPartOf\":{\"@id\":\"https:\\\/\\\/visionrockland.ca\\\/en\\\/affaires\\\/les-vergers-villeneuve-et-la-blueberry-farm-organisent-un-marche-ephemere-ce-week-end\\\/\"},\"author\":{\"name\":\"Anil Jhalli\",\"@id\":\"https:\\\/\\\/visionrockland.ca\\\/en\\\/#\\\/schema\\\/person\\\/a09095fdf65e09e747105760fe90175c\"},\"headline\":\"Les Vergers Villeneuve et la Blueberry Farm organisent un march\u00e9 \u00e9ph\u00e9m\u00e8re ce week-end\",\"datePublished\":\"2024-10-10T15:30:29+00:00\",\"dateModified\":\"2026-02-17T19:51:36+00:00\",\"mainEntityOfPage\":{\"@id\":\"https:\\\/\\\/visionrockland.ca\\\/en\\\/affaires\\\/les-vergers-villeneuve-et-la-blueberry-farm-organisent-un-marche-ephemere-ce-week-end\\\/\"},\"wordCount\":515,\"image\":{\"@id\":\"https:\\\/\\\/visionrockland.ca\\\/en\\\/affaires\\\/les-vergers-villeneuve-et-la-blueberry-farm-organisent-un-marche-ephemere-ce-week-end\\\/#primaryimage\"},\"thumbnailUrl\":\"https:\\\/\\\/cdn.editionap.ca\\\/wp-content\\\/uploads\\\/sites\\\/3\\\/2024\\\/10\\\/farm.jpg\",\"articleSection\":[\"Affaires\"],\"inLanguage\":\"en-US\"},{\"@type\":\"WebPage\",\"@id\":\"https:\\\/\\\/visionrockland.ca\\\/en\\\/affaires\\\/les-vergers-villeneuve-et-la-blueberry-farm-organisent-un-marche-ephemere-ce-week-end\\\/\",\"url\":\"https:\\\/\\\/visionrockland.ca\\\/en\\\/affaires\\\/les-vergers-villeneuve-et-la-blueberry-farm-organisent-un-marche-ephemere-ce-week-end\\\/\",\"name\":\"Les Vergers Villeneuve et la Blueberry Farm organisent un march\u00e9 \u00e9ph\u00e9m\u00e8re ce week-end - Vision\",\"isPartOf\":{\"@id\":\"https:\\\/\\\/visionrockland.ca\\\/en\\\/#website\"},\"primaryImageOfPage\":{\"@id\":\"https:\\\/\\\/visionrockland.ca\\\/en\\\/affaires\\\/les-vergers-villeneuve-et-la-blueberry-farm-organisent-un-marche-ephemere-ce-week-end\\\/#primaryimage\"},\"image\":{\"@id\":\"https:\\\/\\\/visionrockland.ca\\\/en\\\/affaires\\\/les-vergers-villeneuve-et-la-blueberry-farm-organisent-un-marche-ephemere-ce-week-end\\\/#primaryimage\"},\"thumbnailUrl\":\"https:\\\/\\\/cdn.editionap.ca\\\/wp-content\\\/uploads\\\/sites\\\/3\\\/2024\\\/10\\\/farm.jpg\",\"datePublished\":\"2024-10-10T15:30:29+00:00\",\"dateModified\":\"2026-02-17T19:51:36+00:00\",\"author\":{\"@id\":\"https:\\\/\\\/visionrockland.ca\\\/en\\\/#\\\/schema\\\/person\\\/a09095fdf65e09e747105760fe90175c\"},\"breadcrumb\":{\"@id\":\"https:\\\/\\\/visionrockland.ca\\\/en\\\/affaires\\\/les-vergers-villeneuve-et-la-blueberry-farm-organisent-un-marche-ephemere-ce-week-end\\\/#breadcrumb\"},\"inLanguage\":\"en-US\",\"potentialAction\":[{\"@type\":\"ReadAction\",\"target\":[\"https:\\\/\\\/visionrockland.ca\\\/en\\\/affaires\\\/les-vergers-villeneuve-et-la-blueberry-farm-organisent-un-marche-ephemere-ce-week-end\\\/\"]}]},{\"@type\":\"ImageObject\",\"inLanguage\":\"en-US\",\"@id\":\"https:\\\/\\\/visionrockland.ca\\\/en\\\/affaires\\\/les-vergers-villeneuve-et-la-blueberry-farm-organisent-un-marche-ephemere-ce-week-end\\\/#primaryimage\",\"url\":\"https:\\\/\\\/cdn.editionap.ca\\\/wp-content\\\/uploads\\\/sites\\\/3\\\/2024\\\/10\\\/farm.jpg\",\"contentUrl\":\"https:\\\/\\\/cdn.editionap.ca\\\/wp-content\\\/uploads\\\/sites\\\/3\\\/2024\\\/10\\\/farm.jpg\",\"width\":1080,\"height\":1080,\"caption\":\"La ferme Les Vergers Villeneuve et Blueberry Farm organise le samedi 12 octobre un pop-up qui r\u00e9unit 30 vendeurs. L'\u00e9v\u00e9nement aura lieu de 11 h \u00e0 15 h.\"},{\"@type\":\"BreadcrumbList\",\"@id\":\"https:\\\/\\\/visionrockland.ca\\\/en\\\/affaires\\\/les-vergers-villeneuve-et-la-blueberry-farm-organisent-un-marche-ephemere-ce-week-end\\\/#breadcrumb\",\"itemListElement\":[{\"@type\":\"ListItem\",\"position\":1,\"name\":\"Accueil\",\"item\":\"https:\\\/\\\/visionrockland.ca\\\/en\\\/\"},{\"@type\":\"ListItem\",\"position\":2,\"name\":\"Les Vergers Villeneuve et la Blueberry Farm organisent un march\u00e9 \u00e9ph\u00e9m\u00e8re ce week-end\"}]},{\"@type\":\"WebSite\",\"@id\":\"https:\\\/\\\/visionrockland.ca\\\/en\\\/#website\",\"url\":\"https:\\\/\\\/visionrockland.ca\\\/en\\\/\",\"name\":\"Vision\",\"description\":\"\",\"potentialAction\":[{\"@type\":\"SearchAction\",\"target\":{\"@type\":\"EntryPoint\",\"urlTemplate\":\"https:\\\/\\\/visionrockland.ca\\\/en\\\/?s={search_term_string}\"},\"query-input\":{\"@type\":\"PropertyValueSpecification\",\"valueRequired\":true,\"valueName\":\"search_term_string\"}}],\"inLanguage\":\"en-US\"},{\"@type\":\"Person\",\"@id\":\"https:\\\/\\\/visionrockland.ca\\\/en\\\/#\\\/schema\\\/person\\\/a09095fdf65e09e747105760fe90175c\",\"name\":\"Anil Jhalli\",\"image\":{\"@type\":\"ImageObject\",\"inLanguage\":\"en-US\",\"@id\":\"https:\\\/\\\/secure.gravatar.com\\\/avatar\\\/63becc64fff8877a05400459aa003b94a1fdc8d3954acacc688ee6a2bc39fef8?s=96&d=mm&r=g\",\"url\":\"https:\\\/\\\/secure.gravatar.com\\\/avatar\\\/63becc64fff8877a05400459aa003b94a1fdc8d3954acacc688ee6a2bc39fef8?s=96&d=mm&r=g\",\"contentUrl\":\"https:\\\/\\\/secure.gravatar.com\\\/avatar\\\/63becc64fff8877a05400459aa003b94a1fdc8d3954acacc688ee6a2bc39fef8?s=96&d=mm&r=g\",\"caption\":\"Anil Jhalli\"}}]}<\/script>\n<!-- \/ Yoast SEO plugin. -->","yoast_head_json":{"title":"Les Vergers Villeneuve et la Blueberry Farm organisent un march\u00e9 \u00e9ph\u00e9m\u00e8re ce week-end - Vision","robots":{"index":"index","follow":"follow","max-snippet":"max-snippet:-1","max-image-preview":"max-image-preview:large","max-video-preview":"max-video-preview:-1"},"canonical":"https:\/\/visionrockland.ca\/en\/affaires\/les-vergers-villeneuve-et-la-blueberry-farm-organisent-un-marche-ephemere-ce-week-end\/","og_locale":"en_US","og_type":"article","og_title":"Les Vergers Villeneuve et la Blueberry Farm organisent un march\u00e9 \u00e9ph\u00e9m\u00e8re ce week-end - Vision","og_description":"La Ferme Les Vergers Villeneuve et Blueberry, une exploitation agricole familiale locale qui produit une vaste gamme d&#8217;arbres et de fruits \u00e0 chair tendre &#8211; poires, myrtilles, pommes, raisins, framboises et cerises, dont une grande partie est transform\u00e9e en vin &#8211; organise un march\u00e9 \u00e9ph\u00e9m\u00e8re le samedi 12 octobre.\u00a0\u00a0 Le march\u00e9 sur le th\u00e8me de [&hellip;]","og_url":"https:\/\/visionrockland.ca\/en\/affaires\/les-vergers-villeneuve-et-la-blueberry-farm-organisent-un-marche-ephemere-ce-week-end\/","og_site_name":"Vision","article_published_time":"2024-10-10T15:30:29+00:00","article_modified_time":"2026-02-17T19:51:36+00:00","og_image":[{"width":1080,"height":1080,"url":"https:\/\/cdn.editionap.ca\/wp-content\/uploads\/sites\/3\/2024\/10\/farm.jpg","type":"image\/jpeg"}],"author":"Anil Jhalli","twitter_card":"summary_large_image","twitter_misc":{"Written by":"Anil Jhalli","Est. reading time":"3 minutes"},"schema":{"@context":"https:\/\/schema.org","@graph":[{"@type":"Article","@id":"https:\/\/visionrockland.ca\/en\/affaires\/les-vergers-villeneuve-et-la-blueberry-farm-organisent-un-marche-ephemere-ce-week-end\/#article","isPartOf":{"@id":"https:\/\/visionrockland.ca\/en\/affaires\/les-vergers-villeneuve-et-la-blueberry-farm-organisent-un-marche-ephemere-ce-week-end\/"},"author":{"name":"Anil Jhalli","@id":"https:\/\/visionrockland.ca\/en\/#\/schema\/person\/a09095fdf65e09e747105760fe90175c"},"headline":"Les Vergers Villeneuve et la Blueberry Farm organisent un march\u00e9 \u00e9ph\u00e9m\u00e8re ce week-end","datePublished":"2024-10-10T15:30:29+00:00","dateModified":"2026-02-17T19:51:36+00:00","mainEntityOfPage":{"@id":"https:\/\/visionrockland.ca\/en\/affaires\/les-vergers-villeneuve-et-la-blueberry-farm-organisent-un-marche-ephemere-ce-week-end\/"},"wordCount":515,"image":{"@id":"https:\/\/visionrockland.ca\/en\/affaires\/les-vergers-villeneuve-et-la-blueberry-farm-organisent-un-marche-ephemere-ce-week-end\/#primaryimage"},"thumbnailUrl":"https:\/\/cdn.editionap.ca\/wp-content\/uploads\/sites\/3\/2024\/10\/farm.jpg","articleSection":["Affaires"],"inLanguage":"en-US"},{"@type":"WebPage","@id":"https:\/\/visionrockland.ca\/en\/affaires\/les-vergers-villeneuve-et-la-blueberry-farm-organisent-un-marche-ephemere-ce-week-end\/","url":"https:\/\/visionrockland.ca\/en\/affaires\/les-vergers-villeneuve-et-la-blueberry-farm-organisent-un-marche-ephemere-ce-week-end\/","name":"Les Vergers Villeneuve et la Blueberry Farm organisent un march\u00e9 \u00e9ph\u00e9m\u00e8re ce week-end - Vision","isPartOf":{"@id":"https:\/\/visionrockland.ca\/en\/#website"},"primaryImageOfPage":{"@id":"https:\/\/visionrockland.ca\/en\/affaires\/les-vergers-villeneuve-et-la-blueberry-farm-organisent-un-marche-ephemere-ce-week-end\/#primaryimage"},"image":{"@id":"https:\/\/visionrockland.ca\/en\/affaires\/les-vergers-villeneuve-et-la-blueberry-farm-organisent-un-marche-ephemere-ce-week-end\/#primaryimage"},"thumbnailUrl":"https:\/\/cdn.editionap.ca\/wp-content\/uploads\/sites\/3\/2024\/10\/farm.jpg","datePublished":"2024-10-10T15:30:29+00:00","dateModified":"2026-02-17T19:51:36+00:00","author":{"@id":"https:\/\/visionrockland.ca\/en\/#\/schema\/person\/a09095fdf65e09e747105760fe90175c"},"breadcrumb":{"@id":"https:\/\/visionrockland.ca\/en\/affaires\/les-vergers-villeneuve-et-la-blueberry-farm-organisent-un-marche-ephemere-ce-week-end\/#breadcrumb"},"inLanguage":"en-US","potentialAction":[{"@type":"ReadAction","target":["https:\/\/visionrockland.ca\/en\/affaires\/les-vergers-villeneuve-et-la-blueberry-farm-organisent-un-marche-ephemere-ce-week-end\/"]}]},{"@type":"ImageObject","inLanguage":"en-US","@id":"https:\/\/visionrockland.ca\/en\/affaires\/les-vergers-villeneuve-et-la-blueberry-farm-organisent-un-marche-ephemere-ce-week-end\/#primaryimage","url":"https:\/\/cdn.editionap.ca\/wp-content\/uploads\/sites\/3\/2024\/10\/farm.jpg","contentUrl":"https:\/\/cdn.editionap.ca\/wp-content\/uploads\/sites\/3\/2024\/10\/farm.jpg","width":1080,"height":1080,"caption":"La ferme Les Vergers Villeneuve et Blueberry Farm organise le samedi 12 octobre un pop-up qui r\u00e9unit 30 vendeurs. L'\u00e9v\u00e9nement aura lieu de 11 h \u00e0 15 h."},{"@type":"BreadcrumbList","@id":"https:\/\/visionrockland.ca\/en\/affaires\/les-vergers-villeneuve-et-la-blueberry-farm-organisent-un-marche-ephemere-ce-week-end\/#breadcrumb","itemListElement":[{"@type":"ListItem","position":1,"name":"Accueil","item":"https:\/\/visionrockland.ca\/en\/"},{"@type":"ListItem","position":2,"name":"Les Vergers Villeneuve et la Blueberry Farm organisent un march\u00e9 \u00e9ph\u00e9m\u00e8re ce week-end"}]},{"@type":"WebSite","@id":"https:\/\/visionrockland.ca\/en\/#website","url":"https:\/\/visionrockland.ca\/en\/","name":"Vision","description":"","potentialAction":[{"@type":"SearchAction","target":{"@type":"EntryPoint","urlTemplate":"https:\/\/visionrockland.ca\/en\/?s={search_term_string}"},"query-input":{"@type":"PropertyValueSpecification","valueRequired":true,"valueName":"search_term_string"}}],"inLanguage":"en-US"},{"@type":"Person","@id":"https:\/\/visionrockland.ca\/en\/#\/schema\/person\/a09095fdf65e09e747105760fe90175c","name":"Anil Jhalli","image":{"@type":"ImageObject","inLanguage":"en-US","@id":"https:\/\/secure.gravatar.com\/avatar\/63becc64fff8877a05400459aa003b94a1fdc8d3954acacc688ee6a2bc39fef8?s=96&d=mm&r=g","url":"https:\/\/secure.gravatar.com\/avatar\/63becc64fff8877a05400459aa003b94a1fdc8d3954acacc688ee6a2bc39fef8?s=96&d=mm&r=g","contentUrl":"https:\/\/secure.gravatar.com\/avatar\/63becc64fff8877a05400459aa003b94a1fdc8d3954acacc688ee6a2bc39fef8?s=96&d=mm&r=g","caption":"Anil Jhalli"}}]}},"_links":{"self":[{"href":"https:\/\/visionrockland.ca\/en\/wp-json\/wp\/v2\/posts\/103562","targetHints":{"allow":["GET"]}}],"collection":[{"href":"https:\/\/visionrockland.ca\/en\/wp-json\/wp\/v2\/posts"}],"about":[{"href":"https:\/\/visionrockland.ca\/en\/wp-json\/wp\/v2\/types\/post"}],"author":[{"embeddable":true,"href":"https:\/\/visionrockland.ca\/en\/wp-json\/wp\/v2\/users\/27"}],"replies":[{"embeddable":true,"href":"https:\/\/visionrockland.ca\/en\/wp-json\/wp\/v2\/comments?post=103562"}],"version-history":[{"count":1,"href":"https:\/\/visionrockland.ca\/en\/wp-json\/wp\/v2\/posts\/103562\/revisions"}],"predecessor-version":[{"id":132444,"href":"https:\/\/visionrockland.ca\/en\/wp-json\/wp\/v2\/posts\/103562\/revisions\/132444"}],"wp:featuredmedia":[{"embeddable":true,"href":"https:\/\/visionrockland.ca\/en\/wp-json\/wp\/v2\/media\/103563"}],"wp:attachment":[{"href":"https:\/\/visionrockland.ca\/en\/wp-json\/wp\/v2\/media?parent=103562"}],"wp:term":[{"taxonomy":"category","embeddable":true,"href":"https:\/\/visionrockland.ca\/en\/wp-json\/wp\/v2\/categories?post=103562"},{"taxonomy":"post_tag","embeddable":true,"href":"https:\/\/visionrockland.ca\/en\/wp-json\/wp\/v2\/tags?post=103562"}],"curies":[{"name":"wp","href":"https:\/\/api.w.org\/{rel}","templated":true}]}}