{"id":103477,"date":"2024-10-03T16:27:51","date_gmt":"2024-10-03T20:27:51","guid":{"rendered":"https:\/\/editionap.ca\/?p=103477"},"modified":"2026-02-17T20:51:36","modified_gmt":"2026-02-17T19:51:36","slug":"lexposition-de-la-galerie-arbor-presente-les-oeuvres-dune-artiste-de-rockland","status":"publish","type":"post","link":"https:\/\/visionrockland.ca\/en\/culture\/lexposition-de-la-galerie-arbor-presente-les-oeuvres-dune-artiste-de-rockland\/","title":{"rendered":"L&#8217;exposition de la galerie Arbor pr\u00e9sente les \u0153uvres d&#8217;une artiste de Rockland"},"content":{"rendered":"<p><b><span data-contrast=\"none\">La galerie Arbor, situ\u00e9e \u00e0 Vankleek Hill, accueille une exposition pr\u00e9sentant les \u0153uvres de l&#8217;artiste rochelaise Monique Bergervin.\u00a0<\/span><\/b><span data-ccp-props=\"{&quot;201341983&quot;:2,&quot;335551550&quot;:6,&quot;335551620&quot;:6,&quot;335559731&quot;:240,&quot;335559739&quot;:0,&quot;335559740&quot;:240}\">\u00a0<\/span><\/p>\n<p><span data-contrast=\"none\">L&#8217;exposition, intitul\u00e9e \u00ab Connexion avec la nature \u00bb, se tient jusqu&#8217;au 20 octobre \u00e0 la galerie d&#8217;art situ\u00e9e \u00e0 Vankleek Hill.\u00a0<\/span><span data-ccp-props=\"{&quot;201341983&quot;:2,&quot;335551550&quot;:6,&quot;335551620&quot;:6,&quot;335559731&quot;:240,&quot;335559739&quot;:0,&quot;335559740&quot;:240}\">\u00a0<\/span><\/p>\n<p><span data-contrast=\"none\">Cette derni\u00e8re exposition est le fruit d&#8217;une collaboration entre Monique Bergervin et deux membres de sa famille, sa ni\u00e8ce Johanne Gelinas et son neveu Sylvain Seguin.\u00a0<\/span><span data-ccp-props=\"{&quot;201341983&quot;:2,&quot;335551550&quot;:6,&quot;335551620&quot;:6,&quot;335559731&quot;:240,&quot;335559739&quot;:0,&quot;335559740&quot;:240}\">\u00a0<\/span><\/p>\n<p><span data-contrast=\"none\">\u00ab Ils (Johanne et Sylvain) ont commenc\u00e9 \u00e0 peindre il y a un certain temps, et je me souviens que lorsque nous avons eu notre r\u00e9union de famille cet \u00e9t\u00e9, je leur ai demand\u00e9 s&#8217;ils voulaient se joindre \u00e0 moi pour cette exposition \u00bb, se souvient Mme Bergevin, qui est originaire de Casselman et qui a d\u00e9m\u00e9nag\u00e9 \u00e0 Rockland. \u00ab C&#8217;est amusant d&#8217;avoir des membres de la famille qui ont les m\u00eames centres d&#8217;int\u00e9r\u00eat.<\/span><span data-ccp-props=\"{&quot;201341983&quot;:2,&quot;335551550&quot;:6,&quot;335551620&quot;:6,&quot;335559731&quot;:240,&quot;335559739&quot;:0,&quot;335559740&quot;:240}\">\u00a0<\/span><\/p>\n<p><span data-contrast=\"none\">Dans l&#8217;exposition \u00ab Connexions avec la nature \u00bb, les cr\u00e9ations des artistes, inspir\u00e9es par leur amour de la nature, \u00ab s&#8217;\u00e9loignent du rythme effr\u00e9n\u00e9 de notre soci\u00e9t\u00e9 moderne pour profiter pleinement du moment pr\u00e9sent \u00bb, comme ils le d\u00e9crivent.<\/span><span data-ccp-props=\"{&quot;201341983&quot;:2,&quot;335551550&quot;:6,&quot;335551620&quot;:6,&quot;335559731&quot;:240,&quot;335559739&quot;:0,&quot;335559740&quot;:240}\">\u00a0<\/span><\/p>\n<p><span data-contrast=\"none\">Mme Bergevin explique qu&#8217;elle a commenc\u00e9 \u00e0 dessiner d\u00e8s son plus jeune \u00e2ge, puis qu&#8217;elle s&#8217;est passionn\u00e9e pour la peinture.\u00a0<\/span><span data-ccp-props=\"{&quot;201341983&quot;:2,&quot;335551550&quot;:6,&quot;335551620&quot;:6,&quot;335559731&quot;:240,&quot;335559739&quot;:0,&quot;335559740&quot;:240}\">\u00a0<\/span><\/p>\n<p><span data-contrast=\"none\">Depuis 2010, elle a commenc\u00e9 \u00e0 se concentrer sur la peinture \u00e0 l&#8217;huile sur toile, et incorpore occasionnellement des acryliques et des pastels doux dans son art.\u00a0<\/span><span data-ccp-props=\"{&quot;201341983&quot;:2,&quot;335551550&quot;:6,&quot;335551620&quot;:6,&quot;335559731&quot;:240,&quot;335559739&quot;:0,&quot;335559740&quot;:240}\">\u00a0<\/span><\/p>\n<p><span data-contrast=\"none\">\u00ab Je voulais prendre des cours pour stimuler mes int\u00e9r\u00eats, et j&#8217;ai toujours aim\u00e9 l&#8217;histoire \u00bb, ajoute Mme Bergevin, qui est membre de la Galerie Arbor. \u00ab C&#8217;\u00e9tait donc un choix entre l&#8217;histoire et l&#8217;halt\u00e9rophilie. Le cours d&#8217;histoire \u00e9tait complet, alors je me suis inscrite au cours de peinture.<\/span><span data-ccp-props=\"{&quot;201341983&quot;:2,&quot;335551550&quot;:6,&quot;335551620&quot;:6,&quot;335559731&quot;:240,&quot;335559739&quot;:0,&quot;335559740&quot;:240}\">\u00a0<\/span><\/p>\n<p><span data-contrast=\"none\">Son talent s&#8217;\u00e9tant r\u00e9v\u00e9l\u00e9 apr\u00e8s avoir suivi le cours, Bergevin a maintenant des \u0153uvres qui figurent dans des collections priv\u00e9es au Canada, aux \u00c9tats-Unis et dans toute l&#8217;Europe.\u00a0<\/span><span data-ccp-props=\"{&quot;201341983&quot;:2,&quot;335551550&quot;:6,&quot;335551620&quot;:6,&quot;335559731&quot;:240,&quot;335559739&quot;:0,&quot;335559740&quot;:240}\">\u00a0<\/span><\/p>\n<p><span data-contrast=\"none\">\u00ab Je ne peux pas passer une semaine sans peindre quelque chose \u00bb, a d\u00e9clar\u00e9 Mme Bergevin. \u00ab C&#8217;est une fa\u00e7on pour moi de m&#8217;exprimer, et c&#8217;est important pour moi.<\/span><span data-ccp-props=\"{&quot;201341983&quot;:2,&quot;335551550&quot;:6,&quot;335551620&quot;:6,&quot;335559731&quot;:240,&quot;335559739&quot;:0,&quot;335559740&quot;:240}\">\u00a0<\/span><\/p>\n<p><span data-contrast=\"none\">Un vernissage pr\u00e9sentant l&#8217;exposition au public a eu lieu le samedi 28 septembre \u00e0 la galerie Arbor. Les artistes \u00e9taient pr\u00e9sents pour discuter avec les visiteurs de la galerie.\u00a0<\/span><span data-ccp-props=\"{&quot;201341983&quot;:2,&quot;335551550&quot;:6,&quot;335551620&quot;:6,&quot;335559731&quot;:240,&quot;335559739&quot;:0,&quot;335559740&quot;:240}\">\u00a0<\/span><\/p>\n<p><span data-contrast=\"none\">J&#8217;esp\u00e8re simplement que ce que j&#8217;ai fait est quelque chose avec lequel les gens peuvent entrer en r\u00e9sonance \u00bb, a d\u00e9clar\u00e9 Bergevin lors d&#8217;une entrevue avec The Vision, quelques jours avant que la galerie n&#8217;accueille le vernissage de l&#8217;exposition \u201cConnexions avec la nature\u201d. \u00ab J&#8217;esp\u00e8re que cette \u0153uvre les rendra heureux pendant quelques instants.<\/span><span data-ccp-props=\"{&quot;201341983&quot;:2,&quot;335551550&quot;:6,&quot;335551620&quot;:6,&quot;335559731&quot;:240,&quot;335559739&quot;:0,&quot;335559740&quot;:240}\">\u00a0<\/span><\/p>\n<p><span data-contrast=\"none\">Pour plus d&#8217;informations sur l&#8217;artiste, visitez le site www.moniquebergevin.ca.\u00a0<\/span><span data-ccp-props=\"{&quot;201341983&quot;:2,&quot;335551550&quot;:6,&quot;335551620&quot;:6,&quot;335559731&quot;:240,&quot;335559739&quot;:0,&quot;335559740&quot;:240}\">\u00a0<\/span><\/p>\n<p><span data-contrast=\"none\">Pour plus d&#8217;informations sur la galerie Arbor, veuillez consulter arborgallery.org.<\/span><span data-ccp-props=\"{&quot;201341983&quot;:2,&quot;335551550&quot;:6,&quot;335551620&quot;:6,&quot;335559731&quot;:0,&quot;335559739&quot;:0,&quot;335559740&quot;:240}\">\u00a0<\/span><\/p>\n<p><span data-ccp-props=\"{&quot;201341983&quot;:2,&quot;335551550&quot;:6,&quot;335551620&quot;:6,&quot;335559731&quot;:0,&quot;335559739&quot;:0,&quot;335559740&quot;:240}\">\u00a0<\/span><\/p>\n<p><span data-ccp-props=\"{&quot;201341983&quot;:2,&quot;335551550&quot;:6,&quot;335551620&quot;:6,&quot;335559731&quot;:0,&quot;335559739&quot;:0,&quot;335559740&quot;:240}\">\u00a0<\/span><\/p>\n<p><span data-ccp-props=\"{&quot;201341983&quot;:2,&quot;335551550&quot;:6,&quot;335551620&quot;:6,&quot;335559731&quot;:0,&quot;335559739&quot;:0,&quot;335559740&quot;:240}\">\u00a0<\/span><\/p>\n<p><span data-ccp-props=\"{&quot;201341983&quot;:2,&quot;335551550&quot;:6,&quot;335551620&quot;:6,&quot;335559731&quot;:0,&quot;335559739&quot;:0,&quot;335559740&quot;:240}\">\u00a0<\/span><\/p>\n<p><span data-ccp-props=\"{&quot;201341983&quot;:2,&quot;335551550&quot;:6,&quot;335551620&quot;:6,&quot;335559731&quot;:240,&quot;335559739&quot;:0,&quot;335559740&quot;:240}\">\u00a0<\/span><\/p>\n<p><span data-ccp-props=\"{&quot;201341983&quot;:2,&quot;335551550&quot;:6,&quot;335551620&quot;:6,&quot;335559731&quot;:240,&quot;335559739&quot;:0,&quot;335559740&quot;:240}\">\u00a0<\/span><\/p>\n<p><span data-ccp-props=\"{&quot;201341983&quot;:2,&quot;335551550&quot;:6,&quot;335551620&quot;:6,&quot;335559731&quot;:240,&quot;335559739&quot;:0,&quot;335559740&quot;:240}\">\u00a0<\/span><\/p>\n","protected":false},"excerpt":{"rendered":"<p>La galerie Arbor, situ\u00e9e \u00e0 Vankleek Hill, accueille une exposition pr\u00e9sentant les \u0153uvres de l&#8217;artiste rochelaise Monique Bergervin.\u00a0\u00a0 L&#8217;exposition, intitul\u00e9e \u00ab Connexion avec la nature \u00bb, se tient jusqu&#8217;au 20 octobre \u00e0 la galerie d&#8217;art situ\u00e9e \u00e0 Vankleek Hill.\u00a0\u00a0 Cette derni\u00e8re exposition est le fruit d&#8217;une collaboration entre Monique Bergervin et deux membres de sa [&hellip;]<\/p>\n","protected":false},"author":27,"featured_media":103478,"comment_status":"closed","ping_status":"open","sticky":false,"template":"","format":"standard","meta":{"_acf_changed":false,"footnotes":""},"categories":[42],"tags":[],"class_list":["post-103477","post","type-post","status-publish","format-standard","has-post-thumbnail","hentry","category-culture"],"acf":[],"featured_media_global":[],"yoast_head":"<!-- This site is optimized with the Yoast SEO plugin v27.4 - https:\/\/yoast.com\/product\/yoast-seo-wordpress\/ -->\n<title>L&#039;exposition de la galerie Arbor pr\u00e9sente les \u0153uvres d&#039;une artiste de Rockland - Vision<\/title>\n<meta name=\"robots\" content=\"index, follow, max-snippet:-1, max-image-preview:large, max-video-preview:-1\" \/>\n<link rel=\"canonical\" href=\"https:\/\/visionrockland.ca\/en\/culture\/lexposition-de-la-galerie-arbor-presente-les-oeuvres-dune-artiste-de-rockland\/\" \/>\n<meta property=\"og:locale\" content=\"en_US\" \/>\n<meta property=\"og:type\" content=\"article\" \/>\n<meta property=\"og:title\" content=\"L&#039;exposition de la galerie Arbor pr\u00e9sente les \u0153uvres d&#039;une artiste de Rockland - Vision\" \/>\n<meta property=\"og:description\" content=\"La galerie Arbor, situ\u00e9e \u00e0 Vankleek Hill, accueille une exposition pr\u00e9sentant les \u0153uvres de l&#8217;artiste rochelaise Monique Bergervin.\u00a0\u00a0 L&#8217;exposition, intitul\u00e9e \u00ab Connexion avec la nature \u00bb, se tient jusqu&#8217;au 20 octobre \u00e0 la galerie d&#8217;art situ\u00e9e \u00e0 Vankleek Hill.\u00a0\u00a0 Cette derni\u00e8re exposition est le fruit d&#8217;une collaboration entre Monique Bergervin et deux membres de sa [&hellip;]\" \/>\n<meta property=\"og:url\" content=\"https:\/\/visionrockland.ca\/en\/culture\/lexposition-de-la-galerie-arbor-presente-les-oeuvres-dune-artiste-de-rockland\/\" \/>\n<meta property=\"og:site_name\" content=\"Vision\" \/>\n<meta property=\"article:published_time\" content=\"2024-10-03T20:27:51+00:00\" \/>\n<meta property=\"article:modified_time\" content=\"2026-02-17T19:51:36+00:00\" \/>\n<meta property=\"og:image\" content=\"https:\/\/cdn.editionap.ca\/wp-content\/uploads\/sites\/3\/2024\/10\/Rockland-artist.jpeg\" \/>\n\t<meta property=\"og:image:width\" content=\"1200\" \/>\n\t<meta property=\"og:image:height\" content=\"1600\" \/>\n\t<meta property=\"og:image:type\" content=\"image\/jpeg\" \/>\n<meta name=\"author\" content=\"Anil Jhalli\" \/>\n<meta name=\"twitter:card\" content=\"summary_large_image\" \/>\n<meta name=\"twitter:label1\" content=\"Written by\" \/>\n\t<meta name=\"twitter:data1\" content=\"Anil Jhalli\" \/>\n\t<meta name=\"twitter:label2\" content=\"Est. reading time\" \/>\n\t<meta name=\"twitter:data2\" content=\"3 minutes\" \/>\n<script type=\"application\/ld+json\" class=\"yoast-schema-graph\">{\"@context\":\"https:\\\/\\\/schema.org\",\"@graph\":[{\"@type\":\"Article\",\"@id\":\"https:\\\/\\\/visionrockland.ca\\\/en\\\/culture\\\/lexposition-de-la-galerie-arbor-presente-les-oeuvres-dune-artiste-de-rockland\\\/#article\",\"isPartOf\":{\"@id\":\"https:\\\/\\\/visionrockland.ca\\\/en\\\/culture\\\/lexposition-de-la-galerie-arbor-presente-les-oeuvres-dune-artiste-de-rockland\\\/\"},\"author\":{\"name\":\"Anil Jhalli\",\"@id\":\"https:\\\/\\\/visionrockland.ca\\\/en\\\/#\\\/schema\\\/person\\\/a09095fdf65e09e747105760fe90175c\"},\"headline\":\"L&#8217;exposition de la galerie Arbor pr\u00e9sente les \u0153uvres d&#8217;une artiste de Rockland\",\"datePublished\":\"2024-10-03T20:27:51+00:00\",\"dateModified\":\"2026-02-17T19:51:36+00:00\",\"mainEntityOfPage\":{\"@id\":\"https:\\\/\\\/visionrockland.ca\\\/en\\\/culture\\\/lexposition-de-la-galerie-arbor-presente-les-oeuvres-dune-artiste-de-rockland\\\/\"},\"wordCount\":493,\"image\":{\"@id\":\"https:\\\/\\\/visionrockland.ca\\\/en\\\/culture\\\/lexposition-de-la-galerie-arbor-presente-les-oeuvres-dune-artiste-de-rockland\\\/#primaryimage\"},\"thumbnailUrl\":\"https:\\\/\\\/cdn.editionap.ca\\\/wp-content\\\/uploads\\\/sites\\\/3\\\/2024\\\/10\\\/Rockland-artist.jpeg\",\"articleSection\":[\"Culture\"],\"inLanguage\":\"en-US\"},{\"@type\":\"WebPage\",\"@id\":\"https:\\\/\\\/visionrockland.ca\\\/en\\\/culture\\\/lexposition-de-la-galerie-arbor-presente-les-oeuvres-dune-artiste-de-rockland\\\/\",\"url\":\"https:\\\/\\\/visionrockland.ca\\\/en\\\/culture\\\/lexposition-de-la-galerie-arbor-presente-les-oeuvres-dune-artiste-de-rockland\\\/\",\"name\":\"L'exposition de la galerie Arbor pr\u00e9sente les \u0153uvres d'une artiste de Rockland - Vision\",\"isPartOf\":{\"@id\":\"https:\\\/\\\/visionrockland.ca\\\/en\\\/#website\"},\"primaryImageOfPage\":{\"@id\":\"https:\\\/\\\/visionrockland.ca\\\/en\\\/culture\\\/lexposition-de-la-galerie-arbor-presente-les-oeuvres-dune-artiste-de-rockland\\\/#primaryimage\"},\"image\":{\"@id\":\"https:\\\/\\\/visionrockland.ca\\\/en\\\/culture\\\/lexposition-de-la-galerie-arbor-presente-les-oeuvres-dune-artiste-de-rockland\\\/#primaryimage\"},\"thumbnailUrl\":\"https:\\\/\\\/cdn.editionap.ca\\\/wp-content\\\/uploads\\\/sites\\\/3\\\/2024\\\/10\\\/Rockland-artist.jpeg\",\"datePublished\":\"2024-10-03T20:27:51+00:00\",\"dateModified\":\"2026-02-17T19:51:36+00:00\",\"author\":{\"@id\":\"https:\\\/\\\/visionrockland.ca\\\/en\\\/#\\\/schema\\\/person\\\/a09095fdf65e09e747105760fe90175c\"},\"breadcrumb\":{\"@id\":\"https:\\\/\\\/visionrockland.ca\\\/en\\\/culture\\\/lexposition-de-la-galerie-arbor-presente-les-oeuvres-dune-artiste-de-rockland\\\/#breadcrumb\"},\"inLanguage\":\"en-US\",\"potentialAction\":[{\"@type\":\"ReadAction\",\"target\":[\"https:\\\/\\\/visionrockland.ca\\\/en\\\/culture\\\/lexposition-de-la-galerie-arbor-presente-les-oeuvres-dune-artiste-de-rockland\\\/\"]}]},{\"@type\":\"ImageObject\",\"inLanguage\":\"en-US\",\"@id\":\"https:\\\/\\\/visionrockland.ca\\\/en\\\/culture\\\/lexposition-de-la-galerie-arbor-presente-les-oeuvres-dune-artiste-de-rockland\\\/#primaryimage\",\"url\":\"https:\\\/\\\/cdn.editionap.ca\\\/wp-content\\\/uploads\\\/sites\\\/3\\\/2024\\\/10\\\/Rockland-artist.jpeg\",\"contentUrl\":\"https:\\\/\\\/cdn.editionap.ca\\\/wp-content\\\/uploads\\\/sites\\\/3\\\/2024\\\/10\\\/Rockland-artist.jpeg\",\"width\":1200,\"height\":1600,\"caption\":\"La galerie Arbor de Vankleek Hill accueille l'exposition \u00ab Connection With Nature \u00bb, qui pr\u00e9sente les \u0153uvres de l'artiste rochelaise Monique Bergevin. L'exposition se poursuit jusqu'au 20 octobre. (Photo : Monique Bergervin)\"},{\"@type\":\"BreadcrumbList\",\"@id\":\"https:\\\/\\\/visionrockland.ca\\\/en\\\/culture\\\/lexposition-de-la-galerie-arbor-presente-les-oeuvres-dune-artiste-de-rockland\\\/#breadcrumb\",\"itemListElement\":[{\"@type\":\"ListItem\",\"position\":1,\"name\":\"Accueil\",\"item\":\"https:\\\/\\\/visionrockland.ca\\\/en\\\/\"},{\"@type\":\"ListItem\",\"position\":2,\"name\":\"L&rsquo;exposition de la galerie Arbor pr\u00e9sente les \u0153uvres d&rsquo;une artiste de Rockland\"}]},{\"@type\":\"WebSite\",\"@id\":\"https:\\\/\\\/visionrockland.ca\\\/en\\\/#website\",\"url\":\"https:\\\/\\\/visionrockland.ca\\\/en\\\/\",\"name\":\"Vision\",\"description\":\"\",\"potentialAction\":[{\"@type\":\"SearchAction\",\"target\":{\"@type\":\"EntryPoint\",\"urlTemplate\":\"https:\\\/\\\/visionrockland.ca\\\/en\\\/?s={search_term_string}\"},\"query-input\":{\"@type\":\"PropertyValueSpecification\",\"valueRequired\":true,\"valueName\":\"search_term_string\"}}],\"inLanguage\":\"en-US\"},{\"@type\":\"Person\",\"@id\":\"https:\\\/\\\/visionrockland.ca\\\/en\\\/#\\\/schema\\\/person\\\/a09095fdf65e09e747105760fe90175c\",\"name\":\"Anil Jhalli\",\"image\":{\"@type\":\"ImageObject\",\"inLanguage\":\"en-US\",\"@id\":\"https:\\\/\\\/secure.gravatar.com\\\/avatar\\\/63becc64fff8877a05400459aa003b94a1fdc8d3954acacc688ee6a2bc39fef8?s=96&d=mm&r=g\",\"url\":\"https:\\\/\\\/secure.gravatar.com\\\/avatar\\\/63becc64fff8877a05400459aa003b94a1fdc8d3954acacc688ee6a2bc39fef8?s=96&d=mm&r=g\",\"contentUrl\":\"https:\\\/\\\/secure.gravatar.com\\\/avatar\\\/63becc64fff8877a05400459aa003b94a1fdc8d3954acacc688ee6a2bc39fef8?s=96&d=mm&r=g\",\"caption\":\"Anil Jhalli\"}}]}<\/script>\n<!-- \/ Yoast SEO plugin. -->","yoast_head_json":{"title":"L'exposition de la galerie Arbor pr\u00e9sente les \u0153uvres d'une artiste de Rockland - Vision","robots":{"index":"index","follow":"follow","max-snippet":"max-snippet:-1","max-image-preview":"max-image-preview:large","max-video-preview":"max-video-preview:-1"},"canonical":"https:\/\/visionrockland.ca\/en\/culture\/lexposition-de-la-galerie-arbor-presente-les-oeuvres-dune-artiste-de-rockland\/","og_locale":"en_US","og_type":"article","og_title":"L'exposition de la galerie Arbor pr\u00e9sente les \u0153uvres d'une artiste de Rockland - Vision","og_description":"La galerie Arbor, situ\u00e9e \u00e0 Vankleek Hill, accueille une exposition pr\u00e9sentant les \u0153uvres de l&#8217;artiste rochelaise Monique Bergervin.\u00a0\u00a0 L&#8217;exposition, intitul\u00e9e \u00ab Connexion avec la nature \u00bb, se tient jusqu&#8217;au 20 octobre \u00e0 la galerie d&#8217;art situ\u00e9e \u00e0 Vankleek Hill.\u00a0\u00a0 Cette derni\u00e8re exposition est le fruit d&#8217;une collaboration entre Monique Bergervin et deux membres de sa [&hellip;]","og_url":"https:\/\/visionrockland.ca\/en\/culture\/lexposition-de-la-galerie-arbor-presente-les-oeuvres-dune-artiste-de-rockland\/","og_site_name":"Vision","article_published_time":"2024-10-03T20:27:51+00:00","article_modified_time":"2026-02-17T19:51:36+00:00","og_image":[{"width":1200,"height":1600,"url":"https:\/\/cdn.editionap.ca\/wp-content\/uploads\/sites\/3\/2024\/10\/Rockland-artist.jpeg","type":"image\/jpeg"}],"author":"Anil Jhalli","twitter_card":"summary_large_image","twitter_misc":{"Written by":"Anil Jhalli","Est. reading time":"3 minutes"},"schema":{"@context":"https:\/\/schema.org","@graph":[{"@type":"Article","@id":"https:\/\/visionrockland.ca\/en\/culture\/lexposition-de-la-galerie-arbor-presente-les-oeuvres-dune-artiste-de-rockland\/#article","isPartOf":{"@id":"https:\/\/visionrockland.ca\/en\/culture\/lexposition-de-la-galerie-arbor-presente-les-oeuvres-dune-artiste-de-rockland\/"},"author":{"name":"Anil Jhalli","@id":"https:\/\/visionrockland.ca\/en\/#\/schema\/person\/a09095fdf65e09e747105760fe90175c"},"headline":"L&#8217;exposition de la galerie Arbor pr\u00e9sente les \u0153uvres d&#8217;une artiste de Rockland","datePublished":"2024-10-03T20:27:51+00:00","dateModified":"2026-02-17T19:51:36+00:00","mainEntityOfPage":{"@id":"https:\/\/visionrockland.ca\/en\/culture\/lexposition-de-la-galerie-arbor-presente-les-oeuvres-dune-artiste-de-rockland\/"},"wordCount":493,"image":{"@id":"https:\/\/visionrockland.ca\/en\/culture\/lexposition-de-la-galerie-arbor-presente-les-oeuvres-dune-artiste-de-rockland\/#primaryimage"},"thumbnailUrl":"https:\/\/cdn.editionap.ca\/wp-content\/uploads\/sites\/3\/2024\/10\/Rockland-artist.jpeg","articleSection":["Culture"],"inLanguage":"en-US"},{"@type":"WebPage","@id":"https:\/\/visionrockland.ca\/en\/culture\/lexposition-de-la-galerie-arbor-presente-les-oeuvres-dune-artiste-de-rockland\/","url":"https:\/\/visionrockland.ca\/en\/culture\/lexposition-de-la-galerie-arbor-presente-les-oeuvres-dune-artiste-de-rockland\/","name":"L'exposition de la galerie Arbor pr\u00e9sente les \u0153uvres d'une artiste de Rockland - Vision","isPartOf":{"@id":"https:\/\/visionrockland.ca\/en\/#website"},"primaryImageOfPage":{"@id":"https:\/\/visionrockland.ca\/en\/culture\/lexposition-de-la-galerie-arbor-presente-les-oeuvres-dune-artiste-de-rockland\/#primaryimage"},"image":{"@id":"https:\/\/visionrockland.ca\/en\/culture\/lexposition-de-la-galerie-arbor-presente-les-oeuvres-dune-artiste-de-rockland\/#primaryimage"},"thumbnailUrl":"https:\/\/cdn.editionap.ca\/wp-content\/uploads\/sites\/3\/2024\/10\/Rockland-artist.jpeg","datePublished":"2024-10-03T20:27:51+00:00","dateModified":"2026-02-17T19:51:36+00:00","author":{"@id":"https:\/\/visionrockland.ca\/en\/#\/schema\/person\/a09095fdf65e09e747105760fe90175c"},"breadcrumb":{"@id":"https:\/\/visionrockland.ca\/en\/culture\/lexposition-de-la-galerie-arbor-presente-les-oeuvres-dune-artiste-de-rockland\/#breadcrumb"},"inLanguage":"en-US","potentialAction":[{"@type":"ReadAction","target":["https:\/\/visionrockland.ca\/en\/culture\/lexposition-de-la-galerie-arbor-presente-les-oeuvres-dune-artiste-de-rockland\/"]}]},{"@type":"ImageObject","inLanguage":"en-US","@id":"https:\/\/visionrockland.ca\/en\/culture\/lexposition-de-la-galerie-arbor-presente-les-oeuvres-dune-artiste-de-rockland\/#primaryimage","url":"https:\/\/cdn.editionap.ca\/wp-content\/uploads\/sites\/3\/2024\/10\/Rockland-artist.jpeg","contentUrl":"https:\/\/cdn.editionap.ca\/wp-content\/uploads\/sites\/3\/2024\/10\/Rockland-artist.jpeg","width":1200,"height":1600,"caption":"La galerie Arbor de Vankleek Hill accueille l'exposition \u00ab Connection With Nature \u00bb, qui pr\u00e9sente les \u0153uvres de l'artiste rochelaise Monique Bergevin. L'exposition se poursuit jusqu'au 20 octobre. (Photo : Monique Bergervin)"},{"@type":"BreadcrumbList","@id":"https:\/\/visionrockland.ca\/en\/culture\/lexposition-de-la-galerie-arbor-presente-les-oeuvres-dune-artiste-de-rockland\/#breadcrumb","itemListElement":[{"@type":"ListItem","position":1,"name":"Accueil","item":"https:\/\/visionrockland.ca\/en\/"},{"@type":"ListItem","position":2,"name":"L&rsquo;exposition de la galerie Arbor pr\u00e9sente les \u0153uvres d&rsquo;une artiste de Rockland"}]},{"@type":"WebSite","@id":"https:\/\/visionrockland.ca\/en\/#website","url":"https:\/\/visionrockland.ca\/en\/","name":"Vision","description":"","potentialAction":[{"@type":"SearchAction","target":{"@type":"EntryPoint","urlTemplate":"https:\/\/visionrockland.ca\/en\/?s={search_term_string}"},"query-input":{"@type":"PropertyValueSpecification","valueRequired":true,"valueName":"search_term_string"}}],"inLanguage":"en-US"},{"@type":"Person","@id":"https:\/\/visionrockland.ca\/en\/#\/schema\/person\/a09095fdf65e09e747105760fe90175c","name":"Anil Jhalli","image":{"@type":"ImageObject","inLanguage":"en-US","@id":"https:\/\/secure.gravatar.com\/avatar\/63becc64fff8877a05400459aa003b94a1fdc8d3954acacc688ee6a2bc39fef8?s=96&d=mm&r=g","url":"https:\/\/secure.gravatar.com\/avatar\/63becc64fff8877a05400459aa003b94a1fdc8d3954acacc688ee6a2bc39fef8?s=96&d=mm&r=g","contentUrl":"https:\/\/secure.gravatar.com\/avatar\/63becc64fff8877a05400459aa003b94a1fdc8d3954acacc688ee6a2bc39fef8?s=96&d=mm&r=g","caption":"Anil Jhalli"}}]}},"_links":{"self":[{"href":"https:\/\/visionrockland.ca\/en\/wp-json\/wp\/v2\/posts\/103477","targetHints":{"allow":["GET"]}}],"collection":[{"href":"https:\/\/visionrockland.ca\/en\/wp-json\/wp\/v2\/posts"}],"about":[{"href":"https:\/\/visionrockland.ca\/en\/wp-json\/wp\/v2\/types\/post"}],"author":[{"embeddable":true,"href":"https:\/\/visionrockland.ca\/en\/wp-json\/wp\/v2\/users\/27"}],"replies":[{"embeddable":true,"href":"https:\/\/visionrockland.ca\/en\/wp-json\/wp\/v2\/comments?post=103477"}],"version-history":[{"count":1,"href":"https:\/\/visionrockland.ca\/en\/wp-json\/wp\/v2\/posts\/103477\/revisions"}],"predecessor-version":[{"id":132347,"href":"https:\/\/visionrockland.ca\/en\/wp-json\/wp\/v2\/posts\/103477\/revisions\/132347"}],"wp:featuredmedia":[{"embeddable":true,"href":"https:\/\/visionrockland.ca\/en\/wp-json\/wp\/v2\/media\/103478"}],"wp:attachment":[{"href":"https:\/\/visionrockland.ca\/en\/wp-json\/wp\/v2\/media?parent=103477"}],"wp:term":[{"taxonomy":"category","embeddable":true,"href":"https:\/\/visionrockland.ca\/en\/wp-json\/wp\/v2\/categories?post=103477"},{"taxonomy":"post_tag","embeddable":true,"href":"https:\/\/visionrockland.ca\/en\/wp-json\/wp\/v2\/tags?post=103477"}],"curies":[{"name":"wp","href":"https:\/\/api.w.org\/{rel}","templated":true}]}}