{"id":103475,"date":"2024-10-03T16:24:39","date_gmt":"2024-10-03T20:24:39","guid":{"rendered":"https:\/\/editionap.ca\/?p=103475"},"modified":"2026-02-17T20:51:36","modified_gmt":"2026-02-17T19:51:36","slug":"police-charge-rockland-resident-with-sexual-assault","status":"publish","type":"post","link":"https:\/\/visionrockland.ca\/en\/justice-faits-divers\/police-charge-rockland-resident-with-sexual-assault\/","title":{"rendered":"Police charge Rockland resident with sexual assault"},"content":{"rendered":"<p><span data-ccp-props=\"{&quot;201341983&quot;:0,&quot;335551550&quot;:6,&quot;335551620&quot;:6,&quot;335559739&quot;:0,&quot;335559740&quot;:288}\">\u00a0<\/span><b><span data-contrast=\"none\">The Ontario Provincial Police (OPP) have charged a 22-year-old Rockland resident after a sexual assault incident last month.\u00a0<\/span><\/b><span data-ccp-props=\"{&quot;201341983&quot;:2,&quot;335551550&quot;:6,&quot;335551620&quot;:6,&quot;335559731&quot;:240,&quot;335559739&quot;:0,&quot;335559740&quot;:240}\">\u00a0<\/span><\/p>\n<p><span data-contrast=\"none\">OPP said in a release said the incident took place at a park in Rockland on Thursday, Sept. 26. According to police, the victim did not know the suspect and was not injured.<\/span><span data-ccp-props=\"{&quot;201341983&quot;:2,&quot;335551550&quot;:6,&quot;335551620&quot;:6,&quot;335559731&quot;:240,&quot;335559739&quot;:0,&quot;335559740&quot;:240}\">\u00a0<\/span><\/p>\n<p><span data-contrast=\"none\">Harry Tchimda II Mbete, 22, from Rockland has been charged with sexual assault under the Criminal Code and was held for a bail hearing.\u00a0<\/span><span data-ccp-props=\"{&quot;201341983&quot;:2,&quot;335551550&quot;:6,&quot;335551620&quot;:6,&quot;335559731&quot;:240,&quot;335559739&quot;:0,&quot;335559740&quot;:240}\">\u00a0<\/span><\/p>\n<p><span data-contrast=\"none\">Police are encouraging anyone with any information regarding this investigation to contact the Russell County OPP at 613-443-4499 or the toll free at 1-888-310-1122. Should you wish to remain anonymous, you may call Crime Stoppers at 1-800-222-TIPS (8477).\u00a0<\/span><span data-ccp-props=\"{&quot;201341983&quot;:2,&quot;335551550&quot;:6,&quot;335551620&quot;:6,&quot;335559731&quot;:240,&quot;335559739&quot;:0,&quot;335559740&quot;:240}\">\u00a0<\/span><\/p>\n<p><span data-contrast=\"none\">Victims of sexual assault are not alone. If you need support or know someone that does, there are local resources available to help. You can visit the Victim Services of Prescott-Russell at http:\/\/svsprescottrussell.ca for assistance. A toll-free call can also be placed to the Assaulted Women&#8217;s Helpline at 1-866-863-0511 where your information will remain anonymous and confidential. If you are in an immediate crisis, dial 9-1-1.\u202f\u202f<\/span><span data-ccp-props=\"{&quot;201341983&quot;:2,&quot;335551550&quot;:6,&quot;335551620&quot;:6,&quot;335559731&quot;:240,&quot;335559739&quot;:0,&quot;335559740&quot;:240}\">\u00a0<\/span><\/p>\n","protected":false},"excerpt":{"rendered":"<p>\u00a0The Ontario Provincial Police (OPP) have charged a 22-year-old Rockland resident after a sexual assault incident last month.\u00a0\u00a0 OPP said in a release said the incident took place at a park in Rockland on Thursday, Sept. 26. According to police, the victim did not know the suspect and was not injured.\u00a0 Harry Tchimda II Mbete, [&hellip;]<\/p>\n","protected":false},"author":27,"featured_media":102760,"comment_status":"closed","ping_status":"open","sticky":false,"template":"","format":"standard","meta":{"_acf_changed":false,"footnotes":""},"categories":[41],"tags":[],"class_list":["post-103475","post","type-post","status-publish","format-standard","has-post-thumbnail","hentry","category-justice-faits-divers"],"acf":[],"featured_media_global":[],"yoast_head":"<!-- This site is optimized with the Yoast SEO plugin v27.4 - https:\/\/yoast.com\/product\/yoast-seo-wordpress\/ -->\n<title>Police charge Rockland resident with sexual assault - Vision<\/title>\n<meta name=\"robots\" content=\"index, follow, max-snippet:-1, max-image-preview:large, max-video-preview:-1\" \/>\n<link rel=\"canonical\" href=\"https:\/\/visionrockland.ca\/en\/justice-faits-divers\/police-charge-rockland-resident-with-sexual-assault\/\" \/>\n<meta property=\"og:locale\" content=\"en_US\" \/>\n<meta property=\"og:type\" content=\"article\" \/>\n<meta property=\"og:title\" content=\"Police charge Rockland resident with sexual assault - Vision\" \/>\n<meta property=\"og:description\" content=\"\u00a0The Ontario Provincial Police (OPP) have charged a 22-year-old Rockland resident after a sexual assault incident last month.\u00a0\u00a0 OPP said in a release said the incident took place at a park in Rockland on Thursday, Sept. 26. According to police, the victim did not know the suspect and was not injured.\u00a0 Harry Tchimda II Mbete, [&hellip;]\" \/>\n<meta property=\"og:url\" content=\"https:\/\/visionrockland.ca\/en\/justice-faits-divers\/police-charge-rockland-resident-with-sexual-assault\/\" \/>\n<meta property=\"og:site_name\" content=\"Vision\" \/>\n<meta property=\"article:published_time\" content=\"2024-10-03T20:24:39+00:00\" \/>\n<meta property=\"article:modified_time\" content=\"2026-02-17T19:51:36+00:00\" \/>\n<meta property=\"og:image\" content=\"https:\/\/cdn.editionap.ca\/wp-content\/uploads\/sites\/3\/2024\/08\/OPP2.jpg\" \/>\n\t<meta property=\"og:image:width\" content=\"1020\" \/>\n\t<meta property=\"og:image:height\" content=\"573\" \/>\n\t<meta property=\"og:image:type\" content=\"image\/jpeg\" \/>\n<meta name=\"author\" content=\"Anil Jhalli\" \/>\n<meta name=\"twitter:card\" content=\"summary_large_image\" \/>\n<meta name=\"twitter:label1\" content=\"Written by\" \/>\n\t<meta name=\"twitter:data1\" content=\"Anil Jhalli\" \/>\n\t<meta name=\"twitter:label2\" content=\"Est. reading time\" \/>\n\t<meta name=\"twitter:data2\" content=\"2 minutes\" \/>\n<script type=\"application\/ld+json\" class=\"yoast-schema-graph\">{\"@context\":\"https:\\\/\\\/schema.org\",\"@graph\":[{\"@type\":\"Article\",\"@id\":\"https:\\\/\\\/visionrockland.ca\\\/en\\\/justice-faits-divers\\\/police-charge-rockland-resident-with-sexual-assault\\\/#article\",\"isPartOf\":{\"@id\":\"https:\\\/\\\/visionrockland.ca\\\/en\\\/justice-faits-divers\\\/police-charge-rockland-resident-with-sexual-assault\\\/\"},\"author\":{\"name\":\"Anil Jhalli\",\"@id\":\"https:\\\/\\\/visionrockland.ca\\\/en\\\/#\\\/schema\\\/person\\\/a09095fdf65e09e747105760fe90175c\"},\"headline\":\"Police charge Rockland resident with sexual assault\",\"datePublished\":\"2024-10-03T20:24:39+00:00\",\"dateModified\":\"2026-02-17T19:51:36+00:00\",\"mainEntityOfPage\":{\"@id\":\"https:\\\/\\\/visionrockland.ca\\\/en\\\/justice-faits-divers\\\/police-charge-rockland-resident-with-sexual-assault\\\/\"},\"wordCount\":194,\"image\":{\"@id\":\"https:\\\/\\\/visionrockland.ca\\\/en\\\/justice-faits-divers\\\/police-charge-rockland-resident-with-sexual-assault\\\/#primaryimage\"},\"thumbnailUrl\":\"https:\\\/\\\/cdn.editionap.ca\\\/wp-content\\\/uploads\\\/sites\\\/3\\\/2024\\\/08\\\/OPP2.jpg\",\"articleSection\":[\"Faits divers\"],\"inLanguage\":\"en-US\"},{\"@type\":\"WebPage\",\"@id\":\"https:\\\/\\\/visionrockland.ca\\\/en\\\/justice-faits-divers\\\/police-charge-rockland-resident-with-sexual-assault\\\/\",\"url\":\"https:\\\/\\\/visionrockland.ca\\\/en\\\/justice-faits-divers\\\/police-charge-rockland-resident-with-sexual-assault\\\/\",\"name\":\"Police charge Rockland resident with sexual assault - Vision\",\"isPartOf\":{\"@id\":\"https:\\\/\\\/visionrockland.ca\\\/en\\\/#website\"},\"primaryImageOfPage\":{\"@id\":\"https:\\\/\\\/visionrockland.ca\\\/en\\\/justice-faits-divers\\\/police-charge-rockland-resident-with-sexual-assault\\\/#primaryimage\"},\"image\":{\"@id\":\"https:\\\/\\\/visionrockland.ca\\\/en\\\/justice-faits-divers\\\/police-charge-rockland-resident-with-sexual-assault\\\/#primaryimage\"},\"thumbnailUrl\":\"https:\\\/\\\/cdn.editionap.ca\\\/wp-content\\\/uploads\\\/sites\\\/3\\\/2024\\\/08\\\/OPP2.jpg\",\"datePublished\":\"2024-10-03T20:24:39+00:00\",\"dateModified\":\"2026-02-17T19:51:36+00:00\",\"author\":{\"@id\":\"https:\\\/\\\/visionrockland.ca\\\/en\\\/#\\\/schema\\\/person\\\/a09095fdf65e09e747105760fe90175c\"},\"breadcrumb\":{\"@id\":\"https:\\\/\\\/visionrockland.ca\\\/en\\\/justice-faits-divers\\\/police-charge-rockland-resident-with-sexual-assault\\\/#breadcrumb\"},\"inLanguage\":\"en-US\",\"potentialAction\":[{\"@type\":\"ReadAction\",\"target\":[\"https:\\\/\\\/visionrockland.ca\\\/en\\\/justice-faits-divers\\\/police-charge-rockland-resident-with-sexual-assault\\\/\"]}]},{\"@type\":\"ImageObject\",\"inLanguage\":\"en-US\",\"@id\":\"https:\\\/\\\/visionrockland.ca\\\/en\\\/justice-faits-divers\\\/police-charge-rockland-resident-with-sexual-assault\\\/#primaryimage\",\"url\":\"https:\\\/\\\/cdn.editionap.ca\\\/wp-content\\\/uploads\\\/sites\\\/3\\\/2024\\\/08\\\/OPP2.jpg\",\"contentUrl\":\"https:\\\/\\\/cdn.editionap.ca\\\/wp-content\\\/uploads\\\/sites\\\/3\\\/2024\\\/08\\\/OPP2.jpg\",\"width\":1020,\"height\":573,\"caption\":\"Une personne \u00e2g\u00e9e de 13 ans est d\u00e9c\u00e9d\u00e9e \u00e0 la suite d\u2019une collision survenue \u00e0 Hawkesbury-Est le week-end dernier.\"},{\"@type\":\"BreadcrumbList\",\"@id\":\"https:\\\/\\\/visionrockland.ca\\\/en\\\/justice-faits-divers\\\/police-charge-rockland-resident-with-sexual-assault\\\/#breadcrumb\",\"itemListElement\":[{\"@type\":\"ListItem\",\"position\":1,\"name\":\"Accueil\",\"item\":\"https:\\\/\\\/visionrockland.ca\\\/en\\\/\"},{\"@type\":\"ListItem\",\"position\":2,\"name\":\"Police charge Rockland resident with sexual assault\"}]},{\"@type\":\"WebSite\",\"@id\":\"https:\\\/\\\/visionrockland.ca\\\/en\\\/#website\",\"url\":\"https:\\\/\\\/visionrockland.ca\\\/en\\\/\",\"name\":\"Vision\",\"description\":\"\",\"potentialAction\":[{\"@type\":\"SearchAction\",\"target\":{\"@type\":\"EntryPoint\",\"urlTemplate\":\"https:\\\/\\\/visionrockland.ca\\\/en\\\/?s={search_term_string}\"},\"query-input\":{\"@type\":\"PropertyValueSpecification\",\"valueRequired\":true,\"valueName\":\"search_term_string\"}}],\"inLanguage\":\"en-US\"},{\"@type\":\"Person\",\"@id\":\"https:\\\/\\\/visionrockland.ca\\\/en\\\/#\\\/schema\\\/person\\\/a09095fdf65e09e747105760fe90175c\",\"name\":\"Anil Jhalli\",\"image\":{\"@type\":\"ImageObject\",\"inLanguage\":\"en-US\",\"@id\":\"https:\\\/\\\/secure.gravatar.com\\\/avatar\\\/63becc64fff8877a05400459aa003b94a1fdc8d3954acacc688ee6a2bc39fef8?s=96&d=mm&r=g\",\"url\":\"https:\\\/\\\/secure.gravatar.com\\\/avatar\\\/63becc64fff8877a05400459aa003b94a1fdc8d3954acacc688ee6a2bc39fef8?s=96&d=mm&r=g\",\"contentUrl\":\"https:\\\/\\\/secure.gravatar.com\\\/avatar\\\/63becc64fff8877a05400459aa003b94a1fdc8d3954acacc688ee6a2bc39fef8?s=96&d=mm&r=g\",\"caption\":\"Anil Jhalli\"}}]}<\/script>\n<!-- \/ Yoast SEO plugin. -->","yoast_head_json":{"title":"Police charge Rockland resident with sexual assault - Vision","robots":{"index":"index","follow":"follow","max-snippet":"max-snippet:-1","max-image-preview":"max-image-preview:large","max-video-preview":"max-video-preview:-1"},"canonical":"https:\/\/visionrockland.ca\/en\/justice-faits-divers\/police-charge-rockland-resident-with-sexual-assault\/","og_locale":"en_US","og_type":"article","og_title":"Police charge Rockland resident with sexual assault - Vision","og_description":"\u00a0The Ontario Provincial Police (OPP) have charged a 22-year-old Rockland resident after a sexual assault incident last month.\u00a0\u00a0 OPP said in a release said the incident took place at a park in Rockland on Thursday, Sept. 26. According to police, the victim did not know the suspect and was not injured.\u00a0 Harry Tchimda II Mbete, [&hellip;]","og_url":"https:\/\/visionrockland.ca\/en\/justice-faits-divers\/police-charge-rockland-resident-with-sexual-assault\/","og_site_name":"Vision","article_published_time":"2024-10-03T20:24:39+00:00","article_modified_time":"2026-02-17T19:51:36+00:00","og_image":[{"width":1020,"height":573,"url":"https:\/\/cdn.editionap.ca\/wp-content\/uploads\/sites\/3\/2024\/08\/OPP2.jpg","type":"image\/jpeg"}],"author":"Anil Jhalli","twitter_card":"summary_large_image","twitter_misc":{"Written by":"Anil Jhalli","Est. reading time":"2 minutes"},"schema":{"@context":"https:\/\/schema.org","@graph":[{"@type":"Article","@id":"https:\/\/visionrockland.ca\/en\/justice-faits-divers\/police-charge-rockland-resident-with-sexual-assault\/#article","isPartOf":{"@id":"https:\/\/visionrockland.ca\/en\/justice-faits-divers\/police-charge-rockland-resident-with-sexual-assault\/"},"author":{"name":"Anil Jhalli","@id":"https:\/\/visionrockland.ca\/en\/#\/schema\/person\/a09095fdf65e09e747105760fe90175c"},"headline":"Police charge Rockland resident with sexual assault","datePublished":"2024-10-03T20:24:39+00:00","dateModified":"2026-02-17T19:51:36+00:00","mainEntityOfPage":{"@id":"https:\/\/visionrockland.ca\/en\/justice-faits-divers\/police-charge-rockland-resident-with-sexual-assault\/"},"wordCount":194,"image":{"@id":"https:\/\/visionrockland.ca\/en\/justice-faits-divers\/police-charge-rockland-resident-with-sexual-assault\/#primaryimage"},"thumbnailUrl":"https:\/\/cdn.editionap.ca\/wp-content\/uploads\/sites\/3\/2024\/08\/OPP2.jpg","articleSection":["Faits divers"],"inLanguage":"en-US"},{"@type":"WebPage","@id":"https:\/\/visionrockland.ca\/en\/justice-faits-divers\/police-charge-rockland-resident-with-sexual-assault\/","url":"https:\/\/visionrockland.ca\/en\/justice-faits-divers\/police-charge-rockland-resident-with-sexual-assault\/","name":"Police charge Rockland resident with sexual assault - Vision","isPartOf":{"@id":"https:\/\/visionrockland.ca\/en\/#website"},"primaryImageOfPage":{"@id":"https:\/\/visionrockland.ca\/en\/justice-faits-divers\/police-charge-rockland-resident-with-sexual-assault\/#primaryimage"},"image":{"@id":"https:\/\/visionrockland.ca\/en\/justice-faits-divers\/police-charge-rockland-resident-with-sexual-assault\/#primaryimage"},"thumbnailUrl":"https:\/\/cdn.editionap.ca\/wp-content\/uploads\/sites\/3\/2024\/08\/OPP2.jpg","datePublished":"2024-10-03T20:24:39+00:00","dateModified":"2026-02-17T19:51:36+00:00","author":{"@id":"https:\/\/visionrockland.ca\/en\/#\/schema\/person\/a09095fdf65e09e747105760fe90175c"},"breadcrumb":{"@id":"https:\/\/visionrockland.ca\/en\/justice-faits-divers\/police-charge-rockland-resident-with-sexual-assault\/#breadcrumb"},"inLanguage":"en-US","potentialAction":[{"@type":"ReadAction","target":["https:\/\/visionrockland.ca\/en\/justice-faits-divers\/police-charge-rockland-resident-with-sexual-assault\/"]}]},{"@type":"ImageObject","inLanguage":"en-US","@id":"https:\/\/visionrockland.ca\/en\/justice-faits-divers\/police-charge-rockland-resident-with-sexual-assault\/#primaryimage","url":"https:\/\/cdn.editionap.ca\/wp-content\/uploads\/sites\/3\/2024\/08\/OPP2.jpg","contentUrl":"https:\/\/cdn.editionap.ca\/wp-content\/uploads\/sites\/3\/2024\/08\/OPP2.jpg","width":1020,"height":573,"caption":"Une personne \u00e2g\u00e9e de 13 ans est d\u00e9c\u00e9d\u00e9e \u00e0 la suite d\u2019une collision survenue \u00e0 Hawkesbury-Est le week-end dernier."},{"@type":"BreadcrumbList","@id":"https:\/\/visionrockland.ca\/en\/justice-faits-divers\/police-charge-rockland-resident-with-sexual-assault\/#breadcrumb","itemListElement":[{"@type":"ListItem","position":1,"name":"Accueil","item":"https:\/\/visionrockland.ca\/en\/"},{"@type":"ListItem","position":2,"name":"Police charge Rockland resident with sexual assault"}]},{"@type":"WebSite","@id":"https:\/\/visionrockland.ca\/en\/#website","url":"https:\/\/visionrockland.ca\/en\/","name":"Vision","description":"","potentialAction":[{"@type":"SearchAction","target":{"@type":"EntryPoint","urlTemplate":"https:\/\/visionrockland.ca\/en\/?s={search_term_string}"},"query-input":{"@type":"PropertyValueSpecification","valueRequired":true,"valueName":"search_term_string"}}],"inLanguage":"en-US"},{"@type":"Person","@id":"https:\/\/visionrockland.ca\/en\/#\/schema\/person\/a09095fdf65e09e747105760fe90175c","name":"Anil Jhalli","image":{"@type":"ImageObject","inLanguage":"en-US","@id":"https:\/\/secure.gravatar.com\/avatar\/63becc64fff8877a05400459aa003b94a1fdc8d3954acacc688ee6a2bc39fef8?s=96&d=mm&r=g","url":"https:\/\/secure.gravatar.com\/avatar\/63becc64fff8877a05400459aa003b94a1fdc8d3954acacc688ee6a2bc39fef8?s=96&d=mm&r=g","contentUrl":"https:\/\/secure.gravatar.com\/avatar\/63becc64fff8877a05400459aa003b94a1fdc8d3954acacc688ee6a2bc39fef8?s=96&d=mm&r=g","caption":"Anil Jhalli"}}]}},"_links":{"self":[{"href":"https:\/\/visionrockland.ca\/en\/wp-json\/wp\/v2\/posts\/103475","targetHints":{"allow":["GET"]}}],"collection":[{"href":"https:\/\/visionrockland.ca\/en\/wp-json\/wp\/v2\/posts"}],"about":[{"href":"https:\/\/visionrockland.ca\/en\/wp-json\/wp\/v2\/types\/post"}],"author":[{"embeddable":true,"href":"https:\/\/visionrockland.ca\/en\/wp-json\/wp\/v2\/users\/27"}],"replies":[{"embeddable":true,"href":"https:\/\/visionrockland.ca\/en\/wp-json\/wp\/v2\/comments?post=103475"}],"version-history":[{"count":1,"href":"https:\/\/visionrockland.ca\/en\/wp-json\/wp\/v2\/posts\/103475\/revisions"}],"predecessor-version":[{"id":132448,"href":"https:\/\/visionrockland.ca\/en\/wp-json\/wp\/v2\/posts\/103475\/revisions\/132448"}],"wp:featuredmedia":[{"embeddable":true,"href":"https:\/\/visionrockland.ca\/en\/wp-json\/wp\/v2\/media\/102760"}],"wp:attachment":[{"href":"https:\/\/visionrockland.ca\/en\/wp-json\/wp\/v2\/media?parent=103475"}],"wp:term":[{"taxonomy":"category","embeddable":true,"href":"https:\/\/visionrockland.ca\/en\/wp-json\/wp\/v2\/categories?post=103475"},{"taxonomy":"post_tag","embeddable":true,"href":"https:\/\/visionrockland.ca\/en\/wp-json\/wp\/v2\/tags?post=103475"}],"curies":[{"name":"wp","href":"https:\/\/api.w.org\/{rel}","templated":true}]}}