{"id":103472,"date":"2024-10-03T16:21:47","date_gmt":"2024-10-03T20:21:47","guid":{"rendered":"https:\/\/editionap.ca\/?p=103472"},"modified":"2026-02-17T20:52:05","modified_gmt":"2026-02-17T19:52:05","slug":"rockland-nationals-are-leagues-only-unbeaten-team-2","status":"publish","type":"post","link":"https:\/\/visionrockland.ca\/en\/actualites\/rockland-nationals-are-leagues-only-unbeaten-team-2\/","title":{"rendered":"C-R accueille la conf\u00e9rence annuelle de l&#8217;AFMO"},"content":{"rendered":"<p><b><span data-contrast=\"none\">L&#8217;Association fran\u00e7aise des municipalit\u00e9s de l&#8217;Ontario (AFMO) a tenu sa conf\u00e9rence annuelle dans la ville de Clarence-Rockland, la semaine derni\u00e8re, du 26 au 28 septembre.\u00a0<\/span><\/b><span data-ccp-props=\"{&quot;201341983&quot;:2,&quot;335551550&quot;:6,&quot;335551620&quot;:6,&quot;335559731&quot;:240,&quot;335559739&quot;:0,&quot;335559740&quot;:240}\">\u00a0<\/span><\/p>\n<p><span data-contrast=\"none\">Cet \u00e9v\u00e9nement de trois jours est l&#8217;occasion pour les collectivit\u00e9s membres de se r\u00e9unir et de mettre en lumi\u00e8re les questions importantes pour le d\u00e9veloppement et le bien-\u00eatre de leurs communaut\u00e9s.\u00a0<\/span><\/p>\n<p><span data-contrast=\"none\">\u00ab C&#8217;est un honneur d&#8217;\u00eatre l&#8217;h\u00f4te de cet \u00e9v\u00e9nement et d&#8217;accueillir un organisme qui fait la promotion de notre patrimoine francophone \u00bb, a d\u00e9clar\u00e9 le maire de Clarence-Rockland, Mario Zanth, lors d&#8217;une entrevue avec The Vision. \u00ab J&#8217;ai h\u00e2te de participer aux prochaines conf\u00e9rences et de rencontrer d&#8217;autres maires pour discuter des questions qui sont importantes pour eux.<\/span><span data-ccp-props=\"{&quot;201341983&quot;:2,&quot;335551550&quot;:6,&quot;335551620&quot;:6,&quot;335559731&quot;:240,&quot;335559739&quot;:0,&quot;335559740&quot;:240}\">\u00a0<\/span><\/p>\n<p><span data-contrast=\"none\">Fond\u00e9e en 1989, l&#8217;AFMO travaille au maintien et au d\u00e9veloppement des services municipaux en fran\u00e7ais et collabore avec d&#8217;autres paliers de gouvernement, ainsi qu&#8217;avec des organismes d&#8217;autres provinces canadiennes, sur des questions propres aux communaut\u00e9s francophones et bilingues.\u00a0\u00a0<\/span><span data-ccp-props=\"{&quot;201341983&quot;:2,&quot;335551550&quot;:6,&quot;335551620&quot;:6,&quot;335559731&quot;:240,&quot;335559739&quot;:0,&quot;335559740&quot;:240}\">\u00a0<\/span><\/p>\n<p><span data-contrast=\"none\">\u00a0Les membres fondateurs sont feu Gis\u00e8le Lalonde, ancienne mairesse de Vanier, Jean-Marc Lalonde, ancien maire de Rockland, Yves Drouin, ancien maire de Hawkesbury, et Lionel Lalonde, ancien maire de Rayside-Balfour.\u00a0\u00a0<\/span><span data-ccp-props=\"{&quot;201341983&quot;:2,&quot;335551550&quot;:6,&quot;335551620&quot;:6,&quot;335559731&quot;:240,&quot;335559739&quot;:0,&quot;335559740&quot;:240}\">\u00a0<\/span><\/p>\n<p><span data-contrast=\"none\">\u00ab Nos municipalit\u00e9s ont toutes des d\u00e9fis similaires, et nous sommes des communaut\u00e9s rurales \u00bb, a d\u00e9clar\u00e9 Trevor Stewart, conseiller municipal de Clarence-Rockland et candidat lib\u00e9ral pour la circonscription de Glengarry-Prescott-Russell aux prochaines \u00e9lections provinciales, qui si\u00e8ge \u00e9galement au conseil d&#8217;administration de l&#8217;AFMO. \u00ab Cette conf\u00e9rence est une excellente occasion pour ces municipalit\u00e9s de se r\u00e9unir et de discuter de ces d\u00e9fis similaires et de la fa\u00e7on dont nous pouvons travailler ensemble pour cr\u00e9er des solutions.<\/span><span data-ccp-props=\"{&quot;201341983&quot;:2,&quot;335551550&quot;:6,&quot;335551620&quot;:6,&quot;335559731&quot;:240,&quot;335559739&quot;:0,&quot;335559740&quot;:240}\">\u00a0<\/span><\/p>\n<p><span data-contrast=\"none\">La conf\u00e9rence a mis l&#8217;accent sur des sujets qui touchent les francophones de l&#8217;Ontario, notamment la parit\u00e9, la diversit\u00e9 et l&#8217;inclusion dans la politique municipale, ainsi que des discussions sur la sant\u00e9 mentale, la s\u00e9curit\u00e9 et la cybers\u00e9curit\u00e9.<\/span><span data-ccp-props=\"{&quot;201341983&quot;:2,&quot;335551550&quot;:6,&quot;335551620&quot;:6,&quot;335559731&quot;:240,&quot;335559739&quot;:0,&quot;335559740&quot;:240}\">\u00a0<\/span><\/p>\n<p><span data-contrast=\"none\">\u00a0Les participants ont visit\u00e9 le Centre r\u00e9gional de formation des pompiers du Bourget et l&#8217;assembl\u00e9e g\u00e9n\u00e9rale annuelle \u00e9tait pr\u00e9vue le samedi \u00e0 la caserne de pompiers de Clarence-Rockland.\u00a0<\/span><span data-ccp-props=\"{&quot;201341983&quot;:2,&quot;335551550&quot;:6,&quot;335551620&quot;:6,&quot;335559731&quot;:240,&quot;335559739&quot;:0,&quot;335559740&quot;:240}\">\u00a0<\/span><\/p>\n<p><span data-contrast=\"none\">The Vision a contact\u00e9 des repr\u00e9sentants de l&#8217;AFMO pour obtenir des commentaires, mais aucune r\u00e9ponse n&#8217;avait \u00e9t\u00e9 donn\u00e9e \u00e0 l&#8217;heure de mettre sous presse.\u00a0<\/span><span data-ccp-props=\"{&quot;201341983&quot;:2,&quot;335551550&quot;:6,&quot;335551620&quot;:6,&quot;335559731&quot;:240,&quot;335559739&quot;:0,&quot;335559740&quot;:240}\">\u00a0<\/span><\/p>\n<p><b><span data-contrast=\"none\">Le tournoi de golf du maire donne le coup d&#8217;envoi \u00e0 l&#8217;AFMO<\/span><\/b><span data-ccp-props=\"{&quot;201341983&quot;:2,&quot;335551550&quot;:2,&quot;335551620&quot;:2,&quot;335559731&quot;:240,&quot;335559739&quot;:0,&quot;335559740&quot;:240}\">\u00a0<\/span><span data-ccp-props=\"{&quot;201341983&quot;:2,&quot;335551550&quot;:6,&quot;335551620&quot;:6,&quot;335559731&quot;:240,&quot;335559739&quot;:0,&quot;335559740&quot;:240}\">\u00a0<\/span><\/p>\n<p><span data-contrast=\"none\">Le maire Mario Zanth a a accueilli le tournoi de golf annuel du maire, qui a officiellement donn\u00e9 le coup d&#8217;envoi des festivit\u00e9s de l&#8217;AFMO le 26 septembre au Hammond Golf and Country Club. <\/span><span data-ccp-props=\"{&quot;201341983&quot;:2,&quot;335551550&quot;:6,&quot;335551620&quot;:6,&quot;335559731&quot;:240,&quot;335559739&quot;:0,&quot;335559740&quot;:240}\">\u00a0<\/span><\/p>\n<p>Bien qu&#8217;il s&#8217;agisse du tournoi de golf du maire, M. Zanth a f\u00e9licit\u00e9 les membres du personnel de la Cit\u00e9 de Clarence-Rockland qui ont organis\u00e9 le tournoi pour qu&#8217;il co\u00efncide avec les festivit\u00e9s de l&#8217;AFMO.<\/p>\n<p><span data-contrast=\"none\">L&#8217;\u00e9dition 2024 du tournoi de golf du maire comptait 120 participants. L&#8217;\u00e9v\u00e9nement a permis d&#8217;amasser 19 000 $ qui seront redistribu\u00e9s \u00e0 des initiatives qui profitent directement aux jeunes de Clarence-Rockland.<\/span><span data-ccp-props=\"{&quot;201341983&quot;:2,&quot;335551550&quot;:6,&quot;335551620&quot;:6,&quot;335559731&quot;:240,&quot;335559739&quot;:0,&quot;335559740&quot;:240}\">\u00a0<\/span><\/p>\n<p><span data-contrast=\"none\">Il n&#8217;y a pas eu de tournoi de golf en 2023. Le tournoi de golf du maire de 2022, la premi\u00e8re ann\u00e9e de Zanth en tant que maire de Clarence-Rockland, a permis de recueillir 18 000 $ pour les organisations de jeunes \u00e0 but non lucratif \u00e0 travers la municipalit\u00e9.\u00a0<\/span><span data-ccp-props=\"{&quot;201341983&quot;:2,&quot;335551550&quot;:6,&quot;335551620&quot;:6,&quot;335559731&quot;:240,&quot;335559739&quot;:0,&quot;335559740&quot;:240}\">\u00a0<\/span><\/p>\n<p><span data-contrast=\"none\">\u00ab C&#8217;\u00e9tait une journ\u00e9e amusante, les gens se sont bien amus\u00e9s et nous avons recueilli des fonds pour des initiatives importantes pour nos jeunes \u00bb, a d\u00e9clar\u00e9 M. Zanth.\u00a0<\/span><span data-ccp-props=\"{&quot;201341983&quot;:2,&quot;335551550&quot;:6,&quot;335551620&quot;:6,&quot;335559731&quot;:240,&quot;335559739&quot;:0,&quot;335559740&quot;:240}\">\u00a0<\/span><\/p>\n<p><span data-ccp-props=\"{&quot;201341983&quot;:2,&quot;335551550&quot;:6,&quot;335551620&quot;:6,&quot;335559731&quot;:240,&quot;335559739&quot;:0,&quot;335559740&quot;:240}\">\u00a0<\/span><\/p>\n","protected":false},"excerpt":{"rendered":"<p>L&#8217;Association fran\u00e7aise des municipalit\u00e9s de l&#8217;Ontario (AFMO) a tenu sa conf\u00e9rence annuelle dans la ville de Clarence-Rockland, la semaine derni\u00e8re, du 26 au 28 septembre.\u00a0\u00a0 Cet \u00e9v\u00e9nement de trois jours est l&#8217;occasion pour les collectivit\u00e9s membres de se r\u00e9unir et de mettre en lumi\u00e8re les questions importantes pour le d\u00e9veloppement et le bien-\u00eatre de leurs [&hellip;]<\/p>\n","protected":false},"author":27,"featured_media":103473,"comment_status":"closed","ping_status":"open","sticky":false,"template":"","format":"standard","meta":{"_acf_changed":false,"footnotes":""},"categories":[37],"tags":[],"class_list":["post-103472","post","type-post","status-publish","format-standard","has-post-thumbnail","hentry","category-actualites"],"acf":[],"featured_media_global":[],"yoast_head":"<!-- This site is optimized with the Yoast SEO plugin v27.4 - https:\/\/yoast.com\/product\/yoast-seo-wordpress\/ -->\n<title>C-R accueille la conf\u00e9rence annuelle de l&#039;AFMO - Vision<\/title>\n<meta name=\"robots\" content=\"index, follow, max-snippet:-1, max-image-preview:large, max-video-preview:-1\" \/>\n<link rel=\"canonical\" href=\"https:\/\/visionrockland.ca\/en\/actualites\/rockland-nationals-are-leagues-only-unbeaten-team-2\/\" \/>\n<meta property=\"og:locale\" content=\"en_US\" \/>\n<meta property=\"og:type\" content=\"article\" \/>\n<meta property=\"og:title\" content=\"C-R accueille la conf\u00e9rence annuelle de l&#039;AFMO - Vision\" \/>\n<meta property=\"og:description\" content=\"L&#8217;Association fran\u00e7aise des municipalit\u00e9s de l&#8217;Ontario (AFMO) a tenu sa conf\u00e9rence annuelle dans la ville de Clarence-Rockland, la semaine derni\u00e8re, du 26 au 28 septembre.\u00a0\u00a0 Cet \u00e9v\u00e9nement de trois jours est l&#8217;occasion pour les collectivit\u00e9s membres de se r\u00e9unir et de mettre en lumi\u00e8re les questions importantes pour le d\u00e9veloppement et le bien-\u00eatre de leurs [&hellip;]\" \/>\n<meta property=\"og:url\" content=\"https:\/\/visionrockland.ca\/en\/actualites\/rockland-nationals-are-leagues-only-unbeaten-team-2\/\" \/>\n<meta property=\"og:site_name\" content=\"Vision\" \/>\n<meta property=\"article:published_time\" content=\"2024-10-03T20:21:47+00:00\" \/>\n<meta property=\"article:modified_time\" content=\"2026-02-17T19:52:05+00:00\" \/>\n<meta property=\"og:image\" content=\"https:\/\/cdn.editionap.ca\/wp-content\/uploads\/sites\/3\/2024\/10\/Zanth-golf-scaled-1.jpg\" \/>\n\t<meta property=\"og:image:width\" content=\"2560\" \/>\n\t<meta property=\"og:image:height\" content=\"1707\" \/>\n\t<meta property=\"og:image:type\" content=\"image\/jpeg\" \/>\n<meta name=\"author\" content=\"Anil Jhalli\" \/>\n<meta name=\"twitter:card\" content=\"summary_large_image\" \/>\n<meta name=\"twitter:label1\" content=\"Written by\" \/>\n\t<meta name=\"twitter:data1\" content=\"Anil Jhalli\" \/>\n\t<meta name=\"twitter:label2\" content=\"Est. reading time\" \/>\n\t<meta name=\"twitter:data2\" content=\"3 minutes\" \/>\n<script type=\"application\/ld+json\" class=\"yoast-schema-graph\">{\"@context\":\"https:\\\/\\\/schema.org\",\"@graph\":[{\"@type\":\"Article\",\"@id\":\"https:\\\/\\\/visionrockland.ca\\\/en\\\/actualites\\\/rockland-nationals-are-leagues-only-unbeaten-team-2\\\/#article\",\"isPartOf\":{\"@id\":\"https:\\\/\\\/visionrockland.ca\\\/en\\\/actualites\\\/rockland-nationals-are-leagues-only-unbeaten-team-2\\\/\"},\"author\":{\"name\":\"Anil Jhalli\",\"@id\":\"https:\\\/\\\/visionrockland.ca\\\/en\\\/#\\\/schema\\\/person\\\/a09095fdf65e09e747105760fe90175c\"},\"headline\":\"C-R accueille la conf\u00e9rence annuelle de l&#8217;AFMO\",\"datePublished\":\"2024-10-03T20:21:47+00:00\",\"dateModified\":\"2026-02-17T19:52:05+00:00\",\"mainEntityOfPage\":{\"@id\":\"https:\\\/\\\/visionrockland.ca\\\/en\\\/actualites\\\/rockland-nationals-are-leagues-only-unbeaten-team-2\\\/\"},\"wordCount\":611,\"image\":{\"@id\":\"https:\\\/\\\/visionrockland.ca\\\/en\\\/actualites\\\/rockland-nationals-are-leagues-only-unbeaten-team-2\\\/#primaryimage\"},\"thumbnailUrl\":\"https:\\\/\\\/cdn.editionap.ca\\\/wp-content\\\/uploads\\\/sites\\\/3\\\/2024\\\/10\\\/Zanth-golf-scaled-1.jpg\",\"articleSection\":[\"Actualit\u00e9s\"],\"inLanguage\":\"en-US\"},{\"@type\":\"WebPage\",\"@id\":\"https:\\\/\\\/visionrockland.ca\\\/en\\\/actualites\\\/rockland-nationals-are-leagues-only-unbeaten-team-2\\\/\",\"url\":\"https:\\\/\\\/visionrockland.ca\\\/en\\\/actualites\\\/rockland-nationals-are-leagues-only-unbeaten-team-2\\\/\",\"name\":\"C-R accueille la conf\u00e9rence annuelle de l'AFMO - Vision\",\"isPartOf\":{\"@id\":\"https:\\\/\\\/visionrockland.ca\\\/en\\\/#website\"},\"primaryImageOfPage\":{\"@id\":\"https:\\\/\\\/visionrockland.ca\\\/en\\\/actualites\\\/rockland-nationals-are-leagues-only-unbeaten-team-2\\\/#primaryimage\"},\"image\":{\"@id\":\"https:\\\/\\\/visionrockland.ca\\\/en\\\/actualites\\\/rockland-nationals-are-leagues-only-unbeaten-team-2\\\/#primaryimage\"},\"thumbnailUrl\":\"https:\\\/\\\/cdn.editionap.ca\\\/wp-content\\\/uploads\\\/sites\\\/3\\\/2024\\\/10\\\/Zanth-golf-scaled-1.jpg\",\"datePublished\":\"2024-10-03T20:21:47+00:00\",\"dateModified\":\"2026-02-17T19:52:05+00:00\",\"author\":{\"@id\":\"https:\\\/\\\/visionrockland.ca\\\/en\\\/#\\\/schema\\\/person\\\/a09095fdf65e09e747105760fe90175c\"},\"breadcrumb\":{\"@id\":\"https:\\\/\\\/visionrockland.ca\\\/en\\\/actualites\\\/rockland-nationals-are-leagues-only-unbeaten-team-2\\\/#breadcrumb\"},\"inLanguage\":\"en-US\",\"potentialAction\":[{\"@type\":\"ReadAction\",\"target\":[\"https:\\\/\\\/visionrockland.ca\\\/en\\\/actualites\\\/rockland-nationals-are-leagues-only-unbeaten-team-2\\\/\"]}]},{\"@type\":\"ImageObject\",\"inLanguage\":\"en-US\",\"@id\":\"https:\\\/\\\/visionrockland.ca\\\/en\\\/actualites\\\/rockland-nationals-are-leagues-only-unbeaten-team-2\\\/#primaryimage\",\"url\":\"https:\\\/\\\/cdn.editionap.ca\\\/wp-content\\\/uploads\\\/sites\\\/3\\\/2024\\\/10\\\/Zanth-golf-scaled-1.jpg\",\"contentUrl\":\"https:\\\/\\\/cdn.editionap.ca\\\/wp-content\\\/uploads\\\/sites\\\/3\\\/2024\\\/10\\\/Zanth-golf-scaled-1.jpg\",\"width\":2560,\"height\":1707,\"caption\":\"Le maire de Clarence - Rockland, Mario Zanth, a eu l'occasion de revenir sur certaines des r\u00e9alisations de la ville en 2024, tout en se projetant sur les priorit\u00e9s de la ville en 2025\"},{\"@type\":\"BreadcrumbList\",\"@id\":\"https:\\\/\\\/visionrockland.ca\\\/en\\\/actualites\\\/rockland-nationals-are-leagues-only-unbeaten-team-2\\\/#breadcrumb\",\"itemListElement\":[{\"@type\":\"ListItem\",\"position\":1,\"name\":\"Accueil\",\"item\":\"https:\\\/\\\/visionrockland.ca\\\/en\\\/\"},{\"@type\":\"ListItem\",\"position\":2,\"name\":\"C-R accueille la conf\u00e9rence annuelle de l&rsquo;AFMO\"}]},{\"@type\":\"WebSite\",\"@id\":\"https:\\\/\\\/visionrockland.ca\\\/en\\\/#website\",\"url\":\"https:\\\/\\\/visionrockland.ca\\\/en\\\/\",\"name\":\"Vision\",\"description\":\"\",\"potentialAction\":[{\"@type\":\"SearchAction\",\"target\":{\"@type\":\"EntryPoint\",\"urlTemplate\":\"https:\\\/\\\/visionrockland.ca\\\/en\\\/?s={search_term_string}\"},\"query-input\":{\"@type\":\"PropertyValueSpecification\",\"valueRequired\":true,\"valueName\":\"search_term_string\"}}],\"inLanguage\":\"en-US\"},{\"@type\":\"Person\",\"@id\":\"https:\\\/\\\/visionrockland.ca\\\/en\\\/#\\\/schema\\\/person\\\/a09095fdf65e09e747105760fe90175c\",\"name\":\"Anil Jhalli\",\"image\":{\"@type\":\"ImageObject\",\"inLanguage\":\"en-US\",\"@id\":\"https:\\\/\\\/secure.gravatar.com\\\/avatar\\\/63becc64fff8877a05400459aa003b94a1fdc8d3954acacc688ee6a2bc39fef8?s=96&d=mm&r=g\",\"url\":\"https:\\\/\\\/secure.gravatar.com\\\/avatar\\\/63becc64fff8877a05400459aa003b94a1fdc8d3954acacc688ee6a2bc39fef8?s=96&d=mm&r=g\",\"contentUrl\":\"https:\\\/\\\/secure.gravatar.com\\\/avatar\\\/63becc64fff8877a05400459aa003b94a1fdc8d3954acacc688ee6a2bc39fef8?s=96&d=mm&r=g\",\"caption\":\"Anil Jhalli\"}}]}<\/script>\n<!-- \/ Yoast SEO plugin. -->","yoast_head_json":{"title":"C-R accueille la conf\u00e9rence annuelle de l'AFMO - Vision","robots":{"index":"index","follow":"follow","max-snippet":"max-snippet:-1","max-image-preview":"max-image-preview:large","max-video-preview":"max-video-preview:-1"},"canonical":"https:\/\/visionrockland.ca\/en\/actualites\/rockland-nationals-are-leagues-only-unbeaten-team-2\/","og_locale":"en_US","og_type":"article","og_title":"C-R accueille la conf\u00e9rence annuelle de l'AFMO - Vision","og_description":"L&#8217;Association fran\u00e7aise des municipalit\u00e9s de l&#8217;Ontario (AFMO) a tenu sa conf\u00e9rence annuelle dans la ville de Clarence-Rockland, la semaine derni\u00e8re, du 26 au 28 septembre.\u00a0\u00a0 Cet \u00e9v\u00e9nement de trois jours est l&#8217;occasion pour les collectivit\u00e9s membres de se r\u00e9unir et de mettre en lumi\u00e8re les questions importantes pour le d\u00e9veloppement et le bien-\u00eatre de leurs [&hellip;]","og_url":"https:\/\/visionrockland.ca\/en\/actualites\/rockland-nationals-are-leagues-only-unbeaten-team-2\/","og_site_name":"Vision","article_published_time":"2024-10-03T20:21:47+00:00","article_modified_time":"2026-02-17T19:52:05+00:00","og_image":[{"width":2560,"height":1707,"url":"https:\/\/cdn.editionap.ca\/wp-content\/uploads\/sites\/3\/2024\/10\/Zanth-golf-scaled-1.jpg","type":"image\/jpeg"}],"author":"Anil Jhalli","twitter_card":"summary_large_image","twitter_misc":{"Written by":"Anil Jhalli","Est. reading time":"3 minutes"},"schema":{"@context":"https:\/\/schema.org","@graph":[{"@type":"Article","@id":"https:\/\/visionrockland.ca\/en\/actualites\/rockland-nationals-are-leagues-only-unbeaten-team-2\/#article","isPartOf":{"@id":"https:\/\/visionrockland.ca\/en\/actualites\/rockland-nationals-are-leagues-only-unbeaten-team-2\/"},"author":{"name":"Anil Jhalli","@id":"https:\/\/visionrockland.ca\/en\/#\/schema\/person\/a09095fdf65e09e747105760fe90175c"},"headline":"C-R accueille la conf\u00e9rence annuelle de l&#8217;AFMO","datePublished":"2024-10-03T20:21:47+00:00","dateModified":"2026-02-17T19:52:05+00:00","mainEntityOfPage":{"@id":"https:\/\/visionrockland.ca\/en\/actualites\/rockland-nationals-are-leagues-only-unbeaten-team-2\/"},"wordCount":611,"image":{"@id":"https:\/\/visionrockland.ca\/en\/actualites\/rockland-nationals-are-leagues-only-unbeaten-team-2\/#primaryimage"},"thumbnailUrl":"https:\/\/cdn.editionap.ca\/wp-content\/uploads\/sites\/3\/2024\/10\/Zanth-golf-scaled-1.jpg","articleSection":["Actualit\u00e9s"],"inLanguage":"en-US"},{"@type":"WebPage","@id":"https:\/\/visionrockland.ca\/en\/actualites\/rockland-nationals-are-leagues-only-unbeaten-team-2\/","url":"https:\/\/visionrockland.ca\/en\/actualites\/rockland-nationals-are-leagues-only-unbeaten-team-2\/","name":"C-R accueille la conf\u00e9rence annuelle de l'AFMO - Vision","isPartOf":{"@id":"https:\/\/visionrockland.ca\/en\/#website"},"primaryImageOfPage":{"@id":"https:\/\/visionrockland.ca\/en\/actualites\/rockland-nationals-are-leagues-only-unbeaten-team-2\/#primaryimage"},"image":{"@id":"https:\/\/visionrockland.ca\/en\/actualites\/rockland-nationals-are-leagues-only-unbeaten-team-2\/#primaryimage"},"thumbnailUrl":"https:\/\/cdn.editionap.ca\/wp-content\/uploads\/sites\/3\/2024\/10\/Zanth-golf-scaled-1.jpg","datePublished":"2024-10-03T20:21:47+00:00","dateModified":"2026-02-17T19:52:05+00:00","author":{"@id":"https:\/\/visionrockland.ca\/en\/#\/schema\/person\/a09095fdf65e09e747105760fe90175c"},"breadcrumb":{"@id":"https:\/\/visionrockland.ca\/en\/actualites\/rockland-nationals-are-leagues-only-unbeaten-team-2\/#breadcrumb"},"inLanguage":"en-US","potentialAction":[{"@type":"ReadAction","target":["https:\/\/visionrockland.ca\/en\/actualites\/rockland-nationals-are-leagues-only-unbeaten-team-2\/"]}]},{"@type":"ImageObject","inLanguage":"en-US","@id":"https:\/\/visionrockland.ca\/en\/actualites\/rockland-nationals-are-leagues-only-unbeaten-team-2\/#primaryimage","url":"https:\/\/cdn.editionap.ca\/wp-content\/uploads\/sites\/3\/2024\/10\/Zanth-golf-scaled-1.jpg","contentUrl":"https:\/\/cdn.editionap.ca\/wp-content\/uploads\/sites\/3\/2024\/10\/Zanth-golf-scaled-1.jpg","width":2560,"height":1707,"caption":"Le maire de Clarence - Rockland, Mario Zanth, a eu l'occasion de revenir sur certaines des r\u00e9alisations de la ville en 2024, tout en se projetant sur les priorit\u00e9s de la ville en 2025"},{"@type":"BreadcrumbList","@id":"https:\/\/visionrockland.ca\/en\/actualites\/rockland-nationals-are-leagues-only-unbeaten-team-2\/#breadcrumb","itemListElement":[{"@type":"ListItem","position":1,"name":"Accueil","item":"https:\/\/visionrockland.ca\/en\/"},{"@type":"ListItem","position":2,"name":"C-R accueille la conf\u00e9rence annuelle de l&rsquo;AFMO"}]},{"@type":"WebSite","@id":"https:\/\/visionrockland.ca\/en\/#website","url":"https:\/\/visionrockland.ca\/en\/","name":"Vision","description":"","potentialAction":[{"@type":"SearchAction","target":{"@type":"EntryPoint","urlTemplate":"https:\/\/visionrockland.ca\/en\/?s={search_term_string}"},"query-input":{"@type":"PropertyValueSpecification","valueRequired":true,"valueName":"search_term_string"}}],"inLanguage":"en-US"},{"@type":"Person","@id":"https:\/\/visionrockland.ca\/en\/#\/schema\/person\/a09095fdf65e09e747105760fe90175c","name":"Anil Jhalli","image":{"@type":"ImageObject","inLanguage":"en-US","@id":"https:\/\/secure.gravatar.com\/avatar\/63becc64fff8877a05400459aa003b94a1fdc8d3954acacc688ee6a2bc39fef8?s=96&d=mm&r=g","url":"https:\/\/secure.gravatar.com\/avatar\/63becc64fff8877a05400459aa003b94a1fdc8d3954acacc688ee6a2bc39fef8?s=96&d=mm&r=g","contentUrl":"https:\/\/secure.gravatar.com\/avatar\/63becc64fff8877a05400459aa003b94a1fdc8d3954acacc688ee6a2bc39fef8?s=96&d=mm&r=g","caption":"Anil Jhalli"}}]}},"_links":{"self":[{"href":"https:\/\/visionrockland.ca\/en\/wp-json\/wp\/v2\/posts\/103472","targetHints":{"allow":["GET"]}}],"collection":[{"href":"https:\/\/visionrockland.ca\/en\/wp-json\/wp\/v2\/posts"}],"about":[{"href":"https:\/\/visionrockland.ca\/en\/wp-json\/wp\/v2\/types\/post"}],"author":[{"embeddable":true,"href":"https:\/\/visionrockland.ca\/en\/wp-json\/wp\/v2\/users\/27"}],"replies":[{"embeddable":true,"href":"https:\/\/visionrockland.ca\/en\/wp-json\/wp\/v2\/comments?post=103472"}],"version-history":[{"count":1,"href":"https:\/\/visionrockland.ca\/en\/wp-json\/wp\/v2\/posts\/103472\/revisions"}],"predecessor-version":[{"id":132449,"href":"https:\/\/visionrockland.ca\/en\/wp-json\/wp\/v2\/posts\/103472\/revisions\/132449"}],"wp:featuredmedia":[{"embeddable":true,"href":"https:\/\/visionrockland.ca\/en\/wp-json\/wp\/v2\/media\/103473"}],"wp:attachment":[{"href":"https:\/\/visionrockland.ca\/en\/wp-json\/wp\/v2\/media?parent=103472"}],"wp:term":[{"taxonomy":"category","embeddable":true,"href":"https:\/\/visionrockland.ca\/en\/wp-json\/wp\/v2\/categories?post=103472"},{"taxonomy":"post_tag","embeddable":true,"href":"https:\/\/visionrockland.ca\/en\/wp-json\/wp\/v2\/tags?post=103472"}],"curies":[{"name":"wp","href":"https:\/\/api.w.org\/{rel}","templated":true}]}}