{"id":103368,"date":"2024-09-25T22:41:31","date_gmt":"2024-09-26T02:41:31","guid":{"rendered":"https:\/\/editionap.ca\/?p=103368"},"modified":"2026-02-17T20:52:06","modified_gmt":"2026-02-17T19:52:06","slug":"caprac-celebre-son-10e-anniversaire-le-mois-prochain","status":"publish","type":"post","link":"https:\/\/visionrockland.ca\/en\/culture\/caprac-celebre-son-10e-anniversaire-le-mois-prochain\/","title":{"rendered":"CAPRAC c\u00e9l\u00e8bre son 10e anniversaire le mois prochain"},"content":{"rendered":"<p><b><span data-contrast=\"none\">Le Conseil des arts Prescott Russell (CAPRAC) c\u00e9l\u00e9brera son 10e anniversaire par un pique-nique communautaire le samedi 5 octobre.\u00a0<\/span><\/b><span data-ccp-props=\"{&quot;201341983&quot;:2,&quot;335551550&quot;:6,&quot;335551620&quot;:6,&quot;335559731&quot;:240,&quot;335559739&quot;:0,&quot;335559740&quot;:240}\">\u00a0<\/span><\/p>\n<p><span data-contrast=\"none\">L&#8217;\u00e9v\u00e9nement se d\u00e9roulera de 11 h \u00e0 15 h \u00e0 la maison Tucker, situ\u00e9e au 1731, chemin Tucker \u00e0 Rockland.\u00a0<\/span><span data-ccp-props=\"{&quot;201341983&quot;:2,&quot;335551550&quot;:6,&quot;335551620&quot;:6,&quot;335559731&quot;:240,&quot;335559739&quot;:0,&quot;335559740&quot;:240}\">\u00a0<\/span><\/p>\n<p><span data-contrast=\"none\">\u00ab Nous sommes ravis de c\u00e9l\u00e9brer les dix ans de notre organisation \u00bb, a d\u00e9clar\u00e9 Margo Malboeuf, directrice ex\u00e9cutive de CAPRAC. \u00ab Il y a certainement eu des d\u00e9fis \u00e0 relever au cours des dix derni\u00e8res ann\u00e9es, mais nous avons \u00e9galement b\u00e9n\u00e9fici\u00e9 d&#8217;excellentes occasions.<\/span><span data-ccp-props=\"{&quot;201341983&quot;:2,&quot;335551550&quot;:6,&quot;335551620&quot;:6,&quot;335559731&quot;:240,&quot;335559739&quot;:0,&quot;335559740&quot;:240}\">\u00a0<\/span><\/p>\n<p><span data-contrast=\"none\">\u00a0CAPRAC a \u00e9t\u00e9 inaugur\u00e9 le 27 mars 2014 dans le but de soutenir le d\u00e9veloppement des artistes, des organismes et de tous ceux qui participent aux activit\u00e9s artistiques, culturelles et patrimoniales.\u00a0<\/span><span data-ccp-props=\"{&quot;201341983&quot;:2,&quot;335551550&quot;:6,&quot;335551620&quot;:6,&quot;335559731&quot;:240,&quot;335559739&quot;:0,&quot;335559740&quot;:240}\">\u00a0<\/span><\/p>\n<p><span data-contrast=\"none\">Il s&#8217;agit d&#8217;une organisation \u00e0 but non lucratif g\u00e9r\u00e9e par un conseil d&#8217;administration compos\u00e9 de b\u00e9n\u00e9voles d\u00e9vou\u00e9s.\u00a0<\/span><span data-ccp-props=\"{&quot;201341983&quot;:2,&quot;335551550&quot;:6,&quot;335551620&quot;:6,&quot;335559731&quot;:240,&quot;335559739&quot;:0,&quot;335559740&quot;:240}\">\u00a0<\/span><\/p>\n<p><span data-contrast=\"none\">CAPRAC se veut un facilitateur, un soutien et une voix au niveau r\u00e9gional. CAPRAC vise \u00e0 sensibiliser le public aux artistes, aux organismes et aux activit\u00e9s des Comt\u00e9s unis de Prescott-Russell (CUPR).\u00a0<\/span><span data-ccp-props=\"{&quot;201341983&quot;:2,&quot;335551550&quot;:6,&quot;335551620&quot;:6,&quot;335559731&quot;:240,&quot;335559739&quot;:0,&quot;335559740&quot;:240}\">\u00a0<\/span><\/p>\n<p><span data-contrast=\"none\">\u00ab Nous voulons remercier la communaut\u00e9 et tous nos partenaires qui nous ont soutenus au cours des dix derni\u00e8res ann\u00e9es, et ce pique-nique est une excellente fa\u00e7on de le faire \u00bb, a ajout\u00e9 Mme Malboeuf, qui s&#8217;est jointe \u00e0 CAPRAC en 2022 et a \u00e9t\u00e9 nomm\u00e9e directrice g\u00e9n\u00e9rale au d\u00e9but de l&#8217;ann\u00e9e.\u00a0<\/span><span data-ccp-props=\"{&quot;201341983&quot;:2,&quot;335551550&quot;:6,&quot;335551620&quot;:6,&quot;335559731&quot;:240,&quot;335559739&quot;:0,&quot;335559740&quot;:240}\">\u00a0<\/span><\/p>\n<p><span data-contrast=\"none\">Selon Mme Malboeuf, le pique-nique est l&#8217;occasion de pr\u00e9senter ce que l&#8217;organisation a accompli au cours des dix derni\u00e8res ann\u00e9es, tout en jetant un regard sur l&#8217;avenir.<\/span><span data-ccp-props=\"{&quot;201341983&quot;:2,&quot;335551550&quot;:6,&quot;335551620&quot;:6,&quot;335559731&quot;:240,&quot;335559739&quot;:0,&quot;335559740&quot;:240}\">\u00a0<\/span><\/p>\n<p><span data-contrast=\"none\">Le pique-nique communautaire est un \u00e9v\u00e9nement gratuit qui propose des activit\u00e9s pour toute la famille. Il comprend des d\u00e9monstrations artistiques, des pr\u00e9sentations, une visite de la maison Tucker et un d\u00e9jeuner gratuit pour les participants.\u00a0<\/span><span data-ccp-props=\"{&quot;201341983&quot;:2,&quot;335551550&quot;:6,&quot;335551620&quot;:6,&quot;335559731&quot;:240,&quot;335559739&quot;:0,&quot;335559740&quot;:240}\">\u00a0<\/span><\/p>\n<p><span data-contrast=\"none\">Plusieurs dignitaires ont \u00e9t\u00e9 invit\u00e9s \u00e0 l&#8217;\u00e9v\u00e9nement et prendront la parole. Des repr\u00e9sentants de CAPRAC prononceront \u00e9galement quelques mots et reviendront sur les dix derni\u00e8res ann\u00e9es de l&#8217;organisation et sur ce qu&#8217;elle a accompli pour les arts, la culture et le patrimoine dans l&#8217;ensemble de la RUPC.\u00a0<\/span><span data-ccp-props=\"{&quot;201341983&quot;:2,&quot;335551550&quot;:6,&quot;335551620&quot;:6,&quot;335559731&quot;:240,&quot;335559739&quot;:0,&quot;335559740&quot;:240}\">\u00a0<\/span><\/p>\n<p><span data-contrast=\"none\">\u00ab C&#8217;est tr\u00e8s sp\u00e9cial d&#8217;en arriver l\u00e0 et d&#8217;avoir la chance de partager ce moment avec la communaut\u00e9 \u00bb, a d\u00e9clar\u00e9 Mme Malboeuf.\u00a0<\/span><span data-ccp-props=\"{&quot;201341983&quot;:2,&quot;335551550&quot;:6,&quot;335551620&quot;:6,&quot;335559731&quot;:240,&quot;335559739&quot;:0,&quot;335559740&quot;:240}\">\u00a0<\/span><\/p>\n<p><span data-contrast=\"none\">Pour en savoir plus sur CAPRAC, consultez le site CAPRAC.ca.<\/span><span data-ccp-props=\"{&quot;201341983&quot;:2,&quot;335551550&quot;:6,&quot;335551620&quot;:6,&quot;335559731&quot;:0,&quot;335559739&quot;:0,&quot;335559740&quot;:240}\">\u00a0<\/span><\/p>\n<p><span data-ccp-props=\"{&quot;201341983&quot;:2,&quot;335551550&quot;:6,&quot;335551620&quot;:6,&quot;335559731&quot;:240,&quot;335559739&quot;:0,&quot;335559740&quot;:240}\">\u00a0<\/span><\/p>\n","protected":false},"excerpt":{"rendered":"<p>Le Conseil des arts Prescott Russell (CAPRAC) c\u00e9l\u00e9brera son 10e anniversaire par un pique-nique communautaire le samedi 5 octobre.\u00a0\u00a0 L&#8217;\u00e9v\u00e9nement se d\u00e9roulera de 11 h \u00e0 15 h \u00e0 la maison Tucker, situ\u00e9e au 1731, chemin Tucker \u00e0 Rockland.\u00a0\u00a0 \u00ab Nous sommes ravis de c\u00e9l\u00e9brer les dix ans de notre organisation \u00bb, a d\u00e9clar\u00e9 Margo [&hellip;]<\/p>\n","protected":false},"author":27,"featured_media":103370,"comment_status":"closed","ping_status":"open","sticky":false,"template":"","format":"standard","meta":{"_acf_changed":false,"footnotes":""},"categories":[42],"tags":[],"class_list":["post-103368","post","type-post","status-publish","format-standard","has-post-thumbnail","hentry","category-culture"],"acf":[],"featured_media_global":[],"yoast_head":"<!-- This site is optimized with the Yoast SEO plugin v27.4 - https:\/\/yoast.com\/product\/yoast-seo-wordpress\/ -->\n<title>CAPRAC c\u00e9l\u00e8bre son 10e anniversaire le mois prochain - Vision<\/title>\n<meta name=\"robots\" content=\"index, follow, max-snippet:-1, max-image-preview:large, max-video-preview:-1\" \/>\n<link rel=\"canonical\" href=\"https:\/\/visionrockland.ca\/en\/culture\/caprac-celebre-son-10e-anniversaire-le-mois-prochain\/\" \/>\n<meta property=\"og:locale\" content=\"en_US\" \/>\n<meta property=\"og:type\" content=\"article\" \/>\n<meta property=\"og:title\" content=\"CAPRAC c\u00e9l\u00e8bre son 10e anniversaire le mois prochain - Vision\" \/>\n<meta property=\"og:description\" content=\"Le Conseil des arts Prescott Russell (CAPRAC) c\u00e9l\u00e9brera son 10e anniversaire par un pique-nique communautaire le samedi 5 octobre.\u00a0\u00a0 L&#8217;\u00e9v\u00e9nement se d\u00e9roulera de 11 h \u00e0 15 h \u00e0 la maison Tucker, situ\u00e9e au 1731, chemin Tucker \u00e0 Rockland.\u00a0\u00a0 \u00ab Nous sommes ravis de c\u00e9l\u00e9brer les dix ans de notre organisation \u00bb, a d\u00e9clar\u00e9 Margo [&hellip;]\" \/>\n<meta property=\"og:url\" content=\"https:\/\/visionrockland.ca\/en\/culture\/caprac-celebre-son-10e-anniversaire-le-mois-prochain\/\" \/>\n<meta property=\"og:site_name\" content=\"Vision\" \/>\n<meta property=\"article:published_time\" content=\"2024-09-26T02:41:31+00:00\" \/>\n<meta property=\"article:modified_time\" content=\"2026-02-17T19:52:06+00:00\" \/>\n<meta property=\"og:image\" content=\"https:\/\/cdn.editionap.ca\/wp-content\/uploads\/sites\/3\/2024\/09\/CAPRAC-1.jpg\" \/>\n\t<meta property=\"og:image:width\" content=\"1904\" \/>\n\t<meta property=\"og:image:height\" content=\"2048\" \/>\n\t<meta property=\"og:image:type\" content=\"image\/jpeg\" \/>\n<meta name=\"author\" content=\"Anil Jhalli\" \/>\n<meta name=\"twitter:card\" content=\"summary_large_image\" \/>\n<meta name=\"twitter:label1\" content=\"Written by\" \/>\n\t<meta name=\"twitter:data1\" content=\"Anil Jhalli\" \/>\n\t<meta name=\"twitter:label2\" content=\"Est. reading time\" \/>\n\t<meta name=\"twitter:data2\" content=\"2 minutes\" \/>\n<script type=\"application\/ld+json\" class=\"yoast-schema-graph\">{\"@context\":\"https:\\\/\\\/schema.org\",\"@graph\":[{\"@type\":\"Article\",\"@id\":\"https:\\\/\\\/visionrockland.ca\\\/en\\\/culture\\\/caprac-celebre-son-10e-anniversaire-le-mois-prochain\\\/#article\",\"isPartOf\":{\"@id\":\"https:\\\/\\\/visionrockland.ca\\\/en\\\/culture\\\/caprac-celebre-son-10e-anniversaire-le-mois-prochain\\\/\"},\"author\":{\"name\":\"Anil Jhalli\",\"@id\":\"https:\\\/\\\/visionrockland.ca\\\/en\\\/#\\\/schema\\\/person\\\/a09095fdf65e09e747105760fe90175c\"},\"headline\":\"CAPRAC c\u00e9l\u00e8bre son 10e anniversaire le mois prochain\",\"datePublished\":\"2024-09-26T02:41:31+00:00\",\"dateModified\":\"2026-02-17T19:52:06+00:00\",\"mainEntityOfPage\":{\"@id\":\"https:\\\/\\\/visionrockland.ca\\\/en\\\/culture\\\/caprac-celebre-son-10e-anniversaire-le-mois-prochain\\\/\"},\"wordCount\":412,\"image\":{\"@id\":\"https:\\\/\\\/visionrockland.ca\\\/en\\\/culture\\\/caprac-celebre-son-10e-anniversaire-le-mois-prochain\\\/#primaryimage\"},\"thumbnailUrl\":\"https:\\\/\\\/cdn.editionap.ca\\\/wp-content\\\/uploads\\\/sites\\\/3\\\/2024\\\/09\\\/CAPRAC-1.jpg\",\"articleSection\":[\"Culture\"],\"inLanguage\":\"en-US\"},{\"@type\":\"WebPage\",\"@id\":\"https:\\\/\\\/visionrockland.ca\\\/en\\\/culture\\\/caprac-celebre-son-10e-anniversaire-le-mois-prochain\\\/\",\"url\":\"https:\\\/\\\/visionrockland.ca\\\/en\\\/culture\\\/caprac-celebre-son-10e-anniversaire-le-mois-prochain\\\/\",\"name\":\"CAPRAC c\u00e9l\u00e8bre son 10e anniversaire le mois prochain - Vision\",\"isPartOf\":{\"@id\":\"https:\\\/\\\/visionrockland.ca\\\/en\\\/#website\"},\"primaryImageOfPage\":{\"@id\":\"https:\\\/\\\/visionrockland.ca\\\/en\\\/culture\\\/caprac-celebre-son-10e-anniversaire-le-mois-prochain\\\/#primaryimage\"},\"image\":{\"@id\":\"https:\\\/\\\/visionrockland.ca\\\/en\\\/culture\\\/caprac-celebre-son-10e-anniversaire-le-mois-prochain\\\/#primaryimage\"},\"thumbnailUrl\":\"https:\\\/\\\/cdn.editionap.ca\\\/wp-content\\\/uploads\\\/sites\\\/3\\\/2024\\\/09\\\/CAPRAC-1.jpg\",\"datePublished\":\"2024-09-26T02:41:31+00:00\",\"dateModified\":\"2026-02-17T19:52:06+00:00\",\"author\":{\"@id\":\"https:\\\/\\\/visionrockland.ca\\\/en\\\/#\\\/schema\\\/person\\\/a09095fdf65e09e747105760fe90175c\"},\"breadcrumb\":{\"@id\":\"https:\\\/\\\/visionrockland.ca\\\/en\\\/culture\\\/caprac-celebre-son-10e-anniversaire-le-mois-prochain\\\/#breadcrumb\"},\"inLanguage\":\"en-US\",\"potentialAction\":[{\"@type\":\"ReadAction\",\"target\":[\"https:\\\/\\\/visionrockland.ca\\\/en\\\/culture\\\/caprac-celebre-son-10e-anniversaire-le-mois-prochain\\\/\"]}]},{\"@type\":\"ImageObject\",\"inLanguage\":\"en-US\",\"@id\":\"https:\\\/\\\/visionrockland.ca\\\/en\\\/culture\\\/caprac-celebre-son-10e-anniversaire-le-mois-prochain\\\/#primaryimage\",\"url\":\"https:\\\/\\\/cdn.editionap.ca\\\/wp-content\\\/uploads\\\/sites\\\/3\\\/2024\\\/09\\\/CAPRAC-1.jpg\",\"contentUrl\":\"https:\\\/\\\/cdn.editionap.ca\\\/wp-content\\\/uploads\\\/sites\\\/3\\\/2024\\\/09\\\/CAPRAC-1.jpg\",\"width\":1904,\"height\":2048,\"caption\":\"Le Conseil des arts Prescott Russell (CAPRAC), qui a \u00e9t\u00e9 officiellement inaugur\u00e9 le 27 mars 2014, c\u00e9l\u00e8bre son 10e anniversaire avec un pique-nique communautaire le samedi 5 octobre \u00e0 la maison Tucker. La c\u00e9l\u00e9bration promet d'\u00eatre une foire familiale, avec des activit\u00e9s pour tous les \u00e2ges, et se d\u00e9roulera de 11 h \u00e0 15 h\"},{\"@type\":\"BreadcrumbList\",\"@id\":\"https:\\\/\\\/visionrockland.ca\\\/en\\\/culture\\\/caprac-celebre-son-10e-anniversaire-le-mois-prochain\\\/#breadcrumb\",\"itemListElement\":[{\"@type\":\"ListItem\",\"position\":1,\"name\":\"Accueil\",\"item\":\"https:\\\/\\\/visionrockland.ca\\\/en\\\/\"},{\"@type\":\"ListItem\",\"position\":2,\"name\":\"CAPRAC c\u00e9l\u00e8bre son 10e anniversaire le mois prochain\"}]},{\"@type\":\"WebSite\",\"@id\":\"https:\\\/\\\/visionrockland.ca\\\/en\\\/#website\",\"url\":\"https:\\\/\\\/visionrockland.ca\\\/en\\\/\",\"name\":\"Vision\",\"description\":\"\",\"potentialAction\":[{\"@type\":\"SearchAction\",\"target\":{\"@type\":\"EntryPoint\",\"urlTemplate\":\"https:\\\/\\\/visionrockland.ca\\\/en\\\/?s={search_term_string}\"},\"query-input\":{\"@type\":\"PropertyValueSpecification\",\"valueRequired\":true,\"valueName\":\"search_term_string\"}}],\"inLanguage\":\"en-US\"},{\"@type\":\"Person\",\"@id\":\"https:\\\/\\\/visionrockland.ca\\\/en\\\/#\\\/schema\\\/person\\\/a09095fdf65e09e747105760fe90175c\",\"name\":\"Anil Jhalli\",\"image\":{\"@type\":\"ImageObject\",\"inLanguage\":\"en-US\",\"@id\":\"https:\\\/\\\/secure.gravatar.com\\\/avatar\\\/63becc64fff8877a05400459aa003b94a1fdc8d3954acacc688ee6a2bc39fef8?s=96&d=mm&r=g\",\"url\":\"https:\\\/\\\/secure.gravatar.com\\\/avatar\\\/63becc64fff8877a05400459aa003b94a1fdc8d3954acacc688ee6a2bc39fef8?s=96&d=mm&r=g\",\"contentUrl\":\"https:\\\/\\\/secure.gravatar.com\\\/avatar\\\/63becc64fff8877a05400459aa003b94a1fdc8d3954acacc688ee6a2bc39fef8?s=96&d=mm&r=g\",\"caption\":\"Anil Jhalli\"}}]}<\/script>\n<!-- \/ Yoast SEO plugin. -->","yoast_head_json":{"title":"CAPRAC c\u00e9l\u00e8bre son 10e anniversaire le mois prochain - Vision","robots":{"index":"index","follow":"follow","max-snippet":"max-snippet:-1","max-image-preview":"max-image-preview:large","max-video-preview":"max-video-preview:-1"},"canonical":"https:\/\/visionrockland.ca\/en\/culture\/caprac-celebre-son-10e-anniversaire-le-mois-prochain\/","og_locale":"en_US","og_type":"article","og_title":"CAPRAC c\u00e9l\u00e8bre son 10e anniversaire le mois prochain - Vision","og_description":"Le Conseil des arts Prescott Russell (CAPRAC) c\u00e9l\u00e9brera son 10e anniversaire par un pique-nique communautaire le samedi 5 octobre.\u00a0\u00a0 L&#8217;\u00e9v\u00e9nement se d\u00e9roulera de 11 h \u00e0 15 h \u00e0 la maison Tucker, situ\u00e9e au 1731, chemin Tucker \u00e0 Rockland.\u00a0\u00a0 \u00ab Nous sommes ravis de c\u00e9l\u00e9brer les dix ans de notre organisation \u00bb, a d\u00e9clar\u00e9 Margo [&hellip;]","og_url":"https:\/\/visionrockland.ca\/en\/culture\/caprac-celebre-son-10e-anniversaire-le-mois-prochain\/","og_site_name":"Vision","article_published_time":"2024-09-26T02:41:31+00:00","article_modified_time":"2026-02-17T19:52:06+00:00","og_image":[{"width":1904,"height":2048,"url":"https:\/\/cdn.editionap.ca\/wp-content\/uploads\/sites\/3\/2024\/09\/CAPRAC-1.jpg","type":"image\/jpeg"}],"author":"Anil Jhalli","twitter_card":"summary_large_image","twitter_misc":{"Written by":"Anil Jhalli","Est. reading time":"2 minutes"},"schema":{"@context":"https:\/\/schema.org","@graph":[{"@type":"Article","@id":"https:\/\/visionrockland.ca\/en\/culture\/caprac-celebre-son-10e-anniversaire-le-mois-prochain\/#article","isPartOf":{"@id":"https:\/\/visionrockland.ca\/en\/culture\/caprac-celebre-son-10e-anniversaire-le-mois-prochain\/"},"author":{"name":"Anil Jhalli","@id":"https:\/\/visionrockland.ca\/en\/#\/schema\/person\/a09095fdf65e09e747105760fe90175c"},"headline":"CAPRAC c\u00e9l\u00e8bre son 10e anniversaire le mois prochain","datePublished":"2024-09-26T02:41:31+00:00","dateModified":"2026-02-17T19:52:06+00:00","mainEntityOfPage":{"@id":"https:\/\/visionrockland.ca\/en\/culture\/caprac-celebre-son-10e-anniversaire-le-mois-prochain\/"},"wordCount":412,"image":{"@id":"https:\/\/visionrockland.ca\/en\/culture\/caprac-celebre-son-10e-anniversaire-le-mois-prochain\/#primaryimage"},"thumbnailUrl":"https:\/\/cdn.editionap.ca\/wp-content\/uploads\/sites\/3\/2024\/09\/CAPRAC-1.jpg","articleSection":["Culture"],"inLanguage":"en-US"},{"@type":"WebPage","@id":"https:\/\/visionrockland.ca\/en\/culture\/caprac-celebre-son-10e-anniversaire-le-mois-prochain\/","url":"https:\/\/visionrockland.ca\/en\/culture\/caprac-celebre-son-10e-anniversaire-le-mois-prochain\/","name":"CAPRAC c\u00e9l\u00e8bre son 10e anniversaire le mois prochain - Vision","isPartOf":{"@id":"https:\/\/visionrockland.ca\/en\/#website"},"primaryImageOfPage":{"@id":"https:\/\/visionrockland.ca\/en\/culture\/caprac-celebre-son-10e-anniversaire-le-mois-prochain\/#primaryimage"},"image":{"@id":"https:\/\/visionrockland.ca\/en\/culture\/caprac-celebre-son-10e-anniversaire-le-mois-prochain\/#primaryimage"},"thumbnailUrl":"https:\/\/cdn.editionap.ca\/wp-content\/uploads\/sites\/3\/2024\/09\/CAPRAC-1.jpg","datePublished":"2024-09-26T02:41:31+00:00","dateModified":"2026-02-17T19:52:06+00:00","author":{"@id":"https:\/\/visionrockland.ca\/en\/#\/schema\/person\/a09095fdf65e09e747105760fe90175c"},"breadcrumb":{"@id":"https:\/\/visionrockland.ca\/en\/culture\/caprac-celebre-son-10e-anniversaire-le-mois-prochain\/#breadcrumb"},"inLanguage":"en-US","potentialAction":[{"@type":"ReadAction","target":["https:\/\/visionrockland.ca\/en\/culture\/caprac-celebre-son-10e-anniversaire-le-mois-prochain\/"]}]},{"@type":"ImageObject","inLanguage":"en-US","@id":"https:\/\/visionrockland.ca\/en\/culture\/caprac-celebre-son-10e-anniversaire-le-mois-prochain\/#primaryimage","url":"https:\/\/cdn.editionap.ca\/wp-content\/uploads\/sites\/3\/2024\/09\/CAPRAC-1.jpg","contentUrl":"https:\/\/cdn.editionap.ca\/wp-content\/uploads\/sites\/3\/2024\/09\/CAPRAC-1.jpg","width":1904,"height":2048,"caption":"Le Conseil des arts Prescott Russell (CAPRAC), qui a \u00e9t\u00e9 officiellement inaugur\u00e9 le 27 mars 2014, c\u00e9l\u00e8bre son 10e anniversaire avec un pique-nique communautaire le samedi 5 octobre \u00e0 la maison Tucker. La c\u00e9l\u00e9bration promet d'\u00eatre une foire familiale, avec des activit\u00e9s pour tous les \u00e2ges, et se d\u00e9roulera de 11 h \u00e0 15 h"},{"@type":"BreadcrumbList","@id":"https:\/\/visionrockland.ca\/en\/culture\/caprac-celebre-son-10e-anniversaire-le-mois-prochain\/#breadcrumb","itemListElement":[{"@type":"ListItem","position":1,"name":"Accueil","item":"https:\/\/visionrockland.ca\/en\/"},{"@type":"ListItem","position":2,"name":"CAPRAC c\u00e9l\u00e8bre son 10e anniversaire le mois prochain"}]},{"@type":"WebSite","@id":"https:\/\/visionrockland.ca\/en\/#website","url":"https:\/\/visionrockland.ca\/en\/","name":"Vision","description":"","potentialAction":[{"@type":"SearchAction","target":{"@type":"EntryPoint","urlTemplate":"https:\/\/visionrockland.ca\/en\/?s={search_term_string}"},"query-input":{"@type":"PropertyValueSpecification","valueRequired":true,"valueName":"search_term_string"}}],"inLanguage":"en-US"},{"@type":"Person","@id":"https:\/\/visionrockland.ca\/en\/#\/schema\/person\/a09095fdf65e09e747105760fe90175c","name":"Anil Jhalli","image":{"@type":"ImageObject","inLanguage":"en-US","@id":"https:\/\/secure.gravatar.com\/avatar\/63becc64fff8877a05400459aa003b94a1fdc8d3954acacc688ee6a2bc39fef8?s=96&d=mm&r=g","url":"https:\/\/secure.gravatar.com\/avatar\/63becc64fff8877a05400459aa003b94a1fdc8d3954acacc688ee6a2bc39fef8?s=96&d=mm&r=g","contentUrl":"https:\/\/secure.gravatar.com\/avatar\/63becc64fff8877a05400459aa003b94a1fdc8d3954acacc688ee6a2bc39fef8?s=96&d=mm&r=g","caption":"Anil Jhalli"}}]}},"_links":{"self":[{"href":"https:\/\/visionrockland.ca\/en\/wp-json\/wp\/v2\/posts\/103368","targetHints":{"allow":["GET"]}}],"collection":[{"href":"https:\/\/visionrockland.ca\/en\/wp-json\/wp\/v2\/posts"}],"about":[{"href":"https:\/\/visionrockland.ca\/en\/wp-json\/wp\/v2\/types\/post"}],"author":[{"embeddable":true,"href":"https:\/\/visionrockland.ca\/en\/wp-json\/wp\/v2\/users\/27"}],"replies":[{"embeddable":true,"href":"https:\/\/visionrockland.ca\/en\/wp-json\/wp\/v2\/comments?post=103368"}],"version-history":[{"count":1,"href":"https:\/\/visionrockland.ca\/en\/wp-json\/wp\/v2\/posts\/103368\/revisions"}],"predecessor-version":[{"id":132453,"href":"https:\/\/visionrockland.ca\/en\/wp-json\/wp\/v2\/posts\/103368\/revisions\/132453"}],"wp:featuredmedia":[{"embeddable":true,"href":"https:\/\/visionrockland.ca\/en\/wp-json\/wp\/v2\/media\/103370"}],"wp:attachment":[{"href":"https:\/\/visionrockland.ca\/en\/wp-json\/wp\/v2\/media?parent=103368"}],"wp:term":[{"taxonomy":"category","embeddable":true,"href":"https:\/\/visionrockland.ca\/en\/wp-json\/wp\/v2\/categories?post=103368"},{"taxonomy":"post_tag","embeddable":true,"href":"https:\/\/visionrockland.ca\/en\/wp-json\/wp\/v2\/tags?post=103368"}],"curies":[{"name":"wp","href":"https:\/\/api.w.org\/{rel}","templated":true}]}}