{"id":103365,"date":"2024-09-25T22:38:20","date_gmt":"2024-09-26T02:38:20","guid":{"rendered":"https:\/\/editionap.ca\/?p=103365"},"modified":"2026-02-17T20:52:06","modified_gmt":"2026-02-17T19:52:06","slug":"le-phare-de-leglise-est-retabli-grace-aux-chevaliers-de-colomb","status":"publish","type":"post","link":"https:\/\/visionrockland.ca\/en\/societe\/le-phare-de-leglise-est-retabli-grace-aux-chevaliers-de-colomb\/","title":{"rendered":"Le phare de l&#8217;\u00e9glise est r\u00e9tabli gr\u00e2ce aux Chevaliers de Colomb"},"content":{"rendered":"<p><b><span data-contrast=\"none\">Cela fait plusieurs ann\u00e9es que la croix de l&#8217;\u00e9glise paroissiale de la Tr\u00e8s-Sainte-Trinit\u00e9, \u00e0 Rockland, n&#8217;est plus \u00e9clair\u00e9e.\u00a0<\/span><\/b><span data-ccp-props=\"{&quot;201341983&quot;:2,&quot;335551550&quot;:6,&quot;335551620&quot;:6,&quot;335559731&quot;:240,&quot;335559739&quot;:0,&quot;335559740&quot;:240}\">\u00a0<\/span><\/p>\n<p><span data-contrast=\"none\">Mais gr\u00e2ce \u00e0 la g\u00e9n\u00e9rosit\u00e9 des Chevaliers de Colomb locaux, le phare de la communaut\u00e9 est \u00e0 nouveau r\u00e9tabli.\u00a0<\/span><span data-ccp-props=\"{&quot;201341983&quot;:2,&quot;335551550&quot;:6,&quot;335551620&quot;:6,&quot;335559731&quot;:240,&quot;335559739&quot;:0,&quot;335559740&quot;:240}\">\u00a0<\/span><\/p>\n<p><span data-contrast=\"none\">Nous sommes profond\u00e9ment reconnaissants aux Chevaliers de Colomb du Conseil 6198 de Rh\u00e9al Franche pour leur soutien inestimable \u00bb, a d\u00e9clar\u00e9 l&#8217;abb\u00e9 Albert Kazadi, le cur\u00e9 de la paroisse.\u00a0 \u00ab Leur don n&#8217;a pas seulement donn\u00e9 une nouvelle vie \u00e0 un symbole sacr\u00e9, il a \u00e9galement raviv\u00e9 l&#8217;esprit de notre communaut\u00e9. La croix illumin\u00e9e continuera \u00e0 briller comme un phare de la foi et de la solidarit\u00e9, rappelant \u00e0 tous l&#8217;importance de la lumi\u00e8re divine dans nos vies \u00bb.<\/span><span data-ccp-props=\"{&quot;201341983&quot;:2,&quot;335551550&quot;:6,&quot;335551620&quot;:6,&quot;335559731&quot;:240,&quot;335559739&quot;:0,&quot;335559740&quot;:240}\">\u00a0<\/span><\/p>\n<p><span data-contrast=\"none\">La croix n&#8217;a pas \u00e9t\u00e9 allum\u00e9e depuis sept ans et a \u00e9t\u00e9 rallum\u00e9e au d\u00e9but de l&#8217;ann\u00e9e.\u00a0\u00a0<\/span><span data-ccp-props=\"{&quot;201341983&quot;:2,&quot;335551550&quot;:6,&quot;335551620&quot;:6,&quot;335559731&quot;:240,&quot;335559739&quot;:0,&quot;335559740&quot;:240}\">\u00a0<\/span><\/p>\n<p><span data-contrast=\"none\">\u00ab Gr\u00e2ce \u00e0 leur contribution financi\u00e8re, la croix embl\u00e9matique a \u00e9t\u00e9 restaur\u00e9e pour s&#8217;illuminer chaque soir, offrant un signe visible d&#8217;espoir et de solidarit\u00e9 pour tous les paroissiens et les habitants de Rockland \u00bb, ont d\u00e9clar\u00e9 les repr\u00e9sentants de la paroisse dans un communiqu\u00e9. \u00ab Ce geste aimable souligne l&#8217;importance de l&#8217;engagement communautaire et du soutien mutuel au sein de notre paroisse.<\/span><span data-ccp-props=\"{&quot;201341983&quot;:2,&quot;335551550&quot;:6,&quot;335551620&quot;:6,&quot;335559731&quot;:240,&quot;335559739&quot;:0,&quot;335559740&quot;:240}\">\u00a0<\/span><\/p>\n<p><span data-contrast=\"none\">Pierre Nolet, Grand Chevalier adjoint du Conseil 6198 de Rh\u00e9al Franche, a d\u00e9clar\u00e9 que le co\u00fbt total du projet s&#8217;\u00e9levait \u00e0 environ 10 000 dollars pour la croix ($ 7 000)\u00a0 et son installation ( $ 3 000).\u00a0<\/span><span data-ccp-props=\"{&quot;201341983&quot;:2,&quot;335551550&quot;:6,&quot;335551620&quot;:6,&quot;335559731&quot;:240,&quot;335559739&quot;:0,&quot;335559740&quot;:240}\">\u00a0<\/span><\/p>\n<p><span data-contrast=\"none\">\u00ab De nombreuses personnes ont fait des commentaires sur les pages Web des m\u00e9dias sociaux de la paroisse, ainsi que sur la page Web des Chevaliers de Colomb 6198 \u00bb, a d\u00e9clar\u00e9 Nolet au sujet de la r\u00e9action positive \u00e0 la nouvelle croix. \u00ab \u00c0 une \u00e9poque, le slogan \u00e9tait que lorsque la croix fonctionnait, elle \u00e9tait un phare dans la communaut\u00e9.<\/span><span data-ccp-props=\"{&quot;201341983&quot;:2,&quot;335551550&quot;:6,&quot;335551620&quot;:6,&quot;335559731&quot;:240,&quot;335559739&quot;:0,&quot;335559740&quot;:240}\">\u00a0<\/span><\/p>\n<p><span data-contrast=\"none\">Les Chevaliers de Colomb sont une organisation fraternelle catholique qui se consacre au service de la communaut\u00e9, \u00e0 la charit\u00e9 et \u00e0 la promotion des valeurs chr\u00e9tiennes. Leurs actions, enracin\u00e9es dans la foi et la fraternit\u00e9, visent \u00e0 soutenir les paroisses, les familles et les personnes dans le besoin.<\/span><span data-ccp-props=\"{&quot;201341983&quot;:2,&quot;335551550&quot;:6,&quot;335551620&quot;:6,&quot;335559731&quot;:240,&quot;335559739&quot;:0,&quot;335559740&quot;:240}\">\u00a0<\/span><\/p>\n<p><span data-ccp-props=\"{&quot;201341983&quot;:2,&quot;335551550&quot;:6,&quot;335551620&quot;:6,&quot;335559731&quot;:240,&quot;335559739&quot;:0,&quot;335559740&quot;:240}\">\u00a0<\/span><\/p>\n","protected":false},"excerpt":{"rendered":"<p>Cela fait plusieurs ann\u00e9es que la croix de l&#8217;\u00e9glise paroissiale de la Tr\u00e8s-Sainte-Trinit\u00e9, \u00e0 Rockland, n&#8217;est plus \u00e9clair\u00e9e.\u00a0\u00a0 Mais gr\u00e2ce \u00e0 la g\u00e9n\u00e9rosit\u00e9 des Chevaliers de Colomb locaux, le phare de la communaut\u00e9 est \u00e0 nouveau r\u00e9tabli.\u00a0\u00a0 Nous sommes profond\u00e9ment reconnaissants aux Chevaliers de Colomb du Conseil 6198 de Rh\u00e9al Franche pour leur soutien inestimable [&hellip;]<\/p>\n","protected":false},"author":27,"featured_media":103366,"comment_status":"closed","ping_status":"open","sticky":false,"template":"","format":"standard","meta":{"_acf_changed":false,"footnotes":""},"categories":[40],"tags":[],"class_list":["post-103365","post","type-post","status-publish","format-standard","has-post-thumbnail","hentry","category-societe"],"acf":[],"featured_media_global":[],"yoast_head":"<!-- This site is optimized with the Yoast SEO plugin v27.4 - https:\/\/yoast.com\/product\/yoast-seo-wordpress\/ -->\n<title>Le phare de l&#039;\u00e9glise est r\u00e9tabli gr\u00e2ce aux Chevaliers de Colomb - Vision<\/title>\n<meta name=\"robots\" content=\"index, follow, max-snippet:-1, max-image-preview:large, max-video-preview:-1\" \/>\n<link rel=\"canonical\" href=\"https:\/\/visionrockland.ca\/en\/societe\/le-phare-de-leglise-est-retabli-grace-aux-chevaliers-de-colomb\/\" \/>\n<meta property=\"og:locale\" content=\"en_US\" \/>\n<meta property=\"og:type\" content=\"article\" \/>\n<meta property=\"og:title\" content=\"Le phare de l&#039;\u00e9glise est r\u00e9tabli gr\u00e2ce aux Chevaliers de Colomb - Vision\" \/>\n<meta property=\"og:description\" content=\"Cela fait plusieurs ann\u00e9es que la croix de l&#8217;\u00e9glise paroissiale de la Tr\u00e8s-Sainte-Trinit\u00e9, \u00e0 Rockland, n&#8217;est plus \u00e9clair\u00e9e.\u00a0\u00a0 Mais gr\u00e2ce \u00e0 la g\u00e9n\u00e9rosit\u00e9 des Chevaliers de Colomb locaux, le phare de la communaut\u00e9 est \u00e0 nouveau r\u00e9tabli.\u00a0\u00a0 Nous sommes profond\u00e9ment reconnaissants aux Chevaliers de Colomb du Conseil 6198 de Rh\u00e9al Franche pour leur soutien inestimable [&hellip;]\" \/>\n<meta property=\"og:url\" content=\"https:\/\/visionrockland.ca\/en\/societe\/le-phare-de-leglise-est-retabli-grace-aux-chevaliers-de-colomb\/\" \/>\n<meta property=\"og:site_name\" content=\"Vision\" \/>\n<meta property=\"article:published_time\" content=\"2024-09-26T02:38:20+00:00\" \/>\n<meta property=\"article:modified_time\" content=\"2026-02-17T19:52:06+00:00\" \/>\n<meta property=\"og:image\" content=\"https:\/\/cdn.editionap.ca\/wp-content\/uploads\/sites\/3\/2024\/09\/cross-church.jpg\" \/>\n\t<meta property=\"og:image:width\" content=\"1920\" \/>\n\t<meta property=\"og:image:height\" content=\"1440\" \/>\n\t<meta property=\"og:image:type\" content=\"image\/jpeg\" \/>\n<meta name=\"author\" content=\"Anil Jhalli\" \/>\n<meta name=\"twitter:card\" content=\"summary_large_image\" \/>\n<meta name=\"twitter:label1\" content=\"Written by\" \/>\n\t<meta name=\"twitter:data1\" content=\"Anil Jhalli\" \/>\n\t<meta name=\"twitter:label2\" content=\"Est. reading time\" \/>\n\t<meta name=\"twitter:data2\" content=\"2 minutes\" \/>\n<script type=\"application\/ld+json\" class=\"yoast-schema-graph\">{\"@context\":\"https:\\\/\\\/schema.org\",\"@graph\":[{\"@type\":\"Article\",\"@id\":\"https:\\\/\\\/visionrockland.ca\\\/en\\\/societe\\\/le-phare-de-leglise-est-retabli-grace-aux-chevaliers-de-colomb\\\/#article\",\"isPartOf\":{\"@id\":\"https:\\\/\\\/visionrockland.ca\\\/en\\\/societe\\\/le-phare-de-leglise-est-retabli-grace-aux-chevaliers-de-colomb\\\/\"},\"author\":{\"name\":\"Anil Jhalli\",\"@id\":\"https:\\\/\\\/visionrockland.ca\\\/en\\\/#\\\/schema\\\/person\\\/a09095fdf65e09e747105760fe90175c\"},\"headline\":\"Le phare de l&#8217;\u00e9glise est r\u00e9tabli gr\u00e2ce aux Chevaliers de Colomb\",\"datePublished\":\"2024-09-26T02:38:20+00:00\",\"dateModified\":\"2026-02-17T19:52:06+00:00\",\"mainEntityOfPage\":{\"@id\":\"https:\\\/\\\/visionrockland.ca\\\/en\\\/societe\\\/le-phare-de-leglise-est-retabli-grace-aux-chevaliers-de-colomb\\\/\"},\"wordCount\":367,\"image\":{\"@id\":\"https:\\\/\\\/visionrockland.ca\\\/en\\\/societe\\\/le-phare-de-leglise-est-retabli-grace-aux-chevaliers-de-colomb\\\/#primaryimage\"},\"thumbnailUrl\":\"https:\\\/\\\/cdn.editionap.ca\\\/wp-content\\\/uploads\\\/sites\\\/3\\\/2024\\\/09\\\/cross-church.jpg\",\"articleSection\":[\"Soci\u00e9t\u00e9\"],\"inLanguage\":\"en-US\"},{\"@type\":\"WebPage\",\"@id\":\"https:\\\/\\\/visionrockland.ca\\\/en\\\/societe\\\/le-phare-de-leglise-est-retabli-grace-aux-chevaliers-de-colomb\\\/\",\"url\":\"https:\\\/\\\/visionrockland.ca\\\/en\\\/societe\\\/le-phare-de-leglise-est-retabli-grace-aux-chevaliers-de-colomb\\\/\",\"name\":\"Le phare de l'\u00e9glise est r\u00e9tabli gr\u00e2ce aux Chevaliers de Colomb - Vision\",\"isPartOf\":{\"@id\":\"https:\\\/\\\/visionrockland.ca\\\/en\\\/#website\"},\"primaryImageOfPage\":{\"@id\":\"https:\\\/\\\/visionrockland.ca\\\/en\\\/societe\\\/le-phare-de-leglise-est-retabli-grace-aux-chevaliers-de-colomb\\\/#primaryimage\"},\"image\":{\"@id\":\"https:\\\/\\\/visionrockland.ca\\\/en\\\/societe\\\/le-phare-de-leglise-est-retabli-grace-aux-chevaliers-de-colomb\\\/#primaryimage\"},\"thumbnailUrl\":\"https:\\\/\\\/cdn.editionap.ca\\\/wp-content\\\/uploads\\\/sites\\\/3\\\/2024\\\/09\\\/cross-church.jpg\",\"datePublished\":\"2024-09-26T02:38:20+00:00\",\"dateModified\":\"2026-02-17T19:52:06+00:00\",\"author\":{\"@id\":\"https:\\\/\\\/visionrockland.ca\\\/en\\\/#\\\/schema\\\/person\\\/a09095fdf65e09e747105760fe90175c\"},\"breadcrumb\":{\"@id\":\"https:\\\/\\\/visionrockland.ca\\\/en\\\/societe\\\/le-phare-de-leglise-est-retabli-grace-aux-chevaliers-de-colomb\\\/#breadcrumb\"},\"inLanguage\":\"en-US\",\"potentialAction\":[{\"@type\":\"ReadAction\",\"target\":[\"https:\\\/\\\/visionrockland.ca\\\/en\\\/societe\\\/le-phare-de-leglise-est-retabli-grace-aux-chevaliers-de-colomb\\\/\"]}]},{\"@type\":\"ImageObject\",\"inLanguage\":\"en-US\",\"@id\":\"https:\\\/\\\/visionrockland.ca\\\/en\\\/societe\\\/le-phare-de-leglise-est-retabli-grace-aux-chevaliers-de-colomb\\\/#primaryimage\",\"url\":\"https:\\\/\\\/cdn.editionap.ca\\\/wp-content\\\/uploads\\\/sites\\\/3\\\/2024\\\/09\\\/cross-church.jpg\",\"contentUrl\":\"https:\\\/\\\/cdn.editionap.ca\\\/wp-content\\\/uploads\\\/sites\\\/3\\\/2024\\\/09\\\/cross-church.jpg\",\"width\":1920,\"height\":1440,\"caption\":\"La lumi\u00e8re de la foi est \u00e0 nouveau r\u00e9tablie \u00e0 l'\u00e9glise paroissiale Tr\u00e8s-Sainte-Trinit\u00e9 de Rockland, puisque sa croix est \u00e0 nouveau allum\u00e9e apr\u00e8s avoir \u00e9t\u00e9 plong\u00e9e dans l'obscurit\u00e9 pendant des ann\u00e9es. Cela a \u00e9t\u00e9 rendu possible gr\u00e2ce aux contributions de l'organisation locale des Chevaliers de Colomb.\"},{\"@type\":\"BreadcrumbList\",\"@id\":\"https:\\\/\\\/visionrockland.ca\\\/en\\\/societe\\\/le-phare-de-leglise-est-retabli-grace-aux-chevaliers-de-colomb\\\/#breadcrumb\",\"itemListElement\":[{\"@type\":\"ListItem\",\"position\":1,\"name\":\"Accueil\",\"item\":\"https:\\\/\\\/visionrockland.ca\\\/en\\\/\"},{\"@type\":\"ListItem\",\"position\":2,\"name\":\"Le phare de l&rsquo;\u00e9glise est r\u00e9tabli gr\u00e2ce aux Chevaliers de Colomb\"}]},{\"@type\":\"WebSite\",\"@id\":\"https:\\\/\\\/visionrockland.ca\\\/en\\\/#website\",\"url\":\"https:\\\/\\\/visionrockland.ca\\\/en\\\/\",\"name\":\"Vision\",\"description\":\"\",\"potentialAction\":[{\"@type\":\"SearchAction\",\"target\":{\"@type\":\"EntryPoint\",\"urlTemplate\":\"https:\\\/\\\/visionrockland.ca\\\/en\\\/?s={search_term_string}\"},\"query-input\":{\"@type\":\"PropertyValueSpecification\",\"valueRequired\":true,\"valueName\":\"search_term_string\"}}],\"inLanguage\":\"en-US\"},{\"@type\":\"Person\",\"@id\":\"https:\\\/\\\/visionrockland.ca\\\/en\\\/#\\\/schema\\\/person\\\/a09095fdf65e09e747105760fe90175c\",\"name\":\"Anil Jhalli\",\"image\":{\"@type\":\"ImageObject\",\"inLanguage\":\"en-US\",\"@id\":\"https:\\\/\\\/secure.gravatar.com\\\/avatar\\\/63becc64fff8877a05400459aa003b94a1fdc8d3954acacc688ee6a2bc39fef8?s=96&d=mm&r=g\",\"url\":\"https:\\\/\\\/secure.gravatar.com\\\/avatar\\\/63becc64fff8877a05400459aa003b94a1fdc8d3954acacc688ee6a2bc39fef8?s=96&d=mm&r=g\",\"contentUrl\":\"https:\\\/\\\/secure.gravatar.com\\\/avatar\\\/63becc64fff8877a05400459aa003b94a1fdc8d3954acacc688ee6a2bc39fef8?s=96&d=mm&r=g\",\"caption\":\"Anil Jhalli\"}}]}<\/script>\n<!-- \/ Yoast SEO plugin. -->","yoast_head_json":{"title":"Le phare de l'\u00e9glise est r\u00e9tabli gr\u00e2ce aux Chevaliers de Colomb - Vision","robots":{"index":"index","follow":"follow","max-snippet":"max-snippet:-1","max-image-preview":"max-image-preview:large","max-video-preview":"max-video-preview:-1"},"canonical":"https:\/\/visionrockland.ca\/en\/societe\/le-phare-de-leglise-est-retabli-grace-aux-chevaliers-de-colomb\/","og_locale":"en_US","og_type":"article","og_title":"Le phare de l'\u00e9glise est r\u00e9tabli gr\u00e2ce aux Chevaliers de Colomb - Vision","og_description":"Cela fait plusieurs ann\u00e9es que la croix de l&#8217;\u00e9glise paroissiale de la Tr\u00e8s-Sainte-Trinit\u00e9, \u00e0 Rockland, n&#8217;est plus \u00e9clair\u00e9e.\u00a0\u00a0 Mais gr\u00e2ce \u00e0 la g\u00e9n\u00e9rosit\u00e9 des Chevaliers de Colomb locaux, le phare de la communaut\u00e9 est \u00e0 nouveau r\u00e9tabli.\u00a0\u00a0 Nous sommes profond\u00e9ment reconnaissants aux Chevaliers de Colomb du Conseil 6198 de Rh\u00e9al Franche pour leur soutien inestimable [&hellip;]","og_url":"https:\/\/visionrockland.ca\/en\/societe\/le-phare-de-leglise-est-retabli-grace-aux-chevaliers-de-colomb\/","og_site_name":"Vision","article_published_time":"2024-09-26T02:38:20+00:00","article_modified_time":"2026-02-17T19:52:06+00:00","og_image":[{"width":1920,"height":1440,"url":"https:\/\/cdn.editionap.ca\/wp-content\/uploads\/sites\/3\/2024\/09\/cross-church.jpg","type":"image\/jpeg"}],"author":"Anil Jhalli","twitter_card":"summary_large_image","twitter_misc":{"Written by":"Anil Jhalli","Est. reading time":"2 minutes"},"schema":{"@context":"https:\/\/schema.org","@graph":[{"@type":"Article","@id":"https:\/\/visionrockland.ca\/en\/societe\/le-phare-de-leglise-est-retabli-grace-aux-chevaliers-de-colomb\/#article","isPartOf":{"@id":"https:\/\/visionrockland.ca\/en\/societe\/le-phare-de-leglise-est-retabli-grace-aux-chevaliers-de-colomb\/"},"author":{"name":"Anil Jhalli","@id":"https:\/\/visionrockland.ca\/en\/#\/schema\/person\/a09095fdf65e09e747105760fe90175c"},"headline":"Le phare de l&#8217;\u00e9glise est r\u00e9tabli gr\u00e2ce aux Chevaliers de Colomb","datePublished":"2024-09-26T02:38:20+00:00","dateModified":"2026-02-17T19:52:06+00:00","mainEntityOfPage":{"@id":"https:\/\/visionrockland.ca\/en\/societe\/le-phare-de-leglise-est-retabli-grace-aux-chevaliers-de-colomb\/"},"wordCount":367,"image":{"@id":"https:\/\/visionrockland.ca\/en\/societe\/le-phare-de-leglise-est-retabli-grace-aux-chevaliers-de-colomb\/#primaryimage"},"thumbnailUrl":"https:\/\/cdn.editionap.ca\/wp-content\/uploads\/sites\/3\/2024\/09\/cross-church.jpg","articleSection":["Soci\u00e9t\u00e9"],"inLanguage":"en-US"},{"@type":"WebPage","@id":"https:\/\/visionrockland.ca\/en\/societe\/le-phare-de-leglise-est-retabli-grace-aux-chevaliers-de-colomb\/","url":"https:\/\/visionrockland.ca\/en\/societe\/le-phare-de-leglise-est-retabli-grace-aux-chevaliers-de-colomb\/","name":"Le phare de l'\u00e9glise est r\u00e9tabli gr\u00e2ce aux Chevaliers de Colomb - Vision","isPartOf":{"@id":"https:\/\/visionrockland.ca\/en\/#website"},"primaryImageOfPage":{"@id":"https:\/\/visionrockland.ca\/en\/societe\/le-phare-de-leglise-est-retabli-grace-aux-chevaliers-de-colomb\/#primaryimage"},"image":{"@id":"https:\/\/visionrockland.ca\/en\/societe\/le-phare-de-leglise-est-retabli-grace-aux-chevaliers-de-colomb\/#primaryimage"},"thumbnailUrl":"https:\/\/cdn.editionap.ca\/wp-content\/uploads\/sites\/3\/2024\/09\/cross-church.jpg","datePublished":"2024-09-26T02:38:20+00:00","dateModified":"2026-02-17T19:52:06+00:00","author":{"@id":"https:\/\/visionrockland.ca\/en\/#\/schema\/person\/a09095fdf65e09e747105760fe90175c"},"breadcrumb":{"@id":"https:\/\/visionrockland.ca\/en\/societe\/le-phare-de-leglise-est-retabli-grace-aux-chevaliers-de-colomb\/#breadcrumb"},"inLanguage":"en-US","potentialAction":[{"@type":"ReadAction","target":["https:\/\/visionrockland.ca\/en\/societe\/le-phare-de-leglise-est-retabli-grace-aux-chevaliers-de-colomb\/"]}]},{"@type":"ImageObject","inLanguage":"en-US","@id":"https:\/\/visionrockland.ca\/en\/societe\/le-phare-de-leglise-est-retabli-grace-aux-chevaliers-de-colomb\/#primaryimage","url":"https:\/\/cdn.editionap.ca\/wp-content\/uploads\/sites\/3\/2024\/09\/cross-church.jpg","contentUrl":"https:\/\/cdn.editionap.ca\/wp-content\/uploads\/sites\/3\/2024\/09\/cross-church.jpg","width":1920,"height":1440,"caption":"La lumi\u00e8re de la foi est \u00e0 nouveau r\u00e9tablie \u00e0 l'\u00e9glise paroissiale Tr\u00e8s-Sainte-Trinit\u00e9 de Rockland, puisque sa croix est \u00e0 nouveau allum\u00e9e apr\u00e8s avoir \u00e9t\u00e9 plong\u00e9e dans l'obscurit\u00e9 pendant des ann\u00e9es. Cela a \u00e9t\u00e9 rendu possible gr\u00e2ce aux contributions de l'organisation locale des Chevaliers de Colomb."},{"@type":"BreadcrumbList","@id":"https:\/\/visionrockland.ca\/en\/societe\/le-phare-de-leglise-est-retabli-grace-aux-chevaliers-de-colomb\/#breadcrumb","itemListElement":[{"@type":"ListItem","position":1,"name":"Accueil","item":"https:\/\/visionrockland.ca\/en\/"},{"@type":"ListItem","position":2,"name":"Le phare de l&rsquo;\u00e9glise est r\u00e9tabli gr\u00e2ce aux Chevaliers de Colomb"}]},{"@type":"WebSite","@id":"https:\/\/visionrockland.ca\/en\/#website","url":"https:\/\/visionrockland.ca\/en\/","name":"Vision","description":"","potentialAction":[{"@type":"SearchAction","target":{"@type":"EntryPoint","urlTemplate":"https:\/\/visionrockland.ca\/en\/?s={search_term_string}"},"query-input":{"@type":"PropertyValueSpecification","valueRequired":true,"valueName":"search_term_string"}}],"inLanguage":"en-US"},{"@type":"Person","@id":"https:\/\/visionrockland.ca\/en\/#\/schema\/person\/a09095fdf65e09e747105760fe90175c","name":"Anil Jhalli","image":{"@type":"ImageObject","inLanguage":"en-US","@id":"https:\/\/secure.gravatar.com\/avatar\/63becc64fff8877a05400459aa003b94a1fdc8d3954acacc688ee6a2bc39fef8?s=96&d=mm&r=g","url":"https:\/\/secure.gravatar.com\/avatar\/63becc64fff8877a05400459aa003b94a1fdc8d3954acacc688ee6a2bc39fef8?s=96&d=mm&r=g","contentUrl":"https:\/\/secure.gravatar.com\/avatar\/63becc64fff8877a05400459aa003b94a1fdc8d3954acacc688ee6a2bc39fef8?s=96&d=mm&r=g","caption":"Anil Jhalli"}}]}},"_links":{"self":[{"href":"https:\/\/visionrockland.ca\/en\/wp-json\/wp\/v2\/posts\/103365","targetHints":{"allow":["GET"]}}],"collection":[{"href":"https:\/\/visionrockland.ca\/en\/wp-json\/wp\/v2\/posts"}],"about":[{"href":"https:\/\/visionrockland.ca\/en\/wp-json\/wp\/v2\/types\/post"}],"author":[{"embeddable":true,"href":"https:\/\/visionrockland.ca\/en\/wp-json\/wp\/v2\/users\/27"}],"replies":[{"embeddable":true,"href":"https:\/\/visionrockland.ca\/en\/wp-json\/wp\/v2\/comments?post=103365"}],"version-history":[{"count":1,"href":"https:\/\/visionrockland.ca\/en\/wp-json\/wp\/v2\/posts\/103365\/revisions"}],"predecessor-version":[{"id":132454,"href":"https:\/\/visionrockland.ca\/en\/wp-json\/wp\/v2\/posts\/103365\/revisions\/132454"}],"wp:featuredmedia":[{"embeddable":true,"href":"https:\/\/visionrockland.ca\/en\/wp-json\/wp\/v2\/media\/103366"}],"wp:attachment":[{"href":"https:\/\/visionrockland.ca\/en\/wp-json\/wp\/v2\/media?parent=103365"}],"wp:term":[{"taxonomy":"category","embeddable":true,"href":"https:\/\/visionrockland.ca\/en\/wp-json\/wp\/v2\/categories?post=103365"},{"taxonomy":"post_tag","embeddable":true,"href":"https:\/\/visionrockland.ca\/en\/wp-json\/wp\/v2\/tags?post=103365"}],"curies":[{"name":"wp","href":"https:\/\/api.w.org\/{rel}","templated":true}]}}