{"id":103184,"date":"2024-09-12T12:20:56","date_gmt":"2024-09-12T16:20:56","guid":{"rendered":"https:\/\/editionap.ca\/?p=103184"},"modified":"2026-02-17T20:52:06","modified_gmt":"2026-02-17T19:52:06","slug":"lancien-professeur-de-lescale-lance-son-nouvel-album-apres-11-ans-dabsence","status":"publish","type":"post","link":"https:\/\/visionrockland.ca\/en\/culture\/lancien-professeur-de-lescale-lance-son-nouvel-album-apres-11-ans-dabsence\/","title":{"rendered":"L&#8217;ancien professeur de l&#8217;Escale lance son nouvel album apr\u00e8s 11 ans d&#8217;absence"},"content":{"rendered":"<p><b><span data-contrast=\"none\">Brian St. Pierre esp\u00e8re que son dernier album trouvera un \u00e9cho chez les gens qui l&#8217;\u00e9couteront.\u00a0<\/span><\/b><span data-ccp-props=\"{&quot;201341983&quot;:0,&quot;335551550&quot;:6,&quot;335551620&quot;:6,&quot;335559739&quot;:0,&quot;335559740&quot;:288}\">\u00a0<\/span><\/p>\n<p><span data-contrast=\"none\">\u00ab Nous avons tous des probl\u00e8mes de sant\u00e9 mentale, la vie peut \u00eatre difficile et nous r\u00e9server des surprises auxquelles nous ne sommes pas pr\u00e9par\u00e9s \u00bb, a d\u00e9clar\u00e9 M. St-Pierre, ancien professeur de musique \u00e0 l&#8217;Escale. \u00ab Je veux que les gens sachent que, je vous le promets, il y a une lumi\u00e8re \u00e0 l&#8217;int\u00e9rieur de vous qui brillera et vous montrera que vous \u00eates beaux.<\/span><span data-ccp-props=\"{&quot;201341983&quot;:2,&quot;335551550&quot;:6,&quot;335551620&quot;:6,&quot;335559731&quot;:240,&quot;335559739&quot;:0,&quot;335559740&quot;:240}\">\u00a0<\/span><\/p>\n<p><span data-contrast=\"none\">Cela fait 11 ans qu&#8217;il n&#8217;a pas sorti d&#8217;album, mais St-Pierre, qui est originaire de Casselman, est \u00e0 nouveau pr\u00eat \u00e0 partager son amour, sa passion et son enthousiasme avec les gens.\u00a0<\/span><span data-ccp-props=\"{&quot;201341983&quot;:2,&quot;335551550&quot;:6,&quot;335551620&quot;:6,&quot;335559731&quot;:240,&quot;335559739&quot;:0,&quot;335559740&quot;:240}\">\u00a0<\/span><\/p>\n<p><span data-contrast=\"none\">Malgr\u00e9 Tout \u00bb sortira sur son site officiel et sur la plupart des plateformes de streaming le 13 septembre.\u00a0<\/span><span data-ccp-props=\"{&quot;201341983&quot;:2,&quot;335551550&quot;:6,&quot;335551620&quot;:6,&quot;335559731&quot;:240,&quot;335559739&quot;:0,&quot;335559740&quot;:240}\">\u00a0<\/span><\/p>\n<p><span data-contrast=\"none\">L&#8217;album comprend 10 chansons originales de St-Pierre, allant de la pop au folk en passant par le rock.\u00a0<\/span><span data-ccp-props=\"{&quot;201341983&quot;:2,&quot;335551550&quot;:6,&quot;335551620&quot;:6,&quot;335559731&quot;:240,&quot;335559739&quot;:0,&quot;335559740&quot;:240}\">\u00a0<\/span><\/p>\n<p><span data-contrast=\"none\">Cet album contient des chansons joyeuses et des \u00e9motions, mais je veux r\u00e9pandre la positivit\u00e9 et l&#8217;amour, et j&#8217;esp\u00e8re que les gens l&#8217;appr\u00e9cieront \u00bb, a d\u00e9clar\u00e9 M. St-Pierre, qui vient d&#8217;une famille de musiciens.\u00a0<\/span><span data-ccp-props=\"{&quot;201341983&quot;:2,&quot;335551550&quot;:6,&quot;335551620&quot;:6,&quot;335559731&quot;:240,&quot;335559739&quot;:0,&quot;335559740&quot;:240}\">\u00a0<\/span><\/p>\n<p><span data-contrast=\"none\">Pierre, qui est le compositeur de \u00ab Mon Beau Drapeau \u00bb, en l&#8217;honneur du drapeau franco-ontarien, s&#8217;est dit reconnaissant de l&#8217;\u00e9quipe qu&#8217;il a form\u00e9e autour de lui et du soutien financier du Conseil des arts de l&#8217;Ontario et du gouvernement de l&#8217;Ontario.\u00a0<\/span><span data-ccp-props=\"{&quot;201341983&quot;:2,&quot;335551550&quot;:6,&quot;335551620&quot;:6,&quot;335559731&quot;:240,&quot;335559739&quot;:0,&quot;335559740&quot;:240}\">\u00a0<\/span><\/p>\n<p><span data-contrast=\"none\">Il est \u00e9galement reconnaissant \u00e0 l&#8217;Association des Professionnels de la Chanson et de la Musique (APCM) pour son aide \u00e0 la distribution.\u00a0<\/span><span data-ccp-props=\"{&quot;201341983&quot;:2,&quot;335551550&quot;:6,&quot;335551620&quot;:6,&quot;335559731&quot;:240,&quot;335559739&quot;:0,&quot;335559740&quot;:240}\">\u00a0<\/span><\/p>\n<p><span data-contrast=\"none\">\u00ab Cet album est le fruit d&#8217;un cheminement personnel auquel je songeais depuis un certain temps \u00bb, a d\u00e9clar\u00e9 M. St-Pierre. \u00ab J&#8217;ai pris ma retraite de l&#8217;enseignement, ce qui m&#8217;a donn\u00e9 plus de temps pour me concentrer sur l&#8217;\u00e9criture musicale. Depuis un an, je travaille sur cet album \u00bb.<\/span><span data-ccp-props=\"{&quot;201341983&quot;:2,&quot;335551550&quot;:6,&quot;335551620&quot;:6,&quot;335559731&quot;:240,&quot;335559739&quot;:0,&quot;335559740&quot;:240}\">\u00a0<\/span><\/p>\n<p><span data-contrast=\"none\">Pierre organise une soir\u00e9e de lancement pour \u00ab Malgr\u00e9 Tout \u00bb le 11 septembre \u00e0 la brasserie Brauwerk Hoffman \u00e0 Rockland, o\u00f9 il interpr\u00e9tera plusieurs chansons de son album pour les personnes pr\u00e9sentes.\u00a0<\/span><span data-ccp-props=\"{&quot;201341983&quot;:2,&quot;335551550&quot;:6,&quot;335551620&quot;:6,&quot;335559731&quot;:240,&quot;335559739&quot;:0,&quot;335559740&quot;:240}\">\u00a0<\/span><\/p>\n<p><span data-contrast=\"none\">L&#8217;\u00e9v\u00e9nement est complet, et il est impatient de partager ses chansons originales avec le public.\u00a0<\/span><span data-ccp-props=\"{&quot;201341983&quot;:2,&quot;335551550&quot;:6,&quot;335551620&quot;:6,&quot;335559731&quot;:240,&quot;335559739&quot;:0,&quot;335559740&quot;:240}\">\u00a0<\/span><\/p>\n<p><span data-contrast=\"none\">\u00ab M\u00eame apr\u00e8s toutes ces ann\u00e9es, je suis toujours nerveux au moment de me produire \u00bb, a d\u00e9clar\u00e9 M. St-Pierre. \u00ab Mais une fois que vous \u00eates sur sc\u00e8ne et que vous voyez comment les gens r\u00e9agissent, c&#8217;est assez incroyable.\u00a0<\/span><span data-ccp-props=\"{&quot;201341983&quot;:2,&quot;335551550&quot;:6,&quot;335551620&quot;:6,&quot;335559731&quot;:240,&quot;335559739&quot;:0,&quot;335559740&quot;:240}\">\u00a0<\/span><\/p>\n<p><span data-contrast=\"none\">R\u00e9cipiendaire de nombreux prix Trille Or au cours de sa carri\u00e8re, dont le Prix hommage en 2023, M. St-Pierre est \u00e9galement membre de l&#8217;Ordre de la Francophonie.<\/span><span data-ccp-props=\"{&quot;201341983&quot;:2,&quot;335551550&quot;:6,&quot;335551620&quot;:6,&quot;335559731&quot;:240,&quot;335559739&quot;:0,&quot;335559740&quot;:240}\">\u00a0<\/span><\/p>\n<p><span data-contrast=\"none\">Pour plus d&#8217;informations, consultez le site www.brianst-pierre.com.<\/span><span data-ccp-props=\"{&quot;201341983&quot;:2,&quot;335551550&quot;:6,&quot;335551620&quot;:6,&quot;335559731&quot;:240,&quot;335559739&quot;:0,&quot;335559740&quot;:240}\">\u00a0<\/span><\/p>\n","protected":false},"excerpt":{"rendered":"<p>Brian St. Pierre esp\u00e8re que son dernier album trouvera un \u00e9cho chez les gens qui l&#8217;\u00e9couteront.\u00a0\u00a0 \u00ab Nous avons tous des probl\u00e8mes de sant\u00e9 mentale, la vie peut \u00eatre difficile et nous r\u00e9server des surprises auxquelles nous ne sommes pas pr\u00e9par\u00e9s \u00bb, a d\u00e9clar\u00e9 M. St-Pierre, ancien professeur de musique \u00e0 l&#8217;Escale. \u00ab Je veux [&hellip;]<\/p>\n","protected":false},"author":27,"featured_media":103185,"comment_status":"closed","ping_status":"open","sticky":false,"template":"","format":"standard","meta":{"_acf_changed":false,"footnotes":""},"categories":[42],"tags":[],"class_list":["post-103184","post","type-post","status-publish","format-standard","has-post-thumbnail","hentry","category-culture"],"acf":[],"featured_media_global":[],"yoast_head":"<!-- This site is optimized with the Yoast SEO plugin v27.5 - https:\/\/yoast.com\/product\/yoast-seo-wordpress\/ -->\n<title>L&#039;ancien professeur de l&#039;Escale lance son nouvel album apr\u00e8s 11 ans d&#039;absence - Vision<\/title>\n<meta name=\"robots\" content=\"index, follow, max-snippet:-1, max-image-preview:large, max-video-preview:-1\" \/>\n<link rel=\"canonical\" href=\"https:\/\/visionrockland.ca\/en\/culture\/lancien-professeur-de-lescale-lance-son-nouvel-album-apres-11-ans-dabsence\/\" \/>\n<meta property=\"og:locale\" content=\"en_US\" \/>\n<meta property=\"og:type\" content=\"article\" \/>\n<meta property=\"og:title\" content=\"L&#039;ancien professeur de l&#039;Escale lance son nouvel album apr\u00e8s 11 ans d&#039;absence - Vision\" \/>\n<meta property=\"og:description\" content=\"Brian St. Pierre esp\u00e8re que son dernier album trouvera un \u00e9cho chez les gens qui l&#8217;\u00e9couteront.\u00a0\u00a0 \u00ab Nous avons tous des probl\u00e8mes de sant\u00e9 mentale, la vie peut \u00eatre difficile et nous r\u00e9server des surprises auxquelles nous ne sommes pas pr\u00e9par\u00e9s \u00bb, a d\u00e9clar\u00e9 M. St-Pierre, ancien professeur de musique \u00e0 l&#8217;Escale. \u00ab Je veux [&hellip;]\" \/>\n<meta property=\"og:url\" content=\"https:\/\/visionrockland.ca\/en\/culture\/lancien-professeur-de-lescale-lance-son-nouvel-album-apres-11-ans-dabsence\/\" \/>\n<meta property=\"og:site_name\" content=\"Vision\" \/>\n<meta property=\"article:published_time\" content=\"2024-09-12T16:20:56+00:00\" \/>\n<meta property=\"article:modified_time\" content=\"2026-02-17T19:52:06+00:00\" \/>\n<meta property=\"og:image\" content=\"https:\/\/cdn.editionap.ca\/wp-content\/uploads\/sites\/3\/2024\/09\/Brian-St.-Pierre.jpg\" \/>\n\t<meta property=\"og:image:width\" content=\"1440\" \/>\n\t<meta property=\"og:image:height\" content=\"1440\" \/>\n\t<meta property=\"og:image:type\" content=\"image\/jpeg\" \/>\n<meta name=\"author\" content=\"Anil Jhalli\" \/>\n<meta name=\"twitter:card\" content=\"summary_large_image\" \/>\n<meta name=\"twitter:label1\" content=\"Written by\" \/>\n\t<meta name=\"twitter:data1\" content=\"Anil Jhalli\" \/>\n\t<meta name=\"twitter:label2\" content=\"Est. reading time\" \/>\n\t<meta name=\"twitter:data2\" content=\"3 minutes\" \/>\n<script type=\"application\/ld+json\" class=\"yoast-schema-graph\">{\"@context\":\"https:\\\/\\\/schema.org\",\"@graph\":[{\"@type\":\"Article\",\"@id\":\"https:\\\/\\\/visionrockland.ca\\\/en\\\/culture\\\/lancien-professeur-de-lescale-lance-son-nouvel-album-apres-11-ans-dabsence\\\/#article\",\"isPartOf\":{\"@id\":\"https:\\\/\\\/visionrockland.ca\\\/en\\\/culture\\\/lancien-professeur-de-lescale-lance-son-nouvel-album-apres-11-ans-dabsence\\\/\"},\"author\":{\"name\":\"Anil Jhalli\",\"@id\":\"https:\\\/\\\/visionrockland.ca\\\/en\\\/#\\\/schema\\\/person\\\/a09095fdf65e09e747105760fe90175c\"},\"headline\":\"L&#8217;ancien professeur de l&#8217;Escale lance son nouvel album apr\u00e8s 11 ans d&#8217;absence\",\"datePublished\":\"2024-09-12T16:20:56+00:00\",\"dateModified\":\"2026-02-17T19:52:06+00:00\",\"mainEntityOfPage\":{\"@id\":\"https:\\\/\\\/visionrockland.ca\\\/en\\\/culture\\\/lancien-professeur-de-lescale-lance-son-nouvel-album-apres-11-ans-dabsence\\\/\"},\"wordCount\":463,\"image\":{\"@id\":\"https:\\\/\\\/visionrockland.ca\\\/en\\\/culture\\\/lancien-professeur-de-lescale-lance-son-nouvel-album-apres-11-ans-dabsence\\\/#primaryimage\"},\"thumbnailUrl\":\"https:\\\/\\\/cdn.editionap.ca\\\/wp-content\\\/uploads\\\/sites\\\/3\\\/2024\\\/09\\\/Brian-St.-Pierre.jpg\",\"articleSection\":[\"Culture\"],\"inLanguage\":\"en-US\"},{\"@type\":\"WebPage\",\"@id\":\"https:\\\/\\\/visionrockland.ca\\\/en\\\/culture\\\/lancien-professeur-de-lescale-lance-son-nouvel-album-apres-11-ans-dabsence\\\/\",\"url\":\"https:\\\/\\\/visionrockland.ca\\\/en\\\/culture\\\/lancien-professeur-de-lescale-lance-son-nouvel-album-apres-11-ans-dabsence\\\/\",\"name\":\"L'ancien professeur de l'Escale lance son nouvel album apr\u00e8s 11 ans d'absence - Vision\",\"isPartOf\":{\"@id\":\"https:\\\/\\\/visionrockland.ca\\\/en\\\/#website\"},\"primaryImageOfPage\":{\"@id\":\"https:\\\/\\\/visionrockland.ca\\\/en\\\/culture\\\/lancien-professeur-de-lescale-lance-son-nouvel-album-apres-11-ans-dabsence\\\/#primaryimage\"},\"image\":{\"@id\":\"https:\\\/\\\/visionrockland.ca\\\/en\\\/culture\\\/lancien-professeur-de-lescale-lance-son-nouvel-album-apres-11-ans-dabsence\\\/#primaryimage\"},\"thumbnailUrl\":\"https:\\\/\\\/cdn.editionap.ca\\\/wp-content\\\/uploads\\\/sites\\\/3\\\/2024\\\/09\\\/Brian-St.-Pierre.jpg\",\"datePublished\":\"2024-09-12T16:20:56+00:00\",\"dateModified\":\"2026-02-17T19:52:06+00:00\",\"author\":{\"@id\":\"https:\\\/\\\/visionrockland.ca\\\/en\\\/#\\\/schema\\\/person\\\/a09095fdf65e09e747105760fe90175c\"},\"breadcrumb\":{\"@id\":\"https:\\\/\\\/visionrockland.ca\\\/en\\\/culture\\\/lancien-professeur-de-lescale-lance-son-nouvel-album-apres-11-ans-dabsence\\\/#breadcrumb\"},\"inLanguage\":\"en-US\",\"potentialAction\":[{\"@type\":\"ReadAction\",\"target\":[\"https:\\\/\\\/visionrockland.ca\\\/en\\\/culture\\\/lancien-professeur-de-lescale-lance-son-nouvel-album-apres-11-ans-dabsence\\\/\"]}]},{\"@type\":\"ImageObject\",\"inLanguage\":\"en-US\",\"@id\":\"https:\\\/\\\/visionrockland.ca\\\/en\\\/culture\\\/lancien-professeur-de-lescale-lance-son-nouvel-album-apres-11-ans-dabsence\\\/#primaryimage\",\"url\":\"https:\\\/\\\/cdn.editionap.ca\\\/wp-content\\\/uploads\\\/sites\\\/3\\\/2024\\\/09\\\/Brian-St.-Pierre.jpg\",\"contentUrl\":\"https:\\\/\\\/cdn.editionap.ca\\\/wp-content\\\/uploads\\\/sites\\\/3\\\/2024\\\/09\\\/Brian-St.-Pierre.jpg\",\"width\":1440,\"height\":1440,\"caption\":\"Brian St. Pierre is hosted a launch party in honour of his fourth solo album, Malgr\u00e9 tout, on Sept. 11 at the Brauwerk Hoffman Brewery. The album will be available on his official website and several streaming platforms beginning Sept. 13.\"},{\"@type\":\"BreadcrumbList\",\"@id\":\"https:\\\/\\\/visionrockland.ca\\\/en\\\/culture\\\/lancien-professeur-de-lescale-lance-son-nouvel-album-apres-11-ans-dabsence\\\/#breadcrumb\",\"itemListElement\":[{\"@type\":\"ListItem\",\"position\":1,\"name\":\"Accueil\",\"item\":\"https:\\\/\\\/visionrockland.ca\\\/en\\\/\"},{\"@type\":\"ListItem\",\"position\":2,\"name\":\"L&rsquo;ancien professeur de l&rsquo;Escale lance son nouvel album apr\u00e8s 11 ans d&rsquo;absence\"}]},{\"@type\":\"WebSite\",\"@id\":\"https:\\\/\\\/visionrockland.ca\\\/en\\\/#website\",\"url\":\"https:\\\/\\\/visionrockland.ca\\\/en\\\/\",\"name\":\"Vision\",\"description\":\"\",\"potentialAction\":[{\"@type\":\"SearchAction\",\"target\":{\"@type\":\"EntryPoint\",\"urlTemplate\":\"https:\\\/\\\/visionrockland.ca\\\/en\\\/?s={search_term_string}\"},\"query-input\":{\"@type\":\"PropertyValueSpecification\",\"valueRequired\":true,\"valueName\":\"search_term_string\"}}],\"inLanguage\":\"en-US\"},{\"@type\":\"Person\",\"@id\":\"https:\\\/\\\/visionrockland.ca\\\/en\\\/#\\\/schema\\\/person\\\/a09095fdf65e09e747105760fe90175c\",\"name\":\"Anil Jhalli\",\"image\":{\"@type\":\"ImageObject\",\"inLanguage\":\"en-US\",\"@id\":\"https:\\\/\\\/secure.gravatar.com\\\/avatar\\\/63becc64fff8877a05400459aa003b94a1fdc8d3954acacc688ee6a2bc39fef8?s=96&d=mm&r=g\",\"url\":\"https:\\\/\\\/secure.gravatar.com\\\/avatar\\\/63becc64fff8877a05400459aa003b94a1fdc8d3954acacc688ee6a2bc39fef8?s=96&d=mm&r=g\",\"contentUrl\":\"https:\\\/\\\/secure.gravatar.com\\\/avatar\\\/63becc64fff8877a05400459aa003b94a1fdc8d3954acacc688ee6a2bc39fef8?s=96&d=mm&r=g\",\"caption\":\"Anil Jhalli\"}}]}<\/script>\n<!-- \/ Yoast SEO plugin. -->","yoast_head_json":{"title":"L'ancien professeur de l'Escale lance son nouvel album apr\u00e8s 11 ans d'absence - Vision","robots":{"index":"index","follow":"follow","max-snippet":"max-snippet:-1","max-image-preview":"max-image-preview:large","max-video-preview":"max-video-preview:-1"},"canonical":"https:\/\/visionrockland.ca\/en\/culture\/lancien-professeur-de-lescale-lance-son-nouvel-album-apres-11-ans-dabsence\/","og_locale":"en_US","og_type":"article","og_title":"L'ancien professeur de l'Escale lance son nouvel album apr\u00e8s 11 ans d'absence - Vision","og_description":"Brian St. Pierre esp\u00e8re que son dernier album trouvera un \u00e9cho chez les gens qui l&#8217;\u00e9couteront.\u00a0\u00a0 \u00ab Nous avons tous des probl\u00e8mes de sant\u00e9 mentale, la vie peut \u00eatre difficile et nous r\u00e9server des surprises auxquelles nous ne sommes pas pr\u00e9par\u00e9s \u00bb, a d\u00e9clar\u00e9 M. St-Pierre, ancien professeur de musique \u00e0 l&#8217;Escale. \u00ab Je veux [&hellip;]","og_url":"https:\/\/visionrockland.ca\/en\/culture\/lancien-professeur-de-lescale-lance-son-nouvel-album-apres-11-ans-dabsence\/","og_site_name":"Vision","article_published_time":"2024-09-12T16:20:56+00:00","article_modified_time":"2026-02-17T19:52:06+00:00","og_image":[{"width":1440,"height":1440,"url":"https:\/\/cdn.editionap.ca\/wp-content\/uploads\/sites\/3\/2024\/09\/Brian-St.-Pierre.jpg","type":"image\/jpeg"}],"author":"Anil Jhalli","twitter_card":"summary_large_image","twitter_misc":{"Written by":"Anil Jhalli","Est. reading time":"3 minutes"},"schema":{"@context":"https:\/\/schema.org","@graph":[{"@type":"Article","@id":"https:\/\/visionrockland.ca\/en\/culture\/lancien-professeur-de-lescale-lance-son-nouvel-album-apres-11-ans-dabsence\/#article","isPartOf":{"@id":"https:\/\/visionrockland.ca\/en\/culture\/lancien-professeur-de-lescale-lance-son-nouvel-album-apres-11-ans-dabsence\/"},"author":{"name":"Anil Jhalli","@id":"https:\/\/visionrockland.ca\/en\/#\/schema\/person\/a09095fdf65e09e747105760fe90175c"},"headline":"L&#8217;ancien professeur de l&#8217;Escale lance son nouvel album apr\u00e8s 11 ans d&#8217;absence","datePublished":"2024-09-12T16:20:56+00:00","dateModified":"2026-02-17T19:52:06+00:00","mainEntityOfPage":{"@id":"https:\/\/visionrockland.ca\/en\/culture\/lancien-professeur-de-lescale-lance-son-nouvel-album-apres-11-ans-dabsence\/"},"wordCount":463,"image":{"@id":"https:\/\/visionrockland.ca\/en\/culture\/lancien-professeur-de-lescale-lance-son-nouvel-album-apres-11-ans-dabsence\/#primaryimage"},"thumbnailUrl":"https:\/\/cdn.editionap.ca\/wp-content\/uploads\/sites\/3\/2024\/09\/Brian-St.-Pierre.jpg","articleSection":["Culture"],"inLanguage":"en-US"},{"@type":"WebPage","@id":"https:\/\/visionrockland.ca\/en\/culture\/lancien-professeur-de-lescale-lance-son-nouvel-album-apres-11-ans-dabsence\/","url":"https:\/\/visionrockland.ca\/en\/culture\/lancien-professeur-de-lescale-lance-son-nouvel-album-apres-11-ans-dabsence\/","name":"L'ancien professeur de l'Escale lance son nouvel album apr\u00e8s 11 ans d'absence - Vision","isPartOf":{"@id":"https:\/\/visionrockland.ca\/en\/#website"},"primaryImageOfPage":{"@id":"https:\/\/visionrockland.ca\/en\/culture\/lancien-professeur-de-lescale-lance-son-nouvel-album-apres-11-ans-dabsence\/#primaryimage"},"image":{"@id":"https:\/\/visionrockland.ca\/en\/culture\/lancien-professeur-de-lescale-lance-son-nouvel-album-apres-11-ans-dabsence\/#primaryimage"},"thumbnailUrl":"https:\/\/cdn.editionap.ca\/wp-content\/uploads\/sites\/3\/2024\/09\/Brian-St.-Pierre.jpg","datePublished":"2024-09-12T16:20:56+00:00","dateModified":"2026-02-17T19:52:06+00:00","author":{"@id":"https:\/\/visionrockland.ca\/en\/#\/schema\/person\/a09095fdf65e09e747105760fe90175c"},"breadcrumb":{"@id":"https:\/\/visionrockland.ca\/en\/culture\/lancien-professeur-de-lescale-lance-son-nouvel-album-apres-11-ans-dabsence\/#breadcrumb"},"inLanguage":"en-US","potentialAction":[{"@type":"ReadAction","target":["https:\/\/visionrockland.ca\/en\/culture\/lancien-professeur-de-lescale-lance-son-nouvel-album-apres-11-ans-dabsence\/"]}]},{"@type":"ImageObject","inLanguage":"en-US","@id":"https:\/\/visionrockland.ca\/en\/culture\/lancien-professeur-de-lescale-lance-son-nouvel-album-apres-11-ans-dabsence\/#primaryimage","url":"https:\/\/cdn.editionap.ca\/wp-content\/uploads\/sites\/3\/2024\/09\/Brian-St.-Pierre.jpg","contentUrl":"https:\/\/cdn.editionap.ca\/wp-content\/uploads\/sites\/3\/2024\/09\/Brian-St.-Pierre.jpg","width":1440,"height":1440,"caption":"Brian St. Pierre is hosted a launch party in honour of his fourth solo album, Malgr\u00e9 tout, on Sept. 11 at the Brauwerk Hoffman Brewery. The album will be available on his official website and several streaming platforms beginning Sept. 13."},{"@type":"BreadcrumbList","@id":"https:\/\/visionrockland.ca\/en\/culture\/lancien-professeur-de-lescale-lance-son-nouvel-album-apres-11-ans-dabsence\/#breadcrumb","itemListElement":[{"@type":"ListItem","position":1,"name":"Accueil","item":"https:\/\/visionrockland.ca\/en\/"},{"@type":"ListItem","position":2,"name":"L&rsquo;ancien professeur de l&rsquo;Escale lance son nouvel album apr\u00e8s 11 ans d&rsquo;absence"}]},{"@type":"WebSite","@id":"https:\/\/visionrockland.ca\/en\/#website","url":"https:\/\/visionrockland.ca\/en\/","name":"Vision","description":"","potentialAction":[{"@type":"SearchAction","target":{"@type":"EntryPoint","urlTemplate":"https:\/\/visionrockland.ca\/en\/?s={search_term_string}"},"query-input":{"@type":"PropertyValueSpecification","valueRequired":true,"valueName":"search_term_string"}}],"inLanguage":"en-US"},{"@type":"Person","@id":"https:\/\/visionrockland.ca\/en\/#\/schema\/person\/a09095fdf65e09e747105760fe90175c","name":"Anil Jhalli","image":{"@type":"ImageObject","inLanguage":"en-US","@id":"https:\/\/secure.gravatar.com\/avatar\/63becc64fff8877a05400459aa003b94a1fdc8d3954acacc688ee6a2bc39fef8?s=96&d=mm&r=g","url":"https:\/\/secure.gravatar.com\/avatar\/63becc64fff8877a05400459aa003b94a1fdc8d3954acacc688ee6a2bc39fef8?s=96&d=mm&r=g","contentUrl":"https:\/\/secure.gravatar.com\/avatar\/63becc64fff8877a05400459aa003b94a1fdc8d3954acacc688ee6a2bc39fef8?s=96&d=mm&r=g","caption":"Anil Jhalli"}}]}},"_links":{"self":[{"href":"https:\/\/visionrockland.ca\/en\/wp-json\/wp\/v2\/posts\/103184","targetHints":{"allow":["GET"]}}],"collection":[{"href":"https:\/\/visionrockland.ca\/en\/wp-json\/wp\/v2\/posts"}],"about":[{"href":"https:\/\/visionrockland.ca\/en\/wp-json\/wp\/v2\/types\/post"}],"author":[{"embeddable":true,"href":"https:\/\/visionrockland.ca\/en\/wp-json\/wp\/v2\/users\/27"}],"replies":[{"embeddable":true,"href":"https:\/\/visionrockland.ca\/en\/wp-json\/wp\/v2\/comments?post=103184"}],"version-history":[{"count":1,"href":"https:\/\/visionrockland.ca\/en\/wp-json\/wp\/v2\/posts\/103184\/revisions"}],"predecessor-version":[{"id":132458,"href":"https:\/\/visionrockland.ca\/en\/wp-json\/wp\/v2\/posts\/103184\/revisions\/132458"}],"wp:featuredmedia":[{"embeddable":true,"href":"https:\/\/visionrockland.ca\/en\/wp-json\/wp\/v2\/media\/103185"}],"wp:attachment":[{"href":"https:\/\/visionrockland.ca\/en\/wp-json\/wp\/v2\/media?parent=103184"}],"wp:term":[{"taxonomy":"category","embeddable":true,"href":"https:\/\/visionrockland.ca\/en\/wp-json\/wp\/v2\/categories?post=103184"},{"taxonomy":"post_tag","embeddable":true,"href":"https:\/\/visionrockland.ca\/en\/wp-json\/wp\/v2\/tags?post=103184"}],"curies":[{"name":"wp","href":"https:\/\/api.w.org\/{rel}","templated":true}]}}