{"id":103093,"date":"2024-09-04T11:56:51","date_gmt":"2024-09-04T15:56:51","guid":{"rendered":"https:\/\/editionap.ca\/?p=103093"},"modified":"2026-02-17T20:52:06","modified_gmt":"2026-02-17T19:52:06","slug":"un-jeune-de-c-r-participe-a-ladaptation-francaise-de-sunnys-quest","status":"publish","type":"post","link":"https:\/\/visionrockland.ca\/en\/culture\/un-jeune-de-c-r-participe-a-ladaptation-francaise-de-sunnys-quest\/","title":{"rendered":"Un jeune de C-R participe \u00e0 l&#8217;adaptation fran\u00e7aise de \u00ab Sunny&#8217;s Quest \u00bb"},"content":{"rendered":"<p><b><span data-contrast=\"none\">Harris Ademola Gariba, 12 ans, de Morris Village \u00e0 Clarence-Rockland, \u00e9tait l&#8217;un des jeunes pr\u00e9sent\u00e9s dans la premi\u00e8re saison de la version fran\u00e7aise de la populaire \u00e9mission de TVO <\/span><\/b><b><i><span data-contrast=\"none\">Sunny&#8217;s Quest<\/span><\/i><\/b><b><span data-contrast=\"none\">.\u00a0<\/span><\/b><span data-ccp-props=\"{&quot;201341983&quot;:0,&quot;335551550&quot;:6,&quot;335551620&quot;:6,&quot;335559739&quot;:0,&quot;335559740&quot;:288}\">\u00a0<\/span><\/p>\n<p><i><span data-contrast=\"none\">La qu\u00eate de Lumie<\/span><\/i><span data-contrast=\"none\">, qui a d\u00e9but\u00e9 le 1er septembre sur TFO, la cha\u00eene de t\u00e9l\u00e9vision francophone de l&#8217;Ontario, pr\u00e9sente des enfants noirs vivant principalement en Ontario qui partagent leurs origines ethniques et culturelles tout en mettant en valeur leurs passe-temps quotidiens, leurs talents et leur patrimoine.\u00a0<\/span><span data-ccp-props=\"{&quot;201341983&quot;:2,&quot;335551550&quot;:6,&quot;335551620&quot;:6,&quot;335559731&quot;:240,&quot;335559739&quot;:0,&quot;335559740&quot;:240}\">\u00a0<\/span><\/p>\n<p><span data-contrast=\"none\">Le site Web de TFO d\u00e9crit l&#8217;\u00e9mission comme \u00ab une fen\u00eatre sur la vie des enfants afro-canadiens, illustrant comment, bien que semblable \u00e0 celle des autres enfants canadiens, leur vie est magnifi\u00e9e par leur h\u00e9ritage culturel, leurs traditions et leurs connaissances \u00bb. Avec des messages inspirants de c\u00e9l\u00e9brit\u00e9s afro-canadiennes exer\u00e7ant la profession de leurs r\u00eaves, chaque \u00e9pisode encourage ces jeunes t\u00e9l\u00e9spectateurs \u00e0 poursuivre leur chemin vers l&#8217;excellence \u00bb.<\/span><span data-ccp-props=\"{&quot;201341983&quot;:2,&quot;335551550&quot;:6,&quot;335551620&quot;:6,&quot;335559731&quot;:240,&quot;335559739&quot;:0,&quot;335559740&quot;:240}\">\u00a0<\/span><\/p>\n<p><span data-contrast=\"none\">\u00ab C&#8217;est l&#8217;occasion pour ces enfants de montrer qu&#8217;ils sont fiers de leurs origines, a d\u00e9clar\u00e9 Sabine Daniel, productrice de <\/span><i><span data-contrast=\"none\">La qu\u00eate de Lumie<\/span><\/i><span data-contrast=\"none\"> et de <\/span><i><span data-contrast=\"none\">Sunny&#8217;s Quest<\/span><\/i><span data-contrast=\"none\">. Nous pouvons c\u00e9l\u00e9brer l&#8217;excellence noire et une nouvelle g\u00e9n\u00e9ration de jeunes immigr\u00e9s qui sont dans ce pays et qui font de grandes choses.<\/span><span data-ccp-props=\"{&quot;201341983&quot;:2,&quot;335551550&quot;:6,&quot;335551620&quot;:6,&quot;335559731&quot;:240,&quot;335559739&quot;:0,&quot;335559740&quot;:240}\">\u00a0<\/span><\/p>\n<p><i><span data-contrast=\"none\">La qu\u00eate de Lumie<\/span><\/i><span data-contrast=\"none\"> offre aux t\u00e9l\u00e9spectateurs un aper\u00e7u de la vie de ces enfants, montrant comment leur vie est magnifi\u00e9e par leur h\u00e9ritage culturel, leurs traditions et leurs connaissances.\u00a0<\/span><span data-ccp-props=\"{&quot;201341983&quot;:2,&quot;335551550&quot;:6,&quot;335551620&quot;:6,&quot;335559731&quot;:240,&quot;335559739&quot;:0,&quot;335559740&quot;:240}\">\u00a0<\/span><\/p>\n<p><span data-contrast=\"none\">\u00ab Avec des messages inspirants de c\u00e9l\u00e9brit\u00e9s afro-canadiennes exer\u00e7ant la profession de leurs r\u00eaves, chaque \u00e9pisode encourage ces jeunes t\u00e9l\u00e9spectateurs \u00e0 poursuivre leur chemin vers l&#8217;excellence \u00bb, indique la description de l&#8217;\u00e9mission sur le site web de TFO.\u00a0<\/span><span data-ccp-props=\"{&quot;201341983&quot;:2,&quot;335551550&quot;:6,&quot;335551620&quot;:6,&quot;335559731&quot;:240,&quot;335559739&quot;:0,&quot;335559740&quot;:240}\">\u00a0<\/span><\/p>\n<p><span data-contrast=\"none\">Mme Daniel a d\u00e9clar\u00e9 que l&#8217;\u00e9mission s&#8217;engageait fortement en faveur de la diversit\u00e9, de l&#8217;\u00e9quit\u00e9 et de l&#8217;inclusion. En mettant en lumi\u00e8re les histoires de ces enfants, la s\u00e9rie vise \u00e0 sensibiliser et \u00e0 c\u00e9l\u00e9brer les contributions de la communaut\u00e9 afro-canadienne \u00e0 la soci\u00e9t\u00e9 canadienne dans son ensemble.\u00a0<\/span><span data-ccp-props=\"{&quot;201341983&quot;:2,&quot;335551550&quot;:6,&quot;335551620&quot;:6,&quot;335559731&quot;:240,&quot;335559739&quot;:0,&quot;335559740&quot;:240}\">\u00a0<\/span><\/p>\n<p><span data-contrast=\"none\">\u00ab J&#8217;esp\u00e8re que <\/span><i><span data-contrast=\"none\">La qu\u00eate de Lumie<\/span><\/i><span data-contrast=\"none\"> divertira et \u00e9duquera les enfants en premier lieu, mais aussi le reste de la famille, a d\u00e9clar\u00e9 Mme Daniel. Cette s\u00e9rie est la premi\u00e8re du genre \u00e0 mettre en lumi\u00e8re les coutumes, les traditions et les villes o\u00f9 vivent les Franco-Ontariens d&#8217;ascendance africaine. De plus, j&#8217;esp\u00e8re que l\u2019\u00e9mission changera les perceptions en montrant que nous, les Noirs, sommes beaucoup plus semblables que diff\u00e9rents. En racontant leurs histoires, je veux inspirer d&#8217;autres enfants et familles \u00e0 c\u00e9l\u00e9brer leur propre culture tout en \u00e9tant fiers d&#8217;\u00eatre Franco-Ontariens et d&#8217;appr\u00e9cier la diversit\u00e9 de notre soci\u00e9t\u00e9. La richesse et la diversit\u00e9 des exp\u00e9riences des enfants noirs franco-ontariens sont inestimables, car cette nouvelle g\u00e9n\u00e9ration fa\u00e7onne d\u00e9j\u00e0 le pr\u00e9sent et l&#8217;avenir de l&#8217;Ontario \u00bb.<\/span><\/p>\n<p>Gariba s&#8217;est dit ravi de participer \u00e0 la premi\u00e8re saison de l&#8217;\u00e9mission. Il a fait d\u00e9couvrir aux t\u00e9l\u00e9spectateurs l&#8217;ampe, un jeu populaire au Ghana, ainsi que les v\u00eatements, les danses et les plats traditionnels.<\/p>\n<p><span data-contrast=\"none\">\u00ab C&#8217;\u00e9tait la premi\u00e8re fois que je passais \u00e0 la t\u00e9l\u00e9vision, j&#8217;\u00e9tais nerveux \u00bb, a d\u00e9clar\u00e9 M. Gariba.\u00a0<\/span><span data-ccp-props=\"{&quot;201341983&quot;:2,&quot;335551550&quot;:6,&quot;335551620&quot;:6,&quot;335559731&quot;:240,&quot;335559739&quot;:0,&quot;335559740&quot;:240}\">\u00a0<\/span><\/p>\n<p><span data-contrast=\"none\">Cette saison comporte 17 \u00e9pisodes de sept minutes. Les \u00e9pisodes 1 et 2 seront disponibles sur TFO.org le 1er septembre, puis un \u00e9pisode par semaine \u00e0 partir du 8 septembre. La s\u00e9rie sera diffus\u00e9e le dimanche sur TFO, \u00e0 partir du 8 septembre \u00e0 10h30.\u00a0<\/span><span data-ccp-props=\"{&quot;201341983&quot;:2,&quot;335551550&quot;:6,&quot;335551620&quot;:6,&quot;335559731&quot;:240,&quot;335559739&quot;:0,&quot;335559740&quot;:240}\">\u00a0<\/span><\/p>\n<p><i><span data-contrast=\"none\">La qu\u00eate de Lumie<\/span><\/i><span data-contrast=\"none\"> est coproduite par Apartment 11 Productions et Play Productions en association avec TFO. Pour plus d&#8217;informations, visitez le site apropos.tfo.org.<\/span><\/p>\n","protected":false},"excerpt":{"rendered":"<p>Harris Ademola Gariba, 12 ans, de Morris Village \u00e0 Clarence-Rockland, \u00e9tait l&#8217;un des jeunes pr\u00e9sent\u00e9s dans la premi\u00e8re saison de la version fran\u00e7aise de la populaire \u00e9mission de TVO Sunny&#8217;s Quest.\u00a0\u00a0 La qu\u00eate de Lumie, qui a d\u00e9but\u00e9 le 1er septembre sur TFO, la cha\u00eene de t\u00e9l\u00e9vision francophone de l&#8217;Ontario, pr\u00e9sente des enfants noirs vivant [&hellip;]<\/p>\n","protected":false},"author":27,"featured_media":103094,"comment_status":"closed","ping_status":"open","sticky":false,"template":"","format":"standard","meta":{"_acf_changed":false,"footnotes":""},"categories":[42],"tags":[],"class_list":["post-103093","post","type-post","status-publish","format-standard","has-post-thumbnail","hentry","category-culture"],"acf":[],"featured_media_global":[],"yoast_head":"<!-- This site is optimized with the Yoast SEO plugin v27.4 - https:\/\/yoast.com\/product\/yoast-seo-wordpress\/ -->\n<title>Un jeune de C-R participe \u00e0 l&#039;adaptation fran\u00e7aise de \u00ab Sunny&#039;s Quest \u00bb - Vision<\/title>\n<meta name=\"description\" content=\"Harris Ademola Gariba, 12 ans, de Morris Village \u00e0 Clarence-Rockland, \u00e9tait l&#039;un des jeunes pr\u00e9sent\u00e9s dans la premi\u00e8re saison de la version fran\u00e7aise de la populaire \u00e9mission de TVO Sunny&#039;s Quest.\u00a0\" \/>\n<meta name=\"robots\" content=\"index, follow, max-snippet:-1, max-image-preview:large, max-video-preview:-1\" \/>\n<link rel=\"canonical\" href=\"https:\/\/visionrockland.ca\/en\/culture\/un-jeune-de-c-r-participe-a-ladaptation-francaise-de-sunnys-quest\/\" \/>\n<meta property=\"og:locale\" content=\"en_US\" \/>\n<meta property=\"og:type\" content=\"article\" \/>\n<meta property=\"og:title\" content=\"Un jeune de C-R participe \u00e0 l&#039;adaptation fran\u00e7aise de \u00ab Sunny&#039;s Quest \u00bb - Vision\" \/>\n<meta property=\"og:description\" content=\"Harris Ademola Gariba, 12 ans, de Morris Village \u00e0 Clarence-Rockland, \u00e9tait l&#039;un des jeunes pr\u00e9sent\u00e9s dans la premi\u00e8re saison de la version fran\u00e7aise de la populaire \u00e9mission de TVO Sunny&#039;s Quest.\u00a0\" \/>\n<meta property=\"og:url\" content=\"https:\/\/visionrockland.ca\/en\/culture\/un-jeune-de-c-r-participe-a-ladaptation-francaise-de-sunnys-quest\/\" \/>\n<meta property=\"og:site_name\" content=\"Vision\" \/>\n<meta property=\"article:published_time\" content=\"2024-09-04T15:56:51+00:00\" \/>\n<meta property=\"article:modified_time\" content=\"2026-02-17T19:52:06+00:00\" \/>\n<meta property=\"og:image\" content=\"https:\/\/cdn.editionap.ca\/wp-content\/uploads\/sites\/3\/2024\/09\/Harris-TFO-scaled-1.jpeg\" \/>\n\t<meta property=\"og:image:width\" content=\"2560\" \/>\n\t<meta property=\"og:image:height\" content=\"1920\" \/>\n\t<meta property=\"og:image:type\" content=\"image\/jpeg\" \/>\n<meta name=\"author\" content=\"Anil Jhalli\" \/>\n<meta name=\"twitter:card\" content=\"summary_large_image\" \/>\n<meta name=\"twitter:label1\" content=\"Written by\" \/>\n\t<meta name=\"twitter:data1\" content=\"Anil Jhalli\" \/>\n\t<meta name=\"twitter:label2\" content=\"Est. reading time\" \/>\n\t<meta name=\"twitter:data2\" content=\"4 minutes\" \/>\n<script type=\"application\/ld+json\" class=\"yoast-schema-graph\">{\"@context\":\"https:\\\/\\\/schema.org\",\"@graph\":[{\"@type\":\"Article\",\"@id\":\"https:\\\/\\\/visionrockland.ca\\\/en\\\/culture\\\/un-jeune-de-c-r-participe-a-ladaptation-francaise-de-sunnys-quest\\\/#article\",\"isPartOf\":{\"@id\":\"https:\\\/\\\/visionrockland.ca\\\/en\\\/culture\\\/un-jeune-de-c-r-participe-a-ladaptation-francaise-de-sunnys-quest\\\/\"},\"author\":{\"name\":\"Anil Jhalli\",\"@id\":\"https:\\\/\\\/visionrockland.ca\\\/en\\\/#\\\/schema\\\/person\\\/a09095fdf65e09e747105760fe90175c\"},\"headline\":\"Un jeune de C-R participe \u00e0 l&#8217;adaptation fran\u00e7aise de \u00ab Sunny&#8217;s Quest \u00bb\",\"datePublished\":\"2024-09-04T15:56:51+00:00\",\"dateModified\":\"2026-02-17T19:52:06+00:00\",\"mainEntityOfPage\":{\"@id\":\"https:\\\/\\\/visionrockland.ca\\\/en\\\/culture\\\/un-jeune-de-c-r-participe-a-ladaptation-francaise-de-sunnys-quest\\\/\"},\"wordCount\":652,\"image\":{\"@id\":\"https:\\\/\\\/visionrockland.ca\\\/en\\\/culture\\\/un-jeune-de-c-r-participe-a-ladaptation-francaise-de-sunnys-quest\\\/#primaryimage\"},\"thumbnailUrl\":\"https:\\\/\\\/cdn.editionap.ca\\\/wp-content\\\/uploads\\\/sites\\\/3\\\/2024\\\/09\\\/Harris-TFO-scaled-1.jpeg\",\"articleSection\":[\"Culture\"],\"inLanguage\":\"en-US\"},{\"@type\":\"WebPage\",\"@id\":\"https:\\\/\\\/visionrockland.ca\\\/en\\\/culture\\\/un-jeune-de-c-r-participe-a-ladaptation-francaise-de-sunnys-quest\\\/\",\"url\":\"https:\\\/\\\/visionrockland.ca\\\/en\\\/culture\\\/un-jeune-de-c-r-participe-a-ladaptation-francaise-de-sunnys-quest\\\/\",\"name\":\"Un jeune de C-R participe \u00e0 l'adaptation fran\u00e7aise de \u00ab Sunny's Quest \u00bb - Vision\",\"isPartOf\":{\"@id\":\"https:\\\/\\\/visionrockland.ca\\\/en\\\/#website\"},\"primaryImageOfPage\":{\"@id\":\"https:\\\/\\\/visionrockland.ca\\\/en\\\/culture\\\/un-jeune-de-c-r-participe-a-ladaptation-francaise-de-sunnys-quest\\\/#primaryimage\"},\"image\":{\"@id\":\"https:\\\/\\\/visionrockland.ca\\\/en\\\/culture\\\/un-jeune-de-c-r-participe-a-ladaptation-francaise-de-sunnys-quest\\\/#primaryimage\"},\"thumbnailUrl\":\"https:\\\/\\\/cdn.editionap.ca\\\/wp-content\\\/uploads\\\/sites\\\/3\\\/2024\\\/09\\\/Harris-TFO-scaled-1.jpeg\",\"datePublished\":\"2024-09-04T15:56:51+00:00\",\"dateModified\":\"2026-02-17T19:52:06+00:00\",\"author\":{\"@id\":\"https:\\\/\\\/visionrockland.ca\\\/en\\\/#\\\/schema\\\/person\\\/a09095fdf65e09e747105760fe90175c\"},\"description\":\"Harris Ademola Gariba, 12 ans, de Morris Village \u00e0 Clarence-Rockland, \u00e9tait l'un des jeunes pr\u00e9sent\u00e9s dans la premi\u00e8re saison de la version fran\u00e7aise de la populaire \u00e9mission de TVO Sunny's Quest.\u00a0\",\"breadcrumb\":{\"@id\":\"https:\\\/\\\/visionrockland.ca\\\/en\\\/culture\\\/un-jeune-de-c-r-participe-a-ladaptation-francaise-de-sunnys-quest\\\/#breadcrumb\"},\"inLanguage\":\"en-US\",\"potentialAction\":[{\"@type\":\"ReadAction\",\"target\":[\"https:\\\/\\\/visionrockland.ca\\\/en\\\/culture\\\/un-jeune-de-c-r-participe-a-ladaptation-francaise-de-sunnys-quest\\\/\"]}]},{\"@type\":\"ImageObject\",\"inLanguage\":\"en-US\",\"@id\":\"https:\\\/\\\/visionrockland.ca\\\/en\\\/culture\\\/un-jeune-de-c-r-participe-a-ladaptation-francaise-de-sunnys-quest\\\/#primaryimage\",\"url\":\"https:\\\/\\\/cdn.editionap.ca\\\/wp-content\\\/uploads\\\/sites\\\/3\\\/2024\\\/09\\\/Harris-TFO-scaled-1.jpeg\",\"contentUrl\":\"https:\\\/\\\/cdn.editionap.ca\\\/wp-content\\\/uploads\\\/sites\\\/3\\\/2024\\\/09\\\/Harris-TFO-scaled-1.jpeg\",\"width\":2560,\"height\":1920,\"caption\":\"Harris Ademola Gariba, qui r\u00e9side dans le village de Morris \u00e0 Clarence-Rockland, a particip\u00e9 \u00e0 l'adaptation fran\u00e7aise de la populaire \u00e9mission pour enfants de TVO, Sunny's quest, intitul\u00e9e La qu\u00eate de Lumie. Cette s\u00e9rie destin\u00e9e aux enfants \u00e2g\u00e9s de six \u00e0 neuf ans met en sc\u00e8ne des enfants noirs de tout l'Ontario qui partagent leurs origines ethniques et culturelles tout en pr\u00e9sentant leurs passe-temps quotidiens, leurs talents et leur patrimoine.\"},{\"@type\":\"BreadcrumbList\",\"@id\":\"https:\\\/\\\/visionrockland.ca\\\/en\\\/culture\\\/un-jeune-de-c-r-participe-a-ladaptation-francaise-de-sunnys-quest\\\/#breadcrumb\",\"itemListElement\":[{\"@type\":\"ListItem\",\"position\":1,\"name\":\"Accueil\",\"item\":\"https:\\\/\\\/visionrockland.ca\\\/en\\\/\"},{\"@type\":\"ListItem\",\"position\":2,\"name\":\"Un jeune de C-R participe \u00e0 l&rsquo;adaptation fran\u00e7aise de \u00ab Sunny&rsquo;s Quest \u00bb\"}]},{\"@type\":\"WebSite\",\"@id\":\"https:\\\/\\\/visionrockland.ca\\\/en\\\/#website\",\"url\":\"https:\\\/\\\/visionrockland.ca\\\/en\\\/\",\"name\":\"Vision\",\"description\":\"\",\"potentialAction\":[{\"@type\":\"SearchAction\",\"target\":{\"@type\":\"EntryPoint\",\"urlTemplate\":\"https:\\\/\\\/visionrockland.ca\\\/en\\\/?s={search_term_string}\"},\"query-input\":{\"@type\":\"PropertyValueSpecification\",\"valueRequired\":true,\"valueName\":\"search_term_string\"}}],\"inLanguage\":\"en-US\"},{\"@type\":\"Person\",\"@id\":\"https:\\\/\\\/visionrockland.ca\\\/en\\\/#\\\/schema\\\/person\\\/a09095fdf65e09e747105760fe90175c\",\"name\":\"Anil Jhalli\",\"image\":{\"@type\":\"ImageObject\",\"inLanguage\":\"en-US\",\"@id\":\"https:\\\/\\\/secure.gravatar.com\\\/avatar\\\/63becc64fff8877a05400459aa003b94a1fdc8d3954acacc688ee6a2bc39fef8?s=96&d=mm&r=g\",\"url\":\"https:\\\/\\\/secure.gravatar.com\\\/avatar\\\/63becc64fff8877a05400459aa003b94a1fdc8d3954acacc688ee6a2bc39fef8?s=96&d=mm&r=g\",\"contentUrl\":\"https:\\\/\\\/secure.gravatar.com\\\/avatar\\\/63becc64fff8877a05400459aa003b94a1fdc8d3954acacc688ee6a2bc39fef8?s=96&d=mm&r=g\",\"caption\":\"Anil Jhalli\"}}]}<\/script>\n<!-- \/ Yoast SEO plugin. -->","yoast_head_json":{"title":"Un jeune de C-R participe \u00e0 l'adaptation fran\u00e7aise de \u00ab Sunny's Quest \u00bb - Vision","description":"Harris Ademola Gariba, 12 ans, de Morris Village \u00e0 Clarence-Rockland, \u00e9tait l'un des jeunes pr\u00e9sent\u00e9s dans la premi\u00e8re saison de la version fran\u00e7aise de la populaire \u00e9mission de TVO Sunny's Quest.\u00a0","robots":{"index":"index","follow":"follow","max-snippet":"max-snippet:-1","max-image-preview":"max-image-preview:large","max-video-preview":"max-video-preview:-1"},"canonical":"https:\/\/visionrockland.ca\/en\/culture\/un-jeune-de-c-r-participe-a-ladaptation-francaise-de-sunnys-quest\/","og_locale":"en_US","og_type":"article","og_title":"Un jeune de C-R participe \u00e0 l'adaptation fran\u00e7aise de \u00ab Sunny's Quest \u00bb - Vision","og_description":"Harris Ademola Gariba, 12 ans, de Morris Village \u00e0 Clarence-Rockland, \u00e9tait l'un des jeunes pr\u00e9sent\u00e9s dans la premi\u00e8re saison de la version fran\u00e7aise de la populaire \u00e9mission de TVO Sunny's Quest.\u00a0","og_url":"https:\/\/visionrockland.ca\/en\/culture\/un-jeune-de-c-r-participe-a-ladaptation-francaise-de-sunnys-quest\/","og_site_name":"Vision","article_published_time":"2024-09-04T15:56:51+00:00","article_modified_time":"2026-02-17T19:52:06+00:00","og_image":[{"width":2560,"height":1920,"url":"https:\/\/cdn.editionap.ca\/wp-content\/uploads\/sites\/3\/2024\/09\/Harris-TFO-scaled-1.jpeg","type":"image\/jpeg"}],"author":"Anil Jhalli","twitter_card":"summary_large_image","twitter_misc":{"Written by":"Anil Jhalli","Est. reading time":"4 minutes"},"schema":{"@context":"https:\/\/schema.org","@graph":[{"@type":"Article","@id":"https:\/\/visionrockland.ca\/en\/culture\/un-jeune-de-c-r-participe-a-ladaptation-francaise-de-sunnys-quest\/#article","isPartOf":{"@id":"https:\/\/visionrockland.ca\/en\/culture\/un-jeune-de-c-r-participe-a-ladaptation-francaise-de-sunnys-quest\/"},"author":{"name":"Anil Jhalli","@id":"https:\/\/visionrockland.ca\/en\/#\/schema\/person\/a09095fdf65e09e747105760fe90175c"},"headline":"Un jeune de C-R participe \u00e0 l&#8217;adaptation fran\u00e7aise de \u00ab Sunny&#8217;s Quest \u00bb","datePublished":"2024-09-04T15:56:51+00:00","dateModified":"2026-02-17T19:52:06+00:00","mainEntityOfPage":{"@id":"https:\/\/visionrockland.ca\/en\/culture\/un-jeune-de-c-r-participe-a-ladaptation-francaise-de-sunnys-quest\/"},"wordCount":652,"image":{"@id":"https:\/\/visionrockland.ca\/en\/culture\/un-jeune-de-c-r-participe-a-ladaptation-francaise-de-sunnys-quest\/#primaryimage"},"thumbnailUrl":"https:\/\/cdn.editionap.ca\/wp-content\/uploads\/sites\/3\/2024\/09\/Harris-TFO-scaled-1.jpeg","articleSection":["Culture"],"inLanguage":"en-US"},{"@type":"WebPage","@id":"https:\/\/visionrockland.ca\/en\/culture\/un-jeune-de-c-r-participe-a-ladaptation-francaise-de-sunnys-quest\/","url":"https:\/\/visionrockland.ca\/en\/culture\/un-jeune-de-c-r-participe-a-ladaptation-francaise-de-sunnys-quest\/","name":"Un jeune de C-R participe \u00e0 l'adaptation fran\u00e7aise de \u00ab Sunny's Quest \u00bb - Vision","isPartOf":{"@id":"https:\/\/visionrockland.ca\/en\/#website"},"primaryImageOfPage":{"@id":"https:\/\/visionrockland.ca\/en\/culture\/un-jeune-de-c-r-participe-a-ladaptation-francaise-de-sunnys-quest\/#primaryimage"},"image":{"@id":"https:\/\/visionrockland.ca\/en\/culture\/un-jeune-de-c-r-participe-a-ladaptation-francaise-de-sunnys-quest\/#primaryimage"},"thumbnailUrl":"https:\/\/cdn.editionap.ca\/wp-content\/uploads\/sites\/3\/2024\/09\/Harris-TFO-scaled-1.jpeg","datePublished":"2024-09-04T15:56:51+00:00","dateModified":"2026-02-17T19:52:06+00:00","author":{"@id":"https:\/\/visionrockland.ca\/en\/#\/schema\/person\/a09095fdf65e09e747105760fe90175c"},"description":"Harris Ademola Gariba, 12 ans, de Morris Village \u00e0 Clarence-Rockland, \u00e9tait l'un des jeunes pr\u00e9sent\u00e9s dans la premi\u00e8re saison de la version fran\u00e7aise de la populaire \u00e9mission de TVO Sunny's Quest.\u00a0","breadcrumb":{"@id":"https:\/\/visionrockland.ca\/en\/culture\/un-jeune-de-c-r-participe-a-ladaptation-francaise-de-sunnys-quest\/#breadcrumb"},"inLanguage":"en-US","potentialAction":[{"@type":"ReadAction","target":["https:\/\/visionrockland.ca\/en\/culture\/un-jeune-de-c-r-participe-a-ladaptation-francaise-de-sunnys-quest\/"]}]},{"@type":"ImageObject","inLanguage":"en-US","@id":"https:\/\/visionrockland.ca\/en\/culture\/un-jeune-de-c-r-participe-a-ladaptation-francaise-de-sunnys-quest\/#primaryimage","url":"https:\/\/cdn.editionap.ca\/wp-content\/uploads\/sites\/3\/2024\/09\/Harris-TFO-scaled-1.jpeg","contentUrl":"https:\/\/cdn.editionap.ca\/wp-content\/uploads\/sites\/3\/2024\/09\/Harris-TFO-scaled-1.jpeg","width":2560,"height":1920,"caption":"Harris Ademola Gariba, qui r\u00e9side dans le village de Morris \u00e0 Clarence-Rockland, a particip\u00e9 \u00e0 l'adaptation fran\u00e7aise de la populaire \u00e9mission pour enfants de TVO, Sunny's quest, intitul\u00e9e La qu\u00eate de Lumie. Cette s\u00e9rie destin\u00e9e aux enfants \u00e2g\u00e9s de six \u00e0 neuf ans met en sc\u00e8ne des enfants noirs de tout l'Ontario qui partagent leurs origines ethniques et culturelles tout en pr\u00e9sentant leurs passe-temps quotidiens, leurs talents et leur patrimoine."},{"@type":"BreadcrumbList","@id":"https:\/\/visionrockland.ca\/en\/culture\/un-jeune-de-c-r-participe-a-ladaptation-francaise-de-sunnys-quest\/#breadcrumb","itemListElement":[{"@type":"ListItem","position":1,"name":"Accueil","item":"https:\/\/visionrockland.ca\/en\/"},{"@type":"ListItem","position":2,"name":"Un jeune de C-R participe \u00e0 l&rsquo;adaptation fran\u00e7aise de \u00ab Sunny&rsquo;s Quest \u00bb"}]},{"@type":"WebSite","@id":"https:\/\/visionrockland.ca\/en\/#website","url":"https:\/\/visionrockland.ca\/en\/","name":"Vision","description":"","potentialAction":[{"@type":"SearchAction","target":{"@type":"EntryPoint","urlTemplate":"https:\/\/visionrockland.ca\/en\/?s={search_term_string}"},"query-input":{"@type":"PropertyValueSpecification","valueRequired":true,"valueName":"search_term_string"}}],"inLanguage":"en-US"},{"@type":"Person","@id":"https:\/\/visionrockland.ca\/en\/#\/schema\/person\/a09095fdf65e09e747105760fe90175c","name":"Anil Jhalli","image":{"@type":"ImageObject","inLanguage":"en-US","@id":"https:\/\/secure.gravatar.com\/avatar\/63becc64fff8877a05400459aa003b94a1fdc8d3954acacc688ee6a2bc39fef8?s=96&d=mm&r=g","url":"https:\/\/secure.gravatar.com\/avatar\/63becc64fff8877a05400459aa003b94a1fdc8d3954acacc688ee6a2bc39fef8?s=96&d=mm&r=g","contentUrl":"https:\/\/secure.gravatar.com\/avatar\/63becc64fff8877a05400459aa003b94a1fdc8d3954acacc688ee6a2bc39fef8?s=96&d=mm&r=g","caption":"Anil Jhalli"}}]}},"_links":{"self":[{"href":"https:\/\/visionrockland.ca\/en\/wp-json\/wp\/v2\/posts\/103093","targetHints":{"allow":["GET"]}}],"collection":[{"href":"https:\/\/visionrockland.ca\/en\/wp-json\/wp\/v2\/posts"}],"about":[{"href":"https:\/\/visionrockland.ca\/en\/wp-json\/wp\/v2\/types\/post"}],"author":[{"embeddable":true,"href":"https:\/\/visionrockland.ca\/en\/wp-json\/wp\/v2\/users\/27"}],"replies":[{"embeddable":true,"href":"https:\/\/visionrockland.ca\/en\/wp-json\/wp\/v2\/comments?post=103093"}],"version-history":[{"count":1,"href":"https:\/\/visionrockland.ca\/en\/wp-json\/wp\/v2\/posts\/103093\/revisions"}],"predecessor-version":[{"id":132461,"href":"https:\/\/visionrockland.ca\/en\/wp-json\/wp\/v2\/posts\/103093\/revisions\/132461"}],"wp:featuredmedia":[{"embeddable":true,"href":"https:\/\/visionrockland.ca\/en\/wp-json\/wp\/v2\/media\/103094"}],"wp:attachment":[{"href":"https:\/\/visionrockland.ca\/en\/wp-json\/wp\/v2\/media?parent=103093"}],"wp:term":[{"taxonomy":"category","embeddable":true,"href":"https:\/\/visionrockland.ca\/en\/wp-json\/wp\/v2\/categories?post=103093"},{"taxonomy":"post_tag","embeddable":true,"href":"https:\/\/visionrockland.ca\/en\/wp-json\/wp\/v2\/tags?post=103093"}],"curies":[{"name":"wp","href":"https:\/\/api.w.org\/{rel}","templated":true}]}}