{"id":103087,"date":"2024-09-04T11:31:22","date_gmt":"2024-09-04T15:31:22","guid":{"rendered":"https:\/\/editionap.ca\/?p=103087"},"modified":"2026-02-17T20:52:06","modified_gmt":"2026-02-17T19:52:06","slug":"annonce-du-financement-dun-nouveau-reseau-daqueduc-de-c-r-a-la-nation-2-2-2","status":"publish","type":"post","link":"https:\/\/visionrockland.ca\/en\/culture\/annonce-du-financement-dun-nouveau-reseau-daqueduc-de-c-r-a-la-nation-2-2-2\/","title":{"rendered":"La galerie Arbor expose les \u0153uvres d&#8217;un artiste de Rockland"},"content":{"rendered":"<p><b><span data-contrast=\"none\">Veronika McKerrell est ravie de partager ses derni\u00e8res cr\u00e9ations avec la communaut\u00e9 artistique locale.\u00a0<\/span><\/b><span data-ccp-props=\"{&quot;201341983&quot;:2,&quot;335551550&quot;:6,&quot;335551620&quot;:6,&quot;335559731&quot;:240,&quot;335559739&quot;:0,&quot;335559740&quot;:240}\">\u00a0<\/span><\/p>\n<p><span data-contrast=\"none\">McKerrell, qui r\u00e9side actuellement \u00e0 Rockland, expose ses \u0153uvres \u00e0 la galerie Arbor de Vankleek Hill jusqu&#8217;au 22 septembre.\u00a0<\/span><span data-ccp-props=\"{&quot;201341983&quot;:2,&quot;335551550&quot;:6,&quot;335551620&quot;:6,&quot;335559731&quot;:240,&quot;335559739&quot;:0,&quot;335559740&quot;:240}\">\u00a0<\/span><\/p>\n<p><span data-contrast=\"none\">L&#8217;exposition s&#8217;intitule \u00ab Contours narratifs \u00bb.\u00a0<\/span><span data-ccp-props=\"{&quot;201341983&quot;:2,&quot;335551550&quot;:6,&quot;335551620&quot;:6,&quot;335559731&quot;:240,&quot;335559739&quot;:0,&quot;335559740&quot;:240}\">\u00a0<\/span><\/p>\n<p><span data-contrast=\"none\">\u00ab Chaque tableau de cette exposition est le reflet de mes exp\u00e9riences, de mes pens\u00e9es et de mes \u00e9motions au cours de certains des moments les plus importants de ma vie \u00bb, a d\u00e9clar\u00e9 M. McKerrell, qui a v\u00e9cu un peu partout dans le monde et a \u00e9lu domicile \u00e0 Rockland au cours des deux derni\u00e8res ann\u00e9es. \u00ab Qu&#8217;il s&#8217;agisse de la perte de mon p\u00e8re pendant la pand\u00e9mie ou du r\u00f4le de la religion et de la souffrance dans la soci\u00e9t\u00e9, j&#8217;ai essay\u00e9 de mettre mes sentiments sur la toile d&#8217;une mani\u00e8re qui me ressemble \u00bb.<\/span><span data-ccp-props=\"{&quot;201341983&quot;:2,&quot;335551550&quot;:6,&quot;335551620&quot;:6,&quot;335559731&quot;:240,&quot;335559739&quot;:0,&quot;335559740&quot;:240}\">\u00a0<\/span><\/p>\n<p><span data-contrast=\"none\">McKerrell, qui est originaire du Kazakhstan, est une artiste autodidacte qui a suivi une formation en paysage et en peinture figurative \u00e0 la Leith School of Art et \u00e0 l&#8217;Essential School of Painting au Royaume-Uni.\u00a0<\/span><span data-ccp-props=\"{&quot;201341983&quot;:2,&quot;335551550&quot;:6,&quot;335551620&quot;:6,&quot;335559731&quot;:240,&quot;335559739&quot;:0,&quot;335559740&quot;:240}\">\u00a0<\/span><\/p>\n<p><span data-contrast=\"none\">Son travail consiste principalement \u00e0 dessiner et \u00e0 peindre, en combinant diff\u00e9rents m\u00e9diums pour explorer la fronti\u00e8re entre le r\u00e9alisme et l&#8217;abstraction.\u00a0<\/span><span data-ccp-props=\"{&quot;201341983&quot;:2,&quot;335551550&quot;:6,&quot;335551620&quot;:6,&quot;335559731&quot;:240,&quot;335559739&quot;:0,&quot;335559740&quot;:240}\">\u00a0<\/span><\/p>\n<p><span data-contrast=\"none\">\u00ab Il \u00e9tait important pour moi de poursuivre mon c\u00f4t\u00e9 cr\u00e9atif, peu importe ce que je voulais faire \u00bb, a d\u00e9clar\u00e9 Mme McKerell lors d&#8217;un entretien avec The Vision, peu apr\u00e8s le lancement de son exposition \u00e0 l&#8217;Arbor Gallery le 29 ao\u00fbt. \u00ab Peindre, dessiner, ce n&#8217;est pas un passe-temps pour moi. C&#8217;est un m\u00e9tier, une exploration. C&#8217;est de la joie. \u00bb<\/span><span data-ccp-props=\"{&quot;201341983&quot;:2,&quot;335551550&quot;:6,&quot;335551620&quot;:6,&quot;335559731&quot;:240,&quot;335559739&quot;:0,&quot;335559740&quot;:240}\">\u00a0<\/span><\/p>\n<p><span data-contrast=\"none\">Elle a \u00e9t\u00e9 influenc\u00e9e par des artistes comme Anselm Kiefer, Francis Bacon et Andrew Wyeth. Dans son travail, Veronika McKerrell souhaite capturer les formes structurelles et la m\u00e9canique du corps humain et de la nature, tout en plongeant dans des questions \u00e9motionnelles et philosophiques plus profondes.<\/span><span data-ccp-props=\"{&quot;201341983&quot;:2,&quot;335551550&quot;:6,&quot;335551620&quot;:6,&quot;335559731&quot;:240,&quot;335559739&quot;:0,&quot;335559740&quot;:240}\">\u00a0<\/span><\/p>\n<p><span data-contrast=\"none\">Depuis 2020, Veronika McKerrell a expos\u00e9 dans des galeries priv\u00e9es, des expositions de groupe et des expositions avec jury \u00e0 \u00c9dimbourg, Londres et Ottawa.\u00a0<\/span><span data-ccp-props=\"{&quot;201341983&quot;:2,&quot;335551550&quot;:6,&quot;335551620&quot;:6,&quot;335559731&quot;:240,&quot;335559739&quot;:0,&quot;335559740&quot;:240}\">\u00a0<\/span><\/p>\n<p><span data-contrast=\"none\">\u00ab J&#8217;apprends au fur et \u00e0 mesure, c&#8217;est un processus d&#8217;apprentissage sans fin \u00bb, a-t-elle ajout\u00e9.\u00a0<\/span><span data-ccp-props=\"{&quot;201341983&quot;:2,&quot;335551550&quot;:6,&quot;335551620&quot;:6,&quot;335559731&quot;:240,&quot;335559739&quot;:0,&quot;335559740&quot;:240}\">\u00a0<\/span><\/p>\n<p><span data-contrast=\"none\">L&#8217;Arbor Gallery organise un vernissage le samedi 7 septembre, au cours duquel Mme McKerell sera pr\u00e9sent\u00e9e pour que les gens puissent la rencontrer et discuter avec elle, tout en exposant sa derni\u00e8re \u0153uvre.\u00a0<\/span><span data-ccp-props=\"{&quot;201341983&quot;:2,&quot;335551550&quot;:6,&quot;335551620&quot;:6,&quot;335559731&quot;:240,&quot;335559739&quot;:0,&quot;335559740&quot;:240}\">\u00a0<\/span><\/p>\n<p><span data-contrast=\"none\">Parfois, en tant qu&#8217;artiste, vous voulez cr\u00e9er quelque chose juste pour vous, mais si vous voulez \u00eatre vu, vous devez faire conna\u00eetre votre travail \u00bb, a-t-elle d\u00e9clar\u00e9. \u00ab Certaines cr\u00e9ations peuvent \u00eatre personnelles et il peut \u00eatre un peu angoissant de montrer aux gens ce que l&#8217;on a cr\u00e9\u00e9. Ce sera formidable d&#8217;entendre ce que les gens ont \u00e0 dire et de partager des exp\u00e9riences avec de nombreux artistes.<\/span><span data-ccp-props=\"{&quot;201341983&quot;:2,&quot;335551550&quot;:6,&quot;335551620&quot;:6,&quot;335559731&quot;:240,&quot;335559739&quot;:0,&quot;335559740&quot;:240}\">\u00a0<\/span><\/p>\n<p><span data-contrast=\"none\">Visitez arborgallery.org pour plus d&#8217;informations sur les \u0153uvres pr\u00e9sent\u00e9es.\u00a0<\/span><span data-ccp-props=\"{&quot;201341983&quot;:2,&quot;335551550&quot;:6,&quot;335551620&quot;:6,&quot;335559731&quot;:240,&quot;335559739&quot;:0,&quot;335559740&quot;:240}\">\u00a0<\/span><\/p>\n<p><span data-contrast=\"none\">Pour en savoir plus sur Veronika McKerrell, visitez le site www.veronikamckerrellart.com.<\/span><span data-ccp-props=\"{&quot;201341983&quot;:2,&quot;335551550&quot;:6,&quot;335551620&quot;:6,&quot;335559731&quot;:240,&quot;335559739&quot;:0,&quot;335559740&quot;:240}\">\u00a0<\/span><\/p>\n<p><span data-ccp-props=\"{&quot;201341983&quot;:2,&quot;335551550&quot;:6,&quot;335551620&quot;:6,&quot;335559731&quot;:240,&quot;335559739&quot;:0,&quot;335559740&quot;:240}\">\u00a0<\/span><\/p>\n","protected":false},"excerpt":{"rendered":"<p>Veronika McKerrell est ravie de partager ses derni\u00e8res cr\u00e9ations avec la communaut\u00e9 artistique locale.\u00a0\u00a0 McKerrell, qui r\u00e9side actuellement \u00e0 Rockland, expose ses \u0153uvres \u00e0 la galerie Arbor de Vankleek Hill jusqu&#8217;au 22 septembre.\u00a0\u00a0 L&#8217;exposition s&#8217;intitule \u00ab Contours narratifs \u00bb.\u00a0\u00a0 \u00ab Chaque tableau de cette exposition est le reflet de mes exp\u00e9riences, de mes pens\u00e9es et [&hellip;]<\/p>\n","protected":false},"author":27,"featured_media":103088,"comment_status":"closed","ping_status":"open","sticky":false,"template":"","format":"standard","meta":{"_acf_changed":false,"footnotes":""},"categories":[42],"tags":[],"class_list":["post-103087","post","type-post","status-publish","format-standard","has-post-thumbnail","hentry","category-culture"],"acf":[],"featured_media_global":[],"yoast_head":"<!-- This site is optimized with the Yoast SEO plugin v27.4 - https:\/\/yoast.com\/product\/yoast-seo-wordpress\/ -->\n<title>La galerie Arbor expose les \u0153uvres d&#039;un artiste de Rockland - Vision<\/title>\n<meta name=\"description\" content=\"Veronika McKerrell est ravie de partager ses derni\u00e8res cr\u00e9ations avec la communaut\u00e9 artistique locale.\u00a0\u00a0\" \/>\n<meta name=\"robots\" content=\"index, follow, max-snippet:-1, max-image-preview:large, max-video-preview:-1\" \/>\n<link rel=\"canonical\" href=\"https:\/\/visionrockland.ca\/en\/culture\/annonce-du-financement-dun-nouveau-reseau-daqueduc-de-c-r-a-la-nation-2-2-2\/\" \/>\n<meta property=\"og:locale\" content=\"en_US\" \/>\n<meta property=\"og:type\" content=\"article\" \/>\n<meta property=\"og:title\" content=\"La galerie Arbor expose les \u0153uvres d&#039;un artiste de Rockland - Vision\" \/>\n<meta property=\"og:description\" content=\"Veronika McKerrell est ravie de partager ses derni\u00e8res cr\u00e9ations avec la communaut\u00e9 artistique locale.\u00a0\u00a0\" \/>\n<meta property=\"og:url\" content=\"https:\/\/visionrockland.ca\/en\/culture\/annonce-du-financement-dun-nouveau-reseau-daqueduc-de-c-r-a-la-nation-2-2-2\/\" \/>\n<meta property=\"og:site_name\" content=\"Vision\" \/>\n<meta property=\"article:published_time\" content=\"2024-09-04T15:31:22+00:00\" \/>\n<meta property=\"article:modified_time\" content=\"2026-02-17T19:52:06+00:00\" \/>\n<meta property=\"og:image\" content=\"https:\/\/cdn.editionap.ca\/wp-content\/uploads\/sites\/3\/2024\/09\/Rockland-artist.jpg\" \/>\n\t<meta property=\"og:image:width\" content=\"1440\" \/>\n\t<meta property=\"og:image:height\" content=\"1440\" \/>\n\t<meta property=\"og:image:type\" content=\"image\/jpeg\" \/>\n<meta name=\"author\" content=\"Anil Jhalli\" \/>\n<meta name=\"twitter:card\" content=\"summary_large_image\" \/>\n<meta name=\"twitter:label1\" content=\"Written by\" \/>\n\t<meta name=\"twitter:data1\" content=\"Anil Jhalli\" \/>\n\t<meta name=\"twitter:label2\" content=\"Est. reading time\" \/>\n\t<meta name=\"twitter:data2\" content=\"3 minutes\" \/>\n<script type=\"application\/ld+json\" class=\"yoast-schema-graph\">{\"@context\":\"https:\\\/\\\/schema.org\",\"@graph\":[{\"@type\":\"Article\",\"@id\":\"https:\\\/\\\/visionrockland.ca\\\/en\\\/culture\\\/annonce-du-financement-dun-nouveau-reseau-daqueduc-de-c-r-a-la-nation-2-2-2\\\/#article\",\"isPartOf\":{\"@id\":\"https:\\\/\\\/visionrockland.ca\\\/en\\\/culture\\\/annonce-du-financement-dun-nouveau-reseau-daqueduc-de-c-r-a-la-nation-2-2-2\\\/\"},\"author\":{\"name\":\"Anil Jhalli\",\"@id\":\"https:\\\/\\\/visionrockland.ca\\\/en\\\/#\\\/schema\\\/person\\\/a09095fdf65e09e747105760fe90175c\"},\"headline\":\"La galerie Arbor expose les \u0153uvres d&#8217;un artiste de Rockland\",\"datePublished\":\"2024-09-04T15:31:22+00:00\",\"dateModified\":\"2026-02-17T19:52:06+00:00\",\"mainEntityOfPage\":{\"@id\":\"https:\\\/\\\/visionrockland.ca\\\/en\\\/culture\\\/annonce-du-financement-dun-nouveau-reseau-daqueduc-de-c-r-a-la-nation-2-2-2\\\/\"},\"wordCount\":507,\"image\":{\"@id\":\"https:\\\/\\\/visionrockland.ca\\\/en\\\/culture\\\/annonce-du-financement-dun-nouveau-reseau-daqueduc-de-c-r-a-la-nation-2-2-2\\\/#primaryimage\"},\"thumbnailUrl\":\"https:\\\/\\\/cdn.editionap.ca\\\/wp-content\\\/uploads\\\/sites\\\/3\\\/2024\\\/09\\\/Rockland-artist.jpg\",\"articleSection\":[\"Culture\"],\"inLanguage\":\"en-US\"},{\"@type\":\"WebPage\",\"@id\":\"https:\\\/\\\/visionrockland.ca\\\/en\\\/culture\\\/annonce-du-financement-dun-nouveau-reseau-daqueduc-de-c-r-a-la-nation-2-2-2\\\/\",\"url\":\"https:\\\/\\\/visionrockland.ca\\\/en\\\/culture\\\/annonce-du-financement-dun-nouveau-reseau-daqueduc-de-c-r-a-la-nation-2-2-2\\\/\",\"name\":\"La galerie Arbor expose les \u0153uvres d'un artiste de Rockland - Vision\",\"isPartOf\":{\"@id\":\"https:\\\/\\\/visionrockland.ca\\\/en\\\/#website\"},\"primaryImageOfPage\":{\"@id\":\"https:\\\/\\\/visionrockland.ca\\\/en\\\/culture\\\/annonce-du-financement-dun-nouveau-reseau-daqueduc-de-c-r-a-la-nation-2-2-2\\\/#primaryimage\"},\"image\":{\"@id\":\"https:\\\/\\\/visionrockland.ca\\\/en\\\/culture\\\/annonce-du-financement-dun-nouveau-reseau-daqueduc-de-c-r-a-la-nation-2-2-2\\\/#primaryimage\"},\"thumbnailUrl\":\"https:\\\/\\\/cdn.editionap.ca\\\/wp-content\\\/uploads\\\/sites\\\/3\\\/2024\\\/09\\\/Rockland-artist.jpg\",\"datePublished\":\"2024-09-04T15:31:22+00:00\",\"dateModified\":\"2026-02-17T19:52:06+00:00\",\"author\":{\"@id\":\"https:\\\/\\\/visionrockland.ca\\\/en\\\/#\\\/schema\\\/person\\\/a09095fdf65e09e747105760fe90175c\"},\"description\":\"Veronika McKerrell est ravie de partager ses derni\u00e8res cr\u00e9ations avec la communaut\u00e9 artistique locale.\u00a0\u00a0\",\"breadcrumb\":{\"@id\":\"https:\\\/\\\/visionrockland.ca\\\/en\\\/culture\\\/annonce-du-financement-dun-nouveau-reseau-daqueduc-de-c-r-a-la-nation-2-2-2\\\/#breadcrumb\"},\"inLanguage\":\"en-US\",\"potentialAction\":[{\"@type\":\"ReadAction\",\"target\":[\"https:\\\/\\\/visionrockland.ca\\\/en\\\/culture\\\/annonce-du-financement-dun-nouveau-reseau-daqueduc-de-c-r-a-la-nation-2-2-2\\\/\"]}]},{\"@type\":\"ImageObject\",\"inLanguage\":\"en-US\",\"@id\":\"https:\\\/\\\/visionrockland.ca\\\/en\\\/culture\\\/annonce-du-financement-dun-nouveau-reseau-daqueduc-de-c-r-a-la-nation-2-2-2\\\/#primaryimage\",\"url\":\"https:\\\/\\\/cdn.editionap.ca\\\/wp-content\\\/uploads\\\/sites\\\/3\\\/2024\\\/09\\\/Rockland-artist.jpg\",\"contentUrl\":\"https:\\\/\\\/cdn.editionap.ca\\\/wp-content\\\/uploads\\\/sites\\\/3\\\/2024\\\/09\\\/Rockland-artist.jpg\",\"width\":1440,\"height\":1440,\"caption\":\"L'artiste de Rockland Veronika McKerrell expose actuellement \u00e0 l'Arbor Gallery de Vankleek Hill. Un exemple de la collection d'\u0153uvres, qui est actuellement expos\u00e9e \u00e0 la galerie d'art jusqu'au 22 septembre, est illustr\u00e9 ci-dessus.\"},{\"@type\":\"BreadcrumbList\",\"@id\":\"https:\\\/\\\/visionrockland.ca\\\/en\\\/culture\\\/annonce-du-financement-dun-nouveau-reseau-daqueduc-de-c-r-a-la-nation-2-2-2\\\/#breadcrumb\",\"itemListElement\":[{\"@type\":\"ListItem\",\"position\":1,\"name\":\"Accueil\",\"item\":\"https:\\\/\\\/visionrockland.ca\\\/en\\\/\"},{\"@type\":\"ListItem\",\"position\":2,\"name\":\"La galerie Arbor expose les \u0153uvres d&rsquo;un artiste de Rockland\"}]},{\"@type\":\"WebSite\",\"@id\":\"https:\\\/\\\/visionrockland.ca\\\/en\\\/#website\",\"url\":\"https:\\\/\\\/visionrockland.ca\\\/en\\\/\",\"name\":\"Vision\",\"description\":\"\",\"potentialAction\":[{\"@type\":\"SearchAction\",\"target\":{\"@type\":\"EntryPoint\",\"urlTemplate\":\"https:\\\/\\\/visionrockland.ca\\\/en\\\/?s={search_term_string}\"},\"query-input\":{\"@type\":\"PropertyValueSpecification\",\"valueRequired\":true,\"valueName\":\"search_term_string\"}}],\"inLanguage\":\"en-US\"},{\"@type\":\"Person\",\"@id\":\"https:\\\/\\\/visionrockland.ca\\\/en\\\/#\\\/schema\\\/person\\\/a09095fdf65e09e747105760fe90175c\",\"name\":\"Anil Jhalli\",\"image\":{\"@type\":\"ImageObject\",\"inLanguage\":\"en-US\",\"@id\":\"https:\\\/\\\/secure.gravatar.com\\\/avatar\\\/63becc64fff8877a05400459aa003b94a1fdc8d3954acacc688ee6a2bc39fef8?s=96&d=mm&r=g\",\"url\":\"https:\\\/\\\/secure.gravatar.com\\\/avatar\\\/63becc64fff8877a05400459aa003b94a1fdc8d3954acacc688ee6a2bc39fef8?s=96&d=mm&r=g\",\"contentUrl\":\"https:\\\/\\\/secure.gravatar.com\\\/avatar\\\/63becc64fff8877a05400459aa003b94a1fdc8d3954acacc688ee6a2bc39fef8?s=96&d=mm&r=g\",\"caption\":\"Anil Jhalli\"}}]}<\/script>\n<!-- \/ Yoast SEO plugin. -->","yoast_head_json":{"title":"La galerie Arbor expose les \u0153uvres d'un artiste de Rockland - Vision","description":"Veronika McKerrell est ravie de partager ses derni\u00e8res cr\u00e9ations avec la communaut\u00e9 artistique locale.\u00a0\u00a0","robots":{"index":"index","follow":"follow","max-snippet":"max-snippet:-1","max-image-preview":"max-image-preview:large","max-video-preview":"max-video-preview:-1"},"canonical":"https:\/\/visionrockland.ca\/en\/culture\/annonce-du-financement-dun-nouveau-reseau-daqueduc-de-c-r-a-la-nation-2-2-2\/","og_locale":"en_US","og_type":"article","og_title":"La galerie Arbor expose les \u0153uvres d'un artiste de Rockland - Vision","og_description":"Veronika McKerrell est ravie de partager ses derni\u00e8res cr\u00e9ations avec la communaut\u00e9 artistique locale.\u00a0\u00a0","og_url":"https:\/\/visionrockland.ca\/en\/culture\/annonce-du-financement-dun-nouveau-reseau-daqueduc-de-c-r-a-la-nation-2-2-2\/","og_site_name":"Vision","article_published_time":"2024-09-04T15:31:22+00:00","article_modified_time":"2026-02-17T19:52:06+00:00","og_image":[{"width":1440,"height":1440,"url":"https:\/\/cdn.editionap.ca\/wp-content\/uploads\/sites\/3\/2024\/09\/Rockland-artist.jpg","type":"image\/jpeg"}],"author":"Anil Jhalli","twitter_card":"summary_large_image","twitter_misc":{"Written by":"Anil Jhalli","Est. reading time":"3 minutes"},"schema":{"@context":"https:\/\/schema.org","@graph":[{"@type":"Article","@id":"https:\/\/visionrockland.ca\/en\/culture\/annonce-du-financement-dun-nouveau-reseau-daqueduc-de-c-r-a-la-nation-2-2-2\/#article","isPartOf":{"@id":"https:\/\/visionrockland.ca\/en\/culture\/annonce-du-financement-dun-nouveau-reseau-daqueduc-de-c-r-a-la-nation-2-2-2\/"},"author":{"name":"Anil Jhalli","@id":"https:\/\/visionrockland.ca\/en\/#\/schema\/person\/a09095fdf65e09e747105760fe90175c"},"headline":"La galerie Arbor expose les \u0153uvres d&#8217;un artiste de Rockland","datePublished":"2024-09-04T15:31:22+00:00","dateModified":"2026-02-17T19:52:06+00:00","mainEntityOfPage":{"@id":"https:\/\/visionrockland.ca\/en\/culture\/annonce-du-financement-dun-nouveau-reseau-daqueduc-de-c-r-a-la-nation-2-2-2\/"},"wordCount":507,"image":{"@id":"https:\/\/visionrockland.ca\/en\/culture\/annonce-du-financement-dun-nouveau-reseau-daqueduc-de-c-r-a-la-nation-2-2-2\/#primaryimage"},"thumbnailUrl":"https:\/\/cdn.editionap.ca\/wp-content\/uploads\/sites\/3\/2024\/09\/Rockland-artist.jpg","articleSection":["Culture"],"inLanguage":"en-US"},{"@type":"WebPage","@id":"https:\/\/visionrockland.ca\/en\/culture\/annonce-du-financement-dun-nouveau-reseau-daqueduc-de-c-r-a-la-nation-2-2-2\/","url":"https:\/\/visionrockland.ca\/en\/culture\/annonce-du-financement-dun-nouveau-reseau-daqueduc-de-c-r-a-la-nation-2-2-2\/","name":"La galerie Arbor expose les \u0153uvres d'un artiste de Rockland - Vision","isPartOf":{"@id":"https:\/\/visionrockland.ca\/en\/#website"},"primaryImageOfPage":{"@id":"https:\/\/visionrockland.ca\/en\/culture\/annonce-du-financement-dun-nouveau-reseau-daqueduc-de-c-r-a-la-nation-2-2-2\/#primaryimage"},"image":{"@id":"https:\/\/visionrockland.ca\/en\/culture\/annonce-du-financement-dun-nouveau-reseau-daqueduc-de-c-r-a-la-nation-2-2-2\/#primaryimage"},"thumbnailUrl":"https:\/\/cdn.editionap.ca\/wp-content\/uploads\/sites\/3\/2024\/09\/Rockland-artist.jpg","datePublished":"2024-09-04T15:31:22+00:00","dateModified":"2026-02-17T19:52:06+00:00","author":{"@id":"https:\/\/visionrockland.ca\/en\/#\/schema\/person\/a09095fdf65e09e747105760fe90175c"},"description":"Veronika McKerrell est ravie de partager ses derni\u00e8res cr\u00e9ations avec la communaut\u00e9 artistique locale.\u00a0\u00a0","breadcrumb":{"@id":"https:\/\/visionrockland.ca\/en\/culture\/annonce-du-financement-dun-nouveau-reseau-daqueduc-de-c-r-a-la-nation-2-2-2\/#breadcrumb"},"inLanguage":"en-US","potentialAction":[{"@type":"ReadAction","target":["https:\/\/visionrockland.ca\/en\/culture\/annonce-du-financement-dun-nouveau-reseau-daqueduc-de-c-r-a-la-nation-2-2-2\/"]}]},{"@type":"ImageObject","inLanguage":"en-US","@id":"https:\/\/visionrockland.ca\/en\/culture\/annonce-du-financement-dun-nouveau-reseau-daqueduc-de-c-r-a-la-nation-2-2-2\/#primaryimage","url":"https:\/\/cdn.editionap.ca\/wp-content\/uploads\/sites\/3\/2024\/09\/Rockland-artist.jpg","contentUrl":"https:\/\/cdn.editionap.ca\/wp-content\/uploads\/sites\/3\/2024\/09\/Rockland-artist.jpg","width":1440,"height":1440,"caption":"L'artiste de Rockland Veronika McKerrell expose actuellement \u00e0 l'Arbor Gallery de Vankleek Hill. Un exemple de la collection d'\u0153uvres, qui est actuellement expos\u00e9e \u00e0 la galerie d'art jusqu'au 22 septembre, est illustr\u00e9 ci-dessus."},{"@type":"BreadcrumbList","@id":"https:\/\/visionrockland.ca\/en\/culture\/annonce-du-financement-dun-nouveau-reseau-daqueduc-de-c-r-a-la-nation-2-2-2\/#breadcrumb","itemListElement":[{"@type":"ListItem","position":1,"name":"Accueil","item":"https:\/\/visionrockland.ca\/en\/"},{"@type":"ListItem","position":2,"name":"La galerie Arbor expose les \u0153uvres d&rsquo;un artiste de Rockland"}]},{"@type":"WebSite","@id":"https:\/\/visionrockland.ca\/en\/#website","url":"https:\/\/visionrockland.ca\/en\/","name":"Vision","description":"","potentialAction":[{"@type":"SearchAction","target":{"@type":"EntryPoint","urlTemplate":"https:\/\/visionrockland.ca\/en\/?s={search_term_string}"},"query-input":{"@type":"PropertyValueSpecification","valueRequired":true,"valueName":"search_term_string"}}],"inLanguage":"en-US"},{"@type":"Person","@id":"https:\/\/visionrockland.ca\/en\/#\/schema\/person\/a09095fdf65e09e747105760fe90175c","name":"Anil Jhalli","image":{"@type":"ImageObject","inLanguage":"en-US","@id":"https:\/\/secure.gravatar.com\/avatar\/63becc64fff8877a05400459aa003b94a1fdc8d3954acacc688ee6a2bc39fef8?s=96&d=mm&r=g","url":"https:\/\/secure.gravatar.com\/avatar\/63becc64fff8877a05400459aa003b94a1fdc8d3954acacc688ee6a2bc39fef8?s=96&d=mm&r=g","contentUrl":"https:\/\/secure.gravatar.com\/avatar\/63becc64fff8877a05400459aa003b94a1fdc8d3954acacc688ee6a2bc39fef8?s=96&d=mm&r=g","caption":"Anil Jhalli"}}]}},"_links":{"self":[{"href":"https:\/\/visionrockland.ca\/en\/wp-json\/wp\/v2\/posts\/103087","targetHints":{"allow":["GET"]}}],"collection":[{"href":"https:\/\/visionrockland.ca\/en\/wp-json\/wp\/v2\/posts"}],"about":[{"href":"https:\/\/visionrockland.ca\/en\/wp-json\/wp\/v2\/types\/post"}],"author":[{"embeddable":true,"href":"https:\/\/visionrockland.ca\/en\/wp-json\/wp\/v2\/users\/27"}],"replies":[{"embeddable":true,"href":"https:\/\/visionrockland.ca\/en\/wp-json\/wp\/v2\/comments?post=103087"}],"version-history":[{"count":1,"href":"https:\/\/visionrockland.ca\/en\/wp-json\/wp\/v2\/posts\/103087\/revisions"}],"predecessor-version":[{"id":132348,"href":"https:\/\/visionrockland.ca\/en\/wp-json\/wp\/v2\/posts\/103087\/revisions\/132348"}],"wp:featuredmedia":[{"embeddable":true,"href":"https:\/\/visionrockland.ca\/en\/wp-json\/wp\/v2\/media\/103088"}],"wp:attachment":[{"href":"https:\/\/visionrockland.ca\/en\/wp-json\/wp\/v2\/media?parent=103087"}],"wp:term":[{"taxonomy":"category","embeddable":true,"href":"https:\/\/visionrockland.ca\/en\/wp-json\/wp\/v2\/categories?post=103087"},{"taxonomy":"post_tag","embeddable":true,"href":"https:\/\/visionrockland.ca\/en\/wp-json\/wp\/v2\/tags?post=103087"}],"curies":[{"name":"wp","href":"https:\/\/api.w.org\/{rel}","templated":true}]}}