{"id":102900,"date":"2024-08-22T12:17:20","date_gmt":"2024-08-22T16:17:20","guid":{"rendered":"https:\/\/editionap.ca\/?p=102900"},"modified":"2026-02-17T20:52:07","modified_gmt":"2026-02-17T19:52:07","slug":"des-centaines-de-personnes-se-rassemblent-pour-rendre-hommage-a-un-agent-de-la-ppo-decede-et-pour-recueillir-des-fonds-pour-le-cheo","status":"publish","type":"post","link":"https:\/\/visionrockland.ca\/en\/actualites\/des-centaines-de-personnes-se-rassemblent-pour-rendre-hommage-a-un-agent-de-la-ppo-decede-et-pour-recueillir-des-fonds-pour-le-cheo\/","title":{"rendered":"Des centaines de personnes se rassemblent pour rendre hommage \u00e0 un agent de la PPO d\u00e9c\u00e9d\u00e9 et pour recueillir des fonds pour le CHEO"},"content":{"rendered":"<p><b><span data-contrast=\"none\">Le sergent Eric Mueller n&#8217;est peut-\u00eatre plus, mais son engagement et son amour pour sa communaut\u00e9 ne seront jamais oubli\u00e9s.\u00a0<\/span><\/b><span data-ccp-props=\"{&quot;201341983&quot;:2,&quot;335551550&quot;:6,&quot;335551620&quot;:6,&quot;335559731&quot;:240,&quot;335559739&quot;:0,&quot;335559740&quot;:240}\">\u00a0<\/span><\/p>\n<p><span data-contrast=\"none\">Plus de 200 personnes se sont rassembl\u00e9es au Club de golf Rockland le samedi 17 ao\u00fbt en l&#8217;honneur de l&#8217;ancien policier de la Police provinciale de l&#8217;Ontario (PPO), \u00e0 l&#8217;occasion du deuxi\u00e8me tournoi annuel de golf comm\u00e9moratif Sergent Eric Mueller, qui s&#8217;est d\u00e9roul\u00e9 le week-end dernier \u00e0 Rockland. Tous les fonds recueillis ont \u00e9t\u00e9 vers\u00e9s au Fonds de dotation comm\u00e9moratif Sergent Eric Mueller, qui soutient l&#8217;Unit\u00e9 n\u00e9onatale de soins intensifs du Centre hospitalier pour enfants de l&#8217;est de l&#8217;Ontario (CHEO).\u00a0<\/span><span data-ccp-props=\"{&quot;201341983&quot;:2,&quot;335551550&quot;:6,&quot;335551620&quot;:6,&quot;335559731&quot;:240,&quot;335559739&quot;:0,&quot;335559740&quot;:240}\">\u00a0<\/span><\/p>\n<p><span data-contrast=\"none\">Au moment de mettre sous presse, le porte-parole de l&#8217;OPP, Bill Dickson, a d\u00e9clar\u00e9 que le total initial de la journ\u00e9e s&#8217;\u00e9levait \u00e0 25 000$, mais que ce chiffre n&#8217;incluait pas l&#8217;argent recueilli lors de la vente aux ench\u00e8res silencieuse et d&#8217;autres \u00e9v\u00e9nements qui ont contribu\u00e9 \u00e0 collecter des fonds pour le fonds.<\/span><span data-ccp-props=\"{&quot;201341983&quot;:2,&quot;335551550&quot;:6,&quot;335551620&quot;:6,&quot;335559731&quot;:240,&quot;335559739&quot;:0,&quot;335559740&quot;:240}\">\u00a0<\/span><\/p>\n<p><span data-contrast=\"none\">Selon lui, \u00ab 216 golfeurs se sont inscrits, mais un quatuor a d\u00fb annuler \u00e0 la derni\u00e8re minute. Une trentaine d&#8217;autres personnes se sont inscrites pour le d\u00eener \u00bb.<\/span><span data-ccp-props=\"{&quot;201341983&quot;:2,&quot;335551550&quot;:6,&quot;335551620&quot;:6,&quot;335559731&quot;:240,&quot;335559739&quot;:0,&quot;335559740&quot;:240}\">\u00a0<\/span><\/p>\n<p><span data-contrast=\"none\">\u00ab Malgr\u00e9 un peu de pluie au d\u00e9but de la matin\u00e9e, tout le monde s&#8217;est bien amus\u00e9 \u00bb, a d\u00e9clar\u00e9 M. Dickson. \u00ab C&#8217;est tellement spectaculaire de rendre hommage \u00e0 Eric et d&#8217;appuyer son h\u00e9ritage par le biais du fonds de dotation cr\u00e9\u00e9 au CHEO en son nom \u00ab .<\/span><span data-ccp-props=\"{&quot;201341983&quot;:2,&quot;335551550&quot;:6,&quot;335551620&quot;:6,&quot;335559731&quot;:240,&quot;335559739&quot;:0,&quot;335559740&quot;:240}\">\u00a0<\/span><\/p>\n<p><span data-contrast=\"none\">Le maire de Clarence-Rockland (C-R), Mario Zanth, a assist\u00e9 \u00e0 l&#8217;\u00e9v\u00e9nement, accompagn\u00e9 de ses coll\u00e8gues du conseil municipal de C-R, Carl Grimard, Andr\u00e9 Lalonde et Samuel Cardarelli.<\/span><span data-ccp-props=\"{&quot;201341983&quot;:2,&quot;335551550&quot;:6,&quot;335551620&quot;:6,&quot;335559731&quot;:240,&quot;335559739&quot;:0,&quot;335559740&quot;:240}\">\u00a0<\/span><\/p>\n<p><span data-contrast=\"none\">\u00ab Une autre belle journ\u00e9e au tournoi de golf de la Police provinciale de l&#8217;Ontario pour le CHEO et le sergent Eric Mueller \u00bb, a d\u00e9clar\u00e9 M. Zanth dans un message publi\u00e9 sur Facebook. \u00ab J&#8217;ai eu le plaisir de passer la journ\u00e9e avec mes coll\u00e8gues et les hommes et femmes de la communaut\u00e9 de la Police provinciale de l&#8217;Ontario.<\/span><span data-ccp-props=\"{&quot;201341983&quot;:2,&quot;335551550&quot;:6,&quot;335551620&quot;:6,&quot;335559731&quot;:240,&quot;335559739&quot;:0,&quot;335559740&quot;:240}\">\u00a0<\/span><\/p>\n<p><span data-ccp-props=\"{&quot;201341983&quot;:2,&quot;335551550&quot;:6,&quot;335551620&quot;:6,&quot;335559731&quot;:240,&quot;335559739&quot;:0,&quot;335559740&quot;:240}\">\u00a0<\/span><b><span data-contrast=\"none\">\u2018Un policier exemplaire\u2019<\/span><\/b><span data-ccp-props=\"{&quot;201341983&quot;:2,&quot;335551550&quot;:6,&quot;335551620&quot;:6,&quot;335559731&quot;:240,&quot;335559739&quot;:0,&quot;335559740&quot;:240}\">\u00a0<\/span><\/p>\n<p><span data-contrast=\"none\">Le 11 mai 2023, vers 2 heures du matin, la police a r\u00e9pondu \u00e0 un signalement de coups de feu dans un quartier de Bourget. Les trois agents qui ont r\u00e9pondu \u00e0 l&#8217;appel ont \u00e9t\u00e9 la cible de coups de feu dans une maison de la rue Laval et ont \u00e9t\u00e9 transport\u00e9s \u00e0 l&#8217;h\u00f4pital d&#8217;Ottawa. Deux des agents ont \u00e9t\u00e9 bless\u00e9s, tandis que le sergent Eric Mueller a succomb\u00e9 \u00e0 ses blessures.\u00a0\u00a0<\/span><span data-ccp-props=\"{&quot;201341983&quot;:2,&quot;335551550&quot;:6,&quot;335551620&quot;:6,&quot;335559731&quot;:240,&quot;335559739&quot;:0,&quot;335559740&quot;:240}\">\u00a0<\/span><\/p>\n<p><span data-contrast=\"none\">Alain Bellefeuille, 39 ans, a \u00e9t\u00e9 inculp\u00e9 d&#8217;un chef d&#8217;accusation de meurtre au premier degr\u00e9 et de deux chefs d&#8217;accusation de tentative de meurtre.\u202f\u202f\u00a0\u00a0<\/span><span data-ccp-props=\"{&quot;201341983&quot;:2,&quot;335551550&quot;:6,&quot;335551620&quot;:6,&quot;335559731&quot;:240,&quot;335559739&quot;:0,&quot;335559740&quot;:240}\">\u00a0<\/span><\/p>\n<p><span data-contrast=\"none\">Le sergent Mueller laisse derri\u00e8re lui une femme et deux enfants.\u00a0\u00a0<\/span><span data-ccp-props=\"{&quot;201341983&quot;:2,&quot;335551550&quot;:6,&quot;335551620&quot;:6,&quot;335559731&quot;:240,&quot;335559739&quot;:0,&quot;335559740&quot;:240}\">\u00a0<\/span><\/p>\n<p><span data-contrast=\"none\">Apr\u00e8s la fusillade, le commissaire de la Police provinciale de l&#8217;Ontario, Thomas Carrique, a d\u00e9crit le sergent Mueller comme un policier exemplaire et un p\u00e8re de famille qui a fait preuve de d\u00e9vouement \u00e0 son devoir et d&#8217;engagement envers ses coll\u00e8gues au cours de ses 21 ann\u00e9es de carri\u00e8re dans la police.\u00a0<\/span><\/p>\n<p>Mueller a commenc\u00e9 sa carri\u00e8re de policier en tant qu&#8217;agent sp\u00e9cial au sein de l&#8217;unit\u00e9 de transport des d\u00e9linquants \u00e0 Ottawa. Il a \u00e9t\u00e9 engag\u00e9 comme agent provincial en 2006 et a \u00e9t\u00e9 promu sergent en 2018 en reconnaissance de ses performances, a d\u00e9clar\u00e9 M. Carrique lors d&#8217;une conf\u00e9rence de presse apr\u00e8s la fusillade.<\/p>\n<p><span data-ccp-props=\"{&quot;201341983&quot;:2,&quot;335551550&quot;:6,&quot;335551620&quot;:6,&quot;335559731&quot;:240,&quot;335559739&quot;:0,&quot;335559740&quot;:240}\">\u00a0<\/span><\/p>\n","protected":false},"excerpt":{"rendered":"<p>Le sergent Eric Mueller n&#8217;est peut-\u00eatre plus, mais son engagement et son amour pour sa communaut\u00e9 ne seront jamais oubli\u00e9s.\u00a0\u00a0 Plus de 200 personnes se sont rassembl\u00e9es au Club de golf Rockland le samedi 17 ao\u00fbt en l&#8217;honneur de l&#8217;ancien policier de la Police provinciale de l&#8217;Ontario (PPO), \u00e0 l&#8217;occasion du deuxi\u00e8me tournoi annuel de [&hellip;]<\/p>\n","protected":false},"author":27,"featured_media":102901,"comment_status":"closed","ping_status":"open","sticky":false,"template":"","format":"standard","meta":{"_acf_changed":false,"footnotes":""},"categories":[37],"tags":[],"class_list":["post-102900","post","type-post","status-publish","format-standard","has-post-thumbnail","hentry","category-actualites"],"acf":[],"featured_media_global":[],"yoast_head":"<!-- This site is optimized with the Yoast SEO plugin v27.4 - https:\/\/yoast.com\/product\/yoast-seo-wordpress\/ -->\n<title>Des centaines de personnes se rassemblent pour rendre hommage \u00e0 un agent de la PPO d\u00e9c\u00e9d\u00e9 et pour recueillir des fonds pour le CHEO - Vision<\/title>\n<meta name=\"description\" content=\"Le sergent Eric Mueller n&#039;est peut-\u00eatre plus, mais son engagement et son amour pour sa communaut\u00e9 ne seront jamais oubli\u00e9s.\u00a0\" \/>\n<meta name=\"robots\" content=\"index, follow, max-snippet:-1, max-image-preview:large, max-video-preview:-1\" \/>\n<link rel=\"canonical\" href=\"https:\/\/visionrockland.ca\/en\/actualites\/des-centaines-de-personnes-se-rassemblent-pour-rendre-hommage-a-un-agent-de-la-ppo-decede-et-pour-recueillir-des-fonds-pour-le-cheo\/\" \/>\n<meta property=\"og:locale\" content=\"en_US\" \/>\n<meta property=\"og:type\" content=\"article\" \/>\n<meta property=\"og:title\" content=\"Des centaines de personnes se rassemblent pour rendre hommage \u00e0 un agent de la PPO d\u00e9c\u00e9d\u00e9 et pour recueillir des fonds pour le CHEO - Vision\" \/>\n<meta property=\"og:description\" content=\"Le sergent Eric Mueller n&#039;est peut-\u00eatre plus, mais son engagement et son amour pour sa communaut\u00e9 ne seront jamais oubli\u00e9s.\u00a0\" \/>\n<meta property=\"og:url\" content=\"https:\/\/visionrockland.ca\/en\/actualites\/des-centaines-de-personnes-se-rassemblent-pour-rendre-hommage-a-un-agent-de-la-ppo-decede-et-pour-recueillir-des-fonds-pour-le-cheo\/\" \/>\n<meta property=\"og:site_name\" content=\"Vision\" \/>\n<meta property=\"article:published_time\" content=\"2024-08-22T16:17:20+00:00\" \/>\n<meta property=\"article:modified_time\" content=\"2026-02-17T19:52:07+00:00\" \/>\n<meta property=\"og:image\" content=\"https:\/\/cdn.editionap.ca\/wp-content\/uploads\/sites\/3\/2024\/08\/gold-photo.jpg\" \/>\n\t<meta property=\"og:image:width\" content=\"2048\" \/>\n\t<meta property=\"og:image:height\" content=\"956\" \/>\n\t<meta property=\"og:image:type\" content=\"image\/jpeg\" \/>\n<meta name=\"author\" content=\"Anil Jhalli\" \/>\n<meta name=\"twitter:card\" content=\"summary_large_image\" \/>\n<meta name=\"twitter:label1\" content=\"Written by\" \/>\n\t<meta name=\"twitter:data1\" content=\"Anil Jhalli\" \/>\n\t<meta name=\"twitter:label2\" content=\"Est. reading time\" \/>\n\t<meta name=\"twitter:data2\" content=\"3 minutes\" \/>\n<script type=\"application\/ld+json\" class=\"yoast-schema-graph\">{\"@context\":\"https:\\\/\\\/schema.org\",\"@graph\":[{\"@type\":\"Article\",\"@id\":\"https:\\\/\\\/visionrockland.ca\\\/en\\\/actualites\\\/des-centaines-de-personnes-se-rassemblent-pour-rendre-hommage-a-un-agent-de-la-ppo-decede-et-pour-recueillir-des-fonds-pour-le-cheo\\\/#article\",\"isPartOf\":{\"@id\":\"https:\\\/\\\/visionrockland.ca\\\/en\\\/actualites\\\/des-centaines-de-personnes-se-rassemblent-pour-rendre-hommage-a-un-agent-de-la-ppo-decede-et-pour-recueillir-des-fonds-pour-le-cheo\\\/\"},\"author\":{\"name\":\"Anil Jhalli\",\"@id\":\"https:\\\/\\\/visionrockland.ca\\\/en\\\/#\\\/schema\\\/person\\\/a09095fdf65e09e747105760fe90175c\"},\"headline\":\"Des centaines de personnes se rassemblent pour rendre hommage \u00e0 un agent de la PPO d\u00e9c\u00e9d\u00e9 et pour recueillir des fonds pour le CHEO\",\"datePublished\":\"2024-08-22T16:17:20+00:00\",\"dateModified\":\"2026-02-17T19:52:07+00:00\",\"mainEntityOfPage\":{\"@id\":\"https:\\\/\\\/visionrockland.ca\\\/en\\\/actualites\\\/des-centaines-de-personnes-se-rassemblent-pour-rendre-hommage-a-un-agent-de-la-ppo-decede-et-pour-recueillir-des-fonds-pour-le-cheo\\\/\"},\"wordCount\":603,\"image\":{\"@id\":\"https:\\\/\\\/visionrockland.ca\\\/en\\\/actualites\\\/des-centaines-de-personnes-se-rassemblent-pour-rendre-hommage-a-un-agent-de-la-ppo-decede-et-pour-recueillir-des-fonds-pour-le-cheo\\\/#primaryimage\"},\"thumbnailUrl\":\"https:\\\/\\\/cdn.editionap.ca\\\/wp-content\\\/uploads\\\/sites\\\/3\\\/2024\\\/08\\\/gold-photo.jpg\",\"articleSection\":[\"Actualit\u00e9s\"],\"inLanguage\":\"en-US\"},{\"@type\":\"WebPage\",\"@id\":\"https:\\\/\\\/visionrockland.ca\\\/en\\\/actualites\\\/des-centaines-de-personnes-se-rassemblent-pour-rendre-hommage-a-un-agent-de-la-ppo-decede-et-pour-recueillir-des-fonds-pour-le-cheo\\\/\",\"url\":\"https:\\\/\\\/visionrockland.ca\\\/en\\\/actualites\\\/des-centaines-de-personnes-se-rassemblent-pour-rendre-hommage-a-un-agent-de-la-ppo-decede-et-pour-recueillir-des-fonds-pour-le-cheo\\\/\",\"name\":\"Des centaines de personnes se rassemblent pour rendre hommage \u00e0 un agent de la PPO d\u00e9c\u00e9d\u00e9 et pour recueillir des fonds pour le CHEO - Vision\",\"isPartOf\":{\"@id\":\"https:\\\/\\\/visionrockland.ca\\\/en\\\/#website\"},\"primaryImageOfPage\":{\"@id\":\"https:\\\/\\\/visionrockland.ca\\\/en\\\/actualites\\\/des-centaines-de-personnes-se-rassemblent-pour-rendre-hommage-a-un-agent-de-la-ppo-decede-et-pour-recueillir-des-fonds-pour-le-cheo\\\/#primaryimage\"},\"image\":{\"@id\":\"https:\\\/\\\/visionrockland.ca\\\/en\\\/actualites\\\/des-centaines-de-personnes-se-rassemblent-pour-rendre-hommage-a-un-agent-de-la-ppo-decede-et-pour-recueillir-des-fonds-pour-le-cheo\\\/#primaryimage\"},\"thumbnailUrl\":\"https:\\\/\\\/cdn.editionap.ca\\\/wp-content\\\/uploads\\\/sites\\\/3\\\/2024\\\/08\\\/gold-photo.jpg\",\"datePublished\":\"2024-08-22T16:17:20+00:00\",\"dateModified\":\"2026-02-17T19:52:07+00:00\",\"author\":{\"@id\":\"https:\\\/\\\/visionrockland.ca\\\/en\\\/#\\\/schema\\\/person\\\/a09095fdf65e09e747105760fe90175c\"},\"description\":\"Le sergent Eric Mueller n'est peut-\u00eatre plus, mais son engagement et son amour pour sa communaut\u00e9 ne seront jamais oubli\u00e9s.\u00a0\",\"breadcrumb\":{\"@id\":\"https:\\\/\\\/visionrockland.ca\\\/en\\\/actualites\\\/des-centaines-de-personnes-se-rassemblent-pour-rendre-hommage-a-un-agent-de-la-ppo-decede-et-pour-recueillir-des-fonds-pour-le-cheo\\\/#breadcrumb\"},\"inLanguage\":\"en-US\",\"potentialAction\":[{\"@type\":\"ReadAction\",\"target\":[\"https:\\\/\\\/visionrockland.ca\\\/en\\\/actualites\\\/des-centaines-de-personnes-se-rassemblent-pour-rendre-hommage-a-un-agent-de-la-ppo-decede-et-pour-recueillir-des-fonds-pour-le-cheo\\\/\"]}]},{\"@type\":\"ImageObject\",\"inLanguage\":\"en-US\",\"@id\":\"https:\\\/\\\/visionrockland.ca\\\/en\\\/actualites\\\/des-centaines-de-personnes-se-rassemblent-pour-rendre-hommage-a-un-agent-de-la-ppo-decede-et-pour-recueillir-des-fonds-pour-le-cheo\\\/#primaryimage\",\"url\":\"https:\\\/\\\/cdn.editionap.ca\\\/wp-content\\\/uploads\\\/sites\\\/3\\\/2024\\\/08\\\/gold-photo.jpg\",\"contentUrl\":\"https:\\\/\\\/cdn.editionap.ca\\\/wp-content\\\/uploads\\\/sites\\\/3\\\/2024\\\/08\\\/gold-photo.jpg\",\"width\":2048,\"height\":956,\"caption\":\"Les conseillers municipaux de Clarence-Rockland Carl Grimard, Andr\u00e9 Lalonde et Samuel Cardarelli se sont joints au maire Mario Zanth lors du deuxi\u00e8me tournoi de golf annuel \u00e0 la m\u00e9moire du sergent Eric Mueller, qui a eu lieu le samedi 17 ao\u00fbt au Club de golf Rockland. Le tournoi a permis d'amasser plus de 25 000 $ qui seront vers\u00e9s au Fonds de dotation comm\u00e9moratif du sergent Eric Mueller qui soutient l'Unit\u00e9 n\u00e9onatale de soins intensifs du CHEO.\"},{\"@type\":\"BreadcrumbList\",\"@id\":\"https:\\\/\\\/visionrockland.ca\\\/en\\\/actualites\\\/des-centaines-de-personnes-se-rassemblent-pour-rendre-hommage-a-un-agent-de-la-ppo-decede-et-pour-recueillir-des-fonds-pour-le-cheo\\\/#breadcrumb\",\"itemListElement\":[{\"@type\":\"ListItem\",\"position\":1,\"name\":\"Accueil\",\"item\":\"https:\\\/\\\/visionrockland.ca\\\/en\\\/\"},{\"@type\":\"ListItem\",\"position\":2,\"name\":\"Des centaines de personnes se rassemblent pour rendre hommage \u00e0 un agent de la PPO d\u00e9c\u00e9d\u00e9 et pour recueillir des fonds pour le CHEO\"}]},{\"@type\":\"WebSite\",\"@id\":\"https:\\\/\\\/visionrockland.ca\\\/en\\\/#website\",\"url\":\"https:\\\/\\\/visionrockland.ca\\\/en\\\/\",\"name\":\"Vision\",\"description\":\"\",\"potentialAction\":[{\"@type\":\"SearchAction\",\"target\":{\"@type\":\"EntryPoint\",\"urlTemplate\":\"https:\\\/\\\/visionrockland.ca\\\/en\\\/?s={search_term_string}\"},\"query-input\":{\"@type\":\"PropertyValueSpecification\",\"valueRequired\":true,\"valueName\":\"search_term_string\"}}],\"inLanguage\":\"en-US\"},{\"@type\":\"Person\",\"@id\":\"https:\\\/\\\/visionrockland.ca\\\/en\\\/#\\\/schema\\\/person\\\/a09095fdf65e09e747105760fe90175c\",\"name\":\"Anil Jhalli\",\"image\":{\"@type\":\"ImageObject\",\"inLanguage\":\"en-US\",\"@id\":\"https:\\\/\\\/secure.gravatar.com\\\/avatar\\\/63becc64fff8877a05400459aa003b94a1fdc8d3954acacc688ee6a2bc39fef8?s=96&d=mm&r=g\",\"url\":\"https:\\\/\\\/secure.gravatar.com\\\/avatar\\\/63becc64fff8877a05400459aa003b94a1fdc8d3954acacc688ee6a2bc39fef8?s=96&d=mm&r=g\",\"contentUrl\":\"https:\\\/\\\/secure.gravatar.com\\\/avatar\\\/63becc64fff8877a05400459aa003b94a1fdc8d3954acacc688ee6a2bc39fef8?s=96&d=mm&r=g\",\"caption\":\"Anil Jhalli\"}}]}<\/script>\n<!-- \/ Yoast SEO plugin. -->","yoast_head_json":{"title":"Des centaines de personnes se rassemblent pour rendre hommage \u00e0 un agent de la PPO d\u00e9c\u00e9d\u00e9 et pour recueillir des fonds pour le CHEO - Vision","description":"Le sergent Eric Mueller n'est peut-\u00eatre plus, mais son engagement et son amour pour sa communaut\u00e9 ne seront jamais oubli\u00e9s.\u00a0","robots":{"index":"index","follow":"follow","max-snippet":"max-snippet:-1","max-image-preview":"max-image-preview:large","max-video-preview":"max-video-preview:-1"},"canonical":"https:\/\/visionrockland.ca\/en\/actualites\/des-centaines-de-personnes-se-rassemblent-pour-rendre-hommage-a-un-agent-de-la-ppo-decede-et-pour-recueillir-des-fonds-pour-le-cheo\/","og_locale":"en_US","og_type":"article","og_title":"Des centaines de personnes se rassemblent pour rendre hommage \u00e0 un agent de la PPO d\u00e9c\u00e9d\u00e9 et pour recueillir des fonds pour le CHEO - Vision","og_description":"Le sergent Eric Mueller n'est peut-\u00eatre plus, mais son engagement et son amour pour sa communaut\u00e9 ne seront jamais oubli\u00e9s.\u00a0","og_url":"https:\/\/visionrockland.ca\/en\/actualites\/des-centaines-de-personnes-se-rassemblent-pour-rendre-hommage-a-un-agent-de-la-ppo-decede-et-pour-recueillir-des-fonds-pour-le-cheo\/","og_site_name":"Vision","article_published_time":"2024-08-22T16:17:20+00:00","article_modified_time":"2026-02-17T19:52:07+00:00","og_image":[{"width":2048,"height":956,"url":"https:\/\/cdn.editionap.ca\/wp-content\/uploads\/sites\/3\/2024\/08\/gold-photo.jpg","type":"image\/jpeg"}],"author":"Anil Jhalli","twitter_card":"summary_large_image","twitter_misc":{"Written by":"Anil Jhalli","Est. reading time":"3 minutes"},"schema":{"@context":"https:\/\/schema.org","@graph":[{"@type":"Article","@id":"https:\/\/visionrockland.ca\/en\/actualites\/des-centaines-de-personnes-se-rassemblent-pour-rendre-hommage-a-un-agent-de-la-ppo-decede-et-pour-recueillir-des-fonds-pour-le-cheo\/#article","isPartOf":{"@id":"https:\/\/visionrockland.ca\/en\/actualites\/des-centaines-de-personnes-se-rassemblent-pour-rendre-hommage-a-un-agent-de-la-ppo-decede-et-pour-recueillir-des-fonds-pour-le-cheo\/"},"author":{"name":"Anil Jhalli","@id":"https:\/\/visionrockland.ca\/en\/#\/schema\/person\/a09095fdf65e09e747105760fe90175c"},"headline":"Des centaines de personnes se rassemblent pour rendre hommage \u00e0 un agent de la PPO d\u00e9c\u00e9d\u00e9 et pour recueillir des fonds pour le CHEO","datePublished":"2024-08-22T16:17:20+00:00","dateModified":"2026-02-17T19:52:07+00:00","mainEntityOfPage":{"@id":"https:\/\/visionrockland.ca\/en\/actualites\/des-centaines-de-personnes-se-rassemblent-pour-rendre-hommage-a-un-agent-de-la-ppo-decede-et-pour-recueillir-des-fonds-pour-le-cheo\/"},"wordCount":603,"image":{"@id":"https:\/\/visionrockland.ca\/en\/actualites\/des-centaines-de-personnes-se-rassemblent-pour-rendre-hommage-a-un-agent-de-la-ppo-decede-et-pour-recueillir-des-fonds-pour-le-cheo\/#primaryimage"},"thumbnailUrl":"https:\/\/cdn.editionap.ca\/wp-content\/uploads\/sites\/3\/2024\/08\/gold-photo.jpg","articleSection":["Actualit\u00e9s"],"inLanguage":"en-US"},{"@type":"WebPage","@id":"https:\/\/visionrockland.ca\/en\/actualites\/des-centaines-de-personnes-se-rassemblent-pour-rendre-hommage-a-un-agent-de-la-ppo-decede-et-pour-recueillir-des-fonds-pour-le-cheo\/","url":"https:\/\/visionrockland.ca\/en\/actualites\/des-centaines-de-personnes-se-rassemblent-pour-rendre-hommage-a-un-agent-de-la-ppo-decede-et-pour-recueillir-des-fonds-pour-le-cheo\/","name":"Des centaines de personnes se rassemblent pour rendre hommage \u00e0 un agent de la PPO d\u00e9c\u00e9d\u00e9 et pour recueillir des fonds pour le CHEO - Vision","isPartOf":{"@id":"https:\/\/visionrockland.ca\/en\/#website"},"primaryImageOfPage":{"@id":"https:\/\/visionrockland.ca\/en\/actualites\/des-centaines-de-personnes-se-rassemblent-pour-rendre-hommage-a-un-agent-de-la-ppo-decede-et-pour-recueillir-des-fonds-pour-le-cheo\/#primaryimage"},"image":{"@id":"https:\/\/visionrockland.ca\/en\/actualites\/des-centaines-de-personnes-se-rassemblent-pour-rendre-hommage-a-un-agent-de-la-ppo-decede-et-pour-recueillir-des-fonds-pour-le-cheo\/#primaryimage"},"thumbnailUrl":"https:\/\/cdn.editionap.ca\/wp-content\/uploads\/sites\/3\/2024\/08\/gold-photo.jpg","datePublished":"2024-08-22T16:17:20+00:00","dateModified":"2026-02-17T19:52:07+00:00","author":{"@id":"https:\/\/visionrockland.ca\/en\/#\/schema\/person\/a09095fdf65e09e747105760fe90175c"},"description":"Le sergent Eric Mueller n'est peut-\u00eatre plus, mais son engagement et son amour pour sa communaut\u00e9 ne seront jamais oubli\u00e9s.\u00a0","breadcrumb":{"@id":"https:\/\/visionrockland.ca\/en\/actualites\/des-centaines-de-personnes-se-rassemblent-pour-rendre-hommage-a-un-agent-de-la-ppo-decede-et-pour-recueillir-des-fonds-pour-le-cheo\/#breadcrumb"},"inLanguage":"en-US","potentialAction":[{"@type":"ReadAction","target":["https:\/\/visionrockland.ca\/en\/actualites\/des-centaines-de-personnes-se-rassemblent-pour-rendre-hommage-a-un-agent-de-la-ppo-decede-et-pour-recueillir-des-fonds-pour-le-cheo\/"]}]},{"@type":"ImageObject","inLanguage":"en-US","@id":"https:\/\/visionrockland.ca\/en\/actualites\/des-centaines-de-personnes-se-rassemblent-pour-rendre-hommage-a-un-agent-de-la-ppo-decede-et-pour-recueillir-des-fonds-pour-le-cheo\/#primaryimage","url":"https:\/\/cdn.editionap.ca\/wp-content\/uploads\/sites\/3\/2024\/08\/gold-photo.jpg","contentUrl":"https:\/\/cdn.editionap.ca\/wp-content\/uploads\/sites\/3\/2024\/08\/gold-photo.jpg","width":2048,"height":956,"caption":"Les conseillers municipaux de Clarence-Rockland Carl Grimard, Andr\u00e9 Lalonde et Samuel Cardarelli se sont joints au maire Mario Zanth lors du deuxi\u00e8me tournoi de golf annuel \u00e0 la m\u00e9moire du sergent Eric Mueller, qui a eu lieu le samedi 17 ao\u00fbt au Club de golf Rockland. Le tournoi a permis d'amasser plus de 25 000 $ qui seront vers\u00e9s au Fonds de dotation comm\u00e9moratif du sergent Eric Mueller qui soutient l'Unit\u00e9 n\u00e9onatale de soins intensifs du CHEO."},{"@type":"BreadcrumbList","@id":"https:\/\/visionrockland.ca\/en\/actualites\/des-centaines-de-personnes-se-rassemblent-pour-rendre-hommage-a-un-agent-de-la-ppo-decede-et-pour-recueillir-des-fonds-pour-le-cheo\/#breadcrumb","itemListElement":[{"@type":"ListItem","position":1,"name":"Accueil","item":"https:\/\/visionrockland.ca\/en\/"},{"@type":"ListItem","position":2,"name":"Des centaines de personnes se rassemblent pour rendre hommage \u00e0 un agent de la PPO d\u00e9c\u00e9d\u00e9 et pour recueillir des fonds pour le CHEO"}]},{"@type":"WebSite","@id":"https:\/\/visionrockland.ca\/en\/#website","url":"https:\/\/visionrockland.ca\/en\/","name":"Vision","description":"","potentialAction":[{"@type":"SearchAction","target":{"@type":"EntryPoint","urlTemplate":"https:\/\/visionrockland.ca\/en\/?s={search_term_string}"},"query-input":{"@type":"PropertyValueSpecification","valueRequired":true,"valueName":"search_term_string"}}],"inLanguage":"en-US"},{"@type":"Person","@id":"https:\/\/visionrockland.ca\/en\/#\/schema\/person\/a09095fdf65e09e747105760fe90175c","name":"Anil Jhalli","image":{"@type":"ImageObject","inLanguage":"en-US","@id":"https:\/\/secure.gravatar.com\/avatar\/63becc64fff8877a05400459aa003b94a1fdc8d3954acacc688ee6a2bc39fef8?s=96&d=mm&r=g","url":"https:\/\/secure.gravatar.com\/avatar\/63becc64fff8877a05400459aa003b94a1fdc8d3954acacc688ee6a2bc39fef8?s=96&d=mm&r=g","contentUrl":"https:\/\/secure.gravatar.com\/avatar\/63becc64fff8877a05400459aa003b94a1fdc8d3954acacc688ee6a2bc39fef8?s=96&d=mm&r=g","caption":"Anil Jhalli"}}]}},"_links":{"self":[{"href":"https:\/\/visionrockland.ca\/en\/wp-json\/wp\/v2\/posts\/102900","targetHints":{"allow":["GET"]}}],"collection":[{"href":"https:\/\/visionrockland.ca\/en\/wp-json\/wp\/v2\/posts"}],"about":[{"href":"https:\/\/visionrockland.ca\/en\/wp-json\/wp\/v2\/types\/post"}],"author":[{"embeddable":true,"href":"https:\/\/visionrockland.ca\/en\/wp-json\/wp\/v2\/users\/27"}],"replies":[{"embeddable":true,"href":"https:\/\/visionrockland.ca\/en\/wp-json\/wp\/v2\/comments?post=102900"}],"version-history":[{"count":1,"href":"https:\/\/visionrockland.ca\/en\/wp-json\/wp\/v2\/posts\/102900\/revisions"}],"predecessor-version":[{"id":132472,"href":"https:\/\/visionrockland.ca\/en\/wp-json\/wp\/v2\/posts\/102900\/revisions\/132472"}],"wp:featuredmedia":[{"embeddable":true,"href":"https:\/\/visionrockland.ca\/en\/wp-json\/wp\/v2\/media\/102901"}],"wp:attachment":[{"href":"https:\/\/visionrockland.ca\/en\/wp-json\/wp\/v2\/media?parent=102900"}],"wp:term":[{"taxonomy":"category","embeddable":true,"href":"https:\/\/visionrockland.ca\/en\/wp-json\/wp\/v2\/categories?post=102900"},{"taxonomy":"post_tag","embeddable":true,"href":"https:\/\/visionrockland.ca\/en\/wp-json\/wp\/v2\/tags?post=102900"}],"curies":[{"name":"wp","href":"https:\/\/api.w.org\/{rel}","templated":true}]}}