{"id":102894,"date":"2024-08-22T12:06:02","date_gmt":"2024-08-22T16:06:02","guid":{"rendered":"https:\/\/editionap.ca\/?p=102894"},"modified":"2026-02-17T20:52:07","modified_gmt":"2026-02-17T19:52:07","slug":"les-parents-veulent-un-deuxieme-groupe-de-garderie-a-du-rosaire","status":"publish","type":"post","link":"https:\/\/visionrockland.ca\/en\/societe\/les-parents-veulent-un-deuxieme-groupe-de-garderie-a-du-rosaire\/","title":{"rendered":"Les parents veulent un deuxi\u00e8me groupe de garderie \u00e0 Du Rosaire"},"content":{"rendered":"<p><b><span data-contrast=\"none\">Les parents et tuteurs de plusieurs communaut\u00e9s de Clarence-Rockland (C-R) esp\u00e8rent que le conseil envisagera d&#8217;ouvrir un deuxi\u00e8me groupe avant et apr\u00e8s l&#8217;\u00e9cole \u00e0 l&#8217;\u00c9cole \u00c9l\u00e9mentaire Catholique Du Rosaire.\u00a0<\/span><\/b><span data-ccp-props=\"{&quot;201341983&quot;:2,&quot;335551550&quot;:6,&quot;335551620&quot;:6,&quot;335559731&quot;:240,&quot;335559739&quot;:0,&quot;335559740&quot;:240}\">\u00a0<\/span><\/p>\n<p><span data-contrast=\"none\">Lydia Lalonde, une r\u00e9sidente de St-Pascal, a pr\u00e9sent\u00e9 une p\u00e9tition avec plus de 80 signatures de parents des r\u00e9gions de Rockland, St-Pascal et Clarence Creek, aux membres du conseil de C-R lors de la r\u00e9union du conseil le mercredi 14 ao\u00fbt, d\u00e9montrant le besoin de services de garde additionnels dans la municipalit\u00e9.\u00a0<\/span><span data-ccp-props=\"{&quot;201341983&quot;:2,&quot;335551550&quot;:6,&quot;335551620&quot;:6,&quot;335559731&quot;:240,&quot;335559739&quot;:0,&quot;335559740&quot;:240}\">\u00a0<\/span><\/p>\n<p><span data-contrast=\"none\">\u00ab Nous comprenons qu&#8217;il s&#8217;agit d&#8217;un probl\u00e8me qui touche l&#8217;ensemble du pays, et pas seulement nous \u00bb, a d\u00e9clar\u00e9 Mme Lalonde, dont l&#8217;un des enfants est actuellement en garderie et qui n&#8217;a pas obtenu de place pour ses deux autres enfants en raison de la longueur des listes d&#8217;attente. \u00ab Les gens r\u00e9duisent leurs heures de travail, certains ont d\u00fb d\u00e9m\u00e9nager pour obtenir des services ailleurs et d&#8217;autres ont d\u00fb quitter leur emploi parce qu&#8217;il n&#8217;y a tout simplement rien.<\/span><span data-ccp-props=\"{&quot;201341983&quot;:2,&quot;335551550&quot;:6,&quot;335551620&quot;:6,&quot;335559731&quot;:240,&quot;335559739&quot;:0,&quot;335559740&quot;:240}\">\u00a0<\/span><\/p>\n<p><span data-contrast=\"none\">Mme Lalonde comprend qu&#8217;il y a un processus \u00e0 suivre et qu&#8217;un deuxi\u00e8me groupe de garderie signifierait que la Ville devrait investir plus d&#8217;argent, embaucher plus de personnel et avoir recours \u00e0 d&#8217;autres ressources pour offrir un autre programme avant et apr\u00e8s l&#8217;\u00e9cole \u00e0 l&#8217;\u00e9cole Du Rosaire.\u00a0\u00a0<\/span><span data-ccp-props=\"{&quot;201341983&quot;:2,&quot;335551550&quot;:6,&quot;335551620&quot;:6,&quot;335559731&quot;:240,&quot;335559739&quot;:0,&quot;335559740&quot;:240}\">\u00a0<\/span><\/p>\n<p><span data-contrast=\"none\">Selon elle, la p\u00e9tition pr\u00e9sent\u00e9e au conseil est un bon premier pas pour sensibiliser la population \u00e0 la gravit\u00e9 de la situation.\u00a0<\/span><span data-ccp-props=\"{&quot;201341983&quot;:2,&quot;335551550&quot;:6,&quot;335551620&quot;:6,&quot;335559731&quot;:240,&quot;335559739&quot;:0,&quot;335559740&quot;:240}\">\u00a0<\/span><\/p>\n<p><span data-contrast=\"none\">Cette m\u00e8re de trois enfants a d\u00e9clar\u00e9 qu&#8217;elle se sentait plus optimiste apr\u00e8s sa pr\u00e9sentation au conseil.\u00a0<\/span><span data-ccp-props=\"{&quot;201341983&quot;:2,&quot;335551550&quot;:6,&quot;335551620&quot;:6,&quot;335559731&quot;:240,&quot;335559739&quot;:0,&quot;335559740&quot;:240}\">\u00a0<\/span><\/p>\n<p><span data-contrast=\"none\">\u00ab Le conseil municipal a sembl\u00e9 r\u00e9ceptif \u00bb, a d\u00e9clar\u00e9 Mme Lalonde. \u00ab La p\u00e9tition montre que la communaut\u00e9 en a besoin et je continuerai \u00e0 d\u00e9fendre les int\u00e9r\u00eats de nos parents.<\/span><span data-ccp-props=\"{&quot;201341983&quot;:2,&quot;335551550&quot;:6,&quot;335551620&quot;:6,&quot;335559731&quot;:240,&quot;335559739&quot;:0,&quot;335559740&quot;:240}\">\u00a0<\/span><\/p>\n<p><span data-contrast=\"none\">Julian Lenhart, directeur du d\u00e9veloppement communautaire de la Cit\u00e9 de Clarence-Rockland, a d\u00e9clar\u00e9 que pour ouvrir une deuxi\u00e8me garderie, il fallait qu&#8217;il y ait un minimum de huit enfants sur une liste d&#8217;attente.\u00a0<\/span><span data-ccp-props=\"{&quot;201341983&quot;:2,&quot;335551550&quot;:6,&quot;335551620&quot;:6,&quot;335559731&quot;:240,&quot;335559739&quot;:0,&quot;335559740&quot;:240}\">\u00a0<\/span><\/p>\n<p><span data-contrast=\"none\">Alors que les parents esp\u00e9raient le lancement d&#8217;un nouveau groupe pour l&#8217;automne 2024, seuls quatre enfants \u00e9taient inscrits sur une liste d&#8217;attente.\u00a0<\/span><span data-ccp-props=\"{&quot;201341983&quot;:2,&quot;335551550&quot;:6,&quot;335551620&quot;:6,&quot;335559731&quot;:240,&quot;335559739&quot;:0,&quot;335559740&quot;:240}\">\u00a0<\/span><\/p>\n<p><span data-contrast=\"none\">\u00ab Malheureusement, le seuil n&#8217;a pas \u00e9t\u00e9 atteint \u00e0 temps pour le mois de septembre de cette ann\u00e9e \u00bb, a ajout\u00e9 Mme Lenhart. \u00ab Mais les parents expriment leur int\u00e9r\u00eat et montrent que la communaut\u00e9 en a besoin. Nous esp\u00e9rons que cela sensibilisera davantage les gens et les encouragera \u00e0 inscrire leurs enfants.<\/span><span data-ccp-props=\"{&quot;201341983&quot;:2,&quot;335551550&quot;:6,&quot;335551620&quot;:6,&quot;335559731&quot;:240,&quot;335559739&quot;:0,&quot;335559740&quot;:240}\">\u00a0<\/span><\/p>\n<p><span data-contrast=\"none\">Mme Lalonde exhorte les parents \u00e0 s&#8217;assurer que leurs enfants sont inscrits sur une liste d&#8217;attente avant le printemps de l&#8217;ann\u00e9e prochaine, p\u00e9riode \u00e0 laquelle les groupes de garderie seront cr\u00e9\u00e9s.\u00a0<\/span><span data-ccp-props=\"{&quot;201341983&quot;:2,&quot;335551550&quot;:6,&quot;335551620&quot;:6,&quot;335559731&quot;:240,&quot;335559739&quot;:0,&quot;335559740&quot;:240}\">\u00a0<\/span><\/p>\n<p><span data-contrast=\"none\">\u00ab J&#8217;esp\u00e8re que nous pourrons avoir un deuxi\u00e8me groupe d&#8217;ici Septembre prochain (2025) \u00bb, dit-elle. \u00ab Ainsi, les gens n&#8217;auront pas \u00e0 quitter leur emploi ou \u00e0 s&#8217;\u00e9loigner de nos communaut\u00e9s.<\/span><span data-ccp-props=\"{&quot;201341983&quot;:2,&quot;335551550&quot;:6,&quot;335551620&quot;:6,&quot;335559731&quot;:240,&quot;335559739&quot;:0,&quot;335559740&quot;:240}\">\u00a0<\/span><\/p>\n<p><span data-ccp-props=\"{&quot;201341983&quot;:2,&quot;335551550&quot;:6,&quot;335551620&quot;:6,&quot;335559731&quot;:0,&quot;335559739&quot;:0,&quot;335559740&quot;:240}\">\u00a0<\/span><\/p>\n","protected":false},"excerpt":{"rendered":"<p>Les parents et tuteurs de plusieurs communaut\u00e9s de Clarence-Rockland (C-R) esp\u00e8rent que le conseil envisagera d&#8217;ouvrir un deuxi\u00e8me groupe avant et apr\u00e8s l&#8217;\u00e9cole \u00e0 l&#8217;\u00c9cole \u00c9l\u00e9mentaire Catholique Du Rosaire.\u00a0\u00a0 Lydia Lalonde, une r\u00e9sidente de St-Pascal, a pr\u00e9sent\u00e9 une p\u00e9tition avec plus de 80 signatures de parents des r\u00e9gions de Rockland, St-Pascal et Clarence Creek, aux [&hellip;]<\/p>\n","protected":false},"author":27,"featured_media":27927,"comment_status":"closed","ping_status":"open","sticky":false,"template":"","format":"standard","meta":{"_acf_changed":false,"footnotes":""},"categories":[40],"tags":[],"class_list":["post-102894","post","type-post","status-publish","format-standard","has-post-thumbnail","hentry","category-societe"],"acf":[],"featured_media_global":[],"yoast_head":"<!-- This site is optimized with the Yoast SEO plugin v27.4 - https:\/\/yoast.com\/product\/yoast-seo-wordpress\/ -->\n<title>Les parents veulent un deuxi\u00e8me groupe de garderie \u00e0 Du Rosaire - Vision<\/title>\n<meta name=\"description\" content=\"Les parents et tuteurs de plusieurs communaut\u00e9s de Clarence-Rockland (C-R) esp\u00e8rent que le conseil envisagera d&#039;ouvrir un deuxi\u00e8me groupe avant et apr\u00e8s l&#039;\u00e9cole \u00e0 l&#039;\u00c9cole \u00c9l\u00e9mentaire Catholique Du Rosaire.\" \/>\n<meta name=\"robots\" content=\"index, follow, max-snippet:-1, max-image-preview:large, max-video-preview:-1\" \/>\n<link rel=\"canonical\" href=\"https:\/\/visionrockland.ca\/en\/societe\/les-parents-veulent-un-deuxieme-groupe-de-garderie-a-du-rosaire\/\" \/>\n<meta property=\"og:locale\" content=\"en_US\" \/>\n<meta property=\"og:type\" content=\"article\" \/>\n<meta property=\"og:title\" content=\"Les parents veulent un deuxi\u00e8me groupe de garderie \u00e0 Du Rosaire - Vision\" \/>\n<meta property=\"og:description\" content=\"Les parents et tuteurs de plusieurs communaut\u00e9s de Clarence-Rockland (C-R) esp\u00e8rent que le conseil envisagera d&#039;ouvrir un deuxi\u00e8me groupe avant et apr\u00e8s l&#039;\u00e9cole \u00e0 l&#039;\u00c9cole \u00c9l\u00e9mentaire Catholique Du Rosaire.\" \/>\n<meta property=\"og:url\" content=\"https:\/\/visionrockland.ca\/en\/societe\/les-parents-veulent-un-deuxieme-groupe-de-garderie-a-du-rosaire\/\" \/>\n<meta property=\"og:site_name\" content=\"Vision\" \/>\n<meta property=\"article:published_time\" content=\"2024-08-22T16:06:02+00:00\" \/>\n<meta property=\"article:modified_time\" content=\"2026-02-17T19:52:07+00:00\" \/>\n<meta property=\"og:image\" content=\"https:\/\/cdn.editionap.ca\/wp-content\/uploads\/sites\/3\/2023\/02\/ACTCS-Russell_Daycare_Challenges-WEB.jpg\" \/>\n\t<meta property=\"og:image:width\" content=\"1780\" \/>\n\t<meta property=\"og:image:height\" content=\"1177\" \/>\n\t<meta property=\"og:image:type\" content=\"image\/jpeg\" \/>\n<meta name=\"author\" content=\"Anil Jhalli\" \/>\n<meta name=\"twitter:card\" content=\"summary_large_image\" \/>\n<meta name=\"twitter:label1\" content=\"Written by\" \/>\n\t<meta name=\"twitter:data1\" content=\"Anil Jhalli\" \/>\n\t<meta name=\"twitter:label2\" content=\"Est. reading time\" \/>\n\t<meta name=\"twitter:data2\" content=\"3 minutes\" \/>\n<script type=\"application\/ld+json\" class=\"yoast-schema-graph\">{\"@context\":\"https:\\\/\\\/schema.org\",\"@graph\":[{\"@type\":\"Article\",\"@id\":\"https:\\\/\\\/visionrockland.ca\\\/en\\\/societe\\\/les-parents-veulent-un-deuxieme-groupe-de-garderie-a-du-rosaire\\\/#article\",\"isPartOf\":{\"@id\":\"https:\\\/\\\/visionrockland.ca\\\/en\\\/societe\\\/les-parents-veulent-un-deuxieme-groupe-de-garderie-a-du-rosaire\\\/\"},\"author\":{\"name\":\"Anil Jhalli\",\"@id\":\"https:\\\/\\\/visionrockland.ca\\\/en\\\/#\\\/schema\\\/person\\\/a09095fdf65e09e747105760fe90175c\"},\"headline\":\"Les parents veulent un deuxi\u00e8me groupe de garderie \u00e0 Du Rosaire\",\"datePublished\":\"2024-08-22T16:06:02+00:00\",\"dateModified\":\"2026-02-17T19:52:07+00:00\",\"mainEntityOfPage\":{\"@id\":\"https:\\\/\\\/visionrockland.ca\\\/en\\\/societe\\\/les-parents-veulent-un-deuxieme-groupe-de-garderie-a-du-rosaire\\\/\"},\"wordCount\":511,\"image\":{\"@id\":\"https:\\\/\\\/visionrockland.ca\\\/en\\\/societe\\\/les-parents-veulent-un-deuxieme-groupe-de-garderie-a-du-rosaire\\\/#primaryimage\"},\"thumbnailUrl\":\"https:\\\/\\\/cdn.editionap.ca\\\/wp-content\\\/uploads\\\/sites\\\/3\\\/2023\\\/02\\\/ACTCS-Russell_Daycare_Challenges-WEB.jpg\",\"articleSection\":[\"Soci\u00e9t\u00e9\"],\"inLanguage\":\"en-US\"},{\"@type\":\"WebPage\",\"@id\":\"https:\\\/\\\/visionrockland.ca\\\/en\\\/societe\\\/les-parents-veulent-un-deuxieme-groupe-de-garderie-a-du-rosaire\\\/\",\"url\":\"https:\\\/\\\/visionrockland.ca\\\/en\\\/societe\\\/les-parents-veulent-un-deuxieme-groupe-de-garderie-a-du-rosaire\\\/\",\"name\":\"Les parents veulent un deuxi\u00e8me groupe de garderie \u00e0 Du Rosaire - Vision\",\"isPartOf\":{\"@id\":\"https:\\\/\\\/visionrockland.ca\\\/en\\\/#website\"},\"primaryImageOfPage\":{\"@id\":\"https:\\\/\\\/visionrockland.ca\\\/en\\\/societe\\\/les-parents-veulent-un-deuxieme-groupe-de-garderie-a-du-rosaire\\\/#primaryimage\"},\"image\":{\"@id\":\"https:\\\/\\\/visionrockland.ca\\\/en\\\/societe\\\/les-parents-veulent-un-deuxieme-groupe-de-garderie-a-du-rosaire\\\/#primaryimage\"},\"thumbnailUrl\":\"https:\\\/\\\/cdn.editionap.ca\\\/wp-content\\\/uploads\\\/sites\\\/3\\\/2023\\\/02\\\/ACTCS-Russell_Daycare_Challenges-WEB.jpg\",\"datePublished\":\"2024-08-22T16:06:02+00:00\",\"dateModified\":\"2026-02-17T19:52:07+00:00\",\"author\":{\"@id\":\"https:\\\/\\\/visionrockland.ca\\\/en\\\/#\\\/schema\\\/person\\\/a09095fdf65e09e747105760fe90175c\"},\"description\":\"Les parents et tuteurs de plusieurs communaut\u00e9s de Clarence-Rockland (C-R) esp\u00e8rent que le conseil envisagera d'ouvrir un deuxi\u00e8me groupe avant et apr\u00e8s l'\u00e9cole \u00e0 l'\u00c9cole \u00c9l\u00e9mentaire Catholique Du Rosaire.\",\"breadcrumb\":{\"@id\":\"https:\\\/\\\/visionrockland.ca\\\/en\\\/societe\\\/les-parents-veulent-un-deuxieme-groupe-de-garderie-a-du-rosaire\\\/#breadcrumb\"},\"inLanguage\":\"en-US\",\"potentialAction\":[{\"@type\":\"ReadAction\",\"target\":[\"https:\\\/\\\/visionrockland.ca\\\/en\\\/societe\\\/les-parents-veulent-un-deuxieme-groupe-de-garderie-a-du-rosaire\\\/\"]}]},{\"@type\":\"ImageObject\",\"inLanguage\":\"en-US\",\"@id\":\"https:\\\/\\\/visionrockland.ca\\\/en\\\/societe\\\/les-parents-veulent-un-deuxieme-groupe-de-garderie-a-du-rosaire\\\/#primaryimage\",\"url\":\"https:\\\/\\\/cdn.editionap.ca\\\/wp-content\\\/uploads\\\/sites\\\/3\\\/2023\\\/02\\\/ACTCS-Russell_Daycare_Challenges-WEB.jpg\",\"contentUrl\":\"https:\\\/\\\/cdn.editionap.ca\\\/wp-content\\\/uploads\\\/sites\\\/3\\\/2023\\\/02\\\/ACTCS-Russell_Daycare_Challenges-WEB.jpg\",\"width\":1780,\"height\":1177,\"caption\":\"daycare challenge\"},{\"@type\":\"BreadcrumbList\",\"@id\":\"https:\\\/\\\/visionrockland.ca\\\/en\\\/societe\\\/les-parents-veulent-un-deuxieme-groupe-de-garderie-a-du-rosaire\\\/#breadcrumb\",\"itemListElement\":[{\"@type\":\"ListItem\",\"position\":1,\"name\":\"Accueil\",\"item\":\"https:\\\/\\\/visionrockland.ca\\\/en\\\/\"},{\"@type\":\"ListItem\",\"position\":2,\"name\":\"Les parents veulent un deuxi\u00e8me groupe de garderie \u00e0 Du Rosaire\"}]},{\"@type\":\"WebSite\",\"@id\":\"https:\\\/\\\/visionrockland.ca\\\/en\\\/#website\",\"url\":\"https:\\\/\\\/visionrockland.ca\\\/en\\\/\",\"name\":\"Vision\",\"description\":\"\",\"potentialAction\":[{\"@type\":\"SearchAction\",\"target\":{\"@type\":\"EntryPoint\",\"urlTemplate\":\"https:\\\/\\\/visionrockland.ca\\\/en\\\/?s={search_term_string}\"},\"query-input\":{\"@type\":\"PropertyValueSpecification\",\"valueRequired\":true,\"valueName\":\"search_term_string\"}}],\"inLanguage\":\"en-US\"},{\"@type\":\"Person\",\"@id\":\"https:\\\/\\\/visionrockland.ca\\\/en\\\/#\\\/schema\\\/person\\\/a09095fdf65e09e747105760fe90175c\",\"name\":\"Anil Jhalli\",\"image\":{\"@type\":\"ImageObject\",\"inLanguage\":\"en-US\",\"@id\":\"https:\\\/\\\/secure.gravatar.com\\\/avatar\\\/63becc64fff8877a05400459aa003b94a1fdc8d3954acacc688ee6a2bc39fef8?s=96&d=mm&r=g\",\"url\":\"https:\\\/\\\/secure.gravatar.com\\\/avatar\\\/63becc64fff8877a05400459aa003b94a1fdc8d3954acacc688ee6a2bc39fef8?s=96&d=mm&r=g\",\"contentUrl\":\"https:\\\/\\\/secure.gravatar.com\\\/avatar\\\/63becc64fff8877a05400459aa003b94a1fdc8d3954acacc688ee6a2bc39fef8?s=96&d=mm&r=g\",\"caption\":\"Anil Jhalli\"}}]}<\/script>\n<!-- \/ Yoast SEO plugin. -->","yoast_head_json":{"title":"Les parents veulent un deuxi\u00e8me groupe de garderie \u00e0 Du Rosaire - Vision","description":"Les parents et tuteurs de plusieurs communaut\u00e9s de Clarence-Rockland (C-R) esp\u00e8rent que le conseil envisagera d'ouvrir un deuxi\u00e8me groupe avant et apr\u00e8s l'\u00e9cole \u00e0 l'\u00c9cole \u00c9l\u00e9mentaire Catholique Du Rosaire.","robots":{"index":"index","follow":"follow","max-snippet":"max-snippet:-1","max-image-preview":"max-image-preview:large","max-video-preview":"max-video-preview:-1"},"canonical":"https:\/\/visionrockland.ca\/en\/societe\/les-parents-veulent-un-deuxieme-groupe-de-garderie-a-du-rosaire\/","og_locale":"en_US","og_type":"article","og_title":"Les parents veulent un deuxi\u00e8me groupe de garderie \u00e0 Du Rosaire - Vision","og_description":"Les parents et tuteurs de plusieurs communaut\u00e9s de Clarence-Rockland (C-R) esp\u00e8rent que le conseil envisagera d'ouvrir un deuxi\u00e8me groupe avant et apr\u00e8s l'\u00e9cole \u00e0 l'\u00c9cole \u00c9l\u00e9mentaire Catholique Du Rosaire.","og_url":"https:\/\/visionrockland.ca\/en\/societe\/les-parents-veulent-un-deuxieme-groupe-de-garderie-a-du-rosaire\/","og_site_name":"Vision","article_published_time":"2024-08-22T16:06:02+00:00","article_modified_time":"2026-02-17T19:52:07+00:00","og_image":[{"width":1780,"height":1177,"url":"https:\/\/cdn.editionap.ca\/wp-content\/uploads\/sites\/3\/2023\/02\/ACTCS-Russell_Daycare_Challenges-WEB.jpg","type":"image\/jpeg"}],"author":"Anil Jhalli","twitter_card":"summary_large_image","twitter_misc":{"Written by":"Anil Jhalli","Est. reading time":"3 minutes"},"schema":{"@context":"https:\/\/schema.org","@graph":[{"@type":"Article","@id":"https:\/\/visionrockland.ca\/en\/societe\/les-parents-veulent-un-deuxieme-groupe-de-garderie-a-du-rosaire\/#article","isPartOf":{"@id":"https:\/\/visionrockland.ca\/en\/societe\/les-parents-veulent-un-deuxieme-groupe-de-garderie-a-du-rosaire\/"},"author":{"name":"Anil Jhalli","@id":"https:\/\/visionrockland.ca\/en\/#\/schema\/person\/a09095fdf65e09e747105760fe90175c"},"headline":"Les parents veulent un deuxi\u00e8me groupe de garderie \u00e0 Du Rosaire","datePublished":"2024-08-22T16:06:02+00:00","dateModified":"2026-02-17T19:52:07+00:00","mainEntityOfPage":{"@id":"https:\/\/visionrockland.ca\/en\/societe\/les-parents-veulent-un-deuxieme-groupe-de-garderie-a-du-rosaire\/"},"wordCount":511,"image":{"@id":"https:\/\/visionrockland.ca\/en\/societe\/les-parents-veulent-un-deuxieme-groupe-de-garderie-a-du-rosaire\/#primaryimage"},"thumbnailUrl":"https:\/\/cdn.editionap.ca\/wp-content\/uploads\/sites\/3\/2023\/02\/ACTCS-Russell_Daycare_Challenges-WEB.jpg","articleSection":["Soci\u00e9t\u00e9"],"inLanguage":"en-US"},{"@type":"WebPage","@id":"https:\/\/visionrockland.ca\/en\/societe\/les-parents-veulent-un-deuxieme-groupe-de-garderie-a-du-rosaire\/","url":"https:\/\/visionrockland.ca\/en\/societe\/les-parents-veulent-un-deuxieme-groupe-de-garderie-a-du-rosaire\/","name":"Les parents veulent un deuxi\u00e8me groupe de garderie \u00e0 Du Rosaire - Vision","isPartOf":{"@id":"https:\/\/visionrockland.ca\/en\/#website"},"primaryImageOfPage":{"@id":"https:\/\/visionrockland.ca\/en\/societe\/les-parents-veulent-un-deuxieme-groupe-de-garderie-a-du-rosaire\/#primaryimage"},"image":{"@id":"https:\/\/visionrockland.ca\/en\/societe\/les-parents-veulent-un-deuxieme-groupe-de-garderie-a-du-rosaire\/#primaryimage"},"thumbnailUrl":"https:\/\/cdn.editionap.ca\/wp-content\/uploads\/sites\/3\/2023\/02\/ACTCS-Russell_Daycare_Challenges-WEB.jpg","datePublished":"2024-08-22T16:06:02+00:00","dateModified":"2026-02-17T19:52:07+00:00","author":{"@id":"https:\/\/visionrockland.ca\/en\/#\/schema\/person\/a09095fdf65e09e747105760fe90175c"},"description":"Les parents et tuteurs de plusieurs communaut\u00e9s de Clarence-Rockland (C-R) esp\u00e8rent que le conseil envisagera d'ouvrir un deuxi\u00e8me groupe avant et apr\u00e8s l'\u00e9cole \u00e0 l'\u00c9cole \u00c9l\u00e9mentaire Catholique Du Rosaire.","breadcrumb":{"@id":"https:\/\/visionrockland.ca\/en\/societe\/les-parents-veulent-un-deuxieme-groupe-de-garderie-a-du-rosaire\/#breadcrumb"},"inLanguage":"en-US","potentialAction":[{"@type":"ReadAction","target":["https:\/\/visionrockland.ca\/en\/societe\/les-parents-veulent-un-deuxieme-groupe-de-garderie-a-du-rosaire\/"]}]},{"@type":"ImageObject","inLanguage":"en-US","@id":"https:\/\/visionrockland.ca\/en\/societe\/les-parents-veulent-un-deuxieme-groupe-de-garderie-a-du-rosaire\/#primaryimage","url":"https:\/\/cdn.editionap.ca\/wp-content\/uploads\/sites\/3\/2023\/02\/ACTCS-Russell_Daycare_Challenges-WEB.jpg","contentUrl":"https:\/\/cdn.editionap.ca\/wp-content\/uploads\/sites\/3\/2023\/02\/ACTCS-Russell_Daycare_Challenges-WEB.jpg","width":1780,"height":1177,"caption":"daycare challenge"},{"@type":"BreadcrumbList","@id":"https:\/\/visionrockland.ca\/en\/societe\/les-parents-veulent-un-deuxieme-groupe-de-garderie-a-du-rosaire\/#breadcrumb","itemListElement":[{"@type":"ListItem","position":1,"name":"Accueil","item":"https:\/\/visionrockland.ca\/en\/"},{"@type":"ListItem","position":2,"name":"Les parents veulent un deuxi\u00e8me groupe de garderie \u00e0 Du Rosaire"}]},{"@type":"WebSite","@id":"https:\/\/visionrockland.ca\/en\/#website","url":"https:\/\/visionrockland.ca\/en\/","name":"Vision","description":"","potentialAction":[{"@type":"SearchAction","target":{"@type":"EntryPoint","urlTemplate":"https:\/\/visionrockland.ca\/en\/?s={search_term_string}"},"query-input":{"@type":"PropertyValueSpecification","valueRequired":true,"valueName":"search_term_string"}}],"inLanguage":"en-US"},{"@type":"Person","@id":"https:\/\/visionrockland.ca\/en\/#\/schema\/person\/a09095fdf65e09e747105760fe90175c","name":"Anil Jhalli","image":{"@type":"ImageObject","inLanguage":"en-US","@id":"https:\/\/secure.gravatar.com\/avatar\/63becc64fff8877a05400459aa003b94a1fdc8d3954acacc688ee6a2bc39fef8?s=96&d=mm&r=g","url":"https:\/\/secure.gravatar.com\/avatar\/63becc64fff8877a05400459aa003b94a1fdc8d3954acacc688ee6a2bc39fef8?s=96&d=mm&r=g","contentUrl":"https:\/\/secure.gravatar.com\/avatar\/63becc64fff8877a05400459aa003b94a1fdc8d3954acacc688ee6a2bc39fef8?s=96&d=mm&r=g","caption":"Anil Jhalli"}}]}},"_links":{"self":[{"href":"https:\/\/visionrockland.ca\/en\/wp-json\/wp\/v2\/posts\/102894","targetHints":{"allow":["GET"]}}],"collection":[{"href":"https:\/\/visionrockland.ca\/en\/wp-json\/wp\/v2\/posts"}],"about":[{"href":"https:\/\/visionrockland.ca\/en\/wp-json\/wp\/v2\/types\/post"}],"author":[{"embeddable":true,"href":"https:\/\/visionrockland.ca\/en\/wp-json\/wp\/v2\/users\/27"}],"replies":[{"embeddable":true,"href":"https:\/\/visionrockland.ca\/en\/wp-json\/wp\/v2\/comments?post=102894"}],"version-history":[{"count":1,"href":"https:\/\/visionrockland.ca\/en\/wp-json\/wp\/v2\/posts\/102894\/revisions"}],"predecessor-version":[{"id":132474,"href":"https:\/\/visionrockland.ca\/en\/wp-json\/wp\/v2\/posts\/102894\/revisions\/132474"}],"wp:featuredmedia":[{"embeddable":true,"href":"https:\/\/visionrockland.ca\/en\/wp-json\/wp\/v2\/media\/27927"}],"wp:attachment":[{"href":"https:\/\/visionrockland.ca\/en\/wp-json\/wp\/v2\/media?parent=102894"}],"wp:term":[{"taxonomy":"category","embeddable":true,"href":"https:\/\/visionrockland.ca\/en\/wp-json\/wp\/v2\/categories?post=102894"},{"taxonomy":"post_tag","embeddable":true,"href":"https:\/\/visionrockland.ca\/en\/wp-json\/wp\/v2\/tags?post=102894"}],"curies":[{"name":"wp","href":"https:\/\/api.w.org\/{rel}","templated":true}]}}