{"id":102582,"date":"2024-07-10T14:01:21","date_gmt":"2024-07-10T18:01:21","guid":{"rendered":"https:\/\/editionap.ca\/?p=102582"},"modified":"2026-02-17T20:52:07","modified_gmt":"2026-02-17T19:52:07","slug":"petition_arena_jean_marc_lalonde","status":"publish","type":"post","link":"https:\/\/visionrockland.ca\/en\/sports-loisirs\/petition_arena_jean_marc_lalonde\/","title":{"rendered":"Jean-Marc Lalonde va pr\u00e9sent\u00e9 une p\u00e9tition pour sauver l&#8217;ar\u00e9na qui porte son nom"},"content":{"rendered":"<p><b><span data-contrast=\"none\">Dans le cadre de ses efforts pour maintenir ouvert l&#8217;ar\u00e9na de Rockland qui porte son nom, l&#8217;ancien maire et d\u00e9put\u00e9 provincial Jean-Marc Lalonde soumettra au conseil municipal une p\u00e9tition comportant quelque 3 500 signatures.<\/span><\/b><\/p>\n<p>Lalonde doit s&#8217;adresser au conseil municipal de Clarence-Rockland le mercredi. 10 juillet, o\u00f9 il pr\u00e9sentera une p\u00e9tition comportant des milliers de signatures de r\u00e9sidents qui souhaitent que l&#8217;ar\u00e9na vieille d&#8217;un demi-si\u00e8cle &#8211; qui n&#8217;a pas accueilli de patinoire depuis plus d&#8217;une d\u00e9cennie &#8211; soit conserv\u00e9e et utilis\u00e9e \u00e0 d&#8217;autres fins r\u00e9cr\u00e9atives.<\/p>\n<p><span data-contrast=\"none\">\u00ab \u00c0 Rockland, cette installation est trop importante pour notre communaut\u00e9, surtout pour une communaut\u00e9 en pleine croissance, a d\u00e9clar\u00e9 M. Lalonde, qui, apr\u00e8s avoir \u00e9t\u00e9 maire de Rockland pendant 15 ans, est devenu d\u00e9put\u00e9 lib\u00e9ral au Parlement provincial de 1995 \u00e0 2011, repr\u00e9sentant la circonscription de Glengarry-Prescott-Russell. \u00c0 Rockland, nous n&#8217;avons pas de centre communautaire o\u00f9 les groupes peuvent tenir des r\u00e9unions ou des \u00e9v\u00e9nements. Si nous n&#8217;avons pas ce type d&#8217;installations, nous perdrons des groupes cruciaux dans notre communaut\u00e9. \u00bb<\/span><span data-ccp-props=\"{&quot;201341983&quot;:2,&quot;335551550&quot;:6,&quot;335551620&quot;:6,&quot;335559731&quot;:240,&quot;335559739&quot;:0,&quot;335559740&quot;:240}\">\u00a0<\/span><\/p>\n<p><span data-contrast=\"none\">Selon M. Lalonde, la p\u00e9tition \u00e0 elle seule devrait donner au conseil une id\u00e9e de ce que veut la communaut\u00e9 en ce qui concerne l&#8217;ar\u00e9na Jean-Marc Lalonde.\u00a0<\/span><span data-ccp-props=\"{&quot;201341983&quot;:2,&quot;335551550&quot;:6,&quot;335551620&quot;:6,&quot;335559731&quot;:240,&quot;335559739&quot;:0,&quot;335559740&quot;:240}\">\u00a0<\/span><\/p>\n<p><span data-contrast=\"none\">\u00ab Les gens s&#8217;inqui\u00e8tent de ne pas avoir un endroit o\u00f9 ils peuvent organiser des \u00e9v\u00e9nements, a-t-il ajout\u00e9. Nous devons examiner s\u00e9rieusement ce que les gens veulent, et ce qu&#8217;ils veulent, c&#8217;est que cet ar\u00e9na soit sauv\u00e9. \u00bb<\/span><span data-ccp-props=\"{&quot;201341983&quot;:2,&quot;335551550&quot;:6,&quot;335551620&quot;:6,&quot;335559731&quot;:240,&quot;335559739&quot;:0,&quot;335559740&quot;:240}\">\u00a0<\/span><\/p>\n<p><span data-contrast=\"none\">L&#8217;ar\u00e8ne, vieille de 51 ans, est dans un \u00e9tat de d\u00e9labrement avanc\u00e9 depuis un certain temps, les administrations successives ayant choisi de ne pas entreprendre de r\u00e9parations s\u00e9rieuses sur le b\u00e2timent, jug\u00e9es trop co\u00fbteuses. Le toit de l&#8217;ar\u00e8ne doit \u00eatre remplac\u00e9 et la structure en acier rouille. L&#8217;amiante, la peinture au plomb et la pr\u00e9sence de rats sont \u00e9galement des sujets de pr\u00e9occupation.\u00a0<\/span><span data-ccp-props=\"{&quot;201341983&quot;:2,&quot;335551550&quot;:6,&quot;335551620&quot;:6,&quot;335559731&quot;:240,&quot;335559739&quot;:0,&quot;335559740&quot;:240}\">\u00a0<\/span><\/p>\n<p><span data-contrast=\"none\">Un rapport r\u00e9alis\u00e9 par la ville en 2018 indique que les travaux de r\u00e9novation du b\u00e2timent s&#8217;\u00e9l\u00e8veraient \u00e0 4,5 millions de dollars, sans tenir compte de l&#8217;augmentation des co\u00fbts de construction en 2024.\u00a0<\/span><span data-ccp-props=\"{&quot;201341983&quot;:2,&quot;335551550&quot;:6,&quot;335551620&quot;:6,&quot;335559731&quot;:240,&quot;335559739&quot;:0,&quot;335559740&quot;:240}\">\u00a0<\/span><\/p>\n<p><span data-contrast=\"none\">En outre, en septembre 2021, un examen par un tiers des services essentiels de la ville a r\u00e9v\u00e9l\u00e9 que l&#8217;ar\u00e8ne n&#8217;avait \u00e9t\u00e9 utilis\u00e9e qu&#8217;\u00e0 20 % de sa capacit\u00e9 entre 2017 et 2019 et a sugg\u00e9r\u00e9 sa fermeture d\u00e9finitive. Le rapport indique que d&#8217;autres installations, telles que le YMCA, l&#8217;ar\u00e9na de Clarence-Rockland et l&#8217;ar\u00e9na de Clarence-Creek, pourraient plus que r\u00e9pondre aux besoins accrus.\u00a0<\/span><span data-ccp-props=\"{&quot;201341983&quot;:2,&quot;335551550&quot;:6,&quot;335551620&quot;:6,&quot;335559731&quot;:240,&quot;335559739&quot;:0,&quot;335559740&quot;:240}\">\u00a0<\/span><\/p>\n<p><span data-contrast=\"none\">L&#8217;ar\u00e9na est ferm\u00e9 depuis avant la pand\u00e9mie de COVID-19 et n&#8217;a \u00e9t\u00e9 utilis\u00e9 que comme centre de vaccination d&#8217;urgence depuis cette \u00e9poque.\u00a0<\/span><span data-ccp-props=\"{&quot;201341983&quot;:2,&quot;335551550&quot;:6,&quot;335551620&quot;:6,&quot;335559731&quot;:240,&quot;335559739&quot;:0,&quot;335559740&quot;:240}\">\u00a0<\/span><\/p>\n<p><em><strong>Groupe de travail du maire sur le JML\u00a0<\/strong><\/em><span data-ccp-props=\"{&quot;335551550&quot;:2,&quot;335551620&quot;:2,&quot;335559731&quot;:0}\">\u00a0<\/span><\/p>\n<p><span data-contrast=\"none\">Le maire de Clarence-Rockland, Mario Zanth, a mis sur pied un groupe de travail sur l&#8217;avenir de l&#8217;ar\u00e9na Jean-Marc Lalonde, qui fait l&#8217;objet d&#8217;un d\u00e9bat depuis des ann\u00e9es.\u00a0<\/span><span data-ccp-props=\"{&quot;201341983&quot;:2,&quot;335551550&quot;:6,&quot;335551620&quot;:6,&quot;335559731&quot;:240,&quot;335559739&quot;:0,&quot;335559740&quot;:240}\">\u00a0<\/span><\/p>\n<p><span data-contrast=\"none\">Lalonde a d\u00e9clar\u00e9 que la Cit\u00e9 de Clarence-Rockland devrait investir dans les r\u00e9parations et l&#8217;entretien n\u00e9cessaires pour que l&#8217;ar\u00e9na prosp\u00e8re pour les g\u00e9n\u00e9rations futures.\u00a0<\/span><span data-ccp-props=\"{&quot;201341983&quot;:2,&quot;335551550&quot;:6,&quot;335551620&quot;:6,&quot;335559731&quot;:240,&quot;335559739&quot;:0,&quot;335559740&quot;:240}\">\u00a0<\/span><\/p>\n<p><span data-contrast=\"none\">L&#8217;objectif du groupe de travail est de fournir aux conseillers de Clarence-Rockland des observations et des recommandations fond\u00e9es sur des preuves et orient\u00e9es vers l&#8217;action quant aux options les plus viables pour l&#8217;avenir de l&#8217;ar\u00e9na Jean-Marc Lalonde.\u00a0<\/span><span data-ccp-props=\"{&quot;201341983&quot;:2,&quot;335551550&quot;:6,&quot;335551620&quot;:6,&quot;335559731&quot;:240,&quot;335559739&quot;:0,&quot;335559740&quot;:240}\">\u00a0<\/span><\/p>\n<p><span data-contrast=\"none\">Il pr\u00e9sentera des recommandations au conseil qui d\u00e9cidera de la fa\u00e7on d&#8217;aborder l&#8217;avenir du b\u00e2timent et s&#8217;appuiera sur l&#8217;exp\u00e9rience et les connaissances locales obtenues par le biais d&#8217;un processus de collaboration \u00e0 l&#8217;\u00e9chelle de la communaut\u00e9 avec des partenaires cl\u00e9s. Le groupe de travail effectuera \u00e9galement des recherches et \u00e9tablira les besoins des organisations locales, en se basant sur des donn\u00e9es valid\u00e9es qui d\u00e9crivent les besoins en espaces r\u00e9cr\u00e9atifs et autres.\u00a0<\/span><span data-ccp-props=\"{&quot;201341983&quot;:2,&quot;335551550&quot;:6,&quot;335551620&quot;:6,&quot;335559731&quot;:240,&quot;335559739&quot;:0,&quot;335559740&quot;:240}\">\u00a0<\/span><\/p>\n<p><span data-contrast=\"none\">Le groupe de travail associera ces exigences aux attributs du b\u00e2timent et \u00e0 ceux des autres infrastructures de la Cit\u00e9 de Clarence-Rockland, tout en examinant tous les rapports publics pertinents relatifs au b\u00e2timent et aux besoins en mati\u00e8re de loisirs, tels que le plan directeur des loisirs et les rapports au conseil. Le groupe de travail envisage \u00e9galement d&#8217;appliquer les meilleures pratiques et les principes d&#8217;autres villes.\u00a0<\/span><span data-ccp-props=\"{&quot;201341983&quot;:2,&quot;335551550&quot;:6,&quot;335551620&quot;:6,&quot;335559731&quot;:240,&quot;335559739&quot;:0,&quot;335559740&quot;:240}\">\u00a0<\/span><\/p>\n<p><span data-contrast=\"none\">Le groupe de travail veut \u00e9tablir une bonne compr\u00e9hension des besoins actuels des diverses organisations au sein de Clarence-Rockland. Il veut examiner les obstacles et les d\u00e9fis du statut actuel de l&#8217;organisation, se concentrer sur les recommandations qui r\u00e9pondront aux besoins dans toute la municipalit\u00e9, tout en identifiant et en examinant les subventions potentielles disponibles pour la Cit\u00e9, et fournir un r\u00e9sum\u00e9 de la fa\u00e7on dont le projet r\u00e9pond aux intentions du financement. <\/span><\/p>\n<p><strong><em>Note \u00e0 nos lecteurs :<\/em><\/strong><\/p>\n<p><strong><em>La version imprim\u00e9e de cet article indiquait que la r\u00e9union du conseil municipal avait lieu le jeudi 11 juillet. Cette information n&#8217;est pas exacte. <\/em><\/strong><br \/>\n<strong><em>La r\u00e9union du conseil a lieu le mercredi 10 juillet et sera diffus\u00e9e sur la page Facebook de la Cit\u00e9 de Clarence-Rockland \u00e0 partir de 19 h 15. <\/em><\/strong><br \/>\n<strong><em>Nous nous excusons pour toute confusion que cela a pu causer.<\/em><\/strong><\/p>\n","protected":false},"excerpt":{"rendered":"<p>Dans le cadre de ses efforts pour maintenir ouvert l&#8217;ar\u00e9na de Rockland qui porte son nom, l&#8217;ancien maire et d\u00e9put\u00e9 provincial Jean-Marc Lalonde soumettra au conseil municipal une p\u00e9tition comportant quelque 3 500 signatures. Lalonde doit s&#8217;adresser au conseil municipal de Clarence-Rockland le mercredi. 10 juillet, o\u00f9 il pr\u00e9sentera une p\u00e9tition comportant des milliers de [&hellip;]<\/p>\n","protected":false},"author":27,"featured_media":102583,"comment_status":"closed","ping_status":"open","sticky":false,"template":"","format":"standard","meta":{"_acf_changed":false,"footnotes":""},"categories":[38],"tags":[],"class_list":["post-102582","post","type-post","status-publish","format-standard","has-post-thumbnail","hentry","category-sports-loisirs"],"acf":[],"featured_media_global":[],"yoast_head":"<!-- This site is optimized with the Yoast SEO plugin v27.4 - https:\/\/yoast.com\/product\/yoast-seo-wordpress\/ -->\n<title>Jean-Marc Lalonde va pr\u00e9sent\u00e9 une p\u00e9tition pour sauver l&#039;ar\u00e9na qui porte son nom - Vision<\/title>\n<meta name=\"description\" content=\"Dans le cadre de ses efforts pour maintenir ouvert l&#039;ar\u00e9na de Rockland qui porte son nom, l&#039;ancien maire et d\u00e9put\u00e9 provincial Jean-Marc Lalonde soumettra au conseil municipal une p\u00e9tition comportant quelque 3 500 signatures.\" \/>\n<meta name=\"robots\" content=\"index, follow, max-snippet:-1, max-image-preview:large, max-video-preview:-1\" \/>\n<link rel=\"canonical\" href=\"https:\/\/visionrockland.ca\/en\/sports-loisirs\/petition_arena_jean_marc_lalonde\/\" \/>\n<meta property=\"og:locale\" content=\"en_US\" \/>\n<meta property=\"og:type\" content=\"article\" \/>\n<meta property=\"og:title\" content=\"Jean-Marc Lalonde va pr\u00e9sent\u00e9 une p\u00e9tition pour sauver l&#039;ar\u00e9na qui porte son nom - Vision\" \/>\n<meta property=\"og:description\" content=\"Dans le cadre de ses efforts pour maintenir ouvert l&#039;ar\u00e9na de Rockland qui porte son nom, l&#039;ancien maire et d\u00e9put\u00e9 provincial Jean-Marc Lalonde soumettra au conseil municipal une p\u00e9tition comportant quelque 3 500 signatures.\" \/>\n<meta property=\"og:url\" content=\"https:\/\/visionrockland.ca\/en\/sports-loisirs\/petition_arena_jean_marc_lalonde\/\" \/>\n<meta property=\"og:site_name\" content=\"Vision\" \/>\n<meta property=\"article:published_time\" content=\"2024-07-10T18:01:21+00:00\" \/>\n<meta property=\"article:modified_time\" content=\"2026-02-17T19:52:07+00:00\" \/>\n<meta property=\"og:image\" content=\"https:\/\/cdn.editionap.ca\/wp-content\/uploads\/sites\/3\/2024\/07\/jM-arena-new-pic.jpg\" \/>\n\t<meta property=\"og:image:width\" content=\"1600\" \/>\n\t<meta property=\"og:image:height\" content=\"1200\" \/>\n\t<meta property=\"og:image:type\" content=\"image\/jpeg\" \/>\n<meta name=\"author\" content=\"Anil Jhalli\" \/>\n<meta name=\"twitter:card\" content=\"summary_large_image\" \/>\n<meta name=\"twitter:label1\" content=\"Written by\" \/>\n\t<meta name=\"twitter:data1\" content=\"Anil Jhalli\" \/>\n\t<meta name=\"twitter:label2\" content=\"Est. reading time\" \/>\n\t<meta name=\"twitter:data2\" content=\"5 minutes\" \/>\n<script type=\"application\/ld+json\" class=\"yoast-schema-graph\">{\"@context\":\"https:\\\/\\\/schema.org\",\"@graph\":[{\"@type\":\"Article\",\"@id\":\"https:\\\/\\\/visionrockland.ca\\\/en\\\/sports-loisirs\\\/petition_arena_jean_marc_lalonde\\\/#article\",\"isPartOf\":{\"@id\":\"https:\\\/\\\/visionrockland.ca\\\/en\\\/sports-loisirs\\\/petition_arena_jean_marc_lalonde\\\/\"},\"author\":{\"name\":\"Anil Jhalli\",\"@id\":\"https:\\\/\\\/visionrockland.ca\\\/en\\\/#\\\/schema\\\/person\\\/a09095fdf65e09e747105760fe90175c\"},\"headline\":\"Jean-Marc Lalonde va pr\u00e9sent\u00e9 une p\u00e9tition pour sauver l&#8217;ar\u00e9na qui porte son nom\",\"datePublished\":\"2024-07-10T18:01:21+00:00\",\"dateModified\":\"2026-02-17T19:52:07+00:00\",\"mainEntityOfPage\":{\"@id\":\"https:\\\/\\\/visionrockland.ca\\\/en\\\/sports-loisirs\\\/petition_arena_jean_marc_lalonde\\\/\"},\"wordCount\":910,\"image\":{\"@id\":\"https:\\\/\\\/visionrockland.ca\\\/en\\\/sports-loisirs\\\/petition_arena_jean_marc_lalonde\\\/#primaryimage\"},\"thumbnailUrl\":\"https:\\\/\\\/cdn.editionap.ca\\\/wp-content\\\/uploads\\\/sites\\\/3\\\/2024\\\/07\\\/jM-arena-new-pic.jpg\",\"articleSection\":[\"Sports et loisirs\"],\"inLanguage\":\"en-US\"},{\"@type\":\"WebPage\",\"@id\":\"https:\\\/\\\/visionrockland.ca\\\/en\\\/sports-loisirs\\\/petition_arena_jean_marc_lalonde\\\/\",\"url\":\"https:\\\/\\\/visionrockland.ca\\\/en\\\/sports-loisirs\\\/petition_arena_jean_marc_lalonde\\\/\",\"name\":\"Jean-Marc Lalonde va pr\u00e9sent\u00e9 une p\u00e9tition pour sauver l'ar\u00e9na qui porte son nom - Vision\",\"isPartOf\":{\"@id\":\"https:\\\/\\\/visionrockland.ca\\\/en\\\/#website\"},\"primaryImageOfPage\":{\"@id\":\"https:\\\/\\\/visionrockland.ca\\\/en\\\/sports-loisirs\\\/petition_arena_jean_marc_lalonde\\\/#primaryimage\"},\"image\":{\"@id\":\"https:\\\/\\\/visionrockland.ca\\\/en\\\/sports-loisirs\\\/petition_arena_jean_marc_lalonde\\\/#primaryimage\"},\"thumbnailUrl\":\"https:\\\/\\\/cdn.editionap.ca\\\/wp-content\\\/uploads\\\/sites\\\/3\\\/2024\\\/07\\\/jM-arena-new-pic.jpg\",\"datePublished\":\"2024-07-10T18:01:21+00:00\",\"dateModified\":\"2026-02-17T19:52:07+00:00\",\"author\":{\"@id\":\"https:\\\/\\\/visionrockland.ca\\\/en\\\/#\\\/schema\\\/person\\\/a09095fdf65e09e747105760fe90175c\"},\"description\":\"Dans le cadre de ses efforts pour maintenir ouvert l'ar\u00e9na de Rockland qui porte son nom, l'ancien maire et d\u00e9put\u00e9 provincial Jean-Marc Lalonde soumettra au conseil municipal une p\u00e9tition comportant quelque 3 500 signatures.\",\"breadcrumb\":{\"@id\":\"https:\\\/\\\/visionrockland.ca\\\/en\\\/sports-loisirs\\\/petition_arena_jean_marc_lalonde\\\/#breadcrumb\"},\"inLanguage\":\"en-US\",\"potentialAction\":[{\"@type\":\"ReadAction\",\"target\":[\"https:\\\/\\\/visionrockland.ca\\\/en\\\/sports-loisirs\\\/petition_arena_jean_marc_lalonde\\\/\"]}]},{\"@type\":\"ImageObject\",\"inLanguage\":\"en-US\",\"@id\":\"https:\\\/\\\/visionrockland.ca\\\/en\\\/sports-loisirs\\\/petition_arena_jean_marc_lalonde\\\/#primaryimage\",\"url\":\"https:\\\/\\\/cdn.editionap.ca\\\/wp-content\\\/uploads\\\/sites\\\/3\\\/2024\\\/07\\\/jM-arena-new-pic.jpg\",\"contentUrl\":\"https:\\\/\\\/cdn.editionap.ca\\\/wp-content\\\/uploads\\\/sites\\\/3\\\/2024\\\/07\\\/jM-arena-new-pic.jpg\",\"width\":1600,\"height\":1200,\"caption\":\"\u202fFormer Rockland Mayor Jean-Marc Lalonde is scheduled to speak to Clarence-Rockland City Council this week, where he is presenting a petition with 3,500 signatures to council members. Lalonde hopes that council will consider preserving the arena that bears his name, which is located on Du Parc Avenue.\"},{\"@type\":\"BreadcrumbList\",\"@id\":\"https:\\\/\\\/visionrockland.ca\\\/en\\\/sports-loisirs\\\/petition_arena_jean_marc_lalonde\\\/#breadcrumb\",\"itemListElement\":[{\"@type\":\"ListItem\",\"position\":1,\"name\":\"Accueil\",\"item\":\"https:\\\/\\\/visionrockland.ca\\\/en\\\/\"},{\"@type\":\"ListItem\",\"position\":2,\"name\":\"Jean-Marc Lalonde va pr\u00e9sent\u00e9 une p\u00e9tition pour sauver l&rsquo;ar\u00e9na qui porte son nom\"}]},{\"@type\":\"WebSite\",\"@id\":\"https:\\\/\\\/visionrockland.ca\\\/en\\\/#website\",\"url\":\"https:\\\/\\\/visionrockland.ca\\\/en\\\/\",\"name\":\"Vision\",\"description\":\"\",\"potentialAction\":[{\"@type\":\"SearchAction\",\"target\":{\"@type\":\"EntryPoint\",\"urlTemplate\":\"https:\\\/\\\/visionrockland.ca\\\/en\\\/?s={search_term_string}\"},\"query-input\":{\"@type\":\"PropertyValueSpecification\",\"valueRequired\":true,\"valueName\":\"search_term_string\"}}],\"inLanguage\":\"en-US\"},{\"@type\":\"Person\",\"@id\":\"https:\\\/\\\/visionrockland.ca\\\/en\\\/#\\\/schema\\\/person\\\/a09095fdf65e09e747105760fe90175c\",\"name\":\"Anil Jhalli\",\"image\":{\"@type\":\"ImageObject\",\"inLanguage\":\"en-US\",\"@id\":\"https:\\\/\\\/secure.gravatar.com\\\/avatar\\\/63becc64fff8877a05400459aa003b94a1fdc8d3954acacc688ee6a2bc39fef8?s=96&d=mm&r=g\",\"url\":\"https:\\\/\\\/secure.gravatar.com\\\/avatar\\\/63becc64fff8877a05400459aa003b94a1fdc8d3954acacc688ee6a2bc39fef8?s=96&d=mm&r=g\",\"contentUrl\":\"https:\\\/\\\/secure.gravatar.com\\\/avatar\\\/63becc64fff8877a05400459aa003b94a1fdc8d3954acacc688ee6a2bc39fef8?s=96&d=mm&r=g\",\"caption\":\"Anil Jhalli\"}}]}<\/script>\n<!-- \/ Yoast SEO plugin. -->","yoast_head_json":{"title":"Jean-Marc Lalonde va pr\u00e9sent\u00e9 une p\u00e9tition pour sauver l'ar\u00e9na qui porte son nom - Vision","description":"Dans le cadre de ses efforts pour maintenir ouvert l'ar\u00e9na de Rockland qui porte son nom, l'ancien maire et d\u00e9put\u00e9 provincial Jean-Marc Lalonde soumettra au conseil municipal une p\u00e9tition comportant quelque 3 500 signatures.","robots":{"index":"index","follow":"follow","max-snippet":"max-snippet:-1","max-image-preview":"max-image-preview:large","max-video-preview":"max-video-preview:-1"},"canonical":"https:\/\/visionrockland.ca\/en\/sports-loisirs\/petition_arena_jean_marc_lalonde\/","og_locale":"en_US","og_type":"article","og_title":"Jean-Marc Lalonde va pr\u00e9sent\u00e9 une p\u00e9tition pour sauver l'ar\u00e9na qui porte son nom - Vision","og_description":"Dans le cadre de ses efforts pour maintenir ouvert l'ar\u00e9na de Rockland qui porte son nom, l'ancien maire et d\u00e9put\u00e9 provincial Jean-Marc Lalonde soumettra au conseil municipal une p\u00e9tition comportant quelque 3 500 signatures.","og_url":"https:\/\/visionrockland.ca\/en\/sports-loisirs\/petition_arena_jean_marc_lalonde\/","og_site_name":"Vision","article_published_time":"2024-07-10T18:01:21+00:00","article_modified_time":"2026-02-17T19:52:07+00:00","og_image":[{"width":1600,"height":1200,"url":"https:\/\/cdn.editionap.ca\/wp-content\/uploads\/sites\/3\/2024\/07\/jM-arena-new-pic.jpg","type":"image\/jpeg"}],"author":"Anil Jhalli","twitter_card":"summary_large_image","twitter_misc":{"Written by":"Anil Jhalli","Est. reading time":"5 minutes"},"schema":{"@context":"https:\/\/schema.org","@graph":[{"@type":"Article","@id":"https:\/\/visionrockland.ca\/en\/sports-loisirs\/petition_arena_jean_marc_lalonde\/#article","isPartOf":{"@id":"https:\/\/visionrockland.ca\/en\/sports-loisirs\/petition_arena_jean_marc_lalonde\/"},"author":{"name":"Anil Jhalli","@id":"https:\/\/visionrockland.ca\/en\/#\/schema\/person\/a09095fdf65e09e747105760fe90175c"},"headline":"Jean-Marc Lalonde va pr\u00e9sent\u00e9 une p\u00e9tition pour sauver l&#8217;ar\u00e9na qui porte son nom","datePublished":"2024-07-10T18:01:21+00:00","dateModified":"2026-02-17T19:52:07+00:00","mainEntityOfPage":{"@id":"https:\/\/visionrockland.ca\/en\/sports-loisirs\/petition_arena_jean_marc_lalonde\/"},"wordCount":910,"image":{"@id":"https:\/\/visionrockland.ca\/en\/sports-loisirs\/petition_arena_jean_marc_lalonde\/#primaryimage"},"thumbnailUrl":"https:\/\/cdn.editionap.ca\/wp-content\/uploads\/sites\/3\/2024\/07\/jM-arena-new-pic.jpg","articleSection":["Sports et loisirs"],"inLanguage":"en-US"},{"@type":"WebPage","@id":"https:\/\/visionrockland.ca\/en\/sports-loisirs\/petition_arena_jean_marc_lalonde\/","url":"https:\/\/visionrockland.ca\/en\/sports-loisirs\/petition_arena_jean_marc_lalonde\/","name":"Jean-Marc Lalonde va pr\u00e9sent\u00e9 une p\u00e9tition pour sauver l'ar\u00e9na qui porte son nom - Vision","isPartOf":{"@id":"https:\/\/visionrockland.ca\/en\/#website"},"primaryImageOfPage":{"@id":"https:\/\/visionrockland.ca\/en\/sports-loisirs\/petition_arena_jean_marc_lalonde\/#primaryimage"},"image":{"@id":"https:\/\/visionrockland.ca\/en\/sports-loisirs\/petition_arena_jean_marc_lalonde\/#primaryimage"},"thumbnailUrl":"https:\/\/cdn.editionap.ca\/wp-content\/uploads\/sites\/3\/2024\/07\/jM-arena-new-pic.jpg","datePublished":"2024-07-10T18:01:21+00:00","dateModified":"2026-02-17T19:52:07+00:00","author":{"@id":"https:\/\/visionrockland.ca\/en\/#\/schema\/person\/a09095fdf65e09e747105760fe90175c"},"description":"Dans le cadre de ses efforts pour maintenir ouvert l'ar\u00e9na de Rockland qui porte son nom, l'ancien maire et d\u00e9put\u00e9 provincial Jean-Marc Lalonde soumettra au conseil municipal une p\u00e9tition comportant quelque 3 500 signatures.","breadcrumb":{"@id":"https:\/\/visionrockland.ca\/en\/sports-loisirs\/petition_arena_jean_marc_lalonde\/#breadcrumb"},"inLanguage":"en-US","potentialAction":[{"@type":"ReadAction","target":["https:\/\/visionrockland.ca\/en\/sports-loisirs\/petition_arena_jean_marc_lalonde\/"]}]},{"@type":"ImageObject","inLanguage":"en-US","@id":"https:\/\/visionrockland.ca\/en\/sports-loisirs\/petition_arena_jean_marc_lalonde\/#primaryimage","url":"https:\/\/cdn.editionap.ca\/wp-content\/uploads\/sites\/3\/2024\/07\/jM-arena-new-pic.jpg","contentUrl":"https:\/\/cdn.editionap.ca\/wp-content\/uploads\/sites\/3\/2024\/07\/jM-arena-new-pic.jpg","width":1600,"height":1200,"caption":"\u202fFormer Rockland Mayor Jean-Marc Lalonde is scheduled to speak to Clarence-Rockland City Council this week, where he is presenting a petition with 3,500 signatures to council members. Lalonde hopes that council will consider preserving the arena that bears his name, which is located on Du Parc Avenue."},{"@type":"BreadcrumbList","@id":"https:\/\/visionrockland.ca\/en\/sports-loisirs\/petition_arena_jean_marc_lalonde\/#breadcrumb","itemListElement":[{"@type":"ListItem","position":1,"name":"Accueil","item":"https:\/\/visionrockland.ca\/en\/"},{"@type":"ListItem","position":2,"name":"Jean-Marc Lalonde va pr\u00e9sent\u00e9 une p\u00e9tition pour sauver l&rsquo;ar\u00e9na qui porte son nom"}]},{"@type":"WebSite","@id":"https:\/\/visionrockland.ca\/en\/#website","url":"https:\/\/visionrockland.ca\/en\/","name":"Vision","description":"","potentialAction":[{"@type":"SearchAction","target":{"@type":"EntryPoint","urlTemplate":"https:\/\/visionrockland.ca\/en\/?s={search_term_string}"},"query-input":{"@type":"PropertyValueSpecification","valueRequired":true,"valueName":"search_term_string"}}],"inLanguage":"en-US"},{"@type":"Person","@id":"https:\/\/visionrockland.ca\/en\/#\/schema\/person\/a09095fdf65e09e747105760fe90175c","name":"Anil Jhalli","image":{"@type":"ImageObject","inLanguage":"en-US","@id":"https:\/\/secure.gravatar.com\/avatar\/63becc64fff8877a05400459aa003b94a1fdc8d3954acacc688ee6a2bc39fef8?s=96&d=mm&r=g","url":"https:\/\/secure.gravatar.com\/avatar\/63becc64fff8877a05400459aa003b94a1fdc8d3954acacc688ee6a2bc39fef8?s=96&d=mm&r=g","contentUrl":"https:\/\/secure.gravatar.com\/avatar\/63becc64fff8877a05400459aa003b94a1fdc8d3954acacc688ee6a2bc39fef8?s=96&d=mm&r=g","caption":"Anil Jhalli"}}]}},"_links":{"self":[{"href":"https:\/\/visionrockland.ca\/en\/wp-json\/wp\/v2\/posts\/102582","targetHints":{"allow":["GET"]}}],"collection":[{"href":"https:\/\/visionrockland.ca\/en\/wp-json\/wp\/v2\/posts"}],"about":[{"href":"https:\/\/visionrockland.ca\/en\/wp-json\/wp\/v2\/types\/post"}],"author":[{"embeddable":true,"href":"https:\/\/visionrockland.ca\/en\/wp-json\/wp\/v2\/users\/27"}],"replies":[{"embeddable":true,"href":"https:\/\/visionrockland.ca\/en\/wp-json\/wp\/v2\/comments?post=102582"}],"version-history":[{"count":1,"href":"https:\/\/visionrockland.ca\/en\/wp-json\/wp\/v2\/posts\/102582\/revisions"}],"predecessor-version":[{"id":132484,"href":"https:\/\/visionrockland.ca\/en\/wp-json\/wp\/v2\/posts\/102582\/revisions\/132484"}],"wp:featuredmedia":[{"embeddable":true,"href":"https:\/\/visionrockland.ca\/en\/wp-json\/wp\/v2\/media\/102583"}],"wp:attachment":[{"href":"https:\/\/visionrockland.ca\/en\/wp-json\/wp\/v2\/media?parent=102582"}],"wp:term":[{"taxonomy":"category","embeddable":true,"href":"https:\/\/visionrockland.ca\/en\/wp-json\/wp\/v2\/categories?post=102582"},{"taxonomy":"post_tag","embeddable":true,"href":"https:\/\/visionrockland.ca\/en\/wp-json\/wp\/v2\/tags?post=102582"}],"curies":[{"name":"wp","href":"https:\/\/api.w.org\/{rel}","templated":true}]}}