{"id":102475,"date":"2024-07-03T14:04:33","date_gmt":"2024-07-03T18:04:33","guid":{"rendered":"https:\/\/editionap.ca\/?p=102475"},"modified":"2026-02-17T20:52:07","modified_gmt":"2026-02-17T19:52:07","slug":"un-adolescent-local-se-classe-parmi-les-trois-premiers-aux-championnats-nationaux-de-bras-de-fer","status":"publish","type":"post","link":"https:\/\/visionrockland.ca\/en\/sports-loisirs\/un-adolescent-local-se-classe-parmi-les-trois-premiers-aux-championnats-nationaux-de-bras-de-fer\/","title":{"rendered":"Un adolescent local se classe parmi les trois premiers aux championnats nationaux de bras de fer"},"content":{"rendered":"<p>Zakary Poupart ne participe pas \u00e0 des comp\u00e9titions de bras de fer depuis tr\u00e8s longtemps, mais l\u2019adolescent de la r\u00e9gion s\u2019est forg\u00e9 un curriculum vitae impressionnant dans ce sport.<\/p>\n<p>L\u2019\u00e9l\u00e8ve de l\u2019\u00e9cole secondaire catholique l\u2019Escale a r\u00e9cemment remport\u00e9 la troisi\u00e8me place dans sa cat\u00e9gorie de poids lors des Championnats canadiens de bras de fer 2024 qui se sont d\u00e9roul\u00e9s \u00e0 Gatineau, au Qu\u00e9bec, la fin de semaine derni\u00e8re.<\/p>\n<p>\u00abJe suis assez impressionn\u00e9 par moi-m\u00eame. C\u2019est g\u00e9nial de se classer troisi\u00e8me aux championnats nationaux\u00bb, a d\u00e9clar\u00e9 Zakary, qui retournera \u00e0 l\u2019Escale \u00e0 l\u2019automne pour la 11e ann\u00e9e.<\/p>\n<p>C\u2019est le dernier d\u2019une s\u00e9rie de succ\u00e8s pour l\u2019adolescent, qui a r\u00e9cemment remport\u00e9 la premi\u00e8re place dans la cat\u00e9gorie des poids libres de 151 lb et plus (avec son bras gauche), lors du deuxi\u00e8me tournoi annuel de la ferme de bras de fer de Picton, qui s\u2019est d\u00e9roul\u00e9 \u00e0 Loha Farms le 27 avril.<\/p>\n<p>Avant cela, il a termin\u00e9 premier (avec les deux bras) au East Region Arm Wrestling High School Tournament en mars et a \u00e9galement termin\u00e9 deuxi\u00e8me (avec les deux bras) au Capital Fair Tournament en ao\u00fbt dernier.<\/p>\n<p>\u00abJe suis pr\u00eat \u00e0 tout, je m\u2019entra\u00eene dur et je fais de mon mieux\u00bb, a d\u00e9clar\u00e9 Zakary, qui a eu envie d\u2019essayer ce sport apr\u00e8s avoir regard\u00e9 le champion canadien de bras de fer Devon Larratt \u00e0 la t\u00e9l\u00e9vision.<\/p>\n<p>Il participe \u00e0 des comp\u00e9titions tout au long de l\u2019ann\u00e9e et s\u2019entra\u00eene une fois par semaine avec un groupe de Hammond.<\/p>\n<p>Apr\u00e8s avoir obtenu une impressionnante deuxi\u00e8me place aux championnats provinciaux de bras de fer, le 18 mai \u00e0 Sudbury, en Ontario, il s\u2019est qualifi\u00e9 pour les championnats nationaux.<\/p>\n<p>\u00abSe classer aux championnats nationaux n\u2019\u00e9tait pas quelque chose que je pensais pouvoir arriver, a ajout\u00e9 Zakary, qui, au d\u00e9but de son parcours au bras de fer, a \u00e9t\u00e9 pris sous l\u2019aile de son cousin,<br \/>\nJustin Major, de Casselman, qui s\u2019est fait un nom dans la communaut\u00e9 canadienne du bras de fer.<\/p>\n<p>Avec l\u2019\u00e9cole termin\u00e9e pour l\u2019\u00e9t\u00e9, et un autre excellent r\u00e9sultat dans un autre tournoi de bras de fer, Zakary pr\u00e9voit de continuer \u00e0 s\u2019entra\u00eener tout au long de l\u2019\u00e9t\u00e9.<\/p>\n<p>\u00abJe suis de plus en plus confiant \u00e0 chaque comp\u00e9tition et l\u2019ann\u00e9e prochaine, j\u2019esp\u00e8re me classer premier aux championnats nationaux\u00bb, a-t-il d\u00e9clar\u00e9.<\/p>\n","protected":false},"excerpt":{"rendered":"<p>Zakary Poupart ne participe pas \u00e0 des comp\u00e9titions de bras de fer depuis tr\u00e8s longtemps, mais l\u2019adolescent de la r\u00e9gion s\u2019est forg\u00e9 un curriculum vitae impressionnant dans ce sport. L\u2019\u00e9l\u00e8ve de l\u2019\u00e9cole secondaire catholique l\u2019Escale a r\u00e9cemment remport\u00e9 la troisi\u00e8me place dans sa cat\u00e9gorie de poids lors des Championnats canadiens de bras de fer 2024 [&hellip;]<\/p>\n","protected":false},"author":20,"featured_media":102476,"comment_status":"closed","ping_status":"open","sticky":false,"template":"","format":"standard","meta":{"_acf_changed":false,"footnotes":""},"categories":[38],"tags":[],"class_list":["post-102475","post","type-post","status-publish","format-standard","has-post-thumbnail","hentry","category-sports-loisirs"],"acf":[],"featured_media_global":[],"yoast_head":"<!-- This site is optimized with the Yoast SEO plugin v27.5 - https:\/\/yoast.com\/product\/yoast-seo-wordpress\/ -->\n<title>Un adolescent local se classe parmi les trois premiers aux championnats nationaux de bras de fer - Vision<\/title>\n<meta name=\"description\" content=\"L\u2019\u00e9l\u00e8ve de l\u2019\u00e9cole secondaire catholique l\u2019Escale a r\u00e9cemment remport\u00e9 la troisi\u00e8me place dans sa cat\u00e9gorie de poids lors des Championnats canadiens de bras de fer 2024 qui se sont d\u00e9roul\u00e9s \u00e0 Gatineau, au Qu\u00e9bec, la fin de semaine derni\u00e8re.\" \/>\n<meta name=\"robots\" content=\"index, follow, max-snippet:-1, max-image-preview:large, max-video-preview:-1\" \/>\n<link rel=\"canonical\" href=\"https:\/\/visionrockland.ca\/en\/sports-loisirs\/un-adolescent-local-se-classe-parmi-les-trois-premiers-aux-championnats-nationaux-de-bras-de-fer\/\" \/>\n<meta property=\"og:locale\" content=\"en_US\" \/>\n<meta property=\"og:type\" content=\"article\" \/>\n<meta property=\"og:title\" content=\"Un adolescent local se classe parmi les trois premiers aux championnats nationaux de bras de fer - Vision\" \/>\n<meta property=\"og:description\" content=\"L\u2019\u00e9l\u00e8ve de l\u2019\u00e9cole secondaire catholique l\u2019Escale a r\u00e9cemment remport\u00e9 la troisi\u00e8me place dans sa cat\u00e9gorie de poids lors des Championnats canadiens de bras de fer 2024 qui se sont d\u00e9roul\u00e9s \u00e0 Gatineau, au Qu\u00e9bec, la fin de semaine derni\u00e8re.\" \/>\n<meta property=\"og:url\" content=\"https:\/\/visionrockland.ca\/en\/sports-loisirs\/un-adolescent-local-se-classe-parmi-les-trois-premiers-aux-championnats-nationaux-de-bras-de-fer\/\" \/>\n<meta property=\"og:site_name\" content=\"Vision\" \/>\n<meta property=\"article:published_time\" content=\"2024-07-03T18:04:33+00:00\" \/>\n<meta property=\"article:modified_time\" content=\"2026-02-17T19:52:07+00:00\" \/>\n<meta property=\"og:image\" content=\"https:\/\/cdn.editionap.ca\/wp-content\/uploads\/sites\/3\/2024\/07\/Poupart-scaled-e1720030097149.jpg\" \/>\n\t<meta property=\"og:image:width\" content=\"1027\" \/>\n\t<meta property=\"og:image:height\" content=\"750\" \/>\n\t<meta property=\"og:image:type\" content=\"image\/jpeg\" \/>\n<meta name=\"author\" content=\"Joseph Coppolino\" \/>\n<meta name=\"twitter:card\" content=\"summary_large_image\" \/>\n<meta name=\"twitter:label1\" content=\"Written by\" \/>\n\t<meta name=\"twitter:data1\" content=\"Joseph Coppolino\" \/>\n\t<meta name=\"twitter:label2\" content=\"Est. reading time\" \/>\n\t<meta name=\"twitter:data2\" content=\"3 minutes\" \/>\n<script type=\"application\/ld+json\" class=\"yoast-schema-graph\">{\"@context\":\"https:\\\/\\\/schema.org\",\"@graph\":[{\"@type\":\"Article\",\"@id\":\"https:\\\/\\\/visionrockland.ca\\\/en\\\/sports-loisirs\\\/un-adolescent-local-se-classe-parmi-les-trois-premiers-aux-championnats-nationaux-de-bras-de-fer\\\/#article\",\"isPartOf\":{\"@id\":\"https:\\\/\\\/visionrockland.ca\\\/en\\\/sports-loisirs\\\/un-adolescent-local-se-classe-parmi-les-trois-premiers-aux-championnats-nationaux-de-bras-de-fer\\\/\"},\"author\":{\"name\":\"Joseph Coppolino\",\"@id\":\"https:\\\/\\\/visionrockland.ca\\\/en\\\/#\\\/schema\\\/person\\\/25dbd073b952565ed09ca19dbbfccc27\"},\"headline\":\"Un adolescent local se classe parmi les trois premiers aux championnats nationaux de bras de fer\",\"datePublished\":\"2024-07-03T18:04:33+00:00\",\"dateModified\":\"2026-02-17T19:52:07+00:00\",\"mainEntityOfPage\":{\"@id\":\"https:\\\/\\\/visionrockland.ca\\\/en\\\/sports-loisirs\\\/un-adolescent-local-se-classe-parmi-les-trois-premiers-aux-championnats-nationaux-de-bras-de-fer\\\/\"},\"wordCount\":449,\"image\":{\"@id\":\"https:\\\/\\\/visionrockland.ca\\\/en\\\/sports-loisirs\\\/un-adolescent-local-se-classe-parmi-les-trois-premiers-aux-championnats-nationaux-de-bras-de-fer\\\/#primaryimage\"},\"thumbnailUrl\":\"https:\\\/\\\/cdn.editionap.ca\\\/wp-content\\\/uploads\\\/sites\\\/3\\\/2024\\\/07\\\/Poupart-scaled-e1720030097149.jpg\",\"articleSection\":[\"Sports et loisirs\"],\"inLanguage\":\"en-US\"},{\"@type\":\"WebPage\",\"@id\":\"https:\\\/\\\/visionrockland.ca\\\/en\\\/sports-loisirs\\\/un-adolescent-local-se-classe-parmi-les-trois-premiers-aux-championnats-nationaux-de-bras-de-fer\\\/\",\"url\":\"https:\\\/\\\/visionrockland.ca\\\/en\\\/sports-loisirs\\\/un-adolescent-local-se-classe-parmi-les-trois-premiers-aux-championnats-nationaux-de-bras-de-fer\\\/\",\"name\":\"Un adolescent local se classe parmi les trois premiers aux championnats nationaux de bras de fer - Vision\",\"isPartOf\":{\"@id\":\"https:\\\/\\\/visionrockland.ca\\\/en\\\/#website\"},\"primaryImageOfPage\":{\"@id\":\"https:\\\/\\\/visionrockland.ca\\\/en\\\/sports-loisirs\\\/un-adolescent-local-se-classe-parmi-les-trois-premiers-aux-championnats-nationaux-de-bras-de-fer\\\/#primaryimage\"},\"image\":{\"@id\":\"https:\\\/\\\/visionrockland.ca\\\/en\\\/sports-loisirs\\\/un-adolescent-local-se-classe-parmi-les-trois-premiers-aux-championnats-nationaux-de-bras-de-fer\\\/#primaryimage\"},\"thumbnailUrl\":\"https:\\\/\\\/cdn.editionap.ca\\\/wp-content\\\/uploads\\\/sites\\\/3\\\/2024\\\/07\\\/Poupart-scaled-e1720030097149.jpg\",\"datePublished\":\"2024-07-03T18:04:33+00:00\",\"dateModified\":\"2026-02-17T19:52:07+00:00\",\"author\":{\"@id\":\"https:\\\/\\\/visionrockland.ca\\\/en\\\/#\\\/schema\\\/person\\\/25dbd073b952565ed09ca19dbbfccc27\"},\"description\":\"L\u2019\u00e9l\u00e8ve de l\u2019\u00e9cole secondaire catholique l\u2019Escale a r\u00e9cemment remport\u00e9 la troisi\u00e8me place dans sa cat\u00e9gorie de poids lors des Championnats canadiens de bras de fer 2024 qui se sont d\u00e9roul\u00e9s \u00e0 Gatineau, au Qu\u00e9bec, la fin de semaine derni\u00e8re.\",\"breadcrumb\":{\"@id\":\"https:\\\/\\\/visionrockland.ca\\\/en\\\/sports-loisirs\\\/un-adolescent-local-se-classe-parmi-les-trois-premiers-aux-championnats-nationaux-de-bras-de-fer\\\/#breadcrumb\"},\"inLanguage\":\"en-US\",\"potentialAction\":[{\"@type\":\"ReadAction\",\"target\":[\"https:\\\/\\\/visionrockland.ca\\\/en\\\/sports-loisirs\\\/un-adolescent-local-se-classe-parmi-les-trois-premiers-aux-championnats-nationaux-de-bras-de-fer\\\/\"]}]},{\"@type\":\"ImageObject\",\"inLanguage\":\"en-US\",\"@id\":\"https:\\\/\\\/visionrockland.ca\\\/en\\\/sports-loisirs\\\/un-adolescent-local-se-classe-parmi-les-trois-premiers-aux-championnats-nationaux-de-bras-de-fer\\\/#primaryimage\",\"url\":\"https:\\\/\\\/cdn.editionap.ca\\\/wp-content\\\/uploads\\\/sites\\\/3\\\/2024\\\/07\\\/Poupart-scaled-e1720030097149.jpg\",\"contentUrl\":\"https:\\\/\\\/cdn.editionap.ca\\\/wp-content\\\/uploads\\\/sites\\\/3\\\/2024\\\/07\\\/Poupart-scaled-e1720030097149.jpg\",\"width\":1027,\"height\":750,\"caption\":\"Zakary Poupart s'est class\u00e9 troisi\u00e8me dans sa cat\u00e9gorie lors des Championnats canadiens de bras de fer 2024, qui se sont d\u00e9roul\u00e9s du 28 au 30 juin \u00e0 Gatineau.\"},{\"@type\":\"BreadcrumbList\",\"@id\":\"https:\\\/\\\/visionrockland.ca\\\/en\\\/sports-loisirs\\\/un-adolescent-local-se-classe-parmi-les-trois-premiers-aux-championnats-nationaux-de-bras-de-fer\\\/#breadcrumb\",\"itemListElement\":[{\"@type\":\"ListItem\",\"position\":1,\"name\":\"Accueil\",\"item\":\"https:\\\/\\\/visionrockland.ca\\\/en\\\/\"},{\"@type\":\"ListItem\",\"position\":2,\"name\":\"Un adolescent local se classe parmi les trois premiers aux championnats nationaux de bras de fer\"}]},{\"@type\":\"WebSite\",\"@id\":\"https:\\\/\\\/visionrockland.ca\\\/en\\\/#website\",\"url\":\"https:\\\/\\\/visionrockland.ca\\\/en\\\/\",\"name\":\"Vision\",\"description\":\"\",\"potentialAction\":[{\"@type\":\"SearchAction\",\"target\":{\"@type\":\"EntryPoint\",\"urlTemplate\":\"https:\\\/\\\/visionrockland.ca\\\/en\\\/?s={search_term_string}\"},\"query-input\":{\"@type\":\"PropertyValueSpecification\",\"valueRequired\":true,\"valueName\":\"search_term_string\"}}],\"inLanguage\":\"en-US\"},{\"@type\":\"Person\",\"@id\":\"https:\\\/\\\/visionrockland.ca\\\/en\\\/#\\\/schema\\\/person\\\/25dbd073b952565ed09ca19dbbfccc27\",\"name\":\"Joseph Coppolino\",\"image\":{\"@type\":\"ImageObject\",\"inLanguage\":\"en-US\",\"@id\":\"https:\\\/\\\/secure.gravatar.com\\\/avatar\\\/68b588951b507643baa44096457818fb7c15c73a18975a47ba0caf868bab32aa?s=96&d=mm&r=g\",\"url\":\"https:\\\/\\\/secure.gravatar.com\\\/avatar\\\/68b588951b507643baa44096457818fb7c15c73a18975a47ba0caf868bab32aa?s=96&d=mm&r=g\",\"contentUrl\":\"https:\\\/\\\/secure.gravatar.com\\\/avatar\\\/68b588951b507643baa44096457818fb7c15c73a18975a47ba0caf868bab32aa?s=96&d=mm&r=g\",\"caption\":\"Joseph Coppolino\"}}]}<\/script>\n<!-- \/ Yoast SEO plugin. -->","yoast_head_json":{"title":"Un adolescent local se classe parmi les trois premiers aux championnats nationaux de bras de fer - Vision","description":"L\u2019\u00e9l\u00e8ve de l\u2019\u00e9cole secondaire catholique l\u2019Escale a r\u00e9cemment remport\u00e9 la troisi\u00e8me place dans sa cat\u00e9gorie de poids lors des Championnats canadiens de bras de fer 2024 qui se sont d\u00e9roul\u00e9s \u00e0 Gatineau, au Qu\u00e9bec, la fin de semaine derni\u00e8re.","robots":{"index":"index","follow":"follow","max-snippet":"max-snippet:-1","max-image-preview":"max-image-preview:large","max-video-preview":"max-video-preview:-1"},"canonical":"https:\/\/visionrockland.ca\/en\/sports-loisirs\/un-adolescent-local-se-classe-parmi-les-trois-premiers-aux-championnats-nationaux-de-bras-de-fer\/","og_locale":"en_US","og_type":"article","og_title":"Un adolescent local se classe parmi les trois premiers aux championnats nationaux de bras de fer - Vision","og_description":"L\u2019\u00e9l\u00e8ve de l\u2019\u00e9cole secondaire catholique l\u2019Escale a r\u00e9cemment remport\u00e9 la troisi\u00e8me place dans sa cat\u00e9gorie de poids lors des Championnats canadiens de bras de fer 2024 qui se sont d\u00e9roul\u00e9s \u00e0 Gatineau, au Qu\u00e9bec, la fin de semaine derni\u00e8re.","og_url":"https:\/\/visionrockland.ca\/en\/sports-loisirs\/un-adolescent-local-se-classe-parmi-les-trois-premiers-aux-championnats-nationaux-de-bras-de-fer\/","og_site_name":"Vision","article_published_time":"2024-07-03T18:04:33+00:00","article_modified_time":"2026-02-17T19:52:07+00:00","og_image":[{"width":1027,"height":750,"url":"https:\/\/cdn.editionap.ca\/wp-content\/uploads\/sites\/3\/2024\/07\/Poupart-scaled-e1720030097149.jpg","type":"image\/jpeg"}],"author":"Joseph Coppolino","twitter_card":"summary_large_image","twitter_misc":{"Written by":"Joseph Coppolino","Est. reading time":"3 minutes"},"schema":{"@context":"https:\/\/schema.org","@graph":[{"@type":"Article","@id":"https:\/\/visionrockland.ca\/en\/sports-loisirs\/un-adolescent-local-se-classe-parmi-les-trois-premiers-aux-championnats-nationaux-de-bras-de-fer\/#article","isPartOf":{"@id":"https:\/\/visionrockland.ca\/en\/sports-loisirs\/un-adolescent-local-se-classe-parmi-les-trois-premiers-aux-championnats-nationaux-de-bras-de-fer\/"},"author":{"name":"Joseph Coppolino","@id":"https:\/\/visionrockland.ca\/en\/#\/schema\/person\/25dbd073b952565ed09ca19dbbfccc27"},"headline":"Un adolescent local se classe parmi les trois premiers aux championnats nationaux de bras de fer","datePublished":"2024-07-03T18:04:33+00:00","dateModified":"2026-02-17T19:52:07+00:00","mainEntityOfPage":{"@id":"https:\/\/visionrockland.ca\/en\/sports-loisirs\/un-adolescent-local-se-classe-parmi-les-trois-premiers-aux-championnats-nationaux-de-bras-de-fer\/"},"wordCount":449,"image":{"@id":"https:\/\/visionrockland.ca\/en\/sports-loisirs\/un-adolescent-local-se-classe-parmi-les-trois-premiers-aux-championnats-nationaux-de-bras-de-fer\/#primaryimage"},"thumbnailUrl":"https:\/\/cdn.editionap.ca\/wp-content\/uploads\/sites\/3\/2024\/07\/Poupart-scaled-e1720030097149.jpg","articleSection":["Sports et loisirs"],"inLanguage":"en-US"},{"@type":"WebPage","@id":"https:\/\/visionrockland.ca\/en\/sports-loisirs\/un-adolescent-local-se-classe-parmi-les-trois-premiers-aux-championnats-nationaux-de-bras-de-fer\/","url":"https:\/\/visionrockland.ca\/en\/sports-loisirs\/un-adolescent-local-se-classe-parmi-les-trois-premiers-aux-championnats-nationaux-de-bras-de-fer\/","name":"Un adolescent local se classe parmi les trois premiers aux championnats nationaux de bras de fer - Vision","isPartOf":{"@id":"https:\/\/visionrockland.ca\/en\/#website"},"primaryImageOfPage":{"@id":"https:\/\/visionrockland.ca\/en\/sports-loisirs\/un-adolescent-local-se-classe-parmi-les-trois-premiers-aux-championnats-nationaux-de-bras-de-fer\/#primaryimage"},"image":{"@id":"https:\/\/visionrockland.ca\/en\/sports-loisirs\/un-adolescent-local-se-classe-parmi-les-trois-premiers-aux-championnats-nationaux-de-bras-de-fer\/#primaryimage"},"thumbnailUrl":"https:\/\/cdn.editionap.ca\/wp-content\/uploads\/sites\/3\/2024\/07\/Poupart-scaled-e1720030097149.jpg","datePublished":"2024-07-03T18:04:33+00:00","dateModified":"2026-02-17T19:52:07+00:00","author":{"@id":"https:\/\/visionrockland.ca\/en\/#\/schema\/person\/25dbd073b952565ed09ca19dbbfccc27"},"description":"L\u2019\u00e9l\u00e8ve de l\u2019\u00e9cole secondaire catholique l\u2019Escale a r\u00e9cemment remport\u00e9 la troisi\u00e8me place dans sa cat\u00e9gorie de poids lors des Championnats canadiens de bras de fer 2024 qui se sont d\u00e9roul\u00e9s \u00e0 Gatineau, au Qu\u00e9bec, la fin de semaine derni\u00e8re.","breadcrumb":{"@id":"https:\/\/visionrockland.ca\/en\/sports-loisirs\/un-adolescent-local-se-classe-parmi-les-trois-premiers-aux-championnats-nationaux-de-bras-de-fer\/#breadcrumb"},"inLanguage":"en-US","potentialAction":[{"@type":"ReadAction","target":["https:\/\/visionrockland.ca\/en\/sports-loisirs\/un-adolescent-local-se-classe-parmi-les-trois-premiers-aux-championnats-nationaux-de-bras-de-fer\/"]}]},{"@type":"ImageObject","inLanguage":"en-US","@id":"https:\/\/visionrockland.ca\/en\/sports-loisirs\/un-adolescent-local-se-classe-parmi-les-trois-premiers-aux-championnats-nationaux-de-bras-de-fer\/#primaryimage","url":"https:\/\/cdn.editionap.ca\/wp-content\/uploads\/sites\/3\/2024\/07\/Poupart-scaled-e1720030097149.jpg","contentUrl":"https:\/\/cdn.editionap.ca\/wp-content\/uploads\/sites\/3\/2024\/07\/Poupart-scaled-e1720030097149.jpg","width":1027,"height":750,"caption":"Zakary Poupart s'est class\u00e9 troisi\u00e8me dans sa cat\u00e9gorie lors des Championnats canadiens de bras de fer 2024, qui se sont d\u00e9roul\u00e9s du 28 au 30 juin \u00e0 Gatineau."},{"@type":"BreadcrumbList","@id":"https:\/\/visionrockland.ca\/en\/sports-loisirs\/un-adolescent-local-se-classe-parmi-les-trois-premiers-aux-championnats-nationaux-de-bras-de-fer\/#breadcrumb","itemListElement":[{"@type":"ListItem","position":1,"name":"Accueil","item":"https:\/\/visionrockland.ca\/en\/"},{"@type":"ListItem","position":2,"name":"Un adolescent local se classe parmi les trois premiers aux championnats nationaux de bras de fer"}]},{"@type":"WebSite","@id":"https:\/\/visionrockland.ca\/en\/#website","url":"https:\/\/visionrockland.ca\/en\/","name":"Vision","description":"","potentialAction":[{"@type":"SearchAction","target":{"@type":"EntryPoint","urlTemplate":"https:\/\/visionrockland.ca\/en\/?s={search_term_string}"},"query-input":{"@type":"PropertyValueSpecification","valueRequired":true,"valueName":"search_term_string"}}],"inLanguage":"en-US"},{"@type":"Person","@id":"https:\/\/visionrockland.ca\/en\/#\/schema\/person\/25dbd073b952565ed09ca19dbbfccc27","name":"Joseph Coppolino","image":{"@type":"ImageObject","inLanguage":"en-US","@id":"https:\/\/secure.gravatar.com\/avatar\/68b588951b507643baa44096457818fb7c15c73a18975a47ba0caf868bab32aa?s=96&d=mm&r=g","url":"https:\/\/secure.gravatar.com\/avatar\/68b588951b507643baa44096457818fb7c15c73a18975a47ba0caf868bab32aa?s=96&d=mm&r=g","contentUrl":"https:\/\/secure.gravatar.com\/avatar\/68b588951b507643baa44096457818fb7c15c73a18975a47ba0caf868bab32aa?s=96&d=mm&r=g","caption":"Joseph Coppolino"}}]}},"_links":{"self":[{"href":"https:\/\/visionrockland.ca\/en\/wp-json\/wp\/v2\/posts\/102475","targetHints":{"allow":["GET"]}}],"collection":[{"href":"https:\/\/visionrockland.ca\/en\/wp-json\/wp\/v2\/posts"}],"about":[{"href":"https:\/\/visionrockland.ca\/en\/wp-json\/wp\/v2\/types\/post"}],"author":[{"embeddable":true,"href":"https:\/\/visionrockland.ca\/en\/wp-json\/wp\/v2\/users\/20"}],"replies":[{"embeddable":true,"href":"https:\/\/visionrockland.ca\/en\/wp-json\/wp\/v2\/comments?post=102475"}],"version-history":[{"count":1,"href":"https:\/\/visionrockland.ca\/en\/wp-json\/wp\/v2\/posts\/102475\/revisions"}],"predecessor-version":[{"id":132487,"href":"https:\/\/visionrockland.ca\/en\/wp-json\/wp\/v2\/posts\/102475\/revisions\/132487"}],"wp:featuredmedia":[{"embeddable":true,"href":"https:\/\/visionrockland.ca\/en\/wp-json\/wp\/v2\/media\/102476"}],"wp:attachment":[{"href":"https:\/\/visionrockland.ca\/en\/wp-json\/wp\/v2\/media?parent=102475"}],"wp:term":[{"taxonomy":"category","embeddable":true,"href":"https:\/\/visionrockland.ca\/en\/wp-json\/wp\/v2\/categories?post=102475"},{"taxonomy":"post_tag","embeddable":true,"href":"https:\/\/visionrockland.ca\/en\/wp-json\/wp\/v2\/tags?post=102475"}],"curies":[{"name":"wp","href":"https:\/\/api.w.org\/{rel}","templated":true}]}}