{"id":102471,"date":"2024-07-03T13:57:07","date_gmt":"2024-07-03T17:57:07","guid":{"rendered":"https:\/\/editionap.ca\/?p=102471"},"modified":"2026-02-17T20:52:07","modified_gmt":"2026-02-17T19:52:07","slug":"lancien-entraineur-adjoint-des-nats-se-joint-au-personnel-dentraineurs-des-huskies-de-la-lhjmq","status":"publish","type":"post","link":"https:\/\/visionrockland.ca\/en\/sports-loisirs\/lancien-entraineur-adjoint-des-nats-se-joint-au-personnel-dentraineurs-des-huskies-de-la-lhjmq\/","title":{"rendered":"L\u2019ancien entra\u00eeneur adjoint des Nats se joint au personnel d\u2019entra\u00eeneurs des Huskies de la LHJMQ"},"content":{"rendered":"<p>C\u2019\u00e9tait une occasion qu\u2019il ne pouvait pas laisser passer.<\/p>\n<p>Apr\u00e8s avoir pass\u00e9 la derni\u00e8re ann\u00e9e comme entra\u00eeneur adjoint de l\u2019\u00e9quipe junior A des Rockland Nationals, Alexandre Ferraton se dirige vers la Ligue de hockey junior majeur du Qu\u00e9bec (LHJMQ) et se joint au personnel d\u2019entra\u00eeneurs des Huskies de Rouyn-Noranda.<\/p>\n<p>\u00abC\u2019est maintenant officiel, mais la d\u00e9cision n\u2019a pas \u00e9t\u00e9 facile \u00e0 prendre , a d\u00e9clar\u00e9 Ferraton au sujet de son d\u00e9part de Rockland pour se joindre aux Huskies de la LHJMQ \u00e0 titre d\u2019entra\u00eeneur adjoint. Je laisse derri\u00e8re moi un excellent programme, un excellent groupe de joueurs et un excellent groupe de leadership.\u00bb<\/p>\n<p>M. Ferraton s\u2019est joint au personnel d\u2019entra\u00eeneurs des Nats \u00e0 peu pr\u00e8s \u00e0 la m\u00eame p\u00e9riode la saison derni\u00e8re et il n\u2019a que des choses positives \u00e0 dire au sujet de son s\u00e9jour derri\u00e8re le banc des Nats, apprenant et se d\u00e9veloppant au fur et \u00e0 mesure que son parcours d\u2019entra\u00eeneur se poursuivait aux c\u00f4t\u00e9s de l\u2019entra\u00eeneur-chef Justin Pereira.<\/p>\n<p>\u00abCette \u00e9quipe va dans la bonne direction, surtout avec Justin derri\u00e8re le banc, a d\u00e9clar\u00e9 Ferraton, qui a jou\u00e9 au hockey pendant plus de 15 ans \u00e0 divers niveaux dans la r\u00e9gion d\u2019Ottawa-Gatineau.\u00bb<\/p>\n<p>Pendant son mandat avec les Nationals, Ferraton a fait partie d\u2019une \u00e9quipe qui a atteint les s\u00e9ries \u00e9liminatoires de la Central Canadian Hockey League (CCHL) pour la premi\u00e8re fois en cinq ans.<\/p>\n<p>Les Nationals ont remport\u00e9 leur match de premier tour contre les Renfrew Wolves, mais leur qu\u00eate de la Coupe Bogart s\u2019est arr\u00eat\u00e9e apr\u00e8s une d\u00e9faite au deuxi\u00e8me tour contre les Navan Grads.<\/p>\n<p>M. Ferraton attribue le redressement des Nats au premier entra\u00eeneur Pereira, qui a insuffl\u00e9 une nouvelle culture \u00e0 laquelle les joueurs et le reste de l\u2019\u00e9quipe d\u2019entra\u00eeneurs ont adh\u00e9r\u00e9.<\/p>\n<p>La communaut\u00e9 a \u00e9galement pris le train en marche, en se ralliant \u00e0 son \u00e9quipe, ce qui a donn\u00e9 \u00e0 Rockland la fi\u00e8vre des playoffs pour la premi\u00e8re fois depuis des ann\u00e9es.<\/p>\n<p>\u00abVous voulez toujours faire partie d\u2019une culture positive et gagnante, a-t-il d\u00e9clar\u00e9. En tant qu\u2019\u00e9quipe d\u2019entra\u00eeneurs, nous avions une tr\u00e8s bonne alchimie.\u00bb<\/p>\n<p>M. Ferraton a d\u00e9clar\u00e9 qu\u2019\u00eatre entra\u00eeneur de hockey combinait ses passions pour l\u2019enseignement, l\u2019aide aux jeunes joueurs pour qu\u2019ils atteignent leur potentiel et le hockey.<\/p>\n<p>Il est titulaire d\u2019un baccalaur\u00e9at en sport et activit\u00e9 physique avec mineure en gestion de l\u2019Universit\u00e9 d\u2019Ottawa. Il est entra\u00eeneur de comp\u00e9tition certifi\u00e9 de niveau 1 (PNCE) par Hockey Qu\u00e9bec et poss\u00e8de plusieurs ann\u00e9es d\u2019exp\u00e9rience derri\u00e8re le banc de l\u2019\u00e9quipe masculine de hockey de l\u2019Universit\u00e9 d\u2019Ottawa.<\/p>\n<p>Il a cr\u00e9\u00e9 sa propre \u00e9cole de hockey, Ferraton Hockey, qui permet aux jeunes joueurs de hockey de perfectionner leurs comp\u00e9tences lorsqu\u2019ils montent sur la glace.<\/p>\n<p>\u00abJe suis jeune, j\u2019apprends encore et j\u2019ai confiance en mes capacit\u00e9s d\u2019entra\u00eeneur adjoint, a ajout\u00e9 M. Ferraton. Si c\u2019est ce qui est pr\u00e9vu pour moi, et si cela reste ainsi, je suis \u00e0 l\u2019aise avec cela. En tant qu\u2019assistant, vous pouvez vraiment travailler avec les joueurs et travailler sur un exercice ou un jeu sp\u00e9cifique.\u00bb<\/p>\n<p>L\u2019organisation des Nationals a envoy\u00e9 un message sinc\u00e8re \u00e0 Ferraton sur sa plateforme de m\u00e9dias sociaux, alors que l\u2019\u00e9quipe a annonc\u00e9 son transfert \u00e0 la LHJMQ.<\/p>\n<p>\u00abL\u2019organisation des Nationals aimerait remercier Alex pour les innombrables heures et efforts qu\u2019il a consacr\u00e9s \u00e0 l\u2019organisation. Alex a jou\u00e9 un r\u00f4le essentiel dans le d\u00e9veloppement des joueurs de Rockland cette saison, a d\u00e9clar\u00e9 le club de hockey dans un message sur Facebook. Sa passion pour le d\u00e9veloppement des joueurs a aid\u00e9 nos joueurs \u00e0 grandir en tant que joueurs et en tant que personnes.\u00bb<\/p>\n","protected":false},"excerpt":{"rendered":"<p>C\u2019\u00e9tait une occasion qu\u2019il ne pouvait pas laisser passer. Apr\u00e8s avoir pass\u00e9 la derni\u00e8re ann\u00e9e comme entra\u00eeneur adjoint de l\u2019\u00e9quipe junior A des Rockland Nationals, Alexandre Ferraton se dirige vers la Ligue de hockey junior majeur du Qu\u00e9bec (LHJMQ) et se joint au personnel d\u2019entra\u00eeneurs des Huskies de Rouyn-Noranda. \u00abC\u2019est maintenant officiel, mais la d\u00e9cision [&hellip;]<\/p>\n","protected":false},"author":20,"featured_media":102472,"comment_status":"closed","ping_status":"open","sticky":false,"template":"","format":"standard","meta":{"_acf_changed":false,"footnotes":""},"categories":[38],"tags":[],"class_list":["post-102471","post","type-post","status-publish","format-standard","has-post-thumbnail","hentry","category-sports-loisirs"],"acf":[],"featured_media_global":[],"yoast_head":"<!-- This site is optimized with the Yoast SEO plugin v27.4 - https:\/\/yoast.com\/product\/yoast-seo-wordpress\/ -->\n<title>L\u2019ancien entra\u00eeneur adjoint des Nats se joint au personnel d\u2019entra\u00eeneurs des Huskies de la LHJMQ - Vision<\/title>\n<meta name=\"description\" content=\"Apr\u00e8s avoir pass\u00e9 la derni\u00e8re ann\u00e9e comme entra\u00eeneur adjoint de l\u2019\u00e9quipe junior A des Rockland Nationals, Alexandre Ferraton se dirige vers la Ligue de hockey junior majeur du Qu\u00e9bec (LHJMQ) et se joint au personnel d\u2019entra\u00eeneurs des Huskies de Rouyn-Noranda.\" \/>\n<meta name=\"robots\" content=\"index, follow, max-snippet:-1, max-image-preview:large, max-video-preview:-1\" \/>\n<link rel=\"canonical\" href=\"https:\/\/visionrockland.ca\/en\/sports-loisirs\/lancien-entraineur-adjoint-des-nats-se-joint-au-personnel-dentraineurs-des-huskies-de-la-lhjmq\/\" \/>\n<meta property=\"og:locale\" content=\"en_US\" \/>\n<meta property=\"og:type\" content=\"article\" \/>\n<meta property=\"og:title\" content=\"L\u2019ancien entra\u00eeneur adjoint des Nats se joint au personnel d\u2019entra\u00eeneurs des Huskies de la LHJMQ - Vision\" \/>\n<meta property=\"og:description\" content=\"Apr\u00e8s avoir pass\u00e9 la derni\u00e8re ann\u00e9e comme entra\u00eeneur adjoint de l\u2019\u00e9quipe junior A des Rockland Nationals, Alexandre Ferraton se dirige vers la Ligue de hockey junior majeur du Qu\u00e9bec (LHJMQ) et se joint au personnel d\u2019entra\u00eeneurs des Huskies de Rouyn-Noranda.\" \/>\n<meta property=\"og:url\" content=\"https:\/\/visionrockland.ca\/en\/sports-loisirs\/lancien-entraineur-adjoint-des-nats-se-joint-au-personnel-dentraineurs-des-huskies-de-la-lhjmq\/\" \/>\n<meta property=\"og:site_name\" content=\"Vision\" \/>\n<meta property=\"article:published_time\" content=\"2024-07-03T17:57:07+00:00\" \/>\n<meta property=\"article:modified_time\" content=\"2026-02-17T19:52:07+00:00\" \/>\n<meta property=\"og:image\" content=\"https:\/\/cdn.editionap.ca\/wp-content\/uploads\/sites\/3\/2024\/07\/449171345_18315509164198470_4334519418884514593_n.jpg\" \/>\n\t<meta property=\"og:image:width\" content=\"1081\" \/>\n\t<meta property=\"og:image:height\" content=\"721\" \/>\n\t<meta property=\"og:image:type\" content=\"image\/jpeg\" \/>\n<meta name=\"author\" content=\"Joseph Coppolino\" \/>\n<meta name=\"twitter:card\" content=\"summary_large_image\" \/>\n<meta name=\"twitter:label1\" content=\"Written by\" \/>\n\t<meta name=\"twitter:data1\" content=\"Joseph Coppolino\" \/>\n\t<meta name=\"twitter:label2\" content=\"Est. reading time\" \/>\n\t<meta name=\"twitter:data2\" content=\"4 minutes\" \/>\n<script type=\"application\/ld+json\" class=\"yoast-schema-graph\">{\"@context\":\"https:\\\/\\\/schema.org\",\"@graph\":[{\"@type\":\"Article\",\"@id\":\"https:\\\/\\\/visionrockland.ca\\\/en\\\/sports-loisirs\\\/lancien-entraineur-adjoint-des-nats-se-joint-au-personnel-dentraineurs-des-huskies-de-la-lhjmq\\\/#article\",\"isPartOf\":{\"@id\":\"https:\\\/\\\/visionrockland.ca\\\/en\\\/sports-loisirs\\\/lancien-entraineur-adjoint-des-nats-se-joint-au-personnel-dentraineurs-des-huskies-de-la-lhjmq\\\/\"},\"author\":{\"name\":\"Joseph Coppolino\",\"@id\":\"https:\\\/\\\/visionrockland.ca\\\/en\\\/#\\\/schema\\\/person\\\/25dbd073b952565ed09ca19dbbfccc27\"},\"headline\":\"L\u2019ancien entra\u00eeneur adjoint des Nats se joint au personnel d\u2019entra\u00eeneurs des Huskies de la LHJMQ\",\"datePublished\":\"2024-07-03T17:57:07+00:00\",\"dateModified\":\"2026-02-17T19:52:07+00:00\",\"mainEntityOfPage\":{\"@id\":\"https:\\\/\\\/visionrockland.ca\\\/en\\\/sports-loisirs\\\/lancien-entraineur-adjoint-des-nats-se-joint-au-personnel-dentraineurs-des-huskies-de-la-lhjmq\\\/\"},\"wordCount\":693,\"image\":{\"@id\":\"https:\\\/\\\/visionrockland.ca\\\/en\\\/sports-loisirs\\\/lancien-entraineur-adjoint-des-nats-se-joint-au-personnel-dentraineurs-des-huskies-de-la-lhjmq\\\/#primaryimage\"},\"thumbnailUrl\":\"https:\\\/\\\/cdn.editionap.ca\\\/wp-content\\\/uploads\\\/sites\\\/3\\\/2024\\\/07\\\/449171345_18315509164198470_4334519418884514593_n.jpg\",\"articleSection\":[\"Sports et loisirs\"],\"inLanguage\":\"en-US\"},{\"@type\":\"WebPage\",\"@id\":\"https:\\\/\\\/visionrockland.ca\\\/en\\\/sports-loisirs\\\/lancien-entraineur-adjoint-des-nats-se-joint-au-personnel-dentraineurs-des-huskies-de-la-lhjmq\\\/\",\"url\":\"https:\\\/\\\/visionrockland.ca\\\/en\\\/sports-loisirs\\\/lancien-entraineur-adjoint-des-nats-se-joint-au-personnel-dentraineurs-des-huskies-de-la-lhjmq\\\/\",\"name\":\"L\u2019ancien entra\u00eeneur adjoint des Nats se joint au personnel d\u2019entra\u00eeneurs des Huskies de la LHJMQ - Vision\",\"isPartOf\":{\"@id\":\"https:\\\/\\\/visionrockland.ca\\\/en\\\/#website\"},\"primaryImageOfPage\":{\"@id\":\"https:\\\/\\\/visionrockland.ca\\\/en\\\/sports-loisirs\\\/lancien-entraineur-adjoint-des-nats-se-joint-au-personnel-dentraineurs-des-huskies-de-la-lhjmq\\\/#primaryimage\"},\"image\":{\"@id\":\"https:\\\/\\\/visionrockland.ca\\\/en\\\/sports-loisirs\\\/lancien-entraineur-adjoint-des-nats-se-joint-au-personnel-dentraineurs-des-huskies-de-la-lhjmq\\\/#primaryimage\"},\"thumbnailUrl\":\"https:\\\/\\\/cdn.editionap.ca\\\/wp-content\\\/uploads\\\/sites\\\/3\\\/2024\\\/07\\\/449171345_18315509164198470_4334519418884514593_n.jpg\",\"datePublished\":\"2024-07-03T17:57:07+00:00\",\"dateModified\":\"2026-02-17T19:52:07+00:00\",\"author\":{\"@id\":\"https:\\\/\\\/visionrockland.ca\\\/en\\\/#\\\/schema\\\/person\\\/25dbd073b952565ed09ca19dbbfccc27\"},\"description\":\"Apr\u00e8s avoir pass\u00e9 la derni\u00e8re ann\u00e9e comme entra\u00eeneur adjoint de l\u2019\u00e9quipe junior A des Rockland Nationals, Alexandre Ferraton se dirige vers la Ligue de hockey junior majeur du Qu\u00e9bec (LHJMQ) et se joint au personnel d\u2019entra\u00eeneurs des Huskies de Rouyn-Noranda.\",\"breadcrumb\":{\"@id\":\"https:\\\/\\\/visionrockland.ca\\\/en\\\/sports-loisirs\\\/lancien-entraineur-adjoint-des-nats-se-joint-au-personnel-dentraineurs-des-huskies-de-la-lhjmq\\\/#breadcrumb\"},\"inLanguage\":\"en-US\",\"potentialAction\":[{\"@type\":\"ReadAction\",\"target\":[\"https:\\\/\\\/visionrockland.ca\\\/en\\\/sports-loisirs\\\/lancien-entraineur-adjoint-des-nats-se-joint-au-personnel-dentraineurs-des-huskies-de-la-lhjmq\\\/\"]}]},{\"@type\":\"ImageObject\",\"inLanguage\":\"en-US\",\"@id\":\"https:\\\/\\\/visionrockland.ca\\\/en\\\/sports-loisirs\\\/lancien-entraineur-adjoint-des-nats-se-joint-au-personnel-dentraineurs-des-huskies-de-la-lhjmq\\\/#primaryimage\",\"url\":\"https:\\\/\\\/cdn.editionap.ca\\\/wp-content\\\/uploads\\\/sites\\\/3\\\/2024\\\/07\\\/449171345_18315509164198470_4334519418884514593_n.jpg\",\"contentUrl\":\"https:\\\/\\\/cdn.editionap.ca\\\/wp-content\\\/uploads\\\/sites\\\/3\\\/2024\\\/07\\\/449171345_18315509164198470_4334519418884514593_n.jpg\",\"width\":1081,\"height\":721,\"caption\":\"Former Nats assistant coach Alexandre Ferraton, left, and Rockland Nationals current head coach Justin Pereira. Ferraton spent the last year as an assistant with the Nats, and has now accepted a position as an assistant coach with the Rouyn Noranda Huskies of the QMJHL.\"},{\"@type\":\"BreadcrumbList\",\"@id\":\"https:\\\/\\\/visionrockland.ca\\\/en\\\/sports-loisirs\\\/lancien-entraineur-adjoint-des-nats-se-joint-au-personnel-dentraineurs-des-huskies-de-la-lhjmq\\\/#breadcrumb\",\"itemListElement\":[{\"@type\":\"ListItem\",\"position\":1,\"name\":\"Accueil\",\"item\":\"https:\\\/\\\/visionrockland.ca\\\/en\\\/\"},{\"@type\":\"ListItem\",\"position\":2,\"name\":\"L\u2019ancien entra\u00eeneur adjoint des Nats se joint au personnel d\u2019entra\u00eeneurs des Huskies de la LHJMQ\"}]},{\"@type\":\"WebSite\",\"@id\":\"https:\\\/\\\/visionrockland.ca\\\/en\\\/#website\",\"url\":\"https:\\\/\\\/visionrockland.ca\\\/en\\\/\",\"name\":\"Vision\",\"description\":\"\",\"potentialAction\":[{\"@type\":\"SearchAction\",\"target\":{\"@type\":\"EntryPoint\",\"urlTemplate\":\"https:\\\/\\\/visionrockland.ca\\\/en\\\/?s={search_term_string}\"},\"query-input\":{\"@type\":\"PropertyValueSpecification\",\"valueRequired\":true,\"valueName\":\"search_term_string\"}}],\"inLanguage\":\"en-US\"},{\"@type\":\"Person\",\"@id\":\"https:\\\/\\\/visionrockland.ca\\\/en\\\/#\\\/schema\\\/person\\\/25dbd073b952565ed09ca19dbbfccc27\",\"name\":\"Joseph Coppolino\",\"image\":{\"@type\":\"ImageObject\",\"inLanguage\":\"en-US\",\"@id\":\"https:\\\/\\\/secure.gravatar.com\\\/avatar\\\/68b588951b507643baa44096457818fb7c15c73a18975a47ba0caf868bab32aa?s=96&d=mm&r=g\",\"url\":\"https:\\\/\\\/secure.gravatar.com\\\/avatar\\\/68b588951b507643baa44096457818fb7c15c73a18975a47ba0caf868bab32aa?s=96&d=mm&r=g\",\"contentUrl\":\"https:\\\/\\\/secure.gravatar.com\\\/avatar\\\/68b588951b507643baa44096457818fb7c15c73a18975a47ba0caf868bab32aa?s=96&d=mm&r=g\",\"caption\":\"Joseph Coppolino\"}}]}<\/script>\n<!-- \/ Yoast SEO plugin. -->","yoast_head_json":{"title":"L\u2019ancien entra\u00eeneur adjoint des Nats se joint au personnel d\u2019entra\u00eeneurs des Huskies de la LHJMQ - Vision","description":"Apr\u00e8s avoir pass\u00e9 la derni\u00e8re ann\u00e9e comme entra\u00eeneur adjoint de l\u2019\u00e9quipe junior A des Rockland Nationals, Alexandre Ferraton se dirige vers la Ligue de hockey junior majeur du Qu\u00e9bec (LHJMQ) et se joint au personnel d\u2019entra\u00eeneurs des Huskies de Rouyn-Noranda.","robots":{"index":"index","follow":"follow","max-snippet":"max-snippet:-1","max-image-preview":"max-image-preview:large","max-video-preview":"max-video-preview:-1"},"canonical":"https:\/\/visionrockland.ca\/en\/sports-loisirs\/lancien-entraineur-adjoint-des-nats-se-joint-au-personnel-dentraineurs-des-huskies-de-la-lhjmq\/","og_locale":"en_US","og_type":"article","og_title":"L\u2019ancien entra\u00eeneur adjoint des Nats se joint au personnel d\u2019entra\u00eeneurs des Huskies de la LHJMQ - Vision","og_description":"Apr\u00e8s avoir pass\u00e9 la derni\u00e8re ann\u00e9e comme entra\u00eeneur adjoint de l\u2019\u00e9quipe junior A des Rockland Nationals, Alexandre Ferraton se dirige vers la Ligue de hockey junior majeur du Qu\u00e9bec (LHJMQ) et se joint au personnel d\u2019entra\u00eeneurs des Huskies de Rouyn-Noranda.","og_url":"https:\/\/visionrockland.ca\/en\/sports-loisirs\/lancien-entraineur-adjoint-des-nats-se-joint-au-personnel-dentraineurs-des-huskies-de-la-lhjmq\/","og_site_name":"Vision","article_published_time":"2024-07-03T17:57:07+00:00","article_modified_time":"2026-02-17T19:52:07+00:00","og_image":[{"width":1081,"height":721,"url":"https:\/\/cdn.editionap.ca\/wp-content\/uploads\/sites\/3\/2024\/07\/449171345_18315509164198470_4334519418884514593_n.jpg","type":"image\/jpeg"}],"author":"Joseph Coppolino","twitter_card":"summary_large_image","twitter_misc":{"Written by":"Joseph Coppolino","Est. reading time":"4 minutes"},"schema":{"@context":"https:\/\/schema.org","@graph":[{"@type":"Article","@id":"https:\/\/visionrockland.ca\/en\/sports-loisirs\/lancien-entraineur-adjoint-des-nats-se-joint-au-personnel-dentraineurs-des-huskies-de-la-lhjmq\/#article","isPartOf":{"@id":"https:\/\/visionrockland.ca\/en\/sports-loisirs\/lancien-entraineur-adjoint-des-nats-se-joint-au-personnel-dentraineurs-des-huskies-de-la-lhjmq\/"},"author":{"name":"Joseph Coppolino","@id":"https:\/\/visionrockland.ca\/en\/#\/schema\/person\/25dbd073b952565ed09ca19dbbfccc27"},"headline":"L\u2019ancien entra\u00eeneur adjoint des Nats se joint au personnel d\u2019entra\u00eeneurs des Huskies de la LHJMQ","datePublished":"2024-07-03T17:57:07+00:00","dateModified":"2026-02-17T19:52:07+00:00","mainEntityOfPage":{"@id":"https:\/\/visionrockland.ca\/en\/sports-loisirs\/lancien-entraineur-adjoint-des-nats-se-joint-au-personnel-dentraineurs-des-huskies-de-la-lhjmq\/"},"wordCount":693,"image":{"@id":"https:\/\/visionrockland.ca\/en\/sports-loisirs\/lancien-entraineur-adjoint-des-nats-se-joint-au-personnel-dentraineurs-des-huskies-de-la-lhjmq\/#primaryimage"},"thumbnailUrl":"https:\/\/cdn.editionap.ca\/wp-content\/uploads\/sites\/3\/2024\/07\/449171345_18315509164198470_4334519418884514593_n.jpg","articleSection":["Sports et loisirs"],"inLanguage":"en-US"},{"@type":"WebPage","@id":"https:\/\/visionrockland.ca\/en\/sports-loisirs\/lancien-entraineur-adjoint-des-nats-se-joint-au-personnel-dentraineurs-des-huskies-de-la-lhjmq\/","url":"https:\/\/visionrockland.ca\/en\/sports-loisirs\/lancien-entraineur-adjoint-des-nats-se-joint-au-personnel-dentraineurs-des-huskies-de-la-lhjmq\/","name":"L\u2019ancien entra\u00eeneur adjoint des Nats se joint au personnel d\u2019entra\u00eeneurs des Huskies de la LHJMQ - Vision","isPartOf":{"@id":"https:\/\/visionrockland.ca\/en\/#website"},"primaryImageOfPage":{"@id":"https:\/\/visionrockland.ca\/en\/sports-loisirs\/lancien-entraineur-adjoint-des-nats-se-joint-au-personnel-dentraineurs-des-huskies-de-la-lhjmq\/#primaryimage"},"image":{"@id":"https:\/\/visionrockland.ca\/en\/sports-loisirs\/lancien-entraineur-adjoint-des-nats-se-joint-au-personnel-dentraineurs-des-huskies-de-la-lhjmq\/#primaryimage"},"thumbnailUrl":"https:\/\/cdn.editionap.ca\/wp-content\/uploads\/sites\/3\/2024\/07\/449171345_18315509164198470_4334519418884514593_n.jpg","datePublished":"2024-07-03T17:57:07+00:00","dateModified":"2026-02-17T19:52:07+00:00","author":{"@id":"https:\/\/visionrockland.ca\/en\/#\/schema\/person\/25dbd073b952565ed09ca19dbbfccc27"},"description":"Apr\u00e8s avoir pass\u00e9 la derni\u00e8re ann\u00e9e comme entra\u00eeneur adjoint de l\u2019\u00e9quipe junior A des Rockland Nationals, Alexandre Ferraton se dirige vers la Ligue de hockey junior majeur du Qu\u00e9bec (LHJMQ) et se joint au personnel d\u2019entra\u00eeneurs des Huskies de Rouyn-Noranda.","breadcrumb":{"@id":"https:\/\/visionrockland.ca\/en\/sports-loisirs\/lancien-entraineur-adjoint-des-nats-se-joint-au-personnel-dentraineurs-des-huskies-de-la-lhjmq\/#breadcrumb"},"inLanguage":"en-US","potentialAction":[{"@type":"ReadAction","target":["https:\/\/visionrockland.ca\/en\/sports-loisirs\/lancien-entraineur-adjoint-des-nats-se-joint-au-personnel-dentraineurs-des-huskies-de-la-lhjmq\/"]}]},{"@type":"ImageObject","inLanguage":"en-US","@id":"https:\/\/visionrockland.ca\/en\/sports-loisirs\/lancien-entraineur-adjoint-des-nats-se-joint-au-personnel-dentraineurs-des-huskies-de-la-lhjmq\/#primaryimage","url":"https:\/\/cdn.editionap.ca\/wp-content\/uploads\/sites\/3\/2024\/07\/449171345_18315509164198470_4334519418884514593_n.jpg","contentUrl":"https:\/\/cdn.editionap.ca\/wp-content\/uploads\/sites\/3\/2024\/07\/449171345_18315509164198470_4334519418884514593_n.jpg","width":1081,"height":721,"caption":"Former Nats assistant coach Alexandre Ferraton, left, and Rockland Nationals current head coach Justin Pereira. Ferraton spent the last year as an assistant with the Nats, and has now accepted a position as an assistant coach with the Rouyn Noranda Huskies of the QMJHL."},{"@type":"BreadcrumbList","@id":"https:\/\/visionrockland.ca\/en\/sports-loisirs\/lancien-entraineur-adjoint-des-nats-se-joint-au-personnel-dentraineurs-des-huskies-de-la-lhjmq\/#breadcrumb","itemListElement":[{"@type":"ListItem","position":1,"name":"Accueil","item":"https:\/\/visionrockland.ca\/en\/"},{"@type":"ListItem","position":2,"name":"L\u2019ancien entra\u00eeneur adjoint des Nats se joint au personnel d\u2019entra\u00eeneurs des Huskies de la LHJMQ"}]},{"@type":"WebSite","@id":"https:\/\/visionrockland.ca\/en\/#website","url":"https:\/\/visionrockland.ca\/en\/","name":"Vision","description":"","potentialAction":[{"@type":"SearchAction","target":{"@type":"EntryPoint","urlTemplate":"https:\/\/visionrockland.ca\/en\/?s={search_term_string}"},"query-input":{"@type":"PropertyValueSpecification","valueRequired":true,"valueName":"search_term_string"}}],"inLanguage":"en-US"},{"@type":"Person","@id":"https:\/\/visionrockland.ca\/en\/#\/schema\/person\/25dbd073b952565ed09ca19dbbfccc27","name":"Joseph Coppolino","image":{"@type":"ImageObject","inLanguage":"en-US","@id":"https:\/\/secure.gravatar.com\/avatar\/68b588951b507643baa44096457818fb7c15c73a18975a47ba0caf868bab32aa?s=96&d=mm&r=g","url":"https:\/\/secure.gravatar.com\/avatar\/68b588951b507643baa44096457818fb7c15c73a18975a47ba0caf868bab32aa?s=96&d=mm&r=g","contentUrl":"https:\/\/secure.gravatar.com\/avatar\/68b588951b507643baa44096457818fb7c15c73a18975a47ba0caf868bab32aa?s=96&d=mm&r=g","caption":"Joseph Coppolino"}}]}},"_links":{"self":[{"href":"https:\/\/visionrockland.ca\/en\/wp-json\/wp\/v2\/posts\/102471","targetHints":{"allow":["GET"]}}],"collection":[{"href":"https:\/\/visionrockland.ca\/en\/wp-json\/wp\/v2\/posts"}],"about":[{"href":"https:\/\/visionrockland.ca\/en\/wp-json\/wp\/v2\/types\/post"}],"author":[{"embeddable":true,"href":"https:\/\/visionrockland.ca\/en\/wp-json\/wp\/v2\/users\/20"}],"replies":[{"embeddable":true,"href":"https:\/\/visionrockland.ca\/en\/wp-json\/wp\/v2\/comments?post=102471"}],"version-history":[{"count":1,"href":"https:\/\/visionrockland.ca\/en\/wp-json\/wp\/v2\/posts\/102471\/revisions"}],"predecessor-version":[{"id":132273,"href":"https:\/\/visionrockland.ca\/en\/wp-json\/wp\/v2\/posts\/102471\/revisions\/132273"}],"wp:featuredmedia":[{"embeddable":true,"href":"https:\/\/visionrockland.ca\/en\/wp-json\/wp\/v2\/media\/102472"}],"wp:attachment":[{"href":"https:\/\/visionrockland.ca\/en\/wp-json\/wp\/v2\/media?parent=102471"}],"wp:term":[{"taxonomy":"category","embeddable":true,"href":"https:\/\/visionrockland.ca\/en\/wp-json\/wp\/v2\/categories?post=102471"},{"taxonomy":"post_tag","embeddable":true,"href":"https:\/\/visionrockland.ca\/en\/wp-json\/wp\/v2\/tags?post=102471"}],"curies":[{"name":"wp","href":"https:\/\/api.w.org\/{rel}","templated":true}]}}