{"id":100461,"date":"2024-06-21T09:49:45","date_gmt":"2024-06-21T13:49:45","guid":{"rendered":"https:\/\/editionap.ca\/?p=100461"},"modified":"2026-02-17T20:52:08","modified_gmt":"2026-02-17T19:52:08","slug":"le-fondateur-du-musee-consacre-du-temps-et-des-efforts-a-la-preservation-de-lhistoire-de-c-r","status":"publish","type":"post","link":"https:\/\/visionrockland.ca\/en\/culture\/le-fondateur-du-musee-consacre-du-temps-et-des-efforts-a-la-preservation-de-lhistoire-de-c-r\/","title":{"rendered":"Le fondateur du mus\u00e9e consacre du temps et des efforts \u00e0 la pr\u00e9servation de l&#8217;histoire de C-R"},"content":{"rendered":"<p>Gilles Chartrand est un passionn\u00e9 d\u2019histoire.<\/p>\n<p>Non seulement l\u2019histoire, mais ce r\u00e9sident de Rockland \u00e2g\u00e9 de 80 ans aime aussi la g\u00e9ographie.<\/p>\n<p>Il a combin\u00e9 son amour pour l\u2019histoire et la g\u00e9ographie en faisant de son mieux pour pr\u00e9server l\u2019histoire de Clarence-Rockland en tant qu\u2019homme \u00e0 tout faire pour le Mus\u00e9e de Clarence-Rockland, qu\u2019il a \u00e9galement fond\u00e9.<\/p>\n<p>M. Chartrand a ouvert le mus\u00e9e en 2010 apr\u00e8s avoir pris sa retraite d\u2019une carri\u00e8re dans la vente d\u2019assurances.<\/p>\n<p>\u00ab\u00a0J\u2019adore faire cela, c\u2019est devenu un hobby, a d\u00e9clar\u00e9 M. Chartrand. Pour moi, il est important d\u2019avoir des souvenirs et des choses qui sont importantes pour les habitants de notre ville.\u00a0\u00bb<\/p>\n<p>Depuis 14 ans, M. Chartrand dirige le mus\u00e9e, qui est situ\u00e9 dans l\u2019ancienne \u00e9cole La Sainte-Famille, sur la rue Laurier.<\/p>\n<p>Les objets du mus\u00e9e sont un m\u00e9lange d\u2019objets choisis personnellement par M. Chartrand et d\u2019objets donn\u00e9s par des membres de la communaut\u00e9.Le mus\u00e9e pr\u00e9sente une collection de plus de 5 000 photos, documents, journaux, livres anciens, m\u00e9dailles de bravoure militaire, outils et ustensiles anciens, v\u00eatements, plaques, troph\u00e9es et autres artefacts.<\/p>\n<p>Le Mus\u00e9e de Clarence-Rockland comporte plusieurs sections, dont la salle Marc Dorian, qui contient tous les exploits des groupes sportifs locaux et les exploits sportifs individuels amateurs et professionnels des habitants de la r\u00e9gion.<\/p>\n<p>La salle de la famille Laporte abrite des maquettes de b\u00e2timents datant des d\u00e9buts de Rockland en 1868 et pr\u00e9sente des articles sur le patrimoine, la g\u00e9n\u00e9alogie et les n\u00e9crologies de toute la r\u00e9gion.<\/p>\n<p>La salle des archives contient plus de 700 classeurs avec quelque 450 000 documents complets d\u2019int\u00e9r\u00eat local, r\u00e9gional, provincial, national et m\u00eame international.<\/p>\n<p>La salle Gilles Chartrand du mus\u00e9e pr\u00e9sente des auteurs et \u00e9crivains franco-phones, ainsi qu\u2019une section sur les conflits mondiaux et une collection de m\u00e9dailles militaires de bravoure.<\/p>\n<p>Le deuxi\u00e8me \u00e9tage pr\u00e9sente une exposition sur les Inuits, avec plus de 300 objets, et le sous-sol du mus\u00e9e abrite la deuxi\u00e8me salle d\u2019archives, ainsi qu\u2019une toute nouvelle salle avec des collections de zoologie, d\u2019astronomie, de min\u00e9ralogie, de fossiles, de reptiles et de mammif\u00e8res.<\/p>\n<p>\u00ab J\u2019ai 80 ans, je ne ferai pas cela \u00e9ternellement, a ajout\u00e9 M. Chartrand. Il y aura un moment o\u00f9 je me retirerai et j\u2019esp\u00e8re qu\u2019une nouvelle g\u00e9n\u00e9ration viendra et poursuivra le travail que j\u2019ai fait. \u00bb<\/p>\n<p>La Cit\u00e9 de Clarence-Rockland a r\u00e9cemment demand\u00e9 aux r\u00e9sidents de la municipalit\u00e9 de donner leur avis, par le biais d\u2019un sondage, sur ce qu\u2019ils aimeraient voir dans le mus\u00e9e, alors que la Cit\u00e9 pr\u00e9pare un plan strat\u00e9gique pour le mus\u00e9e, qui soutient sa vision pour les cinq prochaines ann\u00e9es, de 2025 \u00e0 2030.<\/p>\n","protected":false},"excerpt":{"rendered":"<p>Gilles Chartrand est un passionn\u00e9 d\u2019histoire. Non seulement l\u2019histoire, mais ce r\u00e9sident de Rockland \u00e2g\u00e9 de 80 ans aime aussi la g\u00e9ographie. Il a combin\u00e9 son amour pour l\u2019histoire et la g\u00e9ographie en faisant de son mieux pour pr\u00e9server l\u2019histoire de Clarence-Rockland en tant qu\u2019homme \u00e0 tout faire pour le Mus\u00e9e de Clarence-Rockland, qu\u2019il a [&hellip;]<\/p>\n","protected":false},"author":20,"featured_media":100462,"comment_status":"closed","ping_status":"open","sticky":false,"template":"","format":"standard","meta":{"_acf_changed":false,"footnotes":""},"categories":[42],"tags":[],"class_list":["post-100461","post","type-post","status-publish","format-standard","has-post-thumbnail","hentry","category-culture"],"acf":[],"featured_media_global":[],"yoast_head":"<!-- This site is optimized with the Yoast SEO plugin v27.4 - https:\/\/yoast.com\/product\/yoast-seo-wordpress\/ -->\n<title>Le fondateur du mus\u00e9e consacre du temps et des efforts \u00e0 la pr\u00e9servation de l&#039;histoire de C-R - Vision<\/title>\n<meta name=\"description\" content=\"Gilles Chartrand est un passionn\u00e9 d\u2019histoire.\u00a0Il a combin\u00e9 son amour pour l\u2019histoire et la g\u00e9ographie en faisant de son mieux pour pr\u00e9server l\u2019histoire de Clarence-Rockland en tant qu\u2019homme \u00e0 tout faire pour le Mus\u00e9e de Clarence-Rockland, qu\u2019il a \u00e9galement fond\u00e9.\u00a0\" \/>\n<meta name=\"robots\" content=\"index, follow, max-snippet:-1, max-image-preview:large, max-video-preview:-1\" \/>\n<link rel=\"canonical\" href=\"https:\/\/visionrockland.ca\/en\/culture\/le-fondateur-du-musee-consacre-du-temps-et-des-efforts-a-la-preservation-de-lhistoire-de-c-r\/\" \/>\n<meta property=\"og:locale\" content=\"en_US\" \/>\n<meta property=\"og:type\" content=\"article\" \/>\n<meta property=\"og:title\" content=\"Le fondateur du mus\u00e9e consacre du temps et des efforts \u00e0 la pr\u00e9servation de l&#039;histoire de C-R - Vision\" \/>\n<meta property=\"og:description\" content=\"Gilles Chartrand est un passionn\u00e9 d\u2019histoire.\u00a0Il a combin\u00e9 son amour pour l\u2019histoire et la g\u00e9ographie en faisant de son mieux pour pr\u00e9server l\u2019histoire de Clarence-Rockland en tant qu\u2019homme \u00e0 tout faire pour le Mus\u00e9e de Clarence-Rockland, qu\u2019il a \u00e9galement fond\u00e9.\u00a0\" \/>\n<meta property=\"og:url\" content=\"https:\/\/visionrockland.ca\/en\/culture\/le-fondateur-du-musee-consacre-du-temps-et-des-efforts-a-la-preservation-de-lhistoire-de-c-r\/\" \/>\n<meta property=\"og:site_name\" content=\"Vision\" \/>\n<meta property=\"article:published_time\" content=\"2024-06-21T13:49:45+00:00\" \/>\n<meta property=\"article:modified_time\" content=\"2026-02-17T19:52:08+00:00\" \/>\n<meta property=\"og:image\" content=\"https:\/\/cdn.editionap.ca\/wp-content\/uploads\/sites\/3\/2024\/06\/tempImagebIF6XO-scaled-1.jpg\" \/>\n\t<meta property=\"og:image:width\" content=\"2560\" \/>\n\t<meta property=\"og:image:height\" content=\"1920\" \/>\n\t<meta property=\"og:image:type\" content=\"image\/jpeg\" \/>\n<meta name=\"author\" content=\"Joseph Coppolino\" \/>\n<meta name=\"twitter:card\" content=\"summary_large_image\" \/>\n<meta name=\"twitter:label1\" content=\"Written by\" \/>\n\t<meta name=\"twitter:data1\" content=\"Joseph Coppolino\" \/>\n\t<meta name=\"twitter:label2\" content=\"Est. reading time\" \/>\n\t<meta name=\"twitter:data2\" content=\"3 minutes\" \/>\n<script type=\"application\/ld+json\" class=\"yoast-schema-graph\">{\"@context\":\"https:\\\/\\\/schema.org\",\"@graph\":[{\"@type\":\"Article\",\"@id\":\"https:\\\/\\\/visionrockland.ca\\\/en\\\/culture\\\/le-fondateur-du-musee-consacre-du-temps-et-des-efforts-a-la-preservation-de-lhistoire-de-c-r\\\/#article\",\"isPartOf\":{\"@id\":\"https:\\\/\\\/visionrockland.ca\\\/en\\\/culture\\\/le-fondateur-du-musee-consacre-du-temps-et-des-efforts-a-la-preservation-de-lhistoire-de-c-r\\\/\"},\"author\":{\"name\":\"Joseph Coppolino\",\"@id\":\"https:\\\/\\\/visionrockland.ca\\\/en\\\/#\\\/schema\\\/person\\\/25dbd073b952565ed09ca19dbbfccc27\"},\"headline\":\"Le fondateur du mus\u00e9e consacre du temps et des efforts \u00e0 la pr\u00e9servation de l&#8217;histoire de C-R\",\"datePublished\":\"2024-06-21T13:49:45+00:00\",\"dateModified\":\"2026-02-17T19:52:08+00:00\",\"mainEntityOfPage\":{\"@id\":\"https:\\\/\\\/visionrockland.ca\\\/en\\\/culture\\\/le-fondateur-du-musee-consacre-du-temps-et-des-efforts-a-la-preservation-de-lhistoire-de-c-r\\\/\"},\"wordCount\":507,\"image\":{\"@id\":\"https:\\\/\\\/visionrockland.ca\\\/en\\\/culture\\\/le-fondateur-du-musee-consacre-du-temps-et-des-efforts-a-la-preservation-de-lhistoire-de-c-r\\\/#primaryimage\"},\"thumbnailUrl\":\"https:\\\/\\\/cdn.editionap.ca\\\/wp-content\\\/uploads\\\/sites\\\/3\\\/2024\\\/06\\\/tempImagebIF6XO-scaled-1.jpg\",\"articleSection\":[\"Culture\"],\"inLanguage\":\"en-US\"},{\"@type\":\"WebPage\",\"@id\":\"https:\\\/\\\/visionrockland.ca\\\/en\\\/culture\\\/le-fondateur-du-musee-consacre-du-temps-et-des-efforts-a-la-preservation-de-lhistoire-de-c-r\\\/\",\"url\":\"https:\\\/\\\/visionrockland.ca\\\/en\\\/culture\\\/le-fondateur-du-musee-consacre-du-temps-et-des-efforts-a-la-preservation-de-lhistoire-de-c-r\\\/\",\"name\":\"Le fondateur du mus\u00e9e consacre du temps et des efforts \u00e0 la pr\u00e9servation de l'histoire de C-R - Vision\",\"isPartOf\":{\"@id\":\"https:\\\/\\\/visionrockland.ca\\\/en\\\/#website\"},\"primaryImageOfPage\":{\"@id\":\"https:\\\/\\\/visionrockland.ca\\\/en\\\/culture\\\/le-fondateur-du-musee-consacre-du-temps-et-des-efforts-a-la-preservation-de-lhistoire-de-c-r\\\/#primaryimage\"},\"image\":{\"@id\":\"https:\\\/\\\/visionrockland.ca\\\/en\\\/culture\\\/le-fondateur-du-musee-consacre-du-temps-et-des-efforts-a-la-preservation-de-lhistoire-de-c-r\\\/#primaryimage\"},\"thumbnailUrl\":\"https:\\\/\\\/cdn.editionap.ca\\\/wp-content\\\/uploads\\\/sites\\\/3\\\/2024\\\/06\\\/tempImagebIF6XO-scaled-1.jpg\",\"datePublished\":\"2024-06-21T13:49:45+00:00\",\"dateModified\":\"2026-02-17T19:52:08+00:00\",\"author\":{\"@id\":\"https:\\\/\\\/visionrockland.ca\\\/en\\\/#\\\/schema\\\/person\\\/25dbd073b952565ed09ca19dbbfccc27\"},\"description\":\"Gilles Chartrand est un passionn\u00e9 d\u2019histoire.\u00a0Il a combin\u00e9 son amour pour l\u2019histoire et la g\u00e9ographie en faisant de son mieux pour pr\u00e9server l\u2019histoire de Clarence-Rockland en tant qu\u2019homme \u00e0 tout faire pour le Mus\u00e9e de Clarence-Rockland, qu\u2019il a \u00e9galement fond\u00e9.\u00a0\",\"breadcrumb\":{\"@id\":\"https:\\\/\\\/visionrockland.ca\\\/en\\\/culture\\\/le-fondateur-du-musee-consacre-du-temps-et-des-efforts-a-la-preservation-de-lhistoire-de-c-r\\\/#breadcrumb\"},\"inLanguage\":\"en-US\",\"potentialAction\":[{\"@type\":\"ReadAction\",\"target\":[\"https:\\\/\\\/visionrockland.ca\\\/en\\\/culture\\\/le-fondateur-du-musee-consacre-du-temps-et-des-efforts-a-la-preservation-de-lhistoire-de-c-r\\\/\"]}]},{\"@type\":\"ImageObject\",\"inLanguage\":\"en-US\",\"@id\":\"https:\\\/\\\/visionrockland.ca\\\/en\\\/culture\\\/le-fondateur-du-musee-consacre-du-temps-et-des-efforts-a-la-preservation-de-lhistoire-de-c-r\\\/#primaryimage\",\"url\":\"https:\\\/\\\/cdn.editionap.ca\\\/wp-content\\\/uploads\\\/sites\\\/3\\\/2024\\\/06\\\/tempImagebIF6XO-scaled-1.jpg\",\"contentUrl\":\"https:\\\/\\\/cdn.editionap.ca\\\/wp-content\\\/uploads\\\/sites\\\/3\\\/2024\\\/06\\\/tempImagebIF6XO-scaled-1.jpg\",\"width\":2560,\"height\":1920,\"caption\":\"Gilles Chartrand, le fondateur du Mus\u00e9e de Clarence-Rockland.\"},{\"@type\":\"BreadcrumbList\",\"@id\":\"https:\\\/\\\/visionrockland.ca\\\/en\\\/culture\\\/le-fondateur-du-musee-consacre-du-temps-et-des-efforts-a-la-preservation-de-lhistoire-de-c-r\\\/#breadcrumb\",\"itemListElement\":[{\"@type\":\"ListItem\",\"position\":1,\"name\":\"Accueil\",\"item\":\"https:\\\/\\\/visionrockland.ca\\\/en\\\/\"},{\"@type\":\"ListItem\",\"position\":2,\"name\":\"Le fondateur du mus\u00e9e consacre du temps et des efforts \u00e0 la pr\u00e9servation de l&rsquo;histoire de C-R\"}]},{\"@type\":\"WebSite\",\"@id\":\"https:\\\/\\\/visionrockland.ca\\\/en\\\/#website\",\"url\":\"https:\\\/\\\/visionrockland.ca\\\/en\\\/\",\"name\":\"Vision\",\"description\":\"\",\"potentialAction\":[{\"@type\":\"SearchAction\",\"target\":{\"@type\":\"EntryPoint\",\"urlTemplate\":\"https:\\\/\\\/visionrockland.ca\\\/en\\\/?s={search_term_string}\"},\"query-input\":{\"@type\":\"PropertyValueSpecification\",\"valueRequired\":true,\"valueName\":\"search_term_string\"}}],\"inLanguage\":\"en-US\"},{\"@type\":\"Person\",\"@id\":\"https:\\\/\\\/visionrockland.ca\\\/en\\\/#\\\/schema\\\/person\\\/25dbd073b952565ed09ca19dbbfccc27\",\"name\":\"Joseph Coppolino\",\"image\":{\"@type\":\"ImageObject\",\"inLanguage\":\"en-US\",\"@id\":\"https:\\\/\\\/secure.gravatar.com\\\/avatar\\\/68b588951b507643baa44096457818fb7c15c73a18975a47ba0caf868bab32aa?s=96&d=mm&r=g\",\"url\":\"https:\\\/\\\/secure.gravatar.com\\\/avatar\\\/68b588951b507643baa44096457818fb7c15c73a18975a47ba0caf868bab32aa?s=96&d=mm&r=g\",\"contentUrl\":\"https:\\\/\\\/secure.gravatar.com\\\/avatar\\\/68b588951b507643baa44096457818fb7c15c73a18975a47ba0caf868bab32aa?s=96&d=mm&r=g\",\"caption\":\"Joseph Coppolino\"}}]}<\/script>\n<!-- \/ Yoast SEO plugin. -->","yoast_head_json":{"title":"Le fondateur du mus\u00e9e consacre du temps et des efforts \u00e0 la pr\u00e9servation de l'histoire de C-R - Vision","description":"Gilles Chartrand est un passionn\u00e9 d\u2019histoire.\u00a0Il a combin\u00e9 son amour pour l\u2019histoire et la g\u00e9ographie en faisant de son mieux pour pr\u00e9server l\u2019histoire de Clarence-Rockland en tant qu\u2019homme \u00e0 tout faire pour le Mus\u00e9e de Clarence-Rockland, qu\u2019il a \u00e9galement fond\u00e9.\u00a0","robots":{"index":"index","follow":"follow","max-snippet":"max-snippet:-1","max-image-preview":"max-image-preview:large","max-video-preview":"max-video-preview:-1"},"canonical":"https:\/\/visionrockland.ca\/en\/culture\/le-fondateur-du-musee-consacre-du-temps-et-des-efforts-a-la-preservation-de-lhistoire-de-c-r\/","og_locale":"en_US","og_type":"article","og_title":"Le fondateur du mus\u00e9e consacre du temps et des efforts \u00e0 la pr\u00e9servation de l'histoire de C-R - Vision","og_description":"Gilles Chartrand est un passionn\u00e9 d\u2019histoire.\u00a0Il a combin\u00e9 son amour pour l\u2019histoire et la g\u00e9ographie en faisant de son mieux pour pr\u00e9server l\u2019histoire de Clarence-Rockland en tant qu\u2019homme \u00e0 tout faire pour le Mus\u00e9e de Clarence-Rockland, qu\u2019il a \u00e9galement fond\u00e9.\u00a0","og_url":"https:\/\/visionrockland.ca\/en\/culture\/le-fondateur-du-musee-consacre-du-temps-et-des-efforts-a-la-preservation-de-lhistoire-de-c-r\/","og_site_name":"Vision","article_published_time":"2024-06-21T13:49:45+00:00","article_modified_time":"2026-02-17T19:52:08+00:00","og_image":[{"width":2560,"height":1920,"url":"https:\/\/cdn.editionap.ca\/wp-content\/uploads\/sites\/3\/2024\/06\/tempImagebIF6XO-scaled-1.jpg","type":"image\/jpeg"}],"author":"Joseph Coppolino","twitter_card":"summary_large_image","twitter_misc":{"Written by":"Joseph Coppolino","Est. reading time":"3 minutes"},"schema":{"@context":"https:\/\/schema.org","@graph":[{"@type":"Article","@id":"https:\/\/visionrockland.ca\/en\/culture\/le-fondateur-du-musee-consacre-du-temps-et-des-efforts-a-la-preservation-de-lhistoire-de-c-r\/#article","isPartOf":{"@id":"https:\/\/visionrockland.ca\/en\/culture\/le-fondateur-du-musee-consacre-du-temps-et-des-efforts-a-la-preservation-de-lhistoire-de-c-r\/"},"author":{"name":"Joseph Coppolino","@id":"https:\/\/visionrockland.ca\/en\/#\/schema\/person\/25dbd073b952565ed09ca19dbbfccc27"},"headline":"Le fondateur du mus\u00e9e consacre du temps et des efforts \u00e0 la pr\u00e9servation de l&#8217;histoire de C-R","datePublished":"2024-06-21T13:49:45+00:00","dateModified":"2026-02-17T19:52:08+00:00","mainEntityOfPage":{"@id":"https:\/\/visionrockland.ca\/en\/culture\/le-fondateur-du-musee-consacre-du-temps-et-des-efforts-a-la-preservation-de-lhistoire-de-c-r\/"},"wordCount":507,"image":{"@id":"https:\/\/visionrockland.ca\/en\/culture\/le-fondateur-du-musee-consacre-du-temps-et-des-efforts-a-la-preservation-de-lhistoire-de-c-r\/#primaryimage"},"thumbnailUrl":"https:\/\/cdn.editionap.ca\/wp-content\/uploads\/sites\/3\/2024\/06\/tempImagebIF6XO-scaled-1.jpg","articleSection":["Culture"],"inLanguage":"en-US"},{"@type":"WebPage","@id":"https:\/\/visionrockland.ca\/en\/culture\/le-fondateur-du-musee-consacre-du-temps-et-des-efforts-a-la-preservation-de-lhistoire-de-c-r\/","url":"https:\/\/visionrockland.ca\/en\/culture\/le-fondateur-du-musee-consacre-du-temps-et-des-efforts-a-la-preservation-de-lhistoire-de-c-r\/","name":"Le fondateur du mus\u00e9e consacre du temps et des efforts \u00e0 la pr\u00e9servation de l'histoire de C-R - Vision","isPartOf":{"@id":"https:\/\/visionrockland.ca\/en\/#website"},"primaryImageOfPage":{"@id":"https:\/\/visionrockland.ca\/en\/culture\/le-fondateur-du-musee-consacre-du-temps-et-des-efforts-a-la-preservation-de-lhistoire-de-c-r\/#primaryimage"},"image":{"@id":"https:\/\/visionrockland.ca\/en\/culture\/le-fondateur-du-musee-consacre-du-temps-et-des-efforts-a-la-preservation-de-lhistoire-de-c-r\/#primaryimage"},"thumbnailUrl":"https:\/\/cdn.editionap.ca\/wp-content\/uploads\/sites\/3\/2024\/06\/tempImagebIF6XO-scaled-1.jpg","datePublished":"2024-06-21T13:49:45+00:00","dateModified":"2026-02-17T19:52:08+00:00","author":{"@id":"https:\/\/visionrockland.ca\/en\/#\/schema\/person\/25dbd073b952565ed09ca19dbbfccc27"},"description":"Gilles Chartrand est un passionn\u00e9 d\u2019histoire.\u00a0Il a combin\u00e9 son amour pour l\u2019histoire et la g\u00e9ographie en faisant de son mieux pour pr\u00e9server l\u2019histoire de Clarence-Rockland en tant qu\u2019homme \u00e0 tout faire pour le Mus\u00e9e de Clarence-Rockland, qu\u2019il a \u00e9galement fond\u00e9.\u00a0","breadcrumb":{"@id":"https:\/\/visionrockland.ca\/en\/culture\/le-fondateur-du-musee-consacre-du-temps-et-des-efforts-a-la-preservation-de-lhistoire-de-c-r\/#breadcrumb"},"inLanguage":"en-US","potentialAction":[{"@type":"ReadAction","target":["https:\/\/visionrockland.ca\/en\/culture\/le-fondateur-du-musee-consacre-du-temps-et-des-efforts-a-la-preservation-de-lhistoire-de-c-r\/"]}]},{"@type":"ImageObject","inLanguage":"en-US","@id":"https:\/\/visionrockland.ca\/en\/culture\/le-fondateur-du-musee-consacre-du-temps-et-des-efforts-a-la-preservation-de-lhistoire-de-c-r\/#primaryimage","url":"https:\/\/cdn.editionap.ca\/wp-content\/uploads\/sites\/3\/2024\/06\/tempImagebIF6XO-scaled-1.jpg","contentUrl":"https:\/\/cdn.editionap.ca\/wp-content\/uploads\/sites\/3\/2024\/06\/tempImagebIF6XO-scaled-1.jpg","width":2560,"height":1920,"caption":"Gilles Chartrand, le fondateur du Mus\u00e9e de Clarence-Rockland."},{"@type":"BreadcrumbList","@id":"https:\/\/visionrockland.ca\/en\/culture\/le-fondateur-du-musee-consacre-du-temps-et-des-efforts-a-la-preservation-de-lhistoire-de-c-r\/#breadcrumb","itemListElement":[{"@type":"ListItem","position":1,"name":"Accueil","item":"https:\/\/visionrockland.ca\/en\/"},{"@type":"ListItem","position":2,"name":"Le fondateur du mus\u00e9e consacre du temps et des efforts \u00e0 la pr\u00e9servation de l&rsquo;histoire de C-R"}]},{"@type":"WebSite","@id":"https:\/\/visionrockland.ca\/en\/#website","url":"https:\/\/visionrockland.ca\/en\/","name":"Vision","description":"","potentialAction":[{"@type":"SearchAction","target":{"@type":"EntryPoint","urlTemplate":"https:\/\/visionrockland.ca\/en\/?s={search_term_string}"},"query-input":{"@type":"PropertyValueSpecification","valueRequired":true,"valueName":"search_term_string"}}],"inLanguage":"en-US"},{"@type":"Person","@id":"https:\/\/visionrockland.ca\/en\/#\/schema\/person\/25dbd073b952565ed09ca19dbbfccc27","name":"Joseph Coppolino","image":{"@type":"ImageObject","inLanguage":"en-US","@id":"https:\/\/secure.gravatar.com\/avatar\/68b588951b507643baa44096457818fb7c15c73a18975a47ba0caf868bab32aa?s=96&d=mm&r=g","url":"https:\/\/secure.gravatar.com\/avatar\/68b588951b507643baa44096457818fb7c15c73a18975a47ba0caf868bab32aa?s=96&d=mm&r=g","contentUrl":"https:\/\/secure.gravatar.com\/avatar\/68b588951b507643baa44096457818fb7c15c73a18975a47ba0caf868bab32aa?s=96&d=mm&r=g","caption":"Joseph Coppolino"}}]}},"_links":{"self":[{"href":"https:\/\/visionrockland.ca\/en\/wp-json\/wp\/v2\/posts\/100461","targetHints":{"allow":["GET"]}}],"collection":[{"href":"https:\/\/visionrockland.ca\/en\/wp-json\/wp\/v2\/posts"}],"about":[{"href":"https:\/\/visionrockland.ca\/en\/wp-json\/wp\/v2\/types\/post"}],"author":[{"embeddable":true,"href":"https:\/\/visionrockland.ca\/en\/wp-json\/wp\/v2\/users\/20"}],"replies":[{"embeddable":true,"href":"https:\/\/visionrockland.ca\/en\/wp-json\/wp\/v2\/comments?post=100461"}],"version-history":[{"count":1,"href":"https:\/\/visionrockland.ca\/en\/wp-json\/wp\/v2\/posts\/100461\/revisions"}],"predecessor-version":[{"id":132357,"href":"https:\/\/visionrockland.ca\/en\/wp-json\/wp\/v2\/posts\/100461\/revisions\/132357"}],"wp:featuredmedia":[{"embeddable":true,"href":"https:\/\/visionrockland.ca\/en\/wp-json\/wp\/v2\/media\/100462"}],"wp:attachment":[{"href":"https:\/\/visionrockland.ca\/en\/wp-json\/wp\/v2\/media?parent=100461"}],"wp:term":[{"taxonomy":"category","embeddable":true,"href":"https:\/\/visionrockland.ca\/en\/wp-json\/wp\/v2\/categories?post=100461"},{"taxonomy":"post_tag","embeddable":true,"href":"https:\/\/visionrockland.ca\/en\/wp-json\/wp\/v2\/tags?post=100461"}],"curies":[{"name":"wp","href":"https:\/\/api.w.org\/{rel}","templated":true}]}}